{"id":23005,"date":"2025-12-08T14:15:00","date_gmt":"2025-12-08T13:15:00","guid":{"rendered":"https:\/\/www.ringier.com\/?p=23005"},"modified":"2025-12-08T14:10:03","modified_gmt":"2025-12-08T13:10:03","slug":"ringier-corporate-communications-gewinnt-european-excellence-award-2025-mit-speak-2025","status":"publish","type":"post","link":"https:\/\/www.ringier.com\/de\/ringier-corporate-communications-gewinnt-european-excellence-award-2025-mit-speak-2025\/","title":{"rendered":"Ringier Corporate Communications gewinnt European Excellence Award 2025 mit \u00abSPEAK 2025\u00bb"},"content":{"rendered":"\n<p>Das Corporate Storytelling Format \u00abSPEAK\u00bb wird von Johanna Walser, Ringier\u2019s Chief Communications Officer, in enger Zusammenarbeit mit Marc Walder (CEO), Georg Sturm (Sturmzentrale Advertising), Hannes Sigrist-Thompson (FS Parker) sowie Thomas Goebbels (Film Advertising Brands, FAB) seit 2020 verantwortet und kontinuierlich weiterentwickelt.<\/p>\n\n\n\n<p><br>Die European Excellence Awards z\u00e4hlen zu den renommiertesten Kommunikationsauszeichnungen Europas. Sie w\u00fcrdigen herausragende strategische, kreative und wirkungsvolle Kommunikationsarbeit \u00fcber Unternehmen, Branchen und M\u00e4rkte hinweg. J\u00e4hrlich werden mehrere hundert Projekte aus ganz Europa von einer unabh\u00e4ngigen, internationalen Jury bewertet. Die ausgezeichneten Arbeiten umfassen unter anderem Corporate und Executive Communications, Brand Storytelling, digitale Innovation, interne Kommunikation und Nachhaltigkeit. Die Awards gelten europaweit als Referenzmassstab f\u00fcr professionelle Kommunikationsqualit\u00e4t.<\/p>\n\n\n\n<p><br>Marc Walder, Ringier CEO: \u00abDas exzellente Team unter der Leitung von Johanna Walser, begleitet von Hannes Sigrist-Thompson und Georg Sturm konzipiert und produziert seit mehreren Jahren das Format SPEAK der Ringier Gruppe. SPEAK ist dank dieser herausragenden Arbeit zur wichtigsten Informations-, Orientierungs- und Inspirations-Veranstaltung des Unternehmens Ringier geworden.\u00bb<\/p>\n\n\n\n<p><br>Die Kategorie \u00abExecutive Communications &amp; Positioning\u00bb zeichnet Kommunikationskonzepte aus, die die Rolle und Glaubw\u00fcrdigkeit von Unternehmensleitungen nachhaltig st\u00e4rken \u2013 intern wie extern. Aus hunderten Einreichungen entschied sich die Jury f\u00fcr Ringiers \u00abSPEAK 2025\u00bb aufgrund der klaren narrativen Linie, der strategischen Stringenz und der konkreten Wirkung bei der Einordnung zentraler Zukunftsfragen und der strategischen Ausrichtung der Ringier-Gruppe.<\/p>\n\n\n\n<p><br>Mit dem Format \u00abSPEAK\u00bb hat Ringier sein j\u00e4hrliches Reporting grundlegend neu gedacht: weg von einem klassischen Top-Down-Update, hin zu einem hybriden Storytelling-Format. In der Ausgabe 2025 pr\u00e4sentierte Group CFO Dr. Annabella Bassler die Finanzkennzahlen 2024, w\u00e4hrend CEO Marc Walder Transformation als festen Bestandteil der DNA von Ringier verortete \u2013 mit einem klaren Fokus auf K\u00fcnstliche Intelligenz und AI Agents.<\/p>\n\n\n\n<p><br>\u00dcber die Inhalte hinaus lag die besondere St\u00e4rke des Projekts in seiner kommunikativen und visuellen Architektur. Daten und Einordnung, Strategie und F\u00fchrungsperspektive sowie Information und Dialog wurden bewusst miteinander verkn\u00fcpft und visuell \u00fcbersetzt. Mehr als 6\u2019000 Mitarbeitende waren live im Kino Corso in Z\u00fcrich sowie weltweit via Livestream eingebunden. \u00abSPEAK\u00bb wurde so zu einem gemeinsamen Erlebnis statt zu einer einseitigen Informationsveranstaltung \u2013 und positionierte Corporate Communications als strategische Br\u00fccke zwischen Unternehmensf\u00fchrung und Organisation.<br><\/p>\n\n\n\n<p>Der Gewinn des European Excellence Awards 2025 in der neu geschaffenen Kategorie \u00abExecutive Communications &amp; Positioning\u00bb unterstreicht Corporate Communications bei Ringier als strategische F\u00fchrungsfunktion und als wichtigen Beitrag zur nachhaltigen Wertsch\u00f6pfung des Unternehmens.<\/p>\n","protected":false},"excerpt":{"rendered":"<p>Ringier Corporate Communications ist mit dem Projekt \u00abSPEAK 2025 \u2013 Corporate Storytelling around the Future of Strategy, AI &#038; AI Agents at Ringier\u00bb beim European Excellence Award 2025 in der Kategorie \u00abExecutive Communications &#038; Positioning\u00bb ausgezeichnet worden. Die Preisverleihung fand am 5. Dezember im Rahmen der 19. European Excellence Award Show in der Bar jeder Vernunft in Berlin statt.<\/p>\n","protected":false},"author":24,"featured_media":23012,"comment_status":"closed","ping_status":"open","sticky":false,"template":"","format":"standard","meta":{"inline_featured_image":false,"footnotes":""},"categories":[44],"tags":[],"class_list":["post-23005","post","type-post","status-publish","format-standard","has-post-thumbnail","hentry","category-corporate-de"],"yoast_head":"<!-- This site is optimized with the Yoast SEO Premium plugin v27.0 (Yoast SEO v27.0) - https:\/\/yoast.com\/product\/yoast-seo-premium-wordpress\/ -->\n<title>Ringier Corporate Communications gewinnt European Excellence Award 2025 mit \u00abSPEAK 2025\u00bb - Ringier<\/title>\n<meta name=\"description\" content=\"Ringier Corporate Communications ist mit dem Projekt \u00abSPEAK 2025 \u2013 Corporate Storytelling around the Future of Strategy, AI &amp; AI Agents at Ringier\u00bb beim European Excellence Award 2025 in der Kategorie \u00abExecutive Communications &amp; Positioning\u00bb ausgezeichnet worden. Die Preisverleihung fand am 5. Dezember im Rahmen der 19. European Excellence Award Show in der Bar jeder Vernunft in Berlin statt.\" \/>\n<meta name=\"robots\" content=\"index, follow, max-snippet:-1, max-image-preview:large, max-video-preview:-1\" \/>\n<link rel=\"canonical\" href=\"https:\/\/www.ringier.com\/de\/ringier-corporate-communications-gewinnt-european-excellence-award-2025-mit-speak-2025\/\" \/>\n<meta property=\"og:locale\" content=\"de_DE\" \/>\n<meta property=\"og:type\" content=\"article\" \/>\n<meta property=\"og:title\" content=\"Ringier Corporate Communications gewinnt European Excellence Award 2025 mit \u00abSPEAK 2025\u00bb\" \/>\n<meta property=\"og:description\" content=\"Ringier Corporate Communications ist mit dem Projekt \u00abSPEAK 2025 \u2013 Corporate Storytelling around the Future of Strategy, AI &amp; AI Agents at Ringier\u00bb beim European Excellence Award 2025 in der Kategorie \u00abExecutive Communications &amp; Positioning\u00bb ausgezeichnet worden. Die Preisverleihung fand am 5. Dezember im Rahmen der 19. European Excellence Award Show in der Bar jeder Vernunft in Berlin statt.\" \/>\n<meta property=\"og:url\" content=\"https:\/\/www.ringier.com\/de\/ringier-corporate-communications-gewinnt-european-excellence-award-2025-mit-speak-2025\/\" \/>\n<meta property=\"og:site_name\" content=\"Ringier\" \/>\n<meta property=\"article:publisher\" content=\"https:\/\/www.facebook.com\/ringierag\/\" \/>\n<meta property=\"article:published_time\" content=\"2025-12-08T13:15:00+00:00\" \/>\n<meta property=\"og:image\" content=\"https:\/\/www.ringier.com\/wp-content\/uploads\/2025\/12\/speakvisual.jpg\" \/>\n\t<meta property=\"og:image:width\" content=\"1200\" \/>\n\t<meta property=\"og:image:height\" content=\"630\" \/>\n\t<meta property=\"og:image:type\" content=\"image\/jpeg\" \/>\n<meta name=\"author\" content=\"Aline Theiler\" \/>\n<meta name=\"twitter:card\" content=\"summary_large_image\" \/>\n<meta name=\"twitter:creator\" content=\"@ringier_ag\" \/>\n<meta name=\"twitter:site\" content=\"@ringier_ag\" \/>\n<meta name=\"twitter:label1\" content=\"Verfasst von\" \/>\n\t<meta name=\"twitter:data1\" content=\"Aline Theiler\" \/>\n\t<meta name=\"twitter:label2\" content=\"Gesch\u00e4tzte Lesezeit\" \/>\n\t<meta name=\"twitter:data2\" content=\"3 Minuten\" \/>\n<script type=\"application\/ld+json\" class=\"yoast-schema-graph\">{\"@context\":\"https:\/\/schema.org\",\"@graph\":[{\"@type\":\"Article\",\"@id\":\"https:\/\/www.ringier.com\/de\/ringier-corporate-communications-gewinnt-european-excellence-award-2025-mit-speak-2025\/#article\",\"isPartOf\":{\"@id\":\"https:\/\/www.ringier.com\/de\/ringier-corporate-communications-gewinnt-european-excellence-award-2025-mit-speak-2025\/\"},\"author\":{\"name\":\"Aline Theiler\",\"@id\":\"https:\/\/www.ringier.com\/de\/#\/schema\/person\/24489a2b955651619fd85a09d4bca633\"},\"headline\":\"Ringier Corporate Communications gewinnt European Excellence Award 2025 mit \u00abSPEAK 2025\u00bb\",\"datePublished\":\"2025-12-08T13:15:00+00:00\",\"mainEntityOfPage\":{\"@id\":\"https:\/\/www.ringier.com\/de\/ringier-corporate-communications-gewinnt-european-excellence-award-2025-mit-speak-2025\/\"},\"wordCount\":398,\"publisher\":{\"@id\":\"https:\/\/www.ringier.com\/de\/#organization\"},\"image\":{\"@id\":\"https:\/\/www.ringier.com\/de\/ringier-corporate-communications-gewinnt-european-excellence-award-2025-mit-speak-2025\/#primaryimage\"},\"thumbnailUrl\":\"https:\/\/www.ringier.com\/wp-content\/uploads\/2025\/12\/speakvisual.jpg\",\"articleSection\":[\"Corporate\"],\"inLanguage\":\"de-DE\"},{\"@type\":\"WebPage\",\"@id\":\"https:\/\/www.ringier.com\/de\/ringier-corporate-communications-gewinnt-european-excellence-award-2025-mit-speak-2025\/\",\"url\":\"https:\/\/www.ringier.com\/de\/ringier-corporate-communications-gewinnt-european-excellence-award-2025-mit-speak-2025\/\",\"name\":\"Ringier Corporate Communications gewinnt European Excellence Award 2025 mit \u00abSPEAK 2025\u00bb - Ringier\",\"isPartOf\":{\"@id\":\"https:\/\/www.ringier.com\/de\/#website\"},\"primaryImageOfPage\":{\"@id\":\"https:\/\/www.ringier.com\/de\/ringier-corporate-communications-gewinnt-european-excellence-award-2025-mit-speak-2025\/#primaryimage\"},\"image\":{\"@id\":\"https:\/\/www.ringier.com\/de\/ringier-corporate-communications-gewinnt-european-excellence-award-2025-mit-speak-2025\/#primaryimage\"},\"thumbnailUrl\":\"https:\/\/www.ringier.com\/wp-content\/uploads\/2025\/12\/speakvisual.jpg\",\"datePublished\":\"2025-12-08T13:15:00+00:00\",\"description\":\"Ringier Corporate Communications ist mit dem Projekt \u00abSPEAK 2025 \u2013 Corporate Storytelling around the Future of Strategy, AI & AI Agents at Ringier\u00bb beim European Excellence Award 2025 in der Kategorie \u00abExecutive Communications & Positioning\u00bb ausgezeichnet worden. Die Preisverleihung fand am 5. Dezember im Rahmen der 19. European Excellence Award Show in der Bar jeder Vernunft in Berlin statt.\",\"breadcrumb\":{\"@id\":\"https:\/\/www.ringier.com\/de\/ringier-corporate-communications-gewinnt-european-excellence-award-2025-mit-speak-2025\/#breadcrumb\"},\"inLanguage\":\"de-DE\",\"potentialAction\":[{\"@type\":\"ReadAction\",\"target\":[\"https:\/\/www.ringier.com\/de\/ringier-corporate-communications-gewinnt-european-excellence-award-2025-mit-speak-2025\/\"]}]},{\"@type\":\"ImageObject\",\"inLanguage\":\"de-DE\",\"@id\":\"https:\/\/www.ringier.com\/de\/ringier-corporate-communications-gewinnt-european-excellence-award-2025-mit-speak-2025\/#primaryimage\",\"url\":\"https:\/\/www.ringier.com\/wp-content\/uploads\/2025\/12\/speakvisual.jpg\",\"contentUrl\":\"https:\/\/www.ringier.com\/wp-content\/uploads\/2025\/12\/speakvisual.jpg\",\"width\":1200,\"height\":630},{\"@type\":\"BreadcrumbList\",\"@id\":\"https:\/\/www.ringier.com\/de\/ringier-corporate-communications-gewinnt-european-excellence-award-2025-mit-speak-2025\/#breadcrumb\",\"itemListElement\":[{\"@type\":\"ListItem\",\"position\":1,\"name\":\"Home\",\"item\":\"https:\/\/www.ringier.com\/de\/\"},{\"@type\":\"ListItem\",\"position\":2,\"name\":\"Ringier Corporate Communications gewinnt European Excellence Award 2025 mit \u00abSPEAK 2025\u00bb\"}]},{\"@type\":\"WebSite\",\"@id\":\"https:\/\/www.ringier.com\/de\/#website\",\"url\":\"https:\/\/www.ringier.com\/de\/\",\"name\":\"Ringier\",\"description\":\"We inform. We entertain. We connect\",\"publisher\":{\"@id\":\"https:\/\/www.ringier.com\/de\/#organization\"},\"potentialAction\":[{\"@type\":\"SearchAction\",\"target\":{\"@type\":\"EntryPoint\",\"urlTemplate\":\"https:\/\/www.ringier.com\/de\/?s={search_term_string}\"},\"query-input\":{\"@type\":\"PropertyValueSpecification\",\"valueRequired\":true,\"valueName\":\"search_term_string\"}}],\"inLanguage\":\"de-DE\"},{\"@type\":\"Organization\",\"@id\":\"https:\/\/www.ringier.com\/de\/#organization\",\"name\":\"Ringier\",\"url\":\"https:\/\/www.ringier.com\/de\/\",\"logo\":{\"@type\":\"ImageObject\",\"inLanguage\":\"de-DE\",\"@id\":\"https:\/\/www.ringier.com\/de\/#\/schema\/logo\/image\/\",\"url\":\"https:\/\/www.ringier.com\/wp-content\/uploads\/2021\/10\/ringier_logo_2.jpg\",\"contentUrl\":\"https:\/\/www.ringier.com\/wp-content\/uploads\/2021\/10\/ringier_logo_2.jpg\",\"width\":750,\"height\":550,\"caption\":\"Ringier\"},\"image\":{\"@id\":\"https:\/\/www.ringier.com\/de\/#\/schema\/logo\/image\/\"},\"sameAs\":[\"https:\/\/www.facebook.com\/ringierag\/\",\"https:\/\/x.com\/ringier_ag\",\"https:\/\/www.instagram.com\/ringier_ag\/\",\"https:\/\/www.linkedin.com\/company\/ringier\/\",\"https:\/\/www.youtube.com\/user\/RingierComm\",\"https:\/\/en.wikipedia.org\/wiki\/Ringier\",\"https:\/\/de.wikipedia.org\/wiki\/Ringier\",\"https:\/\/fr.wikipedia.org\/wiki\/Ringier\",\"https:\/\/www.crunchbase.com\/organization\/ringier-ag\"]},{\"@type\":\"Person\",\"@id\":\"https:\/\/www.ringier.com\/de\/#\/schema\/person\/24489a2b955651619fd85a09d4bca633\",\"name\":\"Aline Theiler\",\"image\":{\"@type\":\"ImageObject\",\"inLanguage\":\"de-DE\",\"@id\":\"https:\/\/www.ringier.com\/de\/#\/schema\/person\/image\/\",\"url\":\"https:\/\/secure.gravatar.com\/avatar\/06f2922e079eed329a3d3c4244abea65911b408386451383c0de6e994a62ef8c?s=96&d=mm&r=g\",\"contentUrl\":\"https:\/\/secure.gravatar.com\/avatar\/06f2922e079eed329a3d3c4244abea65911b408386451383c0de6e994a62ef8c?s=96&d=mm&r=g\",\"caption\":\"Aline Theiler\"},\"sameAs\":[\"https:\/\/www.ringier.com\/\"]}]}<\/script>\n<!-- \/ Yoast SEO Premium plugin. -->","yoast_head_json":{"title":"Ringier Corporate Communications gewinnt European Excellence Award 2025 mit \u00abSPEAK 2025\u00bb - Ringier","description":"Ringier Corporate Communications ist mit dem Projekt \u00abSPEAK 2025 \u2013 Corporate Storytelling around the Future of Strategy, AI & AI Agents at Ringier\u00bb beim European Excellence Award 2025 in der Kategorie \u00abExecutive Communications & Positioning\u00bb ausgezeichnet worden. Die Preisverleihung fand am 5. Dezember im Rahmen der 19. European Excellence Award Show in der Bar jeder Vernunft in Berlin statt.","robots":{"index":"index","follow":"follow","max-snippet":"max-snippet:-1","max-image-preview":"max-image-preview:large","max-video-preview":"max-video-preview:-1"},"canonical":"https:\/\/www.ringier.com\/de\/ringier-corporate-communications-gewinnt-european-excellence-award-2025-mit-speak-2025\/","og_locale":"de_DE","og_type":"article","og_title":"Ringier Corporate Communications gewinnt European Excellence Award 2025 mit \u00abSPEAK 2025\u00bb","og_description":"Ringier Corporate Communications ist mit dem Projekt \u00abSPEAK 2025 \u2013 Corporate Storytelling around the Future of Strategy, AI & AI Agents at Ringier\u00bb beim European Excellence Award 2025 in der Kategorie \u00abExecutive Communications & Positioning\u00bb ausgezeichnet worden. Die Preisverleihung fand am 5. Dezember im Rahmen der 19. European Excellence Award Show in der Bar jeder Vernunft in Berlin statt.","og_url":"https:\/\/www.ringier.com\/de\/ringier-corporate-communications-gewinnt-european-excellence-award-2025-mit-speak-2025\/","og_site_name":"Ringier","article_publisher":"https:\/\/www.facebook.com\/ringierag\/","article_published_time":"2025-12-08T13:15:00+00:00","og_image":[{"width":1200,"height":630,"url":"https:\/\/www.ringier.com\/wp-content\/uploads\/2025\/12\/speakvisual.jpg","type":"image\/jpeg"}],"author":"Aline Theiler","twitter_card":"summary_large_image","twitter_creator":"@ringier_ag","twitter_site":"@ringier_ag","twitter_misc":{"Verfasst von":"Aline Theiler","Gesch\u00e4tzte Lesezeit":"3 Minuten"},"schema":{"@context":"https:\/\/schema.org","@graph":[{"@type":"Article","@id":"https:\/\/www.ringier.com\/de\/ringier-corporate-communications-gewinnt-european-excellence-award-2025-mit-speak-2025\/#article","isPartOf":{"@id":"https:\/\/www.ringier.com\/de\/ringier-corporate-communications-gewinnt-european-excellence-award-2025-mit-speak-2025\/"},"author":{"name":"Aline Theiler","@id":"https:\/\/www.ringier.com\/de\/#\/schema\/person\/24489a2b955651619fd85a09d4bca633"},"headline":"Ringier Corporate Communications gewinnt European Excellence Award 2025 mit \u00abSPEAK 2025\u00bb","datePublished":"2025-12-08T13:15:00+00:00","mainEntityOfPage":{"@id":"https:\/\/www.ringier.com\/de\/ringier-corporate-communications-gewinnt-european-excellence-award-2025-mit-speak-2025\/"},"wordCount":398,"publisher":{"@id":"https:\/\/www.ringier.com\/de\/#organization"},"image":{"@id":"https:\/\/www.ringier.com\/de\/ringier-corporate-communications-gewinnt-european-excellence-award-2025-mit-speak-2025\/#primaryimage"},"thumbnailUrl":"https:\/\/www.ringier.com\/wp-content\/uploads\/2025\/12\/speakvisual.jpg","articleSection":["Corporate"],"inLanguage":"de-DE"},{"@type":"WebPage","@id":"https:\/\/www.ringier.com\/de\/ringier-corporate-communications-gewinnt-european-excellence-award-2025-mit-speak-2025\/","url":"https:\/\/www.ringier.com\/de\/ringier-corporate-communications-gewinnt-european-excellence-award-2025-mit-speak-2025\/","name":"Ringier Corporate Communications gewinnt European Excellence Award 2025 mit \u00abSPEAK 2025\u00bb - Ringier","isPartOf":{"@id":"https:\/\/www.ringier.com\/de\/#website"},"primaryImageOfPage":{"@id":"https:\/\/www.ringier.com\/de\/ringier-corporate-communications-gewinnt-european-excellence-award-2025-mit-speak-2025\/#primaryimage"},"image":{"@id":"https:\/\/www.ringier.com\/de\/ringier-corporate-communications-gewinnt-european-excellence-award-2025-mit-speak-2025\/#primaryimage"},"thumbnailUrl":"https:\/\/www.ringier.com\/wp-content\/uploads\/2025\/12\/speakvisual.jpg","datePublished":"2025-12-08T13:15:00+00:00","description":"Ringier Corporate Communications ist mit dem Projekt \u00abSPEAK 2025 \u2013 Corporate Storytelling around the Future of Strategy, AI & AI Agents at Ringier\u00bb beim European Excellence Award 2025 in der Kategorie \u00abExecutive Communications & Positioning\u00bb ausgezeichnet worden. Die Preisverleihung fand am 5. Dezember im Rahmen der 19. European Excellence Award Show in der Bar jeder Vernunft in Berlin statt.","breadcrumb":{"@id":"https:\/\/www.ringier.com\/de\/ringier-corporate-communications-gewinnt-european-excellence-award-2025-mit-speak-2025\/#breadcrumb"},"inLanguage":"de-DE","potentialAction":[{"@type":"ReadAction","target":["https:\/\/www.ringier.com\/de\/ringier-corporate-communications-gewinnt-european-excellence-award-2025-mit-speak-2025\/"]}]},{"@type":"ImageObject","inLanguage":"de-DE","@id":"https:\/\/www.ringier.com\/de\/ringier-corporate-communications-gewinnt-european-excellence-award-2025-mit-speak-2025\/#primaryimage","url":"https:\/\/www.ringier.com\/wp-content\/uploads\/2025\/12\/speakvisual.jpg","contentUrl":"https:\/\/www.ringier.com\/wp-content\/uploads\/2025\/12\/speakvisual.jpg","width":1200,"height":630},{"@type":"BreadcrumbList","@id":"https:\/\/www.ringier.com\/de\/ringier-corporate-communications-gewinnt-european-excellence-award-2025-mit-speak-2025\/#breadcrumb","itemListElement":[{"@type":"ListItem","position":1,"name":"Home","item":"https:\/\/www.ringier.com\/de\/"},{"@type":"ListItem","position":2,"name":"Ringier Corporate Communications gewinnt European Excellence Award 2025 mit \u00abSPEAK 2025\u00bb"}]},{"@type":"WebSite","@id":"https:\/\/www.ringier.com\/de\/#website","url":"https:\/\/www.ringier.com\/de\/","name":"Ringier","description":"We inform. We entertain. We connect","publisher":{"@id":"https:\/\/www.ringier.com\/de\/#organization"},"potentialAction":[{"@type":"SearchAction","target":{"@type":"EntryPoint","urlTemplate":"https:\/\/www.ringier.com\/de\/?s={search_term_string}"},"query-input":{"@type":"PropertyValueSpecification","valueRequired":true,"valueName":"search_term_string"}}],"inLanguage":"de-DE"},{"@type":"Organization","@id":"https:\/\/www.ringier.com\/de\/#organization","name":"Ringier","url":"https:\/\/www.ringier.com\/de\/","logo":{"@type":"ImageObject","inLanguage":"de-DE","@id":"https:\/\/www.ringier.com\/de\/#\/schema\/logo\/image\/","url":"https:\/\/www.ringier.com\/wp-content\/uploads\/2021\/10\/ringier_logo_2.jpg","contentUrl":"https:\/\/www.ringier.com\/wp-content\/uploads\/2021\/10\/ringier_logo_2.jpg","width":750,"height":550,"caption":"Ringier"},"image":{"@id":"https:\/\/www.ringier.com\/de\/#\/schema\/logo\/image\/"},"sameAs":["https:\/\/www.facebook.com\/ringierag\/","https:\/\/x.com\/ringier_ag","https:\/\/www.instagram.com\/ringier_ag\/","https:\/\/www.linkedin.com\/company\/ringier\/","https:\/\/www.youtube.com\/user\/RingierComm","https:\/\/en.wikipedia.org\/wiki\/Ringier","https:\/\/de.wikipedia.org\/wiki\/Ringier","https:\/\/fr.wikipedia.org\/wiki\/Ringier","https:\/\/www.crunchbase.com\/organization\/ringier-ag"]},{"@type":"Person","@id":"https:\/\/www.ringier.com\/de\/#\/schema\/person\/24489a2b955651619fd85a09d4bca633","name":"Aline Theiler","image":{"@type":"ImageObject","inLanguage":"de-DE","@id":"https:\/\/www.ringier.com\/de\/#\/schema\/person\/image\/","url":"https:\/\/secure.gravatar.com\/avatar\/06f2922e079eed329a3d3c4244abea65911b408386451383c0de6e994a62ef8c?s=96&d=mm&r=g","contentUrl":"https:\/\/secure.gravatar.com\/avatar\/06f2922e079eed329a3d3c4244abea65911b408386451383c0de6e994a62ef8c?s=96&d=mm&r=g","caption":"Aline Theiler"},"sameAs":["https:\/\/www.ringier.com\/"]}]}},"_links":{"self":[{"href":"https:\/\/www.ringier.com\/de\/wp-json\/wp\/v2\/posts\/23005","targetHints":{"allow":["GET"]}}],"collection":[{"href":"https:\/\/www.ringier.com\/de\/wp-json\/wp\/v2\/posts"}],"about":[{"href":"https:\/\/www.ringier.com\/de\/wp-json\/wp\/v2\/types\/post"}],"author":[{"embeddable":true,"href":"https:\/\/www.ringier.com\/de\/wp-json\/wp\/v2\/users\/24"}],"replies":[{"embeddable":true,"href":"https:\/\/www.ringier.com\/de\/wp-json\/wp\/v2\/comments?post=23005"}],"version-history":[{"count":0,"href":"https:\/\/www.ringier.com\/de\/wp-json\/wp\/v2\/posts\/23005\/revisions"}],"wp:featuredmedia":[{"embeddable":true,"href":"https:\/\/www.ringier.com\/de\/wp-json\/wp\/v2\/media\/23012"}],"wp:attachment":[{"href":"https:\/\/www.ringier.com\/de\/wp-json\/wp\/v2\/media?parent=23005"}],"wp:term":[{"taxonomy":"category","embeddable":true,"href":"https:\/\/www.ringier.com\/de\/wp-json\/wp\/v2\/categories?post=23005"},{"taxonomy":"post_tag","embeddable":true,"href":"https:\/\/www.ringier.com\/de\/wp-json\/wp\/v2\/tags?post=23005"}],"curies":[{"name":"wp","href":"https:\/\/api.w.org\/{rel}","templated":true}]}}