{"id":22996,"date":"2025-12-09T11:45:28","date_gmt":"2025-12-09T10:45:28","guid":{"rendered":"https:\/\/www.ringier.com\/?p=22996"},"modified":"2025-12-15T08:30:18","modified_gmt":"2025-12-15T07:30:18","slug":"biografie-ueber-ringier-publizist-frank-a-meyer-auf-ein-wort-in-zuerich-vorgestellt","status":"publish","type":"post","link":"https:\/\/www.ringier.com\/de\/biografie-ueber-ringier-publizist-frank-a-meyer-auf-ein-wort-in-zuerich-vorgestellt\/","title":{"rendered":"Biografie \u00fcber Ringier-Publizist Frank A. Meyer \u00abAuf ein Wort\u00bb in Z\u00fcrich vorgestellt"},"content":{"rendered":"\n<p>\u00abAuf ein Wort \u2013 Begegnungen mit Macht und Menschen\u00bb ist die erste umfassende Ann\u00e4herung an einen der einflussreichsten politischen Publizisten der Schweiz, dessen Stimme weit \u00fcber die Landesgrenzen hinaus wirkt. Journalist Ren\u00e9 L\u00fcchinger zeichnet Frank A. Meyers Weg von seinen Wurzeln in einer Bieler Uhrmacherfamilie bis zu seinem Wirken in Bern und Berlin als europ\u00e4isch engagierter Citoyen nach. Seit \u00fcber f\u00fcnf Jahrzehnten begegnet Meyer Politikerinnen und Politikern, Denkern, Unternehmerinnen und Unternehmern, Kulturschaffenden und pr\u00e4genden Pers\u00f6nlichkeiten.<\/p>\n\n\n\n<p>Das Buch erz\u00e4hlt das Leben eines Mannes, der Politik nicht nur beobachtet, sondern analysiert und gelegentlich mitgestaltet. In den 1990er-Jahren sprachen einige von Meyer als dem \u00abachten Bundesrat\u00bb. L\u00fcchinger zeigt Meyer nicht als klassischen Biografiehelden, sondern als jemanden, der sich immer wieder gegen die Bequemlichkeiten des Betriebs stellt. Die Erz\u00e4hlung f\u00fchrt von der Bieler Arbeiterwohnung \u00fcber die Wandelhalle des Bundeshauses bis in die politischen und intellektuellen Salons Berlins.<\/p>\n\n\n\n<p>Im Zentrum steht ein Motiv, das den Text durchzieht: Meyers Herkunft als Sohn eines Uhrmachers, dessen politischer Kompass am \u00c9tabli geformt wurde. Die Geschichten seines Vaters \u00fcber Freiheit, Verantwortung und Solidarit\u00e4t pr\u00e4gen seine Haltung bis heute.<\/p>\n\n\n\n<p>L\u00fcchinger beschreibt Meyer als publizistischen \u00abSolit\u00e4r unter den Wort-Arbeitern\u00bb \u2013 als Journalist, der fr\u00fch verstand, dass Gewicht nur gewinnt, wer eine eigenst\u00e4ndige Stimme entwickelt. \u00abIn der Masse ist noch keiner zur Marke geworden\u00bb, heisst es im Buch. Meyers Profil entstand nicht aus N\u00e4he zur Macht, sondern aus seinem Beharren auf republikanischen Grundwerten und seiner publizistischen Unabh\u00e4ngigkeit.<\/p>\n\n\n\n<p>Das Werk folgt seinem Weg vom Schriftsetzer zum politischen Chronisten: von fr\u00fchen Portr\u00e4ts im Bundeshaus \u00fcber die Gespr\u00e4chssendung \u00abVis-\u00e0-vis\u00bb bis zu seinen Kolumnen im SonntagsBlick, die seit Jahrzehnten Teil der Schweizer politischen Debatte sind.<\/p>\n\n\n\n<p>Ein eigenes Kapitel widmet Ren\u00e9 L\u00fcchinger Frank A. Meyers Rolle als Vermittler politischer Kultur \u2013 mit seinen \u00abD\u00eener-D\u00e9bats\u00bb in Bern und seinem seit \u00fcber 50 Jahren stattfindendes \u00abD\u00eener R\u00e9publicain\u00bb in Ascona. Mit seinem Engagement f\u00fcr den \u00abEuropapreis f\u00fcr politische Kultur\u00bb der Hans Ringier Stiftung und seiner leidenschaftlichen Verteidigung demokratischer Institutionen zeigt Frank A. Meyer, dass er Journalismus nie als blosse Beobachterdisziplin versteht, sondern als Beitrag zur \u00f6ffentlichen Aufkl\u00e4rung.<\/p>\n\n\n\n<p>Die Verleihung des \u00abEuropapreises f\u00fcr politische Kultur\u00bb 2023 an den in Gefangenschaft verstorbenen russischen Dissidenten Alexej Nawalny, der von seiner Frau Yulia Navalnaya und seinem Sohn Zakhar Navalny in Ascona entgegengenommen wurde, wirkt wie ein Brennglas f\u00fcr seinen republikanischen Furor: \u00abKaum einmal hat Frank A. Meyers lebenslanger Einsatz f\u00fcr Freiheit und gegen Unterdr\u00fcckung ein st\u00e4rkeres Momentum erfahren\u00bb, schreibt L\u00fcchinger.<\/p>\n\n\n\n<p>Die Meyer-Biografie ist damit weniger eine lineare Lebensbeschreibung als eine politische Vermessung: ein Text \u00fcber Herkunft und Haltung, \u00fcber intellektuelle Unabh\u00e4ngigkeit, \u00fcber das Spannungsfeld von N\u00e4he und Distanz zur Macht und \u00fcber einen Mann, der seit \u00fcber f\u00fcnf Jahrzehnten daran erinnert, dass Demokratie ein t\u00e4gliches Gespr\u00e4ch bleibt.<\/p>\n\n\n<div id=\"gutenslider-e97cr4ysp\" class=\"wp-block-eedee-block-gutenslider gs-frontend content-change alignnone arrow-style-1 arrow-position-sides arrow-mb-none arrows-lg arrows-md arrows-sm dot-style-1 dots-lg dots-md dots-sm dot-position-bottom is-position-center-center mb-none wrap-auto-height\" data-parallax-direction=\"down\" data-parallax-amount=\"1.3\" data-lg-transition=\"lg-slide\" data-hash=\"\" ><div class=\"eedee-swiper-outer\" style=\"--gutenslider-min-height: 50vh;--gutenslider-arrow-size: 30px;--gutenslider-dot-size: 25px;--gutenslider-arrow-color: #ffffff;--gutenslider-dot-color: #ffffff;--gutenslider-padding-y-mobile: 40px;--gutenslider-padding-x-mobile: 40px;--gutenslider-padding-y-tablet: 40px;--gutenslider-padding-x-tablet: 40px;--gutenslider-padding-y-desktop: 40px;--gutenslider-padding-x-desktop: 40px;--gutenslider-bg-image: url();--gutenslider-min-height-md: 50vh;--gutenslider-min-height-sm: 50vh;--gutenslider-padding-x: 40px;--gutenslider-padding-x-md: 40px;--gutenslider-padding-x-sm: 20px;--gutenslider-padding-y: 40px;--gutenslider-padding-y-md: 40px;--gutenslider-padding-y-sm: 20px;--gutenslider-arrow-size-md: 30px;--gutenslider-arrow-size-sm: 30px;--gutenslider-dot-size-md: 25px;--gutenslider-dot-size-sm: 25px;--gutenslider-arrow-bg-color: transparent;--gutenslider-arrow-hover-color: #eeeeee;--gutenslider-arrow-bg-hover-color: transparent;--gutenslider-arrow-x-offset: 10px;--gutenslider-arrow-x-offset-md: 10px;--gutenslider-arrow-x-offset-sm: 10px;--gutenslider-arrow-y-offset: 0px;--gutenslider-arrow-y-offset-md: 0px;--gutenslider-arrow-y-offset-sm: 0px;--gutenslider-arrow-x-spacing: 0px;--gutenslider-dot-y-offset: 10px;--gutenslider-dot-y-offset-md: 10px;--gutenslider-dot-y-offset-sm: 10px;--gutenslider-margin-x: 0px;--gutenslider-margin-x-md: 0px;--gutenslider-margin-x-sm: 0px;--gutenslider-margin-y: 0px;--gutenslider-margin-y-md: 0px;--gutenslider-margin-y-sm: 0px;--gutenslider-divider-top: 60px;--gutenslider-divider-bottom: 60px;--gutenslider-lightgallery-bg: #ffffff;--gutenslider-lightgallery-font: #000000;--gs-first-pos: 50% 50%;--gs-gap-vertical: var( --wp--style--gallery-gap-default, var( --gallery-block--gutter-size, var( --wp--style--block-gap, 0.5em ) ) );--gs-gap-horizontal: var( --wp--style--gallery-gap-default, var( --gallery-block--gutter-size, var( --wp--style--block-gap, 0.5em ) ) );\"><div class=\"gutenslider-divider-top\" style=\"color:#fff;\"><\/div><div class=\"swiper\" data-settings='{\"autoplay\":{\"delay\":3000,\"pauseOnMouseEnter\":true,\"disableOnInteraction\":false},\"speed\":700,\"direction\":\"horizontal\",\"autoHeight\":\"\",\"loop\":true,\"centeredSlides\":true,\"spaceBetween\":0,\"slidesPerView\":1,\"slidesPerGroup\":1,\"effect\":\"slide\",\"coverflowEffect\":{\"rotate\":30,\"slideShadows\":false,\"depth\":100,\"stretch\":50,\"modifier\":1},\"fadeEffect\":{\"crossFade\":true},\"zoom\":\"\",\"navigation\":{\"nextEl\":\"#gutenslider-e97cr4ysp .eedee-gutenslider-next\",\"prevEl\":\"#gutenslider-e97cr4ysp .eedee-gutenslider-prev\"},\"pagination\":{\"type\":\"bullets\",\"clickable\":true,\"dynamicBullets\":false,\"el\":\"#gutenslider-e97cr4ysp .eedee-gutenslider-pagination\"},\"pauseOnHover\":\"1\",\"watchSlidesProgress\":true,\"watchSlidesVisibility\":true,\"settingsMd\":{\"autoHeight\":\"\",\"slidesPerView\":1,\"slidesPerGroup\":1,\"spaceBetween\":0,\"loop\":true},\"settingsLg\":{\"autoHeight\":\"\",\"slidesPerView\":1,\"slidesPerGroup\":1,\"spaceBetween\":0,\"loop\":true},\"hasLg\":false,\"hasLgCounter\":true,\"isFullScreen\":false,\"arrowsFollowMouse\":false,\"lgTitle\":\"none\",\"lgCaption\":\"none\",\"lgThumbnails\":true,\"lgZoomEnabled\":false,\"keyboard\":{\"keyboard\":{\"enabled\":true,\"onlyInViewport\":true}},\"hashNavigation\":false,\"dividers\":false}'><div class=\"swiper-wrapper\">\n<div class=\"swiper-slide wp-block-eedee-block-gutenslide is-position-center-center ed-bg-image\" style=\"--ed-vw:300;--ed-vh:200;\" data-hash=\"\"><div class=\"eedee-background-div bg-image\"><img loading=\"lazy\" width=\"1024\" height=\"683\" class=\"wp-image-23013\" src=\"https:\/\/www.ringier.com\/wp-content\/uploads\/2025\/12\/foto-53-1024x683.jpg\" alt=\"\" decoding=\"async\" style=\"object-fit: cover; object-position: 50% 50%;\"  data-caption=\"Marc Walder, Frank A. Meyer &amp; Christian Lindner\" data-title=\"Marc Walder, Frank A. Meyer und Christian Lindner\" srcset=\"https:\/\/www.ringier.com\/wp-content\/uploads\/2025\/12\/foto-53-1024x683.jpg 1024w, https:\/\/www.ringier.com\/wp-content\/uploads\/2025\/12\/foto-53-300x200.jpg 300w, https:\/\/www.ringier.com\/wp-content\/uploads\/2025\/12\/foto-53-768x512.jpg 768w, https:\/\/www.ringier.com\/wp-content\/uploads\/2025\/12\/foto-53-50x33.jpg 50w, https:\/\/www.ringier.com\/wp-content\/uploads\/2025\/12\/foto-53-1600x1067.jpg 1600w, https:\/\/www.ringier.com\/wp-content\/uploads\/2025\/12\/foto-53-1536x1024.jpg 1536w, https:\/\/www.ringier.com\/wp-content\/uploads\/2025\/12\/foto-53-2048x1366.jpg 2048w, https:\/\/www.ringier.com\/wp-content\/uploads\/2025\/12\/foto-53-273x182.jpg 273w, https:\/\/www.ringier.com\/wp-content\/uploads\/2025\/12\/foto-53-137x91.jpg 137w\" sizes=\"auto, (max-width: 1024px) 100vw, 1024px\" \/><div class=\"eedee-background-div__overlay\" style=\"opacity:1;\"><\/div><\/div><div class=\"slide-content\">\n\n<p class=\"has-text-align-center gutenslider-content-initial has-larger-font-size\"><\/p>\n\n<\/div><\/div>\n\n<div class=\"swiper-slide wp-block-eedee-block-gutenslide is-position-center-center ed-bg-image\" style=\"--ed-vw:300;--ed-vh:200;\" data-hash=\"\"><div class=\"eedee-background-div bg-image\"><img loading=\"lazy\" width=\"1024\" height=\"683\" class=\"wp-image-23016\" src=\"https:\/\/www.ringier.com\/wp-content\/uploads\/2025\/12\/foto-51-1024x683.jpg\" alt=\"\" decoding=\"async\" style=\"object-fit: cover; object-position: 50% 50%;\"  data-caption=\"Frank A. Meyer &amp; Peter Hossli\" data-title=\"Frank A. Meyer &amp; Peter Hossli \u00abAuf ein Wort\u00bb \u2013 Biografie \u00fcber Frank A. Meyer in Z\u00fcrich pr\u00e4sentiert\" srcset=\"https:\/\/www.ringier.com\/wp-content\/uploads\/2025\/12\/foto-51-1024x683.jpg 1024w, https:\/\/www.ringier.com\/wp-content\/uploads\/2025\/12\/foto-51-300x200.jpg 300w, https:\/\/www.ringier.com\/wp-content\/uploads\/2025\/12\/foto-51-768x512.jpg 768w, https:\/\/www.ringier.com\/wp-content\/uploads\/2025\/12\/foto-51-50x33.jpg 50w, https:\/\/www.ringier.com\/wp-content\/uploads\/2025\/12\/foto-51-1600x1067.jpg 1600w, https:\/\/www.ringier.com\/wp-content\/uploads\/2025\/12\/foto-51-1536x1024.jpg 1536w, https:\/\/www.ringier.com\/wp-content\/uploads\/2025\/12\/foto-51-2048x1366.jpg 2048w, https:\/\/www.ringier.com\/wp-content\/uploads\/2025\/12\/foto-51-273x182.jpg 273w, https:\/\/www.ringier.com\/wp-content\/uploads\/2025\/12\/foto-51-137x91.jpg 137w\" sizes=\"auto, (max-width: 1024px) 100vw, 1024px\" \/><div class=\"eedee-background-div__overlay\" style=\"opacity:1;\"><\/div><\/div><div class=\"slide-content\">\n\n<p class=\"has-text-align-center gutenslider-content-initial has-larger-font-size\"><\/p>\n\n<\/div><\/div>\n\n<div class=\"swiper-slide wp-block-eedee-block-gutenslide is-position-center-center ed-bg-image\" style=\"--ed-vw:300;--ed-vh:200;\" data-hash=\"\"><div class=\"eedee-background-div bg-image\"><img loading=\"lazy\" width=\"1024\" height=\"683\" class=\"wp-image-23019\" src=\"https:\/\/www.ringier.com\/wp-content\/uploads\/2025\/12\/foto-12-1024x683.jpg\" alt=\"\" decoding=\"async\" style=\"object-fit: cover; object-position: 50% 50%;\"  data-caption=\"Michael Ringier, Adolf Ogi und Christoph Ringier, 2025\" data-title=\"Michael Ringier, Adolf Ogi &amp; Christoph Ringier\" srcset=\"https:\/\/www.ringier.com\/wp-content\/uploads\/2025\/12\/foto-12-1024x683.jpg 1024w, https:\/\/www.ringier.com\/wp-content\/uploads\/2025\/12\/foto-12-300x200.jpg 300w, https:\/\/www.ringier.com\/wp-content\/uploads\/2025\/12\/foto-12-768x512.jpg 768w, https:\/\/www.ringier.com\/wp-content\/uploads\/2025\/12\/foto-12-50x33.jpg 50w, https:\/\/www.ringier.com\/wp-content\/uploads\/2025\/12\/foto-12-1600x1067.jpg 1600w, https:\/\/www.ringier.com\/wp-content\/uploads\/2025\/12\/foto-12-1536x1024.jpg 1536w, https:\/\/www.ringier.com\/wp-content\/uploads\/2025\/12\/foto-12-2048x1366.jpg 2048w, https:\/\/www.ringier.com\/wp-content\/uploads\/2025\/12\/foto-12-273x182.jpg 273w, https:\/\/www.ringier.com\/wp-content\/uploads\/2025\/12\/foto-12-137x91.jpg 137w\" sizes=\"auto, (max-width: 1024px) 100vw, 1024px\" \/><div class=\"eedee-background-div__overlay\" style=\"opacity:1;\"><\/div><\/div><div class=\"slide-content\">\n\n<p class=\"has-text-align-center gutenslider-content-initial has-larger-font-size\"><\/p>\n\n<\/div><\/div>\n\n<div class=\"swiper-slide wp-block-eedee-block-gutenslide is-position-center-center ed-bg-image\" style=\"--ed-vw:200;--ed-vh:300;\" data-hash=\"\"><div class=\"eedee-background-div bg-image\"><img loading=\"lazy\" width=\"683\" height=\"1024\" class=\"wp-image-23022\" src=\"https:\/\/www.ringier.com\/wp-content\/uploads\/2025\/12\/Birgitta-Willmann-Rene-Luechinger-683x1024.jpg\" alt=\"\" decoding=\"async\" style=\"object-fit: cover; object-position: 51% 18%;\"  data-caption=\"Birgitta Willmann &amp; Ren\u00e9 L\u00fcchinger\" data-title=\"Birgitta Willmann &amp; Ren\u00e9 L\u00fcchinger\" srcset=\"https:\/\/www.ringier.com\/wp-content\/uploads\/2025\/12\/Birgitta-Willmann-Rene-Luechinger-683x1024.jpg 683w, https:\/\/www.ringier.com\/wp-content\/uploads\/2025\/12\/Birgitta-Willmann-Rene-Luechinger-200x300.jpg 200w, https:\/\/www.ringier.com\/wp-content\/uploads\/2025\/12\/Birgitta-Willmann-Rene-Luechinger-768x1152.jpg 768w, https:\/\/www.ringier.com\/wp-content\/uploads\/2025\/12\/Birgitta-Willmann-Rene-Luechinger-50x75.jpg 50w, https:\/\/www.ringier.com\/wp-content\/uploads\/2025\/12\/Birgitta-Willmann-Rene-Luechinger-1600x2399.jpg 1600w, https:\/\/www.ringier.com\/wp-content\/uploads\/2025\/12\/Birgitta-Willmann-Rene-Luechinger-1024x1536.jpg 1024w, https:\/\/www.ringier.com\/wp-content\/uploads\/2025\/12\/Birgitta-Willmann-Rene-Luechinger-1366x2048.jpg 1366w, https:\/\/www.ringier.com\/wp-content\/uploads\/2025\/12\/Birgitta-Willmann-Rene-Luechinger-121x182.jpg 121w, https:\/\/www.ringier.com\/wp-content\/uploads\/2025\/12\/Birgitta-Willmann-Rene-Luechinger-91x137.jpg 91w, https:\/\/www.ringier.com\/wp-content\/uploads\/2025\/12\/Birgitta-Willmann-Rene-Luechinger-scaled.jpg 1707w\" sizes=\"auto, (max-width: 683px) 100vw, 683px\" \/><div class=\"eedee-background-div__overlay\" style=\"opacity:1;\"><\/div><\/div><div class=\"slide-content\">\n\n<p class=\"has-text-align-center gutenslider-content-initial has-larger-font-size\"><\/p>\n\n<\/div><\/div>\n<\/div><\/div><button class=\"eedee-gutenslider-nav eedee-gutenslider-prev\"><svg xmlns=\"http:\/\/www.w3.org\/2000\/svg\" viewBox=\"0 0 24 24\" width=\"24\" height=\"24\"><circle class=\"bg\" cx=\"13\" cy=\"12\" r=\"11\" \/><path fill=\"none\" d=\"M0 0h24v24H0z\"\/><path class=\"arrow\" d=\"M10.828 12l4.95 4.95-1.414 1.414L8 12l6.364-6.364 1.414 1.414z\"\/><\/svg><\/button><button class=\"eedee-gutenslider-nav eedee-gutenslider-next\"><svg xmlns=\"http:\/\/www.w3.org\/2000\/svg\" viewBox=\"0 0 24 24\" width=\"24\" height=\"24\"><circle class=\"bg\" cx=\"11\" cy=\"12\" r=\"11\" \/><path fill=\"none\" d=\"M0 0h24v24H0z\"\/><path class=\"arrow\" d=\"M13.172 12l-4.95-4.95 1.414-1.414L16 12l-6.364 6.364-1.414-1.414z\"\/><\/svg><\/button><div class=\"eedee-gutenslider-pagination\"><\/div><div class=\"gutenslider-divider-bottom \" style=\"color:#fff;\"><\/div><\/div><\/div>\n\n\n<p class=\"has-small-font-size\">Fotocredit: David Biedert<\/p>\n\n\n\n<div style=\"height:44px\" aria-hidden=\"true\" class=\"wp-block-spacer\"><\/div>\n\n\n\n<hr class=\"wp-block-separator has-alpha-channel-opacity\"\/>\n\n\n\n<h2 class=\"wp-block-heading\" id=\"h-downloads\">Downloads<\/h2>\n\n\n\n\n\n\n\n<div class=\"wp-block-file\"><a id=\"wp-block-file--media-84b2b243-4278-4177-a7d3-0569de69543e\" href=\"https:\/\/www.ringier.com\/wp-content\/uploads\/2025\/12\/foto-51-scaled.jpg\">Frank A. Meyer &amp; Peter Hossli <\/a><a href=\"https:\/\/www.ringier.com\/wp-content\/uploads\/2025\/12\/foto-51-scaled.jpg\" class=\"wp-block-file__button wp-element-button\" download aria-describedby=\"wp-block-file--media-84b2b243-4278-4177-a7d3-0569de69543e\">Herunterladen<\/a><\/div>\n\n\n\n<div class=\"wp-block-file\"><a id=\"wp-block-file--media-ae4bbc32-24e5-43d6-9a60-91c50b09b039\" href=\"https:\/\/www.ringier.com\/wp-content\/uploads\/2025\/12\/foto-53-scaled.jpg\">Marc Walder, Frank A. Meyer &amp; Christian Lindner<\/a><a href=\"https:\/\/www.ringier.com\/wp-content\/uploads\/2025\/12\/foto-53-scaled.jpg\" class=\"wp-block-file__button wp-element-button\" download aria-describedby=\"wp-block-file--media-ae4bbc32-24e5-43d6-9a60-91c50b09b039\">Herunterladen<\/a><\/div>\n\n\n\n<div class=\"wp-block-file\"><a id=\"wp-block-file--media-86550793-f561-49ff-a484-b7f12d948139\" href=\"https:\/\/www.ringier.com\/wp-content\/uploads\/2025\/12\/foto-12-scaled.jpg\">Michael Ringier, Adolf Ogi &amp; Christoph Ringier<\/a><a href=\"https:\/\/www.ringier.com\/wp-content\/uploads\/2025\/12\/foto-12-scaled.jpg\" class=\"wp-block-file__button wp-element-button\" download aria-describedby=\"wp-block-file--media-86550793-f561-49ff-a484-b7f12d948139\">Herunterladen<\/a><\/div>\n\n\n\n<div class=\"wp-block-file\"><a id=\"wp-block-file--media-72a7b231-3a14-48ee-83d9-994b3f383535\" href=\"https:\/\/www.ringier.com\/wp-content\/uploads\/2025\/12\/Birgitta-Willmann-Rene-Luechinger-scaled.jpg\">Birgitta Willmann &amp; Ren\u00e9 L\u00fcchinger<\/a><a href=\"https:\/\/www.ringier.com\/wp-content\/uploads\/2025\/12\/Birgitta-Willmann-Rene-Luechinger-scaled.jpg\" class=\"wp-block-file__button wp-element-button\" download aria-describedby=\"wp-block-file--media-72a7b231-3a14-48ee-83d9-994b3f383535\">Herunterladen<\/a><\/div>\n\n\n\n<hr class=\"wp-block-separator has-alpha-channel-opacity\"\/>\n\n\n\n<h2 class=\"wp-block-heading\" id=\"h-uber-autor-und-verlag\"><strong>\u00dcber Autor und Verlag<\/strong><\/h2>\n\n\n\n<p class=\"has-small-font-size\">Ren\u00e9 L\u00fcchinger ist Historiker, ehemaliger Chefredaktor des Schweizer Nachrichtenmagazins Facts, sowie der Bilanz, des Blick und Autor diverser Biografien und Sachb\u00fccher. Das 341-seitige Werk erscheint im Steidl Verlag.<\/p>\n\n\n\n<p class=\"has-small-font-size\"><strong>Ren\u00e9 L\u00fcchinger: <\/strong>\u00abFrank A. Meyer: Auf ein Wort. Begegnungen mit Macht und Menschen\u00bb, Steidl Verlag G\u00f6ttingen. (ISBN 978-3-96999-504-4).<\/p>\n","protected":false},"excerpt":{"rendered":"<p>Im Beisein von Publizist Frank A. Meyer, Verleger Michael Ringier, CEO Marc Walder, dem ehemaligen deutschen Finanzminister Christian Lindner sowie rund 150 hochkar\u00e4tige G\u00e4ste aus Medien, Wirtschaft, Kultur und Politik \u2013 darunter alt Bundesrat Adolf Ogi, alt Nationalrat Rudolf Strahm, Botschafterin Christine Schraner Burgener, Mario Cortesi und Marco Solari \u2013 wurde gestern Abend in Z\u00fcrich das von Ren\u00e9 L\u00fcchinger verfasste Buch \u00abFrank A. Meyer: Auf ein Wort \u2013 Begegnungen mit Macht und Menschen\u00bb vorgestellt.<\/p>\n","protected":false},"author":23,"featured_media":23007,"comment_status":"closed","ping_status":"open","sticky":false,"template":"","format":"standard","meta":{"inline_featured_image":false,"footnotes":""},"categories":[44,45],"tags":[],"class_list":["post-22996","post","type-post","status-publish","format-standard","has-post-thumbnail","hentry","category-corporate-de","category-press-releases-de"],"yoast_head":"<!-- This site is optimized with the Yoast SEO Premium plugin v27.0 (Yoast SEO v27.0) - https:\/\/yoast.com\/product\/yoast-seo-premium-wordpress\/ -->\n<title>Biografie \u00fcber Ringier-Publizist Frank A. Meyer \u00abAuf ein Wort\u00bb in Z\u00fcrich vorgestellt - Ringier<\/title>\n<meta name=\"description\" content=\"Im Beisein von Publizist Frank A. Meyer, Verleger Michael Ringier, CEO Marc Walder, dem ehemaligen deutschen Finanzminister Christian Lindner sowie rund 150 hochkar\u00e4tige G\u00e4ste aus Medien, Wirtschaft, Kultur und Politik \u2013 darunter alt Bundesrat Adolf Ogi, alt Nationalrat Rudolf Strahm, Botschafterin Christine Schraner Burgener, Mario Cortesi und Marco Solari \u2013 wurde gestern Abend in Z\u00fcrich das von Ren\u00e9 L\u00fcchinger verfasste Buch \u00abFrank A. Meyer: Auf ein Wort \u2013 Begegnungen mit Macht und Menschen\u00bb vorgestellt.\" \/>\n<meta name=\"robots\" content=\"index, follow, max-snippet:-1, max-image-preview:large, max-video-preview:-1\" \/>\n<link rel=\"canonical\" href=\"https:\/\/www.ringier.com\/de\/biografie-ueber-ringier-publizist-frank-a-meyer-auf-ein-wort-in-zuerich-vorgestellt\/\" \/>\n<meta property=\"og:locale\" content=\"de_DE\" \/>\n<meta property=\"og:type\" content=\"article\" \/>\n<meta property=\"og:title\" content=\"Biografie \u00fcber Ringier-Publizist Frank A. Meyer \u00abAuf ein Wort\u00bb in Z\u00fcrich vorgestellt\" \/>\n<meta property=\"og:description\" content=\"Im Beisein von Publizist Frank A. Meyer, Verleger Michael Ringier, CEO Marc Walder, dem ehemaligen deutschen Finanzminister Christian Lindner sowie rund 150 hochkar\u00e4tige G\u00e4ste aus Medien, Wirtschaft, Kultur und Politik \u2013 darunter alt Bundesrat Adolf Ogi, alt Nationalrat Rudolf Strahm, Botschafterin Christine Schraner Burgener, Mario Cortesi und Marco Solari \u2013 wurde gestern Abend in Z\u00fcrich das von Ren\u00e9 L\u00fcchinger verfasste Buch \u00abFrank A. Meyer: Auf ein Wort \u2013 Begegnungen mit Macht und Menschen\u00bb vorgestellt.\" \/>\n<meta property=\"og:url\" content=\"https:\/\/www.ringier.com\/de\/biografie-ueber-ringier-publizist-frank-a-meyer-auf-ein-wort-in-zuerich-vorgestellt\/\" \/>\n<meta property=\"og:site_name\" content=\"Ringier\" \/>\n<meta property=\"article:publisher\" content=\"https:\/\/www.facebook.com\/ringierag\/\" \/>\n<meta property=\"article:published_time\" content=\"2025-12-09T10:45:28+00:00\" \/>\n<meta property=\"article:modified_time\" content=\"2025-12-15T07:30:18+00:00\" \/>\n<meta property=\"og:image\" content=\"https:\/\/www.ringier.com\/wp-content\/uploads\/2025\/12\/MM_FAM.jpg\" \/>\n\t<meta property=\"og:image:width\" content=\"1200\" \/>\n\t<meta property=\"og:image:height\" content=\"630\" \/>\n\t<meta property=\"og:image:type\" content=\"image\/jpeg\" \/>\n<meta name=\"author\" content=\"Ringier Corporate Communications\" \/>\n<meta name=\"twitter:card\" content=\"summary_large_image\" \/>\n<meta name=\"twitter:creator\" content=\"@ringier_ag\" \/>\n<meta name=\"twitter:site\" content=\"@ringier_ag\" \/>\n<meta name=\"twitter:label1\" content=\"Verfasst von\" \/>\n\t<meta name=\"twitter:data1\" content=\"Ringier Corporate Communications\" \/>\n\t<meta name=\"twitter:label2\" content=\"Gesch\u00e4tzte Lesezeit\" \/>\n\t<meta name=\"twitter:data2\" content=\"9 Minuten\" \/>\n<script type=\"application\/ld+json\" class=\"yoast-schema-graph\">{\"@context\":\"https:\/\/schema.org\",\"@graph\":[{\"@type\":\"Article\",\"@id\":\"https:\/\/www.ringier.com\/de\/biografie-ueber-ringier-publizist-frank-a-meyer-auf-ein-wort-in-zuerich-vorgestellt\/#article\",\"isPartOf\":{\"@id\":\"https:\/\/www.ringier.com\/de\/biografie-ueber-ringier-publizist-frank-a-meyer-auf-ein-wort-in-zuerich-vorgestellt\/\"},\"author\":{\"name\":\"Ringier Corporate Communications\",\"@id\":\"https:\/\/www.ringier.com\/de\/#\/schema\/person\/4cf76a308dc4b2bb5121bd1e7b752e52\"},\"headline\":\"Biografie \u00fcber Ringier-Publizist Frank A. Meyer \u00abAuf ein Wort\u00bb in Z\u00fcrich vorgestellt\",\"datePublished\":\"2025-12-09T10:45:28+00:00\",\"dateModified\":\"2025-12-15T07:30:18+00:00\",\"mainEntityOfPage\":{\"@id\":\"https:\/\/www.ringier.com\/de\/biografie-ueber-ringier-publizist-frank-a-meyer-auf-ein-wort-in-zuerich-vorgestellt\/\"},\"wordCount\":584,\"publisher\":{\"@id\":\"https:\/\/www.ringier.com\/de\/#organization\"},\"image\":{\"@id\":\"https:\/\/www.ringier.com\/de\/biografie-ueber-ringier-publizist-frank-a-meyer-auf-ein-wort-in-zuerich-vorgestellt\/#primaryimage\"},\"thumbnailUrl\":\"https:\/\/www.ringier.com\/wp-content\/uploads\/2025\/12\/MM_FAM.jpg\",\"articleSection\":[\"Corporate\",\"Press releases\"],\"inLanguage\":\"de-DE\"},{\"@type\":\"WebPage\",\"@id\":\"https:\/\/www.ringier.com\/de\/biografie-ueber-ringier-publizist-frank-a-meyer-auf-ein-wort-in-zuerich-vorgestellt\/\",\"url\":\"https:\/\/www.ringier.com\/de\/biografie-ueber-ringier-publizist-frank-a-meyer-auf-ein-wort-in-zuerich-vorgestellt\/\",\"name\":\"Biografie \u00fcber Ringier-Publizist Frank A. Meyer \u00abAuf ein Wort\u00bb in Z\u00fcrich vorgestellt - Ringier\",\"isPartOf\":{\"@id\":\"https:\/\/www.ringier.com\/de\/#website\"},\"primaryImageOfPage\":{\"@id\":\"https:\/\/www.ringier.com\/de\/biografie-ueber-ringier-publizist-frank-a-meyer-auf-ein-wort-in-zuerich-vorgestellt\/#primaryimage\"},\"image\":{\"@id\":\"https:\/\/www.ringier.com\/de\/biografie-ueber-ringier-publizist-frank-a-meyer-auf-ein-wort-in-zuerich-vorgestellt\/#primaryimage\"},\"thumbnailUrl\":\"https:\/\/www.ringier.com\/wp-content\/uploads\/2025\/12\/MM_FAM.jpg\",\"datePublished\":\"2025-12-09T10:45:28+00:00\",\"dateModified\":\"2025-12-15T07:30:18+00:00\",\"description\":\"Im Beisein von Publizist Frank A. Meyer, Verleger Michael Ringier, CEO Marc Walder, dem ehemaligen deutschen Finanzminister Christian Lindner sowie rund 150 hochkar\u00e4tige G\u00e4ste aus Medien, Wirtschaft, Kultur und Politik \u2013 darunter alt Bundesrat Adolf Ogi, alt Nationalrat Rudolf Strahm, Botschafterin Christine Schraner Burgener, Mario Cortesi und Marco Solari \u2013 wurde gestern Abend in Z\u00fcrich das von Ren\u00e9 L\u00fcchinger verfasste Buch \u00abFrank A. Meyer: Auf ein Wort \u2013 Begegnungen mit Macht und Menschen\u00bb vorgestellt.\",\"breadcrumb\":{\"@id\":\"https:\/\/www.ringier.com\/de\/biografie-ueber-ringier-publizist-frank-a-meyer-auf-ein-wort-in-zuerich-vorgestellt\/#breadcrumb\"},\"inLanguage\":\"de-DE\",\"potentialAction\":[{\"@type\":\"ReadAction\",\"target\":[\"https:\/\/www.ringier.com\/de\/biografie-ueber-ringier-publizist-frank-a-meyer-auf-ein-wort-in-zuerich-vorgestellt\/\"]}]},{\"@type\":\"ImageObject\",\"inLanguage\":\"de-DE\",\"@id\":\"https:\/\/www.ringier.com\/de\/biografie-ueber-ringier-publizist-frank-a-meyer-auf-ein-wort-in-zuerich-vorgestellt\/#primaryimage\",\"url\":\"https:\/\/www.ringier.com\/wp-content\/uploads\/2025\/12\/MM_FAM.jpg\",\"contentUrl\":\"https:\/\/www.ringier.com\/wp-content\/uploads\/2025\/12\/MM_FAM.jpg\",\"width\":1200,\"height\":630},{\"@type\":\"BreadcrumbList\",\"@id\":\"https:\/\/www.ringier.com\/de\/biografie-ueber-ringier-publizist-frank-a-meyer-auf-ein-wort-in-zuerich-vorgestellt\/#breadcrumb\",\"itemListElement\":[{\"@type\":\"ListItem\",\"position\":1,\"name\":\"Home\",\"item\":\"https:\/\/www.ringier.com\/de\/\"},{\"@type\":\"ListItem\",\"position\":2,\"name\":\"Biografie \u00fcber Ringier-Publizist Frank A. Meyer \u00abAuf ein Wort\u00bb in Z\u00fcrich vorgestellt\"}]},{\"@type\":\"WebSite\",\"@id\":\"https:\/\/www.ringier.com\/de\/#website\",\"url\":\"https:\/\/www.ringier.com\/de\/\",\"name\":\"Ringier\",\"description\":\"We inform. We entertain. We connect\",\"publisher\":{\"@id\":\"https:\/\/www.ringier.com\/de\/#organization\"},\"potentialAction\":[{\"@type\":\"SearchAction\",\"target\":{\"@type\":\"EntryPoint\",\"urlTemplate\":\"https:\/\/www.ringier.com\/de\/?s={search_term_string}\"},\"query-input\":{\"@type\":\"PropertyValueSpecification\",\"valueRequired\":true,\"valueName\":\"search_term_string\"}}],\"inLanguage\":\"de-DE\"},{\"@type\":\"Organization\",\"@id\":\"https:\/\/www.ringier.com\/de\/#organization\",\"name\":\"Ringier\",\"url\":\"https:\/\/www.ringier.com\/de\/\",\"logo\":{\"@type\":\"ImageObject\",\"inLanguage\":\"de-DE\",\"@id\":\"https:\/\/www.ringier.com\/de\/#\/schema\/logo\/image\/\",\"url\":\"https:\/\/www.ringier.com\/wp-content\/uploads\/2021\/10\/ringier_logo_2.jpg\",\"contentUrl\":\"https:\/\/www.ringier.com\/wp-content\/uploads\/2021\/10\/ringier_logo_2.jpg\",\"width\":750,\"height\":550,\"caption\":\"Ringier\"},\"image\":{\"@id\":\"https:\/\/www.ringier.com\/de\/#\/schema\/logo\/image\/\"},\"sameAs\":[\"https:\/\/www.facebook.com\/ringierag\/\",\"https:\/\/x.com\/ringier_ag\",\"https:\/\/www.instagram.com\/ringier_ag\/\",\"https:\/\/www.linkedin.com\/company\/ringier\/\",\"https:\/\/www.youtube.com\/user\/RingierComm\",\"https:\/\/en.wikipedia.org\/wiki\/Ringier\",\"https:\/\/de.wikipedia.org\/wiki\/Ringier\",\"https:\/\/fr.wikipedia.org\/wiki\/Ringier\",\"https:\/\/www.crunchbase.com\/organization\/ringier-ag\"]},{\"@type\":\"Person\",\"@id\":\"https:\/\/www.ringier.com\/de\/#\/schema\/person\/4cf76a308dc4b2bb5121bd1e7b752e52\",\"name\":\"Ringier Corporate Communications\",\"image\":{\"@type\":\"ImageObject\",\"inLanguage\":\"de-DE\",\"@id\":\"https:\/\/www.ringier.com\/de\/#\/schema\/person\/image\/\",\"url\":\"https:\/\/secure.gravatar.com\/avatar\/9391e20481368d5df4fe3e1e476c13b27786347489822ec1ed07e532bb41f587?s=96&d=mm&r=g\",\"contentUrl\":\"https:\/\/secure.gravatar.com\/avatar\/9391e20481368d5df4fe3e1e476c13b27786347489822ec1ed07e532bb41f587?s=96&d=mm&r=g\",\"caption\":\"Ringier Corporate Communications\"},\"sameAs\":[\"https:\/\/www.ringier.com\"]}]}<\/script>\n<!-- \/ Yoast SEO Premium plugin. -->","yoast_head_json":{"title":"Biografie \u00fcber Ringier-Publizist Frank A. Meyer \u00abAuf ein Wort\u00bb in Z\u00fcrich vorgestellt - Ringier","description":"Im Beisein von Publizist Frank A. Meyer, Verleger Michael Ringier, CEO Marc Walder, dem ehemaligen deutschen Finanzminister Christian Lindner sowie rund 150 hochkar\u00e4tige G\u00e4ste aus Medien, Wirtschaft, Kultur und Politik \u2013 darunter alt Bundesrat Adolf Ogi, alt Nationalrat Rudolf Strahm, Botschafterin Christine Schraner Burgener, Mario Cortesi und Marco Solari \u2013 wurde gestern Abend in Z\u00fcrich das von Ren\u00e9 L\u00fcchinger verfasste Buch \u00abFrank A. Meyer: Auf ein Wort \u2013 Begegnungen mit Macht und Menschen\u00bb vorgestellt.","robots":{"index":"index","follow":"follow","max-snippet":"max-snippet:-1","max-image-preview":"max-image-preview:large","max-video-preview":"max-video-preview:-1"},"canonical":"https:\/\/www.ringier.com\/de\/biografie-ueber-ringier-publizist-frank-a-meyer-auf-ein-wort-in-zuerich-vorgestellt\/","og_locale":"de_DE","og_type":"article","og_title":"Biografie \u00fcber Ringier-Publizist Frank A. Meyer \u00abAuf ein Wort\u00bb in Z\u00fcrich vorgestellt","og_description":"Im Beisein von Publizist Frank A. Meyer, Verleger Michael Ringier, CEO Marc Walder, dem ehemaligen deutschen Finanzminister Christian Lindner sowie rund 150 hochkar\u00e4tige G\u00e4ste aus Medien, Wirtschaft, Kultur und Politik \u2013 darunter alt Bundesrat Adolf Ogi, alt Nationalrat Rudolf Strahm, Botschafterin Christine Schraner Burgener, Mario Cortesi und Marco Solari \u2013 wurde gestern Abend in Z\u00fcrich das von Ren\u00e9 L\u00fcchinger verfasste Buch \u00abFrank A. Meyer: Auf ein Wort \u2013 Begegnungen mit Macht und Menschen\u00bb vorgestellt.","og_url":"https:\/\/www.ringier.com\/de\/biografie-ueber-ringier-publizist-frank-a-meyer-auf-ein-wort-in-zuerich-vorgestellt\/","og_site_name":"Ringier","article_publisher":"https:\/\/www.facebook.com\/ringierag\/","article_published_time":"2025-12-09T10:45:28+00:00","article_modified_time":"2025-12-15T07:30:18+00:00","og_image":[{"width":1200,"height":630,"url":"https:\/\/www.ringier.com\/wp-content\/uploads\/2025\/12\/MM_FAM.jpg","type":"image\/jpeg"}],"author":"Ringier Corporate Communications","twitter_card":"summary_large_image","twitter_creator":"@ringier_ag","twitter_site":"@ringier_ag","twitter_misc":{"Verfasst von":"Ringier Corporate Communications","Gesch\u00e4tzte Lesezeit":"9 Minuten"},"schema":{"@context":"https:\/\/schema.org","@graph":[{"@type":"Article","@id":"https:\/\/www.ringier.com\/de\/biografie-ueber-ringier-publizist-frank-a-meyer-auf-ein-wort-in-zuerich-vorgestellt\/#article","isPartOf":{"@id":"https:\/\/www.ringier.com\/de\/biografie-ueber-ringier-publizist-frank-a-meyer-auf-ein-wort-in-zuerich-vorgestellt\/"},"author":{"name":"Ringier Corporate Communications","@id":"https:\/\/www.ringier.com\/de\/#\/schema\/person\/4cf76a308dc4b2bb5121bd1e7b752e52"},"headline":"Biografie \u00fcber Ringier-Publizist Frank A. Meyer \u00abAuf ein Wort\u00bb in Z\u00fcrich vorgestellt","datePublished":"2025-12-09T10:45:28+00:00","dateModified":"2025-12-15T07:30:18+00:00","mainEntityOfPage":{"@id":"https:\/\/www.ringier.com\/de\/biografie-ueber-ringier-publizist-frank-a-meyer-auf-ein-wort-in-zuerich-vorgestellt\/"},"wordCount":584,"publisher":{"@id":"https:\/\/www.ringier.com\/de\/#organization"},"image":{"@id":"https:\/\/www.ringier.com\/de\/biografie-ueber-ringier-publizist-frank-a-meyer-auf-ein-wort-in-zuerich-vorgestellt\/#primaryimage"},"thumbnailUrl":"https:\/\/www.ringier.com\/wp-content\/uploads\/2025\/12\/MM_FAM.jpg","articleSection":["Corporate","Press releases"],"inLanguage":"de-DE"},{"@type":"WebPage","@id":"https:\/\/www.ringier.com\/de\/biografie-ueber-ringier-publizist-frank-a-meyer-auf-ein-wort-in-zuerich-vorgestellt\/","url":"https:\/\/www.ringier.com\/de\/biografie-ueber-ringier-publizist-frank-a-meyer-auf-ein-wort-in-zuerich-vorgestellt\/","name":"Biografie \u00fcber Ringier-Publizist Frank A. Meyer \u00abAuf ein Wort\u00bb in Z\u00fcrich vorgestellt - Ringier","isPartOf":{"@id":"https:\/\/www.ringier.com\/de\/#website"},"primaryImageOfPage":{"@id":"https:\/\/www.ringier.com\/de\/biografie-ueber-ringier-publizist-frank-a-meyer-auf-ein-wort-in-zuerich-vorgestellt\/#primaryimage"},"image":{"@id":"https:\/\/www.ringier.com\/de\/biografie-ueber-ringier-publizist-frank-a-meyer-auf-ein-wort-in-zuerich-vorgestellt\/#primaryimage"},"thumbnailUrl":"https:\/\/www.ringier.com\/wp-content\/uploads\/2025\/12\/MM_FAM.jpg","datePublished":"2025-12-09T10:45:28+00:00","dateModified":"2025-12-15T07:30:18+00:00","description":"Im Beisein von Publizist Frank A. Meyer, Verleger Michael Ringier, CEO Marc Walder, dem ehemaligen deutschen Finanzminister Christian Lindner sowie rund 150 hochkar\u00e4tige G\u00e4ste aus Medien, Wirtschaft, Kultur und Politik \u2013 darunter alt Bundesrat Adolf Ogi, alt Nationalrat Rudolf Strahm, Botschafterin Christine Schraner Burgener, Mario Cortesi und Marco Solari \u2013 wurde gestern Abend in Z\u00fcrich das von Ren\u00e9 L\u00fcchinger verfasste Buch \u00abFrank A. Meyer: Auf ein Wort \u2013 Begegnungen mit Macht und Menschen\u00bb vorgestellt.","breadcrumb":{"@id":"https:\/\/www.ringier.com\/de\/biografie-ueber-ringier-publizist-frank-a-meyer-auf-ein-wort-in-zuerich-vorgestellt\/#breadcrumb"},"inLanguage":"de-DE","potentialAction":[{"@type":"ReadAction","target":["https:\/\/www.ringier.com\/de\/biografie-ueber-ringier-publizist-frank-a-meyer-auf-ein-wort-in-zuerich-vorgestellt\/"]}]},{"@type":"ImageObject","inLanguage":"de-DE","@id":"https:\/\/www.ringier.com\/de\/biografie-ueber-ringier-publizist-frank-a-meyer-auf-ein-wort-in-zuerich-vorgestellt\/#primaryimage","url":"https:\/\/www.ringier.com\/wp-content\/uploads\/2025\/12\/MM_FAM.jpg","contentUrl":"https:\/\/www.ringier.com\/wp-content\/uploads\/2025\/12\/MM_FAM.jpg","width":1200,"height":630},{"@type":"BreadcrumbList","@id":"https:\/\/www.ringier.com\/de\/biografie-ueber-ringier-publizist-frank-a-meyer-auf-ein-wort-in-zuerich-vorgestellt\/#breadcrumb","itemListElement":[{"@type":"ListItem","position":1,"name":"Home","item":"https:\/\/www.ringier.com\/de\/"},{"@type":"ListItem","position":2,"name":"Biografie \u00fcber Ringier-Publizist Frank A. Meyer \u00abAuf ein Wort\u00bb in Z\u00fcrich vorgestellt"}]},{"@type":"WebSite","@id":"https:\/\/www.ringier.com\/de\/#website","url":"https:\/\/www.ringier.com\/de\/","name":"Ringier","description":"We inform. We entertain. We connect","publisher":{"@id":"https:\/\/www.ringier.com\/de\/#organization"},"potentialAction":[{"@type":"SearchAction","target":{"@type":"EntryPoint","urlTemplate":"https:\/\/www.ringier.com\/de\/?s={search_term_string}"},"query-input":{"@type":"PropertyValueSpecification","valueRequired":true,"valueName":"search_term_string"}}],"inLanguage":"de-DE"},{"@type":"Organization","@id":"https:\/\/www.ringier.com\/de\/#organization","name":"Ringier","url":"https:\/\/www.ringier.com\/de\/","logo":{"@type":"ImageObject","inLanguage":"de-DE","@id":"https:\/\/www.ringier.com\/de\/#\/schema\/logo\/image\/","url":"https:\/\/www.ringier.com\/wp-content\/uploads\/2021\/10\/ringier_logo_2.jpg","contentUrl":"https:\/\/www.ringier.com\/wp-content\/uploads\/2021\/10\/ringier_logo_2.jpg","width":750,"height":550,"caption":"Ringier"},"image":{"@id":"https:\/\/www.ringier.com\/de\/#\/schema\/logo\/image\/"},"sameAs":["https:\/\/www.facebook.com\/ringierag\/","https:\/\/x.com\/ringier_ag","https:\/\/www.instagram.com\/ringier_ag\/","https:\/\/www.linkedin.com\/company\/ringier\/","https:\/\/www.youtube.com\/user\/RingierComm","https:\/\/en.wikipedia.org\/wiki\/Ringier","https:\/\/de.wikipedia.org\/wiki\/Ringier","https:\/\/fr.wikipedia.org\/wiki\/Ringier","https:\/\/www.crunchbase.com\/organization\/ringier-ag"]},{"@type":"Person","@id":"https:\/\/www.ringier.com\/de\/#\/schema\/person\/4cf76a308dc4b2bb5121bd1e7b752e52","name":"Ringier Corporate Communications","image":{"@type":"ImageObject","inLanguage":"de-DE","@id":"https:\/\/www.ringier.com\/de\/#\/schema\/person\/image\/","url":"https:\/\/secure.gravatar.com\/avatar\/9391e20481368d5df4fe3e1e476c13b27786347489822ec1ed07e532bb41f587?s=96&d=mm&r=g","contentUrl":"https:\/\/secure.gravatar.com\/avatar\/9391e20481368d5df4fe3e1e476c13b27786347489822ec1ed07e532bb41f587?s=96&d=mm&r=g","caption":"Ringier Corporate Communications"},"sameAs":["https:\/\/www.ringier.com"]}]}},"_links":{"self":[{"href":"https:\/\/www.ringier.com\/de\/wp-json\/wp\/v2\/posts\/22996","targetHints":{"allow":["GET"]}}],"collection":[{"href":"https:\/\/www.ringier.com\/de\/wp-json\/wp\/v2\/posts"}],"about":[{"href":"https:\/\/www.ringier.com\/de\/wp-json\/wp\/v2\/types\/post"}],"author":[{"embeddable":true,"href":"https:\/\/www.ringier.com\/de\/wp-json\/wp\/v2\/users\/23"}],"replies":[{"embeddable":true,"href":"https:\/\/www.ringier.com\/de\/wp-json\/wp\/v2\/comments?post=22996"}],"version-history":[{"count":0,"href":"https:\/\/www.ringier.com\/de\/wp-json\/wp\/v2\/posts\/22996\/revisions"}],"wp:featuredmedia":[{"embeddable":true,"href":"https:\/\/www.ringier.com\/de\/wp-json\/wp\/v2\/media\/23007"}],"wp:attachment":[{"href":"https:\/\/www.ringier.com\/de\/wp-json\/wp\/v2\/media?parent=22996"}],"wp:term":[{"taxonomy":"category","embeddable":true,"href":"https:\/\/www.ringier.com\/de\/wp-json\/wp\/v2\/categories?post=22996"},{"taxonomy":"post_tag","embeddable":true,"href":"https:\/\/www.ringier.com\/de\/wp-json\/wp\/v2\/tags?post=22996"}],"curies":[{"name":"wp","href":"https:\/\/api.w.org\/{rel}","templated":true}]}}