{"id":2292,"date":"2019-01-11T16:27:00","date_gmt":"2019-01-11T15:27:00","guid":{"rendered":"https:\/\/www.ringier.com\/?p=2292"},"modified":"2024-11-19T14:35:13","modified_gmt":"2024-11-19T13:35:13","slug":"lukas-baerfuss-schreibt-fuer-den-sonntagsblick","status":"publish","type":"post","link":"https:\/\/www.ringier.com\/de\/lukas-baerfuss-schreibt-fuer-den-sonntagsblick\/","title":{"rendered":"Lukas B\u00e4rfuss schreibt f\u00fcr den SonntagsBlick"},"content":{"rendered":"\n<p>Seinen ersten Beitrag im&nbsp;<em>SonntagsBlick<\/em>&nbsp;vom kommenden Sonntag, 13. Januar, widmet B\u00e4rfuss dem Lehrplan 21. Dieser bestimmt in 21 Kantonen, was unseren Kindern an den Schulen beigebracht wird. Doch wie Lukas B\u00e4rfuss feststellt, kennt der Lehrplan weder eine Leseliste noch ein Lesebuch. \u00abHeute liest jeder, was er f\u00fcr wichtig h\u00e4lt, und die Schule, die gr\u00f6sste und wichtigste soziale Einrichtung des Landes, schafft keine Verbindlichkeit mehr\u00bb, res\u00fcmiert B\u00e4rfuss. \u00abWenn die Schule das aber nicht mehr leistet, wie entstehen dann die Bindungen, die f\u00fcr eine Gesellschaft notwendig sind?\u00bb<\/p>\n\n\n\n<p>Gieri Cavelty, Chefredaktor des&nbsp;<em>SonntagsBlick<\/em>, freut sich \u00fcber den Kolumnisten. \u00abWir leben in einer Zeit grosser Orientierungslosigkeit. In solchen Zeiten gewinnt die Figur des kritischen Intellektuellen wieder an Bedeutung.&nbsp;Und mit Lukas B\u00e4rfuss haben wir einen der bedeutendsten deutschsprachigen Intellektuellen nun monatlich im&nbsp;<em>SonntagsBlick<\/em>.\u00bb<\/p>\n\n\n\n<p>Ringier AG, Corporate Communications<\/p>\n","protected":false},"excerpt":{"rendered":"<p>Der Schriftsteller Lukas B\u00e4rfuss wird Kolumnist im SonntagsBlick. Einmal im Monat schreibt der 47-J\u00e4hrige \u00fcber den Zustand der Schweiz \u2013 wobei er den Fokus auf das Verschwinden jener Dinge, Gewohnheiten und Einrichtungen legen wird, welche die Schweiz bislang ausgemacht haben.<\/p>\n","protected":false},"author":23,"featured_media":2319,"comment_status":"closed","ping_status":"open","sticky":false,"template":"","format":"standard","meta":{"inline_featured_image":false,"footnotes":""},"categories":[371,361],"tags":[],"class_list":["post-2292","post","type-post","status-publish","format-standard","has-post-thumbnail","hentry","category-media-de","category-ringier-medien-schweiz"],"yoast_head":"<!-- This site is optimized with the Yoast SEO Premium plugin v27.0 (Yoast SEO v27.0) - https:\/\/yoast.com\/product\/yoast-seo-premium-wordpress\/ -->\n<title>Lukas B\u00e4rfuss schreibt f\u00fcr den SonntagsBlick - Ringier<\/title>\n<meta name=\"robots\" content=\"index, follow, max-snippet:-1, max-image-preview:large, max-video-preview:-1\" \/>\n<link rel=\"canonical\" href=\"https:\/\/www.ringier.com\/de\/lukas-baerfuss-schreibt-fuer-den-sonntagsblick\/\" \/>\n<meta property=\"og:locale\" content=\"de_DE\" \/>\n<meta property=\"og:type\" content=\"article\" \/>\n<meta property=\"og:title\" content=\"Lukas B\u00e4rfuss schreibt f\u00fcr den SonntagsBlick\" \/>\n<meta property=\"og:description\" content=\"Der Schriftsteller Lukas B\u00e4rfuss wird Kolumnist im SonntagsBlick. Einmal im Monat schreibt der 47-J\u00e4hrige \u00fcber den Zustand der Schweiz \u2013 wobei er den Fokus auf das Verschwinden jener Dinge, Gewohnheiten und Einrichtungen legen wird, welche die Schweiz bislang ausgemacht haben.\" \/>\n<meta property=\"og:url\" content=\"https:\/\/www.ringier.com\/de\/lukas-baerfuss-schreibt-fuer-den-sonntagsblick\/\" \/>\n<meta property=\"og:site_name\" content=\"Ringier\" \/>\n<meta property=\"article:publisher\" content=\"https:\/\/www.facebook.com\/ringierag\/\" \/>\n<meta property=\"article:published_time\" content=\"2019-01-11T15:27:00+00:00\" \/>\n<meta property=\"article:modified_time\" content=\"2024-11-19T13:35:13+00:00\" \/>\n<meta property=\"og:image\" content=\"https:\/\/www.ringier.com\/wp-content\/uploads\/2021\/08\/Lukas-Barfuss.jpg\" \/>\n\t<meta property=\"og:image:width\" content=\"600\" \/>\n\t<meta property=\"og:image:height\" content=\"400\" \/>\n\t<meta property=\"og:image:type\" content=\"image\/jpeg\" \/>\n<meta name=\"author\" content=\"Ringier Corporate Communications\" \/>\n<meta name=\"twitter:card\" content=\"summary_large_image\" \/>\n<meta name=\"twitter:creator\" content=\"@ringier_ag\" \/>\n<meta name=\"twitter:site\" content=\"@ringier_ag\" \/>\n<meta name=\"twitter:label1\" content=\"Verfasst von\" \/>\n\t<meta name=\"twitter:data1\" content=\"Ringier Corporate Communications\" \/>\n\t<meta name=\"twitter:label2\" content=\"Gesch\u00e4tzte Lesezeit\" \/>\n\t<meta name=\"twitter:data2\" content=\"1 Minute\" \/>\n<script type=\"application\/ld+json\" class=\"yoast-schema-graph\">{\"@context\":\"https:\/\/schema.org\",\"@graph\":[{\"@type\":\"Article\",\"@id\":\"https:\/\/www.ringier.com\/de\/lukas-baerfuss-schreibt-fuer-den-sonntagsblick\/#article\",\"isPartOf\":{\"@id\":\"https:\/\/www.ringier.com\/de\/lukas-baerfuss-schreibt-fuer-den-sonntagsblick\/\"},\"author\":{\"name\":\"Ringier Corporate Communications\",\"@id\":\"https:\/\/www.ringier.com\/de\/#\/schema\/person\/4cf76a308dc4b2bb5121bd1e7b752e52\"},\"headline\":\"Lukas B\u00e4rfuss schreibt f\u00fcr den SonntagsBlick\",\"datePublished\":\"2019-01-11T15:27:00+00:00\",\"dateModified\":\"2024-11-19T13:35:13+00:00\",\"mainEntityOfPage\":{\"@id\":\"https:\/\/www.ringier.com\/de\/lukas-baerfuss-schreibt-fuer-den-sonntagsblick\/\"},\"wordCount\":153,\"publisher\":{\"@id\":\"https:\/\/www.ringier.com\/de\/#organization\"},\"image\":{\"@id\":\"https:\/\/www.ringier.com\/de\/lukas-baerfuss-schreibt-fuer-den-sonntagsblick\/#primaryimage\"},\"thumbnailUrl\":\"https:\/\/www.ringier.com\/wp-content\/uploads\/2021\/08\/Lukas-Barfuss.jpg\",\"articleSection\":[\"Media\",\"Ringier Medien Schweiz\"],\"inLanguage\":\"de-DE\"},{\"@type\":\"WebPage\",\"@id\":\"https:\/\/www.ringier.com\/de\/lukas-baerfuss-schreibt-fuer-den-sonntagsblick\/\",\"url\":\"https:\/\/www.ringier.com\/de\/lukas-baerfuss-schreibt-fuer-den-sonntagsblick\/\",\"name\":\"Lukas B\u00e4rfuss schreibt f\u00fcr den SonntagsBlick - Ringier\",\"isPartOf\":{\"@id\":\"https:\/\/www.ringier.com\/de\/#website\"},\"primaryImageOfPage\":{\"@id\":\"https:\/\/www.ringier.com\/de\/lukas-baerfuss-schreibt-fuer-den-sonntagsblick\/#primaryimage\"},\"image\":{\"@id\":\"https:\/\/www.ringier.com\/de\/lukas-baerfuss-schreibt-fuer-den-sonntagsblick\/#primaryimage\"},\"thumbnailUrl\":\"https:\/\/www.ringier.com\/wp-content\/uploads\/2021\/08\/Lukas-Barfuss.jpg\",\"datePublished\":\"2019-01-11T15:27:00+00:00\",\"dateModified\":\"2024-11-19T13:35:13+00:00\",\"breadcrumb\":{\"@id\":\"https:\/\/www.ringier.com\/de\/lukas-baerfuss-schreibt-fuer-den-sonntagsblick\/#breadcrumb\"},\"inLanguage\":\"de-DE\",\"potentialAction\":[{\"@type\":\"ReadAction\",\"target\":[\"https:\/\/www.ringier.com\/de\/lukas-baerfuss-schreibt-fuer-den-sonntagsblick\/\"]}]},{\"@type\":\"ImageObject\",\"inLanguage\":\"de-DE\",\"@id\":\"https:\/\/www.ringier.com\/de\/lukas-baerfuss-schreibt-fuer-den-sonntagsblick\/#primaryimage\",\"url\":\"https:\/\/www.ringier.com\/wp-content\/uploads\/2021\/08\/Lukas-Barfuss.jpg\",\"contentUrl\":\"https:\/\/www.ringier.com\/wp-content\/uploads\/2021\/08\/Lukas-Barfuss.jpg\",\"width\":600,\"height\":400},{\"@type\":\"BreadcrumbList\",\"@id\":\"https:\/\/www.ringier.com\/de\/lukas-baerfuss-schreibt-fuer-den-sonntagsblick\/#breadcrumb\",\"itemListElement\":[{\"@type\":\"ListItem\",\"position\":1,\"name\":\"Home\",\"item\":\"https:\/\/www.ringier.com\/de\/\"},{\"@type\":\"ListItem\",\"position\":2,\"name\":\"Lukas B\u00e4rfuss schreibt f\u00fcr den SonntagsBlick\"}]},{\"@type\":\"WebSite\",\"@id\":\"https:\/\/www.ringier.com\/de\/#website\",\"url\":\"https:\/\/www.ringier.com\/de\/\",\"name\":\"Ringier\",\"description\":\"We inform. We entertain. We connect\",\"publisher\":{\"@id\":\"https:\/\/www.ringier.com\/de\/#organization\"},\"potentialAction\":[{\"@type\":\"SearchAction\",\"target\":{\"@type\":\"EntryPoint\",\"urlTemplate\":\"https:\/\/www.ringier.com\/de\/?s={search_term_string}\"},\"query-input\":{\"@type\":\"PropertyValueSpecification\",\"valueRequired\":true,\"valueName\":\"search_term_string\"}}],\"inLanguage\":\"de-DE\"},{\"@type\":\"Organization\",\"@id\":\"https:\/\/www.ringier.com\/de\/#organization\",\"name\":\"Ringier\",\"url\":\"https:\/\/www.ringier.com\/de\/\",\"logo\":{\"@type\":\"ImageObject\",\"inLanguage\":\"de-DE\",\"@id\":\"https:\/\/www.ringier.com\/de\/#\/schema\/logo\/image\/\",\"url\":\"https:\/\/www.ringier.com\/wp-content\/uploads\/2021\/10\/ringier_logo_2.jpg\",\"contentUrl\":\"https:\/\/www.ringier.com\/wp-content\/uploads\/2021\/10\/ringier_logo_2.jpg\",\"width\":750,\"height\":550,\"caption\":\"Ringier\"},\"image\":{\"@id\":\"https:\/\/www.ringier.com\/de\/#\/schema\/logo\/image\/\"},\"sameAs\":[\"https:\/\/www.facebook.com\/ringierag\/\",\"https:\/\/x.com\/ringier_ag\",\"https:\/\/www.instagram.com\/ringier_ag\/\",\"https:\/\/www.linkedin.com\/company\/ringier\/\",\"https:\/\/www.youtube.com\/user\/RingierComm\",\"https:\/\/en.wikipedia.org\/wiki\/Ringier\",\"https:\/\/de.wikipedia.org\/wiki\/Ringier\",\"https:\/\/fr.wikipedia.org\/wiki\/Ringier\",\"https:\/\/www.crunchbase.com\/organization\/ringier-ag\"]},{\"@type\":\"Person\",\"@id\":\"https:\/\/www.ringier.com\/de\/#\/schema\/person\/4cf76a308dc4b2bb5121bd1e7b752e52\",\"name\":\"Ringier Corporate Communications\",\"image\":{\"@type\":\"ImageObject\",\"inLanguage\":\"de-DE\",\"@id\":\"https:\/\/www.ringier.com\/de\/#\/schema\/person\/image\/\",\"url\":\"https:\/\/secure.gravatar.com\/avatar\/9391e20481368d5df4fe3e1e476c13b27786347489822ec1ed07e532bb41f587?s=96&d=mm&r=g\",\"contentUrl\":\"https:\/\/secure.gravatar.com\/avatar\/9391e20481368d5df4fe3e1e476c13b27786347489822ec1ed07e532bb41f587?s=96&d=mm&r=g\",\"caption\":\"Ringier Corporate Communications\"},\"sameAs\":[\"https:\/\/www.ringier.com\"]}]}<\/script>\n<!-- \/ Yoast SEO Premium plugin. -->","yoast_head_json":{"title":"Lukas B\u00e4rfuss schreibt f\u00fcr den SonntagsBlick - Ringier","robots":{"index":"index","follow":"follow","max-snippet":"max-snippet:-1","max-image-preview":"max-image-preview:large","max-video-preview":"max-video-preview:-1"},"canonical":"https:\/\/www.ringier.com\/de\/lukas-baerfuss-schreibt-fuer-den-sonntagsblick\/","og_locale":"de_DE","og_type":"article","og_title":"Lukas B\u00e4rfuss schreibt f\u00fcr den SonntagsBlick","og_description":"Der Schriftsteller Lukas B\u00e4rfuss wird Kolumnist im SonntagsBlick. Einmal im Monat schreibt der 47-J\u00e4hrige \u00fcber den Zustand der Schweiz \u2013 wobei er den Fokus auf das Verschwinden jener Dinge, Gewohnheiten und Einrichtungen legen wird, welche die Schweiz bislang ausgemacht haben.","og_url":"https:\/\/www.ringier.com\/de\/lukas-baerfuss-schreibt-fuer-den-sonntagsblick\/","og_site_name":"Ringier","article_publisher":"https:\/\/www.facebook.com\/ringierag\/","article_published_time":"2019-01-11T15:27:00+00:00","article_modified_time":"2024-11-19T13:35:13+00:00","og_image":[{"width":600,"height":400,"url":"https:\/\/www.ringier.com\/wp-content\/uploads\/2021\/08\/Lukas-Barfuss.jpg","type":"image\/jpeg"}],"author":"Ringier Corporate Communications","twitter_card":"summary_large_image","twitter_creator":"@ringier_ag","twitter_site":"@ringier_ag","twitter_misc":{"Verfasst von":"Ringier Corporate Communications","Gesch\u00e4tzte Lesezeit":"1 Minute"},"schema":{"@context":"https:\/\/schema.org","@graph":[{"@type":"Article","@id":"https:\/\/www.ringier.com\/de\/lukas-baerfuss-schreibt-fuer-den-sonntagsblick\/#article","isPartOf":{"@id":"https:\/\/www.ringier.com\/de\/lukas-baerfuss-schreibt-fuer-den-sonntagsblick\/"},"author":{"name":"Ringier Corporate Communications","@id":"https:\/\/www.ringier.com\/de\/#\/schema\/person\/4cf76a308dc4b2bb5121bd1e7b752e52"},"headline":"Lukas B\u00e4rfuss schreibt f\u00fcr den SonntagsBlick","datePublished":"2019-01-11T15:27:00+00:00","dateModified":"2024-11-19T13:35:13+00:00","mainEntityOfPage":{"@id":"https:\/\/www.ringier.com\/de\/lukas-baerfuss-schreibt-fuer-den-sonntagsblick\/"},"wordCount":153,"publisher":{"@id":"https:\/\/www.ringier.com\/de\/#organization"},"image":{"@id":"https:\/\/www.ringier.com\/de\/lukas-baerfuss-schreibt-fuer-den-sonntagsblick\/#primaryimage"},"thumbnailUrl":"https:\/\/www.ringier.com\/wp-content\/uploads\/2021\/08\/Lukas-Barfuss.jpg","articleSection":["Media","Ringier Medien Schweiz"],"inLanguage":"de-DE"},{"@type":"WebPage","@id":"https:\/\/www.ringier.com\/de\/lukas-baerfuss-schreibt-fuer-den-sonntagsblick\/","url":"https:\/\/www.ringier.com\/de\/lukas-baerfuss-schreibt-fuer-den-sonntagsblick\/","name":"Lukas B\u00e4rfuss schreibt f\u00fcr den SonntagsBlick - Ringier","isPartOf":{"@id":"https:\/\/www.ringier.com\/de\/#website"},"primaryImageOfPage":{"@id":"https:\/\/www.ringier.com\/de\/lukas-baerfuss-schreibt-fuer-den-sonntagsblick\/#primaryimage"},"image":{"@id":"https:\/\/www.ringier.com\/de\/lukas-baerfuss-schreibt-fuer-den-sonntagsblick\/#primaryimage"},"thumbnailUrl":"https:\/\/www.ringier.com\/wp-content\/uploads\/2021\/08\/Lukas-Barfuss.jpg","datePublished":"2019-01-11T15:27:00+00:00","dateModified":"2024-11-19T13:35:13+00:00","breadcrumb":{"@id":"https:\/\/www.ringier.com\/de\/lukas-baerfuss-schreibt-fuer-den-sonntagsblick\/#breadcrumb"},"inLanguage":"de-DE","potentialAction":[{"@type":"ReadAction","target":["https:\/\/www.ringier.com\/de\/lukas-baerfuss-schreibt-fuer-den-sonntagsblick\/"]}]},{"@type":"ImageObject","inLanguage":"de-DE","@id":"https:\/\/www.ringier.com\/de\/lukas-baerfuss-schreibt-fuer-den-sonntagsblick\/#primaryimage","url":"https:\/\/www.ringier.com\/wp-content\/uploads\/2021\/08\/Lukas-Barfuss.jpg","contentUrl":"https:\/\/www.ringier.com\/wp-content\/uploads\/2021\/08\/Lukas-Barfuss.jpg","width":600,"height":400},{"@type":"BreadcrumbList","@id":"https:\/\/www.ringier.com\/de\/lukas-baerfuss-schreibt-fuer-den-sonntagsblick\/#breadcrumb","itemListElement":[{"@type":"ListItem","position":1,"name":"Home","item":"https:\/\/www.ringier.com\/de\/"},{"@type":"ListItem","position":2,"name":"Lukas B\u00e4rfuss schreibt f\u00fcr den SonntagsBlick"}]},{"@type":"WebSite","@id":"https:\/\/www.ringier.com\/de\/#website","url":"https:\/\/www.ringier.com\/de\/","name":"Ringier","description":"We inform. We entertain. We connect","publisher":{"@id":"https:\/\/www.ringier.com\/de\/#organization"},"potentialAction":[{"@type":"SearchAction","target":{"@type":"EntryPoint","urlTemplate":"https:\/\/www.ringier.com\/de\/?s={search_term_string}"},"query-input":{"@type":"PropertyValueSpecification","valueRequired":true,"valueName":"search_term_string"}}],"inLanguage":"de-DE"},{"@type":"Organization","@id":"https:\/\/www.ringier.com\/de\/#organization","name":"Ringier","url":"https:\/\/www.ringier.com\/de\/","logo":{"@type":"ImageObject","inLanguage":"de-DE","@id":"https:\/\/www.ringier.com\/de\/#\/schema\/logo\/image\/","url":"https:\/\/www.ringier.com\/wp-content\/uploads\/2021\/10\/ringier_logo_2.jpg","contentUrl":"https:\/\/www.ringier.com\/wp-content\/uploads\/2021\/10\/ringier_logo_2.jpg","width":750,"height":550,"caption":"Ringier"},"image":{"@id":"https:\/\/www.ringier.com\/de\/#\/schema\/logo\/image\/"},"sameAs":["https:\/\/www.facebook.com\/ringierag\/","https:\/\/x.com\/ringier_ag","https:\/\/www.instagram.com\/ringier_ag\/","https:\/\/www.linkedin.com\/company\/ringier\/","https:\/\/www.youtube.com\/user\/RingierComm","https:\/\/en.wikipedia.org\/wiki\/Ringier","https:\/\/de.wikipedia.org\/wiki\/Ringier","https:\/\/fr.wikipedia.org\/wiki\/Ringier","https:\/\/www.crunchbase.com\/organization\/ringier-ag"]},{"@type":"Person","@id":"https:\/\/www.ringier.com\/de\/#\/schema\/person\/4cf76a308dc4b2bb5121bd1e7b752e52","name":"Ringier Corporate Communications","image":{"@type":"ImageObject","inLanguage":"de-DE","@id":"https:\/\/www.ringier.com\/de\/#\/schema\/person\/image\/","url":"https:\/\/secure.gravatar.com\/avatar\/9391e20481368d5df4fe3e1e476c13b27786347489822ec1ed07e532bb41f587?s=96&d=mm&r=g","contentUrl":"https:\/\/secure.gravatar.com\/avatar\/9391e20481368d5df4fe3e1e476c13b27786347489822ec1ed07e532bb41f587?s=96&d=mm&r=g","caption":"Ringier Corporate Communications"},"sameAs":["https:\/\/www.ringier.com"]}]}},"_links":{"self":[{"href":"https:\/\/www.ringier.com\/de\/wp-json\/wp\/v2\/posts\/2292","targetHints":{"allow":["GET"]}}],"collection":[{"href":"https:\/\/www.ringier.com\/de\/wp-json\/wp\/v2\/posts"}],"about":[{"href":"https:\/\/www.ringier.com\/de\/wp-json\/wp\/v2\/types\/post"}],"author":[{"embeddable":true,"href":"https:\/\/www.ringier.com\/de\/wp-json\/wp\/v2\/users\/23"}],"replies":[{"embeddable":true,"href":"https:\/\/www.ringier.com\/de\/wp-json\/wp\/v2\/comments?post=2292"}],"version-history":[{"count":0,"href":"https:\/\/www.ringier.com\/de\/wp-json\/wp\/v2\/posts\/2292\/revisions"}],"wp:featuredmedia":[{"embeddable":true,"href":"https:\/\/www.ringier.com\/de\/wp-json\/wp\/v2\/media\/2319"}],"wp:attachment":[{"href":"https:\/\/www.ringier.com\/de\/wp-json\/wp\/v2\/media?parent=2292"}],"wp:term":[{"taxonomy":"category","embeddable":true,"href":"https:\/\/www.ringier.com\/de\/wp-json\/wp\/v2\/categories?post=2292"},{"taxonomy":"post_tag","embeddable":true,"href":"https:\/\/www.ringier.com\/de\/wp-json\/wp\/v2\/tags?post=2292"}],"curies":[{"name":"wp","href":"https:\/\/api.w.org\/{rel}","templated":true}]}}