{"id":22438,"date":"2025-09-24T14:00:00","date_gmt":"2025-09-24T12:00:00","guid":{"rendered":"https:\/\/www.ringier.com\/?p=22438"},"modified":"2025-09-23T16:03:37","modified_gmt":"2025-09-23T14:03:37","slug":"edit-a-thon-erweitert-netzwerk","status":"publish","type":"post","link":"https:\/\/www.ringier.com\/de\/edit-a-thon-erweitert-netzwerk\/","title":{"rendered":"Edit-a-thon erweitert Netzwerk: HGK Basel FHNW und Alliance F mit \u00abHelvetia rennt\u00bb neu als Patronatspartnerinnen dabei \u2013 N\u00e4chste Ausgabe am 25. November 2025"},"content":{"rendered":"\n<p>Die 14. Ausgabe steht erneut im Zeichen von \u00abFrauen im Sport\u00bb, rechtzeitig vor den Olympischen Winterspielen in Norditalien im Februar 2026. W\u00e4hrend die Welt gebannt auf die Leistungen der Athletinnen blickt, wollen wir diese Sichtbarkeit auch digital st\u00e4rken: Ziel ist es, die digitale Unterrepr\u00e4sentation von Sportlerinnen sichtbar zu machen und so Vorurteile in einer zunehmend KI-gepr\u00e4gten Welt abzubauen. Teilnehmende k\u00f6nnen Vorschl\u00e4ge f\u00fcr Frauen einreichen, die bislang noch keinen Eintrag auf Wikipedia haben.<\/p>\n\n\n\n<p>Neu im Patronat: die Hochschule f\u00fcr Gestaltung und Kunst Basel FHNW (HGK Basel) sowie Alliance F, der Dachverband der Schweizer Frauenorganisationen, mit dem Projekt \u00abHelvetia rennt\u00bb.<\/p>\n\n\n\n<p>Mit der Beteiligung der Hochschule f\u00fcr Gestaltung und Kunst kommt Basel als zus\u00e4tzlicher Austragungsort hinzu. Gastgeberin ist das Masterstudio Design der HGK Basel mit allen Masterstudierenden des ersten Semesters aus den Bereichen Industrial Design, Fashion Design und Szenografie.<\/p>\n\n\n\n<p>\u00abHelvetia rennt\u00bb setzt sich seit 2020 f\u00fcr Gleichstellung im Sport ein. Das Projekt verfolgt das Ziel, Frauen in allen Bereichen des Schweizer Sports gleichberechtigt zu vertreten \u2013 von Verb\u00e4nden \u00fcber F\u00f6rderung bis hin zur Berichterstattung.<\/p>\n\n\n\n<p><strong>Edit-a-thon am Dienstag, 25. November 2025<\/strong><\/p>\n\n\n\n<ul class=\"wp-block-list\">\n<li>Thema: Frauen im Sport<\/li>\n\n\n\n<li>Zeit: 16:30\u201320:30 Uhr<\/li>\n\n\n\n<li>Standorte:\n<ul class=\"wp-block-list\">\n<li>Ringier Pressehaus, Dufourstrasse 23, 8008 Z\u00fcrich<\/li>\n\n\n\n<li>Medienhaus Somedia AG, Sommeraustrasse 32, 7007 Chur<\/li>\n\n\n\n<li>Aula der Schweizerischen Alpinen Mittelschule Davos (SAMD), Guggerbachstrasse 2, 7270 Davos<\/li>\n\n\n\n<li>Hochschule f\u00fcr Gestaltung und Kunst Basel FHNW, Freilager-Platz 1, 4142 M\u00fcnchenstein b. Basel<\/li>\n<\/ul>\n<\/li>\n<\/ul>\n\n\n\n<p>Eine Online-Teilnahme ist ebenfalls m\u00f6glich.<\/p>\n\n\n\n<p>Die Veranstaltung richtet sich an alle schreibinteressierten und gleichstellungsbewussten Personen. Vorkenntnisse sind nicht n\u00f6tig: Neulinge erhalten im Vorfeld eine Einf\u00fchrung in das Erstellen von Wikipedia-Artikeln und werden vor Ort von erfahrenen Expertinnen und Experten unterst\u00fctzt.<\/p>\n\n\n\n<p><strong>Anmeldung<\/strong><br>Interessierte k\u00f6nnen sich ab sofort \u00fcber die offizielle Webseite www.editathon.ch f\u00fcr den Edit-a-thon am 25. November 2025 anmelden.<\/p>\n","protected":false},"excerpt":{"rendered":"<p>Organisiert von Wikimedia CH, der EqualVoice Initiative, der ETH, Ringier und Somedia geht der Edit-a-thon \u00abF\u00fcr mehr Sichtbarkeit auf Wikipedia\u00bb am Dienstag, 25. November 2025 in die n\u00e4chste Runde.<\/p>\n","protected":false},"author":32,"featured_media":22439,"comment_status":"closed","ping_status":"open","sticky":false,"template":"","format":"standard","meta":{"inline_featured_image":false,"footnotes":""},"categories":[381,371,3],"tags":[],"class_list":["post-22438","post","type-post","status-publish","format-standard","has-post-thumbnail","hentry","category-equalvoice-de","category-media-de","category-unkategorisiert"],"yoast_head":"<!-- This site is optimized with the Yoast SEO Premium plugin v27.0 (Yoast SEO v27.0) - https:\/\/yoast.com\/product\/yoast-seo-premium-wordpress\/ -->\n<title>Edit-a-thon erweitert Netzwerk: HGK Basel FHNW und Alliance F mit \u00abHelvetia rennt\u00bb neu als Patronatspartnerinnen dabei \u2013 N\u00e4chste Ausgabe am 25. November 2025 - Ringier<\/title>\n<meta name=\"description\" content=\"Organisiert von Wikimedia CH, der EqualVoice Initiative, der ETH, Ringier und Somedia geht der Edit-a-thon \u00abF\u00fcr mehr Sichtbarkeit auf Wikipedia\u00bb am Dienstag, 25. November 2025 in die n\u00e4chste Runde.\" \/>\n<meta name=\"robots\" content=\"index, follow, max-snippet:-1, max-image-preview:large, max-video-preview:-1\" \/>\n<link rel=\"canonical\" href=\"https:\/\/www.ringier.com\/de\/edit-a-thon-erweitert-netzwerk\/\" \/>\n<meta property=\"og:locale\" content=\"de_DE\" \/>\n<meta property=\"og:type\" content=\"article\" \/>\n<meta property=\"og:title\" content=\"Edit-a-thon erweitert Netzwerk: HGK Basel FHNW und Alliance F mit \u00abHelvetia rennt\u00bb neu als Patronatspartnerinnen dabei \u2013 N\u00e4chste Ausgabe am 25. November 2025\" \/>\n<meta property=\"og:description\" content=\"Organisiert von Wikimedia CH, der EqualVoice Initiative, der ETH, Ringier und Somedia geht der Edit-a-thon \u00abF\u00fcr mehr Sichtbarkeit auf Wikipedia\u00bb am Dienstag, 25. November 2025 in die n\u00e4chste Runde.\" \/>\n<meta property=\"og:url\" content=\"https:\/\/www.ringier.com\/de\/edit-a-thon-erweitert-netzwerk\/\" \/>\n<meta property=\"og:site_name\" content=\"Ringier\" \/>\n<meta property=\"article:publisher\" content=\"https:\/\/www.facebook.com\/ringierag\/\" \/>\n<meta property=\"article:published_time\" content=\"2025-09-24T12:00:00+00:00\" \/>\n<meta property=\"og:image\" content=\"https:\/\/www.ringier.com\/wp-content\/uploads\/2025\/09\/MM_1200x630px_Edit-a-thon_November.jpg\" \/>\n\t<meta property=\"og:image:width\" content=\"1200\" \/>\n\t<meta property=\"og:image:height\" content=\"630\" \/>\n\t<meta property=\"og:image:type\" content=\"image\/jpeg\" \/>\n<meta name=\"author\" content=\"Eva Heller\" \/>\n<meta name=\"twitter:card\" content=\"summary_large_image\" \/>\n<meta name=\"twitter:creator\" content=\"@ringier_ag\" \/>\n<meta name=\"twitter:site\" content=\"@ringier_ag\" \/>\n<meta name=\"twitter:label1\" content=\"Verfasst von\" \/>\n\t<meta name=\"twitter:data1\" content=\"Eva Heller\" \/>\n\t<meta name=\"twitter:label2\" content=\"Gesch\u00e4tzte Lesezeit\" \/>\n\t<meta name=\"twitter:data2\" content=\"2 Minuten\" \/>\n<script type=\"application\/ld+json\" class=\"yoast-schema-graph\">{\"@context\":\"https:\/\/schema.org\",\"@graph\":[{\"@type\":\"Article\",\"@id\":\"https:\/\/www.ringier.com\/de\/edit-a-thon-erweitert-netzwerk\/#article\",\"isPartOf\":{\"@id\":\"https:\/\/www.ringier.com\/de\/edit-a-thon-erweitert-netzwerk\/\"},\"author\":{\"name\":\"Eva Heller\",\"@id\":\"https:\/\/www.ringier.com\/de\/#\/schema\/person\/f72adaebb371f5ece91235a9021d9f45\"},\"headline\":\"Edit-a-thon erweitert Netzwerk: HGK Basel FHNW und Alliance F mit \u00abHelvetia rennt\u00bb neu als Patronatspartnerinnen dabei \u2013 N\u00e4chste Ausgabe am 25. November 2025\",\"datePublished\":\"2025-09-24T12:00:00+00:00\",\"mainEntityOfPage\":{\"@id\":\"https:\/\/www.ringier.com\/de\/edit-a-thon-erweitert-netzwerk\/\"},\"wordCount\":309,\"publisher\":{\"@id\":\"https:\/\/www.ringier.com\/de\/#organization\"},\"image\":{\"@id\":\"https:\/\/www.ringier.com\/de\/edit-a-thon-erweitert-netzwerk\/#primaryimage\"},\"thumbnailUrl\":\"https:\/\/www.ringier.com\/wp-content\/uploads\/2025\/09\/MM_1200x630px_Edit-a-thon_November.jpg\",\"articleSection\":[\"EqualVoice\",\"Media\",\"Unkategorisiert\"],\"inLanguage\":\"de-DE\"},{\"@type\":\"WebPage\",\"@id\":\"https:\/\/www.ringier.com\/de\/edit-a-thon-erweitert-netzwerk\/\",\"url\":\"https:\/\/www.ringier.com\/de\/edit-a-thon-erweitert-netzwerk\/\",\"name\":\"Edit-a-thon erweitert Netzwerk: HGK Basel FHNW und Alliance F mit \u00abHelvetia rennt\u00bb neu als Patronatspartnerinnen dabei \u2013 N\u00e4chste Ausgabe am 25. November 2025 - Ringier\",\"isPartOf\":{\"@id\":\"https:\/\/www.ringier.com\/de\/#website\"},\"primaryImageOfPage\":{\"@id\":\"https:\/\/www.ringier.com\/de\/edit-a-thon-erweitert-netzwerk\/#primaryimage\"},\"image\":{\"@id\":\"https:\/\/www.ringier.com\/de\/edit-a-thon-erweitert-netzwerk\/#primaryimage\"},\"thumbnailUrl\":\"https:\/\/www.ringier.com\/wp-content\/uploads\/2025\/09\/MM_1200x630px_Edit-a-thon_November.jpg\",\"datePublished\":\"2025-09-24T12:00:00+00:00\",\"description\":\"Organisiert von Wikimedia CH, der EqualVoice Initiative, der ETH, Ringier und Somedia geht der Edit-a-thon \u00abF\u00fcr mehr Sichtbarkeit auf Wikipedia\u00bb am Dienstag, 25. November 2025 in die n\u00e4chste Runde.\",\"breadcrumb\":{\"@id\":\"https:\/\/www.ringier.com\/de\/edit-a-thon-erweitert-netzwerk\/#breadcrumb\"},\"inLanguage\":\"de-DE\",\"potentialAction\":[{\"@type\":\"ReadAction\",\"target\":[\"https:\/\/www.ringier.com\/de\/edit-a-thon-erweitert-netzwerk\/\"]}]},{\"@type\":\"ImageObject\",\"inLanguage\":\"de-DE\",\"@id\":\"https:\/\/www.ringier.com\/de\/edit-a-thon-erweitert-netzwerk\/#primaryimage\",\"url\":\"https:\/\/www.ringier.com\/wp-content\/uploads\/2025\/09\/MM_1200x630px_Edit-a-thon_November.jpg\",\"contentUrl\":\"https:\/\/www.ringier.com\/wp-content\/uploads\/2025\/09\/MM_1200x630px_Edit-a-thon_November.jpg\",\"width\":1200,\"height\":630,\"caption\":\"Edit-a-thon Anlass November 2025\"},{\"@type\":\"BreadcrumbList\",\"@id\":\"https:\/\/www.ringier.com\/de\/edit-a-thon-erweitert-netzwerk\/#breadcrumb\",\"itemListElement\":[{\"@type\":\"ListItem\",\"position\":1,\"name\":\"Home\",\"item\":\"https:\/\/www.ringier.com\/de\/\"},{\"@type\":\"ListItem\",\"position\":2,\"name\":\"Edit-a-thon erweitert Netzwerk: HGK Basel FHNW und Alliance F mit \u00abHelvetia rennt\u00bb neu als Patronatspartnerinnen dabei \u2013 N\u00e4chste Ausgabe am 25. November 2025\"}]},{\"@type\":\"WebSite\",\"@id\":\"https:\/\/www.ringier.com\/de\/#website\",\"url\":\"https:\/\/www.ringier.com\/de\/\",\"name\":\"Ringier\",\"description\":\"We inform. We entertain. We connect\",\"publisher\":{\"@id\":\"https:\/\/www.ringier.com\/de\/#organization\"},\"potentialAction\":[{\"@type\":\"SearchAction\",\"target\":{\"@type\":\"EntryPoint\",\"urlTemplate\":\"https:\/\/www.ringier.com\/de\/?s={search_term_string}\"},\"query-input\":{\"@type\":\"PropertyValueSpecification\",\"valueRequired\":true,\"valueName\":\"search_term_string\"}}],\"inLanguage\":\"de-DE\"},{\"@type\":\"Organization\",\"@id\":\"https:\/\/www.ringier.com\/de\/#organization\",\"name\":\"Ringier\",\"url\":\"https:\/\/www.ringier.com\/de\/\",\"logo\":{\"@type\":\"ImageObject\",\"inLanguage\":\"de-DE\",\"@id\":\"https:\/\/www.ringier.com\/de\/#\/schema\/logo\/image\/\",\"url\":\"https:\/\/www.ringier.com\/wp-content\/uploads\/2021\/10\/ringier_logo_2.jpg\",\"contentUrl\":\"https:\/\/www.ringier.com\/wp-content\/uploads\/2021\/10\/ringier_logo_2.jpg\",\"width\":750,\"height\":550,\"caption\":\"Ringier\"},\"image\":{\"@id\":\"https:\/\/www.ringier.com\/de\/#\/schema\/logo\/image\/\"},\"sameAs\":[\"https:\/\/www.facebook.com\/ringierag\/\",\"https:\/\/x.com\/ringier_ag\",\"https:\/\/www.instagram.com\/ringier_ag\/\",\"https:\/\/www.linkedin.com\/company\/ringier\/\",\"https:\/\/www.youtube.com\/user\/RingierComm\",\"https:\/\/en.wikipedia.org\/wiki\/Ringier\",\"https:\/\/de.wikipedia.org\/wiki\/Ringier\",\"https:\/\/fr.wikipedia.org\/wiki\/Ringier\",\"https:\/\/www.crunchbase.com\/organization\/ringier-ag\"]},{\"@type\":\"Person\",\"@id\":\"https:\/\/www.ringier.com\/de\/#\/schema\/person\/f72adaebb371f5ece91235a9021d9f45\",\"name\":\"Eva Heller\",\"image\":{\"@type\":\"ImageObject\",\"inLanguage\":\"de-DE\",\"@id\":\"https:\/\/www.ringier.com\/de\/#\/schema\/person\/image\/\",\"url\":\"https:\/\/secure.gravatar.com\/avatar\/9ac31ae24e333a221ba0726621c45623d8d5f441362ef62545ac1fc141de15cf?s=96&d=mm&r=g\",\"contentUrl\":\"https:\/\/secure.gravatar.com\/avatar\/9ac31ae24e333a221ba0726621c45623d8d5f441362ef62545ac1fc141de15cf?s=96&d=mm&r=g\",\"caption\":\"Eva Heller\"},\"sameAs\":[\"https:\/\/www.ringier.com\"]}]}<\/script>\n<!-- \/ Yoast SEO Premium plugin. -->","yoast_head_json":{"title":"Edit-a-thon erweitert Netzwerk: HGK Basel FHNW und Alliance F mit \u00abHelvetia rennt\u00bb neu als Patronatspartnerinnen dabei \u2013 N\u00e4chste Ausgabe am 25. November 2025 - Ringier","description":"Organisiert von Wikimedia CH, der EqualVoice Initiative, der ETH, Ringier und Somedia geht der Edit-a-thon \u00abF\u00fcr mehr Sichtbarkeit auf Wikipedia\u00bb am Dienstag, 25. November 2025 in die n\u00e4chste Runde.","robots":{"index":"index","follow":"follow","max-snippet":"max-snippet:-1","max-image-preview":"max-image-preview:large","max-video-preview":"max-video-preview:-1"},"canonical":"https:\/\/www.ringier.com\/de\/edit-a-thon-erweitert-netzwerk\/","og_locale":"de_DE","og_type":"article","og_title":"Edit-a-thon erweitert Netzwerk: HGK Basel FHNW und Alliance F mit \u00abHelvetia rennt\u00bb neu als Patronatspartnerinnen dabei \u2013 N\u00e4chste Ausgabe am 25. November 2025","og_description":"Organisiert von Wikimedia CH, der EqualVoice Initiative, der ETH, Ringier und Somedia geht der Edit-a-thon \u00abF\u00fcr mehr Sichtbarkeit auf Wikipedia\u00bb am Dienstag, 25. November 2025 in die n\u00e4chste Runde.","og_url":"https:\/\/www.ringier.com\/de\/edit-a-thon-erweitert-netzwerk\/","og_site_name":"Ringier","article_publisher":"https:\/\/www.facebook.com\/ringierag\/","article_published_time":"2025-09-24T12:00:00+00:00","og_image":[{"width":1200,"height":630,"url":"https:\/\/www.ringier.com\/wp-content\/uploads\/2025\/09\/MM_1200x630px_Edit-a-thon_November.jpg","type":"image\/jpeg"}],"author":"Eva Heller","twitter_card":"summary_large_image","twitter_creator":"@ringier_ag","twitter_site":"@ringier_ag","twitter_misc":{"Verfasst von":"Eva Heller","Gesch\u00e4tzte Lesezeit":"2 Minuten"},"schema":{"@context":"https:\/\/schema.org","@graph":[{"@type":"Article","@id":"https:\/\/www.ringier.com\/de\/edit-a-thon-erweitert-netzwerk\/#article","isPartOf":{"@id":"https:\/\/www.ringier.com\/de\/edit-a-thon-erweitert-netzwerk\/"},"author":{"name":"Eva Heller","@id":"https:\/\/www.ringier.com\/de\/#\/schema\/person\/f72adaebb371f5ece91235a9021d9f45"},"headline":"Edit-a-thon erweitert Netzwerk: HGK Basel FHNW und Alliance F mit \u00abHelvetia rennt\u00bb neu als Patronatspartnerinnen dabei \u2013 N\u00e4chste Ausgabe am 25. November 2025","datePublished":"2025-09-24T12:00:00+00:00","mainEntityOfPage":{"@id":"https:\/\/www.ringier.com\/de\/edit-a-thon-erweitert-netzwerk\/"},"wordCount":309,"publisher":{"@id":"https:\/\/www.ringier.com\/de\/#organization"},"image":{"@id":"https:\/\/www.ringier.com\/de\/edit-a-thon-erweitert-netzwerk\/#primaryimage"},"thumbnailUrl":"https:\/\/www.ringier.com\/wp-content\/uploads\/2025\/09\/MM_1200x630px_Edit-a-thon_November.jpg","articleSection":["EqualVoice","Media","Unkategorisiert"],"inLanguage":"de-DE"},{"@type":"WebPage","@id":"https:\/\/www.ringier.com\/de\/edit-a-thon-erweitert-netzwerk\/","url":"https:\/\/www.ringier.com\/de\/edit-a-thon-erweitert-netzwerk\/","name":"Edit-a-thon erweitert Netzwerk: HGK Basel FHNW und Alliance F mit \u00abHelvetia rennt\u00bb neu als Patronatspartnerinnen dabei \u2013 N\u00e4chste Ausgabe am 25. November 2025 - Ringier","isPartOf":{"@id":"https:\/\/www.ringier.com\/de\/#website"},"primaryImageOfPage":{"@id":"https:\/\/www.ringier.com\/de\/edit-a-thon-erweitert-netzwerk\/#primaryimage"},"image":{"@id":"https:\/\/www.ringier.com\/de\/edit-a-thon-erweitert-netzwerk\/#primaryimage"},"thumbnailUrl":"https:\/\/www.ringier.com\/wp-content\/uploads\/2025\/09\/MM_1200x630px_Edit-a-thon_November.jpg","datePublished":"2025-09-24T12:00:00+00:00","description":"Organisiert von Wikimedia CH, der EqualVoice Initiative, der ETH, Ringier und Somedia geht der Edit-a-thon \u00abF\u00fcr mehr Sichtbarkeit auf Wikipedia\u00bb am Dienstag, 25. November 2025 in die n\u00e4chste Runde.","breadcrumb":{"@id":"https:\/\/www.ringier.com\/de\/edit-a-thon-erweitert-netzwerk\/#breadcrumb"},"inLanguage":"de-DE","potentialAction":[{"@type":"ReadAction","target":["https:\/\/www.ringier.com\/de\/edit-a-thon-erweitert-netzwerk\/"]}]},{"@type":"ImageObject","inLanguage":"de-DE","@id":"https:\/\/www.ringier.com\/de\/edit-a-thon-erweitert-netzwerk\/#primaryimage","url":"https:\/\/www.ringier.com\/wp-content\/uploads\/2025\/09\/MM_1200x630px_Edit-a-thon_November.jpg","contentUrl":"https:\/\/www.ringier.com\/wp-content\/uploads\/2025\/09\/MM_1200x630px_Edit-a-thon_November.jpg","width":1200,"height":630,"caption":"Edit-a-thon Anlass November 2025"},{"@type":"BreadcrumbList","@id":"https:\/\/www.ringier.com\/de\/edit-a-thon-erweitert-netzwerk\/#breadcrumb","itemListElement":[{"@type":"ListItem","position":1,"name":"Home","item":"https:\/\/www.ringier.com\/de\/"},{"@type":"ListItem","position":2,"name":"Edit-a-thon erweitert Netzwerk: HGK Basel FHNW und Alliance F mit \u00abHelvetia rennt\u00bb neu als Patronatspartnerinnen dabei \u2013 N\u00e4chste Ausgabe am 25. November 2025"}]},{"@type":"WebSite","@id":"https:\/\/www.ringier.com\/de\/#website","url":"https:\/\/www.ringier.com\/de\/","name":"Ringier","description":"We inform. We entertain. We connect","publisher":{"@id":"https:\/\/www.ringier.com\/de\/#organization"},"potentialAction":[{"@type":"SearchAction","target":{"@type":"EntryPoint","urlTemplate":"https:\/\/www.ringier.com\/de\/?s={search_term_string}"},"query-input":{"@type":"PropertyValueSpecification","valueRequired":true,"valueName":"search_term_string"}}],"inLanguage":"de-DE"},{"@type":"Organization","@id":"https:\/\/www.ringier.com\/de\/#organization","name":"Ringier","url":"https:\/\/www.ringier.com\/de\/","logo":{"@type":"ImageObject","inLanguage":"de-DE","@id":"https:\/\/www.ringier.com\/de\/#\/schema\/logo\/image\/","url":"https:\/\/www.ringier.com\/wp-content\/uploads\/2021\/10\/ringier_logo_2.jpg","contentUrl":"https:\/\/www.ringier.com\/wp-content\/uploads\/2021\/10\/ringier_logo_2.jpg","width":750,"height":550,"caption":"Ringier"},"image":{"@id":"https:\/\/www.ringier.com\/de\/#\/schema\/logo\/image\/"},"sameAs":["https:\/\/www.facebook.com\/ringierag\/","https:\/\/x.com\/ringier_ag","https:\/\/www.instagram.com\/ringier_ag\/","https:\/\/www.linkedin.com\/company\/ringier\/","https:\/\/www.youtube.com\/user\/RingierComm","https:\/\/en.wikipedia.org\/wiki\/Ringier","https:\/\/de.wikipedia.org\/wiki\/Ringier","https:\/\/fr.wikipedia.org\/wiki\/Ringier","https:\/\/www.crunchbase.com\/organization\/ringier-ag"]},{"@type":"Person","@id":"https:\/\/www.ringier.com\/de\/#\/schema\/person\/f72adaebb371f5ece91235a9021d9f45","name":"Eva Heller","image":{"@type":"ImageObject","inLanguage":"de-DE","@id":"https:\/\/www.ringier.com\/de\/#\/schema\/person\/image\/","url":"https:\/\/secure.gravatar.com\/avatar\/9ac31ae24e333a221ba0726621c45623d8d5f441362ef62545ac1fc141de15cf?s=96&d=mm&r=g","contentUrl":"https:\/\/secure.gravatar.com\/avatar\/9ac31ae24e333a221ba0726621c45623d8d5f441362ef62545ac1fc141de15cf?s=96&d=mm&r=g","caption":"Eva Heller"},"sameAs":["https:\/\/www.ringier.com"]}]}},"_links":{"self":[{"href":"https:\/\/www.ringier.com\/de\/wp-json\/wp\/v2\/posts\/22438","targetHints":{"allow":["GET"]}}],"collection":[{"href":"https:\/\/www.ringier.com\/de\/wp-json\/wp\/v2\/posts"}],"about":[{"href":"https:\/\/www.ringier.com\/de\/wp-json\/wp\/v2\/types\/post"}],"author":[{"embeddable":true,"href":"https:\/\/www.ringier.com\/de\/wp-json\/wp\/v2\/users\/32"}],"replies":[{"embeddable":true,"href":"https:\/\/www.ringier.com\/de\/wp-json\/wp\/v2\/comments?post=22438"}],"version-history":[{"count":0,"href":"https:\/\/www.ringier.com\/de\/wp-json\/wp\/v2\/posts\/22438\/revisions"}],"wp:featuredmedia":[{"embeddable":true,"href":"https:\/\/www.ringier.com\/de\/wp-json\/wp\/v2\/media\/22439"}],"wp:attachment":[{"href":"https:\/\/www.ringier.com\/de\/wp-json\/wp\/v2\/media?parent=22438"}],"wp:term":[{"taxonomy":"category","embeddable":true,"href":"https:\/\/www.ringier.com\/de\/wp-json\/wp\/v2\/categories?post=22438"},{"taxonomy":"post_tag","embeddable":true,"href":"https:\/\/www.ringier.com\/de\/wp-json\/wp\/v2\/tags?post=22438"}],"curies":[{"name":"wp","href":"https:\/\/api.w.org\/{rel}","templated":true}]}}