{"id":2243,"date":"2019-01-28T15:49:00","date_gmt":"2019-01-28T14:49:00","guid":{"rendered":"https:\/\/www.ringier.com\/?p=2243"},"modified":"2024-11-19T14:34:51","modified_gmt":"2024-11-19T13:34:51","slug":"thetalkthestudio-von-helvetia-und-ringier-david-allemann-kein-risiko-zu-nehmen-ist-langfristig-das-groesste-risiko","status":"publish","type":"post","link":"https:\/\/www.ringier.com\/de\/thetalkthestudio-von-helvetia-und-ringier-david-allemann-kein-risiko-zu-nehmen-ist-langfristig-das-groesste-risiko\/","title":{"rendered":"TheTalk@TheStudio von Helvetia und Ringier David Allemann: \u00abKein Risiko zu nehmen, ist langfristig das gr\u00f6sste Risiko.\u00bb"},"content":{"rendered":"\n<p class=\"wp-block-paragraph\">Zusammen mit Olivier Bernhard und Caspar Coppetti gr\u00fcndete David Allemann 2010 das Schweizer Sportunternehmen On und erhielt 2014 den Swiss Economic Forum Entrepreneurship Award. Nach dem Jus-Studium war er Mitgr\u00fcnder einer der ersten Digitalagenturen und sp\u00e4ter bei McKinsey und als Marketingchef des Designunternehmens Vitra t\u00e4tig.<\/p>\n\n\n\n<p class=\"wp-block-paragraph\">Im Gespr\u00e4ch mit Christine Maier erz\u00e4hlt David Allemann, wie er mit On das Laufgef\u00fchl weiter revolutionieren will, wie ein Start-up erfolgreich wird und wo er am liebsten joggt.<\/p>\n\n\n\n<p class=\"wp-block-paragraph\">Die Teilnahme an der Veranstaltung erfolgt auf pers\u00f6nliche Einladung. Verfolgen Sie ab 19.15 Uhr den Livestream des Gespr\u00e4chs&nbsp;<a href=\"https:\/\/players.brightcove.net\/4772533039001\/SkvcabWpe_default\/index.html?videoId=5993350207001&amp;adConfigId=live.zYpjLc3l4OAvGcB-cCO2mXT76Lbq8oeXjo6AFoiiYVmHuQ\">hier<\/a>&nbsp;oder auf unseren Social-Media-Kan\u00e4len:<\/p>\n\n\n\n<p class=\"wp-block-paragraph\">Helvetia:<\/p>\n\n\n\n<p class=\"wp-block-paragraph\"><a href=\"https:\/\/www.facebook.com\/helvetia.versicherungen.schweiz\/\"><em>Facebook<\/em><\/a><\/p>\n\n\n\n<p class=\"wp-block-paragraph\"><a href=\"https:\/\/twitter.com\/helvetia\"><em>Twitter<\/em><\/a><\/p>\n\n\n\n<p class=\"wp-block-paragraph\"><a href=\"https:\/\/www.instagram.com\/helvetia.schweiz\/\"><em>Instagram<\/em><\/a><\/p>\n\n\n\n<p class=\"wp-block-paragraph\"><a href=\"https:\/\/ch.linkedin.com\/company\/helvetia-versicherungen-schweiz\"><em>Linkedin<\/em><\/a><\/p>\n\n\n\n<p class=\"wp-block-paragraph\">Ringier:<\/p>\n\n\n\n<p class=\"wp-block-paragraph\"><a href=\"http:\/\/www.blick.ch\/\"><em>Blick.ch<\/em><\/a><\/p>\n\n\n\n<p class=\"wp-block-paragraph\"><a href=\"https:\/\/es-la.facebook.com\/pg\/blick\/posts\/?ref=page_internal\"><em>Facebook<\/em><\/a><\/p>\n\n\n\n<p class=\"wp-block-paragraph\">David Allemann ist der erste Gast der Reihe \u00abTheTalk@TheStudio\u00bb im Jahr 2019. Das Format wird von Helvetia und Ringier organisiert und findet im gleichnamigen Caf\u00e9 \u00abThe Studio\u00bb im Ringier Pressehaus in Z\u00fcrich statt.<\/p>\n\n\n\n<p class=\"wp-block-paragraph\">Ringier AG, Corporate Communications<\/p>\n\n\n\n<p class=\"wp-block-paragraph\"><strong>\u00dcber die Helvetia Gruppe<\/strong><\/p>\n\n\n\n<p class=\"wp-block-paragraph\">Die Helvetia Gruppe ist in 160 Jahren aus verschiedenen schweizerischen und ausl\u00e4ndischen Versicherungsunternehmen zu einer erfolgreichen, internationalen Versicherungsgruppe gewachsen. Heute verf\u00fcgt Helvetia \u00fcber Niederlassungen im Heimmarkt Schweiz sowie in den im Marktbereich Europa zusammengefassten L\u00e4ndern Deutschland, Italien, \u00d6sterreich und Spanien. Ebenso ist Helvetia mit dem Marktbereich Specialty Markets in Frankreich und \u00fcber ausgew\u00e4hlte Destinationen weltweit pr\u00e4sent. Schliesslich organisiert sie Teile ihrer Investment- und Finanzierungsaktivit\u00e4ten \u00fcber Tochter- und Fondsgesellschaften in Luxemburg und Jersey. Der Hauptsitz der Gruppe befindet sich im schweizerischen St. Gallen.<\/p>\n\n\n\n<p class=\"wp-block-paragraph\">Helvetia ist im Leben- und im Nicht-Lebengesch\u00e4ft aktiv; dar\u00fcber hinaus bietet sie massgeschneiderte Specialty-Lines-Deckungen und R\u00fcckversicherungen an. Der Fokus der Gesch\u00e4ftst\u00e4tigkeit liegt auf Privatkunden sowie auf kleinen und mittleren Unternehmen bis hin zum gr\u00f6sseren Gewerbe. Die Gesellschaft erbringt mit rund 6 600 Mitarbeitenden Dienstleistungen f\u00fcr mehr als 5 Millionen Kunden. Bei einem Gesch\u00e4ftsvolumen von CHF 8.64 Mrd. erzielte Helvetia im Gesch\u00e4ftsjahr 2017 ein Ergebnis aus Gesch\u00e4ftst\u00e4tigkeit von CHF 502.4 Mio. Die Namenaktien der Helvetia Holding werden an der Schweizer B\u00f6rse SIX Swiss Exchange AG unter dem K\u00fcrzel HELN gehandelt.<\/p>\n","protected":false},"excerpt":{"rendered":"<p>Heute Abend ist David Allemann Gast bei der Gespr\u00e4chsreihe \u00abTheTalk@TheStudio\u00bb von Helvetia und Ringier. Das Format findet in diesem Jahr sechsmal statt und l\u00e4dt hochkar\u00e4tige Gastreferenten ins Caf\u00e9 \u00abThe Studio\u00bb im Ringier Pressehaus. Auf Blick.ch wird der Talk live \u00fcbertragen.<\/p>\n","protected":false},"author":23,"featured_media":2244,"comment_status":"closed","ping_status":"open","sticky":false,"template":"","format":"standard","meta":{"inline_featured_image":false,"footnotes":""},"categories":[44,361],"tags":[],"class_list":["post-2243","post","type-post","status-publish","format-standard","has-post-thumbnail","hentry","category-corporate-de","category-ringier-medien-schweiz"],"yoast_head":"<!-- This site is optimized with the Yoast SEO Premium plugin v27.5 (Yoast SEO v28.3) - https:\/\/yoast.com\/product\/yoast-seo-premium-wordpress\/ -->\n<title>TheTalk@TheStudio von Helvetia und Ringier David Allemann: \u00abKein Risiko zu nehmen, ist langfristig das gr\u00f6sste Risiko.\u00bb - Ringier<\/title>\n<meta name=\"robots\" content=\"index, follow, max-snippet:-1, max-image-preview:large, max-video-preview:-1\" \/>\n<link rel=\"canonical\" href=\"https:\/\/www.ringier.com\/de\/thetalkthestudio-von-helvetia-und-ringier-david-allemann-kein-risiko-zu-nehmen-ist-langfristig-das-groesste-risiko\/\" \/>\n<meta property=\"og:locale\" content=\"de_DE\" \/>\n<meta property=\"og:type\" content=\"article\" \/>\n<meta property=\"og:title\" content=\"TheTalk@TheStudio von Helvetia und Ringier David Allemann: \u00abKein Risiko zu nehmen, ist langfristig das gr\u00f6sste Risiko.\u00bb\" \/>\n<meta property=\"og:description\" content=\"Heute Abend ist David Allemann Gast bei der Gespr\u00e4chsreihe \u00abTheTalk@TheStudio\u00bb von Helvetia und Ringier. Das Format findet in diesem Jahr sechsmal statt und l\u00e4dt hochkar\u00e4tige Gastreferenten ins Caf\u00e9 \u00abThe Studio\u00bb im Ringier Pressehaus. Auf Blick.ch wird der Talk live \u00fcbertragen.\" \/>\n<meta property=\"og:url\" content=\"https:\/\/www.ringier.com\/de\/thetalkthestudio-von-helvetia-und-ringier-david-allemann-kein-risiko-zu-nehmen-ist-langfristig-das-groesste-risiko\/\" \/>\n<meta property=\"og:site_name\" content=\"Ringier\" \/>\n<meta property=\"article:publisher\" content=\"https:\/\/www.facebook.com\/ringierag\/\" \/>\n<meta property=\"article:published_time\" content=\"2019-01-28T14:49:00+00:00\" \/>\n<meta property=\"article:modified_time\" content=\"2024-11-19T13:34:51+00:00\" \/>\n<meta property=\"og:image\" content=\"https:\/\/www.ringier.com\/wp-content\/uploads\/2021\/08\/David-Allemann.jpg\" \/>\n\t<meta property=\"og:image:width\" content=\"600\" \/>\n\t<meta property=\"og:image:height\" content=\"400\" \/>\n\t<meta property=\"og:image:type\" content=\"image\/jpeg\" \/>\n<meta name=\"author\" content=\"Ringier Corporate Communications\" \/>\n<meta name=\"twitter:card\" content=\"summary_large_image\" \/>\n<meta name=\"twitter:creator\" content=\"@ringier_ag\" \/>\n<meta name=\"twitter:site\" content=\"@ringier_ag\" \/>\n<meta name=\"twitter:label1\" content=\"Verfasst von\" \/>\n\t<meta name=\"twitter:data1\" content=\"Ringier Corporate Communications\" \/>\n\t<meta name=\"twitter:label2\" content=\"Gesch\u00e4tzte Lesezeit\" \/>\n\t<meta name=\"twitter:data2\" content=\"2 Minuten\" \/>\n<script type=\"application\/ld+json\" class=\"yoast-schema-graph\">{\"@context\":\"https:\\\/\\\/schema.org\",\"@graph\":[{\"@type\":\"Article\",\"@id\":\"https:\\\/\\\/www.ringier.com\\\/de\\\/thetalkthestudio-von-helvetia-und-ringier-david-allemann-kein-risiko-zu-nehmen-ist-langfristig-das-groesste-risiko\\\/#article\",\"isPartOf\":{\"@id\":\"https:\\\/\\\/www.ringier.com\\\/de\\\/thetalkthestudio-von-helvetia-und-ringier-david-allemann-kein-risiko-zu-nehmen-ist-langfristig-das-groesste-risiko\\\/\"},\"author\":{\"name\":\"Ringier Corporate Communications\",\"@id\":\"https:\\\/\\\/www.ringier.com\\\/de\\\/#\\\/schema\\\/person\\\/4cf76a308dc4b2bb5121bd1e7b752e52\"},\"headline\":\"TheTalk@TheStudio von Helvetia und Ringier David Allemann: \u00abKein Risiko zu nehmen, ist langfristig das gr\u00f6sste Risiko.\u00bb\",\"datePublished\":\"2019-01-28T14:49:00+00:00\",\"dateModified\":\"2024-11-19T13:34:51+00:00\",\"mainEntityOfPage\":{\"@id\":\"https:\\\/\\\/www.ringier.com\\\/de\\\/thetalkthestudio-von-helvetia-und-ringier-david-allemann-kein-risiko-zu-nehmen-ist-langfristig-das-groesste-risiko\\\/\"},\"wordCount\":357,\"publisher\":{\"@id\":\"https:\\\/\\\/www.ringier.com\\\/de\\\/#organization\"},\"image\":{\"@id\":\"https:\\\/\\\/www.ringier.com\\\/de\\\/thetalkthestudio-von-helvetia-und-ringier-david-allemann-kein-risiko-zu-nehmen-ist-langfristig-das-groesste-risiko\\\/#primaryimage\"},\"thumbnailUrl\":\"https:\\\/\\\/www.ringier.com\\\/wp-content\\\/uploads\\\/2021\\\/08\\\/David-Allemann.jpg\",\"articleSection\":[\"Corporate\",\"Ringier Medien Schweiz\"],\"inLanguage\":\"de-DE\"},{\"@type\":\"WebPage\",\"@id\":\"https:\\\/\\\/www.ringier.com\\\/de\\\/thetalkthestudio-von-helvetia-und-ringier-david-allemann-kein-risiko-zu-nehmen-ist-langfristig-das-groesste-risiko\\\/\",\"url\":\"https:\\\/\\\/www.ringier.com\\\/de\\\/thetalkthestudio-von-helvetia-und-ringier-david-allemann-kein-risiko-zu-nehmen-ist-langfristig-das-groesste-risiko\\\/\",\"name\":\"TheTalk@TheStudio von Helvetia und Ringier David Allemann: \u00abKein Risiko zu nehmen, ist langfristig das gr\u00f6sste Risiko.\u00bb - Ringier\",\"isPartOf\":{\"@id\":\"https:\\\/\\\/www.ringier.com\\\/de\\\/#website\"},\"primaryImageOfPage\":{\"@id\":\"https:\\\/\\\/www.ringier.com\\\/de\\\/thetalkthestudio-von-helvetia-und-ringier-david-allemann-kein-risiko-zu-nehmen-ist-langfristig-das-groesste-risiko\\\/#primaryimage\"},\"image\":{\"@id\":\"https:\\\/\\\/www.ringier.com\\\/de\\\/thetalkthestudio-von-helvetia-und-ringier-david-allemann-kein-risiko-zu-nehmen-ist-langfristig-das-groesste-risiko\\\/#primaryimage\"},\"thumbnailUrl\":\"https:\\\/\\\/www.ringier.com\\\/wp-content\\\/uploads\\\/2021\\\/08\\\/David-Allemann.jpg\",\"datePublished\":\"2019-01-28T14:49:00+00:00\",\"dateModified\":\"2024-11-19T13:34:51+00:00\",\"breadcrumb\":{\"@id\":\"https:\\\/\\\/www.ringier.com\\\/de\\\/thetalkthestudio-von-helvetia-und-ringier-david-allemann-kein-risiko-zu-nehmen-ist-langfristig-das-groesste-risiko\\\/#breadcrumb\"},\"inLanguage\":\"de-DE\",\"potentialAction\":[{\"@type\":\"ReadAction\",\"target\":[\"https:\\\/\\\/www.ringier.com\\\/de\\\/thetalkthestudio-von-helvetia-und-ringier-david-allemann-kein-risiko-zu-nehmen-ist-langfristig-das-groesste-risiko\\\/\"]}]},{\"@type\":\"ImageObject\",\"inLanguage\":\"de-DE\",\"@id\":\"https:\\\/\\\/www.ringier.com\\\/de\\\/thetalkthestudio-von-helvetia-und-ringier-david-allemann-kein-risiko-zu-nehmen-ist-langfristig-das-groesste-risiko\\\/#primaryimage\",\"url\":\"https:\\\/\\\/www.ringier.com\\\/wp-content\\\/uploads\\\/2021\\\/08\\\/David-Allemann.jpg\",\"contentUrl\":\"https:\\\/\\\/www.ringier.com\\\/wp-content\\\/uploads\\\/2021\\\/08\\\/David-Allemann.jpg\",\"width\":600,\"height\":400},{\"@type\":\"BreadcrumbList\",\"@id\":\"https:\\\/\\\/www.ringier.com\\\/de\\\/thetalkthestudio-von-helvetia-und-ringier-david-allemann-kein-risiko-zu-nehmen-ist-langfristig-das-groesste-risiko\\\/#breadcrumb\",\"itemListElement\":[{\"@type\":\"ListItem\",\"position\":1,\"name\":\"Home\",\"item\":\"https:\\\/\\\/www.ringier.com\\\/de\\\/\"},{\"@type\":\"ListItem\",\"position\":2,\"name\":\"TheTalk@TheStudio von Helvetia und Ringier David Allemann: \u00abKein Risiko zu nehmen, ist langfristig das gr\u00f6sste Risiko.\u00bb\"}]},{\"@type\":\"WebSite\",\"@id\":\"https:\\\/\\\/www.ringier.com\\\/de\\\/#website\",\"url\":\"https:\\\/\\\/www.ringier.com\\\/de\\\/\",\"name\":\"Ringier\",\"description\":\"We inform. We entertain. We connect\",\"publisher\":{\"@id\":\"https:\\\/\\\/www.ringier.com\\\/de\\\/#organization\"},\"potentialAction\":[{\"@type\":\"SearchAction\",\"target\":{\"@type\":\"EntryPoint\",\"urlTemplate\":\"https:\\\/\\\/www.ringier.com\\\/de\\\/?s={search_term_string}\"},\"query-input\":{\"@type\":\"PropertyValueSpecification\",\"valueRequired\":true,\"valueName\":\"search_term_string\"}}],\"inLanguage\":\"de-DE\"},{\"@type\":\"Organization\",\"@id\":\"https:\\\/\\\/www.ringier.com\\\/de\\\/#organization\",\"name\":\"Ringier\",\"url\":\"https:\\\/\\\/www.ringier.com\\\/de\\\/\",\"logo\":{\"@type\":\"ImageObject\",\"inLanguage\":\"de-DE\",\"@id\":\"https:\\\/\\\/www.ringier.com\\\/de\\\/#\\\/schema\\\/logo\\\/image\\\/\",\"url\":\"https:\\\/\\\/www.ringier.com\\\/wp-content\\\/uploads\\\/2021\\\/10\\\/ringier_logo_2.jpg\",\"contentUrl\":\"https:\\\/\\\/www.ringier.com\\\/wp-content\\\/uploads\\\/2021\\\/10\\\/ringier_logo_2.jpg\",\"width\":750,\"height\":550,\"caption\":\"Ringier\"},\"image\":{\"@id\":\"https:\\\/\\\/www.ringier.com\\\/de\\\/#\\\/schema\\\/logo\\\/image\\\/\"},\"sameAs\":[\"https:\\\/\\\/www.facebook.com\\\/ringierag\\\/\",\"https:\\\/\\\/x.com\\\/ringier_ag\",\"https:\\\/\\\/www.instagram.com\\\/ringier_ag\\\/\",\"https:\\\/\\\/www.linkedin.com\\\/company\\\/ringier\\\/\",\"https:\\\/\\\/www.youtube.com\\\/user\\\/RingierComm\",\"https:\\\/\\\/en.wikipedia.org\\\/wiki\\\/Ringier\",\"https:\\\/\\\/de.wikipedia.org\\\/wiki\\\/Ringier\",\"https:\\\/\\\/fr.wikipedia.org\\\/wiki\\\/Ringier\",\"https:\\\/\\\/www.crunchbase.com\\\/organization\\\/ringier-ag\"]},{\"@type\":\"Person\",\"@id\":\"https:\\\/\\\/www.ringier.com\\\/de\\\/#\\\/schema\\\/person\\\/4cf76a308dc4b2bb5121bd1e7b752e52\",\"name\":\"Ringier Corporate Communications\",\"image\":{\"@type\":\"ImageObject\",\"inLanguage\":\"de-DE\",\"@id\":\"https:\\\/\\\/secure.gravatar.com\\\/avatar\\\/9391e20481368d5df4fe3e1e476c13b27786347489822ec1ed07e532bb41f587?s=96&d=mm&r=g\",\"url\":\"https:\\\/\\\/secure.gravatar.com\\\/avatar\\\/9391e20481368d5df4fe3e1e476c13b27786347489822ec1ed07e532bb41f587?s=96&d=mm&r=g\",\"contentUrl\":\"https:\\\/\\\/secure.gravatar.com\\\/avatar\\\/9391e20481368d5df4fe3e1e476c13b27786347489822ec1ed07e532bb41f587?s=96&d=mm&r=g\",\"caption\":\"Ringier Corporate Communications\"},\"sameAs\":[\"https:\\\/\\\/www.ringier.com\"]}]}<\/script>\n<!-- \/ Yoast SEO Premium plugin. -->","yoast_head_json":{"title":"TheTalk@TheStudio von Helvetia und Ringier David Allemann: \u00abKein Risiko zu nehmen, ist langfristig das gr\u00f6sste Risiko.\u00bb - Ringier","robots":{"index":"index","follow":"follow","max-snippet":"max-snippet:-1","max-image-preview":"max-image-preview:large","max-video-preview":"max-video-preview:-1"},"canonical":"https:\/\/www.ringier.com\/de\/thetalkthestudio-von-helvetia-und-ringier-david-allemann-kein-risiko-zu-nehmen-ist-langfristig-das-groesste-risiko\/","og_locale":"de_DE","og_type":"article","og_title":"TheTalk@TheStudio von Helvetia und Ringier David Allemann: \u00abKein Risiko zu nehmen, ist langfristig das gr\u00f6sste Risiko.\u00bb","og_description":"Heute Abend ist David Allemann Gast bei der Gespr\u00e4chsreihe \u00abTheTalk@TheStudio\u00bb von Helvetia und Ringier. Das Format findet in diesem Jahr sechsmal statt und l\u00e4dt hochkar\u00e4tige Gastreferenten ins Caf\u00e9 \u00abThe Studio\u00bb im Ringier Pressehaus. Auf Blick.ch wird der Talk live \u00fcbertragen.","og_url":"https:\/\/www.ringier.com\/de\/thetalkthestudio-von-helvetia-und-ringier-david-allemann-kein-risiko-zu-nehmen-ist-langfristig-das-groesste-risiko\/","og_site_name":"Ringier","article_publisher":"https:\/\/www.facebook.com\/ringierag\/","article_published_time":"2019-01-28T14:49:00+00:00","article_modified_time":"2024-11-19T13:34:51+00:00","og_image":[{"width":600,"height":400,"url":"https:\/\/www.ringier.com\/wp-content\/uploads\/2021\/08\/David-Allemann.jpg","type":"image\/jpeg"}],"author":"Ringier Corporate Communications","twitter_card":"summary_large_image","twitter_creator":"@ringier_ag","twitter_site":"@ringier_ag","twitter_misc":{"Verfasst von":"Ringier Corporate Communications","Gesch\u00e4tzte Lesezeit":"2 Minuten"},"schema":{"@context":"https:\/\/schema.org","@graph":[{"@type":"Article","@id":"https:\/\/www.ringier.com\/de\/thetalkthestudio-von-helvetia-und-ringier-david-allemann-kein-risiko-zu-nehmen-ist-langfristig-das-groesste-risiko\/#article","isPartOf":{"@id":"https:\/\/www.ringier.com\/de\/thetalkthestudio-von-helvetia-und-ringier-david-allemann-kein-risiko-zu-nehmen-ist-langfristig-das-groesste-risiko\/"},"author":{"name":"Ringier Corporate Communications","@id":"https:\/\/www.ringier.com\/de\/#\/schema\/person\/4cf76a308dc4b2bb5121bd1e7b752e52"},"headline":"TheTalk@TheStudio von Helvetia und Ringier David Allemann: \u00abKein Risiko zu nehmen, ist langfristig das gr\u00f6sste Risiko.\u00bb","datePublished":"2019-01-28T14:49:00+00:00","dateModified":"2024-11-19T13:34:51+00:00","mainEntityOfPage":{"@id":"https:\/\/www.ringier.com\/de\/thetalkthestudio-von-helvetia-und-ringier-david-allemann-kein-risiko-zu-nehmen-ist-langfristig-das-groesste-risiko\/"},"wordCount":357,"publisher":{"@id":"https:\/\/www.ringier.com\/de\/#organization"},"image":{"@id":"https:\/\/www.ringier.com\/de\/thetalkthestudio-von-helvetia-und-ringier-david-allemann-kein-risiko-zu-nehmen-ist-langfristig-das-groesste-risiko\/#primaryimage"},"thumbnailUrl":"https:\/\/www.ringier.com\/wp-content\/uploads\/2021\/08\/David-Allemann.jpg","articleSection":["Corporate","Ringier Medien Schweiz"],"inLanguage":"de-DE"},{"@type":"WebPage","@id":"https:\/\/www.ringier.com\/de\/thetalkthestudio-von-helvetia-und-ringier-david-allemann-kein-risiko-zu-nehmen-ist-langfristig-das-groesste-risiko\/","url":"https:\/\/www.ringier.com\/de\/thetalkthestudio-von-helvetia-und-ringier-david-allemann-kein-risiko-zu-nehmen-ist-langfristig-das-groesste-risiko\/","name":"TheTalk@TheStudio von Helvetia und Ringier David Allemann: \u00abKein Risiko zu nehmen, ist langfristig das gr\u00f6sste Risiko.\u00bb - Ringier","isPartOf":{"@id":"https:\/\/www.ringier.com\/de\/#website"},"primaryImageOfPage":{"@id":"https:\/\/www.ringier.com\/de\/thetalkthestudio-von-helvetia-und-ringier-david-allemann-kein-risiko-zu-nehmen-ist-langfristig-das-groesste-risiko\/#primaryimage"},"image":{"@id":"https:\/\/www.ringier.com\/de\/thetalkthestudio-von-helvetia-und-ringier-david-allemann-kein-risiko-zu-nehmen-ist-langfristig-das-groesste-risiko\/#primaryimage"},"thumbnailUrl":"https:\/\/www.ringier.com\/wp-content\/uploads\/2021\/08\/David-Allemann.jpg","datePublished":"2019-01-28T14:49:00+00:00","dateModified":"2024-11-19T13:34:51+00:00","breadcrumb":{"@id":"https:\/\/www.ringier.com\/de\/thetalkthestudio-von-helvetia-und-ringier-david-allemann-kein-risiko-zu-nehmen-ist-langfristig-das-groesste-risiko\/#breadcrumb"},"inLanguage":"de-DE","potentialAction":[{"@type":"ReadAction","target":["https:\/\/www.ringier.com\/de\/thetalkthestudio-von-helvetia-und-ringier-david-allemann-kein-risiko-zu-nehmen-ist-langfristig-das-groesste-risiko\/"]}]},{"@type":"ImageObject","inLanguage":"de-DE","@id":"https:\/\/www.ringier.com\/de\/thetalkthestudio-von-helvetia-und-ringier-david-allemann-kein-risiko-zu-nehmen-ist-langfristig-das-groesste-risiko\/#primaryimage","url":"https:\/\/www.ringier.com\/wp-content\/uploads\/2021\/08\/David-Allemann.jpg","contentUrl":"https:\/\/www.ringier.com\/wp-content\/uploads\/2021\/08\/David-Allemann.jpg","width":600,"height":400},{"@type":"BreadcrumbList","@id":"https:\/\/www.ringier.com\/de\/thetalkthestudio-von-helvetia-und-ringier-david-allemann-kein-risiko-zu-nehmen-ist-langfristig-das-groesste-risiko\/#breadcrumb","itemListElement":[{"@type":"ListItem","position":1,"name":"Home","item":"https:\/\/www.ringier.com\/de\/"},{"@type":"ListItem","position":2,"name":"TheTalk@TheStudio von Helvetia und Ringier David Allemann: \u00abKein Risiko zu nehmen, ist langfristig das gr\u00f6sste Risiko.\u00bb"}]},{"@type":"WebSite","@id":"https:\/\/www.ringier.com\/de\/#website","url":"https:\/\/www.ringier.com\/de\/","name":"Ringier","description":"We inform. We entertain. We connect","publisher":{"@id":"https:\/\/www.ringier.com\/de\/#organization"},"potentialAction":[{"@type":"SearchAction","target":{"@type":"EntryPoint","urlTemplate":"https:\/\/www.ringier.com\/de\/?s={search_term_string}"},"query-input":{"@type":"PropertyValueSpecification","valueRequired":true,"valueName":"search_term_string"}}],"inLanguage":"de-DE"},{"@type":"Organization","@id":"https:\/\/www.ringier.com\/de\/#organization","name":"Ringier","url":"https:\/\/www.ringier.com\/de\/","logo":{"@type":"ImageObject","inLanguage":"de-DE","@id":"https:\/\/www.ringier.com\/de\/#\/schema\/logo\/image\/","url":"https:\/\/www.ringier.com\/wp-content\/uploads\/2021\/10\/ringier_logo_2.jpg","contentUrl":"https:\/\/www.ringier.com\/wp-content\/uploads\/2021\/10\/ringier_logo_2.jpg","width":750,"height":550,"caption":"Ringier"},"image":{"@id":"https:\/\/www.ringier.com\/de\/#\/schema\/logo\/image\/"},"sameAs":["https:\/\/www.facebook.com\/ringierag\/","https:\/\/x.com\/ringier_ag","https:\/\/www.instagram.com\/ringier_ag\/","https:\/\/www.linkedin.com\/company\/ringier\/","https:\/\/www.youtube.com\/user\/RingierComm","https:\/\/en.wikipedia.org\/wiki\/Ringier","https:\/\/de.wikipedia.org\/wiki\/Ringier","https:\/\/fr.wikipedia.org\/wiki\/Ringier","https:\/\/www.crunchbase.com\/organization\/ringier-ag"]},{"@type":"Person","@id":"https:\/\/www.ringier.com\/de\/#\/schema\/person\/4cf76a308dc4b2bb5121bd1e7b752e52","name":"Ringier Corporate Communications","image":{"@type":"ImageObject","inLanguage":"de-DE","@id":"https:\/\/secure.gravatar.com\/avatar\/9391e20481368d5df4fe3e1e476c13b27786347489822ec1ed07e532bb41f587?s=96&d=mm&r=g","url":"https:\/\/secure.gravatar.com\/avatar\/9391e20481368d5df4fe3e1e476c13b27786347489822ec1ed07e532bb41f587?s=96&d=mm&r=g","contentUrl":"https:\/\/secure.gravatar.com\/avatar\/9391e20481368d5df4fe3e1e476c13b27786347489822ec1ed07e532bb41f587?s=96&d=mm&r=g","caption":"Ringier Corporate Communications"},"sameAs":["https:\/\/www.ringier.com"]}]}},"_links":{"self":[{"href":"https:\/\/www.ringier.com\/de\/wp-json\/wp\/v2\/posts\/2243","targetHints":{"allow":["GET"]}}],"collection":[{"href":"https:\/\/www.ringier.com\/de\/wp-json\/wp\/v2\/posts"}],"about":[{"href":"https:\/\/www.ringier.com\/de\/wp-json\/wp\/v2\/types\/post"}],"author":[{"embeddable":true,"href":"https:\/\/www.ringier.com\/de\/wp-json\/wp\/v2\/users\/23"}],"replies":[{"embeddable":true,"href":"https:\/\/www.ringier.com\/de\/wp-json\/wp\/v2\/comments?post=2243"}],"version-history":[{"count":0,"href":"https:\/\/www.ringier.com\/de\/wp-json\/wp\/v2\/posts\/2243\/revisions"}],"wp:featuredmedia":[{"embeddable":true,"href":"https:\/\/www.ringier.com\/de\/wp-json\/wp\/v2\/media\/2244"}],"wp:attachment":[{"href":"https:\/\/www.ringier.com\/de\/wp-json\/wp\/v2\/media?parent=2243"}],"wp:term":[{"taxonomy":"category","embeddable":true,"href":"https:\/\/www.ringier.com\/de\/wp-json\/wp\/v2\/categories?post=2243"},{"taxonomy":"post_tag","embeddable":true,"href":"https:\/\/www.ringier.com\/de\/wp-json\/wp\/v2\/tags?post=2243"}],"curies":[{"name":"wp","href":"https:\/\/api.w.org\/{rel}","templated":true}]}}