{"id":22031,"date":"2025-07-17T11:00:00","date_gmt":"2025-07-17T09:00:00","guid":{"rendered":"https:\/\/www.ringier.com\/?p=22031"},"modified":"2025-07-17T10:42:33","modified_gmt":"2025-07-17T08:42:33","slug":"mit-albert-roesti-durchs-emmental-bundesratswanderung-von-schweizer-illustrierte-und-lillustre","status":"publish","type":"post","link":"https:\/\/www.ringier.com\/de\/mit-albert-roesti-durchs-emmental-bundesratswanderung-von-schweizer-illustrierte-und-lillustre\/","title":{"rendered":"Mit Albert R\u00f6sti durchs Emmental: Traditionelle Bundesratswanderung von Schweizer Illustrierte und L\u2019illustr\u00e9 fand bereits im Juli statt"},"content":{"rendered":"\n<p>Rund 170 Leserinnen und Leser aus allen Landesteilen nahmen an dem besonderen Tag im h\u00fcgeligen Emmental teil. Die Route f\u00fchrte von der Kirche W\u00fcrzbrunnen \u00fcber das Chuderh\u00fcsi und den Gauchernwald bis zum Biohof Wielandleben. Dort angekommen, wurde ein regionaler Brunch mit musikalischer Begleitung offeriert. Die Rede von Bundesrat Albert R\u00f6sti, in der er einen Einblick in die Alltagsthemen des UVEK gab, war der H\u00f6hepunkt des Tages.<\/p>\n\n\n\n<p>\u00abDass sich ein Bundesrat einen ganzen Tag lang Zeit nimmt, mit Leserinnen und Lesern unterwegs zu sein, sich mit ihnen auszutauschen, Komplimente, aber auch Kritik entgegenzunehmen, ist \u00fcberhaupt nicht selbstverst\u00e4ndlich \u2013 und wohl nur in der Schweiz so m\u00f6glich. Wir sind sehr stolz, Gastgeberin dieses Anlasses zu sein. Die Bundesratswanderung ist jedes Jahr ein Highlight f\u00fcr uns. Oder wie man in Bern sagt: Der Ausflug mit Bundesrat Albert R\u00f6sti und unseren Leserinnen und Lesern ins Emmental hett gf\u00e4gt!\u00bb, sagt <strong>Silvia Binggeli, Chefredaktorin der Schweizer Illustrierten.<\/strong><\/p>\n\n\n\n<p>Auch Bundesrat Albert R\u00f6sti zeigte sich bewegt vom pers\u00f6nlichen Austausch. Es sei f\u00fcr ihn ein grosses Privileg, mit so vielen Menschen aus allen Landesteilen einen Tag verbringen zu d\u00fcrfen.<strong> In der Schweizer Illustrierte und L\u2019illustr\u00e9 l\u00e4sst er sich zitieren:<\/strong> \u00abMan kennt sich nicht, aber durchs Wandern f\u00fchlt man sich verbunden. Was wir heute erlebt haben, ist Heimat im wahrsten Sinne. Danke f\u00fcr die gesp\u00fcrte mentale Unterst\u00fctzung. Der R\u00f6stigraben verschwindet heute mit diesem Brunch.\u00bb<\/p>\n\n\n\n<p>Die Westschweizer Delegation war ebenfalls begeistert. <strong>Philippe Clot, Journalist von L\u2019illustr\u00e9: <\/strong>\u00abDie rund 30 Westschweizer Leserinnen und Leser von L&#8217;illustr\u00e9 haben in Albert R\u00f6sti einen Bundesrat entdeckt, der ihre Anliegen versteht und offen f\u00fcr den Dialog ist. Dieser Tag in der wundersch\u00f6nen Berner Landschaft hat aber vor allem gezeigt, wie stark alle Schweizerinnen und Schweizer untereinander und mit ihren politischen Beh\u00f6rden verbunden sind.\u00bb<\/p>\n\n\n\n<p>Die Wanderung war auch f\u00fcr <strong>Theres R\u00f6sti <\/strong>ein besonderer Moment. In der neuesten Ausgabe der Schweizer Illustrierten wird sie zitiert: \u00abAlbert hat es schon immer genossen, unter Menschen zu sein. Darum mag er auch Tage wie heute. So tankt er Kraft.\u00bb<\/p>\n\n\n\n<p>Die Bundesratswanderung 2025 von Schweizer Illustrierten und L\u2019illustr\u00e9 wurde unterst\u00fctzt von Bern Welcome, Emmental Tourismus, Berner Wanderwege und Twerenbold Reisen.<\/p>\n\n\n\n<p>Den gesamten Bericht findet man am Donnerstag, 17.7. in der L\u2019illustr\u00e9 und am Freitag, 18.7. in der Schweizer Illustrierten.<\/p>\n\n\n\n<hr class=\"wp-block-separator has-alpha-channel-opacity\"\/>\n\n\n\n<p class=\"has-small-font-size\"><strong>\u00dcber Ringier Medien Schweiz (RMS)<br><\/strong>Mehr als 4,6 Millionen Leser\/innen nutzen und vertrauen den Medienmarken von RMS. Zum Portfolio geh\u00f6ren der Blick sowie die reichweitenst\u00e4rksten Magazin- und Zeitschriftentitel wie Beobachter, Handelszeitung, Bilanz, cash.ch, Tele, Schweizer Illustrierte, Landliebe, Gl\u00fcckspost, L\u2019Illustr\u00e9 und PME. Mit ihrem breiten Themenspektrum, ihrer herausragenden Reichweite und ihren starken Inhalten positioniert sich RMS als das zukunftsorientierte Medienhaus der Schweiz und ist, unterst\u00fctzt durch die Vermarktungseinheit Ringier Advertising, bereits heute der bevorzugte Partner f\u00fcr Werbekunden, die attraktive und effiziente Werbel\u00f6sungen suchen.<\/p>\n\n\n\n<p><\/p>\n","protected":false},"excerpt":{"rendered":"<p>Am Montag, 7. Juli 2025, f\u00fchrte die Schweizer Illustrierte gemeinsam mit L\u2019illustr\u00e9 die traditionelle Bundesratswanderung durch: in diesem Jahr mit UVEK-Vorsteher, Bundesrat Albert R\u00f6sti. Aus terminlichen Gr\u00fcnden musste die Wanderung, die traditionell am 1. August stattfindet, vorverlegt werden. <\/p>\n","protected":false},"author":23,"featured_media":22032,"comment_status":"closed","ping_status":"open","sticky":false,"template":"","format":"standard","meta":{"inline_featured_image":false,"footnotes":""},"categories":[361],"tags":[],"class_list":["post-22031","post","type-post","status-publish","format-standard","has-post-thumbnail","hentry","category-ringier-medien-schweiz"],"yoast_head":"<!-- This site is optimized with the Yoast SEO Premium plugin v27.0 (Yoast SEO v27.0) - https:\/\/yoast.com\/product\/yoast-seo-premium-wordpress\/ -->\n<title>Mit Albert R\u00f6sti durchs Emmental: Traditionelle Bundesratswanderung von Schweizer Illustrierte und L\u2019illustr\u00e9 fand bereits im Juli statt - Ringier<\/title>\n<meta name=\"robots\" content=\"index, follow, max-snippet:-1, max-image-preview:large, max-video-preview:-1\" \/>\n<link rel=\"canonical\" href=\"https:\/\/www.ringier.com\/de\/mit-albert-roesti-durchs-emmental-bundesratswanderung-von-schweizer-illustrierte-und-lillustre\/\" \/>\n<meta property=\"og:locale\" content=\"de_DE\" \/>\n<meta property=\"og:type\" content=\"article\" \/>\n<meta property=\"og:title\" content=\"Mit Albert R\u00f6sti durchs Emmental: Traditionelle Bundesratswanderung von Schweizer Illustrierte und L\u2019illustr\u00e9 fand bereits im Juli statt\" \/>\n<meta property=\"og:description\" content=\"Am Montag, 7. Juli 2025, f\u00fchrte die Schweizer Illustrierte gemeinsam mit L\u2019illustr\u00e9 die traditionelle Bundesratswanderung durch: in diesem Jahr mit UVEK-Vorsteher, Bundesrat Albert R\u00f6sti. Aus terminlichen Gr\u00fcnden musste die Wanderung, die traditionell am 1. August stattfindet, vorverlegt werden.\" \/>\n<meta property=\"og:url\" content=\"https:\/\/www.ringier.com\/de\/mit-albert-roesti-durchs-emmental-bundesratswanderung-von-schweizer-illustrierte-und-lillustre\/\" \/>\n<meta property=\"og:site_name\" content=\"Ringier\" \/>\n<meta property=\"article:publisher\" content=\"https:\/\/www.facebook.com\/ringierag\/\" \/>\n<meta property=\"article:published_time\" content=\"2025-07-17T09:00:00+00:00\" \/>\n<meta property=\"og:image\" content=\"https:\/\/www.ringier.com\/wp-content\/uploads\/2025\/07\/MM_Bundesratswanderung.jpg\" \/>\n\t<meta property=\"og:image:width\" content=\"1200\" \/>\n\t<meta property=\"og:image:height\" content=\"630\" \/>\n\t<meta property=\"og:image:type\" content=\"image\/jpeg\" \/>\n<meta name=\"author\" content=\"Ringier Corporate Communications\" \/>\n<meta name=\"twitter:card\" content=\"summary_large_image\" \/>\n<meta name=\"twitter:creator\" content=\"@ringier_ag\" \/>\n<meta name=\"twitter:site\" content=\"@ringier_ag\" \/>\n<meta name=\"twitter:label1\" content=\"Verfasst von\" \/>\n\t<meta name=\"twitter:data1\" content=\"Ringier Corporate Communications\" \/>\n\t<meta name=\"twitter:label2\" content=\"Gesch\u00e4tzte Lesezeit\" \/>\n\t<meta name=\"twitter:data2\" content=\"3 Minuten\" \/>\n<script type=\"application\/ld+json\" class=\"yoast-schema-graph\">{\"@context\":\"https:\/\/schema.org\",\"@graph\":[{\"@type\":\"Article\",\"@id\":\"https:\/\/www.ringier.com\/de\/mit-albert-roesti-durchs-emmental-bundesratswanderung-von-schweizer-illustrierte-und-lillustre\/#article\",\"isPartOf\":{\"@id\":\"https:\/\/www.ringier.com\/de\/mit-albert-roesti-durchs-emmental-bundesratswanderung-von-schweizer-illustrierte-und-lillustre\/\"},\"author\":{\"name\":\"Ringier Corporate Communications\",\"@id\":\"https:\/\/www.ringier.com\/de\/#\/schema\/person\/4cf76a308dc4b2bb5121bd1e7b752e52\"},\"headline\":\"Mit Albert R\u00f6sti durchs Emmental: Traditionelle Bundesratswanderung von Schweizer Illustrierte und L\u2019illustr\u00e9 fand bereits im Juli statt\",\"datePublished\":\"2025-07-17T09:00:00+00:00\",\"mainEntityOfPage\":{\"@id\":\"https:\/\/www.ringier.com\/de\/mit-albert-roesti-durchs-emmental-bundesratswanderung-von-schweizer-illustrierte-und-lillustre\/\"},\"wordCount\":503,\"publisher\":{\"@id\":\"https:\/\/www.ringier.com\/de\/#organization\"},\"image\":{\"@id\":\"https:\/\/www.ringier.com\/de\/mit-albert-roesti-durchs-emmental-bundesratswanderung-von-schweizer-illustrierte-und-lillustre\/#primaryimage\"},\"thumbnailUrl\":\"https:\/\/www.ringier.com\/wp-content\/uploads\/2025\/07\/MM_Bundesratswanderung.jpg\",\"articleSection\":[\"Ringier Medien Schweiz\"],\"inLanguage\":\"de-DE\"},{\"@type\":\"WebPage\",\"@id\":\"https:\/\/www.ringier.com\/de\/mit-albert-roesti-durchs-emmental-bundesratswanderung-von-schweizer-illustrierte-und-lillustre\/\",\"url\":\"https:\/\/www.ringier.com\/de\/mit-albert-roesti-durchs-emmental-bundesratswanderung-von-schweizer-illustrierte-und-lillustre\/\",\"name\":\"Mit Albert R\u00f6sti durchs Emmental: Traditionelle Bundesratswanderung von Schweizer Illustrierte und L\u2019illustr\u00e9 fand bereits im Juli statt - Ringier\",\"isPartOf\":{\"@id\":\"https:\/\/www.ringier.com\/de\/#website\"},\"primaryImageOfPage\":{\"@id\":\"https:\/\/www.ringier.com\/de\/mit-albert-roesti-durchs-emmental-bundesratswanderung-von-schweizer-illustrierte-und-lillustre\/#primaryimage\"},\"image\":{\"@id\":\"https:\/\/www.ringier.com\/de\/mit-albert-roesti-durchs-emmental-bundesratswanderung-von-schweizer-illustrierte-und-lillustre\/#primaryimage\"},\"thumbnailUrl\":\"https:\/\/www.ringier.com\/wp-content\/uploads\/2025\/07\/MM_Bundesratswanderung.jpg\",\"datePublished\":\"2025-07-17T09:00:00+00:00\",\"breadcrumb\":{\"@id\":\"https:\/\/www.ringier.com\/de\/mit-albert-roesti-durchs-emmental-bundesratswanderung-von-schweizer-illustrierte-und-lillustre\/#breadcrumb\"},\"inLanguage\":\"de-DE\",\"potentialAction\":[{\"@type\":\"ReadAction\",\"target\":[\"https:\/\/www.ringier.com\/de\/mit-albert-roesti-durchs-emmental-bundesratswanderung-von-schweizer-illustrierte-und-lillustre\/\"]}]},{\"@type\":\"ImageObject\",\"inLanguage\":\"de-DE\",\"@id\":\"https:\/\/www.ringier.com\/de\/mit-albert-roesti-durchs-emmental-bundesratswanderung-von-schweizer-illustrierte-und-lillustre\/#primaryimage\",\"url\":\"https:\/\/www.ringier.com\/wp-content\/uploads\/2025\/07\/MM_Bundesratswanderung.jpg\",\"contentUrl\":\"https:\/\/www.ringier.com\/wp-content\/uploads\/2025\/07\/MM_Bundesratswanderung.jpg\",\"width\":1200,\"height\":630},{\"@type\":\"BreadcrumbList\",\"@id\":\"https:\/\/www.ringier.com\/de\/mit-albert-roesti-durchs-emmental-bundesratswanderung-von-schweizer-illustrierte-und-lillustre\/#breadcrumb\",\"itemListElement\":[{\"@type\":\"ListItem\",\"position\":1,\"name\":\"Home\",\"item\":\"https:\/\/www.ringier.com\/de\/\"},{\"@type\":\"ListItem\",\"position\":2,\"name\":\"Mit Albert R\u00f6sti durchs Emmental: Traditionelle Bundesratswanderung von Schweizer Illustrierte und L\u2019illustr\u00e9 fand bereits im Juli statt\"}]},{\"@type\":\"WebSite\",\"@id\":\"https:\/\/www.ringier.com\/de\/#website\",\"url\":\"https:\/\/www.ringier.com\/de\/\",\"name\":\"Ringier\",\"description\":\"We inform. We entertain. We connect\",\"publisher\":{\"@id\":\"https:\/\/www.ringier.com\/de\/#organization\"},\"potentialAction\":[{\"@type\":\"SearchAction\",\"target\":{\"@type\":\"EntryPoint\",\"urlTemplate\":\"https:\/\/www.ringier.com\/de\/?s={search_term_string}\"},\"query-input\":{\"@type\":\"PropertyValueSpecification\",\"valueRequired\":true,\"valueName\":\"search_term_string\"}}],\"inLanguage\":\"de-DE\"},{\"@type\":\"Organization\",\"@id\":\"https:\/\/www.ringier.com\/de\/#organization\",\"name\":\"Ringier\",\"url\":\"https:\/\/www.ringier.com\/de\/\",\"logo\":{\"@type\":\"ImageObject\",\"inLanguage\":\"de-DE\",\"@id\":\"https:\/\/www.ringier.com\/de\/#\/schema\/logo\/image\/\",\"url\":\"https:\/\/www.ringier.com\/wp-content\/uploads\/2021\/10\/ringier_logo_2.jpg\",\"contentUrl\":\"https:\/\/www.ringier.com\/wp-content\/uploads\/2021\/10\/ringier_logo_2.jpg\",\"width\":750,\"height\":550,\"caption\":\"Ringier\"},\"image\":{\"@id\":\"https:\/\/www.ringier.com\/de\/#\/schema\/logo\/image\/\"},\"sameAs\":[\"https:\/\/www.facebook.com\/ringierag\/\",\"https:\/\/x.com\/ringier_ag\",\"https:\/\/www.instagram.com\/ringier_ag\/\",\"https:\/\/www.linkedin.com\/company\/ringier\/\",\"https:\/\/www.youtube.com\/user\/RingierComm\",\"https:\/\/en.wikipedia.org\/wiki\/Ringier\",\"https:\/\/de.wikipedia.org\/wiki\/Ringier\",\"https:\/\/fr.wikipedia.org\/wiki\/Ringier\",\"https:\/\/www.crunchbase.com\/organization\/ringier-ag\"]},{\"@type\":\"Person\",\"@id\":\"https:\/\/www.ringier.com\/de\/#\/schema\/person\/4cf76a308dc4b2bb5121bd1e7b752e52\",\"name\":\"Ringier Corporate Communications\",\"image\":{\"@type\":\"ImageObject\",\"inLanguage\":\"de-DE\",\"@id\":\"https:\/\/www.ringier.com\/de\/#\/schema\/person\/image\/\",\"url\":\"https:\/\/secure.gravatar.com\/avatar\/9391e20481368d5df4fe3e1e476c13b27786347489822ec1ed07e532bb41f587?s=96&d=mm&r=g\",\"contentUrl\":\"https:\/\/secure.gravatar.com\/avatar\/9391e20481368d5df4fe3e1e476c13b27786347489822ec1ed07e532bb41f587?s=96&d=mm&r=g\",\"caption\":\"Ringier Corporate Communications\"},\"sameAs\":[\"https:\/\/www.ringier.com\"]}]}<\/script>\n<!-- \/ Yoast SEO Premium plugin. -->","yoast_head_json":{"title":"Mit Albert R\u00f6sti durchs Emmental: Traditionelle Bundesratswanderung von Schweizer Illustrierte und L\u2019illustr\u00e9 fand bereits im Juli statt - Ringier","robots":{"index":"index","follow":"follow","max-snippet":"max-snippet:-1","max-image-preview":"max-image-preview:large","max-video-preview":"max-video-preview:-1"},"canonical":"https:\/\/www.ringier.com\/de\/mit-albert-roesti-durchs-emmental-bundesratswanderung-von-schweizer-illustrierte-und-lillustre\/","og_locale":"de_DE","og_type":"article","og_title":"Mit Albert R\u00f6sti durchs Emmental: Traditionelle Bundesratswanderung von Schweizer Illustrierte und L\u2019illustr\u00e9 fand bereits im Juli statt","og_description":"Am Montag, 7. Juli 2025, f\u00fchrte die Schweizer Illustrierte gemeinsam mit L\u2019illustr\u00e9 die traditionelle Bundesratswanderung durch: in diesem Jahr mit UVEK-Vorsteher, Bundesrat Albert R\u00f6sti. Aus terminlichen Gr\u00fcnden musste die Wanderung, die traditionell am 1. August stattfindet, vorverlegt werden.","og_url":"https:\/\/www.ringier.com\/de\/mit-albert-roesti-durchs-emmental-bundesratswanderung-von-schweizer-illustrierte-und-lillustre\/","og_site_name":"Ringier","article_publisher":"https:\/\/www.facebook.com\/ringierag\/","article_published_time":"2025-07-17T09:00:00+00:00","og_image":[{"width":1200,"height":630,"url":"https:\/\/www.ringier.com\/wp-content\/uploads\/2025\/07\/MM_Bundesratswanderung.jpg","type":"image\/jpeg"}],"author":"Ringier Corporate Communications","twitter_card":"summary_large_image","twitter_creator":"@ringier_ag","twitter_site":"@ringier_ag","twitter_misc":{"Verfasst von":"Ringier Corporate Communications","Gesch\u00e4tzte Lesezeit":"3 Minuten"},"schema":{"@context":"https:\/\/schema.org","@graph":[{"@type":"Article","@id":"https:\/\/www.ringier.com\/de\/mit-albert-roesti-durchs-emmental-bundesratswanderung-von-schweizer-illustrierte-und-lillustre\/#article","isPartOf":{"@id":"https:\/\/www.ringier.com\/de\/mit-albert-roesti-durchs-emmental-bundesratswanderung-von-schweizer-illustrierte-und-lillustre\/"},"author":{"name":"Ringier Corporate Communications","@id":"https:\/\/www.ringier.com\/de\/#\/schema\/person\/4cf76a308dc4b2bb5121bd1e7b752e52"},"headline":"Mit Albert R\u00f6sti durchs Emmental: Traditionelle Bundesratswanderung von Schweizer Illustrierte und L\u2019illustr\u00e9 fand bereits im Juli statt","datePublished":"2025-07-17T09:00:00+00:00","mainEntityOfPage":{"@id":"https:\/\/www.ringier.com\/de\/mit-albert-roesti-durchs-emmental-bundesratswanderung-von-schweizer-illustrierte-und-lillustre\/"},"wordCount":503,"publisher":{"@id":"https:\/\/www.ringier.com\/de\/#organization"},"image":{"@id":"https:\/\/www.ringier.com\/de\/mit-albert-roesti-durchs-emmental-bundesratswanderung-von-schweizer-illustrierte-und-lillustre\/#primaryimage"},"thumbnailUrl":"https:\/\/www.ringier.com\/wp-content\/uploads\/2025\/07\/MM_Bundesratswanderung.jpg","articleSection":["Ringier Medien Schweiz"],"inLanguage":"de-DE"},{"@type":"WebPage","@id":"https:\/\/www.ringier.com\/de\/mit-albert-roesti-durchs-emmental-bundesratswanderung-von-schweizer-illustrierte-und-lillustre\/","url":"https:\/\/www.ringier.com\/de\/mit-albert-roesti-durchs-emmental-bundesratswanderung-von-schweizer-illustrierte-und-lillustre\/","name":"Mit Albert R\u00f6sti durchs Emmental: Traditionelle Bundesratswanderung von Schweizer Illustrierte und L\u2019illustr\u00e9 fand bereits im Juli statt - Ringier","isPartOf":{"@id":"https:\/\/www.ringier.com\/de\/#website"},"primaryImageOfPage":{"@id":"https:\/\/www.ringier.com\/de\/mit-albert-roesti-durchs-emmental-bundesratswanderung-von-schweizer-illustrierte-und-lillustre\/#primaryimage"},"image":{"@id":"https:\/\/www.ringier.com\/de\/mit-albert-roesti-durchs-emmental-bundesratswanderung-von-schweizer-illustrierte-und-lillustre\/#primaryimage"},"thumbnailUrl":"https:\/\/www.ringier.com\/wp-content\/uploads\/2025\/07\/MM_Bundesratswanderung.jpg","datePublished":"2025-07-17T09:00:00+00:00","breadcrumb":{"@id":"https:\/\/www.ringier.com\/de\/mit-albert-roesti-durchs-emmental-bundesratswanderung-von-schweizer-illustrierte-und-lillustre\/#breadcrumb"},"inLanguage":"de-DE","potentialAction":[{"@type":"ReadAction","target":["https:\/\/www.ringier.com\/de\/mit-albert-roesti-durchs-emmental-bundesratswanderung-von-schweizer-illustrierte-und-lillustre\/"]}]},{"@type":"ImageObject","inLanguage":"de-DE","@id":"https:\/\/www.ringier.com\/de\/mit-albert-roesti-durchs-emmental-bundesratswanderung-von-schweizer-illustrierte-und-lillustre\/#primaryimage","url":"https:\/\/www.ringier.com\/wp-content\/uploads\/2025\/07\/MM_Bundesratswanderung.jpg","contentUrl":"https:\/\/www.ringier.com\/wp-content\/uploads\/2025\/07\/MM_Bundesratswanderung.jpg","width":1200,"height":630},{"@type":"BreadcrumbList","@id":"https:\/\/www.ringier.com\/de\/mit-albert-roesti-durchs-emmental-bundesratswanderung-von-schweizer-illustrierte-und-lillustre\/#breadcrumb","itemListElement":[{"@type":"ListItem","position":1,"name":"Home","item":"https:\/\/www.ringier.com\/de\/"},{"@type":"ListItem","position":2,"name":"Mit Albert R\u00f6sti durchs Emmental: Traditionelle Bundesratswanderung von Schweizer Illustrierte und L\u2019illustr\u00e9 fand bereits im Juli statt"}]},{"@type":"WebSite","@id":"https:\/\/www.ringier.com\/de\/#website","url":"https:\/\/www.ringier.com\/de\/","name":"Ringier","description":"We inform. We entertain. We connect","publisher":{"@id":"https:\/\/www.ringier.com\/de\/#organization"},"potentialAction":[{"@type":"SearchAction","target":{"@type":"EntryPoint","urlTemplate":"https:\/\/www.ringier.com\/de\/?s={search_term_string}"},"query-input":{"@type":"PropertyValueSpecification","valueRequired":true,"valueName":"search_term_string"}}],"inLanguage":"de-DE"},{"@type":"Organization","@id":"https:\/\/www.ringier.com\/de\/#organization","name":"Ringier","url":"https:\/\/www.ringier.com\/de\/","logo":{"@type":"ImageObject","inLanguage":"de-DE","@id":"https:\/\/www.ringier.com\/de\/#\/schema\/logo\/image\/","url":"https:\/\/www.ringier.com\/wp-content\/uploads\/2021\/10\/ringier_logo_2.jpg","contentUrl":"https:\/\/www.ringier.com\/wp-content\/uploads\/2021\/10\/ringier_logo_2.jpg","width":750,"height":550,"caption":"Ringier"},"image":{"@id":"https:\/\/www.ringier.com\/de\/#\/schema\/logo\/image\/"},"sameAs":["https:\/\/www.facebook.com\/ringierag\/","https:\/\/x.com\/ringier_ag","https:\/\/www.instagram.com\/ringier_ag\/","https:\/\/www.linkedin.com\/company\/ringier\/","https:\/\/www.youtube.com\/user\/RingierComm","https:\/\/en.wikipedia.org\/wiki\/Ringier","https:\/\/de.wikipedia.org\/wiki\/Ringier","https:\/\/fr.wikipedia.org\/wiki\/Ringier","https:\/\/www.crunchbase.com\/organization\/ringier-ag"]},{"@type":"Person","@id":"https:\/\/www.ringier.com\/de\/#\/schema\/person\/4cf76a308dc4b2bb5121bd1e7b752e52","name":"Ringier Corporate Communications","image":{"@type":"ImageObject","inLanguage":"de-DE","@id":"https:\/\/www.ringier.com\/de\/#\/schema\/person\/image\/","url":"https:\/\/secure.gravatar.com\/avatar\/9391e20481368d5df4fe3e1e476c13b27786347489822ec1ed07e532bb41f587?s=96&d=mm&r=g","contentUrl":"https:\/\/secure.gravatar.com\/avatar\/9391e20481368d5df4fe3e1e476c13b27786347489822ec1ed07e532bb41f587?s=96&d=mm&r=g","caption":"Ringier Corporate Communications"},"sameAs":["https:\/\/www.ringier.com"]}]}},"_links":{"self":[{"href":"https:\/\/www.ringier.com\/de\/wp-json\/wp\/v2\/posts\/22031","targetHints":{"allow":["GET"]}}],"collection":[{"href":"https:\/\/www.ringier.com\/de\/wp-json\/wp\/v2\/posts"}],"about":[{"href":"https:\/\/www.ringier.com\/de\/wp-json\/wp\/v2\/types\/post"}],"author":[{"embeddable":true,"href":"https:\/\/www.ringier.com\/de\/wp-json\/wp\/v2\/users\/23"}],"replies":[{"embeddable":true,"href":"https:\/\/www.ringier.com\/de\/wp-json\/wp\/v2\/comments?post=22031"}],"version-history":[{"count":0,"href":"https:\/\/www.ringier.com\/de\/wp-json\/wp\/v2\/posts\/22031\/revisions"}],"wp:featuredmedia":[{"embeddable":true,"href":"https:\/\/www.ringier.com\/de\/wp-json\/wp\/v2\/media\/22032"}],"wp:attachment":[{"href":"https:\/\/www.ringier.com\/de\/wp-json\/wp\/v2\/media?parent=22031"}],"wp:term":[{"taxonomy":"category","embeddable":true,"href":"https:\/\/www.ringier.com\/de\/wp-json\/wp\/v2\/categories?post=22031"},{"taxonomy":"post_tag","embeddable":true,"href":"https:\/\/www.ringier.com\/de\/wp-json\/wp\/v2\/tags?post=22031"}],"curies":[{"name":"wp","href":"https:\/\/api.w.org\/{rel}","templated":true}]}}