{"id":21798,"date":"2025-06-11T14:00:00","date_gmt":"2025-06-11T12:00:00","guid":{"rendered":"https:\/\/www.ringier.com\/?p=21798"},"modified":"2025-06-11T09:40:21","modified_gmt":"2025-06-11T07:40:21","slug":"stiftung-elternsein-mit-neuem-praesidium-und-erweitertem-stiftungsrat-robin-lingg-uebernimmt-leitung","status":"publish","type":"post","link":"https:\/\/www.ringier.com\/de\/stiftung-elternsein-mit-neuem-praesidium-und-erweitertem-stiftungsrat-robin-lingg-uebernimmt-leitung\/","title":{"rendered":"Stiftung Elternsein mit neuem Pr\u00e4sidium und erweitertem Stiftungsrat \u2013 Robin Lingg \u00fcbernimmt Leitung"},"content":{"rendered":"\n<p>Mit Robin Lingg \u00fcbernimmt ein erfahrener Unternehmer und Medienmanager das Pr\u00e4sidium der Stiftung Elternsein. Der 45-J\u00e4hrige ist Verwaltungsratspr\u00e4sident der Ringier Sports Media Group (RSMG) und Vertreter der sechsten Generation der Ringier-Familie. Als Shareholder des gr\u00f6ssten international t\u00e4tigen Schweizer Medienunternehmens bringt er langj\u00e4hrige F\u00fchrungserfahrung aus verschiedenen Verwaltungsratsmandaten und operativen F\u00fchrungspositionen mit. Seine fundierte Expertise in der Medienbranche, seine operative Erfahrung und sein Netzwerk machen ihn, nebst seiner Rolle als dreifacher Familienvater, zur idealen Besetzung f\u00fcr diese verantwortungsvolle Aufgabe.<\/p>\n\n\n\n<p>\u00abEs ist mir eine Ehre, das Pr\u00e4sidium der Stiftung Elternsein zu \u00fcbernehmen und das Lebenswerk von Ellen Ringier weiterzuf\u00fchren. Ihre Vision, Eltern zu st\u00e4rken und den Dialog zwischen Schule, Familie und Gesellschaft zu f\u00f6rdern, bleibt unser Leuchtturm\u00bb, so Robin Lingg.<\/p>\n\n\n\n<p><strong>Neue Perspektiven im Stiftungsrat<br><\/strong>Neben Robin Lingg wird der Stiftungsrat durch zwei weitere Pers\u00f6nlichkeiten verst\u00e4rkt:<\/p>\n\n\n\n<p><strong>Thomas Minder,<\/strong> Pr\u00e4sident des Verbandes Schulleiterinnen und Schulleiter Schweiz (VSLCH), ist eine der engagiertesten Stimmen im Schweizer Bildungswesen. Als aktiver Schulleiter kennt der 49-j\u00e4hrige Lehrer die Herausforderungen des Schulalltags aus erster Hand. Seine N\u00e4he zu Lehrpersonen, Eltern und Kindern macht ihn zu einer wertvollen Stimme im Gremium. Auch er ist Vater von drei jungen Erwachsenen, die ihre Ausbildung bald abschliessen oder die ersten Berufserfahrungen sammeln.<\/p>\n\n\n\n<p><strong>Mathilde Wittmer Thormann<\/strong> ist Partnerin der in Z\u00fcrich ans\u00e4ssigen Conduct AG, einem spezialisierten Dienstleister f\u00fcr Family Office- und Trust-L\u00f6sungen, und leitet dort den Bereich Philanthropie und gemeinn\u00fctzige Projekte. Sie ber\u00e4t verm\u00f6gende Familien in Fragen der Nachlassplanung sowie bei der Gr\u00fcndung und F\u00fchrung gemeinn\u00fctziger Stiftungen und Trusts. Als Pr\u00e4sidentin einer Schweizer gemeinn\u00fctzigen Stiftung ist sie der Stiftung Elternsein seit vielen Jahren eng verbunden \u2013 sowohl als Unterst\u00fctzerin als auch aus pers\u00f6nlicher \u00dcberzeugung. Die 45-J\u00e4hrige ist Mutter einer Teenager-Tochter und engagiert sich seit langem f\u00fcr elternrelevante Themen.<\/p>\n\n\n\n<p><strong>Kontinuit\u00e4t und Erweiterung: Ein starkes Team f\u00fcr die Zukunft<br><\/strong>Die bisherigen Mitglieder Ernesto Ferro (63, Vizepr\u00e4sident) und Dr. Eveline von Arx (50) bleiben dem Stiftungsrat erhalten. Gemeinsam mit den neuen Mitgliedern werden sie die Initiative von Ellen Ringier mit Engagement, Weitsicht und Herzblut weiterf\u00fchren. Mit der Erweiterung des Stiftungsrats wird das Lebenswerk von Ellen Ringier in eine starke Zukunft gef\u00fchrt \u2013 getragen von Menschen, die sie pers\u00f6nlich kannte, sch\u00e4tzte und denen sie vertraute.<\/p>\n\n\n\n<hr class=\"wp-block-separator has-alpha-channel-opacity\"\/>\n\n\n\n<p class=\"has-small-font-size\"><strong>\u00dcber die Stiftung Elternsein<br><\/strong>Die Stiftung Elternsein wurde 2001 von Ellen Ringier gegr\u00fcndet. Die gemeinn\u00fctzige Stiftung erm\u00f6glicht Eltern den Zugang zu Elternbildung und ist Herausgeberin des Schweizer ElternMagazins Fritz+Fr\u00e4nzi, des meistgelesenen Elternratgebers der Schweiz. www.elternsein.ch<\/p>\n\n\n\n<p class=\"has-small-font-size\"><strong>Unterst\u00fctzen Sie die Stiftung Elternsein<br><\/strong>Die Stiftung Elternsein lebt von Spenden. Diese Unterst\u00fctzung erm\u00f6glicht, das Informations- und Beratungsangebot f\u00fcr Eltern und Erziehungsfachpersonen auszubauen \u2013 etwa durch zus\u00e4tzliche Themen-Specials, neue Elternfilme oder Sensibilisierungskampagnen zu besonders wichtigen gesellschaftlichen Fragen. Als gemeinn\u00fctzige Organisation stellt die Stiftung eine Spendenbescheinigung aus; Die Zuwendung ist steuerlich abzugsf\u00e4hig. Kontoverbindung: CH96 0900 0000 8850 8005 9. Eine G\u00f6nnerschaft ab 75 Franken ist ebenfalls m\u00f6glich.<\/p>\n\n\n\n<p class=\"has-small-font-size\"><strong>Kontakt<\/strong><br>Tobias Winterberg, Gesch\u00e4ftsf\u00fchrer<br>tobias.winterberg@elternsein.ch<\/p>\n","protected":false},"excerpt":{"rendered":"<p>Nach dem Tod der Gr\u00fcnderin und langj\u00e4hrigen Pr\u00e4sidentin Dr. Ellen Ringier hat die Stiftung Elternsein, Herausgeberin des Schweizer ElternMagazins Fritz+Fr\u00e4nzi, zentrale Weichen f\u00fcr die Zukunft gestellt. Das Stiftungsratspr\u00e4sidium wird auf Wunsch von Ellen Ringier von Robin Lingg \u00fcbernommen und um zwei profilierte Pers\u00f6nlichkeiten erweitert. <\/p>\n","protected":false},"author":23,"featured_media":21799,"comment_status":"closed","ping_status":"open","sticky":false,"template":"","format":"standard","meta":{"inline_featured_image":false,"footnotes":""},"categories":[44],"tags":[],"class_list":["post-21798","post","type-post","status-publish","format-standard","has-post-thumbnail","hentry","category-corporate-de"],"yoast_head":"<!-- This site is optimized with the Yoast SEO Premium plugin v27.0 (Yoast SEO v27.0) - https:\/\/yoast.com\/product\/yoast-seo-premium-wordpress\/ -->\n<title>Stiftung Elternsein mit neuem Pr\u00e4sidium und erweitertem Stiftungsrat \u2013 Robin Lingg \u00fcbernimmt Leitung - Ringier<\/title>\n<meta name=\"robots\" content=\"index, follow, max-snippet:-1, max-image-preview:large, max-video-preview:-1\" \/>\n<link rel=\"canonical\" href=\"https:\/\/www.ringier.com\/de\/stiftung-elternsein-mit-neuem-praesidium-und-erweitertem-stiftungsrat-robin-lingg-uebernimmt-leitung\/\" \/>\n<meta property=\"og:locale\" content=\"de_DE\" \/>\n<meta property=\"og:type\" content=\"article\" \/>\n<meta property=\"og:title\" content=\"Stiftung Elternsein mit neuem Pr\u00e4sidium und erweitertem Stiftungsrat \u2013 Robin Lingg \u00fcbernimmt Leitung\" \/>\n<meta property=\"og:description\" content=\"Nach dem Tod der Gr\u00fcnderin und langj\u00e4hrigen Pr\u00e4sidentin Dr. Ellen Ringier hat die Stiftung Elternsein, Herausgeberin des Schweizer ElternMagazins Fritz+Fr\u00e4nzi, zentrale Weichen f\u00fcr die Zukunft gestellt. Das Stiftungsratspr\u00e4sidium wird auf Wunsch von Ellen Ringier von Robin Lingg \u00fcbernommen und um zwei profilierte Pers\u00f6nlichkeiten erweitert.\" \/>\n<meta property=\"og:url\" content=\"https:\/\/www.ringier.com\/de\/stiftung-elternsein-mit-neuem-praesidium-und-erweitertem-stiftungsrat-robin-lingg-uebernimmt-leitung\/\" \/>\n<meta property=\"og:site_name\" content=\"Ringier\" \/>\n<meta property=\"article:publisher\" content=\"https:\/\/www.facebook.com\/ringierag\/\" \/>\n<meta property=\"article:published_time\" content=\"2025-06-11T12:00:00+00:00\" \/>\n<meta property=\"og:image\" content=\"https:\/\/www.ringier.com\/wp-content\/uploads\/2025\/06\/MM_Stiftung_Elternsein.jpg\" \/>\n\t<meta property=\"og:image:width\" content=\"1200\" \/>\n\t<meta property=\"og:image:height\" content=\"630\" \/>\n\t<meta property=\"og:image:type\" content=\"image\/jpeg\" \/>\n<meta name=\"author\" content=\"Ringier Corporate Communications\" \/>\n<meta name=\"twitter:card\" content=\"summary_large_image\" \/>\n<meta name=\"twitter:creator\" content=\"@ringier_ag\" \/>\n<meta name=\"twitter:site\" content=\"@ringier_ag\" \/>\n<meta name=\"twitter:label1\" content=\"Verfasst von\" \/>\n\t<meta name=\"twitter:data1\" content=\"Ringier Corporate Communications\" \/>\n\t<meta name=\"twitter:label2\" content=\"Gesch\u00e4tzte Lesezeit\" \/>\n\t<meta name=\"twitter:data2\" content=\"3 Minuten\" \/>\n<script type=\"application\/ld+json\" class=\"yoast-schema-graph\">{\"@context\":\"https:\/\/schema.org\",\"@graph\":[{\"@type\":\"Article\",\"@id\":\"https:\/\/www.ringier.com\/de\/stiftung-elternsein-mit-neuem-praesidium-und-erweitertem-stiftungsrat-robin-lingg-uebernimmt-leitung\/#article\",\"isPartOf\":{\"@id\":\"https:\/\/www.ringier.com\/de\/stiftung-elternsein-mit-neuem-praesidium-und-erweitertem-stiftungsrat-robin-lingg-uebernimmt-leitung\/\"},\"author\":{\"name\":\"Ringier Corporate Communications\",\"@id\":\"https:\/\/www.ringier.com\/de\/#\/schema\/person\/4cf76a308dc4b2bb5121bd1e7b752e52\"},\"headline\":\"Stiftung Elternsein mit neuem Pr\u00e4sidium und erweitertem Stiftungsrat \u2013 Robin Lingg \u00fcbernimmt Leitung\",\"datePublished\":\"2025-06-11T12:00:00+00:00\",\"mainEntityOfPage\":{\"@id\":\"https:\/\/www.ringier.com\/de\/stiftung-elternsein-mit-neuem-praesidium-und-erweitertem-stiftungsrat-robin-lingg-uebernimmt-leitung\/\"},\"wordCount\":523,\"publisher\":{\"@id\":\"https:\/\/www.ringier.com\/de\/#organization\"},\"image\":{\"@id\":\"https:\/\/www.ringier.com\/de\/stiftung-elternsein-mit-neuem-praesidium-und-erweitertem-stiftungsrat-robin-lingg-uebernimmt-leitung\/#primaryimage\"},\"thumbnailUrl\":\"https:\/\/www.ringier.com\/wp-content\/uploads\/2025\/06\/MM_Stiftung_Elternsein.jpg\",\"articleSection\":[\"Corporate\"],\"inLanguage\":\"de-DE\"},{\"@type\":\"WebPage\",\"@id\":\"https:\/\/www.ringier.com\/de\/stiftung-elternsein-mit-neuem-praesidium-und-erweitertem-stiftungsrat-robin-lingg-uebernimmt-leitung\/\",\"url\":\"https:\/\/www.ringier.com\/de\/stiftung-elternsein-mit-neuem-praesidium-und-erweitertem-stiftungsrat-robin-lingg-uebernimmt-leitung\/\",\"name\":\"Stiftung Elternsein mit neuem Pr\u00e4sidium und erweitertem Stiftungsrat \u2013 Robin Lingg \u00fcbernimmt Leitung - Ringier\",\"isPartOf\":{\"@id\":\"https:\/\/www.ringier.com\/de\/#website\"},\"primaryImageOfPage\":{\"@id\":\"https:\/\/www.ringier.com\/de\/stiftung-elternsein-mit-neuem-praesidium-und-erweitertem-stiftungsrat-robin-lingg-uebernimmt-leitung\/#primaryimage\"},\"image\":{\"@id\":\"https:\/\/www.ringier.com\/de\/stiftung-elternsein-mit-neuem-praesidium-und-erweitertem-stiftungsrat-robin-lingg-uebernimmt-leitung\/#primaryimage\"},\"thumbnailUrl\":\"https:\/\/www.ringier.com\/wp-content\/uploads\/2025\/06\/MM_Stiftung_Elternsein.jpg\",\"datePublished\":\"2025-06-11T12:00:00+00:00\",\"breadcrumb\":{\"@id\":\"https:\/\/www.ringier.com\/de\/stiftung-elternsein-mit-neuem-praesidium-und-erweitertem-stiftungsrat-robin-lingg-uebernimmt-leitung\/#breadcrumb\"},\"inLanguage\":\"de-DE\",\"potentialAction\":[{\"@type\":\"ReadAction\",\"target\":[\"https:\/\/www.ringier.com\/de\/stiftung-elternsein-mit-neuem-praesidium-und-erweitertem-stiftungsrat-robin-lingg-uebernimmt-leitung\/\"]}]},{\"@type\":\"ImageObject\",\"inLanguage\":\"de-DE\",\"@id\":\"https:\/\/www.ringier.com\/de\/stiftung-elternsein-mit-neuem-praesidium-und-erweitertem-stiftungsrat-robin-lingg-uebernimmt-leitung\/#primaryimage\",\"url\":\"https:\/\/www.ringier.com\/wp-content\/uploads\/2025\/06\/MM_Stiftung_Elternsein.jpg\",\"contentUrl\":\"https:\/\/www.ringier.com\/wp-content\/uploads\/2025\/06\/MM_Stiftung_Elternsein.jpg\",\"width\":1200,\"height\":630},{\"@type\":\"BreadcrumbList\",\"@id\":\"https:\/\/www.ringier.com\/de\/stiftung-elternsein-mit-neuem-praesidium-und-erweitertem-stiftungsrat-robin-lingg-uebernimmt-leitung\/#breadcrumb\",\"itemListElement\":[{\"@type\":\"ListItem\",\"position\":1,\"name\":\"Home\",\"item\":\"https:\/\/www.ringier.com\/de\/\"},{\"@type\":\"ListItem\",\"position\":2,\"name\":\"Stiftung Elternsein mit neuem Pr\u00e4sidium und erweitertem Stiftungsrat \u2013 Robin Lingg \u00fcbernimmt Leitung\"}]},{\"@type\":\"WebSite\",\"@id\":\"https:\/\/www.ringier.com\/de\/#website\",\"url\":\"https:\/\/www.ringier.com\/de\/\",\"name\":\"Ringier\",\"description\":\"We inform. We entertain. We connect\",\"publisher\":{\"@id\":\"https:\/\/www.ringier.com\/de\/#organization\"},\"potentialAction\":[{\"@type\":\"SearchAction\",\"target\":{\"@type\":\"EntryPoint\",\"urlTemplate\":\"https:\/\/www.ringier.com\/de\/?s={search_term_string}\"},\"query-input\":{\"@type\":\"PropertyValueSpecification\",\"valueRequired\":true,\"valueName\":\"search_term_string\"}}],\"inLanguage\":\"de-DE\"},{\"@type\":\"Organization\",\"@id\":\"https:\/\/www.ringier.com\/de\/#organization\",\"name\":\"Ringier\",\"url\":\"https:\/\/www.ringier.com\/de\/\",\"logo\":{\"@type\":\"ImageObject\",\"inLanguage\":\"de-DE\",\"@id\":\"https:\/\/www.ringier.com\/de\/#\/schema\/logo\/image\/\",\"url\":\"https:\/\/www.ringier.com\/wp-content\/uploads\/2021\/10\/ringier_logo_2.jpg\",\"contentUrl\":\"https:\/\/www.ringier.com\/wp-content\/uploads\/2021\/10\/ringier_logo_2.jpg\",\"width\":750,\"height\":550,\"caption\":\"Ringier\"},\"image\":{\"@id\":\"https:\/\/www.ringier.com\/de\/#\/schema\/logo\/image\/\"},\"sameAs\":[\"https:\/\/www.facebook.com\/ringierag\/\",\"https:\/\/x.com\/ringier_ag\",\"https:\/\/www.instagram.com\/ringier_ag\/\",\"https:\/\/www.linkedin.com\/company\/ringier\/\",\"https:\/\/www.youtube.com\/user\/RingierComm\",\"https:\/\/en.wikipedia.org\/wiki\/Ringier\",\"https:\/\/de.wikipedia.org\/wiki\/Ringier\",\"https:\/\/fr.wikipedia.org\/wiki\/Ringier\",\"https:\/\/www.crunchbase.com\/organization\/ringier-ag\"]},{\"@type\":\"Person\",\"@id\":\"https:\/\/www.ringier.com\/de\/#\/schema\/person\/4cf76a308dc4b2bb5121bd1e7b752e52\",\"name\":\"Ringier Corporate Communications\",\"image\":{\"@type\":\"ImageObject\",\"inLanguage\":\"de-DE\",\"@id\":\"https:\/\/www.ringier.com\/de\/#\/schema\/person\/image\/\",\"url\":\"https:\/\/secure.gravatar.com\/avatar\/9391e20481368d5df4fe3e1e476c13b27786347489822ec1ed07e532bb41f587?s=96&d=mm&r=g\",\"contentUrl\":\"https:\/\/secure.gravatar.com\/avatar\/9391e20481368d5df4fe3e1e476c13b27786347489822ec1ed07e532bb41f587?s=96&d=mm&r=g\",\"caption\":\"Ringier Corporate Communications\"},\"sameAs\":[\"https:\/\/www.ringier.com\"]}]}<\/script>\n<!-- \/ Yoast SEO Premium plugin. -->","yoast_head_json":{"title":"Stiftung Elternsein mit neuem Pr\u00e4sidium und erweitertem Stiftungsrat \u2013 Robin Lingg \u00fcbernimmt Leitung - Ringier","robots":{"index":"index","follow":"follow","max-snippet":"max-snippet:-1","max-image-preview":"max-image-preview:large","max-video-preview":"max-video-preview:-1"},"canonical":"https:\/\/www.ringier.com\/de\/stiftung-elternsein-mit-neuem-praesidium-und-erweitertem-stiftungsrat-robin-lingg-uebernimmt-leitung\/","og_locale":"de_DE","og_type":"article","og_title":"Stiftung Elternsein mit neuem Pr\u00e4sidium und erweitertem Stiftungsrat \u2013 Robin Lingg \u00fcbernimmt Leitung","og_description":"Nach dem Tod der Gr\u00fcnderin und langj\u00e4hrigen Pr\u00e4sidentin Dr. Ellen Ringier hat die Stiftung Elternsein, Herausgeberin des Schweizer ElternMagazins Fritz+Fr\u00e4nzi, zentrale Weichen f\u00fcr die Zukunft gestellt. Das Stiftungsratspr\u00e4sidium wird auf Wunsch von Ellen Ringier von Robin Lingg \u00fcbernommen und um zwei profilierte Pers\u00f6nlichkeiten erweitert.","og_url":"https:\/\/www.ringier.com\/de\/stiftung-elternsein-mit-neuem-praesidium-und-erweitertem-stiftungsrat-robin-lingg-uebernimmt-leitung\/","og_site_name":"Ringier","article_publisher":"https:\/\/www.facebook.com\/ringierag\/","article_published_time":"2025-06-11T12:00:00+00:00","og_image":[{"width":1200,"height":630,"url":"https:\/\/www.ringier.com\/wp-content\/uploads\/2025\/06\/MM_Stiftung_Elternsein.jpg","type":"image\/jpeg"}],"author":"Ringier Corporate Communications","twitter_card":"summary_large_image","twitter_creator":"@ringier_ag","twitter_site":"@ringier_ag","twitter_misc":{"Verfasst von":"Ringier Corporate Communications","Gesch\u00e4tzte Lesezeit":"3 Minuten"},"schema":{"@context":"https:\/\/schema.org","@graph":[{"@type":"Article","@id":"https:\/\/www.ringier.com\/de\/stiftung-elternsein-mit-neuem-praesidium-und-erweitertem-stiftungsrat-robin-lingg-uebernimmt-leitung\/#article","isPartOf":{"@id":"https:\/\/www.ringier.com\/de\/stiftung-elternsein-mit-neuem-praesidium-und-erweitertem-stiftungsrat-robin-lingg-uebernimmt-leitung\/"},"author":{"name":"Ringier Corporate Communications","@id":"https:\/\/www.ringier.com\/de\/#\/schema\/person\/4cf76a308dc4b2bb5121bd1e7b752e52"},"headline":"Stiftung Elternsein mit neuem Pr\u00e4sidium und erweitertem Stiftungsrat \u2013 Robin Lingg \u00fcbernimmt Leitung","datePublished":"2025-06-11T12:00:00+00:00","mainEntityOfPage":{"@id":"https:\/\/www.ringier.com\/de\/stiftung-elternsein-mit-neuem-praesidium-und-erweitertem-stiftungsrat-robin-lingg-uebernimmt-leitung\/"},"wordCount":523,"publisher":{"@id":"https:\/\/www.ringier.com\/de\/#organization"},"image":{"@id":"https:\/\/www.ringier.com\/de\/stiftung-elternsein-mit-neuem-praesidium-und-erweitertem-stiftungsrat-robin-lingg-uebernimmt-leitung\/#primaryimage"},"thumbnailUrl":"https:\/\/www.ringier.com\/wp-content\/uploads\/2025\/06\/MM_Stiftung_Elternsein.jpg","articleSection":["Corporate"],"inLanguage":"de-DE"},{"@type":"WebPage","@id":"https:\/\/www.ringier.com\/de\/stiftung-elternsein-mit-neuem-praesidium-und-erweitertem-stiftungsrat-robin-lingg-uebernimmt-leitung\/","url":"https:\/\/www.ringier.com\/de\/stiftung-elternsein-mit-neuem-praesidium-und-erweitertem-stiftungsrat-robin-lingg-uebernimmt-leitung\/","name":"Stiftung Elternsein mit neuem Pr\u00e4sidium und erweitertem Stiftungsrat \u2013 Robin Lingg \u00fcbernimmt Leitung - Ringier","isPartOf":{"@id":"https:\/\/www.ringier.com\/de\/#website"},"primaryImageOfPage":{"@id":"https:\/\/www.ringier.com\/de\/stiftung-elternsein-mit-neuem-praesidium-und-erweitertem-stiftungsrat-robin-lingg-uebernimmt-leitung\/#primaryimage"},"image":{"@id":"https:\/\/www.ringier.com\/de\/stiftung-elternsein-mit-neuem-praesidium-und-erweitertem-stiftungsrat-robin-lingg-uebernimmt-leitung\/#primaryimage"},"thumbnailUrl":"https:\/\/www.ringier.com\/wp-content\/uploads\/2025\/06\/MM_Stiftung_Elternsein.jpg","datePublished":"2025-06-11T12:00:00+00:00","breadcrumb":{"@id":"https:\/\/www.ringier.com\/de\/stiftung-elternsein-mit-neuem-praesidium-und-erweitertem-stiftungsrat-robin-lingg-uebernimmt-leitung\/#breadcrumb"},"inLanguage":"de-DE","potentialAction":[{"@type":"ReadAction","target":["https:\/\/www.ringier.com\/de\/stiftung-elternsein-mit-neuem-praesidium-und-erweitertem-stiftungsrat-robin-lingg-uebernimmt-leitung\/"]}]},{"@type":"ImageObject","inLanguage":"de-DE","@id":"https:\/\/www.ringier.com\/de\/stiftung-elternsein-mit-neuem-praesidium-und-erweitertem-stiftungsrat-robin-lingg-uebernimmt-leitung\/#primaryimage","url":"https:\/\/www.ringier.com\/wp-content\/uploads\/2025\/06\/MM_Stiftung_Elternsein.jpg","contentUrl":"https:\/\/www.ringier.com\/wp-content\/uploads\/2025\/06\/MM_Stiftung_Elternsein.jpg","width":1200,"height":630},{"@type":"BreadcrumbList","@id":"https:\/\/www.ringier.com\/de\/stiftung-elternsein-mit-neuem-praesidium-und-erweitertem-stiftungsrat-robin-lingg-uebernimmt-leitung\/#breadcrumb","itemListElement":[{"@type":"ListItem","position":1,"name":"Home","item":"https:\/\/www.ringier.com\/de\/"},{"@type":"ListItem","position":2,"name":"Stiftung Elternsein mit neuem Pr\u00e4sidium und erweitertem Stiftungsrat \u2013 Robin Lingg \u00fcbernimmt Leitung"}]},{"@type":"WebSite","@id":"https:\/\/www.ringier.com\/de\/#website","url":"https:\/\/www.ringier.com\/de\/","name":"Ringier","description":"We inform. We entertain. We connect","publisher":{"@id":"https:\/\/www.ringier.com\/de\/#organization"},"potentialAction":[{"@type":"SearchAction","target":{"@type":"EntryPoint","urlTemplate":"https:\/\/www.ringier.com\/de\/?s={search_term_string}"},"query-input":{"@type":"PropertyValueSpecification","valueRequired":true,"valueName":"search_term_string"}}],"inLanguage":"de-DE"},{"@type":"Organization","@id":"https:\/\/www.ringier.com\/de\/#organization","name":"Ringier","url":"https:\/\/www.ringier.com\/de\/","logo":{"@type":"ImageObject","inLanguage":"de-DE","@id":"https:\/\/www.ringier.com\/de\/#\/schema\/logo\/image\/","url":"https:\/\/www.ringier.com\/wp-content\/uploads\/2021\/10\/ringier_logo_2.jpg","contentUrl":"https:\/\/www.ringier.com\/wp-content\/uploads\/2021\/10\/ringier_logo_2.jpg","width":750,"height":550,"caption":"Ringier"},"image":{"@id":"https:\/\/www.ringier.com\/de\/#\/schema\/logo\/image\/"},"sameAs":["https:\/\/www.facebook.com\/ringierag\/","https:\/\/x.com\/ringier_ag","https:\/\/www.instagram.com\/ringier_ag\/","https:\/\/www.linkedin.com\/company\/ringier\/","https:\/\/www.youtube.com\/user\/RingierComm","https:\/\/en.wikipedia.org\/wiki\/Ringier","https:\/\/de.wikipedia.org\/wiki\/Ringier","https:\/\/fr.wikipedia.org\/wiki\/Ringier","https:\/\/www.crunchbase.com\/organization\/ringier-ag"]},{"@type":"Person","@id":"https:\/\/www.ringier.com\/de\/#\/schema\/person\/4cf76a308dc4b2bb5121bd1e7b752e52","name":"Ringier Corporate Communications","image":{"@type":"ImageObject","inLanguage":"de-DE","@id":"https:\/\/www.ringier.com\/de\/#\/schema\/person\/image\/","url":"https:\/\/secure.gravatar.com\/avatar\/9391e20481368d5df4fe3e1e476c13b27786347489822ec1ed07e532bb41f587?s=96&d=mm&r=g","contentUrl":"https:\/\/secure.gravatar.com\/avatar\/9391e20481368d5df4fe3e1e476c13b27786347489822ec1ed07e532bb41f587?s=96&d=mm&r=g","caption":"Ringier Corporate Communications"},"sameAs":["https:\/\/www.ringier.com"]}]}},"_links":{"self":[{"href":"https:\/\/www.ringier.com\/de\/wp-json\/wp\/v2\/posts\/21798","targetHints":{"allow":["GET"]}}],"collection":[{"href":"https:\/\/www.ringier.com\/de\/wp-json\/wp\/v2\/posts"}],"about":[{"href":"https:\/\/www.ringier.com\/de\/wp-json\/wp\/v2\/types\/post"}],"author":[{"embeddable":true,"href":"https:\/\/www.ringier.com\/de\/wp-json\/wp\/v2\/users\/23"}],"replies":[{"embeddable":true,"href":"https:\/\/www.ringier.com\/de\/wp-json\/wp\/v2\/comments?post=21798"}],"version-history":[{"count":0,"href":"https:\/\/www.ringier.com\/de\/wp-json\/wp\/v2\/posts\/21798\/revisions"}],"wp:featuredmedia":[{"embeddable":true,"href":"https:\/\/www.ringier.com\/de\/wp-json\/wp\/v2\/media\/21799"}],"wp:attachment":[{"href":"https:\/\/www.ringier.com\/de\/wp-json\/wp\/v2\/media?parent=21798"}],"wp:term":[{"taxonomy":"category","embeddable":true,"href":"https:\/\/www.ringier.com\/de\/wp-json\/wp\/v2\/categories?post=21798"},{"taxonomy":"post_tag","embeddable":true,"href":"https:\/\/www.ringier.com\/de\/wp-json\/wp\/v2\/tags?post=21798"}],"curies":[{"name":"wp","href":"https:\/\/api.w.org\/{rel}","templated":true}]}}