{"id":21101,"date":"2025-02-14T12:01:00","date_gmt":"2025-02-14T11:01:00","guid":{"rendered":"https:\/\/www.ringier.com\/?p=21101"},"modified":"2025-02-14T12:16:41","modified_gmt":"2025-02-14T11:16:41","slug":"ringier-statement-zur-abweisung-der-beschwerde-der-bundesanwaltschaft-und-eintritt-der-rechtskraft-des-entscheids-des-kantonalen-zwangsmassnahmengerichts-bern","status":"publish","type":"post","link":"https:\/\/www.ringier.com\/de\/ringier-statement-zur-abweisung-der-beschwerde-der-bundesanwaltschaft-und-eintritt-der-rechtskraft-des-entscheids-des-kantonalen-zwangsmassnahmengerichts-bern\/","title":{"rendered":"Ringier-Statement zur Abweisung der Beschwerde der Bundesanwaltschaft und Eintritt der Rechtskraft des Entscheids des Kantonalen Zwangsmassnahmengerichts Bern"},"content":{"rendered":"\n<p>Das Bundesgericht hat die Beschwerde der Bundesanwaltschaft im Fall \u00abCorona-Leaks\u00bb abgewiesen. Damit bleibt der Entscheid des Kantonalen Zwangsmassnahmengerichts Bern bestehen, welches das Gesuch der Bundesanwaltschaft zur Entsiegelung von Kommunikation zwischen Marc Walder und Dritten integral abgewiesen und damit den Antr\u00e4gen der Ringier AG und deren CEO Marc Walder stattgegeben hatte.<\/p>\n\n\n\n<p>Diese h\u00f6chstrichterliche Entscheidung best\u00e4tigt die Rechtsauffassung, dass der Quellenschutz und das Redaktionsgeheimnis auch in diesem Fall Anwendung finden. Hierauf hatten sich Ringier und Marc Walder stets berufen. Sie unterstreicht die Bedeutung der Medienfreiheit und der journalistischen Unabh\u00e4ngigkeit in der Schweiz.<\/p>\n\n\n\n<p>Ringier begr\u00fcsst den Entscheid des Bundesgerichts und h\u00e4lt abschliessend nochmals fest, dass weder die Ringer AG, deren Tochtergesellschaften, Organe noch Mitarbeitende Beschuldigte in diesem Verfahren waren.<\/p>\n\n\n\n<p><strong>Statement Dr. Manuel Liatowitsch, Group General Counsel und Mitglied Konzernleitung Ringier AG:<\/strong><br><br>\u00abRingier begr\u00fcsst den klaren Entscheid des Schweizerischen Bundesgerichts. Das Gericht best\u00e4tigt die fundamentale Bedeutung des Quellenschutzes f\u00fcr die Medienfreiheit und definiert diesen breit und umfassend. Damit hat sich der Frontalangriff der Bundesanwaltschaft auf das Medienunternehmen Ringier definitiv als unzul\u00e4ssig erwiesen. Der Entscheid ist nicht nur von grosser Bedeutung f\u00fcr den Medienstandort Schweiz, sondern auch f\u00fcr das Funktionieren ihrer rechtsstaatlichen und demokratischen Institutionen.\u00bb<\/p>\n\n\n\n<p>Zur <a href=\"https:\/\/www.bger.ch\/files\/live\/sites\/bger\/files\/pdf\/de\/7b_0733_2024_2025_02_14_T_d_14_06_21.pdf\">Medienmitteilung des Bundesgerichts.<\/a><\/p>\n","protected":false},"excerpt":{"rendered":"<p>Das Bundesgericht hat die Beschwerde der Bundesanwaltschaft im Fall \u00abCorona-Leaks\u00bb abgewiesen. Damit bleibt der Entscheid des Kantonalen Zwangsmassnahmengerichts Bern bestehen, welches das Gesuch der Bundesanwaltschaft zur Entsiegelung von Kommunikation zwischen Marc Walder und Dritten integral abgewiesen und damit den Antr\u00e4gen der Ringier AG und deren CEO Marc Walder stattgegeben hatte. Diese h\u00f6chstrichterliche Entscheidung best\u00e4tigt die [&hellip;]<\/p>\n","protected":false},"author":24,"featured_media":15569,"comment_status":"closed","ping_status":"open","sticky":false,"template":"","format":"standard","meta":{"inline_featured_image":false,"footnotes":""},"categories":[3],"tags":[],"class_list":["post-21101","post","type-post","status-publish","format-standard","has-post-thumbnail","hentry","category-unkategorisiert"],"yoast_head":"<!-- This site is optimized with the Yoast SEO Premium plugin v27.0 (Yoast SEO v27.0) - https:\/\/yoast.com\/product\/yoast-seo-premium-wordpress\/ -->\n<title>Ringier-Statement zur Abweisung der Beschwerde der Bundesanwaltschaft und Eintritt der Rechtskraft des Entscheids des Kantonalen Zwangsmassnahmengerichts Bern - Ringier<\/title>\n<meta name=\"robots\" content=\"index, follow, max-snippet:-1, max-image-preview:large, max-video-preview:-1\" \/>\n<link rel=\"canonical\" href=\"https:\/\/www.ringier.com\/de\/ringier-statement-zur-abweisung-der-beschwerde-der-bundesanwaltschaft-und-eintritt-der-rechtskraft-des-entscheids-des-kantonalen-zwangsmassnahmengerichts-bern\/\" \/>\n<meta property=\"og:locale\" content=\"de_DE\" \/>\n<meta property=\"og:type\" content=\"article\" \/>\n<meta property=\"og:title\" content=\"Ringier-Statement zur Abweisung der Beschwerde der Bundesanwaltschaft und Eintritt der Rechtskraft des Entscheids des Kantonalen Zwangsmassnahmengerichts Bern\" \/>\n<meta property=\"og:description\" content=\"Das Bundesgericht hat die Beschwerde der Bundesanwaltschaft im Fall \u00abCorona-Leaks\u00bb abgewiesen. Damit bleibt der Entscheid des Kantonalen Zwangsmassnahmengerichts Bern bestehen, welches das Gesuch der Bundesanwaltschaft zur Entsiegelung von Kommunikation zwischen Marc Walder und Dritten integral abgewiesen und damit den Antr\u00e4gen der Ringier AG und deren CEO Marc Walder stattgegeben hatte. Diese h\u00f6chstrichterliche Entscheidung best\u00e4tigt die [&hellip;]\" \/>\n<meta property=\"og:url\" content=\"https:\/\/www.ringier.com\/de\/ringier-statement-zur-abweisung-der-beschwerde-der-bundesanwaltschaft-und-eintritt-der-rechtskraft-des-entscheids-des-kantonalen-zwangsmassnahmengerichts-bern\/\" \/>\n<meta property=\"og:site_name\" content=\"Ringier\" \/>\n<meta property=\"article:publisher\" content=\"https:\/\/www.facebook.com\/ringierag\/\" \/>\n<meta property=\"article:published_time\" content=\"2025-02-14T11:01:00+00:00\" \/>\n<meta property=\"article:modified_time\" content=\"2025-02-14T11:16:41+00:00\" \/>\n<meta property=\"og:image\" content=\"https:\/\/www.ringier.com\/wp-content\/uploads\/2023\/01\/Ringier_Logo_2023-scaled.jpg\" \/>\n\t<meta property=\"og:image:width\" content=\"2560\" \/>\n\t<meta property=\"og:image:height\" content=\"1340\" \/>\n\t<meta property=\"og:image:type\" content=\"image\/jpeg\" \/>\n<meta name=\"author\" content=\"Aline Theiler\" \/>\n<meta name=\"twitter:card\" content=\"summary_large_image\" \/>\n<meta name=\"twitter:creator\" content=\"@ringier_ag\" \/>\n<meta name=\"twitter:site\" content=\"@ringier_ag\" \/>\n<meta name=\"twitter:label1\" content=\"Verfasst von\" \/>\n\t<meta name=\"twitter:data1\" content=\"Aline Theiler\" \/>\n\t<meta name=\"twitter:label2\" content=\"Gesch\u00e4tzte Lesezeit\" \/>\n\t<meta name=\"twitter:data2\" content=\"2 Minuten\" \/>\n<script type=\"application\/ld+json\" class=\"yoast-schema-graph\">{\"@context\":\"https:\/\/schema.org\",\"@graph\":[{\"@type\":\"Article\",\"@id\":\"https:\/\/www.ringier.com\/de\/ringier-statement-zur-abweisung-der-beschwerde-der-bundesanwaltschaft-und-eintritt-der-rechtskraft-des-entscheids-des-kantonalen-zwangsmassnahmengerichts-bern\/#article\",\"isPartOf\":{\"@id\":\"https:\/\/www.ringier.com\/de\/ringier-statement-zur-abweisung-der-beschwerde-der-bundesanwaltschaft-und-eintritt-der-rechtskraft-des-entscheids-des-kantonalen-zwangsmassnahmengerichts-bern\/\"},\"author\":{\"name\":\"Aline Theiler\",\"@id\":\"https:\/\/www.ringier.com\/de\/#\/schema\/person\/24489a2b955651619fd85a09d4bca633\"},\"headline\":\"Ringier-Statement zur Abweisung der Beschwerde der Bundesanwaltschaft und Eintritt der Rechtskraft des Entscheids des Kantonalen Zwangsmassnahmengerichts Bern\",\"datePublished\":\"2025-02-14T11:01:00+00:00\",\"dateModified\":\"2025-02-14T11:16:41+00:00\",\"mainEntityOfPage\":{\"@id\":\"https:\/\/www.ringier.com\/de\/ringier-statement-zur-abweisung-der-beschwerde-der-bundesanwaltschaft-und-eintritt-der-rechtskraft-des-entscheids-des-kantonalen-zwangsmassnahmengerichts-bern\/\"},\"wordCount\":223,\"publisher\":{\"@id\":\"https:\/\/www.ringier.com\/de\/#organization\"},\"image\":{\"@id\":\"https:\/\/www.ringier.com\/de\/ringier-statement-zur-abweisung-der-beschwerde-der-bundesanwaltschaft-und-eintritt-der-rechtskraft-des-entscheids-des-kantonalen-zwangsmassnahmengerichts-bern\/#primaryimage\"},\"thumbnailUrl\":\"https:\/\/www.ringier.com\/wp-content\/uploads\/2023\/01\/Ringier_Logo_2023-scaled.jpg\",\"articleSection\":[\"Unkategorisiert\"],\"inLanguage\":\"de-DE\"},{\"@type\":\"WebPage\",\"@id\":\"https:\/\/www.ringier.com\/de\/ringier-statement-zur-abweisung-der-beschwerde-der-bundesanwaltschaft-und-eintritt-der-rechtskraft-des-entscheids-des-kantonalen-zwangsmassnahmengerichts-bern\/\",\"url\":\"https:\/\/www.ringier.com\/de\/ringier-statement-zur-abweisung-der-beschwerde-der-bundesanwaltschaft-und-eintritt-der-rechtskraft-des-entscheids-des-kantonalen-zwangsmassnahmengerichts-bern\/\",\"name\":\"Ringier-Statement zur Abweisung der Beschwerde der Bundesanwaltschaft und Eintritt der Rechtskraft des Entscheids des Kantonalen Zwangsmassnahmengerichts Bern - Ringier\",\"isPartOf\":{\"@id\":\"https:\/\/www.ringier.com\/de\/#website\"},\"primaryImageOfPage\":{\"@id\":\"https:\/\/www.ringier.com\/de\/ringier-statement-zur-abweisung-der-beschwerde-der-bundesanwaltschaft-und-eintritt-der-rechtskraft-des-entscheids-des-kantonalen-zwangsmassnahmengerichts-bern\/#primaryimage\"},\"image\":{\"@id\":\"https:\/\/www.ringier.com\/de\/ringier-statement-zur-abweisung-der-beschwerde-der-bundesanwaltschaft-und-eintritt-der-rechtskraft-des-entscheids-des-kantonalen-zwangsmassnahmengerichts-bern\/#primaryimage\"},\"thumbnailUrl\":\"https:\/\/www.ringier.com\/wp-content\/uploads\/2023\/01\/Ringier_Logo_2023-scaled.jpg\",\"datePublished\":\"2025-02-14T11:01:00+00:00\",\"dateModified\":\"2025-02-14T11:16:41+00:00\",\"breadcrumb\":{\"@id\":\"https:\/\/www.ringier.com\/de\/ringier-statement-zur-abweisung-der-beschwerde-der-bundesanwaltschaft-und-eintritt-der-rechtskraft-des-entscheids-des-kantonalen-zwangsmassnahmengerichts-bern\/#breadcrumb\"},\"inLanguage\":\"de-DE\",\"potentialAction\":[{\"@type\":\"ReadAction\",\"target\":[\"https:\/\/www.ringier.com\/de\/ringier-statement-zur-abweisung-der-beschwerde-der-bundesanwaltschaft-und-eintritt-der-rechtskraft-des-entscheids-des-kantonalen-zwangsmassnahmengerichts-bern\/\"]}]},{\"@type\":\"ImageObject\",\"inLanguage\":\"de-DE\",\"@id\":\"https:\/\/www.ringier.com\/de\/ringier-statement-zur-abweisung-der-beschwerde-der-bundesanwaltschaft-und-eintritt-der-rechtskraft-des-entscheids-des-kantonalen-zwangsmassnahmengerichts-bern\/#primaryimage\",\"url\":\"https:\/\/www.ringier.com\/wp-content\/uploads\/2023\/01\/Ringier_Logo_2023-scaled.jpg\",\"contentUrl\":\"https:\/\/www.ringier.com\/wp-content\/uploads\/2023\/01\/Ringier_Logo_2023-scaled.jpg\",\"width\":2560,\"height\":1340},{\"@type\":\"BreadcrumbList\",\"@id\":\"https:\/\/www.ringier.com\/de\/ringier-statement-zur-abweisung-der-beschwerde-der-bundesanwaltschaft-und-eintritt-der-rechtskraft-des-entscheids-des-kantonalen-zwangsmassnahmengerichts-bern\/#breadcrumb\",\"itemListElement\":[{\"@type\":\"ListItem\",\"position\":1,\"name\":\"Home\",\"item\":\"https:\/\/www.ringier.com\/de\/\"},{\"@type\":\"ListItem\",\"position\":2,\"name\":\"Ringier-Statement zur Abweisung der Beschwerde der Bundesanwaltschaft und Eintritt der Rechtskraft des Entscheids des Kantonalen Zwangsmassnahmengerichts Bern\"}]},{\"@type\":\"WebSite\",\"@id\":\"https:\/\/www.ringier.com\/de\/#website\",\"url\":\"https:\/\/www.ringier.com\/de\/\",\"name\":\"Ringier\",\"description\":\"We inform. We entertain. We connect\",\"publisher\":{\"@id\":\"https:\/\/www.ringier.com\/de\/#organization\"},\"potentialAction\":[{\"@type\":\"SearchAction\",\"target\":{\"@type\":\"EntryPoint\",\"urlTemplate\":\"https:\/\/www.ringier.com\/de\/?s={search_term_string}\"},\"query-input\":{\"@type\":\"PropertyValueSpecification\",\"valueRequired\":true,\"valueName\":\"search_term_string\"}}],\"inLanguage\":\"de-DE\"},{\"@type\":\"Organization\",\"@id\":\"https:\/\/www.ringier.com\/de\/#organization\",\"name\":\"Ringier\",\"url\":\"https:\/\/www.ringier.com\/de\/\",\"logo\":{\"@type\":\"ImageObject\",\"inLanguage\":\"de-DE\",\"@id\":\"https:\/\/www.ringier.com\/de\/#\/schema\/logo\/image\/\",\"url\":\"https:\/\/www.ringier.com\/wp-content\/uploads\/2021\/10\/ringier_logo_2.jpg\",\"contentUrl\":\"https:\/\/www.ringier.com\/wp-content\/uploads\/2021\/10\/ringier_logo_2.jpg\",\"width\":750,\"height\":550,\"caption\":\"Ringier\"},\"image\":{\"@id\":\"https:\/\/www.ringier.com\/de\/#\/schema\/logo\/image\/\"},\"sameAs\":[\"https:\/\/www.facebook.com\/ringierag\/\",\"https:\/\/x.com\/ringier_ag\",\"https:\/\/www.instagram.com\/ringier_ag\/\",\"https:\/\/www.linkedin.com\/company\/ringier\/\",\"https:\/\/www.youtube.com\/user\/RingierComm\",\"https:\/\/en.wikipedia.org\/wiki\/Ringier\",\"https:\/\/de.wikipedia.org\/wiki\/Ringier\",\"https:\/\/fr.wikipedia.org\/wiki\/Ringier\",\"https:\/\/www.crunchbase.com\/organization\/ringier-ag\"]},{\"@type\":\"Person\",\"@id\":\"https:\/\/www.ringier.com\/de\/#\/schema\/person\/24489a2b955651619fd85a09d4bca633\",\"name\":\"Aline Theiler\",\"image\":{\"@type\":\"ImageObject\",\"inLanguage\":\"de-DE\",\"@id\":\"https:\/\/www.ringier.com\/de\/#\/schema\/person\/image\/\",\"url\":\"https:\/\/secure.gravatar.com\/avatar\/06f2922e079eed329a3d3c4244abea65911b408386451383c0de6e994a62ef8c?s=96&d=mm&r=g\",\"contentUrl\":\"https:\/\/secure.gravatar.com\/avatar\/06f2922e079eed329a3d3c4244abea65911b408386451383c0de6e994a62ef8c?s=96&d=mm&r=g\",\"caption\":\"Aline Theiler\"},\"sameAs\":[\"https:\/\/www.ringier.com\/\"]}]}<\/script>\n<!-- \/ Yoast SEO Premium plugin. -->","yoast_head_json":{"title":"Ringier-Statement zur Abweisung der Beschwerde der Bundesanwaltschaft und Eintritt der Rechtskraft des Entscheids des Kantonalen Zwangsmassnahmengerichts Bern - Ringier","robots":{"index":"index","follow":"follow","max-snippet":"max-snippet:-1","max-image-preview":"max-image-preview:large","max-video-preview":"max-video-preview:-1"},"canonical":"https:\/\/www.ringier.com\/de\/ringier-statement-zur-abweisung-der-beschwerde-der-bundesanwaltschaft-und-eintritt-der-rechtskraft-des-entscheids-des-kantonalen-zwangsmassnahmengerichts-bern\/","og_locale":"de_DE","og_type":"article","og_title":"Ringier-Statement zur Abweisung der Beschwerde der Bundesanwaltschaft und Eintritt der Rechtskraft des Entscheids des Kantonalen Zwangsmassnahmengerichts Bern","og_description":"Das Bundesgericht hat die Beschwerde der Bundesanwaltschaft im Fall \u00abCorona-Leaks\u00bb abgewiesen. Damit bleibt der Entscheid des Kantonalen Zwangsmassnahmengerichts Bern bestehen, welches das Gesuch der Bundesanwaltschaft zur Entsiegelung von Kommunikation zwischen Marc Walder und Dritten integral abgewiesen und damit den Antr\u00e4gen der Ringier AG und deren CEO Marc Walder stattgegeben hatte. Diese h\u00f6chstrichterliche Entscheidung best\u00e4tigt die [&hellip;]","og_url":"https:\/\/www.ringier.com\/de\/ringier-statement-zur-abweisung-der-beschwerde-der-bundesanwaltschaft-und-eintritt-der-rechtskraft-des-entscheids-des-kantonalen-zwangsmassnahmengerichts-bern\/","og_site_name":"Ringier","article_publisher":"https:\/\/www.facebook.com\/ringierag\/","article_published_time":"2025-02-14T11:01:00+00:00","article_modified_time":"2025-02-14T11:16:41+00:00","og_image":[{"width":2560,"height":1340,"url":"https:\/\/www.ringier.com\/wp-content\/uploads\/2023\/01\/Ringier_Logo_2023-scaled.jpg","type":"image\/jpeg"}],"author":"Aline Theiler","twitter_card":"summary_large_image","twitter_creator":"@ringier_ag","twitter_site":"@ringier_ag","twitter_misc":{"Verfasst von":"Aline Theiler","Gesch\u00e4tzte Lesezeit":"2 Minuten"},"schema":{"@context":"https:\/\/schema.org","@graph":[{"@type":"Article","@id":"https:\/\/www.ringier.com\/de\/ringier-statement-zur-abweisung-der-beschwerde-der-bundesanwaltschaft-und-eintritt-der-rechtskraft-des-entscheids-des-kantonalen-zwangsmassnahmengerichts-bern\/#article","isPartOf":{"@id":"https:\/\/www.ringier.com\/de\/ringier-statement-zur-abweisung-der-beschwerde-der-bundesanwaltschaft-und-eintritt-der-rechtskraft-des-entscheids-des-kantonalen-zwangsmassnahmengerichts-bern\/"},"author":{"name":"Aline Theiler","@id":"https:\/\/www.ringier.com\/de\/#\/schema\/person\/24489a2b955651619fd85a09d4bca633"},"headline":"Ringier-Statement zur Abweisung der Beschwerde der Bundesanwaltschaft und Eintritt der Rechtskraft des Entscheids des Kantonalen Zwangsmassnahmengerichts Bern","datePublished":"2025-02-14T11:01:00+00:00","dateModified":"2025-02-14T11:16:41+00:00","mainEntityOfPage":{"@id":"https:\/\/www.ringier.com\/de\/ringier-statement-zur-abweisung-der-beschwerde-der-bundesanwaltschaft-und-eintritt-der-rechtskraft-des-entscheids-des-kantonalen-zwangsmassnahmengerichts-bern\/"},"wordCount":223,"publisher":{"@id":"https:\/\/www.ringier.com\/de\/#organization"},"image":{"@id":"https:\/\/www.ringier.com\/de\/ringier-statement-zur-abweisung-der-beschwerde-der-bundesanwaltschaft-und-eintritt-der-rechtskraft-des-entscheids-des-kantonalen-zwangsmassnahmengerichts-bern\/#primaryimage"},"thumbnailUrl":"https:\/\/www.ringier.com\/wp-content\/uploads\/2023\/01\/Ringier_Logo_2023-scaled.jpg","articleSection":["Unkategorisiert"],"inLanguage":"de-DE"},{"@type":"WebPage","@id":"https:\/\/www.ringier.com\/de\/ringier-statement-zur-abweisung-der-beschwerde-der-bundesanwaltschaft-und-eintritt-der-rechtskraft-des-entscheids-des-kantonalen-zwangsmassnahmengerichts-bern\/","url":"https:\/\/www.ringier.com\/de\/ringier-statement-zur-abweisung-der-beschwerde-der-bundesanwaltschaft-und-eintritt-der-rechtskraft-des-entscheids-des-kantonalen-zwangsmassnahmengerichts-bern\/","name":"Ringier-Statement zur Abweisung der Beschwerde der Bundesanwaltschaft und Eintritt der Rechtskraft des Entscheids des Kantonalen Zwangsmassnahmengerichts Bern - Ringier","isPartOf":{"@id":"https:\/\/www.ringier.com\/de\/#website"},"primaryImageOfPage":{"@id":"https:\/\/www.ringier.com\/de\/ringier-statement-zur-abweisung-der-beschwerde-der-bundesanwaltschaft-und-eintritt-der-rechtskraft-des-entscheids-des-kantonalen-zwangsmassnahmengerichts-bern\/#primaryimage"},"image":{"@id":"https:\/\/www.ringier.com\/de\/ringier-statement-zur-abweisung-der-beschwerde-der-bundesanwaltschaft-und-eintritt-der-rechtskraft-des-entscheids-des-kantonalen-zwangsmassnahmengerichts-bern\/#primaryimage"},"thumbnailUrl":"https:\/\/www.ringier.com\/wp-content\/uploads\/2023\/01\/Ringier_Logo_2023-scaled.jpg","datePublished":"2025-02-14T11:01:00+00:00","dateModified":"2025-02-14T11:16:41+00:00","breadcrumb":{"@id":"https:\/\/www.ringier.com\/de\/ringier-statement-zur-abweisung-der-beschwerde-der-bundesanwaltschaft-und-eintritt-der-rechtskraft-des-entscheids-des-kantonalen-zwangsmassnahmengerichts-bern\/#breadcrumb"},"inLanguage":"de-DE","potentialAction":[{"@type":"ReadAction","target":["https:\/\/www.ringier.com\/de\/ringier-statement-zur-abweisung-der-beschwerde-der-bundesanwaltschaft-und-eintritt-der-rechtskraft-des-entscheids-des-kantonalen-zwangsmassnahmengerichts-bern\/"]}]},{"@type":"ImageObject","inLanguage":"de-DE","@id":"https:\/\/www.ringier.com\/de\/ringier-statement-zur-abweisung-der-beschwerde-der-bundesanwaltschaft-und-eintritt-der-rechtskraft-des-entscheids-des-kantonalen-zwangsmassnahmengerichts-bern\/#primaryimage","url":"https:\/\/www.ringier.com\/wp-content\/uploads\/2023\/01\/Ringier_Logo_2023-scaled.jpg","contentUrl":"https:\/\/www.ringier.com\/wp-content\/uploads\/2023\/01\/Ringier_Logo_2023-scaled.jpg","width":2560,"height":1340},{"@type":"BreadcrumbList","@id":"https:\/\/www.ringier.com\/de\/ringier-statement-zur-abweisung-der-beschwerde-der-bundesanwaltschaft-und-eintritt-der-rechtskraft-des-entscheids-des-kantonalen-zwangsmassnahmengerichts-bern\/#breadcrumb","itemListElement":[{"@type":"ListItem","position":1,"name":"Home","item":"https:\/\/www.ringier.com\/de\/"},{"@type":"ListItem","position":2,"name":"Ringier-Statement zur Abweisung der Beschwerde der Bundesanwaltschaft und Eintritt der Rechtskraft des Entscheids des Kantonalen Zwangsmassnahmengerichts Bern"}]},{"@type":"WebSite","@id":"https:\/\/www.ringier.com\/de\/#website","url":"https:\/\/www.ringier.com\/de\/","name":"Ringier","description":"We inform. We entertain. We connect","publisher":{"@id":"https:\/\/www.ringier.com\/de\/#organization"},"potentialAction":[{"@type":"SearchAction","target":{"@type":"EntryPoint","urlTemplate":"https:\/\/www.ringier.com\/de\/?s={search_term_string}"},"query-input":{"@type":"PropertyValueSpecification","valueRequired":true,"valueName":"search_term_string"}}],"inLanguage":"de-DE"},{"@type":"Organization","@id":"https:\/\/www.ringier.com\/de\/#organization","name":"Ringier","url":"https:\/\/www.ringier.com\/de\/","logo":{"@type":"ImageObject","inLanguage":"de-DE","@id":"https:\/\/www.ringier.com\/de\/#\/schema\/logo\/image\/","url":"https:\/\/www.ringier.com\/wp-content\/uploads\/2021\/10\/ringier_logo_2.jpg","contentUrl":"https:\/\/www.ringier.com\/wp-content\/uploads\/2021\/10\/ringier_logo_2.jpg","width":750,"height":550,"caption":"Ringier"},"image":{"@id":"https:\/\/www.ringier.com\/de\/#\/schema\/logo\/image\/"},"sameAs":["https:\/\/www.facebook.com\/ringierag\/","https:\/\/x.com\/ringier_ag","https:\/\/www.instagram.com\/ringier_ag\/","https:\/\/www.linkedin.com\/company\/ringier\/","https:\/\/www.youtube.com\/user\/RingierComm","https:\/\/en.wikipedia.org\/wiki\/Ringier","https:\/\/de.wikipedia.org\/wiki\/Ringier","https:\/\/fr.wikipedia.org\/wiki\/Ringier","https:\/\/www.crunchbase.com\/organization\/ringier-ag"]},{"@type":"Person","@id":"https:\/\/www.ringier.com\/de\/#\/schema\/person\/24489a2b955651619fd85a09d4bca633","name":"Aline Theiler","image":{"@type":"ImageObject","inLanguage":"de-DE","@id":"https:\/\/www.ringier.com\/de\/#\/schema\/person\/image\/","url":"https:\/\/secure.gravatar.com\/avatar\/06f2922e079eed329a3d3c4244abea65911b408386451383c0de6e994a62ef8c?s=96&d=mm&r=g","contentUrl":"https:\/\/secure.gravatar.com\/avatar\/06f2922e079eed329a3d3c4244abea65911b408386451383c0de6e994a62ef8c?s=96&d=mm&r=g","caption":"Aline Theiler"},"sameAs":["https:\/\/www.ringier.com\/"]}]}},"_links":{"self":[{"href":"https:\/\/www.ringier.com\/de\/wp-json\/wp\/v2\/posts\/21101","targetHints":{"allow":["GET"]}}],"collection":[{"href":"https:\/\/www.ringier.com\/de\/wp-json\/wp\/v2\/posts"}],"about":[{"href":"https:\/\/www.ringier.com\/de\/wp-json\/wp\/v2\/types\/post"}],"author":[{"embeddable":true,"href":"https:\/\/www.ringier.com\/de\/wp-json\/wp\/v2\/users\/24"}],"replies":[{"embeddable":true,"href":"https:\/\/www.ringier.com\/de\/wp-json\/wp\/v2\/comments?post=21101"}],"version-history":[{"count":0,"href":"https:\/\/www.ringier.com\/de\/wp-json\/wp\/v2\/posts\/21101\/revisions"}],"wp:featuredmedia":[{"embeddable":true,"href":"https:\/\/www.ringier.com\/de\/wp-json\/wp\/v2\/media\/15569"}],"wp:attachment":[{"href":"https:\/\/www.ringier.com\/de\/wp-json\/wp\/v2\/media?parent=21101"}],"wp:term":[{"taxonomy":"category","embeddable":true,"href":"https:\/\/www.ringier.com\/de\/wp-json\/wp\/v2\/categories?post=21101"},{"taxonomy":"post_tag","embeddable":true,"href":"https:\/\/www.ringier.com\/de\/wp-json\/wp\/v2\/tags?post=21101"}],"curies":[{"name":"wp","href":"https:\/\/api.w.org\/{rel}","templated":true}]}}