{"id":21080,"date":"2025-02-13T10:56:18","date_gmt":"2025-02-13T09:56:18","guid":{"rendered":"https:\/\/www.ringier.com\/?p=21080"},"modified":"2025-02-13T11:09:05","modified_gmt":"2025-02-13T10:09:05","slug":"neuausrichtung-ringier-medien-schweiz-schaerft-sein-wirtschaftsportfolio","status":"publish","type":"post","link":"https:\/\/www.ringier.com\/de\/neuausrichtung-ringier-medien-schweiz-schaerft-sein-wirtschaftsportfolio\/","title":{"rendered":"Neuausrichtung: Ringier Medien Schweiz sch\u00e4rft sein Wirtschaftsportfolio"},"content":{"rendered":"\n<p>BILANZ, das Wirtschaftsmagazin der Schweiz, plant einen umfassenden digitalen Relaunch und wird ab Mitte 2025 neben der bew\u00e4hrten Printausgabe einen neuen, eigenst\u00e4ndigen Digitalauftritt bieten.<\/p>\n\n\n\n<p>Auf Bilanz.ch werden die Nutzerinnen und Nutzer k\u00fcnftig Zugang zu exklusiven Wirtschaftsstories, spannenden Rankings und ausgew\u00e4hlten Hintergrundinformationen haben. Entlang der bew\u00e4hrten BILANZ-DNA werden auf der Website hochwertige Inhalte rund um die grossen Pers\u00f6nlichkeiten der Schweizer Wirtschaft, Luxus-Themen und die viel beachtete Liste \u00abDie 300 Reichsten\u00bb publiziert. Damit baut BILANZ seine F\u00fchrungsposition im Wirtschaftsmedienmarkt auch digital aus.<\/p>\n\n\n\n<p><strong>Dirk Sch\u00fctz, Chefredaktor BILANZ: <\/strong>\u00abWir sind \u00fcberzeugt, dass wir den Userinnen und Usern mit unserem neuen Online-Auftritt zuk\u00fcnftig noch mehr bieten k\u00f6nnen. Ein starkes digitales Zuhause, das die einzigartige Mischung aus Exklusivit\u00e4t und Qualit\u00e4t, die BILANZ auszeichnet, auch online noch st\u00e4rker erlebbar macht.\u00bb<\/p>\n\n\n\n<p>Die Handelszeitung geht in ihrer Neuausrichtung ebenfalls neue Wege. Ab dem 20. M\u00e4rz 2025 erscheinen die Printausgabe und das E-Paper der Handelszeitung im Zwei-Wochen-Takt. Mit dem erweiterten Seitenumfang wird noch gezielter auf die Hintergr\u00fcnde der nationalen Finanzindustrie eingegangen, wobei das Markenversprechen \u00abWirtschaft im Klartext\u00bb konsequent umgesetzt wird. Die neue Erscheinungsfrequenz wird durch ein aufgefrischtes Layout begleitet. Die \u00c4nderung erm\u00f6glicht durch neue Produktions-, Druck- und Distributionsabl\u00e4ufe notwendige Einsparungen.<\/p>\n\n\n\n<p><strong>Markus Diem Meier, Chefredaktor der Handelszeitung:<\/strong> \u00abEinordnung und Bewertung von Wirtschaftsthemen werden immer wichtiger. Der neue Erscheinungsrhythmus und der gr\u00f6ssere Umfang geben der Printausgabe mehr Gewicht und erm\u00f6glichen uns, die Schweizer Finanzwelt noch tiefgr\u00fcndiger und gezielter zu beleuchten.\u00bb<\/p>\n\n\n\n<p>Im Rahmen der Neuausrichtung erfolgt auch ein Wechsel in der Chefredaktion von HZ Insurance, der digitalen Branchenplattform der Schweizer Versicherungswirtschaft: Karin Bosshard, \u00fcbergibt die Leitung an Andrea Hohendahl. Hohendahl, seit Januar 2024 stellvertretender Chefredaktor HZ Insurance, \u00fcbernimmt das Amt per sofort nach erfolgreicher Aufbauarbeit und Positionierung durch Karin Bosshard, die das Unternehmen per Ende Februar auf eigenen Wunsch verlassen wird. Zuvor war Andrea Hohendahl in verschiedenen Positionen bei der Neuen Z\u00fcrcher Zeitung, dem Blick und der Weltwoche t\u00e4tig. Das Vertical HZ Banking wird nicht weitergef\u00fchrt. Im Rahmen der organisatorischen Anpassungen bei Ringier Medien Schweiz kommt es zu einer Reduktion von insgesamt drei Stellen.<\/p>\n\n\n\n<p><strong>Steffi Buchli, Chief Content Officer, Ringier Medien Schweiz: <\/strong>\u00abMit diesen Massnahmen stellen wir uns zukunftsorientiert auf, schaffen eine solide Kostenbasis und fokussieren uns auf die St\u00e4rken des jeweiligen Titels. Mit BILANZ, Handelszeitung, Cash, PME und Blick sind wir mit RMS die starke Kraft im Schweizer Wirtschaftsjournalismus. Die Positionierungen der Brands erg\u00e4nzen sich dabei optimal.\u00bb<\/p>\n\n\n\n<hr class=\"wp-block-separator has-alpha-channel-opacity\"\/>\n\n\n\n<p><strong>Downloads:<br><\/strong><a href=\"https:\/\/www.ringier.com\/wp-content\/uploads\/2025\/02\/Intranet_HZ-Bilanz.jpg\">Sujet: HZ-Bilanz<\/a><br><a href=\"https:\/\/www.ringier.com\/wp-content\/uploads\/2025\/02\/Andrea_Hohendahl_Portrait.jpeg\">Portrait: Andrea Hohendahl<\/a><\/p>\n\n\n\n<p><strong>\u00dcber Ringier Medien Schweiz<br><\/strong>Mehr als 4,6 Millionen Leser\/-innen nutzen und vertrauen den Medienmarken von RMS. Zum Portfolio geh\u00f6ren der Blick sowie die reichweitenst\u00e4rksten Magazin- und Zeitschriftentitel wie Beobachter, Handelszeitung, Bilanz, cash.ch, Tele, Schweizer Illustrierte, Landliebe, Gl\u00fcckspost, L\u2019Illustr\u00e9 und PME. Mit ihrem breiten Themenspektrum, ihrer herausragenden Reichweite und ihren starken Inhalten positioniert sich RMS als das zukunftsorientierte Medienhaus der Schweiz und ist, unterst\u00fctzt durch die Vermarktungseinheit Ringier Advertising, bereits heute der bevorzugte Partner f\u00fcr Werbekunden, die attraktive und effiziente Werbel\u00f6sungen suchen.<\/p>\n","protected":false},"excerpt":{"rendered":"<p>Ringier Medien Schweiz treibt gezielte Neuerungen und strategische Anpassungen bei den f\u00fchrenden Wirtschaftstiteln voran. HZ Insurance erh\u00e4lt mit Andrea Hohendahl einen neuen Chefredaktor.<\/p>\n","protected":false},"author":23,"featured_media":21081,"comment_status":"closed","ping_status":"open","sticky":false,"template":"","format":"standard","meta":{"inline_featured_image":false,"footnotes":""},"categories":[361],"tags":[],"class_list":["post-21080","post","type-post","status-publish","format-standard","has-post-thumbnail","hentry","category-ringier-medien-schweiz"],"yoast_head":"<!-- This site is optimized with the Yoast SEO Premium plugin v27.0 (Yoast SEO v27.0) - https:\/\/yoast.com\/product\/yoast-seo-premium-wordpress\/ -->\n<title>Neuausrichtung: Ringier Medien Schweiz sch\u00e4rft sein Wirtschaftsportfolio - Ringier<\/title>\n<meta name=\"robots\" content=\"index, follow, max-snippet:-1, max-image-preview:large, max-video-preview:-1\" \/>\n<link rel=\"canonical\" href=\"https:\/\/www.ringier.com\/de\/neuausrichtung-ringier-medien-schweiz-schaerft-sein-wirtschaftsportfolio\/\" \/>\n<meta property=\"og:locale\" content=\"de_DE\" \/>\n<meta property=\"og:type\" content=\"article\" \/>\n<meta property=\"og:title\" content=\"Neuausrichtung: Ringier Medien Schweiz sch\u00e4rft sein Wirtschaftsportfolio\" \/>\n<meta property=\"og:description\" content=\"Ringier Medien Schweiz treibt gezielte Neuerungen und strategische Anpassungen bei den f\u00fchrenden Wirtschaftstiteln voran. HZ Insurance erh\u00e4lt mit Andrea Hohendahl einen neuen Chefredaktor.\" \/>\n<meta property=\"og:url\" content=\"https:\/\/www.ringier.com\/de\/neuausrichtung-ringier-medien-schweiz-schaerft-sein-wirtschaftsportfolio\/\" \/>\n<meta property=\"og:site_name\" content=\"Ringier\" \/>\n<meta property=\"article:publisher\" content=\"https:\/\/www.facebook.com\/ringierag\/\" \/>\n<meta property=\"article:published_time\" content=\"2025-02-13T09:56:18+00:00\" \/>\n<meta property=\"article:modified_time\" content=\"2025-02-13T10:09:05+00:00\" \/>\n<meta property=\"og:image\" content=\"https:\/\/www.ringier.com\/wp-content\/uploads\/2025\/02\/MM_HZ-Bilanz.jpg\" \/>\n\t<meta property=\"og:image:width\" content=\"1200\" \/>\n\t<meta property=\"og:image:height\" content=\"630\" \/>\n\t<meta property=\"og:image:type\" content=\"image\/jpeg\" \/>\n<meta name=\"author\" content=\"Ringier Corporate Communications\" \/>\n<meta name=\"twitter:card\" content=\"summary_large_image\" \/>\n<meta name=\"twitter:creator\" content=\"@ringier_ag\" \/>\n<meta name=\"twitter:site\" content=\"@ringier_ag\" \/>\n<meta name=\"twitter:label1\" content=\"Verfasst von\" \/>\n\t<meta name=\"twitter:data1\" content=\"Ringier Corporate Communications\" \/>\n\t<meta name=\"twitter:label2\" content=\"Gesch\u00e4tzte Lesezeit\" \/>\n\t<meta name=\"twitter:data2\" content=\"3 Minuten\" \/>\n<script type=\"application\/ld+json\" class=\"yoast-schema-graph\">{\"@context\":\"https:\/\/schema.org\",\"@graph\":[{\"@type\":\"Article\",\"@id\":\"https:\/\/www.ringier.com\/de\/neuausrichtung-ringier-medien-schweiz-schaerft-sein-wirtschaftsportfolio\/#article\",\"isPartOf\":{\"@id\":\"https:\/\/www.ringier.com\/de\/neuausrichtung-ringier-medien-schweiz-schaerft-sein-wirtschaftsportfolio\/\"},\"author\":{\"name\":\"Ringier Corporate Communications\",\"@id\":\"https:\/\/www.ringier.com\/de\/#\/schema\/person\/4cf76a308dc4b2bb5121bd1e7b752e52\"},\"headline\":\"Neuausrichtung: Ringier Medien Schweiz sch\u00e4rft sein Wirtschaftsportfolio\",\"datePublished\":\"2025-02-13T09:56:18+00:00\",\"dateModified\":\"2025-02-13T10:09:05+00:00\",\"mainEntityOfPage\":{\"@id\":\"https:\/\/www.ringier.com\/de\/neuausrichtung-ringier-medien-schweiz-schaerft-sein-wirtschaftsportfolio\/\"},\"wordCount\":509,\"publisher\":{\"@id\":\"https:\/\/www.ringier.com\/de\/#organization\"},\"image\":{\"@id\":\"https:\/\/www.ringier.com\/de\/neuausrichtung-ringier-medien-schweiz-schaerft-sein-wirtschaftsportfolio\/#primaryimage\"},\"thumbnailUrl\":\"https:\/\/www.ringier.com\/wp-content\/uploads\/2025\/02\/MM_HZ-Bilanz.jpg\",\"articleSection\":[\"Ringier Medien Schweiz\"],\"inLanguage\":\"de-DE\"},{\"@type\":\"WebPage\",\"@id\":\"https:\/\/www.ringier.com\/de\/neuausrichtung-ringier-medien-schweiz-schaerft-sein-wirtschaftsportfolio\/\",\"url\":\"https:\/\/www.ringier.com\/de\/neuausrichtung-ringier-medien-schweiz-schaerft-sein-wirtschaftsportfolio\/\",\"name\":\"Neuausrichtung: Ringier Medien Schweiz sch\u00e4rft sein Wirtschaftsportfolio - Ringier\",\"isPartOf\":{\"@id\":\"https:\/\/www.ringier.com\/de\/#website\"},\"primaryImageOfPage\":{\"@id\":\"https:\/\/www.ringier.com\/de\/neuausrichtung-ringier-medien-schweiz-schaerft-sein-wirtschaftsportfolio\/#primaryimage\"},\"image\":{\"@id\":\"https:\/\/www.ringier.com\/de\/neuausrichtung-ringier-medien-schweiz-schaerft-sein-wirtschaftsportfolio\/#primaryimage\"},\"thumbnailUrl\":\"https:\/\/www.ringier.com\/wp-content\/uploads\/2025\/02\/MM_HZ-Bilanz.jpg\",\"datePublished\":\"2025-02-13T09:56:18+00:00\",\"dateModified\":\"2025-02-13T10:09:05+00:00\",\"breadcrumb\":{\"@id\":\"https:\/\/www.ringier.com\/de\/neuausrichtung-ringier-medien-schweiz-schaerft-sein-wirtschaftsportfolio\/#breadcrumb\"},\"inLanguage\":\"de-DE\",\"potentialAction\":[{\"@type\":\"ReadAction\",\"target\":[\"https:\/\/www.ringier.com\/de\/neuausrichtung-ringier-medien-schweiz-schaerft-sein-wirtschaftsportfolio\/\"]}]},{\"@type\":\"ImageObject\",\"inLanguage\":\"de-DE\",\"@id\":\"https:\/\/www.ringier.com\/de\/neuausrichtung-ringier-medien-schweiz-schaerft-sein-wirtschaftsportfolio\/#primaryimage\",\"url\":\"https:\/\/www.ringier.com\/wp-content\/uploads\/2025\/02\/MM_HZ-Bilanz.jpg\",\"contentUrl\":\"https:\/\/www.ringier.com\/wp-content\/uploads\/2025\/02\/MM_HZ-Bilanz.jpg\",\"width\":1200,\"height\":630},{\"@type\":\"BreadcrumbList\",\"@id\":\"https:\/\/www.ringier.com\/de\/neuausrichtung-ringier-medien-schweiz-schaerft-sein-wirtschaftsportfolio\/#breadcrumb\",\"itemListElement\":[{\"@type\":\"ListItem\",\"position\":1,\"name\":\"Home\",\"item\":\"https:\/\/www.ringier.com\/de\/\"},{\"@type\":\"ListItem\",\"position\":2,\"name\":\"Neuausrichtung: Ringier Medien Schweiz sch\u00e4rft sein Wirtschaftsportfolio\"}]},{\"@type\":\"WebSite\",\"@id\":\"https:\/\/www.ringier.com\/de\/#website\",\"url\":\"https:\/\/www.ringier.com\/de\/\",\"name\":\"Ringier\",\"description\":\"We inform. We entertain. We connect\",\"publisher\":{\"@id\":\"https:\/\/www.ringier.com\/de\/#organization\"},\"potentialAction\":[{\"@type\":\"SearchAction\",\"target\":{\"@type\":\"EntryPoint\",\"urlTemplate\":\"https:\/\/www.ringier.com\/de\/?s={search_term_string}\"},\"query-input\":{\"@type\":\"PropertyValueSpecification\",\"valueRequired\":true,\"valueName\":\"search_term_string\"}}],\"inLanguage\":\"de-DE\"},{\"@type\":\"Organization\",\"@id\":\"https:\/\/www.ringier.com\/de\/#organization\",\"name\":\"Ringier\",\"url\":\"https:\/\/www.ringier.com\/de\/\",\"logo\":{\"@type\":\"ImageObject\",\"inLanguage\":\"de-DE\",\"@id\":\"https:\/\/www.ringier.com\/de\/#\/schema\/logo\/image\/\",\"url\":\"https:\/\/www.ringier.com\/wp-content\/uploads\/2021\/10\/ringier_logo_2.jpg\",\"contentUrl\":\"https:\/\/www.ringier.com\/wp-content\/uploads\/2021\/10\/ringier_logo_2.jpg\",\"width\":750,\"height\":550,\"caption\":\"Ringier\"},\"image\":{\"@id\":\"https:\/\/www.ringier.com\/de\/#\/schema\/logo\/image\/\"},\"sameAs\":[\"https:\/\/www.facebook.com\/ringierag\/\",\"https:\/\/x.com\/ringier_ag\",\"https:\/\/www.instagram.com\/ringier_ag\/\",\"https:\/\/www.linkedin.com\/company\/ringier\/\",\"https:\/\/www.youtube.com\/user\/RingierComm\",\"https:\/\/en.wikipedia.org\/wiki\/Ringier\",\"https:\/\/de.wikipedia.org\/wiki\/Ringier\",\"https:\/\/fr.wikipedia.org\/wiki\/Ringier\",\"https:\/\/www.crunchbase.com\/organization\/ringier-ag\"]},{\"@type\":\"Person\",\"@id\":\"https:\/\/www.ringier.com\/de\/#\/schema\/person\/4cf76a308dc4b2bb5121bd1e7b752e52\",\"name\":\"Ringier Corporate Communications\",\"image\":{\"@type\":\"ImageObject\",\"inLanguage\":\"de-DE\",\"@id\":\"https:\/\/www.ringier.com\/de\/#\/schema\/person\/image\/\",\"url\":\"https:\/\/secure.gravatar.com\/avatar\/9391e20481368d5df4fe3e1e476c13b27786347489822ec1ed07e532bb41f587?s=96&d=mm&r=g\",\"contentUrl\":\"https:\/\/secure.gravatar.com\/avatar\/9391e20481368d5df4fe3e1e476c13b27786347489822ec1ed07e532bb41f587?s=96&d=mm&r=g\",\"caption\":\"Ringier Corporate Communications\"},\"sameAs\":[\"https:\/\/www.ringier.com\"]}]}<\/script>\n<!-- \/ Yoast SEO Premium plugin. -->","yoast_head_json":{"title":"Neuausrichtung: Ringier Medien Schweiz sch\u00e4rft sein Wirtschaftsportfolio - Ringier","robots":{"index":"index","follow":"follow","max-snippet":"max-snippet:-1","max-image-preview":"max-image-preview:large","max-video-preview":"max-video-preview:-1"},"canonical":"https:\/\/www.ringier.com\/de\/neuausrichtung-ringier-medien-schweiz-schaerft-sein-wirtschaftsportfolio\/","og_locale":"de_DE","og_type":"article","og_title":"Neuausrichtung: Ringier Medien Schweiz sch\u00e4rft sein Wirtschaftsportfolio","og_description":"Ringier Medien Schweiz treibt gezielte Neuerungen und strategische Anpassungen bei den f\u00fchrenden Wirtschaftstiteln voran. HZ Insurance erh\u00e4lt mit Andrea Hohendahl einen neuen Chefredaktor.","og_url":"https:\/\/www.ringier.com\/de\/neuausrichtung-ringier-medien-schweiz-schaerft-sein-wirtschaftsportfolio\/","og_site_name":"Ringier","article_publisher":"https:\/\/www.facebook.com\/ringierag\/","article_published_time":"2025-02-13T09:56:18+00:00","article_modified_time":"2025-02-13T10:09:05+00:00","og_image":[{"width":1200,"height":630,"url":"https:\/\/www.ringier.com\/wp-content\/uploads\/2025\/02\/MM_HZ-Bilanz.jpg","type":"image\/jpeg"}],"author":"Ringier Corporate Communications","twitter_card":"summary_large_image","twitter_creator":"@ringier_ag","twitter_site":"@ringier_ag","twitter_misc":{"Verfasst von":"Ringier Corporate Communications","Gesch\u00e4tzte Lesezeit":"3 Minuten"},"schema":{"@context":"https:\/\/schema.org","@graph":[{"@type":"Article","@id":"https:\/\/www.ringier.com\/de\/neuausrichtung-ringier-medien-schweiz-schaerft-sein-wirtschaftsportfolio\/#article","isPartOf":{"@id":"https:\/\/www.ringier.com\/de\/neuausrichtung-ringier-medien-schweiz-schaerft-sein-wirtschaftsportfolio\/"},"author":{"name":"Ringier Corporate Communications","@id":"https:\/\/www.ringier.com\/de\/#\/schema\/person\/4cf76a308dc4b2bb5121bd1e7b752e52"},"headline":"Neuausrichtung: Ringier Medien Schweiz sch\u00e4rft sein Wirtschaftsportfolio","datePublished":"2025-02-13T09:56:18+00:00","dateModified":"2025-02-13T10:09:05+00:00","mainEntityOfPage":{"@id":"https:\/\/www.ringier.com\/de\/neuausrichtung-ringier-medien-schweiz-schaerft-sein-wirtschaftsportfolio\/"},"wordCount":509,"publisher":{"@id":"https:\/\/www.ringier.com\/de\/#organization"},"image":{"@id":"https:\/\/www.ringier.com\/de\/neuausrichtung-ringier-medien-schweiz-schaerft-sein-wirtschaftsportfolio\/#primaryimage"},"thumbnailUrl":"https:\/\/www.ringier.com\/wp-content\/uploads\/2025\/02\/MM_HZ-Bilanz.jpg","articleSection":["Ringier Medien Schweiz"],"inLanguage":"de-DE"},{"@type":"WebPage","@id":"https:\/\/www.ringier.com\/de\/neuausrichtung-ringier-medien-schweiz-schaerft-sein-wirtschaftsportfolio\/","url":"https:\/\/www.ringier.com\/de\/neuausrichtung-ringier-medien-schweiz-schaerft-sein-wirtschaftsportfolio\/","name":"Neuausrichtung: Ringier Medien Schweiz sch\u00e4rft sein Wirtschaftsportfolio - Ringier","isPartOf":{"@id":"https:\/\/www.ringier.com\/de\/#website"},"primaryImageOfPage":{"@id":"https:\/\/www.ringier.com\/de\/neuausrichtung-ringier-medien-schweiz-schaerft-sein-wirtschaftsportfolio\/#primaryimage"},"image":{"@id":"https:\/\/www.ringier.com\/de\/neuausrichtung-ringier-medien-schweiz-schaerft-sein-wirtschaftsportfolio\/#primaryimage"},"thumbnailUrl":"https:\/\/www.ringier.com\/wp-content\/uploads\/2025\/02\/MM_HZ-Bilanz.jpg","datePublished":"2025-02-13T09:56:18+00:00","dateModified":"2025-02-13T10:09:05+00:00","breadcrumb":{"@id":"https:\/\/www.ringier.com\/de\/neuausrichtung-ringier-medien-schweiz-schaerft-sein-wirtschaftsportfolio\/#breadcrumb"},"inLanguage":"de-DE","potentialAction":[{"@type":"ReadAction","target":["https:\/\/www.ringier.com\/de\/neuausrichtung-ringier-medien-schweiz-schaerft-sein-wirtschaftsportfolio\/"]}]},{"@type":"ImageObject","inLanguage":"de-DE","@id":"https:\/\/www.ringier.com\/de\/neuausrichtung-ringier-medien-schweiz-schaerft-sein-wirtschaftsportfolio\/#primaryimage","url":"https:\/\/www.ringier.com\/wp-content\/uploads\/2025\/02\/MM_HZ-Bilanz.jpg","contentUrl":"https:\/\/www.ringier.com\/wp-content\/uploads\/2025\/02\/MM_HZ-Bilanz.jpg","width":1200,"height":630},{"@type":"BreadcrumbList","@id":"https:\/\/www.ringier.com\/de\/neuausrichtung-ringier-medien-schweiz-schaerft-sein-wirtschaftsportfolio\/#breadcrumb","itemListElement":[{"@type":"ListItem","position":1,"name":"Home","item":"https:\/\/www.ringier.com\/de\/"},{"@type":"ListItem","position":2,"name":"Neuausrichtung: Ringier Medien Schweiz sch\u00e4rft sein Wirtschaftsportfolio"}]},{"@type":"WebSite","@id":"https:\/\/www.ringier.com\/de\/#website","url":"https:\/\/www.ringier.com\/de\/","name":"Ringier","description":"We inform. We entertain. We connect","publisher":{"@id":"https:\/\/www.ringier.com\/de\/#organization"},"potentialAction":[{"@type":"SearchAction","target":{"@type":"EntryPoint","urlTemplate":"https:\/\/www.ringier.com\/de\/?s={search_term_string}"},"query-input":{"@type":"PropertyValueSpecification","valueRequired":true,"valueName":"search_term_string"}}],"inLanguage":"de-DE"},{"@type":"Organization","@id":"https:\/\/www.ringier.com\/de\/#organization","name":"Ringier","url":"https:\/\/www.ringier.com\/de\/","logo":{"@type":"ImageObject","inLanguage":"de-DE","@id":"https:\/\/www.ringier.com\/de\/#\/schema\/logo\/image\/","url":"https:\/\/www.ringier.com\/wp-content\/uploads\/2021\/10\/ringier_logo_2.jpg","contentUrl":"https:\/\/www.ringier.com\/wp-content\/uploads\/2021\/10\/ringier_logo_2.jpg","width":750,"height":550,"caption":"Ringier"},"image":{"@id":"https:\/\/www.ringier.com\/de\/#\/schema\/logo\/image\/"},"sameAs":["https:\/\/www.facebook.com\/ringierag\/","https:\/\/x.com\/ringier_ag","https:\/\/www.instagram.com\/ringier_ag\/","https:\/\/www.linkedin.com\/company\/ringier\/","https:\/\/www.youtube.com\/user\/RingierComm","https:\/\/en.wikipedia.org\/wiki\/Ringier","https:\/\/de.wikipedia.org\/wiki\/Ringier","https:\/\/fr.wikipedia.org\/wiki\/Ringier","https:\/\/www.crunchbase.com\/organization\/ringier-ag"]},{"@type":"Person","@id":"https:\/\/www.ringier.com\/de\/#\/schema\/person\/4cf76a308dc4b2bb5121bd1e7b752e52","name":"Ringier Corporate Communications","image":{"@type":"ImageObject","inLanguage":"de-DE","@id":"https:\/\/www.ringier.com\/de\/#\/schema\/person\/image\/","url":"https:\/\/secure.gravatar.com\/avatar\/9391e20481368d5df4fe3e1e476c13b27786347489822ec1ed07e532bb41f587?s=96&d=mm&r=g","contentUrl":"https:\/\/secure.gravatar.com\/avatar\/9391e20481368d5df4fe3e1e476c13b27786347489822ec1ed07e532bb41f587?s=96&d=mm&r=g","caption":"Ringier Corporate Communications"},"sameAs":["https:\/\/www.ringier.com"]}]}},"_links":{"self":[{"href":"https:\/\/www.ringier.com\/de\/wp-json\/wp\/v2\/posts\/21080","targetHints":{"allow":["GET"]}}],"collection":[{"href":"https:\/\/www.ringier.com\/de\/wp-json\/wp\/v2\/posts"}],"about":[{"href":"https:\/\/www.ringier.com\/de\/wp-json\/wp\/v2\/types\/post"}],"author":[{"embeddable":true,"href":"https:\/\/www.ringier.com\/de\/wp-json\/wp\/v2\/users\/23"}],"replies":[{"embeddable":true,"href":"https:\/\/www.ringier.com\/de\/wp-json\/wp\/v2\/comments?post=21080"}],"version-history":[{"count":0,"href":"https:\/\/www.ringier.com\/de\/wp-json\/wp\/v2\/posts\/21080\/revisions"}],"wp:featuredmedia":[{"embeddable":true,"href":"https:\/\/www.ringier.com\/de\/wp-json\/wp\/v2\/media\/21081"}],"wp:attachment":[{"href":"https:\/\/www.ringier.com\/de\/wp-json\/wp\/v2\/media?parent=21080"}],"wp:term":[{"taxonomy":"category","embeddable":true,"href":"https:\/\/www.ringier.com\/de\/wp-json\/wp\/v2\/categories?post=21080"},{"taxonomy":"post_tag","embeddable":true,"href":"https:\/\/www.ringier.com\/de\/wp-json\/wp\/v2\/tags?post=21080"}],"curies":[{"name":"wp","href":"https:\/\/api.w.org\/{rel}","templated":true}]}}