{"id":21065,"date":"2025-02-12T10:51:32","date_gmt":"2025-02-12T09:51:32","guid":{"rendered":"https:\/\/www.ringier.com\/?p=21065"},"modified":"2025-05-12T14:57:03","modified_gmt":"2025-05-12T12:57:03","slug":"zeichnung-malerei-skulptur-fotografie-film-video-sound-sammlung-ringier-1995-2025","status":"publish","type":"post","link":"https:\/\/www.ringier.com\/de\/zeichnung-malerei-skulptur-fotografie-film-video-sound-sammlung-ringier-1995-2025\/","title":{"rendered":"Zeichnung, Malerei, Skulptur, Fotografie, Film, Video, Sound \u2013 Sammlung Ringier 1995-2025"},"content":{"rendered":"\n<p><\/p>\n\n\n\n<p>Unter dem Titel <em>Zeichnung, Malerei, Skulptur, Fotografie, Film, Video, Sound <\/em>pr\u00e4sentiert die Ausstellung Arbeiten aus nahezu allen Bereichen ku\u0308nstlerischer Produktion. Die Werke zeichnen ein facettenreiches Portr\u00e4t des Schweizer Verlegers und Medienunternehmers Michael Ringier, dessen Sammlung eng mit seinem pers\u00f6nlichen und beruflichen Leben sowie der Identit\u00e4t von Ringier, einem in 19 L\u00e4ndern in Europa und Afrika t\u00e4tigen Medienunternehmen, verbunden ist. <\/p>\n\n\n\n<p>Die Firma Ringier ist bekannt fu\u0308r die Integration von Kunst in ihre Unternehmenskultur. Seit 1997 erhalten jedes Jahr internationale Ku\u0308nstler:innen eine Carte Blanche zur Gestaltung des Jahresberichts des Unternehmens. Dabei entstehen kreative und intelligente Auseinandersetzungen mit der Frage, wie ein Medienverlag heute agiert und mit seinem Publikum interagiert. Neben Ku\u0308nstler:innnen wie Fischli\/Weiss, Maurizio Cattelan oder Sylvie Fleury gestaltete auch Wade Guyton einen Jahresbericht, in dem sich ein lebensgrosses Foto eines seiner Gem\u00e4lde in hochaufgel\u00f6sten Detailfotografien u\u0308ber Hunderte von Seiten erstreckt. Setzt man sie zusammen, erh\u00e4lt man das Gem\u00e4lde im Originalformat.<\/p>\n\n\n\n<p>Die Frage, wie die klassischen Medien der Kunst sowohl in ihren konventionellen Definitionen als auch in bewusst gesetzten ku\u0308nstlerischen Unsch\u00e4rfen kontinuierlich neue Auseinandersetzungen erfragen, versteckt sich auch im subversiven Titel der Ausstellung. Zeichnung, Malerei, Skulptur, Fotografie, Film, Video, Sound spielt mit den Erwartungshaltungen an das, was ein Medium ausmacht, und fu\u0308r unser Wahrnehmungsverhalten evozieren kann. Die Verbindung zu einem global agierenden Medienunternehmen wie Ringier ist naheliegend: von den Anf\u00e4ngen im Verlags- und Druckereigewerbe bis hin zur Transformation in einen digitalisierten und diversifizierten Konzern hat das Unternehmen die Geschichte der Beziehung zwischen Inhalt und Tr\u00e4germedium u\u0308ber mehr als 190 Jahre selbst mitgestaltet.<\/p>\n\n\n\n<p>Auch Wade Guyton stellt das Konzept des Mediums Malerei auf den Pru\u0308fstand. Ob in seinen grossformatigen Druckwerken oder durch den gezielten Einsatz digitaler Technologien \u2013 Guyton<br>hinterfragt, was ein Medium sein kann und wie es die Kunst, die es transportiert, pr\u00e4gt.<br>Mit diesen Fragestellungen l\u00e4dt die Ausstellung dazu ein, die Sammlung nicht nur als Ansammlung von Werken zu sehen, sondern als ein vielschichtiges Narrativ, das st\u00e4ndig neue Perspektiven er\u00f6ffnet. Dieser Ansatz spiegelt die Haltung von Michael Ringier wider, der Kunst nicht nur sammelt, sondern sie als lebendigen und integralen Bestandteil seines unternehmerischen und kulturellen Engagements begreift.<\/p>\n\n\n\n<p class=\"has-small-font-size\"><strong>Teilnehmende Ku\u0308nstler:innen (Stand 13. April 2025)<\/strong><br>Vito Acconci, Kai Althoff, Kai Althoff &amp; Robert Elfgen, John M. Armleder, Ed Atkins, Lutz Bacher, John Baldessari, Iain Baxter, Alighiero Boetti, Kerstin Br\u00e4tsch, Angela Bulloch, Valentin Carron, Clegg &amp; Guttmann, George Condo, Keren Cytter, Ren\u00e9 Dani\u00ebls, Verne Dawson, de Rijke \/ de Rooij, Philip-Lorca diCorcia, Peter Doig, Trisha Donnelly, Stan Douglas, Lukas Duwenh\u00f6gger, Marcel Dzama &amp; Raymond Pettibon, Michaela Eichwald, Nicole Eisenman, Jana Euler, Urs Fischer, Peter Fischli, Fischli\/Weiss, Sylvie Fleury, Lee Friedlander, Katharina Fritsch, General Idea, Isa Genzken, Liam Gillick, Jack Goldstein, Dominique Gonzalez-Foerster, Douglas Gordon, Rodney Graham, Andreas Gursky, Guyton \/ Walker, Wade Guyton, Richard Hawkins, Georg Herold, Lynn Hershman Leeson, Jenny Holzer &amp; Lady Pink, Anne Imhof, Cameron Jamie, Larry Johnson, Mike Kelley, Karen Kilimnik, Barbara Kruger, Tetsumi Kudo, Sean Landers, Louise Lawler, Sherrie Levine, Klara Liden, Sarah Lucas, Mathieu Malouf, Helen Marten, Allan McCollum, Lucy McKenzie, John Miller, Mark Morrisroe, Matt Mullican, Cady Noland, Albert Oehlen, Laura Owens, Philippe Parreno, Philippe Parreno &amp; Pierre Huyghe, Manfred Pernice, Raymond Pettibon, Richard Phillips, Jack Pierson, Seth Price, Richard Prince, Nick Relph \/ Oliver Payne, Ugo Rondinone, Thomas Ruff, Wilhelm Sasnal, Jean-Fr\u00e9d\u00e9ric Schnyder, Jim Shaw, Steven Shearer, Cindy Sherman, Avery Singer, Andreas Slominski, Josh Smith, Haim Steinbach, Sturtevant, Walter Swennen, Paul Thek, Wolfgang Tillmans, Rirkrit Tiravanija, Rosemarie Trockel, Eugene von Bruenchenhein, Peter W\u00e4chtler, Kelley Walker, Rebecca Warren, Franz West, T. J. Wilcox, Christopher Williams, Sue Williams, Jordan Wolfson, Martin Wong, Heimo Zobernig.<\/p>\n\n\n\n<p class=\"has-small-font-size\"><\/p>\n","protected":false},"excerpt":{"rendered":"<p>Vom 13. April bis 5. Oktober 2025 zeigt die Langen Foundation in Neuss erstmals in<br \/>\nDeutschland eine umfassende Auswahl von Werken aus der renommierten Schweizer Sammlung Ringier. Die Ausstellung, kuratiert von Beatrix Ruf und dem Ku\u0308nstler Wade Guyton, umfasst rund 500 Arbeiten und bietet einen eindrucksvollen \u00dcberblick u\u0308ber eine der aufregendsten Sammlungen zeitgen\u00f6ssischer Kunst. Mit Werken von den sp\u00e4ten 1960er-Jahren bis heute dokumentiert diese nicht nur die 30-j\u00e4hrige Sammleraktivit\u00e4t von Michael Ringier, sondern auch pr\u00e4gende Entwicklungen der Kunstwelt. <\/p>\n","protected":false},"author":24,"featured_media":21066,"comment_status":"closed","ping_status":"open","sticky":false,"template":"","format":"standard","meta":{"inline_featured_image":false,"footnotes":""},"categories":[44],"tags":[],"class_list":["post-21065","post","type-post","status-publish","format-standard","has-post-thumbnail","hentry","category-corporate-de"],"yoast_head":"<!-- This site is optimized with the Yoast SEO Premium plugin v27.0 (Yoast SEO v27.0) - https:\/\/yoast.com\/product\/yoast-seo-premium-wordpress\/ -->\n<title>Zeichnung, Malerei, Skulptur, Fotografie, Film, Video, Sound \u2013 Sammlung Ringier 1995-2025 - Ringier<\/title>\n<meta name=\"robots\" content=\"index, follow, max-snippet:-1, max-image-preview:large, max-video-preview:-1\" \/>\n<link rel=\"canonical\" href=\"https:\/\/www.ringier.com\/de\/zeichnung-malerei-skulptur-fotografie-film-video-sound-sammlung-ringier-1995-2025\/\" \/>\n<meta property=\"og:locale\" content=\"de_DE\" \/>\n<meta property=\"og:type\" content=\"article\" \/>\n<meta property=\"og:title\" content=\"Zeichnung, Malerei, Skulptur, Fotografie, Film, Video, Sound \u2013 Sammlung Ringier 1995-2025\" \/>\n<meta property=\"og:description\" content=\"Vom 13. April bis 5. Oktober 2025 zeigt die Langen Foundation in Neuss erstmals in Deutschland eine umfassende Auswahl von Werken aus der renommierten Schweizer Sammlung Ringier. Die Ausstellung, kuratiert von Beatrix Ruf und dem Ku\u0308nstler Wade Guyton, umfasst rund 500 Arbeiten und bietet einen eindrucksvollen \u00dcberblick u\u0308ber eine der aufregendsten Sammlungen zeitgen\u00f6ssischer Kunst. Mit Werken von den sp\u00e4ten 1960er-Jahren bis heute dokumentiert diese nicht nur die 30-j\u00e4hrige Sammleraktivit\u00e4t von Michael Ringier, sondern auch pr\u00e4gende Entwicklungen der Kunstwelt.\" \/>\n<meta property=\"og:url\" content=\"https:\/\/www.ringier.com\/de\/zeichnung-malerei-skulptur-fotografie-film-video-sound-sammlung-ringier-1995-2025\/\" \/>\n<meta property=\"og:site_name\" content=\"Ringier\" \/>\n<meta property=\"article:publisher\" content=\"https:\/\/www.facebook.com\/ringierag\/\" \/>\n<meta property=\"article:published_time\" content=\"2025-02-12T09:51:32+00:00\" \/>\n<meta property=\"article:modified_time\" content=\"2025-05-12T12:57:03+00:00\" \/>\n<meta property=\"og:image\" content=\"https:\/\/www.ringier.com\/wp-content\/uploads\/2025\/02\/Kunstwerk-MM.png\" \/>\n\t<meta property=\"og:image:width\" content=\"1200\" \/>\n\t<meta property=\"og:image:height\" content=\"630\" \/>\n\t<meta property=\"og:image:type\" content=\"image\/png\" \/>\n<meta name=\"author\" content=\"Aline Theiler\" \/>\n<meta name=\"twitter:card\" content=\"summary_large_image\" \/>\n<meta name=\"twitter:creator\" content=\"@ringier_ag\" \/>\n<meta name=\"twitter:site\" content=\"@ringier_ag\" \/>\n<meta name=\"twitter:label1\" content=\"Verfasst von\" \/>\n\t<meta name=\"twitter:data1\" content=\"Aline Theiler\" \/>\n\t<meta name=\"twitter:label2\" content=\"Gesch\u00e4tzte Lesezeit\" \/>\n\t<meta name=\"twitter:data2\" content=\"4 Minuten\" \/>\n<script type=\"application\/ld+json\" class=\"yoast-schema-graph\">{\"@context\":\"https:\/\/schema.org\",\"@graph\":[{\"@type\":\"Article\",\"@id\":\"https:\/\/www.ringier.com\/de\/zeichnung-malerei-skulptur-fotografie-film-video-sound-sammlung-ringier-1995-2025\/#article\",\"isPartOf\":{\"@id\":\"https:\/\/www.ringier.com\/de\/zeichnung-malerei-skulptur-fotografie-film-video-sound-sammlung-ringier-1995-2025\/\"},\"author\":{\"name\":\"Aline Theiler\",\"@id\":\"https:\/\/www.ringier.com\/de\/#\/schema\/person\/24489a2b955651619fd85a09d4bca633\"},\"headline\":\"Zeichnung, Malerei, Skulptur, Fotografie, Film, Video, Sound \u2013 Sammlung Ringier 1995-2025\",\"datePublished\":\"2025-02-12T09:51:32+00:00\",\"dateModified\":\"2025-05-12T12:57:03+00:00\",\"mainEntityOfPage\":{\"@id\":\"https:\/\/www.ringier.com\/de\/zeichnung-malerei-skulptur-fotografie-film-video-sound-sammlung-ringier-1995-2025\/\"},\"wordCount\":624,\"publisher\":{\"@id\":\"https:\/\/www.ringier.com\/de\/#organization\"},\"image\":{\"@id\":\"https:\/\/www.ringier.com\/de\/zeichnung-malerei-skulptur-fotografie-film-video-sound-sammlung-ringier-1995-2025\/#primaryimage\"},\"thumbnailUrl\":\"https:\/\/www.ringier.com\/wp-content\/uploads\/2025\/02\/Kunstwerk-MM.png\",\"articleSection\":[\"Corporate\"],\"inLanguage\":\"de-DE\"},{\"@type\":\"WebPage\",\"@id\":\"https:\/\/www.ringier.com\/de\/zeichnung-malerei-skulptur-fotografie-film-video-sound-sammlung-ringier-1995-2025\/\",\"url\":\"https:\/\/www.ringier.com\/de\/zeichnung-malerei-skulptur-fotografie-film-video-sound-sammlung-ringier-1995-2025\/\",\"name\":\"Zeichnung, Malerei, Skulptur, Fotografie, Film, Video, Sound \u2013 Sammlung Ringier 1995-2025 - Ringier\",\"isPartOf\":{\"@id\":\"https:\/\/www.ringier.com\/de\/#website\"},\"primaryImageOfPage\":{\"@id\":\"https:\/\/www.ringier.com\/de\/zeichnung-malerei-skulptur-fotografie-film-video-sound-sammlung-ringier-1995-2025\/#primaryimage\"},\"image\":{\"@id\":\"https:\/\/www.ringier.com\/de\/zeichnung-malerei-skulptur-fotografie-film-video-sound-sammlung-ringier-1995-2025\/#primaryimage\"},\"thumbnailUrl\":\"https:\/\/www.ringier.com\/wp-content\/uploads\/2025\/02\/Kunstwerk-MM.png\",\"datePublished\":\"2025-02-12T09:51:32+00:00\",\"dateModified\":\"2025-05-12T12:57:03+00:00\",\"breadcrumb\":{\"@id\":\"https:\/\/www.ringier.com\/de\/zeichnung-malerei-skulptur-fotografie-film-video-sound-sammlung-ringier-1995-2025\/#breadcrumb\"},\"inLanguage\":\"de-DE\",\"potentialAction\":[{\"@type\":\"ReadAction\",\"target\":[\"https:\/\/www.ringier.com\/de\/zeichnung-malerei-skulptur-fotografie-film-video-sound-sammlung-ringier-1995-2025\/\"]}]},{\"@type\":\"ImageObject\",\"inLanguage\":\"de-DE\",\"@id\":\"https:\/\/www.ringier.com\/de\/zeichnung-malerei-skulptur-fotografie-film-video-sound-sammlung-ringier-1995-2025\/#primaryimage\",\"url\":\"https:\/\/www.ringier.com\/wp-content\/uploads\/2025\/02\/Kunstwerk-MM.png\",\"contentUrl\":\"https:\/\/www.ringier.com\/wp-content\/uploads\/2025\/02\/Kunstwerk-MM.png\",\"width\":1200,\"height\":630},{\"@type\":\"BreadcrumbList\",\"@id\":\"https:\/\/www.ringier.com\/de\/zeichnung-malerei-skulptur-fotografie-film-video-sound-sammlung-ringier-1995-2025\/#breadcrumb\",\"itemListElement\":[{\"@type\":\"ListItem\",\"position\":1,\"name\":\"Home\",\"item\":\"https:\/\/www.ringier.com\/de\/\"},{\"@type\":\"ListItem\",\"position\":2,\"name\":\"Zeichnung, Malerei, Skulptur, Fotografie, Film, Video, Sound \u2013 Sammlung Ringier 1995-2025\"}]},{\"@type\":\"WebSite\",\"@id\":\"https:\/\/www.ringier.com\/de\/#website\",\"url\":\"https:\/\/www.ringier.com\/de\/\",\"name\":\"Ringier\",\"description\":\"We inform. We entertain. We connect\",\"publisher\":{\"@id\":\"https:\/\/www.ringier.com\/de\/#organization\"},\"potentialAction\":[{\"@type\":\"SearchAction\",\"target\":{\"@type\":\"EntryPoint\",\"urlTemplate\":\"https:\/\/www.ringier.com\/de\/?s={search_term_string}\"},\"query-input\":{\"@type\":\"PropertyValueSpecification\",\"valueRequired\":true,\"valueName\":\"search_term_string\"}}],\"inLanguage\":\"de-DE\"},{\"@type\":\"Organization\",\"@id\":\"https:\/\/www.ringier.com\/de\/#organization\",\"name\":\"Ringier\",\"url\":\"https:\/\/www.ringier.com\/de\/\",\"logo\":{\"@type\":\"ImageObject\",\"inLanguage\":\"de-DE\",\"@id\":\"https:\/\/www.ringier.com\/de\/#\/schema\/logo\/image\/\",\"url\":\"https:\/\/www.ringier.com\/wp-content\/uploads\/2021\/10\/ringier_logo_2.jpg\",\"contentUrl\":\"https:\/\/www.ringier.com\/wp-content\/uploads\/2021\/10\/ringier_logo_2.jpg\",\"width\":750,\"height\":550,\"caption\":\"Ringier\"},\"image\":{\"@id\":\"https:\/\/www.ringier.com\/de\/#\/schema\/logo\/image\/\"},\"sameAs\":[\"https:\/\/www.facebook.com\/ringierag\/\",\"https:\/\/x.com\/ringier_ag\",\"https:\/\/www.instagram.com\/ringier_ag\/\",\"https:\/\/www.linkedin.com\/company\/ringier\/\",\"https:\/\/www.youtube.com\/user\/RingierComm\",\"https:\/\/en.wikipedia.org\/wiki\/Ringier\",\"https:\/\/de.wikipedia.org\/wiki\/Ringier\",\"https:\/\/fr.wikipedia.org\/wiki\/Ringier\",\"https:\/\/www.crunchbase.com\/organization\/ringier-ag\"]},{\"@type\":\"Person\",\"@id\":\"https:\/\/www.ringier.com\/de\/#\/schema\/person\/24489a2b955651619fd85a09d4bca633\",\"name\":\"Aline Theiler\",\"image\":{\"@type\":\"ImageObject\",\"inLanguage\":\"de-DE\",\"@id\":\"https:\/\/www.ringier.com\/de\/#\/schema\/person\/image\/\",\"url\":\"https:\/\/secure.gravatar.com\/avatar\/06f2922e079eed329a3d3c4244abea65911b408386451383c0de6e994a62ef8c?s=96&d=mm&r=g\",\"contentUrl\":\"https:\/\/secure.gravatar.com\/avatar\/06f2922e079eed329a3d3c4244abea65911b408386451383c0de6e994a62ef8c?s=96&d=mm&r=g\",\"caption\":\"Aline Theiler\"},\"sameAs\":[\"https:\/\/www.ringier.com\/\"]}]}<\/script>\n<!-- \/ Yoast SEO Premium plugin. -->","yoast_head_json":{"title":"Zeichnung, Malerei, Skulptur, Fotografie, Film, Video, Sound \u2013 Sammlung Ringier 1995-2025 - Ringier","robots":{"index":"index","follow":"follow","max-snippet":"max-snippet:-1","max-image-preview":"max-image-preview:large","max-video-preview":"max-video-preview:-1"},"canonical":"https:\/\/www.ringier.com\/de\/zeichnung-malerei-skulptur-fotografie-film-video-sound-sammlung-ringier-1995-2025\/","og_locale":"de_DE","og_type":"article","og_title":"Zeichnung, Malerei, Skulptur, Fotografie, Film, Video, Sound \u2013 Sammlung Ringier 1995-2025","og_description":"Vom 13. April bis 5. Oktober 2025 zeigt die Langen Foundation in Neuss erstmals in Deutschland eine umfassende Auswahl von Werken aus der renommierten Schweizer Sammlung Ringier. Die Ausstellung, kuratiert von Beatrix Ruf und dem Ku\u0308nstler Wade Guyton, umfasst rund 500 Arbeiten und bietet einen eindrucksvollen \u00dcberblick u\u0308ber eine der aufregendsten Sammlungen zeitgen\u00f6ssischer Kunst. Mit Werken von den sp\u00e4ten 1960er-Jahren bis heute dokumentiert diese nicht nur die 30-j\u00e4hrige Sammleraktivit\u00e4t von Michael Ringier, sondern auch pr\u00e4gende Entwicklungen der Kunstwelt.","og_url":"https:\/\/www.ringier.com\/de\/zeichnung-malerei-skulptur-fotografie-film-video-sound-sammlung-ringier-1995-2025\/","og_site_name":"Ringier","article_publisher":"https:\/\/www.facebook.com\/ringierag\/","article_published_time":"2025-02-12T09:51:32+00:00","article_modified_time":"2025-05-12T12:57:03+00:00","og_image":[{"width":1200,"height":630,"url":"https:\/\/www.ringier.com\/wp-content\/uploads\/2025\/02\/Kunstwerk-MM.png","type":"image\/png"}],"author":"Aline Theiler","twitter_card":"summary_large_image","twitter_creator":"@ringier_ag","twitter_site":"@ringier_ag","twitter_misc":{"Verfasst von":"Aline Theiler","Gesch\u00e4tzte Lesezeit":"4 Minuten"},"schema":{"@context":"https:\/\/schema.org","@graph":[{"@type":"Article","@id":"https:\/\/www.ringier.com\/de\/zeichnung-malerei-skulptur-fotografie-film-video-sound-sammlung-ringier-1995-2025\/#article","isPartOf":{"@id":"https:\/\/www.ringier.com\/de\/zeichnung-malerei-skulptur-fotografie-film-video-sound-sammlung-ringier-1995-2025\/"},"author":{"name":"Aline Theiler","@id":"https:\/\/www.ringier.com\/de\/#\/schema\/person\/24489a2b955651619fd85a09d4bca633"},"headline":"Zeichnung, Malerei, Skulptur, Fotografie, Film, Video, Sound \u2013 Sammlung Ringier 1995-2025","datePublished":"2025-02-12T09:51:32+00:00","dateModified":"2025-05-12T12:57:03+00:00","mainEntityOfPage":{"@id":"https:\/\/www.ringier.com\/de\/zeichnung-malerei-skulptur-fotografie-film-video-sound-sammlung-ringier-1995-2025\/"},"wordCount":624,"publisher":{"@id":"https:\/\/www.ringier.com\/de\/#organization"},"image":{"@id":"https:\/\/www.ringier.com\/de\/zeichnung-malerei-skulptur-fotografie-film-video-sound-sammlung-ringier-1995-2025\/#primaryimage"},"thumbnailUrl":"https:\/\/www.ringier.com\/wp-content\/uploads\/2025\/02\/Kunstwerk-MM.png","articleSection":["Corporate"],"inLanguage":"de-DE"},{"@type":"WebPage","@id":"https:\/\/www.ringier.com\/de\/zeichnung-malerei-skulptur-fotografie-film-video-sound-sammlung-ringier-1995-2025\/","url":"https:\/\/www.ringier.com\/de\/zeichnung-malerei-skulptur-fotografie-film-video-sound-sammlung-ringier-1995-2025\/","name":"Zeichnung, Malerei, Skulptur, Fotografie, Film, Video, Sound \u2013 Sammlung Ringier 1995-2025 - Ringier","isPartOf":{"@id":"https:\/\/www.ringier.com\/de\/#website"},"primaryImageOfPage":{"@id":"https:\/\/www.ringier.com\/de\/zeichnung-malerei-skulptur-fotografie-film-video-sound-sammlung-ringier-1995-2025\/#primaryimage"},"image":{"@id":"https:\/\/www.ringier.com\/de\/zeichnung-malerei-skulptur-fotografie-film-video-sound-sammlung-ringier-1995-2025\/#primaryimage"},"thumbnailUrl":"https:\/\/www.ringier.com\/wp-content\/uploads\/2025\/02\/Kunstwerk-MM.png","datePublished":"2025-02-12T09:51:32+00:00","dateModified":"2025-05-12T12:57:03+00:00","breadcrumb":{"@id":"https:\/\/www.ringier.com\/de\/zeichnung-malerei-skulptur-fotografie-film-video-sound-sammlung-ringier-1995-2025\/#breadcrumb"},"inLanguage":"de-DE","potentialAction":[{"@type":"ReadAction","target":["https:\/\/www.ringier.com\/de\/zeichnung-malerei-skulptur-fotografie-film-video-sound-sammlung-ringier-1995-2025\/"]}]},{"@type":"ImageObject","inLanguage":"de-DE","@id":"https:\/\/www.ringier.com\/de\/zeichnung-malerei-skulptur-fotografie-film-video-sound-sammlung-ringier-1995-2025\/#primaryimage","url":"https:\/\/www.ringier.com\/wp-content\/uploads\/2025\/02\/Kunstwerk-MM.png","contentUrl":"https:\/\/www.ringier.com\/wp-content\/uploads\/2025\/02\/Kunstwerk-MM.png","width":1200,"height":630},{"@type":"BreadcrumbList","@id":"https:\/\/www.ringier.com\/de\/zeichnung-malerei-skulptur-fotografie-film-video-sound-sammlung-ringier-1995-2025\/#breadcrumb","itemListElement":[{"@type":"ListItem","position":1,"name":"Home","item":"https:\/\/www.ringier.com\/de\/"},{"@type":"ListItem","position":2,"name":"Zeichnung, Malerei, Skulptur, Fotografie, Film, Video, Sound \u2013 Sammlung Ringier 1995-2025"}]},{"@type":"WebSite","@id":"https:\/\/www.ringier.com\/de\/#website","url":"https:\/\/www.ringier.com\/de\/","name":"Ringier","description":"We inform. We entertain. We connect","publisher":{"@id":"https:\/\/www.ringier.com\/de\/#organization"},"potentialAction":[{"@type":"SearchAction","target":{"@type":"EntryPoint","urlTemplate":"https:\/\/www.ringier.com\/de\/?s={search_term_string}"},"query-input":{"@type":"PropertyValueSpecification","valueRequired":true,"valueName":"search_term_string"}}],"inLanguage":"de-DE"},{"@type":"Organization","@id":"https:\/\/www.ringier.com\/de\/#organization","name":"Ringier","url":"https:\/\/www.ringier.com\/de\/","logo":{"@type":"ImageObject","inLanguage":"de-DE","@id":"https:\/\/www.ringier.com\/de\/#\/schema\/logo\/image\/","url":"https:\/\/www.ringier.com\/wp-content\/uploads\/2021\/10\/ringier_logo_2.jpg","contentUrl":"https:\/\/www.ringier.com\/wp-content\/uploads\/2021\/10\/ringier_logo_2.jpg","width":750,"height":550,"caption":"Ringier"},"image":{"@id":"https:\/\/www.ringier.com\/de\/#\/schema\/logo\/image\/"},"sameAs":["https:\/\/www.facebook.com\/ringierag\/","https:\/\/x.com\/ringier_ag","https:\/\/www.instagram.com\/ringier_ag\/","https:\/\/www.linkedin.com\/company\/ringier\/","https:\/\/www.youtube.com\/user\/RingierComm","https:\/\/en.wikipedia.org\/wiki\/Ringier","https:\/\/de.wikipedia.org\/wiki\/Ringier","https:\/\/fr.wikipedia.org\/wiki\/Ringier","https:\/\/www.crunchbase.com\/organization\/ringier-ag"]},{"@type":"Person","@id":"https:\/\/www.ringier.com\/de\/#\/schema\/person\/24489a2b955651619fd85a09d4bca633","name":"Aline Theiler","image":{"@type":"ImageObject","inLanguage":"de-DE","@id":"https:\/\/www.ringier.com\/de\/#\/schema\/person\/image\/","url":"https:\/\/secure.gravatar.com\/avatar\/06f2922e079eed329a3d3c4244abea65911b408386451383c0de6e994a62ef8c?s=96&d=mm&r=g","contentUrl":"https:\/\/secure.gravatar.com\/avatar\/06f2922e079eed329a3d3c4244abea65911b408386451383c0de6e994a62ef8c?s=96&d=mm&r=g","caption":"Aline Theiler"},"sameAs":["https:\/\/www.ringier.com\/"]}]}},"_links":{"self":[{"href":"https:\/\/www.ringier.com\/de\/wp-json\/wp\/v2\/posts\/21065","targetHints":{"allow":["GET"]}}],"collection":[{"href":"https:\/\/www.ringier.com\/de\/wp-json\/wp\/v2\/posts"}],"about":[{"href":"https:\/\/www.ringier.com\/de\/wp-json\/wp\/v2\/types\/post"}],"author":[{"embeddable":true,"href":"https:\/\/www.ringier.com\/de\/wp-json\/wp\/v2\/users\/24"}],"replies":[{"embeddable":true,"href":"https:\/\/www.ringier.com\/de\/wp-json\/wp\/v2\/comments?post=21065"}],"version-history":[{"count":0,"href":"https:\/\/www.ringier.com\/de\/wp-json\/wp\/v2\/posts\/21065\/revisions"}],"wp:featuredmedia":[{"embeddable":true,"href":"https:\/\/www.ringier.com\/de\/wp-json\/wp\/v2\/media\/21066"}],"wp:attachment":[{"href":"https:\/\/www.ringier.com\/de\/wp-json\/wp\/v2\/media?parent=21065"}],"wp:term":[{"taxonomy":"category","embeddable":true,"href":"https:\/\/www.ringier.com\/de\/wp-json\/wp\/v2\/categories?post=21065"},{"taxonomy":"post_tag","embeddable":true,"href":"https:\/\/www.ringier.com\/de\/wp-json\/wp\/v2\/tags?post=21065"}],"curies":[{"name":"wp","href":"https:\/\/api.w.org\/{rel}","templated":true}]}}