{"id":20757,"date":"2024-12-02T22:00:45","date_gmt":"2024-12-02T21:00:45","guid":{"rendered":"https:\/\/www.ringier.com\/?p=20757"},"modified":"2024-12-03T09:33:43","modified_gmt":"2024-12-03T08:33:43","slug":"schweizer-auto-des-jahres-2025-ein-pfiffiger-retro-stromer-und-eine-schweizer-lieblingsmarke-holen-die-titel","status":"publish","type":"post","link":"https:\/\/www.ringier.com\/de\/schweizer-auto-des-jahres-2025-ein-pfiffiger-retro-stromer-und-eine-schweizer-lieblingsmarke-holen-die-titel\/","title":{"rendered":"Schweizer Auto des Jahres 2025: Ein pfiffiger Retro-Stromer und eine Schweizer Lieblingsmarke holen die Titel"},"content":{"rendered":"\n<figure class=\"wp-block-image size-large\"><img loading=\"lazy\" decoding=\"async\" width=\"1024\" height=\"683\" src=\"https:\/\/www.ringier.com\/wp-content\/uploads\/2024\/12\/Siegerbild-Schweizer-Auto-des-Jahres-2025-1-1024x683.jpg\" alt=\"\" class=\"wp-image-20846\" srcset=\"https:\/\/www.ringier.com\/wp-content\/uploads\/2024\/12\/Siegerbild-Schweizer-Auto-des-Jahres-2025-1-1024x683.jpg 1024w, https:\/\/www.ringier.com\/wp-content\/uploads\/2024\/12\/Siegerbild-Schweizer-Auto-des-Jahres-2025-1-300x200.jpg 300w, https:\/\/www.ringier.com\/wp-content\/uploads\/2024\/12\/Siegerbild-Schweizer-Auto-des-Jahres-2025-1-768x512.jpg 768w, https:\/\/www.ringier.com\/wp-content\/uploads\/2024\/12\/Siegerbild-Schweizer-Auto-des-Jahres-2025-1-50x33.jpg 50w, https:\/\/www.ringier.com\/wp-content\/uploads\/2024\/12\/Siegerbild-Schweizer-Auto-des-Jahres-2025-1-1600x1067.jpg 1600w, https:\/\/www.ringier.com\/wp-content\/uploads\/2024\/12\/Siegerbild-Schweizer-Auto-des-Jahres-2025-1-1536x1024.jpg 1536w, https:\/\/www.ringier.com\/wp-content\/uploads\/2024\/12\/Siegerbild-Schweizer-Auto-des-Jahres-2025-1-2048x1365.jpg 2048w, https:\/\/www.ringier.com\/wp-content\/uploads\/2024\/12\/Siegerbild-Schweizer-Auto-des-Jahres-2025-1-273x182.jpg 273w, https:\/\/www.ringier.com\/wp-content\/uploads\/2024\/12\/Siegerbild-Schweizer-Auto-des-Jahres-2025-1-137x91.jpg 137w\" sizes=\"auto, (max-width: 1024px) 100vw, 1024px\" \/><\/figure>\n\n\n\n<p>Zum 14. Mal suchte Ringier Medien Schweiz zusammen mit dem Partner carmarket.ch, Blick, SonntagsBlick, Schweizer Illustrierte, L\u2019illustr\u00e9 und La Domenica das \u00abSchweizer Auto des Jahres\u00bb. Dabei gab es mit Jury- und Publikumswahl zwei Kategorien, in denen jeweils ein erster, zweiter und dritter Platz gek\u00fcrt wurden.<\/p>\n\n\n\n<p>Der 15-k\u00f6pfigen Fachjury geh\u00f6rten \u2013 neben der Jurypr\u00e4sidentin, der Ex-Sauber-Teamchefin Monisha Kaltenborn \u2013 Fachjournalistinnen und -journalisten, Umweltexperten und Technikspezialistinnen an. Sie w\u00e4hlte den kleinen Stromer Renault R5 E-Tech zu ihrem \u00abSchweizer Auto des Jahres 2025\u00bb. Bei der Publikumswahl unter Schirmherrschaft der Online-Handelsplattform carmarket.ch w\u00e4hlten \u00fcber 10&#8217;000 Teilnehmerinnen und Teilnehmer den Elektro-SUV Skoda Elroq zu ihrem Liebling.<\/p>\n\n\n\n<p>Geb\u00fchrend gefeiert wurden die Siegermodelle am Event \u00abThe Car Show\u00bb. Die traditionelle Preisverleihung im Beisein der Schweizer Autobranche ging wie schon in den letzten Jahren im Classic Center Safenwil AG als dynamische Show \u00fcber die B\u00fchne. Begr\u00fcsst wurden die 180 G\u00e4ste von der CEO Ringier Medien Schweiz, Ladina Heimgartner. Die Moderation lag abermals in den bew\u00e4hrten H\u00e4nden von Jann Billeter. Den musikalischen Rahmen setzte die Schweizer R&amp;B-S\u00e4ngerin Naomi Lareine mit einem fulminanten Auftritt.<\/p>\n\n\n\n<p>Den Auftakt machte eine \u00dcberraschung: Zum ersten Mal wurde im Rahmen des \u00abSchweizer Auto des Jahres\u00bb ein \u00abSpecial Award\u00bb verliehen. Er geht an die Emil Frey AG, die in diesem Jahr ihr 100-j\u00e4hriges Bestehen feiert. Im Jahr 1924 von Emil Frey als Werkstatt f\u00fcr Velos und Motorr\u00e4der gegr\u00fcndet, hat sich das Unternehmen l\u00e4ngst \u00fcber die Schweiz hinaus als eine feste Gr\u00f6sse im Autoimport und -handel etabliert. Walter Frey, Verwaltungsratspr\u00e4sident und Sohn des Gr\u00fcnders Emil Frey, nahm im Beisein die Auszeichnung stellvertretend f\u00fcr die rund 25\u2019000 Mitarbeitenden im In- und Ausland entgegen.<\/p>\n\n\n\n<p>Zuvor teilte Bernhard Russi, Ski-Olympiasieger und -Weltmeister, einige Erinnerungen aus seiner jahrzehntelangen Verbindung mit Walter Frey und der von der Emil Frey AG importierten Marke Subaru. Die Siegermodelle des \u00abSchweizer Auto des Jahres 2025\u00bb legten anschliessend ihren grossen Auftritt auf einem \u00fcberdimensionalen Catwalk samt Drehb\u00fchne hin.<\/p>\n\n\n\n<p><strong>\u00abSchweizer Auto des Jahres 2025\u00bb in der Fachwahl: Renault R5 E-Tech<br><\/strong>Aus 36 Modellneuheiten hatte die Jury im Vorfeld eine erste Auswahl getroffen. Zum grossen Testtag im Zentrum Betzholz von TCS Training &amp; Freizeit in Hinwil ZH rollten dann in diesem Jahr zehn Modelle zur Endausscheidung. W\u00e4hrend in den letzten Jahren immer wieder vor allem grosse Elektromodelle die Endrunde erreichten, dominierten in diesem Jahr kleine Stromer das Feld \u2013 endlich, denn vor allem sie fehlen derzeit noch am Markt, um der Elektromobilit\u00e4t weiteren Schub zu verleihen.<\/p>\n\n\n\n<p>Aus Sicht der Jurypr\u00e4sidenten Monisha Kaltenborn r\u00fccken derzeit neue Aspekte bei der Entscheidung f\u00fcr ein neues Auto in den Vordergrund: \u00abTechnische Daten werden fast zur Nebensache. Viel wichtiger erscheint jetzt das Thema Nachhaltigkeit, sowohl bei den verwendeten Materialien als auch bei der Fahrzeugproduktion. Und nat\u00fcrlich der Preis.\u00bb<\/p>\n\n\n\n<p>Den Sieg holt sich in diesem Jahr ein brandneuer Stromer mit langer Historie: Mit dem R5 E-Tech lanciert der franz\u00f6sische Autobauer Renault einen modernen Elektro-Kleinwagen, aber im klassischen Design des legend\u00e4ren ersten R5 aus dem Jahr 1972. Die Jury \u00fcberzeugte das Gesamtpaket aus kompakten Abmessungen, pfiffigen Details \u00e0 la fran\u00e7aise und drei Motorversionen zwischen 95 und 150 PS. Vollvernetzung und emissionsfreie Antriebe, aber nostalgisches Feeling \u2013 so wird E-Mobilit\u00e4t emotional. Mit 18,9 Prozent der Jurystimmen rollt der Renault R5 E-Tech \u00fcber die Zielgerade.<\/p>\n\n\n\n<p>Mit 12,6 Prozent der Jurystimmen sichert sich mit dem Volvo EX30 das kleinste Elektromodell der schwedischen Traditionsmarke mit chinesischen Mutterkonzern den zweiten Platz. Mit 10,9 Prozent folgt mit dem Citro\u00ebn \u00eb-C3 einer der g\u00fcnstigsten Elektro-Crossover auf dem Schweizer Markt auf Platz drei.<\/p>\n\n\n\n<p><strong>\u00abSchweizer Auto des Jahres 2025\u00bb in der Publikumswahl: Skoda Elroq<br><\/strong>Die Userinnen und User der Medienmarken von Ringier Medien Schweiz (u.a. Blick, SonntagsBlick, Schweizer Illustrierte oder L\u2019illustr\u00e9), von carmarket.ch und La Domenica haben ebenfalls ihren Favoriten bestimmt. Insgesamt 44 Modellneuheiten wurden in diesem Jahr nominiert. Bei einem neuen Wahlmodus und der M\u00f6glichkeit, mehrere Stimmen auf je drei Modelle zu verteilen, nahmen \u00fcber 10\u2019000 Schweizerinnen und Schweizer teil und sorgten f\u00fcr eine spannende und bis zum Schluss enge Konkurrenz.<\/p>\n\n\n\n<p>Mit 8,1 Prozent der abgegebenen Stimmen f\u00e4hrt der Skoda Elroq auf die Pole Position. Den Titel holt sich damit ein erst kurz vor Wahlstart enth\u00fcllter Kompakt-SUV mit Elektroantrieb. Dieser zweite Stromer im Programm der tschechischen VW-Tochter wird nicht nur mit seinem Antrieb zum Trendsetter. Denn er liegt preislich auf gleichem Niveau wie vergleichbare Verbrenner-SUV. Die Angleichung der Preise zwischen Verbrenner- und E-Versionen gilt als ein Schl\u00fcssel zur Verbreitung der Elektromobilit\u00e4t.<\/p>\n\n\n\n<p>\u00dcberraschung auf dem zweiten Platz: Ihn belegt der Jurywahl-Sieger Renault R5 E-Tech mit 6,3 Prozent der Stimmen. Platz drei holt sich der kleine Crossover Opel Frontera mit 5,8 Prozent der Stimmen.<\/p>\n\n\n\n<p><strong>Eine gl\u00fcckliche Auto-Gewinnerin<\/strong><br>Bei der grossen und in allen Landesteilen durchgef\u00fchrten Publikumswahl konnte man nicht nur f\u00fcr seine automobilen Favoriten abstimmen, sondern auch attraktive Preise gewinnen. Hinter dem Steuer des Hauptpreises, eines neuen Opel Frontera Electric mit einem 113 PS starken Elektroantrieb im Wert von 32\u2019990 Franken, wird k\u00fcnftig Anna Amstutz aus Ennetbaden Platz nehmen.<\/p>\n\n\n\n<p>Die Sieger 2025 auf einen Blick<\/p>\n\n\n\n<div style=\"height:27px\" aria-hidden=\"true\" class=\"wp-block-spacer\"><\/div>\n\n\n\n<p><strong>\u00abSchweizer Auto des Jahres 2025\u00bb &#8211; Fachwahl<\/strong><\/p>\n\n\n\n<p>1. Renault R5 E-Tech<\/p>\n\n\n\n<figure class=\"wp-block-image size-large\"><img loading=\"lazy\" decoding=\"async\" width=\"1024\" height=\"683\" src=\"https:\/\/www.ringier.com\/wp-content\/uploads\/2024\/12\/Jury_1Platz_Renault-R5-1024x683.jpg\" alt=\"\" class=\"wp-image-20772\" srcset=\"https:\/\/www.ringier.com\/wp-content\/uploads\/2024\/12\/Jury_1Platz_Renault-R5-1024x683.jpg 1024w, https:\/\/www.ringier.com\/wp-content\/uploads\/2024\/12\/Jury_1Platz_Renault-R5-300x200.jpg 300w, https:\/\/www.ringier.com\/wp-content\/uploads\/2024\/12\/Jury_1Platz_Renault-R5-768x512.jpg 768w, https:\/\/www.ringier.com\/wp-content\/uploads\/2024\/12\/Jury_1Platz_Renault-R5-50x33.jpg 50w, https:\/\/www.ringier.com\/wp-content\/uploads\/2024\/12\/Jury_1Platz_Renault-R5-1600x1067.jpg 1600w, https:\/\/www.ringier.com\/wp-content\/uploads\/2024\/12\/Jury_1Platz_Renault-R5-1536x1025.jpg 1536w, https:\/\/www.ringier.com\/wp-content\/uploads\/2024\/12\/Jury_1Platz_Renault-R5-273x182.jpg 273w, https:\/\/www.ringier.com\/wp-content\/uploads\/2024\/12\/Jury_1Platz_Renault-R5-137x91.jpg 137w\" sizes=\"auto, (max-width: 1024px) 100vw, 1024px\" \/><\/figure>\n\n\n\n<p>2. Volvo EX30<\/p>\n\n\n\n<figure class=\"wp-block-image size-large\"><img loading=\"lazy\" decoding=\"async\" width=\"1024\" height=\"683\" src=\"https:\/\/www.ringier.com\/wp-content\/uploads\/2024\/12\/Jury_2Platz_Volvo-EX30-1024x683.jpg\" alt=\"\" class=\"wp-image-20775\" srcset=\"https:\/\/www.ringier.com\/wp-content\/uploads\/2024\/12\/Jury_2Platz_Volvo-EX30-1024x683.jpg 1024w, https:\/\/www.ringier.com\/wp-content\/uploads\/2024\/12\/Jury_2Platz_Volvo-EX30-300x200.jpg 300w, https:\/\/www.ringier.com\/wp-content\/uploads\/2024\/12\/Jury_2Platz_Volvo-EX30-768x512.jpg 768w, https:\/\/www.ringier.com\/wp-content\/uploads\/2024\/12\/Jury_2Platz_Volvo-EX30-50x33.jpg 50w, https:\/\/www.ringier.com\/wp-content\/uploads\/2024\/12\/Jury_2Platz_Volvo-EX30-1600x1067.jpg 1600w, https:\/\/www.ringier.com\/wp-content\/uploads\/2024\/12\/Jury_2Platz_Volvo-EX30-1536x1024.jpg 1536w, https:\/\/www.ringier.com\/wp-content\/uploads\/2024\/12\/Jury_2Platz_Volvo-EX30-2048x1365.jpg 2048w, https:\/\/www.ringier.com\/wp-content\/uploads\/2024\/12\/Jury_2Platz_Volvo-EX30-273x182.jpg 273w, https:\/\/www.ringier.com\/wp-content\/uploads\/2024\/12\/Jury_2Platz_Volvo-EX30-137x91.jpg 137w\" sizes=\"auto, (max-width: 1024px) 100vw, 1024px\" \/><\/figure>\n\n\n\n<p>3. Citro\u00ebn \u00eb-C3<\/p>\n\n\n\n<figure class=\"wp-block-image size-large\"><img loading=\"lazy\" decoding=\"async\" width=\"1024\" height=\"683\" src=\"https:\/\/www.ringier.com\/wp-content\/uploads\/2024\/12\/Jury_3Platz_Citroen-e-C3-1024x683.jpg\" alt=\"\" class=\"wp-image-20778\" srcset=\"https:\/\/www.ringier.com\/wp-content\/uploads\/2024\/12\/Jury_3Platz_Citroen-e-C3-1024x683.jpg 1024w, https:\/\/www.ringier.com\/wp-content\/uploads\/2024\/12\/Jury_3Platz_Citroen-e-C3-300x200.jpg 300w, https:\/\/www.ringier.com\/wp-content\/uploads\/2024\/12\/Jury_3Platz_Citroen-e-C3-768x512.jpg 768w, https:\/\/www.ringier.com\/wp-content\/uploads\/2024\/12\/Jury_3Platz_Citroen-e-C3-50x33.jpg 50w, https:\/\/www.ringier.com\/wp-content\/uploads\/2024\/12\/Jury_3Platz_Citroen-e-C3-1600x1067.jpg 1600w, https:\/\/www.ringier.com\/wp-content\/uploads\/2024\/12\/Jury_3Platz_Citroen-e-C3-1536x1024.jpg 1536w, https:\/\/www.ringier.com\/wp-content\/uploads\/2024\/12\/Jury_3Platz_Citroen-e-C3-2048x1365.jpg 2048w, https:\/\/www.ringier.com\/wp-content\/uploads\/2024\/12\/Jury_3Platz_Citroen-e-C3-273x182.jpg 273w, https:\/\/www.ringier.com\/wp-content\/uploads\/2024\/12\/Jury_3Platz_Citroen-e-C3-137x91.jpg 137w\" sizes=\"auto, (max-width: 1024px) 100vw, 1024px\" \/><\/figure>\n\n\n\n<div style=\"height:35px\" aria-hidden=\"true\" class=\"wp-block-spacer\"><\/div>\n\n\n\n<p><strong>\u00abSchweizer Auto des Jahres 2025\u00bb &#8211; Publikumswahl<\/strong><\/p>\n\n\n\n<p>1. Skoda Elroq<\/p>\n\n\n\n<figure class=\"wp-block-image size-large\"><img loading=\"lazy\" decoding=\"async\" width=\"1024\" height=\"679\" src=\"https:\/\/www.ringier.com\/wp-content\/uploads\/2024\/12\/Publikum_1Platz_Skoda_Elroq-1024x679.jpg\" alt=\"\" class=\"wp-image-20781\" srcset=\"https:\/\/www.ringier.com\/wp-content\/uploads\/2024\/12\/Publikum_1Platz_Skoda_Elroq-1024x679.jpg 1024w, https:\/\/www.ringier.com\/wp-content\/uploads\/2024\/12\/Publikum_1Platz_Skoda_Elroq-300x199.jpg 300w, https:\/\/www.ringier.com\/wp-content\/uploads\/2024\/12\/Publikum_1Platz_Skoda_Elroq-768x509.jpg 768w, https:\/\/www.ringier.com\/wp-content\/uploads\/2024\/12\/Publikum_1Platz_Skoda_Elroq-50x33.jpg 50w, https:\/\/www.ringier.com\/wp-content\/uploads\/2024\/12\/Publikum_1Platz_Skoda_Elroq-1600x1060.jpg 1600w, https:\/\/www.ringier.com\/wp-content\/uploads\/2024\/12\/Publikum_1Platz_Skoda_Elroq-1536x1018.jpg 1536w, https:\/\/www.ringier.com\/wp-content\/uploads\/2024\/12\/Publikum_1Platz_Skoda_Elroq-2048x1357.jpg 2048w, https:\/\/www.ringier.com\/wp-content\/uploads\/2024\/12\/Publikum_1Platz_Skoda_Elroq-275x182.jpg 275w, https:\/\/www.ringier.com\/wp-content\/uploads\/2024\/12\/Publikum_1Platz_Skoda_Elroq-137x91.jpg 137w\" sizes=\"auto, (max-width: 1024px) 100vw, 1024px\" \/><\/figure>\n\n\n\n<p>2. Renault R5 E-Tech<\/p>\n\n\n\n<figure class=\"wp-block-image size-full\"><img loading=\"lazy\" decoding=\"async\" width=\"11498\" height=\"7636\" src=\"https:\/\/www.ringier.com\/wp-content\/uploads\/2024\/12\/Publikum_2Platz_Renault-R5.jpg\" alt=\"\" class=\"wp-image-20784\"\/><\/figure>\n\n\n\n<p>3. Opel Frontera<\/p>\n\n\n\n<figure class=\"wp-block-image size-large\"><img loading=\"lazy\" decoding=\"async\" width=\"1024\" height=\"687\" src=\"https:\/\/www.ringier.com\/wp-content\/uploads\/2024\/12\/Publikum_3Platz_Opel_Frontera-1024x687.jpg\" alt=\"\" class=\"wp-image-20787\" srcset=\"https:\/\/www.ringier.com\/wp-content\/uploads\/2024\/12\/Publikum_3Platz_Opel_Frontera-1024x687.jpg 1024w, https:\/\/www.ringier.com\/wp-content\/uploads\/2024\/12\/Publikum_3Platz_Opel_Frontera-300x201.jpg 300w, https:\/\/www.ringier.com\/wp-content\/uploads\/2024\/12\/Publikum_3Platz_Opel_Frontera-768x515.jpg 768w, https:\/\/www.ringier.com\/wp-content\/uploads\/2024\/12\/Publikum_3Platz_Opel_Frontera-50x34.jpg 50w, https:\/\/www.ringier.com\/wp-content\/uploads\/2024\/12\/Publikum_3Platz_Opel_Frontera-1600x1073.jpg 1600w, https:\/\/www.ringier.com\/wp-content\/uploads\/2024\/12\/Publikum_3Platz_Opel_Frontera-1536x1030.jpg 1536w, https:\/\/www.ringier.com\/wp-content\/uploads\/2024\/12\/Publikum_3Platz_Opel_Frontera-2048x1374.jpg 2048w, https:\/\/www.ringier.com\/wp-content\/uploads\/2024\/12\/Publikum_3Platz_Opel_Frontera-271x182.jpg 271w, https:\/\/www.ringier.com\/wp-content\/uploads\/2024\/12\/Publikum_3Platz_Opel_Frontera-137x92.jpg 137w\" sizes=\"auto, (max-width: 1024px) 100vw, 1024px\" \/><\/figure>\n\n\n\n<hr class=\"wp-block-separator has-alpha-channel-opacity\"\/>\n\n\n\n<p class=\"has-small-font-size\"><strong>\u00dcber Ringier Medien Schweiz<br><\/strong>Mehr als 4,6 Millionen Leser\/innen nutzen und vertrauen den Medienmarken von RMS. Zum Portfolio geh\u00f6ren der Blick sowie die reichweitenst\u00e4rksten Magazin- und Zeitschriftentitel wie Beobachter, Handelszeitung, Bilanz, cash.ch, Tele, Schweizer Illustrierte, Landliebe, Gl\u00fcckspost, L\u2019Illustr\u00e9 und PME. Mit ihrem breiten Themenspektrum, ihrer herausragenden Reichweite und ihren starken Inhalten positioniert sich RMS als das zukunftsorientierte Medienhaus der Schweiz und ist, unterst\u00fctzt durch die Vermarktungseinheit Ringier Advertising, bereits heute der bevorzugte Partner f\u00fcr Werbekunden, die attraktive und effiziente Werbel\u00f6sungen suchen.<\/p>\n","protected":false},"excerpt":{"rendered":"<p>Eine 15-k\u00f6pfige Fachjury verleiht dem Elektro-Kleinwagen Renault R5 E-Tech den begehrten Titel \u00abSchweizer Auto des Jahres 2025\u00bb. Bei der Publikumswahl von Ringier Medien Schweiz und carmarket.ch gewinnt mit dem Skoda Elroq ein kompaktes Elektro-SUV die Troph\u00e4e \u00abSchweizer Auto des Jahres 2025\u00bb. Mit einem erstmals ausgelobten \u00abSpecial Award\u00bb wurde die Emil Frey AG, vertreten durch den Verwaltungsratspr\u00e4sidenten Walter Frey, f\u00fcr 100 Jahre erfolgreiches Engagement f\u00fcr die Mobilit\u00e4t ihrer Kundinnen und Kunden ausgezeichnet.<\/p>\n","protected":false},"author":23,"featured_media":20850,"comment_status":"closed","ping_status":"open","sticky":false,"template":"","format":"standard","meta":{"inline_featured_image":false,"footnotes":""},"categories":[361],"tags":[],"class_list":["post-20757","post","type-post","status-publish","format-standard","has-post-thumbnail","hentry","category-ringier-medien-schweiz"],"yoast_head":"<!-- This site is optimized with the Yoast SEO Premium plugin v27.0 (Yoast SEO v27.0) - https:\/\/yoast.com\/product\/yoast-seo-premium-wordpress\/ -->\n<title>Schweizer Auto des Jahres 2025: Ein pfiffiger Retro-Stromer und eine Schweizer Lieblingsmarke holen die Titel - Ringier<\/title>\n<meta name=\"robots\" content=\"index, follow, max-snippet:-1, max-image-preview:large, max-video-preview:-1\" \/>\n<link rel=\"canonical\" href=\"https:\/\/www.ringier.com\/de\/schweizer-auto-des-jahres-2025-ein-pfiffiger-retro-stromer-und-eine-schweizer-lieblingsmarke-holen-die-titel\/\" \/>\n<meta property=\"og:locale\" content=\"de_DE\" \/>\n<meta property=\"og:type\" content=\"article\" \/>\n<meta property=\"og:title\" content=\"Schweizer Auto des Jahres 2025: Ein pfiffiger Retro-Stromer und eine Schweizer Lieblingsmarke holen die Titel\" \/>\n<meta property=\"og:description\" content=\"Eine 15-k\u00f6pfige Fachjury verleiht dem Elektro-Kleinwagen Renault R5 E-Tech den begehrten Titel \u00abSchweizer Auto des Jahres 2025\u00bb. Bei der Publikumswahl von Ringier Medien Schweiz und carmarket.ch gewinnt mit dem Skoda Elroq ein kompaktes Elektro-SUV die Troph\u00e4e \u00abSchweizer Auto des Jahres 2025\u00bb. Mit einem erstmals ausgelobten \u00abSpecial Award\u00bb wurde die Emil Frey AG, vertreten durch den Verwaltungsratspr\u00e4sidenten Walter Frey, f\u00fcr 100 Jahre erfolgreiches Engagement f\u00fcr die Mobilit\u00e4t ihrer Kundinnen und Kunden ausgezeichnet.\" \/>\n<meta property=\"og:url\" content=\"https:\/\/www.ringier.com\/de\/schweizer-auto-des-jahres-2025-ein-pfiffiger-retro-stromer-und-eine-schweizer-lieblingsmarke-holen-die-titel\/\" \/>\n<meta property=\"og:site_name\" content=\"Ringier\" \/>\n<meta property=\"article:publisher\" content=\"https:\/\/www.facebook.com\/ringierag\/\" \/>\n<meta property=\"article:published_time\" content=\"2024-12-02T21:00:45+00:00\" \/>\n<meta property=\"article:modified_time\" content=\"2024-12-03T08:33:43+00:00\" \/>\n<meta property=\"og:image\" content=\"https:\/\/www.ringier.com\/wp-content\/uploads\/2024\/12\/Schweizer-Auto-des-Jahres-MM-Titelbild.png\" \/>\n\t<meta property=\"og:image:width\" content=\"1374\" \/>\n\t<meta property=\"og:image:height\" content=\"769\" \/>\n\t<meta property=\"og:image:type\" content=\"image\/png\" \/>\n<meta name=\"author\" content=\"Ringier Corporate Communications\" \/>\n<meta name=\"twitter:card\" content=\"summary_large_image\" \/>\n<meta name=\"twitter:creator\" content=\"@ringier_ag\" \/>\n<meta name=\"twitter:site\" content=\"@ringier_ag\" \/>\n<meta name=\"twitter:label1\" content=\"Verfasst von\" \/>\n\t<meta name=\"twitter:data1\" content=\"Ringier Corporate Communications\" \/>\n\t<meta name=\"twitter:label2\" content=\"Gesch\u00e4tzte Lesezeit\" \/>\n\t<meta name=\"twitter:data2\" content=\"7 Minuten\" \/>\n<script type=\"application\/ld+json\" class=\"yoast-schema-graph\">{\"@context\":\"https:\/\/schema.org\",\"@graph\":[{\"@type\":\"Article\",\"@id\":\"https:\/\/www.ringier.com\/de\/schweizer-auto-des-jahres-2025-ein-pfiffiger-retro-stromer-und-eine-schweizer-lieblingsmarke-holen-die-titel\/#article\",\"isPartOf\":{\"@id\":\"https:\/\/www.ringier.com\/de\/schweizer-auto-des-jahres-2025-ein-pfiffiger-retro-stromer-und-eine-schweizer-lieblingsmarke-holen-die-titel\/\"},\"author\":{\"name\":\"Ringier Corporate Communications\",\"@id\":\"https:\/\/www.ringier.com\/de\/#\/schema\/person\/4cf76a308dc4b2bb5121bd1e7b752e52\"},\"headline\":\"Schweizer Auto des Jahres 2025: Ein pfiffiger Retro-Stromer und eine Schweizer Lieblingsmarke holen die Titel\",\"datePublished\":\"2024-12-02T21:00:45+00:00\",\"dateModified\":\"2024-12-03T08:33:43+00:00\",\"mainEntityOfPage\":{\"@id\":\"https:\/\/www.ringier.com\/de\/schweizer-auto-des-jahres-2025-ein-pfiffiger-retro-stromer-und-eine-schweizer-lieblingsmarke-holen-die-titel\/\"},\"wordCount\":963,\"publisher\":{\"@id\":\"https:\/\/www.ringier.com\/de\/#organization\"},\"image\":{\"@id\":\"https:\/\/www.ringier.com\/de\/schweizer-auto-des-jahres-2025-ein-pfiffiger-retro-stromer-und-eine-schweizer-lieblingsmarke-holen-die-titel\/#primaryimage\"},\"thumbnailUrl\":\"https:\/\/www.ringier.com\/wp-content\/uploads\/2024\/12\/Schweizer-Auto-des-Jahres-MM-Titelbild.png\",\"articleSection\":[\"Ringier Medien Schweiz\"],\"inLanguage\":\"de-DE\"},{\"@type\":\"WebPage\",\"@id\":\"https:\/\/www.ringier.com\/de\/schweizer-auto-des-jahres-2025-ein-pfiffiger-retro-stromer-und-eine-schweizer-lieblingsmarke-holen-die-titel\/\",\"url\":\"https:\/\/www.ringier.com\/de\/schweizer-auto-des-jahres-2025-ein-pfiffiger-retro-stromer-und-eine-schweizer-lieblingsmarke-holen-die-titel\/\",\"name\":\"Schweizer Auto des Jahres 2025: Ein pfiffiger Retro-Stromer und eine Schweizer Lieblingsmarke holen die Titel - Ringier\",\"isPartOf\":{\"@id\":\"https:\/\/www.ringier.com\/de\/#website\"},\"primaryImageOfPage\":{\"@id\":\"https:\/\/www.ringier.com\/de\/schweizer-auto-des-jahres-2025-ein-pfiffiger-retro-stromer-und-eine-schweizer-lieblingsmarke-holen-die-titel\/#primaryimage\"},\"image\":{\"@id\":\"https:\/\/www.ringier.com\/de\/schweizer-auto-des-jahres-2025-ein-pfiffiger-retro-stromer-und-eine-schweizer-lieblingsmarke-holen-die-titel\/#primaryimage\"},\"thumbnailUrl\":\"https:\/\/www.ringier.com\/wp-content\/uploads\/2024\/12\/Schweizer-Auto-des-Jahres-MM-Titelbild.png\",\"datePublished\":\"2024-12-02T21:00:45+00:00\",\"dateModified\":\"2024-12-03T08:33:43+00:00\",\"breadcrumb\":{\"@id\":\"https:\/\/www.ringier.com\/de\/schweizer-auto-des-jahres-2025-ein-pfiffiger-retro-stromer-und-eine-schweizer-lieblingsmarke-holen-die-titel\/#breadcrumb\"},\"inLanguage\":\"de-DE\",\"potentialAction\":[{\"@type\":\"ReadAction\",\"target\":[\"https:\/\/www.ringier.com\/de\/schweizer-auto-des-jahres-2025-ein-pfiffiger-retro-stromer-und-eine-schweizer-lieblingsmarke-holen-die-titel\/\"]}]},{\"@type\":\"ImageObject\",\"inLanguage\":\"de-DE\",\"@id\":\"https:\/\/www.ringier.com\/de\/schweizer-auto-des-jahres-2025-ein-pfiffiger-retro-stromer-und-eine-schweizer-lieblingsmarke-holen-die-titel\/#primaryimage\",\"url\":\"https:\/\/www.ringier.com\/wp-content\/uploads\/2024\/12\/Schweizer-Auto-des-Jahres-MM-Titelbild.png\",\"contentUrl\":\"https:\/\/www.ringier.com\/wp-content\/uploads\/2024\/12\/Schweizer-Auto-des-Jahres-MM-Titelbild.png\",\"width\":1374,\"height\":769},{\"@type\":\"BreadcrumbList\",\"@id\":\"https:\/\/www.ringier.com\/de\/schweizer-auto-des-jahres-2025-ein-pfiffiger-retro-stromer-und-eine-schweizer-lieblingsmarke-holen-die-titel\/#breadcrumb\",\"itemListElement\":[{\"@type\":\"ListItem\",\"position\":1,\"name\":\"Home\",\"item\":\"https:\/\/www.ringier.com\/de\/\"},{\"@type\":\"ListItem\",\"position\":2,\"name\":\"Schweizer Auto des Jahres 2025: Ein pfiffiger Retro-Stromer und eine Schweizer Lieblingsmarke holen die Titel\"}]},{\"@type\":\"WebSite\",\"@id\":\"https:\/\/www.ringier.com\/de\/#website\",\"url\":\"https:\/\/www.ringier.com\/de\/\",\"name\":\"Ringier\",\"description\":\"We inform. We entertain. We connect\",\"publisher\":{\"@id\":\"https:\/\/www.ringier.com\/de\/#organization\"},\"potentialAction\":[{\"@type\":\"SearchAction\",\"target\":{\"@type\":\"EntryPoint\",\"urlTemplate\":\"https:\/\/www.ringier.com\/de\/?s={search_term_string}\"},\"query-input\":{\"@type\":\"PropertyValueSpecification\",\"valueRequired\":true,\"valueName\":\"search_term_string\"}}],\"inLanguage\":\"de-DE\"},{\"@type\":\"Organization\",\"@id\":\"https:\/\/www.ringier.com\/de\/#organization\",\"name\":\"Ringier\",\"url\":\"https:\/\/www.ringier.com\/de\/\",\"logo\":{\"@type\":\"ImageObject\",\"inLanguage\":\"de-DE\",\"@id\":\"https:\/\/www.ringier.com\/de\/#\/schema\/logo\/image\/\",\"url\":\"https:\/\/www.ringier.com\/wp-content\/uploads\/2021\/10\/ringier_logo_2.jpg\",\"contentUrl\":\"https:\/\/www.ringier.com\/wp-content\/uploads\/2021\/10\/ringier_logo_2.jpg\",\"width\":750,\"height\":550,\"caption\":\"Ringier\"},\"image\":{\"@id\":\"https:\/\/www.ringier.com\/de\/#\/schema\/logo\/image\/\"},\"sameAs\":[\"https:\/\/www.facebook.com\/ringierag\/\",\"https:\/\/x.com\/ringier_ag\",\"https:\/\/www.instagram.com\/ringier_ag\/\",\"https:\/\/www.linkedin.com\/company\/ringier\/\",\"https:\/\/www.youtube.com\/user\/RingierComm\",\"https:\/\/en.wikipedia.org\/wiki\/Ringier\",\"https:\/\/de.wikipedia.org\/wiki\/Ringier\",\"https:\/\/fr.wikipedia.org\/wiki\/Ringier\",\"https:\/\/www.crunchbase.com\/organization\/ringier-ag\"]},{\"@type\":\"Person\",\"@id\":\"https:\/\/www.ringier.com\/de\/#\/schema\/person\/4cf76a308dc4b2bb5121bd1e7b752e52\",\"name\":\"Ringier Corporate Communications\",\"image\":{\"@type\":\"ImageObject\",\"inLanguage\":\"de-DE\",\"@id\":\"https:\/\/www.ringier.com\/de\/#\/schema\/person\/image\/\",\"url\":\"https:\/\/secure.gravatar.com\/avatar\/9391e20481368d5df4fe3e1e476c13b27786347489822ec1ed07e532bb41f587?s=96&d=mm&r=g\",\"contentUrl\":\"https:\/\/secure.gravatar.com\/avatar\/9391e20481368d5df4fe3e1e476c13b27786347489822ec1ed07e532bb41f587?s=96&d=mm&r=g\",\"caption\":\"Ringier Corporate Communications\"},\"sameAs\":[\"https:\/\/www.ringier.com\"]}]}<\/script>\n<!-- \/ Yoast SEO Premium plugin. -->","yoast_head_json":{"title":"Schweizer Auto des Jahres 2025: Ein pfiffiger Retro-Stromer und eine Schweizer Lieblingsmarke holen die Titel - Ringier","robots":{"index":"index","follow":"follow","max-snippet":"max-snippet:-1","max-image-preview":"max-image-preview:large","max-video-preview":"max-video-preview:-1"},"canonical":"https:\/\/www.ringier.com\/de\/schweizer-auto-des-jahres-2025-ein-pfiffiger-retro-stromer-und-eine-schweizer-lieblingsmarke-holen-die-titel\/","og_locale":"de_DE","og_type":"article","og_title":"Schweizer Auto des Jahres 2025: Ein pfiffiger Retro-Stromer und eine Schweizer Lieblingsmarke holen die Titel","og_description":"Eine 15-k\u00f6pfige Fachjury verleiht dem Elektro-Kleinwagen Renault R5 E-Tech den begehrten Titel \u00abSchweizer Auto des Jahres 2025\u00bb. Bei der Publikumswahl von Ringier Medien Schweiz und carmarket.ch gewinnt mit dem Skoda Elroq ein kompaktes Elektro-SUV die Troph\u00e4e \u00abSchweizer Auto des Jahres 2025\u00bb. Mit einem erstmals ausgelobten \u00abSpecial Award\u00bb wurde die Emil Frey AG, vertreten durch den Verwaltungsratspr\u00e4sidenten Walter Frey, f\u00fcr 100 Jahre erfolgreiches Engagement f\u00fcr die Mobilit\u00e4t ihrer Kundinnen und Kunden ausgezeichnet.","og_url":"https:\/\/www.ringier.com\/de\/schweizer-auto-des-jahres-2025-ein-pfiffiger-retro-stromer-und-eine-schweizer-lieblingsmarke-holen-die-titel\/","og_site_name":"Ringier","article_publisher":"https:\/\/www.facebook.com\/ringierag\/","article_published_time":"2024-12-02T21:00:45+00:00","article_modified_time":"2024-12-03T08:33:43+00:00","og_image":[{"width":1374,"height":769,"url":"https:\/\/www.ringier.com\/wp-content\/uploads\/2024\/12\/Schweizer-Auto-des-Jahres-MM-Titelbild.png","type":"image\/png"}],"author":"Ringier Corporate Communications","twitter_card":"summary_large_image","twitter_creator":"@ringier_ag","twitter_site":"@ringier_ag","twitter_misc":{"Verfasst von":"Ringier Corporate Communications","Gesch\u00e4tzte Lesezeit":"7 Minuten"},"schema":{"@context":"https:\/\/schema.org","@graph":[{"@type":"Article","@id":"https:\/\/www.ringier.com\/de\/schweizer-auto-des-jahres-2025-ein-pfiffiger-retro-stromer-und-eine-schweizer-lieblingsmarke-holen-die-titel\/#article","isPartOf":{"@id":"https:\/\/www.ringier.com\/de\/schweizer-auto-des-jahres-2025-ein-pfiffiger-retro-stromer-und-eine-schweizer-lieblingsmarke-holen-die-titel\/"},"author":{"name":"Ringier Corporate Communications","@id":"https:\/\/www.ringier.com\/de\/#\/schema\/person\/4cf76a308dc4b2bb5121bd1e7b752e52"},"headline":"Schweizer Auto des Jahres 2025: Ein pfiffiger Retro-Stromer und eine Schweizer Lieblingsmarke holen die Titel","datePublished":"2024-12-02T21:00:45+00:00","dateModified":"2024-12-03T08:33:43+00:00","mainEntityOfPage":{"@id":"https:\/\/www.ringier.com\/de\/schweizer-auto-des-jahres-2025-ein-pfiffiger-retro-stromer-und-eine-schweizer-lieblingsmarke-holen-die-titel\/"},"wordCount":963,"publisher":{"@id":"https:\/\/www.ringier.com\/de\/#organization"},"image":{"@id":"https:\/\/www.ringier.com\/de\/schweizer-auto-des-jahres-2025-ein-pfiffiger-retro-stromer-und-eine-schweizer-lieblingsmarke-holen-die-titel\/#primaryimage"},"thumbnailUrl":"https:\/\/www.ringier.com\/wp-content\/uploads\/2024\/12\/Schweizer-Auto-des-Jahres-MM-Titelbild.png","articleSection":["Ringier Medien Schweiz"],"inLanguage":"de-DE"},{"@type":"WebPage","@id":"https:\/\/www.ringier.com\/de\/schweizer-auto-des-jahres-2025-ein-pfiffiger-retro-stromer-und-eine-schweizer-lieblingsmarke-holen-die-titel\/","url":"https:\/\/www.ringier.com\/de\/schweizer-auto-des-jahres-2025-ein-pfiffiger-retro-stromer-und-eine-schweizer-lieblingsmarke-holen-die-titel\/","name":"Schweizer Auto des Jahres 2025: Ein pfiffiger Retro-Stromer und eine Schweizer Lieblingsmarke holen die Titel - Ringier","isPartOf":{"@id":"https:\/\/www.ringier.com\/de\/#website"},"primaryImageOfPage":{"@id":"https:\/\/www.ringier.com\/de\/schweizer-auto-des-jahres-2025-ein-pfiffiger-retro-stromer-und-eine-schweizer-lieblingsmarke-holen-die-titel\/#primaryimage"},"image":{"@id":"https:\/\/www.ringier.com\/de\/schweizer-auto-des-jahres-2025-ein-pfiffiger-retro-stromer-und-eine-schweizer-lieblingsmarke-holen-die-titel\/#primaryimage"},"thumbnailUrl":"https:\/\/www.ringier.com\/wp-content\/uploads\/2024\/12\/Schweizer-Auto-des-Jahres-MM-Titelbild.png","datePublished":"2024-12-02T21:00:45+00:00","dateModified":"2024-12-03T08:33:43+00:00","breadcrumb":{"@id":"https:\/\/www.ringier.com\/de\/schweizer-auto-des-jahres-2025-ein-pfiffiger-retro-stromer-und-eine-schweizer-lieblingsmarke-holen-die-titel\/#breadcrumb"},"inLanguage":"de-DE","potentialAction":[{"@type":"ReadAction","target":["https:\/\/www.ringier.com\/de\/schweizer-auto-des-jahres-2025-ein-pfiffiger-retro-stromer-und-eine-schweizer-lieblingsmarke-holen-die-titel\/"]}]},{"@type":"ImageObject","inLanguage":"de-DE","@id":"https:\/\/www.ringier.com\/de\/schweizer-auto-des-jahres-2025-ein-pfiffiger-retro-stromer-und-eine-schweizer-lieblingsmarke-holen-die-titel\/#primaryimage","url":"https:\/\/www.ringier.com\/wp-content\/uploads\/2024\/12\/Schweizer-Auto-des-Jahres-MM-Titelbild.png","contentUrl":"https:\/\/www.ringier.com\/wp-content\/uploads\/2024\/12\/Schweizer-Auto-des-Jahres-MM-Titelbild.png","width":1374,"height":769},{"@type":"BreadcrumbList","@id":"https:\/\/www.ringier.com\/de\/schweizer-auto-des-jahres-2025-ein-pfiffiger-retro-stromer-und-eine-schweizer-lieblingsmarke-holen-die-titel\/#breadcrumb","itemListElement":[{"@type":"ListItem","position":1,"name":"Home","item":"https:\/\/www.ringier.com\/de\/"},{"@type":"ListItem","position":2,"name":"Schweizer Auto des Jahres 2025: Ein pfiffiger Retro-Stromer und eine Schweizer Lieblingsmarke holen die Titel"}]},{"@type":"WebSite","@id":"https:\/\/www.ringier.com\/de\/#website","url":"https:\/\/www.ringier.com\/de\/","name":"Ringier","description":"We inform. We entertain. We connect","publisher":{"@id":"https:\/\/www.ringier.com\/de\/#organization"},"potentialAction":[{"@type":"SearchAction","target":{"@type":"EntryPoint","urlTemplate":"https:\/\/www.ringier.com\/de\/?s={search_term_string}"},"query-input":{"@type":"PropertyValueSpecification","valueRequired":true,"valueName":"search_term_string"}}],"inLanguage":"de-DE"},{"@type":"Organization","@id":"https:\/\/www.ringier.com\/de\/#organization","name":"Ringier","url":"https:\/\/www.ringier.com\/de\/","logo":{"@type":"ImageObject","inLanguage":"de-DE","@id":"https:\/\/www.ringier.com\/de\/#\/schema\/logo\/image\/","url":"https:\/\/www.ringier.com\/wp-content\/uploads\/2021\/10\/ringier_logo_2.jpg","contentUrl":"https:\/\/www.ringier.com\/wp-content\/uploads\/2021\/10\/ringier_logo_2.jpg","width":750,"height":550,"caption":"Ringier"},"image":{"@id":"https:\/\/www.ringier.com\/de\/#\/schema\/logo\/image\/"},"sameAs":["https:\/\/www.facebook.com\/ringierag\/","https:\/\/x.com\/ringier_ag","https:\/\/www.instagram.com\/ringier_ag\/","https:\/\/www.linkedin.com\/company\/ringier\/","https:\/\/www.youtube.com\/user\/RingierComm","https:\/\/en.wikipedia.org\/wiki\/Ringier","https:\/\/de.wikipedia.org\/wiki\/Ringier","https:\/\/fr.wikipedia.org\/wiki\/Ringier","https:\/\/www.crunchbase.com\/organization\/ringier-ag"]},{"@type":"Person","@id":"https:\/\/www.ringier.com\/de\/#\/schema\/person\/4cf76a308dc4b2bb5121bd1e7b752e52","name":"Ringier Corporate Communications","image":{"@type":"ImageObject","inLanguage":"de-DE","@id":"https:\/\/www.ringier.com\/de\/#\/schema\/person\/image\/","url":"https:\/\/secure.gravatar.com\/avatar\/9391e20481368d5df4fe3e1e476c13b27786347489822ec1ed07e532bb41f587?s=96&d=mm&r=g","contentUrl":"https:\/\/secure.gravatar.com\/avatar\/9391e20481368d5df4fe3e1e476c13b27786347489822ec1ed07e532bb41f587?s=96&d=mm&r=g","caption":"Ringier Corporate Communications"},"sameAs":["https:\/\/www.ringier.com"]}]}},"_links":{"self":[{"href":"https:\/\/www.ringier.com\/de\/wp-json\/wp\/v2\/posts\/20757","targetHints":{"allow":["GET"]}}],"collection":[{"href":"https:\/\/www.ringier.com\/de\/wp-json\/wp\/v2\/posts"}],"about":[{"href":"https:\/\/www.ringier.com\/de\/wp-json\/wp\/v2\/types\/post"}],"author":[{"embeddable":true,"href":"https:\/\/www.ringier.com\/de\/wp-json\/wp\/v2\/users\/23"}],"replies":[{"embeddable":true,"href":"https:\/\/www.ringier.com\/de\/wp-json\/wp\/v2\/comments?post=20757"}],"version-history":[{"count":0,"href":"https:\/\/www.ringier.com\/de\/wp-json\/wp\/v2\/posts\/20757\/revisions"}],"wp:featuredmedia":[{"embeddable":true,"href":"https:\/\/www.ringier.com\/de\/wp-json\/wp\/v2\/media\/20850"}],"wp:attachment":[{"href":"https:\/\/www.ringier.com\/de\/wp-json\/wp\/v2\/media?parent=20757"}],"wp:term":[{"taxonomy":"category","embeddable":true,"href":"https:\/\/www.ringier.com\/de\/wp-json\/wp\/v2\/categories?post=20757"},{"taxonomy":"post_tag","embeddable":true,"href":"https:\/\/www.ringier.com\/de\/wp-json\/wp\/v2\/tags?post=20757"}],"curies":[{"name":"wp","href":"https:\/\/api.w.org\/{rel}","templated":true}]}}