{"id":20314,"date":"2024-10-21T10:00:00","date_gmt":"2024-10-21T08:00:00","guid":{"rendered":"https:\/\/www.ringier.com\/?p=20314"},"modified":"2024-10-18T13:39:29","modified_gmt":"2024-10-18T11:39:29","slug":"neues-blick-buch-wir-waren-helden","status":"publish","type":"post","link":"https:\/\/www.ringier.com\/de\/neues-blick-buch-wir-waren-helden\/","title":{"rendered":"Neues Blick-Buch: \u00abWir waren Helden\u00bb"},"content":{"rendered":"\n<p>Sie haben an Olympischen Spielen und Weltmeisterschaften triumphiert, wichtige Tore geschossen und epochale Rennen gewonnen: Die kleine Schweiz ist reich an grossen Sport-Ikonen. Wer erinnert sich nicht an den charismatischen Schwinger J\u00f6rg Abderhalden, das \u00abgring ache u seckle\u00bb von Leichtathletin Anita Weyermann oder das filmreife Schicksal von Boxer Stefan Angehrn? Nur drei von 30 Legenden, die im neuen Blick-Buch \u00abWir waren Helden\u00bb im Gespr\u00e4ch mit dem stellvertretenden Sportchef Daniel Leu \u00fcber ihre Karriere, H\u00f6hepunkte und Schicksalsschl\u00e4ge auspacken.<\/p>\n\n\n\n<p><br>In seinem Vorwort lobt Kommentatoren-Legende Beni Thurnheer die intimen Gespr\u00e4che mit den Schweizer Sportstars: \u00abDie Interviews schaffen einen echten Mehrwert. Es geht nicht nur um Titel und Triumphe, sondern um die Menschen, die dahinterstehen.\u00bb<\/p>\n\n\n\n<p><br>Autor Daniel Leu zu seinem Buch: \u00abMich interessierten die Geschichten, nicht die Namen. Die Gespr\u00e4che hinterliessen immer einen bleibenden Eindruck. Denn viel spannender als die eigentlichen Triumphe sind oft der Alltag und das Leben abseits der Erfolge.\u00bb<\/p>\n\n\n\n<p><br>Das 332-seitige Buch \u00abWir waren Helden\u00bb ist in der Beobachter-Edition erschienen und ab sofort im Fachhandel erh\u00e4ltlich (Preis: 39 Franken, ISBN-Nr. 978-3-03875-567-8) und auch direkt <a href=\"https:\/\/shop.beobachter.ch\/buecher\/schweiz-im-fokus\/wir-waren-helden\">online bestellbar<\/a>.<\/p>\n\n\n\n<div style=\"height:44px\" aria-hidden=\"true\" class=\"wp-block-spacer\"><\/div>\n\n\n\n<p><em><strong>Zum Autor<br><\/strong>Daniel Leu (47) ist stv. Blick-Sportchef und deckt seit \u00fcber 25 Jahren als Journalist die Welt des Sports ab. Fussball, Formel 1, Ski, Eishockey \u2013 es gibt kaum eine Sportart, \u00fcber die er nicht regelm\u00e4ssig berichtet. In seinem Privatleben spielt neben seiner Familie vor allem der Fussball eine grosse Rolle. Leu ist leidenschaftlicher Groundhopper. Das bedeutet, dass er sich an m\u00f6glichst vielen Orten Fussballspiele anschaut \u2013 egal ob 5. Liga oder Champions League. <a href=\"https:\/\/www.blick.ch\/sport\/warum-sich-sportlegenden-diesem-journalisten-oeffnen-mich-interessieren-nicht-die-namen-mich-interessieren-die-geschichten-dahinter-id20210479.html\">Mehr zum Autor<\/a>.<\/em><\/p>\n\n\n\n<hr class=\"wp-block-separator has-alpha-channel-opacity\"\/>\n\n\n\n<p class=\"has-small-font-size\"><br><strong>\u00dcber den Blick:<br><\/strong>Blick ist eine Schweizer Medienmarke, die auf den Punkt bringt, was die Schweiz bewegt. Thematisch vielf\u00e4ltig berichtet Blick \u00fcber das Beste aus News, Sport, People, Politik, Wirtschaft und Gesellschaft. Im gr\u00f6ssten Newsroom der Schweiz arbeiten Journalistinnen und Journalisten rund um die Uhr daran, komplexe Sachverhalte gr\u00fcndlich aufzuarbeiten und leicht verst\u00e4ndlich zu erz\u00e4hlen. Mittels App, Website, Digital-TV, Zeitung, Social Media, Podcast und Newsletter werden ihre Recherchen t\u00e4glich von mehr als 1,4 Millionen Menschen in der Deutschschweiz und der Romandie konsumiert. Mit Blick bist du immer am Puls der Schweiz.<\/p>\n","protected":false},"excerpt":{"rendered":"<p>F\u00fcr seine Interview-Reihe \u00abWir waren Helden\u00bb interviewt Blick-Journalist Daniel Leu in regelm\u00e4ssigen Abst\u00e4nden Schweizer Sportheldinnen und -helden. Nun ist aus den exklusiven Gespr\u00e4chen ein 332-seitiges Buch entstanden, das neben 30 emotionalen Texten auch 180 ikonische Fotos beinhaltet.<\/p>\n","protected":false},"author":23,"featured_media":20315,"comment_status":"closed","ping_status":"open","sticky":false,"template":"","format":"standard","meta":{"inline_featured_image":false,"footnotes":""},"categories":[45,361],"tags":[],"class_list":["post-20314","post","type-post","status-publish","format-standard","has-post-thumbnail","hentry","category-press-releases-de","category-ringier-medien-schweiz"],"yoast_head":"<!-- This site is optimized with the Yoast SEO Premium plugin v27.0 (Yoast SEO v27.0) - https:\/\/yoast.com\/product\/yoast-seo-premium-wordpress\/ -->\n<title>Neues Blick-Buch: \u00abWir waren Helden\u00bb - Ringier<\/title>\n<meta name=\"robots\" content=\"index, follow, max-snippet:-1, max-image-preview:large, max-video-preview:-1\" \/>\n<link rel=\"canonical\" href=\"https:\/\/www.ringier.com\/de\/neues-blick-buch-wir-waren-helden\/\" \/>\n<meta property=\"og:locale\" content=\"de_DE\" \/>\n<meta property=\"og:type\" content=\"article\" \/>\n<meta property=\"og:title\" content=\"Neues Blick-Buch: \u00abWir waren Helden\u00bb\" \/>\n<meta property=\"og:description\" content=\"F\u00fcr seine Interview-Reihe \u00abWir waren Helden\u00bb interviewt Blick-Journalist Daniel Leu in regelm\u00e4ssigen Abst\u00e4nden Schweizer Sportheldinnen und -helden. Nun ist aus den exklusiven Gespr\u00e4chen ein 332-seitiges Buch entstanden, das neben 30 emotionalen Texten auch 180 ikonische Fotos beinhaltet.\" \/>\n<meta property=\"og:url\" content=\"https:\/\/www.ringier.com\/de\/neues-blick-buch-wir-waren-helden\/\" \/>\n<meta property=\"og:site_name\" content=\"Ringier\" \/>\n<meta property=\"article:publisher\" content=\"https:\/\/www.facebook.com\/ringierag\/\" \/>\n<meta property=\"article:published_time\" content=\"2024-10-21T08:00:00+00:00\" \/>\n<meta property=\"og:image\" content=\"https:\/\/www.ringier.com\/wp-content\/uploads\/2024\/10\/Wir-waren-Helden-MM.png\" \/>\n\t<meta property=\"og:image:width\" content=\"1423\" \/>\n\t<meta property=\"og:image:height\" content=\"759\" \/>\n\t<meta property=\"og:image:type\" content=\"image\/png\" \/>\n<meta name=\"author\" content=\"Ringier Corporate Communications\" \/>\n<meta name=\"twitter:card\" content=\"summary_large_image\" \/>\n<meta name=\"twitter:creator\" content=\"@ringier_ag\" \/>\n<meta name=\"twitter:site\" content=\"@ringier_ag\" \/>\n<meta name=\"twitter:label1\" content=\"Verfasst von\" \/>\n\t<meta name=\"twitter:data1\" content=\"Ringier Corporate Communications\" \/>\n\t<meta name=\"twitter:label2\" content=\"Gesch\u00e4tzte Lesezeit\" \/>\n\t<meta name=\"twitter:data2\" content=\"3 Minuten\" \/>\n<script type=\"application\/ld+json\" class=\"yoast-schema-graph\">{\"@context\":\"https:\/\/schema.org\",\"@graph\":[{\"@type\":\"Article\",\"@id\":\"https:\/\/www.ringier.com\/de\/neues-blick-buch-wir-waren-helden\/#article\",\"isPartOf\":{\"@id\":\"https:\/\/www.ringier.com\/de\/neues-blick-buch-wir-waren-helden\/\"},\"author\":{\"name\":\"Ringier Corporate Communications\",\"@id\":\"https:\/\/www.ringier.com\/de\/#\/schema\/person\/4cf76a308dc4b2bb5121bd1e7b752e52\"},\"headline\":\"Neues Blick-Buch: \u00abWir waren Helden\u00bb\",\"datePublished\":\"2024-10-21T08:00:00+00:00\",\"mainEntityOfPage\":{\"@id\":\"https:\/\/www.ringier.com\/de\/neues-blick-buch-wir-waren-helden\/\"},\"wordCount\":358,\"publisher\":{\"@id\":\"https:\/\/www.ringier.com\/de\/#organization\"},\"image\":{\"@id\":\"https:\/\/www.ringier.com\/de\/neues-blick-buch-wir-waren-helden\/#primaryimage\"},\"thumbnailUrl\":\"https:\/\/www.ringier.com\/wp-content\/uploads\/2024\/10\/Wir-waren-Helden-MM.png\",\"articleSection\":[\"Press releases\",\"Ringier Medien Schweiz\"],\"inLanguage\":\"de-DE\"},{\"@type\":\"WebPage\",\"@id\":\"https:\/\/www.ringier.com\/de\/neues-blick-buch-wir-waren-helden\/\",\"url\":\"https:\/\/www.ringier.com\/de\/neues-blick-buch-wir-waren-helden\/\",\"name\":\"Neues Blick-Buch: \u00abWir waren Helden\u00bb - Ringier\",\"isPartOf\":{\"@id\":\"https:\/\/www.ringier.com\/de\/#website\"},\"primaryImageOfPage\":{\"@id\":\"https:\/\/www.ringier.com\/de\/neues-blick-buch-wir-waren-helden\/#primaryimage\"},\"image\":{\"@id\":\"https:\/\/www.ringier.com\/de\/neues-blick-buch-wir-waren-helden\/#primaryimage\"},\"thumbnailUrl\":\"https:\/\/www.ringier.com\/wp-content\/uploads\/2024\/10\/Wir-waren-Helden-MM.png\",\"datePublished\":\"2024-10-21T08:00:00+00:00\",\"breadcrumb\":{\"@id\":\"https:\/\/www.ringier.com\/de\/neues-blick-buch-wir-waren-helden\/#breadcrumb\"},\"inLanguage\":\"de-DE\",\"potentialAction\":[{\"@type\":\"ReadAction\",\"target\":[\"https:\/\/www.ringier.com\/de\/neues-blick-buch-wir-waren-helden\/\"]}]},{\"@type\":\"ImageObject\",\"inLanguage\":\"de-DE\",\"@id\":\"https:\/\/www.ringier.com\/de\/neues-blick-buch-wir-waren-helden\/#primaryimage\",\"url\":\"https:\/\/www.ringier.com\/wp-content\/uploads\/2024\/10\/Wir-waren-Helden-MM.png\",\"contentUrl\":\"https:\/\/www.ringier.com\/wp-content\/uploads\/2024\/10\/Wir-waren-Helden-MM.png\",\"width\":1423,\"height\":759},{\"@type\":\"BreadcrumbList\",\"@id\":\"https:\/\/www.ringier.com\/de\/neues-blick-buch-wir-waren-helden\/#breadcrumb\",\"itemListElement\":[{\"@type\":\"ListItem\",\"position\":1,\"name\":\"Home\",\"item\":\"https:\/\/www.ringier.com\/de\/\"},{\"@type\":\"ListItem\",\"position\":2,\"name\":\"Neues Blick-Buch: \u00abWir waren Helden\u00bb\"}]},{\"@type\":\"WebSite\",\"@id\":\"https:\/\/www.ringier.com\/de\/#website\",\"url\":\"https:\/\/www.ringier.com\/de\/\",\"name\":\"Ringier\",\"description\":\"We inform. We entertain. We connect\",\"publisher\":{\"@id\":\"https:\/\/www.ringier.com\/de\/#organization\"},\"potentialAction\":[{\"@type\":\"SearchAction\",\"target\":{\"@type\":\"EntryPoint\",\"urlTemplate\":\"https:\/\/www.ringier.com\/de\/?s={search_term_string}\"},\"query-input\":{\"@type\":\"PropertyValueSpecification\",\"valueRequired\":true,\"valueName\":\"search_term_string\"}}],\"inLanguage\":\"de-DE\"},{\"@type\":\"Organization\",\"@id\":\"https:\/\/www.ringier.com\/de\/#organization\",\"name\":\"Ringier\",\"url\":\"https:\/\/www.ringier.com\/de\/\",\"logo\":{\"@type\":\"ImageObject\",\"inLanguage\":\"de-DE\",\"@id\":\"https:\/\/www.ringier.com\/de\/#\/schema\/logo\/image\/\",\"url\":\"https:\/\/www.ringier.com\/wp-content\/uploads\/2021\/10\/ringier_logo_2.jpg\",\"contentUrl\":\"https:\/\/www.ringier.com\/wp-content\/uploads\/2021\/10\/ringier_logo_2.jpg\",\"width\":750,\"height\":550,\"caption\":\"Ringier\"},\"image\":{\"@id\":\"https:\/\/www.ringier.com\/de\/#\/schema\/logo\/image\/\"},\"sameAs\":[\"https:\/\/www.facebook.com\/ringierag\/\",\"https:\/\/x.com\/ringier_ag\",\"https:\/\/www.instagram.com\/ringier_ag\/\",\"https:\/\/www.linkedin.com\/company\/ringier\/\",\"https:\/\/www.youtube.com\/user\/RingierComm\",\"https:\/\/en.wikipedia.org\/wiki\/Ringier\",\"https:\/\/de.wikipedia.org\/wiki\/Ringier\",\"https:\/\/fr.wikipedia.org\/wiki\/Ringier\",\"https:\/\/www.crunchbase.com\/organization\/ringier-ag\"]},{\"@type\":\"Person\",\"@id\":\"https:\/\/www.ringier.com\/de\/#\/schema\/person\/4cf76a308dc4b2bb5121bd1e7b752e52\",\"name\":\"Ringier Corporate Communications\",\"image\":{\"@type\":\"ImageObject\",\"inLanguage\":\"de-DE\",\"@id\":\"https:\/\/www.ringier.com\/de\/#\/schema\/person\/image\/\",\"url\":\"https:\/\/secure.gravatar.com\/avatar\/9391e20481368d5df4fe3e1e476c13b27786347489822ec1ed07e532bb41f587?s=96&d=mm&r=g\",\"contentUrl\":\"https:\/\/secure.gravatar.com\/avatar\/9391e20481368d5df4fe3e1e476c13b27786347489822ec1ed07e532bb41f587?s=96&d=mm&r=g\",\"caption\":\"Ringier Corporate Communications\"},\"sameAs\":[\"https:\/\/www.ringier.com\"]}]}<\/script>\n<!-- \/ Yoast SEO Premium plugin. -->","yoast_head_json":{"title":"Neues Blick-Buch: \u00abWir waren Helden\u00bb - Ringier","robots":{"index":"index","follow":"follow","max-snippet":"max-snippet:-1","max-image-preview":"max-image-preview:large","max-video-preview":"max-video-preview:-1"},"canonical":"https:\/\/www.ringier.com\/de\/neues-blick-buch-wir-waren-helden\/","og_locale":"de_DE","og_type":"article","og_title":"Neues Blick-Buch: \u00abWir waren Helden\u00bb","og_description":"F\u00fcr seine Interview-Reihe \u00abWir waren Helden\u00bb interviewt Blick-Journalist Daniel Leu in regelm\u00e4ssigen Abst\u00e4nden Schweizer Sportheldinnen und -helden. Nun ist aus den exklusiven Gespr\u00e4chen ein 332-seitiges Buch entstanden, das neben 30 emotionalen Texten auch 180 ikonische Fotos beinhaltet.","og_url":"https:\/\/www.ringier.com\/de\/neues-blick-buch-wir-waren-helden\/","og_site_name":"Ringier","article_publisher":"https:\/\/www.facebook.com\/ringierag\/","article_published_time":"2024-10-21T08:00:00+00:00","og_image":[{"width":1423,"height":759,"url":"https:\/\/www.ringier.com\/wp-content\/uploads\/2024\/10\/Wir-waren-Helden-MM.png","type":"image\/png"}],"author":"Ringier Corporate Communications","twitter_card":"summary_large_image","twitter_creator":"@ringier_ag","twitter_site":"@ringier_ag","twitter_misc":{"Verfasst von":"Ringier Corporate Communications","Gesch\u00e4tzte Lesezeit":"3 Minuten"},"schema":{"@context":"https:\/\/schema.org","@graph":[{"@type":"Article","@id":"https:\/\/www.ringier.com\/de\/neues-blick-buch-wir-waren-helden\/#article","isPartOf":{"@id":"https:\/\/www.ringier.com\/de\/neues-blick-buch-wir-waren-helden\/"},"author":{"name":"Ringier Corporate Communications","@id":"https:\/\/www.ringier.com\/de\/#\/schema\/person\/4cf76a308dc4b2bb5121bd1e7b752e52"},"headline":"Neues Blick-Buch: \u00abWir waren Helden\u00bb","datePublished":"2024-10-21T08:00:00+00:00","mainEntityOfPage":{"@id":"https:\/\/www.ringier.com\/de\/neues-blick-buch-wir-waren-helden\/"},"wordCount":358,"publisher":{"@id":"https:\/\/www.ringier.com\/de\/#organization"},"image":{"@id":"https:\/\/www.ringier.com\/de\/neues-blick-buch-wir-waren-helden\/#primaryimage"},"thumbnailUrl":"https:\/\/www.ringier.com\/wp-content\/uploads\/2024\/10\/Wir-waren-Helden-MM.png","articleSection":["Press releases","Ringier Medien Schweiz"],"inLanguage":"de-DE"},{"@type":"WebPage","@id":"https:\/\/www.ringier.com\/de\/neues-blick-buch-wir-waren-helden\/","url":"https:\/\/www.ringier.com\/de\/neues-blick-buch-wir-waren-helden\/","name":"Neues Blick-Buch: \u00abWir waren Helden\u00bb - Ringier","isPartOf":{"@id":"https:\/\/www.ringier.com\/de\/#website"},"primaryImageOfPage":{"@id":"https:\/\/www.ringier.com\/de\/neues-blick-buch-wir-waren-helden\/#primaryimage"},"image":{"@id":"https:\/\/www.ringier.com\/de\/neues-blick-buch-wir-waren-helden\/#primaryimage"},"thumbnailUrl":"https:\/\/www.ringier.com\/wp-content\/uploads\/2024\/10\/Wir-waren-Helden-MM.png","datePublished":"2024-10-21T08:00:00+00:00","breadcrumb":{"@id":"https:\/\/www.ringier.com\/de\/neues-blick-buch-wir-waren-helden\/#breadcrumb"},"inLanguage":"de-DE","potentialAction":[{"@type":"ReadAction","target":["https:\/\/www.ringier.com\/de\/neues-blick-buch-wir-waren-helden\/"]}]},{"@type":"ImageObject","inLanguage":"de-DE","@id":"https:\/\/www.ringier.com\/de\/neues-blick-buch-wir-waren-helden\/#primaryimage","url":"https:\/\/www.ringier.com\/wp-content\/uploads\/2024\/10\/Wir-waren-Helden-MM.png","contentUrl":"https:\/\/www.ringier.com\/wp-content\/uploads\/2024\/10\/Wir-waren-Helden-MM.png","width":1423,"height":759},{"@type":"BreadcrumbList","@id":"https:\/\/www.ringier.com\/de\/neues-blick-buch-wir-waren-helden\/#breadcrumb","itemListElement":[{"@type":"ListItem","position":1,"name":"Home","item":"https:\/\/www.ringier.com\/de\/"},{"@type":"ListItem","position":2,"name":"Neues Blick-Buch: \u00abWir waren Helden\u00bb"}]},{"@type":"WebSite","@id":"https:\/\/www.ringier.com\/de\/#website","url":"https:\/\/www.ringier.com\/de\/","name":"Ringier","description":"We inform. We entertain. We connect","publisher":{"@id":"https:\/\/www.ringier.com\/de\/#organization"},"potentialAction":[{"@type":"SearchAction","target":{"@type":"EntryPoint","urlTemplate":"https:\/\/www.ringier.com\/de\/?s={search_term_string}"},"query-input":{"@type":"PropertyValueSpecification","valueRequired":true,"valueName":"search_term_string"}}],"inLanguage":"de-DE"},{"@type":"Organization","@id":"https:\/\/www.ringier.com\/de\/#organization","name":"Ringier","url":"https:\/\/www.ringier.com\/de\/","logo":{"@type":"ImageObject","inLanguage":"de-DE","@id":"https:\/\/www.ringier.com\/de\/#\/schema\/logo\/image\/","url":"https:\/\/www.ringier.com\/wp-content\/uploads\/2021\/10\/ringier_logo_2.jpg","contentUrl":"https:\/\/www.ringier.com\/wp-content\/uploads\/2021\/10\/ringier_logo_2.jpg","width":750,"height":550,"caption":"Ringier"},"image":{"@id":"https:\/\/www.ringier.com\/de\/#\/schema\/logo\/image\/"},"sameAs":["https:\/\/www.facebook.com\/ringierag\/","https:\/\/x.com\/ringier_ag","https:\/\/www.instagram.com\/ringier_ag\/","https:\/\/www.linkedin.com\/company\/ringier\/","https:\/\/www.youtube.com\/user\/RingierComm","https:\/\/en.wikipedia.org\/wiki\/Ringier","https:\/\/de.wikipedia.org\/wiki\/Ringier","https:\/\/fr.wikipedia.org\/wiki\/Ringier","https:\/\/www.crunchbase.com\/organization\/ringier-ag"]},{"@type":"Person","@id":"https:\/\/www.ringier.com\/de\/#\/schema\/person\/4cf76a308dc4b2bb5121bd1e7b752e52","name":"Ringier Corporate Communications","image":{"@type":"ImageObject","inLanguage":"de-DE","@id":"https:\/\/www.ringier.com\/de\/#\/schema\/person\/image\/","url":"https:\/\/secure.gravatar.com\/avatar\/9391e20481368d5df4fe3e1e476c13b27786347489822ec1ed07e532bb41f587?s=96&d=mm&r=g","contentUrl":"https:\/\/secure.gravatar.com\/avatar\/9391e20481368d5df4fe3e1e476c13b27786347489822ec1ed07e532bb41f587?s=96&d=mm&r=g","caption":"Ringier Corporate Communications"},"sameAs":["https:\/\/www.ringier.com"]}]}},"_links":{"self":[{"href":"https:\/\/www.ringier.com\/de\/wp-json\/wp\/v2\/posts\/20314","targetHints":{"allow":["GET"]}}],"collection":[{"href":"https:\/\/www.ringier.com\/de\/wp-json\/wp\/v2\/posts"}],"about":[{"href":"https:\/\/www.ringier.com\/de\/wp-json\/wp\/v2\/types\/post"}],"author":[{"embeddable":true,"href":"https:\/\/www.ringier.com\/de\/wp-json\/wp\/v2\/users\/23"}],"replies":[{"embeddable":true,"href":"https:\/\/www.ringier.com\/de\/wp-json\/wp\/v2\/comments?post=20314"}],"version-history":[{"count":0,"href":"https:\/\/www.ringier.com\/de\/wp-json\/wp\/v2\/posts\/20314\/revisions"}],"wp:featuredmedia":[{"embeddable":true,"href":"https:\/\/www.ringier.com\/de\/wp-json\/wp\/v2\/media\/20315"}],"wp:attachment":[{"href":"https:\/\/www.ringier.com\/de\/wp-json\/wp\/v2\/media?parent=20314"}],"wp:term":[{"taxonomy":"category","embeddable":true,"href":"https:\/\/www.ringier.com\/de\/wp-json\/wp\/v2\/categories?post=20314"},{"taxonomy":"post_tag","embeddable":true,"href":"https:\/\/www.ringier.com\/de\/wp-json\/wp\/v2\/tags?post=20314"}],"curies":[{"name":"wp","href":"https:\/\/api.w.org\/{rel}","templated":true}]}}