{"id":20041,"date":"2024-10-03T11:45:00","date_gmt":"2024-10-03T09:45:00","guid":{"rendered":"https:\/\/www.ringier.com\/?p=20041"},"modified":"2024-11-12T15:09:33","modified_gmt":"2024-11-12T14:09:33","slug":"das-magazin-wird-in-den-sonntagsblick-integriert","status":"publish","type":"post","link":"https:\/\/www.ringier.com\/de\/das-magazin-wird-in-den-sonntagsblick-integriert\/","title":{"rendered":"Das Magazin wird in den SonntagsBlick integriert"},"content":{"rendered":"\n<p>Im Januar kommt es beim SonntagsBlick zu Ver\u00e4nderungen. Das Magazin wird mit seinen Inhalten aus Gesellschaft und Kultur in die ersten beiden B\u00fcnde des SonntagsBlicks integriert. Im ersten Bund finden sich weiterhin aktuelle News, vertiefte Analysen, Interviews und Recherchen aus den Bereichen Politik, Wirtschaft und People. Neu kommen die Gesellschafts- und Kulturinhalte hinzu.&nbsp;&nbsp;<\/p>\n\n\n\n<p>Im zweiten Bund ist mit leicht ausgebautem Umfang weiterhin der Sport angesiedelt. Zuk\u00fcnftig wird dieser Teil mit den Magazin-Rubriken Horoskop, R\u00e4tsel und TV-Programm erg\u00e4nzt. Die zwei SonntagsBlick-B\u00fcnde werden von bisher total 72 Seiten auf 88 bzw. maximal 96 Seiten ausgebaut. Im Zuge der neuen Publikationsstruktur kommt es zu einer Reduktion von zwei Stellen.&nbsp;&nbsp;<\/p>\n\n\n\n<p><strong>Alexandra Fitz wird neue stv. Chefredaktorin SonntagsBlick<\/strong><\/p>\n\n\n\n<p>Das F\u00fchrungsteam um Chefredaktor Reza Rafi wird durch Alexandra Fitz erg\u00e4nzt. Die 38-j\u00e4hrige Liechtensteinerin war bisher f\u00fcr die Inhalte des Magazins verantwortlich und firmiert neu als stellvertretende Chefredaktorin SonntagsBlick. Rafi und Fitz werden sich zusammen mit Fabian Eberhard (Stv. Chefredaktor) um die Blattmache des Sonntagstitels k\u00fcmmern.\u00a0<\/p>\n\n\n\n<p><strong>Steffi Buchli, Chief Content Officer und Gesch\u00e4ftsleitungsmitglied Ringier Medien Schweiz:<\/strong> \u00abMit der Integration des SonntagsBlick-Magazins in die beiden vorderen Teile werden unsere Produktionsabl\u00e4ufe effizienter. Gleichzeitig bieten wir den beliebten Gesellschafts- und Kulturthemen im Blatt eine noch prominentere B\u00fchne.\u00bb<\/p>\n\n\n\n<p><strong>Reza Rafi, Chefredaktor SonntagsBlick:<\/strong> \u00abMit Alexandra gewinnen wir eine versierte Journalistin und F\u00fchrungskraft im Leitungsteam des SonntagsBlicks, die ihre Neugier f\u00fcr Menschen und ihr Flair f\u00fcr Gesellschaftsthemen in ihrer Karriere mehrfach unter Beweis gestellt hat. Ich freue mich ausserordentlich auf die noch engere Zusammenarbeit.\u00bb<\/p>\n\n\n\n<p><strong>Zu Alexandra Fitz:<\/strong><br>Neben ihrer neuen Position als stv. Chefredaktorin des SonntagsBlicks ist Alexandra Fitz Co-Ressortleiterin Gesellschaft\/People bei Blick. Seit 2011 ist sie im Journalismus t\u00e4tig und verantwortete bis dato das SonntagsBlick-Magazin. Fitz studierte Germanistik und Journalistik und absolvierte die Ringier Journalistenschule.<\/p>\n\n\n\n<hr class=\"wp-block-separator has-alpha-channel-opacity\"\/>\n\n\n\n<p class=\"has-small-font-size\"><strong>\u00dcber den Blick<\/strong><br>Blick ist eine Schweizer Medienmarke, die auf den Punkt bringt, was die Schweiz bewegt. Thematisch vielf\u00e4ltig berichtet Blick \u00fcber das Beste aus News, Sport, People, Politik, Wirtschaft und Gesellschaft. Im gr\u00f6ssten Newsroom der Schweiz arbeiten Journalistinnen und Journalisten rund um die Uhr daran, komplexe Sachverhalte gr\u00fcndlich aufzuarbeiten und leicht verst\u00e4ndlich zu erz\u00e4hlen. Mittels App, Website, Digital-TV, Zeitung, Social Media, Podcast und Newsletter werden ihre Recherchen t\u00e4glich von mehr als 1,4 Millionen Menschen in der Deutschschweiz und der Romandie konsumiert. Mit Blick bist du immer am Puls der Schweiz.<\/p>\n","protected":false},"excerpt":{"rendered":"<p>Ab kommendem Jahr erscheint der SonntagsBlick mit neuer Struktur. Die Inhalte des \u00abMagazins\u00bb finden sich im ersten Teil der Sonntagspublikation wieder. Gesellschafts- und Kulturthemen profitieren so von mehr Sichtbarkeit. Der zweite Bund wird k\u00fcnftig Sport und Service-Rubriken beinhalten. Alexandra Fitz wird neue stellvertretende Chefredaktorin.<\/p>\n","protected":false},"author":24,"featured_media":20042,"comment_status":"closed","ping_status":"open","sticky":false,"template":"","format":"standard","meta":{"inline_featured_image":false,"footnotes":""},"categories":[371,361],"tags":[],"class_list":["post-20041","post","type-post","status-publish","format-standard","has-post-thumbnail","hentry","category-media-de","category-ringier-medien-schweiz"],"yoast_head":"<!-- This site is optimized with the Yoast SEO Premium plugin v27.0 (Yoast SEO v27.0) - https:\/\/yoast.com\/product\/yoast-seo-premium-wordpress\/ -->\n<title>Das Magazin wird in den SonntagsBlick integriert - Ringier<\/title>\n<meta name=\"robots\" content=\"index, follow, max-snippet:-1, max-image-preview:large, max-video-preview:-1\" \/>\n<link rel=\"canonical\" href=\"https:\/\/www.ringier.com\/de\/das-magazin-wird-in-den-sonntagsblick-integriert\/\" \/>\n<meta property=\"og:locale\" content=\"de_DE\" \/>\n<meta property=\"og:type\" content=\"article\" \/>\n<meta property=\"og:title\" content=\"Das Magazin wird in den SonntagsBlick integriert\" \/>\n<meta property=\"og:description\" content=\"Ab kommendem Jahr erscheint der SonntagsBlick mit neuer Struktur. Die Inhalte des \u00abMagazins\u00bb finden sich im ersten Teil der Sonntagspublikation wieder. Gesellschafts- und Kulturthemen profitieren so von mehr Sichtbarkeit. Der zweite Bund wird k\u00fcnftig Sport und Service-Rubriken beinhalten. Alexandra Fitz wird neue stellvertretende Chefredaktorin.\" \/>\n<meta property=\"og:url\" content=\"https:\/\/www.ringier.com\/de\/das-magazin-wird-in-den-sonntagsblick-integriert\/\" \/>\n<meta property=\"og:site_name\" content=\"Ringier\" \/>\n<meta property=\"article:publisher\" content=\"https:\/\/www.facebook.com\/ringierag\/\" \/>\n<meta property=\"article:published_time\" content=\"2024-10-03T09:45:00+00:00\" \/>\n<meta property=\"article:modified_time\" content=\"2024-11-12T14:09:33+00:00\" \/>\n<meta property=\"og:image\" content=\"https:\/\/www.ringier.com\/wp-content\/uploads\/2024\/10\/AlexandraFitz-Website-1024x538.png\" \/>\n\t<meta property=\"og:image:width\" content=\"1024\" \/>\n\t<meta property=\"og:image:height\" content=\"538\" \/>\n\t<meta property=\"og:image:type\" content=\"image\/png\" \/>\n<meta name=\"author\" content=\"Aline Theiler\" \/>\n<meta name=\"twitter:card\" content=\"summary_large_image\" \/>\n<meta name=\"twitter:creator\" content=\"@ringier_ag\" \/>\n<meta name=\"twitter:site\" content=\"@ringier_ag\" \/>\n<meta name=\"twitter:label1\" content=\"Verfasst von\" \/>\n\t<meta name=\"twitter:data1\" content=\"Aline Theiler\" \/>\n\t<meta name=\"twitter:label2\" content=\"Gesch\u00e4tzte Lesezeit\" \/>\n\t<meta name=\"twitter:data2\" content=\"3 Minuten\" \/>\n<script type=\"application\/ld+json\" class=\"yoast-schema-graph\">{\"@context\":\"https:\/\/schema.org\",\"@graph\":[{\"@type\":\"Article\",\"@id\":\"https:\/\/www.ringier.com\/de\/das-magazin-wird-in-den-sonntagsblick-integriert\/#article\",\"isPartOf\":{\"@id\":\"https:\/\/www.ringier.com\/de\/das-magazin-wird-in-den-sonntagsblick-integriert\/\"},\"author\":{\"name\":\"Aline Theiler\",\"@id\":\"https:\/\/www.ringier.com\/de\/#\/schema\/person\/24489a2b955651619fd85a09d4bca633\"},\"headline\":\"Das Magazin wird in den SonntagsBlick integriert\",\"datePublished\":\"2024-10-03T09:45:00+00:00\",\"dateModified\":\"2024-11-12T14:09:33+00:00\",\"mainEntityOfPage\":{\"@id\":\"https:\/\/www.ringier.com\/de\/das-magazin-wird-in-den-sonntagsblick-integriert\/\"},\"wordCount\":405,\"publisher\":{\"@id\":\"https:\/\/www.ringier.com\/de\/#organization\"},\"image\":{\"@id\":\"https:\/\/www.ringier.com\/de\/das-magazin-wird-in-den-sonntagsblick-integriert\/#primaryimage\"},\"thumbnailUrl\":\"https:\/\/www.ringier.com\/wp-content\/uploads\/2024\/10\/AlexandraFitz-Website.png\",\"articleSection\":[\"Media\",\"Ringier Medien Schweiz\"],\"inLanguage\":\"de-DE\"},{\"@type\":\"WebPage\",\"@id\":\"https:\/\/www.ringier.com\/de\/das-magazin-wird-in-den-sonntagsblick-integriert\/\",\"url\":\"https:\/\/www.ringier.com\/de\/das-magazin-wird-in-den-sonntagsblick-integriert\/\",\"name\":\"Das Magazin wird in den SonntagsBlick integriert - Ringier\",\"isPartOf\":{\"@id\":\"https:\/\/www.ringier.com\/de\/#website\"},\"primaryImageOfPage\":{\"@id\":\"https:\/\/www.ringier.com\/de\/das-magazin-wird-in-den-sonntagsblick-integriert\/#primaryimage\"},\"image\":{\"@id\":\"https:\/\/www.ringier.com\/de\/das-magazin-wird-in-den-sonntagsblick-integriert\/#primaryimage\"},\"thumbnailUrl\":\"https:\/\/www.ringier.com\/wp-content\/uploads\/2024\/10\/AlexandraFitz-Website.png\",\"datePublished\":\"2024-10-03T09:45:00+00:00\",\"dateModified\":\"2024-11-12T14:09:33+00:00\",\"breadcrumb\":{\"@id\":\"https:\/\/www.ringier.com\/de\/das-magazin-wird-in-den-sonntagsblick-integriert\/#breadcrumb\"},\"inLanguage\":\"de-DE\",\"potentialAction\":[{\"@type\":\"ReadAction\",\"target\":[\"https:\/\/www.ringier.com\/de\/das-magazin-wird-in-den-sonntagsblick-integriert\/\"]}]},{\"@type\":\"ImageObject\",\"inLanguage\":\"de-DE\",\"@id\":\"https:\/\/www.ringier.com\/de\/das-magazin-wird-in-den-sonntagsblick-integriert\/#primaryimage\",\"url\":\"https:\/\/www.ringier.com\/wp-content\/uploads\/2024\/10\/AlexandraFitz-Website.png\",\"contentUrl\":\"https:\/\/www.ringier.com\/wp-content\/uploads\/2024\/10\/AlexandraFitz-Website.png\",\"width\":2953,\"height\":1551},{\"@type\":\"BreadcrumbList\",\"@id\":\"https:\/\/www.ringier.com\/de\/das-magazin-wird-in-den-sonntagsblick-integriert\/#breadcrumb\",\"itemListElement\":[{\"@type\":\"ListItem\",\"position\":1,\"name\":\"Home\",\"item\":\"https:\/\/www.ringier.com\/de\/\"},{\"@type\":\"ListItem\",\"position\":2,\"name\":\"Das Magazin wird in den SonntagsBlick integriert\"}]},{\"@type\":\"WebSite\",\"@id\":\"https:\/\/www.ringier.com\/de\/#website\",\"url\":\"https:\/\/www.ringier.com\/de\/\",\"name\":\"Ringier\",\"description\":\"We inform. We entertain. We connect\",\"publisher\":{\"@id\":\"https:\/\/www.ringier.com\/de\/#organization\"},\"potentialAction\":[{\"@type\":\"SearchAction\",\"target\":{\"@type\":\"EntryPoint\",\"urlTemplate\":\"https:\/\/www.ringier.com\/de\/?s={search_term_string}\"},\"query-input\":{\"@type\":\"PropertyValueSpecification\",\"valueRequired\":true,\"valueName\":\"search_term_string\"}}],\"inLanguage\":\"de-DE\"},{\"@type\":\"Organization\",\"@id\":\"https:\/\/www.ringier.com\/de\/#organization\",\"name\":\"Ringier\",\"url\":\"https:\/\/www.ringier.com\/de\/\",\"logo\":{\"@type\":\"ImageObject\",\"inLanguage\":\"de-DE\",\"@id\":\"https:\/\/www.ringier.com\/de\/#\/schema\/logo\/image\/\",\"url\":\"https:\/\/www.ringier.com\/wp-content\/uploads\/2021\/10\/ringier_logo_2.jpg\",\"contentUrl\":\"https:\/\/www.ringier.com\/wp-content\/uploads\/2021\/10\/ringier_logo_2.jpg\",\"width\":750,\"height\":550,\"caption\":\"Ringier\"},\"image\":{\"@id\":\"https:\/\/www.ringier.com\/de\/#\/schema\/logo\/image\/\"},\"sameAs\":[\"https:\/\/www.facebook.com\/ringierag\/\",\"https:\/\/x.com\/ringier_ag\",\"https:\/\/www.instagram.com\/ringier_ag\/\",\"https:\/\/www.linkedin.com\/company\/ringier\/\",\"https:\/\/www.youtube.com\/user\/RingierComm\",\"https:\/\/en.wikipedia.org\/wiki\/Ringier\",\"https:\/\/de.wikipedia.org\/wiki\/Ringier\",\"https:\/\/fr.wikipedia.org\/wiki\/Ringier\",\"https:\/\/www.crunchbase.com\/organization\/ringier-ag\"]},{\"@type\":\"Person\",\"@id\":\"https:\/\/www.ringier.com\/de\/#\/schema\/person\/24489a2b955651619fd85a09d4bca633\",\"name\":\"Aline Theiler\",\"image\":{\"@type\":\"ImageObject\",\"inLanguage\":\"de-DE\",\"@id\":\"https:\/\/www.ringier.com\/de\/#\/schema\/person\/image\/\",\"url\":\"https:\/\/secure.gravatar.com\/avatar\/06f2922e079eed329a3d3c4244abea65911b408386451383c0de6e994a62ef8c?s=96&d=mm&r=g\",\"contentUrl\":\"https:\/\/secure.gravatar.com\/avatar\/06f2922e079eed329a3d3c4244abea65911b408386451383c0de6e994a62ef8c?s=96&d=mm&r=g\",\"caption\":\"Aline Theiler\"},\"sameAs\":[\"https:\/\/www.ringier.com\/\"]}]}<\/script>\n<!-- \/ Yoast SEO Premium plugin. -->","yoast_head_json":{"title":"Das Magazin wird in den SonntagsBlick integriert - Ringier","robots":{"index":"index","follow":"follow","max-snippet":"max-snippet:-1","max-image-preview":"max-image-preview:large","max-video-preview":"max-video-preview:-1"},"canonical":"https:\/\/www.ringier.com\/de\/das-magazin-wird-in-den-sonntagsblick-integriert\/","og_locale":"de_DE","og_type":"article","og_title":"Das Magazin wird in den SonntagsBlick integriert","og_description":"Ab kommendem Jahr erscheint der SonntagsBlick mit neuer Struktur. Die Inhalte des \u00abMagazins\u00bb finden sich im ersten Teil der Sonntagspublikation wieder. Gesellschafts- und Kulturthemen profitieren so von mehr Sichtbarkeit. Der zweite Bund wird k\u00fcnftig Sport und Service-Rubriken beinhalten. Alexandra Fitz wird neue stellvertretende Chefredaktorin.","og_url":"https:\/\/www.ringier.com\/de\/das-magazin-wird-in-den-sonntagsblick-integriert\/","og_site_name":"Ringier","article_publisher":"https:\/\/www.facebook.com\/ringierag\/","article_published_time":"2024-10-03T09:45:00+00:00","article_modified_time":"2024-11-12T14:09:33+00:00","og_image":[{"width":1024,"height":538,"url":"https:\/\/www.ringier.com\/wp-content\/uploads\/2024\/10\/AlexandraFitz-Website-1024x538.png","type":"image\/png"}],"author":"Aline Theiler","twitter_card":"summary_large_image","twitter_creator":"@ringier_ag","twitter_site":"@ringier_ag","twitter_misc":{"Verfasst von":"Aline Theiler","Gesch\u00e4tzte Lesezeit":"3 Minuten"},"schema":{"@context":"https:\/\/schema.org","@graph":[{"@type":"Article","@id":"https:\/\/www.ringier.com\/de\/das-magazin-wird-in-den-sonntagsblick-integriert\/#article","isPartOf":{"@id":"https:\/\/www.ringier.com\/de\/das-magazin-wird-in-den-sonntagsblick-integriert\/"},"author":{"name":"Aline Theiler","@id":"https:\/\/www.ringier.com\/de\/#\/schema\/person\/24489a2b955651619fd85a09d4bca633"},"headline":"Das Magazin wird in den SonntagsBlick integriert","datePublished":"2024-10-03T09:45:00+00:00","dateModified":"2024-11-12T14:09:33+00:00","mainEntityOfPage":{"@id":"https:\/\/www.ringier.com\/de\/das-magazin-wird-in-den-sonntagsblick-integriert\/"},"wordCount":405,"publisher":{"@id":"https:\/\/www.ringier.com\/de\/#organization"},"image":{"@id":"https:\/\/www.ringier.com\/de\/das-magazin-wird-in-den-sonntagsblick-integriert\/#primaryimage"},"thumbnailUrl":"https:\/\/www.ringier.com\/wp-content\/uploads\/2024\/10\/AlexandraFitz-Website.png","articleSection":["Media","Ringier Medien Schweiz"],"inLanguage":"de-DE"},{"@type":"WebPage","@id":"https:\/\/www.ringier.com\/de\/das-magazin-wird-in-den-sonntagsblick-integriert\/","url":"https:\/\/www.ringier.com\/de\/das-magazin-wird-in-den-sonntagsblick-integriert\/","name":"Das Magazin wird in den SonntagsBlick integriert - Ringier","isPartOf":{"@id":"https:\/\/www.ringier.com\/de\/#website"},"primaryImageOfPage":{"@id":"https:\/\/www.ringier.com\/de\/das-magazin-wird-in-den-sonntagsblick-integriert\/#primaryimage"},"image":{"@id":"https:\/\/www.ringier.com\/de\/das-magazin-wird-in-den-sonntagsblick-integriert\/#primaryimage"},"thumbnailUrl":"https:\/\/www.ringier.com\/wp-content\/uploads\/2024\/10\/AlexandraFitz-Website.png","datePublished":"2024-10-03T09:45:00+00:00","dateModified":"2024-11-12T14:09:33+00:00","breadcrumb":{"@id":"https:\/\/www.ringier.com\/de\/das-magazin-wird-in-den-sonntagsblick-integriert\/#breadcrumb"},"inLanguage":"de-DE","potentialAction":[{"@type":"ReadAction","target":["https:\/\/www.ringier.com\/de\/das-magazin-wird-in-den-sonntagsblick-integriert\/"]}]},{"@type":"ImageObject","inLanguage":"de-DE","@id":"https:\/\/www.ringier.com\/de\/das-magazin-wird-in-den-sonntagsblick-integriert\/#primaryimage","url":"https:\/\/www.ringier.com\/wp-content\/uploads\/2024\/10\/AlexandraFitz-Website.png","contentUrl":"https:\/\/www.ringier.com\/wp-content\/uploads\/2024\/10\/AlexandraFitz-Website.png","width":2953,"height":1551},{"@type":"BreadcrumbList","@id":"https:\/\/www.ringier.com\/de\/das-magazin-wird-in-den-sonntagsblick-integriert\/#breadcrumb","itemListElement":[{"@type":"ListItem","position":1,"name":"Home","item":"https:\/\/www.ringier.com\/de\/"},{"@type":"ListItem","position":2,"name":"Das Magazin wird in den SonntagsBlick integriert"}]},{"@type":"WebSite","@id":"https:\/\/www.ringier.com\/de\/#website","url":"https:\/\/www.ringier.com\/de\/","name":"Ringier","description":"We inform. We entertain. We connect","publisher":{"@id":"https:\/\/www.ringier.com\/de\/#organization"},"potentialAction":[{"@type":"SearchAction","target":{"@type":"EntryPoint","urlTemplate":"https:\/\/www.ringier.com\/de\/?s={search_term_string}"},"query-input":{"@type":"PropertyValueSpecification","valueRequired":true,"valueName":"search_term_string"}}],"inLanguage":"de-DE"},{"@type":"Organization","@id":"https:\/\/www.ringier.com\/de\/#organization","name":"Ringier","url":"https:\/\/www.ringier.com\/de\/","logo":{"@type":"ImageObject","inLanguage":"de-DE","@id":"https:\/\/www.ringier.com\/de\/#\/schema\/logo\/image\/","url":"https:\/\/www.ringier.com\/wp-content\/uploads\/2021\/10\/ringier_logo_2.jpg","contentUrl":"https:\/\/www.ringier.com\/wp-content\/uploads\/2021\/10\/ringier_logo_2.jpg","width":750,"height":550,"caption":"Ringier"},"image":{"@id":"https:\/\/www.ringier.com\/de\/#\/schema\/logo\/image\/"},"sameAs":["https:\/\/www.facebook.com\/ringierag\/","https:\/\/x.com\/ringier_ag","https:\/\/www.instagram.com\/ringier_ag\/","https:\/\/www.linkedin.com\/company\/ringier\/","https:\/\/www.youtube.com\/user\/RingierComm","https:\/\/en.wikipedia.org\/wiki\/Ringier","https:\/\/de.wikipedia.org\/wiki\/Ringier","https:\/\/fr.wikipedia.org\/wiki\/Ringier","https:\/\/www.crunchbase.com\/organization\/ringier-ag"]},{"@type":"Person","@id":"https:\/\/www.ringier.com\/de\/#\/schema\/person\/24489a2b955651619fd85a09d4bca633","name":"Aline Theiler","image":{"@type":"ImageObject","inLanguage":"de-DE","@id":"https:\/\/www.ringier.com\/de\/#\/schema\/person\/image\/","url":"https:\/\/secure.gravatar.com\/avatar\/06f2922e079eed329a3d3c4244abea65911b408386451383c0de6e994a62ef8c?s=96&d=mm&r=g","contentUrl":"https:\/\/secure.gravatar.com\/avatar\/06f2922e079eed329a3d3c4244abea65911b408386451383c0de6e994a62ef8c?s=96&d=mm&r=g","caption":"Aline Theiler"},"sameAs":["https:\/\/www.ringier.com\/"]}]}},"_links":{"self":[{"href":"https:\/\/www.ringier.com\/de\/wp-json\/wp\/v2\/posts\/20041","targetHints":{"allow":["GET"]}}],"collection":[{"href":"https:\/\/www.ringier.com\/de\/wp-json\/wp\/v2\/posts"}],"about":[{"href":"https:\/\/www.ringier.com\/de\/wp-json\/wp\/v2\/types\/post"}],"author":[{"embeddable":true,"href":"https:\/\/www.ringier.com\/de\/wp-json\/wp\/v2\/users\/24"}],"replies":[{"embeddable":true,"href":"https:\/\/www.ringier.com\/de\/wp-json\/wp\/v2\/comments?post=20041"}],"version-history":[{"count":0,"href":"https:\/\/www.ringier.com\/de\/wp-json\/wp\/v2\/posts\/20041\/revisions"}],"wp:featuredmedia":[{"embeddable":true,"href":"https:\/\/www.ringier.com\/de\/wp-json\/wp\/v2\/media\/20042"}],"wp:attachment":[{"href":"https:\/\/www.ringier.com\/de\/wp-json\/wp\/v2\/media?parent=20041"}],"wp:term":[{"taxonomy":"category","embeddable":true,"href":"https:\/\/www.ringier.com\/de\/wp-json\/wp\/v2\/categories?post=20041"},{"taxonomy":"post_tag","embeddable":true,"href":"https:\/\/www.ringier.com\/de\/wp-json\/wp\/v2\/tags?post=20041"}],"curies":[{"name":"wp","href":"https:\/\/api.w.org\/{rel}","templated":true}]}}