{"id":19735,"date":"2024-08-26T12:00:00","date_gmt":"2024-08-26T10:00:00","guid":{"rendered":"https:\/\/www.ringier.com\/?p=19735"},"modified":"2024-11-12T15:22:00","modified_gmt":"2024-11-12T14:22:00","slug":"comeback-am-paradeplatz-mandarin-oriental-savoy-zurich-ist-gaultmillaus-hotel-des-jahres-2025","status":"publish","type":"post","link":"https:\/\/www.ringier.com\/de\/comeback-am-paradeplatz-mandarin-oriental-savoy-zurich-ist-gaultmillaus-hotel-des-jahres-2025\/","title":{"rendered":"Comeback am Paradeplatz: \u00abMandarin Oriental Savoy, Zurich\u00bb ist GaultMillaus \u00abHotel des Jahres 2025\u00bb!"},"content":{"rendered":"\n<p>An Weihnachten 1838 er\u00f6ffnete Johannes Baur, ein junger B\u00e4cker aus dem Vorarlberg, am Z\u00fcrcher Paradeplatz das Hotel Baur. Er schrieb damals: \u00abIch gebe mir die Ehre, alle in- und ausl\u00e4ndischen Reisenden h\u00f6flichst in mein Hotel einzuladen mit dem Versprechen der besten und elegantesten Bedienung.\u00bb An Weihnachten 2023 er\u00f6ffnete das \u00abSavoy\u00bb ein zweites Mal. Die UBS ist die Besitzerin, Mandarin Oriental der Betreiber. Und das Versprechen aus dem Jahre 1838 gilt noch immer: beste Bedienung, 80 vom Pariser Innenarchitekten Tristan Auer gestaltete Zimmer und Suiten in elegantem zeitgen\u00f6ssischem Design, viele mit grossz\u00fcgigen Balkonen oder Dachterrassen. Die \u00abPresidential-Suite\u00bb (200 m2, moderner Luxus und historischer Charme) ist das Prunkst\u00fcck im Angebot.<\/p>\n\n\n\n<p><strong>\u00abOrsini\u00bb: Antonio Guida und seine Ragazzi<\/strong><br>Mandarin Oriental \u00fcberl\u00e4sst f\u00fcr die prestigetr\u00e4chtige Neuer\u00f6ffnung nichts dem Zufall. Dominik G. Reiner musste seine Zelte in M\u00fcnchen abbrechen und ist jetzt General Manager in Z\u00fcrich: \u00abEs ist mir eine Ehre, Z\u00fcrichs \u00e4ltestes Grandhotel zu f\u00fchren.\u00bb Die Karte f\u00fcr das Vorzeigerestaurant Orsini schreibt Antonio Guida, Zwei-Sterne-Koch im \u00abMandarin Oriental, Milan\u00bb. Der Chef hat seinen besten Mann in die Schweiz geschickt: Dario Moresco. Italienisches Fine Dining ist angesagt auf einer Flugh\u00f6he, die in der Schweiz nur selten zu finden ist. GaultMillau-Chef Urs Heller: \u00abWer bei uns \u2039Hotel des Jahres\u203a werden will, muss uns mit der K\u00fcche \u00fcberzeugen. Dario Moresco und sein Souschef Gianmarco D\u2019Alonzo machen das hervorragend und starten ihre Schweizer Karriere mit 16 Punkten.\u00bb Highlights: handgetauchte norwegische Jakobsmuschel auf einer Bufala-Mozzarella-Creme mit Kaviar und Austernsauce. Bottoni mit Wildhasenf\u00fcllung, Mi\u00e9ral-Wachteln aus der Bresse. Das Signature Dish von Antonio Guida darf auch nicht fehlen: \u00abRisotto con lamponi\u00bb (Himbeeren, Salbei, Kr\u00e4utercreme)!<\/p>\n\n\n\n<p><strong>Treffpunkt \u00abSavoy Brasserie\u00bb<\/strong><br>Was passt am besten zum ambitionierten italienischen Ristorante Orsini? Die internationale Savoy Brasserie &amp; Bar, im Sommer mit Aussenterrasse. Executive Chef Benjamin Halat, aus dem weltber\u00fchmten \u00abMandarin Oriental\u00bb Bangkok eingeflogen, schreibt hier die Karte. Er hat die Schl\u00fcsselpositionen draussen in der K\u00fcche erstklassig besetzt, kauft bei den besten Produzenten ein und ehrt auch einheimisches Schaffen: Selbst ein \u00abZ\u00fcrcher Geschnetzeltes\u00bb hat Platz auf der Karte. Der Erfolg gibt ihm recht: Die Savoy Brasserie war vom ersten Tag an sehr gut besucht. Der GaultMillau zeichnet die K\u00fcche mit 15 Punkten aus.<\/p>\n\n\n\n<p><strong>\u00ab1838\u00bb: Cocktails und asiatische Snacks in der Rooftop-Bar<\/strong><br>Eine Bar im Dachgeschoss hat Tradition im \u00abSavoy\u00bb. Bereits 1838 empfing Johannes Baur seine G\u00e4ste im \u00abBelv\u00e9d\u00e8re\u00bb, damals eine der ersten Rooftop-Bars der Welt. Heute heisst die elegante Bar im<br>siebten Stock \u00ab1838\u00bb. Die Sicht auf Stadt und See ist magisch, das Angebot verf\u00fchrerisch: Cocktails, Mocktails, Sake, Ros\u00e9 aus der Magnum. Dazu asiatisch inspirierte Snacks zum Teilen und Geniessen: Thai-Ceviche, \u00abKFC\u00bb (Korean Style Fried Chicken), Som-Tam-Salat. Die Dachterrasse ist klein und fein: Nur 50 G\u00e4ste finden Platz. Ein magischer Ort.<\/p>\n\n\n\n<figure class=\"wp-block-gallery has-nested-images columns-default is-cropped wp-block-gallery-1 is-layout-flex wp-block-gallery-is-layout-flex\">\n<figure class=\"wp-block-image size-large\"><img loading=\"lazy\" decoding=\"async\" width=\"1024\" height=\"561\" data-id=\"19750\" src=\"https:\/\/www.ringier.com\/wp-content\/uploads\/2024\/08\/Screenshot-2024-08-22-111717-1-1024x561.png\" alt=\"\" class=\"wp-image-19750\" srcset=\"https:\/\/www.ringier.com\/wp-content\/uploads\/2024\/08\/Screenshot-2024-08-22-111717-1-1024x561.png 1024w, https:\/\/www.ringier.com\/wp-content\/uploads\/2024\/08\/Screenshot-2024-08-22-111717-1-300x164.png 300w, https:\/\/www.ringier.com\/wp-content\/uploads\/2024\/08\/Screenshot-2024-08-22-111717-1-768x421.png 768w, https:\/\/www.ringier.com\/wp-content\/uploads\/2024\/08\/Screenshot-2024-08-22-111717-1-50x27.png 50w, https:\/\/www.ringier.com\/wp-content\/uploads\/2024\/08\/Screenshot-2024-08-22-111717-1-1600x877.png 1600w, https:\/\/www.ringier.com\/wp-content\/uploads\/2024\/08\/Screenshot-2024-08-22-111717-1-1536x842.png 1536w, https:\/\/www.ringier.com\/wp-content\/uploads\/2024\/08\/Screenshot-2024-08-22-111717-1-332x182.png 332w, https:\/\/www.ringier.com\/wp-content\/uploads\/2024\/08\/Screenshot-2024-08-22-111717-1-137x75.png 137w, https:\/\/www.ringier.com\/wp-content\/uploads\/2024\/08\/Screenshot-2024-08-22-111717-1.png 1777w\" sizes=\"auto, (max-width: 1024px) 100vw, 1024px\" \/><\/figure>\n\n\n\n<figure class=\"wp-block-image size-large\"><img loading=\"lazy\" decoding=\"async\" width=\"1024\" height=\"689\" data-id=\"19753\" src=\"https:\/\/www.ringier.com\/wp-content\/uploads\/2024\/08\/zurich_outside_night-2-1024x689.jpg\" alt=\"\" class=\"wp-image-19753\" srcset=\"https:\/\/www.ringier.com\/wp-content\/uploads\/2024\/08\/zurich_outside_night-2-1024x689.jpg 1024w, https:\/\/www.ringier.com\/wp-content\/uploads\/2024\/08\/zurich_outside_night-2-300x202.jpg 300w, https:\/\/www.ringier.com\/wp-content\/uploads\/2024\/08\/zurich_outside_night-2-768x517.jpg 768w, https:\/\/www.ringier.com\/wp-content\/uploads\/2024\/08\/zurich_outside_night-2-50x34.jpg 50w, https:\/\/www.ringier.com\/wp-content\/uploads\/2024\/08\/zurich_outside_night-2-1600x1077.jpg 1600w, https:\/\/www.ringier.com\/wp-content\/uploads\/2024\/08\/zurich_outside_night-2-1536x1034.jpg 1536w, https:\/\/www.ringier.com\/wp-content\/uploads\/2024\/08\/zurich_outside_night-2-2048x1379.jpg 2048w, https:\/\/www.ringier.com\/wp-content\/uploads\/2024\/08\/zurich_outside_night-2-270x182.jpg 270w, https:\/\/www.ringier.com\/wp-content\/uploads\/2024\/08\/zurich_outside_night-2-137x92.jpg 137w\" sizes=\"auto, (max-width: 1024px) 100vw, 1024px\" \/><\/figure>\n<\/figure>\n\n\n\n<div style=\"height:48px\" aria-hidden=\"true\" class=\"wp-block-spacer\"><\/div>\n\n\n\n<hr class=\"wp-block-separator has-alpha-channel-opacity\"\/>\n\n\n\n<p class=\"has-small-font-size\"><strong>Die Medienmitteilung sowie Bilder sind verf\u00fcgbar unter:<br><\/strong><a href=\"http:\/\/www.gaultmillau.ch\/HoteldesJahres2025\">www.gaultmillau.ch\/HoteldesJahres2025<\/a><\/p>\n\n\n\n<p class=\"has-small-font-size\"><strong>Informationen<\/strong><br>Ringier AG, GaultMillau, Telefon: +41 58 269 26 10, info@gaultmillau.ch<\/p>\n\n\n\n<p class=\"has-small-font-size\"><strong>\u00dcber GaultMillau<br><\/strong>Wo sind die besten Restaurants der Schweiz? Wer sind die kreativsten K\u00f6che? Der \u00abGaultMillau Guide Schweiz\u00bb ist der wichtigste Gourmetf\u00fchrer im Land. 880 Restaurants werden bewertet und ausf\u00fchrlich beschrieben. Die ausgezeichneten K\u00f6che des Landes werden in Bildern vorgestellt. Der Guide wird in den Medien t\u00e4glich zitiert.<\/p>\n\n\n\n<p class=\"has-small-font-size\">GaultMillau digital: Auf gaultmillau.ch gibts t\u00e4glich Rezeptvideos und Rezepte der besten K\u00f6che.<br>Spannende Interviews und News aus der Szene. Die neue Lifestyle-Liste GaultMillau POP empfiehlt 254 trendige Beizen, Brasserien, Bars und Caf\u00e9s. Der Blog \u00abZ\u00fcri isst\u00bb spricht ein urbanes, junges Publikum an und hat eine st\u00e4ndig wachsende eigene Community.<\/p>\n","protected":false},"excerpt":{"rendered":"<p>Z\u00fcrich hat sein \u00abSavoy\u00bb wieder! Das \u00e4lteste F\u00fcnfsterne-Hotel der Stadt wurde f\u00fcr 80 Millionen Franken renoviert, Mandarin Oriental ist der engagierte Betreiber. 44 Zimmer, 36 Suiten, eine magische Rooftop-Bar, zwei begeisternde Restaurants. Der GaultMillau zeichnet die Ikone am Paradeplatz als \u00abHotel des Jahres 2025\u00bb aus.<\/p>\n","protected":false},"author":23,"featured_media":19736,"comment_status":"closed","ping_status":"open","sticky":false,"template":"","format":"standard","meta":{"inline_featured_image":false,"footnotes":""},"categories":[371,361],"tags":[],"class_list":["post-19735","post","type-post","status-publish","format-standard","has-post-thumbnail","hentry","category-media-de","category-ringier-medien-schweiz"],"yoast_head":"<!-- This site is optimized with the Yoast SEO Premium plugin v27.0 (Yoast SEO v27.0) - https:\/\/yoast.com\/product\/yoast-seo-premium-wordpress\/ -->\n<title>Comeback am Paradeplatz: \u00abMandarin Oriental Savoy, Zurich\u00bb ist GaultMillaus \u00abHotel des Jahres 2025\u00bb! - Ringier<\/title>\n<meta name=\"robots\" content=\"index, follow, max-snippet:-1, max-image-preview:large, max-video-preview:-1\" \/>\n<link rel=\"canonical\" href=\"https:\/\/www.ringier.com\/de\/comeback-am-paradeplatz-mandarin-oriental-savoy-zurich-ist-gaultmillaus-hotel-des-jahres-2025\/\" \/>\n<meta property=\"og:locale\" content=\"de_DE\" \/>\n<meta property=\"og:type\" content=\"article\" \/>\n<meta property=\"og:title\" content=\"Comeback am Paradeplatz: \u00abMandarin Oriental Savoy, Zurich\u00bb ist GaultMillaus \u00abHotel des Jahres 2025\u00bb!\" \/>\n<meta property=\"og:description\" content=\"Z\u00fcrich hat sein \u00abSavoy\u00bb wieder! Das \u00e4lteste F\u00fcnfsterne-Hotel der Stadt wurde f\u00fcr 80 Millionen Franken renoviert, Mandarin Oriental ist der engagierte Betreiber. 44 Zimmer, 36 Suiten, eine magische Rooftop-Bar, zwei begeisternde Restaurants. Der GaultMillau zeichnet die Ikone am Paradeplatz als \u00abHotel des Jahres 2025\u00bb aus.\" \/>\n<meta property=\"og:url\" content=\"https:\/\/www.ringier.com\/de\/comeback-am-paradeplatz-mandarin-oriental-savoy-zurich-ist-gaultmillaus-hotel-des-jahres-2025\/\" \/>\n<meta property=\"og:site_name\" content=\"Ringier\" \/>\n<meta property=\"article:publisher\" content=\"https:\/\/www.facebook.com\/ringierag\/\" \/>\n<meta property=\"article:published_time\" content=\"2024-08-26T10:00:00+00:00\" \/>\n<meta property=\"article:modified_time\" content=\"2024-11-12T14:22:00+00:00\" \/>\n<meta property=\"og:image\" content=\"https:\/\/www.ringier.com\/wp-content\/uploads\/2024\/08\/zurich_outside_night-scaled.jpg\" \/>\n\t<meta property=\"og:image:width\" content=\"2560\" \/>\n\t<meta property=\"og:image:height\" content=\"1724\" \/>\n\t<meta property=\"og:image:type\" content=\"image\/jpeg\" \/>\n<meta name=\"author\" content=\"Ringier Corporate Communications\" \/>\n<meta name=\"twitter:card\" content=\"summary_large_image\" \/>\n<meta name=\"twitter:creator\" content=\"@ringier_ag\" \/>\n<meta name=\"twitter:site\" content=\"@ringier_ag\" \/>\n<meta name=\"twitter:label1\" content=\"Verfasst von\" \/>\n\t<meta name=\"twitter:data1\" content=\"Ringier Corporate Communications\" \/>\n\t<meta name=\"twitter:label2\" content=\"Gesch\u00e4tzte Lesezeit\" \/>\n\t<meta name=\"twitter:data2\" content=\"4 Minuten\" \/>\n<script type=\"application\/ld+json\" class=\"yoast-schema-graph\">{\"@context\":\"https:\/\/schema.org\",\"@graph\":[{\"@type\":\"Article\",\"@id\":\"https:\/\/www.ringier.com\/de\/comeback-am-paradeplatz-mandarin-oriental-savoy-zurich-ist-gaultmillaus-hotel-des-jahres-2025\/#article\",\"isPartOf\":{\"@id\":\"https:\/\/www.ringier.com\/de\/comeback-am-paradeplatz-mandarin-oriental-savoy-zurich-ist-gaultmillaus-hotel-des-jahres-2025\/\"},\"author\":{\"name\":\"Ringier Corporate Communications\",\"@id\":\"https:\/\/www.ringier.com\/de\/#\/schema\/person\/4cf76a308dc4b2bb5121bd1e7b752e52\"},\"headline\":\"Comeback am Paradeplatz: \u00abMandarin Oriental Savoy, Zurich\u00bb ist GaultMillaus \u00abHotel des Jahres 2025\u00bb!\",\"datePublished\":\"2024-08-26T10:00:00+00:00\",\"dateModified\":\"2024-11-12T14:22:00+00:00\",\"mainEntityOfPage\":{\"@id\":\"https:\/\/www.ringier.com\/de\/comeback-am-paradeplatz-mandarin-oriental-savoy-zurich-ist-gaultmillaus-hotel-des-jahres-2025\/\"},\"wordCount\":602,\"publisher\":{\"@id\":\"https:\/\/www.ringier.com\/de\/#organization\"},\"image\":{\"@id\":\"https:\/\/www.ringier.com\/de\/comeback-am-paradeplatz-mandarin-oriental-savoy-zurich-ist-gaultmillaus-hotel-des-jahres-2025\/#primaryimage\"},\"thumbnailUrl\":\"https:\/\/www.ringier.com\/wp-content\/uploads\/2024\/08\/zurich_outside_night-scaled.jpg\",\"articleSection\":[\"Media\",\"Ringier Medien Schweiz\"],\"inLanguage\":\"de-DE\"},{\"@type\":\"WebPage\",\"@id\":\"https:\/\/www.ringier.com\/de\/comeback-am-paradeplatz-mandarin-oriental-savoy-zurich-ist-gaultmillaus-hotel-des-jahres-2025\/\",\"url\":\"https:\/\/www.ringier.com\/de\/comeback-am-paradeplatz-mandarin-oriental-savoy-zurich-ist-gaultmillaus-hotel-des-jahres-2025\/\",\"name\":\"Comeback am Paradeplatz: \u00abMandarin Oriental Savoy, Zurich\u00bb ist GaultMillaus \u00abHotel des Jahres 2025\u00bb! - Ringier\",\"isPartOf\":{\"@id\":\"https:\/\/www.ringier.com\/de\/#website\"},\"primaryImageOfPage\":{\"@id\":\"https:\/\/www.ringier.com\/de\/comeback-am-paradeplatz-mandarin-oriental-savoy-zurich-ist-gaultmillaus-hotel-des-jahres-2025\/#primaryimage\"},\"image\":{\"@id\":\"https:\/\/www.ringier.com\/de\/comeback-am-paradeplatz-mandarin-oriental-savoy-zurich-ist-gaultmillaus-hotel-des-jahres-2025\/#primaryimage\"},\"thumbnailUrl\":\"https:\/\/www.ringier.com\/wp-content\/uploads\/2024\/08\/zurich_outside_night-scaled.jpg\",\"datePublished\":\"2024-08-26T10:00:00+00:00\",\"dateModified\":\"2024-11-12T14:22:00+00:00\",\"breadcrumb\":{\"@id\":\"https:\/\/www.ringier.com\/de\/comeback-am-paradeplatz-mandarin-oriental-savoy-zurich-ist-gaultmillaus-hotel-des-jahres-2025\/#breadcrumb\"},\"inLanguage\":\"de-DE\",\"potentialAction\":[{\"@type\":\"ReadAction\",\"target\":[\"https:\/\/www.ringier.com\/de\/comeback-am-paradeplatz-mandarin-oriental-savoy-zurich-ist-gaultmillaus-hotel-des-jahres-2025\/\"]}]},{\"@type\":\"ImageObject\",\"inLanguage\":\"de-DE\",\"@id\":\"https:\/\/www.ringier.com\/de\/comeback-am-paradeplatz-mandarin-oriental-savoy-zurich-ist-gaultmillaus-hotel-des-jahres-2025\/#primaryimage\",\"url\":\"https:\/\/www.ringier.com\/wp-content\/uploads\/2024\/08\/zurich_outside_night-scaled.jpg\",\"contentUrl\":\"https:\/\/www.ringier.com\/wp-content\/uploads\/2024\/08\/zurich_outside_night-scaled.jpg\",\"width\":2560,\"height\":1724},{\"@type\":\"BreadcrumbList\",\"@id\":\"https:\/\/www.ringier.com\/de\/comeback-am-paradeplatz-mandarin-oriental-savoy-zurich-ist-gaultmillaus-hotel-des-jahres-2025\/#breadcrumb\",\"itemListElement\":[{\"@type\":\"ListItem\",\"position\":1,\"name\":\"Home\",\"item\":\"https:\/\/www.ringier.com\/de\/\"},{\"@type\":\"ListItem\",\"position\":2,\"name\":\"Comeback am Paradeplatz: \u00abMandarin Oriental Savoy, Zurich\u00bb ist GaultMillaus \u00abHotel des Jahres 2025\u00bb!\"}]},{\"@type\":\"WebSite\",\"@id\":\"https:\/\/www.ringier.com\/de\/#website\",\"url\":\"https:\/\/www.ringier.com\/de\/\",\"name\":\"Ringier\",\"description\":\"We inform. We entertain. We connect\",\"publisher\":{\"@id\":\"https:\/\/www.ringier.com\/de\/#organization\"},\"potentialAction\":[{\"@type\":\"SearchAction\",\"target\":{\"@type\":\"EntryPoint\",\"urlTemplate\":\"https:\/\/www.ringier.com\/de\/?s={search_term_string}\"},\"query-input\":{\"@type\":\"PropertyValueSpecification\",\"valueRequired\":true,\"valueName\":\"search_term_string\"}}],\"inLanguage\":\"de-DE\"},{\"@type\":\"Organization\",\"@id\":\"https:\/\/www.ringier.com\/de\/#organization\",\"name\":\"Ringier\",\"url\":\"https:\/\/www.ringier.com\/de\/\",\"logo\":{\"@type\":\"ImageObject\",\"inLanguage\":\"de-DE\",\"@id\":\"https:\/\/www.ringier.com\/de\/#\/schema\/logo\/image\/\",\"url\":\"https:\/\/www.ringier.com\/wp-content\/uploads\/2021\/10\/ringier_logo_2.jpg\",\"contentUrl\":\"https:\/\/www.ringier.com\/wp-content\/uploads\/2021\/10\/ringier_logo_2.jpg\",\"width\":750,\"height\":550,\"caption\":\"Ringier\"},\"image\":{\"@id\":\"https:\/\/www.ringier.com\/de\/#\/schema\/logo\/image\/\"},\"sameAs\":[\"https:\/\/www.facebook.com\/ringierag\/\",\"https:\/\/x.com\/ringier_ag\",\"https:\/\/www.instagram.com\/ringier_ag\/\",\"https:\/\/www.linkedin.com\/company\/ringier\/\",\"https:\/\/www.youtube.com\/user\/RingierComm\",\"https:\/\/en.wikipedia.org\/wiki\/Ringier\",\"https:\/\/de.wikipedia.org\/wiki\/Ringier\",\"https:\/\/fr.wikipedia.org\/wiki\/Ringier\",\"https:\/\/www.crunchbase.com\/organization\/ringier-ag\"]},{\"@type\":\"Person\",\"@id\":\"https:\/\/www.ringier.com\/de\/#\/schema\/person\/4cf76a308dc4b2bb5121bd1e7b752e52\",\"name\":\"Ringier Corporate Communications\",\"image\":{\"@type\":\"ImageObject\",\"inLanguage\":\"de-DE\",\"@id\":\"https:\/\/www.ringier.com\/de\/#\/schema\/person\/image\/\",\"url\":\"https:\/\/secure.gravatar.com\/avatar\/9391e20481368d5df4fe3e1e476c13b27786347489822ec1ed07e532bb41f587?s=96&d=mm&r=g\",\"contentUrl\":\"https:\/\/secure.gravatar.com\/avatar\/9391e20481368d5df4fe3e1e476c13b27786347489822ec1ed07e532bb41f587?s=96&d=mm&r=g\",\"caption\":\"Ringier Corporate Communications\"},\"sameAs\":[\"https:\/\/www.ringier.com\"]}]}<\/script>\n<!-- \/ Yoast SEO Premium plugin. -->","yoast_head_json":{"title":"Comeback am Paradeplatz: \u00abMandarin Oriental Savoy, Zurich\u00bb ist GaultMillaus \u00abHotel des Jahres 2025\u00bb! - Ringier","robots":{"index":"index","follow":"follow","max-snippet":"max-snippet:-1","max-image-preview":"max-image-preview:large","max-video-preview":"max-video-preview:-1"},"canonical":"https:\/\/www.ringier.com\/de\/comeback-am-paradeplatz-mandarin-oriental-savoy-zurich-ist-gaultmillaus-hotel-des-jahres-2025\/","og_locale":"de_DE","og_type":"article","og_title":"Comeback am Paradeplatz: \u00abMandarin Oriental Savoy, Zurich\u00bb ist GaultMillaus \u00abHotel des Jahres 2025\u00bb!","og_description":"Z\u00fcrich hat sein \u00abSavoy\u00bb wieder! Das \u00e4lteste F\u00fcnfsterne-Hotel der Stadt wurde f\u00fcr 80 Millionen Franken renoviert, Mandarin Oriental ist der engagierte Betreiber. 44 Zimmer, 36 Suiten, eine magische Rooftop-Bar, zwei begeisternde Restaurants. Der GaultMillau zeichnet die Ikone am Paradeplatz als \u00abHotel des Jahres 2025\u00bb aus.","og_url":"https:\/\/www.ringier.com\/de\/comeback-am-paradeplatz-mandarin-oriental-savoy-zurich-ist-gaultmillaus-hotel-des-jahres-2025\/","og_site_name":"Ringier","article_publisher":"https:\/\/www.facebook.com\/ringierag\/","article_published_time":"2024-08-26T10:00:00+00:00","article_modified_time":"2024-11-12T14:22:00+00:00","og_image":[{"width":2560,"height":1724,"url":"https:\/\/www.ringier.com\/wp-content\/uploads\/2024\/08\/zurich_outside_night-scaled.jpg","type":"image\/jpeg"}],"author":"Ringier Corporate Communications","twitter_card":"summary_large_image","twitter_creator":"@ringier_ag","twitter_site":"@ringier_ag","twitter_misc":{"Verfasst von":"Ringier Corporate Communications","Gesch\u00e4tzte Lesezeit":"4 Minuten"},"schema":{"@context":"https:\/\/schema.org","@graph":[{"@type":"Article","@id":"https:\/\/www.ringier.com\/de\/comeback-am-paradeplatz-mandarin-oriental-savoy-zurich-ist-gaultmillaus-hotel-des-jahres-2025\/#article","isPartOf":{"@id":"https:\/\/www.ringier.com\/de\/comeback-am-paradeplatz-mandarin-oriental-savoy-zurich-ist-gaultmillaus-hotel-des-jahres-2025\/"},"author":{"name":"Ringier Corporate Communications","@id":"https:\/\/www.ringier.com\/de\/#\/schema\/person\/4cf76a308dc4b2bb5121bd1e7b752e52"},"headline":"Comeback am Paradeplatz: \u00abMandarin Oriental Savoy, Zurich\u00bb ist GaultMillaus \u00abHotel des Jahres 2025\u00bb!","datePublished":"2024-08-26T10:00:00+00:00","dateModified":"2024-11-12T14:22:00+00:00","mainEntityOfPage":{"@id":"https:\/\/www.ringier.com\/de\/comeback-am-paradeplatz-mandarin-oriental-savoy-zurich-ist-gaultmillaus-hotel-des-jahres-2025\/"},"wordCount":602,"publisher":{"@id":"https:\/\/www.ringier.com\/de\/#organization"},"image":{"@id":"https:\/\/www.ringier.com\/de\/comeback-am-paradeplatz-mandarin-oriental-savoy-zurich-ist-gaultmillaus-hotel-des-jahres-2025\/#primaryimage"},"thumbnailUrl":"https:\/\/www.ringier.com\/wp-content\/uploads\/2024\/08\/zurich_outside_night-scaled.jpg","articleSection":["Media","Ringier Medien Schweiz"],"inLanguage":"de-DE"},{"@type":"WebPage","@id":"https:\/\/www.ringier.com\/de\/comeback-am-paradeplatz-mandarin-oriental-savoy-zurich-ist-gaultmillaus-hotel-des-jahres-2025\/","url":"https:\/\/www.ringier.com\/de\/comeback-am-paradeplatz-mandarin-oriental-savoy-zurich-ist-gaultmillaus-hotel-des-jahres-2025\/","name":"Comeback am Paradeplatz: \u00abMandarin Oriental Savoy, Zurich\u00bb ist GaultMillaus \u00abHotel des Jahres 2025\u00bb! - Ringier","isPartOf":{"@id":"https:\/\/www.ringier.com\/de\/#website"},"primaryImageOfPage":{"@id":"https:\/\/www.ringier.com\/de\/comeback-am-paradeplatz-mandarin-oriental-savoy-zurich-ist-gaultmillaus-hotel-des-jahres-2025\/#primaryimage"},"image":{"@id":"https:\/\/www.ringier.com\/de\/comeback-am-paradeplatz-mandarin-oriental-savoy-zurich-ist-gaultmillaus-hotel-des-jahres-2025\/#primaryimage"},"thumbnailUrl":"https:\/\/www.ringier.com\/wp-content\/uploads\/2024\/08\/zurich_outside_night-scaled.jpg","datePublished":"2024-08-26T10:00:00+00:00","dateModified":"2024-11-12T14:22:00+00:00","breadcrumb":{"@id":"https:\/\/www.ringier.com\/de\/comeback-am-paradeplatz-mandarin-oriental-savoy-zurich-ist-gaultmillaus-hotel-des-jahres-2025\/#breadcrumb"},"inLanguage":"de-DE","potentialAction":[{"@type":"ReadAction","target":["https:\/\/www.ringier.com\/de\/comeback-am-paradeplatz-mandarin-oriental-savoy-zurich-ist-gaultmillaus-hotel-des-jahres-2025\/"]}]},{"@type":"ImageObject","inLanguage":"de-DE","@id":"https:\/\/www.ringier.com\/de\/comeback-am-paradeplatz-mandarin-oriental-savoy-zurich-ist-gaultmillaus-hotel-des-jahres-2025\/#primaryimage","url":"https:\/\/www.ringier.com\/wp-content\/uploads\/2024\/08\/zurich_outside_night-scaled.jpg","contentUrl":"https:\/\/www.ringier.com\/wp-content\/uploads\/2024\/08\/zurich_outside_night-scaled.jpg","width":2560,"height":1724},{"@type":"BreadcrumbList","@id":"https:\/\/www.ringier.com\/de\/comeback-am-paradeplatz-mandarin-oriental-savoy-zurich-ist-gaultmillaus-hotel-des-jahres-2025\/#breadcrumb","itemListElement":[{"@type":"ListItem","position":1,"name":"Home","item":"https:\/\/www.ringier.com\/de\/"},{"@type":"ListItem","position":2,"name":"Comeback am Paradeplatz: \u00abMandarin Oriental Savoy, Zurich\u00bb ist GaultMillaus \u00abHotel des Jahres 2025\u00bb!"}]},{"@type":"WebSite","@id":"https:\/\/www.ringier.com\/de\/#website","url":"https:\/\/www.ringier.com\/de\/","name":"Ringier","description":"We inform. We entertain. We connect","publisher":{"@id":"https:\/\/www.ringier.com\/de\/#organization"},"potentialAction":[{"@type":"SearchAction","target":{"@type":"EntryPoint","urlTemplate":"https:\/\/www.ringier.com\/de\/?s={search_term_string}"},"query-input":{"@type":"PropertyValueSpecification","valueRequired":true,"valueName":"search_term_string"}}],"inLanguage":"de-DE"},{"@type":"Organization","@id":"https:\/\/www.ringier.com\/de\/#organization","name":"Ringier","url":"https:\/\/www.ringier.com\/de\/","logo":{"@type":"ImageObject","inLanguage":"de-DE","@id":"https:\/\/www.ringier.com\/de\/#\/schema\/logo\/image\/","url":"https:\/\/www.ringier.com\/wp-content\/uploads\/2021\/10\/ringier_logo_2.jpg","contentUrl":"https:\/\/www.ringier.com\/wp-content\/uploads\/2021\/10\/ringier_logo_2.jpg","width":750,"height":550,"caption":"Ringier"},"image":{"@id":"https:\/\/www.ringier.com\/de\/#\/schema\/logo\/image\/"},"sameAs":["https:\/\/www.facebook.com\/ringierag\/","https:\/\/x.com\/ringier_ag","https:\/\/www.instagram.com\/ringier_ag\/","https:\/\/www.linkedin.com\/company\/ringier\/","https:\/\/www.youtube.com\/user\/RingierComm","https:\/\/en.wikipedia.org\/wiki\/Ringier","https:\/\/de.wikipedia.org\/wiki\/Ringier","https:\/\/fr.wikipedia.org\/wiki\/Ringier","https:\/\/www.crunchbase.com\/organization\/ringier-ag"]},{"@type":"Person","@id":"https:\/\/www.ringier.com\/de\/#\/schema\/person\/4cf76a308dc4b2bb5121bd1e7b752e52","name":"Ringier Corporate Communications","image":{"@type":"ImageObject","inLanguage":"de-DE","@id":"https:\/\/www.ringier.com\/de\/#\/schema\/person\/image\/","url":"https:\/\/secure.gravatar.com\/avatar\/9391e20481368d5df4fe3e1e476c13b27786347489822ec1ed07e532bb41f587?s=96&d=mm&r=g","contentUrl":"https:\/\/secure.gravatar.com\/avatar\/9391e20481368d5df4fe3e1e476c13b27786347489822ec1ed07e532bb41f587?s=96&d=mm&r=g","caption":"Ringier Corporate Communications"},"sameAs":["https:\/\/www.ringier.com"]}]}},"_links":{"self":[{"href":"https:\/\/www.ringier.com\/de\/wp-json\/wp\/v2\/posts\/19735","targetHints":{"allow":["GET"]}}],"collection":[{"href":"https:\/\/www.ringier.com\/de\/wp-json\/wp\/v2\/posts"}],"about":[{"href":"https:\/\/www.ringier.com\/de\/wp-json\/wp\/v2\/types\/post"}],"author":[{"embeddable":true,"href":"https:\/\/www.ringier.com\/de\/wp-json\/wp\/v2\/users\/23"}],"replies":[{"embeddable":true,"href":"https:\/\/www.ringier.com\/de\/wp-json\/wp\/v2\/comments?post=19735"}],"version-history":[{"count":0,"href":"https:\/\/www.ringier.com\/de\/wp-json\/wp\/v2\/posts\/19735\/revisions"}],"wp:featuredmedia":[{"embeddable":true,"href":"https:\/\/www.ringier.com\/de\/wp-json\/wp\/v2\/media\/19736"}],"wp:attachment":[{"href":"https:\/\/www.ringier.com\/de\/wp-json\/wp\/v2\/media?parent=19735"}],"wp:term":[{"taxonomy":"category","embeddable":true,"href":"https:\/\/www.ringier.com\/de\/wp-json\/wp\/v2\/categories?post=19735"},{"taxonomy":"post_tag","embeddable":true,"href":"https:\/\/www.ringier.com\/de\/wp-json\/wp\/v2\/tags?post=19735"}],"curies":[{"name":"wp","href":"https:\/\/api.w.org\/{rel}","templated":true}]}}