{"id":19672,"date":"2024-07-31T08:15:00","date_gmt":"2024-07-31T06:15:00","guid":{"rendered":"https:\/\/www.ringier.com\/?p=19672"},"modified":"2024-11-12T15:23:09","modified_gmt":"2024-11-12T14:23:09","slug":"1-august-wanderung-mit-bundesraetin-elisabeth-baume-schneider","status":"publish","type":"post","link":"https:\/\/www.ringier.com\/de\/1-august-wanderung-mit-bundesraetin-elisabeth-baume-schneider\/","title":{"rendered":"1.-August-Wanderung mit Bundesr\u00e4tin Elisabeth Baume-Schneider"},"content":{"rendered":"\n<p>Die Wanderung startete in Pruntrut beim Ch\u00e2teau und f\u00fchrte durch das malerische St\u00e4dtchen, anschliessend ging es in die Region Ajoie in Richtung von Courchavon. Hier begann der leichte Aufstieg nach Mormont, wo sich die Wandergruppe im \u00abG\u00eete rural La Bergerie\u00bb von Rolf Amstutz beim traditionellen 1.-August-Brunch st\u00e4rkte und vom Chor \u00abEspace Corale\u00bb musikalisch unterhalten wurde. F\u00fcr diejenigen, die den kleinen Ort gem\u00fctlich erkunden wollten, stand ein Pferdegespann f\u00fcr eine kleine Rundfahrt bereit.<\/p>\n\n\n\n<p>\u00abDer Jura wird gerne untersch\u00e4tzt. Deshalb freute ich mich besonders, den Leserinnen und Lesern meine Heimat zu zeigen. Solche Tage geben auch mir Energie \u00bb, sagt Bundesr\u00e4tin Baume-Schneider.<\/p>\n\n\n\n<p>\u00abKein Magazin begleitet und berichtet so nah wie die <em>Schweizer Illustrierte<\/em> und <em>L\u2019illustr\u00e9<\/em> seit \u00fcber 100 Jahren \u00fcber die Pers\u00f6nlichkeiten, die unser Land pr\u00e4gen \u2013 und schafft dabei auch reale Plattformen f\u00fcr den direkten Austausch. Mit Bundesr\u00e4tin Elisabeth Baume-Schneider f\u00fchrte die traditionelle 1.-August-Wanderung in diesem Jahr ins Jura. Dass Leserinnen und Leser die Innenministerin einen ganzen Tag lang so nah miterleben k\u00f6nnen, ist einzigartig. Wir sind stolz, dieses Erlebnis erm\u00f6glichen zu k\u00f6nnen\u00bb, sagt Silvia Binggeli, Chefredaktorin der <em>Schweizer Illustrierten<\/em>.<\/p>\n\n\n\n<p>\u00abW\u00e4hrend der zweieinhalbst\u00fcndigen Wanderung beantwortete Bundesr\u00e4tin Elisabeth Baume-Schneider freundlich die Fragen der wissbegierigen Leserinnen und Leser. Und an Fragen mangelte es nicht, da das Departement des Innern im Jahr 2024 an vorderster Front der eidgen\u00f6ssischen Termine und Abstimmungen steht\u00bb, berichtet Laurence Desbordes, Chefredaktorin der <em>L\u2019illustr\u00e9<\/em>. Zudem bot der Spaziergang den Teilnehmerinnen und Teilnehmern auch die Gelegenheit, den Ehemann der Bundesr\u00e4tin kennenzulernen, der mit seiner herzlichen, entspannten und humorvollen Art f\u00fcr Begeisterung sorgte. \u00abEs war ein denkw\u00fcrdiger Tag und so symbolisch f\u00fcr die Schweiz, eine Demokratie, die keine Angst vor dem direkten Dialog mit ihren Mitb\u00fcrgerinnen und Mitb\u00fcrgern hat\u00bb, meint die Chefredaktorin abschliessend.<\/p>\n\n\n\n<p>Ein ausgiebiger Bericht \u00fcber die diesj\u00e4hrige Wanderung mit Bundesr\u00e4tin Elisabeth Baume-Schneider erscheint heute in der <em>L\u2019illustr\u00e9<\/em> und am 2. August 2024 in der <em>Schweizer Illustrierten<\/em>. Partner der siebten 1.-August-Wanderung sind Jura Tourisme und Jura Rando sowie Twerenbold.\u00a0<\/p>\n\n\n\n<p>Die 1. August-Wanderung von <em>Schweizer Illustrierte<\/em> und <em>L\u2019illustr\u00e9<\/em> hat Tradition: Bereits zum siebten Mal haben die Leserinnen und Leser von <em>Schweizer Illustrierte<\/em> und <em>L\u2019illustr\u00e9<\/em> die exklusive M\u00f6glichkeit, mit einem Mitglied des Bundesrates in dessen Heimatkanton zu wandern. Mit Alain Berset ging es 2018 an den Schwarzsee, mit Guy Parmelin 2019 durch die Waadtl\u00e4nder Rebberge, mit Viola Amherd 2020 ins Binntal, mit Simonetta Sommaruga 2021 an den Thunersee, mit Karin Keller-Sutter 2022 an den Walensee und mit Ignazio Cassis 2023 auf den Gotthardpass, bevor dieses Jahr Elisabeth Baume-Schneider die Leserinnen und Leser ins Jura f\u00fchrte.<\/p>\n\n\n\n<hr class=\"wp-block-separator has-alpha-channel-opacity\"\/>\n\n\n\n<p class=\"has-small-font-size\"><strong>\u00dcber Ringier Medien Schweiz<\/strong><br>Mehr als 4,6 Millionen Leser\/innen nutzen und vertrauen den Medienmarken von RMS. Zum Portfolio geh\u00f6ren der Blick sowie die reichweitenst\u00e4rksten Magazin- und Zeitschriftentitel wie Beobachter, Handelszeitung, Bilanz, cash.ch, Tele, Schweizer Illustrierte, Landliebe, Gl\u00fcckspost, L\u2019Illustr\u00e9 und PME. Mit ihrem breiten Themenspektrum, ihrer herausragenden Reichweite und ihren starken Inhalten positioniert sich RMS als das zukunftsorientierte Medienhaus der Schweiz und ist, unterst\u00fctzt durch die Vermarktungseinheit Ringier Advertising, bereits heute der bevorzugte Partner f\u00fcr Werbekunden, die attraktive und effiziente Werbel\u00f6sungen suchen.<\/p>\n","protected":false},"excerpt":{"rendered":"<p>Bei sch\u00f6nstem Wetter wanderten 150 Leserinnen und Leser von Schweizer Illustrierten und L\u2019illustr\u00e9 zusammen mit Bundesr\u00e4tin Elisabeth Baume-Schneider durch ihren Heimatkanton Jura. <\/p>\n","protected":false},"author":23,"featured_media":19673,"comment_status":"closed","ping_status":"open","sticky":false,"template":"","format":"standard","meta":{"inline_featured_image":false,"footnotes":""},"categories":[371,361],"tags":[],"class_list":["post-19672","post","type-post","status-publish","format-standard","has-post-thumbnail","hentry","category-media-de","category-ringier-medien-schweiz"],"yoast_head":"<!-- This site is optimized with the Yoast SEO Premium plugin v27.0 (Yoast SEO v27.0) - https:\/\/yoast.com\/product\/yoast-seo-premium-wordpress\/ -->\n<title>1.-August-Wanderung mit Bundesr\u00e4tin Elisabeth Baume-Schneider - Ringier<\/title>\n<meta name=\"robots\" content=\"index, follow, max-snippet:-1, max-image-preview:large, max-video-preview:-1\" \/>\n<link rel=\"canonical\" href=\"https:\/\/www.ringier.com\/de\/1-august-wanderung-mit-bundesraetin-elisabeth-baume-schneider\/\" \/>\n<meta property=\"og:locale\" content=\"de_DE\" \/>\n<meta property=\"og:type\" content=\"article\" \/>\n<meta property=\"og:title\" content=\"1.-August-Wanderung mit Bundesr\u00e4tin Elisabeth Baume-Schneider\" \/>\n<meta property=\"og:description\" content=\"Bei sch\u00f6nstem Wetter wanderten 150 Leserinnen und Leser von Schweizer Illustrierten und L\u2019illustr\u00e9 zusammen mit Bundesr\u00e4tin Elisabeth Baume-Schneider durch ihren Heimatkanton Jura.\" \/>\n<meta property=\"og:url\" content=\"https:\/\/www.ringier.com\/de\/1-august-wanderung-mit-bundesraetin-elisabeth-baume-schneider\/\" \/>\n<meta property=\"og:site_name\" content=\"Ringier\" \/>\n<meta property=\"article:publisher\" content=\"https:\/\/www.facebook.com\/ringierag\/\" \/>\n<meta property=\"article:published_time\" content=\"2024-07-31T06:15:00+00:00\" \/>\n<meta property=\"article:modified_time\" content=\"2024-11-12T14:23:09+00:00\" \/>\n<meta property=\"og:image\" content=\"https:\/\/www.ringier.com\/wp-content\/uploads\/2024\/07\/1-August-Wanderung-c-Corinne-Glanzmann-scaled.jpg\" \/>\n\t<meta property=\"og:image:width\" content=\"2560\" \/>\n\t<meta property=\"og:image:height\" content=\"1707\" \/>\n\t<meta property=\"og:image:type\" content=\"image\/jpeg\" \/>\n<meta name=\"author\" content=\"Ringier Corporate Communications\" \/>\n<meta name=\"twitter:card\" content=\"summary_large_image\" \/>\n<meta name=\"twitter:creator\" content=\"@ringier_ag\" \/>\n<meta name=\"twitter:site\" content=\"@ringier_ag\" \/>\n<meta name=\"twitter:label1\" content=\"Verfasst von\" \/>\n\t<meta name=\"twitter:data1\" content=\"Ringier Corporate Communications\" \/>\n\t<meta name=\"twitter:label2\" content=\"Gesch\u00e4tzte Lesezeit\" \/>\n\t<meta name=\"twitter:data2\" content=\"3 Minuten\" \/>\n<script type=\"application\/ld+json\" class=\"yoast-schema-graph\">{\"@context\":\"https:\/\/schema.org\",\"@graph\":[{\"@type\":\"Article\",\"@id\":\"https:\/\/www.ringier.com\/de\/1-august-wanderung-mit-bundesraetin-elisabeth-baume-schneider\/#article\",\"isPartOf\":{\"@id\":\"https:\/\/www.ringier.com\/de\/1-august-wanderung-mit-bundesraetin-elisabeth-baume-schneider\/\"},\"author\":{\"name\":\"Ringier Corporate Communications\",\"@id\":\"https:\/\/www.ringier.com\/de\/#\/schema\/person\/4cf76a308dc4b2bb5121bd1e7b752e52\"},\"headline\":\"1.-August-Wanderung mit Bundesr\u00e4tin Elisabeth Baume-Schneider\",\"datePublished\":\"2024-07-31T06:15:00+00:00\",\"dateModified\":\"2024-11-12T14:23:09+00:00\",\"mainEntityOfPage\":{\"@id\":\"https:\/\/www.ringier.com\/de\/1-august-wanderung-mit-bundesraetin-elisabeth-baume-schneider\/\"},\"wordCount\":532,\"publisher\":{\"@id\":\"https:\/\/www.ringier.com\/de\/#organization\"},\"image\":{\"@id\":\"https:\/\/www.ringier.com\/de\/1-august-wanderung-mit-bundesraetin-elisabeth-baume-schneider\/#primaryimage\"},\"thumbnailUrl\":\"https:\/\/www.ringier.com\/wp-content\/uploads\/2024\/07\/1-August-Wanderung-c-Corinne-Glanzmann-scaled.jpg\",\"articleSection\":[\"Media\",\"Ringier Medien Schweiz\"],\"inLanguage\":\"de-DE\"},{\"@type\":\"WebPage\",\"@id\":\"https:\/\/www.ringier.com\/de\/1-august-wanderung-mit-bundesraetin-elisabeth-baume-schneider\/\",\"url\":\"https:\/\/www.ringier.com\/de\/1-august-wanderung-mit-bundesraetin-elisabeth-baume-schneider\/\",\"name\":\"1.-August-Wanderung mit Bundesr\u00e4tin Elisabeth Baume-Schneider - Ringier\",\"isPartOf\":{\"@id\":\"https:\/\/www.ringier.com\/de\/#website\"},\"primaryImageOfPage\":{\"@id\":\"https:\/\/www.ringier.com\/de\/1-august-wanderung-mit-bundesraetin-elisabeth-baume-schneider\/#primaryimage\"},\"image\":{\"@id\":\"https:\/\/www.ringier.com\/de\/1-august-wanderung-mit-bundesraetin-elisabeth-baume-schneider\/#primaryimage\"},\"thumbnailUrl\":\"https:\/\/www.ringier.com\/wp-content\/uploads\/2024\/07\/1-August-Wanderung-c-Corinne-Glanzmann-scaled.jpg\",\"datePublished\":\"2024-07-31T06:15:00+00:00\",\"dateModified\":\"2024-11-12T14:23:09+00:00\",\"breadcrumb\":{\"@id\":\"https:\/\/www.ringier.com\/de\/1-august-wanderung-mit-bundesraetin-elisabeth-baume-schneider\/#breadcrumb\"},\"inLanguage\":\"de-DE\",\"potentialAction\":[{\"@type\":\"ReadAction\",\"target\":[\"https:\/\/www.ringier.com\/de\/1-august-wanderung-mit-bundesraetin-elisabeth-baume-schneider\/\"]}]},{\"@type\":\"ImageObject\",\"inLanguage\":\"de-DE\",\"@id\":\"https:\/\/www.ringier.com\/de\/1-august-wanderung-mit-bundesraetin-elisabeth-baume-schneider\/#primaryimage\",\"url\":\"https:\/\/www.ringier.com\/wp-content\/uploads\/2024\/07\/1-August-Wanderung-c-Corinne-Glanzmann-scaled.jpg\",\"contentUrl\":\"https:\/\/www.ringier.com\/wp-content\/uploads\/2024\/07\/1-August-Wanderung-c-Corinne-Glanzmann-scaled.jpg\",\"width\":2560,\"height\":1707},{\"@type\":\"BreadcrumbList\",\"@id\":\"https:\/\/www.ringier.com\/de\/1-august-wanderung-mit-bundesraetin-elisabeth-baume-schneider\/#breadcrumb\",\"itemListElement\":[{\"@type\":\"ListItem\",\"position\":1,\"name\":\"Home\",\"item\":\"https:\/\/www.ringier.com\/de\/\"},{\"@type\":\"ListItem\",\"position\":2,\"name\":\"1.-August-Wanderung mit Bundesr\u00e4tin Elisabeth Baume-Schneider\"}]},{\"@type\":\"WebSite\",\"@id\":\"https:\/\/www.ringier.com\/de\/#website\",\"url\":\"https:\/\/www.ringier.com\/de\/\",\"name\":\"Ringier\",\"description\":\"We inform. We entertain. We connect\",\"publisher\":{\"@id\":\"https:\/\/www.ringier.com\/de\/#organization\"},\"potentialAction\":[{\"@type\":\"SearchAction\",\"target\":{\"@type\":\"EntryPoint\",\"urlTemplate\":\"https:\/\/www.ringier.com\/de\/?s={search_term_string}\"},\"query-input\":{\"@type\":\"PropertyValueSpecification\",\"valueRequired\":true,\"valueName\":\"search_term_string\"}}],\"inLanguage\":\"de-DE\"},{\"@type\":\"Organization\",\"@id\":\"https:\/\/www.ringier.com\/de\/#organization\",\"name\":\"Ringier\",\"url\":\"https:\/\/www.ringier.com\/de\/\",\"logo\":{\"@type\":\"ImageObject\",\"inLanguage\":\"de-DE\",\"@id\":\"https:\/\/www.ringier.com\/de\/#\/schema\/logo\/image\/\",\"url\":\"https:\/\/www.ringier.com\/wp-content\/uploads\/2021\/10\/ringier_logo_2.jpg\",\"contentUrl\":\"https:\/\/www.ringier.com\/wp-content\/uploads\/2021\/10\/ringier_logo_2.jpg\",\"width\":750,\"height\":550,\"caption\":\"Ringier\"},\"image\":{\"@id\":\"https:\/\/www.ringier.com\/de\/#\/schema\/logo\/image\/\"},\"sameAs\":[\"https:\/\/www.facebook.com\/ringierag\/\",\"https:\/\/x.com\/ringier_ag\",\"https:\/\/www.instagram.com\/ringier_ag\/\",\"https:\/\/www.linkedin.com\/company\/ringier\/\",\"https:\/\/www.youtube.com\/user\/RingierComm\",\"https:\/\/en.wikipedia.org\/wiki\/Ringier\",\"https:\/\/de.wikipedia.org\/wiki\/Ringier\",\"https:\/\/fr.wikipedia.org\/wiki\/Ringier\",\"https:\/\/www.crunchbase.com\/organization\/ringier-ag\"]},{\"@type\":\"Person\",\"@id\":\"https:\/\/www.ringier.com\/de\/#\/schema\/person\/4cf76a308dc4b2bb5121bd1e7b752e52\",\"name\":\"Ringier Corporate Communications\",\"image\":{\"@type\":\"ImageObject\",\"inLanguage\":\"de-DE\",\"@id\":\"https:\/\/www.ringier.com\/de\/#\/schema\/person\/image\/\",\"url\":\"https:\/\/secure.gravatar.com\/avatar\/9391e20481368d5df4fe3e1e476c13b27786347489822ec1ed07e532bb41f587?s=96&d=mm&r=g\",\"contentUrl\":\"https:\/\/secure.gravatar.com\/avatar\/9391e20481368d5df4fe3e1e476c13b27786347489822ec1ed07e532bb41f587?s=96&d=mm&r=g\",\"caption\":\"Ringier Corporate Communications\"},\"sameAs\":[\"https:\/\/www.ringier.com\"]}]}<\/script>\n<!-- \/ Yoast SEO Premium plugin. -->","yoast_head_json":{"title":"1.-August-Wanderung mit Bundesr\u00e4tin Elisabeth Baume-Schneider - Ringier","robots":{"index":"index","follow":"follow","max-snippet":"max-snippet:-1","max-image-preview":"max-image-preview:large","max-video-preview":"max-video-preview:-1"},"canonical":"https:\/\/www.ringier.com\/de\/1-august-wanderung-mit-bundesraetin-elisabeth-baume-schneider\/","og_locale":"de_DE","og_type":"article","og_title":"1.-August-Wanderung mit Bundesr\u00e4tin Elisabeth Baume-Schneider","og_description":"Bei sch\u00f6nstem Wetter wanderten 150 Leserinnen und Leser von Schweizer Illustrierten und L\u2019illustr\u00e9 zusammen mit Bundesr\u00e4tin Elisabeth Baume-Schneider durch ihren Heimatkanton Jura.","og_url":"https:\/\/www.ringier.com\/de\/1-august-wanderung-mit-bundesraetin-elisabeth-baume-schneider\/","og_site_name":"Ringier","article_publisher":"https:\/\/www.facebook.com\/ringierag\/","article_published_time":"2024-07-31T06:15:00+00:00","article_modified_time":"2024-11-12T14:23:09+00:00","og_image":[{"width":2560,"height":1707,"url":"https:\/\/www.ringier.com\/wp-content\/uploads\/2024\/07\/1-August-Wanderung-c-Corinne-Glanzmann-scaled.jpg","type":"image\/jpeg"}],"author":"Ringier Corporate Communications","twitter_card":"summary_large_image","twitter_creator":"@ringier_ag","twitter_site":"@ringier_ag","twitter_misc":{"Verfasst von":"Ringier Corporate Communications","Gesch\u00e4tzte Lesezeit":"3 Minuten"},"schema":{"@context":"https:\/\/schema.org","@graph":[{"@type":"Article","@id":"https:\/\/www.ringier.com\/de\/1-august-wanderung-mit-bundesraetin-elisabeth-baume-schneider\/#article","isPartOf":{"@id":"https:\/\/www.ringier.com\/de\/1-august-wanderung-mit-bundesraetin-elisabeth-baume-schneider\/"},"author":{"name":"Ringier Corporate Communications","@id":"https:\/\/www.ringier.com\/de\/#\/schema\/person\/4cf76a308dc4b2bb5121bd1e7b752e52"},"headline":"1.-August-Wanderung mit Bundesr\u00e4tin Elisabeth Baume-Schneider","datePublished":"2024-07-31T06:15:00+00:00","dateModified":"2024-11-12T14:23:09+00:00","mainEntityOfPage":{"@id":"https:\/\/www.ringier.com\/de\/1-august-wanderung-mit-bundesraetin-elisabeth-baume-schneider\/"},"wordCount":532,"publisher":{"@id":"https:\/\/www.ringier.com\/de\/#organization"},"image":{"@id":"https:\/\/www.ringier.com\/de\/1-august-wanderung-mit-bundesraetin-elisabeth-baume-schneider\/#primaryimage"},"thumbnailUrl":"https:\/\/www.ringier.com\/wp-content\/uploads\/2024\/07\/1-August-Wanderung-c-Corinne-Glanzmann-scaled.jpg","articleSection":["Media","Ringier Medien Schweiz"],"inLanguage":"de-DE"},{"@type":"WebPage","@id":"https:\/\/www.ringier.com\/de\/1-august-wanderung-mit-bundesraetin-elisabeth-baume-schneider\/","url":"https:\/\/www.ringier.com\/de\/1-august-wanderung-mit-bundesraetin-elisabeth-baume-schneider\/","name":"1.-August-Wanderung mit Bundesr\u00e4tin Elisabeth Baume-Schneider - Ringier","isPartOf":{"@id":"https:\/\/www.ringier.com\/de\/#website"},"primaryImageOfPage":{"@id":"https:\/\/www.ringier.com\/de\/1-august-wanderung-mit-bundesraetin-elisabeth-baume-schneider\/#primaryimage"},"image":{"@id":"https:\/\/www.ringier.com\/de\/1-august-wanderung-mit-bundesraetin-elisabeth-baume-schneider\/#primaryimage"},"thumbnailUrl":"https:\/\/www.ringier.com\/wp-content\/uploads\/2024\/07\/1-August-Wanderung-c-Corinne-Glanzmann-scaled.jpg","datePublished":"2024-07-31T06:15:00+00:00","dateModified":"2024-11-12T14:23:09+00:00","breadcrumb":{"@id":"https:\/\/www.ringier.com\/de\/1-august-wanderung-mit-bundesraetin-elisabeth-baume-schneider\/#breadcrumb"},"inLanguage":"de-DE","potentialAction":[{"@type":"ReadAction","target":["https:\/\/www.ringier.com\/de\/1-august-wanderung-mit-bundesraetin-elisabeth-baume-schneider\/"]}]},{"@type":"ImageObject","inLanguage":"de-DE","@id":"https:\/\/www.ringier.com\/de\/1-august-wanderung-mit-bundesraetin-elisabeth-baume-schneider\/#primaryimage","url":"https:\/\/www.ringier.com\/wp-content\/uploads\/2024\/07\/1-August-Wanderung-c-Corinne-Glanzmann-scaled.jpg","contentUrl":"https:\/\/www.ringier.com\/wp-content\/uploads\/2024\/07\/1-August-Wanderung-c-Corinne-Glanzmann-scaled.jpg","width":2560,"height":1707},{"@type":"BreadcrumbList","@id":"https:\/\/www.ringier.com\/de\/1-august-wanderung-mit-bundesraetin-elisabeth-baume-schneider\/#breadcrumb","itemListElement":[{"@type":"ListItem","position":1,"name":"Home","item":"https:\/\/www.ringier.com\/de\/"},{"@type":"ListItem","position":2,"name":"1.-August-Wanderung mit Bundesr\u00e4tin Elisabeth Baume-Schneider"}]},{"@type":"WebSite","@id":"https:\/\/www.ringier.com\/de\/#website","url":"https:\/\/www.ringier.com\/de\/","name":"Ringier","description":"We inform. We entertain. We connect","publisher":{"@id":"https:\/\/www.ringier.com\/de\/#organization"},"potentialAction":[{"@type":"SearchAction","target":{"@type":"EntryPoint","urlTemplate":"https:\/\/www.ringier.com\/de\/?s={search_term_string}"},"query-input":{"@type":"PropertyValueSpecification","valueRequired":true,"valueName":"search_term_string"}}],"inLanguage":"de-DE"},{"@type":"Organization","@id":"https:\/\/www.ringier.com\/de\/#organization","name":"Ringier","url":"https:\/\/www.ringier.com\/de\/","logo":{"@type":"ImageObject","inLanguage":"de-DE","@id":"https:\/\/www.ringier.com\/de\/#\/schema\/logo\/image\/","url":"https:\/\/www.ringier.com\/wp-content\/uploads\/2021\/10\/ringier_logo_2.jpg","contentUrl":"https:\/\/www.ringier.com\/wp-content\/uploads\/2021\/10\/ringier_logo_2.jpg","width":750,"height":550,"caption":"Ringier"},"image":{"@id":"https:\/\/www.ringier.com\/de\/#\/schema\/logo\/image\/"},"sameAs":["https:\/\/www.facebook.com\/ringierag\/","https:\/\/x.com\/ringier_ag","https:\/\/www.instagram.com\/ringier_ag\/","https:\/\/www.linkedin.com\/company\/ringier\/","https:\/\/www.youtube.com\/user\/RingierComm","https:\/\/en.wikipedia.org\/wiki\/Ringier","https:\/\/de.wikipedia.org\/wiki\/Ringier","https:\/\/fr.wikipedia.org\/wiki\/Ringier","https:\/\/www.crunchbase.com\/organization\/ringier-ag"]},{"@type":"Person","@id":"https:\/\/www.ringier.com\/de\/#\/schema\/person\/4cf76a308dc4b2bb5121bd1e7b752e52","name":"Ringier Corporate Communications","image":{"@type":"ImageObject","inLanguage":"de-DE","@id":"https:\/\/www.ringier.com\/de\/#\/schema\/person\/image\/","url":"https:\/\/secure.gravatar.com\/avatar\/9391e20481368d5df4fe3e1e476c13b27786347489822ec1ed07e532bb41f587?s=96&d=mm&r=g","contentUrl":"https:\/\/secure.gravatar.com\/avatar\/9391e20481368d5df4fe3e1e476c13b27786347489822ec1ed07e532bb41f587?s=96&d=mm&r=g","caption":"Ringier Corporate Communications"},"sameAs":["https:\/\/www.ringier.com"]}]}},"_links":{"self":[{"href":"https:\/\/www.ringier.com\/de\/wp-json\/wp\/v2\/posts\/19672","targetHints":{"allow":["GET"]}}],"collection":[{"href":"https:\/\/www.ringier.com\/de\/wp-json\/wp\/v2\/posts"}],"about":[{"href":"https:\/\/www.ringier.com\/de\/wp-json\/wp\/v2\/types\/post"}],"author":[{"embeddable":true,"href":"https:\/\/www.ringier.com\/de\/wp-json\/wp\/v2\/users\/23"}],"replies":[{"embeddable":true,"href":"https:\/\/www.ringier.com\/de\/wp-json\/wp\/v2\/comments?post=19672"}],"version-history":[{"count":0,"href":"https:\/\/www.ringier.com\/de\/wp-json\/wp\/v2\/posts\/19672\/revisions"}],"wp:featuredmedia":[{"embeddable":true,"href":"https:\/\/www.ringier.com\/de\/wp-json\/wp\/v2\/media\/19673"}],"wp:attachment":[{"href":"https:\/\/www.ringier.com\/de\/wp-json\/wp\/v2\/media?parent=19672"}],"wp:term":[{"taxonomy":"category","embeddable":true,"href":"https:\/\/www.ringier.com\/de\/wp-json\/wp\/v2\/categories?post=19672"},{"taxonomy":"post_tag","embeddable":true,"href":"https:\/\/www.ringier.com\/de\/wp-json\/wp\/v2\/tags?post=19672"}],"curies":[{"name":"wp","href":"https:\/\/api.w.org\/{rel}","templated":true}]}}