{"id":1911,"date":"2016-03-31T15:13:00","date_gmt":"2016-03-31T13:13:00","guid":{"rendered":"https:\/\/www.ringier.com\/?p=1911"},"modified":"2024-11-22T14:24:58","modified_gmt":"2024-11-22T13:24:58","slug":"joerg-tobuschat-uebergibt-an-markus-will","status":"publish","type":"post","link":"https:\/\/www.ringier.com\/de\/joerg-tobuschat-uebergibt-an-markus-will\/","title":{"rendered":"J\u00f6rg Tobuschat \u00fcbergibt an Markus Will"},"content":{"rendered":"\n<p>J\u00f6rg Tobuschat (51) war seit 1992 in mehreren Funktionen f\u00fcr Axel Springer in Deutschland und in der Schweiz t\u00e4tig. Im September 2007 wechselte er als Verlagsgesch\u00e4ftsf\u00fchrer des Bereichs Programmzeitschriften von Deutschland in die Schweiz. Seit Mai 2015 leitete er den Nutzermarkt sowie die Programm-Medien und war Mitglied der Gesch\u00e4ftsleitung der Ringier Axel Springer Schweiz AG. Er verl\u00e4sst das Unternehmen im gegenseitigen Einvernehmen per Ende M\u00e4rz 2016.<\/p>\n\n\n\n<div class=\"wp-block-image\"><figure class=\"alignleft is-resized\"><img loading=\"lazy\" decoding=\"async\" src=\"https:\/\/www.ringier.com\/sites\/default\/files\/styles\/quote\/public\/images\/ralph_buechi_links.png?itok=4v9P4EmF\" alt=\"\" width=\"170\" height=\"170\"\/><\/figure><\/div>\n\n\n\n<p>\u00abJ\u00f6rg Tobuschat hat mit seiner grossen Fachkompetenz ganz wesentlich zur starken Positionierung unserer Produkte im Markt und zu deren wirtschaftlichen Erfolg beigetragen, insbesondere in seiner Funktion als Leiter des Bereichs Programmzeitschriften bei Axel Springer Schweiz. Ich danke ihm f\u00fcr sein langj\u00e4hriges, grosses Engagement und w\u00fcnsche ihm f\u00fcr seine Zukunft nur das Beste.\u00bb Ralph B\u00fcchi, Delegierter des Verwaltungsrates der Ringier Axel Springer Schweiz AG<\/p>\n\n\n\n<p><\/p>\n\n\n\n<p><\/p>\n\n\n\n<p>Die Nachfolge als Leiter Nutzermarkt tritt per 1. April Markus Will (49) an. Er leitet seit Juli 2014 das Beratungszentrum des&nbsp;<em>Beobachter<\/em>&nbsp;bei der Ringier Axel Springer Schweiz AG und verantwortet dabei unter anderem auch die Entwicklung des digitalen Beratungsangebotes des&nbsp;<em>Beobachter.&nbsp;<\/em>Zuvor war Will w\u00e4hrend \u00fcber 10 Jahren als Leiter des Nutzer-\/Lesermarktes in grossen Schweizer Medienunternehmen (NZZ, Tamedia, Ringier) t\u00e4tig. Markus Will berichtet in Zukunft direkt an Ralph B\u00fcchi<\/p>\n\n\n\n<p>\u00abIch freue mich, mit Markus Will einen ausgewiesenen Nutzermarktspezialisten in dieser Funktion willkommen zu heissen, der sich in den vergangenen Jahren fundierte Kenntnisse zu digitalen Angeboten und zur digitalen Datennutzung erworben hat.\u00bb<\/p>\n\n\n\n<p>Ralph B\u00fcchi, Delegierter des Verwaltungsrates der Ringier Axel Springer Schweiz AG<\/p>\n","protected":false},"excerpt":{"rendered":"<p>J\u00f6rg Tobuschat, Mitglied der Gesch\u00e4ftsleitung der Ringier Axel Springer Schweiz AG und verantwortlich f\u00fcr die Programm-Medien und den Nutzermarkt, verl\u00e4sst das Unternehmen im gegenseitigen Einvernehmen per Ende M\u00e4rz 2016 und \u00fcbergibt seine Aufgabe an Markus Will.<\/p>\n","protected":false},"author":23,"featured_media":1912,"comment_status":"closed","ping_status":"open","sticky":false,"template":"","format":"standard","meta":{"inline_featured_image":false,"footnotes":""},"categories":[371,361],"tags":[],"class_list":["post-1911","post","type-post","status-publish","format-standard","has-post-thumbnail","hentry","category-media-de","category-ringier-medien-schweiz"],"yoast_head":"<!-- This site is optimized with the Yoast SEO Premium plugin v27.0 (Yoast SEO v27.0) - https:\/\/yoast.com\/product\/yoast-seo-premium-wordpress\/ -->\n<title>J\u00f6rg Tobuschat \u00fcbergibt an Markus Will - Ringier<\/title>\n<meta name=\"robots\" content=\"index, follow, max-snippet:-1, max-image-preview:large, max-video-preview:-1\" \/>\n<link rel=\"canonical\" href=\"https:\/\/www.ringier.com\/de\/joerg-tobuschat-uebergibt-an-markus-will\/\" \/>\n<meta property=\"og:locale\" content=\"de_DE\" \/>\n<meta property=\"og:type\" content=\"article\" \/>\n<meta property=\"og:title\" content=\"J\u00f6rg Tobuschat \u00fcbergibt an Markus Will\" \/>\n<meta property=\"og:description\" content=\"J\u00f6rg Tobuschat, Mitglied der Gesch\u00e4ftsleitung der Ringier Axel Springer Schweiz AG und verantwortlich f\u00fcr die Programm-Medien und den Nutzermarkt, verl\u00e4sst das Unternehmen im gegenseitigen Einvernehmen per Ende M\u00e4rz 2016 und \u00fcbergibt seine Aufgabe an Markus Will.\" \/>\n<meta property=\"og:url\" content=\"https:\/\/www.ringier.com\/de\/joerg-tobuschat-uebergibt-an-markus-will\/\" \/>\n<meta property=\"og:site_name\" content=\"Ringier\" \/>\n<meta property=\"article:publisher\" content=\"https:\/\/www.facebook.com\/ringierag\/\" \/>\n<meta property=\"article:published_time\" content=\"2016-03-31T13:13:00+00:00\" \/>\n<meta property=\"article:modified_time\" content=\"2024-11-22T13:24:58+00:00\" \/>\n<meta property=\"og:image\" content=\"https:\/\/www.ringier.com\/wp-content\/uploads\/2021\/08\/jorg_tobuschat_web.png\" \/>\n\t<meta property=\"og:image:width\" content=\"1005\" \/>\n\t<meta property=\"og:image:height\" content=\"670\" \/>\n\t<meta property=\"og:image:type\" content=\"image\/png\" \/>\n<meta name=\"author\" content=\"Ringier Corporate Communications\" \/>\n<meta name=\"twitter:card\" content=\"summary_large_image\" \/>\n<meta name=\"twitter:creator\" content=\"@ringier_ag\" \/>\n<meta name=\"twitter:site\" content=\"@ringier_ag\" \/>\n<meta name=\"twitter:label1\" content=\"Verfasst von\" \/>\n\t<meta name=\"twitter:data1\" content=\"Ringier Corporate Communications\" \/>\n\t<meta name=\"twitter:label2\" content=\"Gesch\u00e4tzte Lesezeit\" \/>\n\t<meta name=\"twitter:data2\" content=\"2 Minuten\" \/>\n<script type=\"application\/ld+json\" class=\"yoast-schema-graph\">{\"@context\":\"https:\/\/schema.org\",\"@graph\":[{\"@type\":\"Article\",\"@id\":\"https:\/\/www.ringier.com\/de\/joerg-tobuschat-uebergibt-an-markus-will\/#article\",\"isPartOf\":{\"@id\":\"https:\/\/www.ringier.com\/de\/joerg-tobuschat-uebergibt-an-markus-will\/\"},\"author\":{\"name\":\"Ringier Corporate Communications\",\"@id\":\"https:\/\/www.ringier.com\/de\/#\/schema\/person\/4cf76a308dc4b2bb5121bd1e7b752e52\"},\"headline\":\"J\u00f6rg Tobuschat \u00fcbergibt an Markus Will\",\"datePublished\":\"2016-03-31T13:13:00+00:00\",\"dateModified\":\"2024-11-22T13:24:58+00:00\",\"mainEntityOfPage\":{\"@id\":\"https:\/\/www.ringier.com\/de\/joerg-tobuschat-uebergibt-an-markus-will\/\"},\"wordCount\":263,\"publisher\":{\"@id\":\"https:\/\/www.ringier.com\/de\/#organization\"},\"image\":{\"@id\":\"https:\/\/www.ringier.com\/de\/joerg-tobuschat-uebergibt-an-markus-will\/#primaryimage\"},\"thumbnailUrl\":\"https:\/\/www.ringier.com\/wp-content\/uploads\/2021\/08\/jorg_tobuschat_web.png\",\"articleSection\":[\"Media\",\"Ringier Medien Schweiz\"],\"inLanguage\":\"de-DE\"},{\"@type\":\"WebPage\",\"@id\":\"https:\/\/www.ringier.com\/de\/joerg-tobuschat-uebergibt-an-markus-will\/\",\"url\":\"https:\/\/www.ringier.com\/de\/joerg-tobuschat-uebergibt-an-markus-will\/\",\"name\":\"J\u00f6rg Tobuschat \u00fcbergibt an Markus Will - Ringier\",\"isPartOf\":{\"@id\":\"https:\/\/www.ringier.com\/de\/#website\"},\"primaryImageOfPage\":{\"@id\":\"https:\/\/www.ringier.com\/de\/joerg-tobuschat-uebergibt-an-markus-will\/#primaryimage\"},\"image\":{\"@id\":\"https:\/\/www.ringier.com\/de\/joerg-tobuschat-uebergibt-an-markus-will\/#primaryimage\"},\"thumbnailUrl\":\"https:\/\/www.ringier.com\/wp-content\/uploads\/2021\/08\/jorg_tobuschat_web.png\",\"datePublished\":\"2016-03-31T13:13:00+00:00\",\"dateModified\":\"2024-11-22T13:24:58+00:00\",\"breadcrumb\":{\"@id\":\"https:\/\/www.ringier.com\/de\/joerg-tobuschat-uebergibt-an-markus-will\/#breadcrumb\"},\"inLanguage\":\"de-DE\",\"potentialAction\":[{\"@type\":\"ReadAction\",\"target\":[\"https:\/\/www.ringier.com\/de\/joerg-tobuschat-uebergibt-an-markus-will\/\"]}]},{\"@type\":\"ImageObject\",\"inLanguage\":\"de-DE\",\"@id\":\"https:\/\/www.ringier.com\/de\/joerg-tobuschat-uebergibt-an-markus-will\/#primaryimage\",\"url\":\"https:\/\/www.ringier.com\/wp-content\/uploads\/2021\/08\/jorg_tobuschat_web.png\",\"contentUrl\":\"https:\/\/www.ringier.com\/wp-content\/uploads\/2021\/08\/jorg_tobuschat_web.png\",\"width\":1005,\"height\":670},{\"@type\":\"BreadcrumbList\",\"@id\":\"https:\/\/www.ringier.com\/de\/joerg-tobuschat-uebergibt-an-markus-will\/#breadcrumb\",\"itemListElement\":[{\"@type\":\"ListItem\",\"position\":1,\"name\":\"Home\",\"item\":\"https:\/\/www.ringier.com\/de\/\"},{\"@type\":\"ListItem\",\"position\":2,\"name\":\"J\u00f6rg Tobuschat \u00fcbergibt an Markus Will\"}]},{\"@type\":\"WebSite\",\"@id\":\"https:\/\/www.ringier.com\/de\/#website\",\"url\":\"https:\/\/www.ringier.com\/de\/\",\"name\":\"Ringier\",\"description\":\"We inform. We entertain. We connect\",\"publisher\":{\"@id\":\"https:\/\/www.ringier.com\/de\/#organization\"},\"potentialAction\":[{\"@type\":\"SearchAction\",\"target\":{\"@type\":\"EntryPoint\",\"urlTemplate\":\"https:\/\/www.ringier.com\/de\/?s={search_term_string}\"},\"query-input\":{\"@type\":\"PropertyValueSpecification\",\"valueRequired\":true,\"valueName\":\"search_term_string\"}}],\"inLanguage\":\"de-DE\"},{\"@type\":\"Organization\",\"@id\":\"https:\/\/www.ringier.com\/de\/#organization\",\"name\":\"Ringier\",\"url\":\"https:\/\/www.ringier.com\/de\/\",\"logo\":{\"@type\":\"ImageObject\",\"inLanguage\":\"de-DE\",\"@id\":\"https:\/\/www.ringier.com\/de\/#\/schema\/logo\/image\/\",\"url\":\"https:\/\/www.ringier.com\/wp-content\/uploads\/2021\/10\/ringier_logo_2.jpg\",\"contentUrl\":\"https:\/\/www.ringier.com\/wp-content\/uploads\/2021\/10\/ringier_logo_2.jpg\",\"width\":750,\"height\":550,\"caption\":\"Ringier\"},\"image\":{\"@id\":\"https:\/\/www.ringier.com\/de\/#\/schema\/logo\/image\/\"},\"sameAs\":[\"https:\/\/www.facebook.com\/ringierag\/\",\"https:\/\/x.com\/ringier_ag\",\"https:\/\/www.instagram.com\/ringier_ag\/\",\"https:\/\/www.linkedin.com\/company\/ringier\/\",\"https:\/\/www.youtube.com\/user\/RingierComm\",\"https:\/\/en.wikipedia.org\/wiki\/Ringier\",\"https:\/\/de.wikipedia.org\/wiki\/Ringier\",\"https:\/\/fr.wikipedia.org\/wiki\/Ringier\",\"https:\/\/www.crunchbase.com\/organization\/ringier-ag\"]},{\"@type\":\"Person\",\"@id\":\"https:\/\/www.ringier.com\/de\/#\/schema\/person\/4cf76a308dc4b2bb5121bd1e7b752e52\",\"name\":\"Ringier Corporate Communications\",\"image\":{\"@type\":\"ImageObject\",\"inLanguage\":\"de-DE\",\"@id\":\"https:\/\/www.ringier.com\/de\/#\/schema\/person\/image\/\",\"url\":\"https:\/\/secure.gravatar.com\/avatar\/9391e20481368d5df4fe3e1e476c13b27786347489822ec1ed07e532bb41f587?s=96&d=mm&r=g\",\"contentUrl\":\"https:\/\/secure.gravatar.com\/avatar\/9391e20481368d5df4fe3e1e476c13b27786347489822ec1ed07e532bb41f587?s=96&d=mm&r=g\",\"caption\":\"Ringier Corporate Communications\"},\"sameAs\":[\"https:\/\/www.ringier.com\"]}]}<\/script>\n<!-- \/ Yoast SEO Premium plugin. -->","yoast_head_json":{"title":"J\u00f6rg Tobuschat \u00fcbergibt an Markus Will - Ringier","robots":{"index":"index","follow":"follow","max-snippet":"max-snippet:-1","max-image-preview":"max-image-preview:large","max-video-preview":"max-video-preview:-1"},"canonical":"https:\/\/www.ringier.com\/de\/joerg-tobuschat-uebergibt-an-markus-will\/","og_locale":"de_DE","og_type":"article","og_title":"J\u00f6rg Tobuschat \u00fcbergibt an Markus Will","og_description":"J\u00f6rg Tobuschat, Mitglied der Gesch\u00e4ftsleitung der Ringier Axel Springer Schweiz AG und verantwortlich f\u00fcr die Programm-Medien und den Nutzermarkt, verl\u00e4sst das Unternehmen im gegenseitigen Einvernehmen per Ende M\u00e4rz 2016 und \u00fcbergibt seine Aufgabe an Markus Will.","og_url":"https:\/\/www.ringier.com\/de\/joerg-tobuschat-uebergibt-an-markus-will\/","og_site_name":"Ringier","article_publisher":"https:\/\/www.facebook.com\/ringierag\/","article_published_time":"2016-03-31T13:13:00+00:00","article_modified_time":"2024-11-22T13:24:58+00:00","og_image":[{"width":1005,"height":670,"url":"https:\/\/www.ringier.com\/wp-content\/uploads\/2021\/08\/jorg_tobuschat_web.png","type":"image\/png"}],"author":"Ringier Corporate Communications","twitter_card":"summary_large_image","twitter_creator":"@ringier_ag","twitter_site":"@ringier_ag","twitter_misc":{"Verfasst von":"Ringier Corporate Communications","Gesch\u00e4tzte Lesezeit":"2 Minuten"},"schema":{"@context":"https:\/\/schema.org","@graph":[{"@type":"Article","@id":"https:\/\/www.ringier.com\/de\/joerg-tobuschat-uebergibt-an-markus-will\/#article","isPartOf":{"@id":"https:\/\/www.ringier.com\/de\/joerg-tobuschat-uebergibt-an-markus-will\/"},"author":{"name":"Ringier Corporate Communications","@id":"https:\/\/www.ringier.com\/de\/#\/schema\/person\/4cf76a308dc4b2bb5121bd1e7b752e52"},"headline":"J\u00f6rg Tobuschat \u00fcbergibt an Markus Will","datePublished":"2016-03-31T13:13:00+00:00","dateModified":"2024-11-22T13:24:58+00:00","mainEntityOfPage":{"@id":"https:\/\/www.ringier.com\/de\/joerg-tobuschat-uebergibt-an-markus-will\/"},"wordCount":263,"publisher":{"@id":"https:\/\/www.ringier.com\/de\/#organization"},"image":{"@id":"https:\/\/www.ringier.com\/de\/joerg-tobuschat-uebergibt-an-markus-will\/#primaryimage"},"thumbnailUrl":"https:\/\/www.ringier.com\/wp-content\/uploads\/2021\/08\/jorg_tobuschat_web.png","articleSection":["Media","Ringier Medien Schweiz"],"inLanguage":"de-DE"},{"@type":"WebPage","@id":"https:\/\/www.ringier.com\/de\/joerg-tobuschat-uebergibt-an-markus-will\/","url":"https:\/\/www.ringier.com\/de\/joerg-tobuschat-uebergibt-an-markus-will\/","name":"J\u00f6rg Tobuschat \u00fcbergibt an Markus Will - Ringier","isPartOf":{"@id":"https:\/\/www.ringier.com\/de\/#website"},"primaryImageOfPage":{"@id":"https:\/\/www.ringier.com\/de\/joerg-tobuschat-uebergibt-an-markus-will\/#primaryimage"},"image":{"@id":"https:\/\/www.ringier.com\/de\/joerg-tobuschat-uebergibt-an-markus-will\/#primaryimage"},"thumbnailUrl":"https:\/\/www.ringier.com\/wp-content\/uploads\/2021\/08\/jorg_tobuschat_web.png","datePublished":"2016-03-31T13:13:00+00:00","dateModified":"2024-11-22T13:24:58+00:00","breadcrumb":{"@id":"https:\/\/www.ringier.com\/de\/joerg-tobuschat-uebergibt-an-markus-will\/#breadcrumb"},"inLanguage":"de-DE","potentialAction":[{"@type":"ReadAction","target":["https:\/\/www.ringier.com\/de\/joerg-tobuschat-uebergibt-an-markus-will\/"]}]},{"@type":"ImageObject","inLanguage":"de-DE","@id":"https:\/\/www.ringier.com\/de\/joerg-tobuschat-uebergibt-an-markus-will\/#primaryimage","url":"https:\/\/www.ringier.com\/wp-content\/uploads\/2021\/08\/jorg_tobuschat_web.png","contentUrl":"https:\/\/www.ringier.com\/wp-content\/uploads\/2021\/08\/jorg_tobuschat_web.png","width":1005,"height":670},{"@type":"BreadcrumbList","@id":"https:\/\/www.ringier.com\/de\/joerg-tobuschat-uebergibt-an-markus-will\/#breadcrumb","itemListElement":[{"@type":"ListItem","position":1,"name":"Home","item":"https:\/\/www.ringier.com\/de\/"},{"@type":"ListItem","position":2,"name":"J\u00f6rg Tobuschat \u00fcbergibt an Markus Will"}]},{"@type":"WebSite","@id":"https:\/\/www.ringier.com\/de\/#website","url":"https:\/\/www.ringier.com\/de\/","name":"Ringier","description":"We inform. We entertain. We connect","publisher":{"@id":"https:\/\/www.ringier.com\/de\/#organization"},"potentialAction":[{"@type":"SearchAction","target":{"@type":"EntryPoint","urlTemplate":"https:\/\/www.ringier.com\/de\/?s={search_term_string}"},"query-input":{"@type":"PropertyValueSpecification","valueRequired":true,"valueName":"search_term_string"}}],"inLanguage":"de-DE"},{"@type":"Organization","@id":"https:\/\/www.ringier.com\/de\/#organization","name":"Ringier","url":"https:\/\/www.ringier.com\/de\/","logo":{"@type":"ImageObject","inLanguage":"de-DE","@id":"https:\/\/www.ringier.com\/de\/#\/schema\/logo\/image\/","url":"https:\/\/www.ringier.com\/wp-content\/uploads\/2021\/10\/ringier_logo_2.jpg","contentUrl":"https:\/\/www.ringier.com\/wp-content\/uploads\/2021\/10\/ringier_logo_2.jpg","width":750,"height":550,"caption":"Ringier"},"image":{"@id":"https:\/\/www.ringier.com\/de\/#\/schema\/logo\/image\/"},"sameAs":["https:\/\/www.facebook.com\/ringierag\/","https:\/\/x.com\/ringier_ag","https:\/\/www.instagram.com\/ringier_ag\/","https:\/\/www.linkedin.com\/company\/ringier\/","https:\/\/www.youtube.com\/user\/RingierComm","https:\/\/en.wikipedia.org\/wiki\/Ringier","https:\/\/de.wikipedia.org\/wiki\/Ringier","https:\/\/fr.wikipedia.org\/wiki\/Ringier","https:\/\/www.crunchbase.com\/organization\/ringier-ag"]},{"@type":"Person","@id":"https:\/\/www.ringier.com\/de\/#\/schema\/person\/4cf76a308dc4b2bb5121bd1e7b752e52","name":"Ringier Corporate Communications","image":{"@type":"ImageObject","inLanguage":"de-DE","@id":"https:\/\/www.ringier.com\/de\/#\/schema\/person\/image\/","url":"https:\/\/secure.gravatar.com\/avatar\/9391e20481368d5df4fe3e1e476c13b27786347489822ec1ed07e532bb41f587?s=96&d=mm&r=g","contentUrl":"https:\/\/secure.gravatar.com\/avatar\/9391e20481368d5df4fe3e1e476c13b27786347489822ec1ed07e532bb41f587?s=96&d=mm&r=g","caption":"Ringier Corporate Communications"},"sameAs":["https:\/\/www.ringier.com"]}]}},"_links":{"self":[{"href":"https:\/\/www.ringier.com\/de\/wp-json\/wp\/v2\/posts\/1911","targetHints":{"allow":["GET"]}}],"collection":[{"href":"https:\/\/www.ringier.com\/de\/wp-json\/wp\/v2\/posts"}],"about":[{"href":"https:\/\/www.ringier.com\/de\/wp-json\/wp\/v2\/types\/post"}],"author":[{"embeddable":true,"href":"https:\/\/www.ringier.com\/de\/wp-json\/wp\/v2\/users\/23"}],"replies":[{"embeddable":true,"href":"https:\/\/www.ringier.com\/de\/wp-json\/wp\/v2\/comments?post=1911"}],"version-history":[{"count":0,"href":"https:\/\/www.ringier.com\/de\/wp-json\/wp\/v2\/posts\/1911\/revisions"}],"wp:featuredmedia":[{"embeddable":true,"href":"https:\/\/www.ringier.com\/de\/wp-json\/wp\/v2\/media\/1912"}],"wp:attachment":[{"href":"https:\/\/www.ringier.com\/de\/wp-json\/wp\/v2\/media?parent=1911"}],"wp:term":[{"taxonomy":"category","embeddable":true,"href":"https:\/\/www.ringier.com\/de\/wp-json\/wp\/v2\/categories?post=1911"},{"taxonomy":"post_tag","embeddable":true,"href":"https:\/\/www.ringier.com\/de\/wp-json\/wp\/v2\/tags?post=1911"}],"curies":[{"name":"wp","href":"https:\/\/api.w.org\/{rel}","templated":true}]}}