{"id":1883,"date":"2016-03-15T14:14:00","date_gmt":"2016-03-15T13:14:00","guid":{"rendered":"https:\/\/www.ringier.com\/?p=1883"},"modified":"2024-11-22T14:25:52","modified_gmt":"2024-11-22T13:25:52","slug":"movu-expandiert-in-die-romandie-das-umzugs-startup-movu-weitet-seinen-service-auf-die-westschweiz-aus","status":"publish","type":"post","link":"https:\/\/www.ringier.com\/de\/movu-expandiert-in-die-romandie-das-umzugs-startup-movu-weitet-seinen-service-auf-die-westschweiz-aus\/","title":{"rendered":"MOVU expandiert in die Romandie \u2013 Das Umzugs-Startup MOVU weitet seinen Service auf die Westschweiz aus"},"content":{"rendered":"\n<p><strong>Expansion in die Westschweiz<\/strong><\/p>\n\n\n\n<p>Nach einem wachstumsstarken Jahr 2015 vergr\u00f6ssert MOVU sein Gesch\u00e4ftsgebiet auf die franz\u00f6sischsprachige Schweiz. Dem vorausgegangen ist eine aufw\u00e4ndige Suche nach regionalen Partnerunterfirmen sowie zahlreiche Schulungen, um den hohen Qualit\u00e4tsanspr\u00fcchen des Unternehmens gerecht zu werden. Das Ergebnis: Ab sofort erhalten auch Kunden aus der Westschweiz bei MOVU.ch Umzugs- und Reinigungsofferten und k\u00f6nnen sie dort direkt buchen. \u00abWir haben den Anspruch, unseren Service zuk\u00fcnftig allen Schweizern anzubieten.\u00bb so Laurent Decrue, Mitgr\u00fcnder und CEO von MOVU. \u00abMit dem Markteintritt in die Westschweiz haben wir einen wichtigen Meilenstein erreicht.\u00bb<\/p>\n\n\n\n<p><strong>\u00dcber MOVU<\/strong><\/p>\n\n\n\n<p>MOVU ist die erfolgreichste Plattform f\u00fcr Umz\u00fcge und Umzugsreinigungen in der Schweiz. Seit 2014 k\u00f6nnen Kunden auf MOVU.ch eine Anfrage erstellen und erhalten im Anschluss f\u00fcnf Offerten mit Fixpreisen von ausgew\u00e4hlten Partnerunternehmen. Die Buchung des Services erfolgt direkt \u00fcber die Plattform. Dar\u00fcber hinaus profitieren die Umziehenden von einem pers\u00f6nlichen Kundenberater, der ihnen w\u00e4hrend des gesamten Umzugs kostenlos zur Seite steht.<\/p>\n\n\n\n<p><strong>Pressekontakt:<\/strong><\/p>\n\n\n\n<p>MOVU AG<\/p>\n\n\n\n<p>Hannes Sturzenegger<\/p>\n\n\n\n<p>Universit\u00e4tsstrasse 63<\/p>\n\n\n\n<p>8006 Z\u00fcrich<\/p>\n\n\n\n<p>Tel. +41 44 303 20 20<\/p>\n\n\n\n<p>hannes@movu.ch<\/p>\n\n\n\n<p><a href=\"http:\/\/www.movu.ch\/\" target=\"_blank\" rel=\"noreferrer noopener\">www.movu.ch<\/a><\/p>\n","protected":false},"excerpt":{"rendered":"<p>MOVU hat es sich zur Aufgabe gemacht, die Organisation von Umz\u00fcgen in das digitale Zeitalter zu \u00fcberf\u00fchren. Die onlinebasierte Serviceplattform unterst\u00fctzt seine Kunden von der Planung bis zum Umzug und ist die f\u00fchrende Anlaufstelle bei der Suche nach einer regionalen Umzugs- oder Reinigungsfirma.<\/p>\n","protected":false},"author":23,"featured_media":1884,"comment_status":"closed","ping_status":"open","sticky":false,"template":"","format":"standard","meta":{"inline_featured_image":false,"footnotes":""},"categories":[376],"tags":[],"class_list":["post-1883","post","type-post","status-publish","format-standard","has-post-thumbnail","hentry","category-marketplaces-de"],"yoast_head":"<!-- This site is optimized with the Yoast SEO Premium plugin v27.0 (Yoast SEO v27.0) - https:\/\/yoast.com\/product\/yoast-seo-premium-wordpress\/ -->\n<title>MOVU expandiert in die Romandie \u2013 Das Umzugs-Startup MOVU weitet seinen Service auf die Westschweiz aus - Ringier<\/title>\n<meta name=\"robots\" content=\"index, follow, max-snippet:-1, max-image-preview:large, max-video-preview:-1\" \/>\n<link rel=\"canonical\" href=\"https:\/\/www.ringier.com\/de\/movu-expandiert-in-die-romandie-das-umzugs-startup-movu-weitet-seinen-service-auf-die-westschweiz-aus\/\" \/>\n<meta property=\"og:locale\" content=\"de_DE\" \/>\n<meta property=\"og:type\" content=\"article\" \/>\n<meta property=\"og:title\" content=\"MOVU expandiert in die Romandie \u2013 Das Umzugs-Startup MOVU weitet seinen Service auf die Westschweiz aus\" \/>\n<meta property=\"og:description\" content=\"MOVU hat es sich zur Aufgabe gemacht, die Organisation von Umz\u00fcgen in das digitale Zeitalter zu \u00fcberf\u00fchren. Die onlinebasierte Serviceplattform unterst\u00fctzt seine Kunden von der Planung bis zum Umzug und ist die f\u00fchrende Anlaufstelle bei der Suche nach einer regionalen Umzugs- oder Reinigungsfirma.\" \/>\n<meta property=\"og:url\" content=\"https:\/\/www.ringier.com\/de\/movu-expandiert-in-die-romandie-das-umzugs-startup-movu-weitet-seinen-service-auf-die-westschweiz-aus\/\" \/>\n<meta property=\"og:site_name\" content=\"Ringier\" \/>\n<meta property=\"article:publisher\" content=\"https:\/\/www.facebook.com\/ringierag\/\" \/>\n<meta property=\"article:published_time\" content=\"2016-03-15T13:14:00+00:00\" \/>\n<meta property=\"article:modified_time\" content=\"2024-11-22T13:25:52+00:00\" \/>\n<meta property=\"og:image\" content=\"https:\/\/www.ringier.com\/wp-content\/uploads\/2021\/08\/laurent_decrue_web.jpg\" \/>\n\t<meta property=\"og:image:width\" content=\"750\" \/>\n\t<meta property=\"og:image:height\" content=\"500\" \/>\n\t<meta property=\"og:image:type\" content=\"image\/jpeg\" \/>\n<meta name=\"author\" content=\"Ringier Corporate Communications\" \/>\n<meta name=\"twitter:card\" content=\"summary_large_image\" \/>\n<meta name=\"twitter:creator\" content=\"@ringier_ag\" \/>\n<meta name=\"twitter:site\" content=\"@ringier_ag\" \/>\n<meta name=\"twitter:label1\" content=\"Verfasst von\" \/>\n\t<meta name=\"twitter:data1\" content=\"Ringier Corporate Communications\" \/>\n\t<meta name=\"twitter:label2\" content=\"Gesch\u00e4tzte Lesezeit\" \/>\n\t<meta name=\"twitter:data2\" content=\"2 Minuten\" \/>\n<script type=\"application\/ld+json\" class=\"yoast-schema-graph\">{\"@context\":\"https:\/\/schema.org\",\"@graph\":[{\"@type\":\"Article\",\"@id\":\"https:\/\/www.ringier.com\/de\/movu-expandiert-in-die-romandie-das-umzugs-startup-movu-weitet-seinen-service-auf-die-westschweiz-aus\/#article\",\"isPartOf\":{\"@id\":\"https:\/\/www.ringier.com\/de\/movu-expandiert-in-die-romandie-das-umzugs-startup-movu-weitet-seinen-service-auf-die-westschweiz-aus\/\"},\"author\":{\"name\":\"Ringier Corporate Communications\",\"@id\":\"https:\/\/www.ringier.com\/de\/#\/schema\/person\/4cf76a308dc4b2bb5121bd1e7b752e52\"},\"headline\":\"MOVU expandiert in die Romandie \u2013 Das Umzugs-Startup MOVU weitet seinen Service auf die Westschweiz aus\",\"datePublished\":\"2016-03-15T13:14:00+00:00\",\"dateModified\":\"2024-11-22T13:25:52+00:00\",\"mainEntityOfPage\":{\"@id\":\"https:\/\/www.ringier.com\/de\/movu-expandiert-in-die-romandie-das-umzugs-startup-movu-weitet-seinen-service-auf-die-westschweiz-aus\/\"},\"wordCount\":199,\"publisher\":{\"@id\":\"https:\/\/www.ringier.com\/de\/#organization\"},\"image\":{\"@id\":\"https:\/\/www.ringier.com\/de\/movu-expandiert-in-die-romandie-das-umzugs-startup-movu-weitet-seinen-service-auf-die-westschweiz-aus\/#primaryimage\"},\"thumbnailUrl\":\"https:\/\/www.ringier.com\/wp-content\/uploads\/2021\/08\/laurent_decrue_web.jpg\",\"articleSection\":[\"Marketplaces\"],\"inLanguage\":\"de-DE\"},{\"@type\":\"WebPage\",\"@id\":\"https:\/\/www.ringier.com\/de\/movu-expandiert-in-die-romandie-das-umzugs-startup-movu-weitet-seinen-service-auf-die-westschweiz-aus\/\",\"url\":\"https:\/\/www.ringier.com\/de\/movu-expandiert-in-die-romandie-das-umzugs-startup-movu-weitet-seinen-service-auf-die-westschweiz-aus\/\",\"name\":\"MOVU expandiert in die Romandie \u2013 Das Umzugs-Startup MOVU weitet seinen Service auf die Westschweiz aus - Ringier\",\"isPartOf\":{\"@id\":\"https:\/\/www.ringier.com\/de\/#website\"},\"primaryImageOfPage\":{\"@id\":\"https:\/\/www.ringier.com\/de\/movu-expandiert-in-die-romandie-das-umzugs-startup-movu-weitet-seinen-service-auf-die-westschweiz-aus\/#primaryimage\"},\"image\":{\"@id\":\"https:\/\/www.ringier.com\/de\/movu-expandiert-in-die-romandie-das-umzugs-startup-movu-weitet-seinen-service-auf-die-westschweiz-aus\/#primaryimage\"},\"thumbnailUrl\":\"https:\/\/www.ringier.com\/wp-content\/uploads\/2021\/08\/laurent_decrue_web.jpg\",\"datePublished\":\"2016-03-15T13:14:00+00:00\",\"dateModified\":\"2024-11-22T13:25:52+00:00\",\"breadcrumb\":{\"@id\":\"https:\/\/www.ringier.com\/de\/movu-expandiert-in-die-romandie-das-umzugs-startup-movu-weitet-seinen-service-auf-die-westschweiz-aus\/#breadcrumb\"},\"inLanguage\":\"de-DE\",\"potentialAction\":[{\"@type\":\"ReadAction\",\"target\":[\"https:\/\/www.ringier.com\/de\/movu-expandiert-in-die-romandie-das-umzugs-startup-movu-weitet-seinen-service-auf-die-westschweiz-aus\/\"]}]},{\"@type\":\"ImageObject\",\"inLanguage\":\"de-DE\",\"@id\":\"https:\/\/www.ringier.com\/de\/movu-expandiert-in-die-romandie-das-umzugs-startup-movu-weitet-seinen-service-auf-die-westschweiz-aus\/#primaryimage\",\"url\":\"https:\/\/www.ringier.com\/wp-content\/uploads\/2021\/08\/laurent_decrue_web.jpg\",\"contentUrl\":\"https:\/\/www.ringier.com\/wp-content\/uploads\/2021\/08\/laurent_decrue_web.jpg\",\"width\":750,\"height\":500},{\"@type\":\"BreadcrumbList\",\"@id\":\"https:\/\/www.ringier.com\/de\/movu-expandiert-in-die-romandie-das-umzugs-startup-movu-weitet-seinen-service-auf-die-westschweiz-aus\/#breadcrumb\",\"itemListElement\":[{\"@type\":\"ListItem\",\"position\":1,\"name\":\"Home\",\"item\":\"https:\/\/www.ringier.com\/de\/\"},{\"@type\":\"ListItem\",\"position\":2,\"name\":\"MOVU expandiert in die Romandie \u2013 Das Umzugs-Startup MOVU weitet seinen Service auf die Westschweiz aus\"}]},{\"@type\":\"WebSite\",\"@id\":\"https:\/\/www.ringier.com\/de\/#website\",\"url\":\"https:\/\/www.ringier.com\/de\/\",\"name\":\"Ringier\",\"description\":\"We inform. We entertain. We connect\",\"publisher\":{\"@id\":\"https:\/\/www.ringier.com\/de\/#organization\"},\"potentialAction\":[{\"@type\":\"SearchAction\",\"target\":{\"@type\":\"EntryPoint\",\"urlTemplate\":\"https:\/\/www.ringier.com\/de\/?s={search_term_string}\"},\"query-input\":{\"@type\":\"PropertyValueSpecification\",\"valueRequired\":true,\"valueName\":\"search_term_string\"}}],\"inLanguage\":\"de-DE\"},{\"@type\":\"Organization\",\"@id\":\"https:\/\/www.ringier.com\/de\/#organization\",\"name\":\"Ringier\",\"url\":\"https:\/\/www.ringier.com\/de\/\",\"logo\":{\"@type\":\"ImageObject\",\"inLanguage\":\"de-DE\",\"@id\":\"https:\/\/www.ringier.com\/de\/#\/schema\/logo\/image\/\",\"url\":\"https:\/\/www.ringier.com\/wp-content\/uploads\/2021\/10\/ringier_logo_2.jpg\",\"contentUrl\":\"https:\/\/www.ringier.com\/wp-content\/uploads\/2021\/10\/ringier_logo_2.jpg\",\"width\":750,\"height\":550,\"caption\":\"Ringier\"},\"image\":{\"@id\":\"https:\/\/www.ringier.com\/de\/#\/schema\/logo\/image\/\"},\"sameAs\":[\"https:\/\/www.facebook.com\/ringierag\/\",\"https:\/\/x.com\/ringier_ag\",\"https:\/\/www.instagram.com\/ringier_ag\/\",\"https:\/\/www.linkedin.com\/company\/ringier\/\",\"https:\/\/www.youtube.com\/user\/RingierComm\",\"https:\/\/en.wikipedia.org\/wiki\/Ringier\",\"https:\/\/de.wikipedia.org\/wiki\/Ringier\",\"https:\/\/fr.wikipedia.org\/wiki\/Ringier\",\"https:\/\/www.crunchbase.com\/organization\/ringier-ag\"]},{\"@type\":\"Person\",\"@id\":\"https:\/\/www.ringier.com\/de\/#\/schema\/person\/4cf76a308dc4b2bb5121bd1e7b752e52\",\"name\":\"Ringier Corporate Communications\",\"image\":{\"@type\":\"ImageObject\",\"inLanguage\":\"de-DE\",\"@id\":\"https:\/\/www.ringier.com\/de\/#\/schema\/person\/image\/\",\"url\":\"https:\/\/secure.gravatar.com\/avatar\/9391e20481368d5df4fe3e1e476c13b27786347489822ec1ed07e532bb41f587?s=96&d=mm&r=g\",\"contentUrl\":\"https:\/\/secure.gravatar.com\/avatar\/9391e20481368d5df4fe3e1e476c13b27786347489822ec1ed07e532bb41f587?s=96&d=mm&r=g\",\"caption\":\"Ringier Corporate Communications\"},\"sameAs\":[\"https:\/\/www.ringier.com\"]}]}<\/script>\n<!-- \/ Yoast SEO Premium plugin. -->","yoast_head_json":{"title":"MOVU expandiert in die Romandie \u2013 Das Umzugs-Startup MOVU weitet seinen Service auf die Westschweiz aus - Ringier","robots":{"index":"index","follow":"follow","max-snippet":"max-snippet:-1","max-image-preview":"max-image-preview:large","max-video-preview":"max-video-preview:-1"},"canonical":"https:\/\/www.ringier.com\/de\/movu-expandiert-in-die-romandie-das-umzugs-startup-movu-weitet-seinen-service-auf-die-westschweiz-aus\/","og_locale":"de_DE","og_type":"article","og_title":"MOVU expandiert in die Romandie \u2013 Das Umzugs-Startup MOVU weitet seinen Service auf die Westschweiz aus","og_description":"MOVU hat es sich zur Aufgabe gemacht, die Organisation von Umz\u00fcgen in das digitale Zeitalter zu \u00fcberf\u00fchren. Die onlinebasierte Serviceplattform unterst\u00fctzt seine Kunden von der Planung bis zum Umzug und ist die f\u00fchrende Anlaufstelle bei der Suche nach einer regionalen Umzugs- oder Reinigungsfirma.","og_url":"https:\/\/www.ringier.com\/de\/movu-expandiert-in-die-romandie-das-umzugs-startup-movu-weitet-seinen-service-auf-die-westschweiz-aus\/","og_site_name":"Ringier","article_publisher":"https:\/\/www.facebook.com\/ringierag\/","article_published_time":"2016-03-15T13:14:00+00:00","article_modified_time":"2024-11-22T13:25:52+00:00","og_image":[{"width":750,"height":500,"url":"https:\/\/www.ringier.com\/wp-content\/uploads\/2021\/08\/laurent_decrue_web.jpg","type":"image\/jpeg"}],"author":"Ringier Corporate Communications","twitter_card":"summary_large_image","twitter_creator":"@ringier_ag","twitter_site":"@ringier_ag","twitter_misc":{"Verfasst von":"Ringier Corporate Communications","Gesch\u00e4tzte Lesezeit":"2 Minuten"},"schema":{"@context":"https:\/\/schema.org","@graph":[{"@type":"Article","@id":"https:\/\/www.ringier.com\/de\/movu-expandiert-in-die-romandie-das-umzugs-startup-movu-weitet-seinen-service-auf-die-westschweiz-aus\/#article","isPartOf":{"@id":"https:\/\/www.ringier.com\/de\/movu-expandiert-in-die-romandie-das-umzugs-startup-movu-weitet-seinen-service-auf-die-westschweiz-aus\/"},"author":{"name":"Ringier Corporate Communications","@id":"https:\/\/www.ringier.com\/de\/#\/schema\/person\/4cf76a308dc4b2bb5121bd1e7b752e52"},"headline":"MOVU expandiert in die Romandie \u2013 Das Umzugs-Startup MOVU weitet seinen Service auf die Westschweiz aus","datePublished":"2016-03-15T13:14:00+00:00","dateModified":"2024-11-22T13:25:52+00:00","mainEntityOfPage":{"@id":"https:\/\/www.ringier.com\/de\/movu-expandiert-in-die-romandie-das-umzugs-startup-movu-weitet-seinen-service-auf-die-westschweiz-aus\/"},"wordCount":199,"publisher":{"@id":"https:\/\/www.ringier.com\/de\/#organization"},"image":{"@id":"https:\/\/www.ringier.com\/de\/movu-expandiert-in-die-romandie-das-umzugs-startup-movu-weitet-seinen-service-auf-die-westschweiz-aus\/#primaryimage"},"thumbnailUrl":"https:\/\/www.ringier.com\/wp-content\/uploads\/2021\/08\/laurent_decrue_web.jpg","articleSection":["Marketplaces"],"inLanguage":"de-DE"},{"@type":"WebPage","@id":"https:\/\/www.ringier.com\/de\/movu-expandiert-in-die-romandie-das-umzugs-startup-movu-weitet-seinen-service-auf-die-westschweiz-aus\/","url":"https:\/\/www.ringier.com\/de\/movu-expandiert-in-die-romandie-das-umzugs-startup-movu-weitet-seinen-service-auf-die-westschweiz-aus\/","name":"MOVU expandiert in die Romandie \u2013 Das Umzugs-Startup MOVU weitet seinen Service auf die Westschweiz aus - Ringier","isPartOf":{"@id":"https:\/\/www.ringier.com\/de\/#website"},"primaryImageOfPage":{"@id":"https:\/\/www.ringier.com\/de\/movu-expandiert-in-die-romandie-das-umzugs-startup-movu-weitet-seinen-service-auf-die-westschweiz-aus\/#primaryimage"},"image":{"@id":"https:\/\/www.ringier.com\/de\/movu-expandiert-in-die-romandie-das-umzugs-startup-movu-weitet-seinen-service-auf-die-westschweiz-aus\/#primaryimage"},"thumbnailUrl":"https:\/\/www.ringier.com\/wp-content\/uploads\/2021\/08\/laurent_decrue_web.jpg","datePublished":"2016-03-15T13:14:00+00:00","dateModified":"2024-11-22T13:25:52+00:00","breadcrumb":{"@id":"https:\/\/www.ringier.com\/de\/movu-expandiert-in-die-romandie-das-umzugs-startup-movu-weitet-seinen-service-auf-die-westschweiz-aus\/#breadcrumb"},"inLanguage":"de-DE","potentialAction":[{"@type":"ReadAction","target":["https:\/\/www.ringier.com\/de\/movu-expandiert-in-die-romandie-das-umzugs-startup-movu-weitet-seinen-service-auf-die-westschweiz-aus\/"]}]},{"@type":"ImageObject","inLanguage":"de-DE","@id":"https:\/\/www.ringier.com\/de\/movu-expandiert-in-die-romandie-das-umzugs-startup-movu-weitet-seinen-service-auf-die-westschweiz-aus\/#primaryimage","url":"https:\/\/www.ringier.com\/wp-content\/uploads\/2021\/08\/laurent_decrue_web.jpg","contentUrl":"https:\/\/www.ringier.com\/wp-content\/uploads\/2021\/08\/laurent_decrue_web.jpg","width":750,"height":500},{"@type":"BreadcrumbList","@id":"https:\/\/www.ringier.com\/de\/movu-expandiert-in-die-romandie-das-umzugs-startup-movu-weitet-seinen-service-auf-die-westschweiz-aus\/#breadcrumb","itemListElement":[{"@type":"ListItem","position":1,"name":"Home","item":"https:\/\/www.ringier.com\/de\/"},{"@type":"ListItem","position":2,"name":"MOVU expandiert in die Romandie \u2013 Das Umzugs-Startup MOVU weitet seinen Service auf die Westschweiz aus"}]},{"@type":"WebSite","@id":"https:\/\/www.ringier.com\/de\/#website","url":"https:\/\/www.ringier.com\/de\/","name":"Ringier","description":"We inform. We entertain. We connect","publisher":{"@id":"https:\/\/www.ringier.com\/de\/#organization"},"potentialAction":[{"@type":"SearchAction","target":{"@type":"EntryPoint","urlTemplate":"https:\/\/www.ringier.com\/de\/?s={search_term_string}"},"query-input":{"@type":"PropertyValueSpecification","valueRequired":true,"valueName":"search_term_string"}}],"inLanguage":"de-DE"},{"@type":"Organization","@id":"https:\/\/www.ringier.com\/de\/#organization","name":"Ringier","url":"https:\/\/www.ringier.com\/de\/","logo":{"@type":"ImageObject","inLanguage":"de-DE","@id":"https:\/\/www.ringier.com\/de\/#\/schema\/logo\/image\/","url":"https:\/\/www.ringier.com\/wp-content\/uploads\/2021\/10\/ringier_logo_2.jpg","contentUrl":"https:\/\/www.ringier.com\/wp-content\/uploads\/2021\/10\/ringier_logo_2.jpg","width":750,"height":550,"caption":"Ringier"},"image":{"@id":"https:\/\/www.ringier.com\/de\/#\/schema\/logo\/image\/"},"sameAs":["https:\/\/www.facebook.com\/ringierag\/","https:\/\/x.com\/ringier_ag","https:\/\/www.instagram.com\/ringier_ag\/","https:\/\/www.linkedin.com\/company\/ringier\/","https:\/\/www.youtube.com\/user\/RingierComm","https:\/\/en.wikipedia.org\/wiki\/Ringier","https:\/\/de.wikipedia.org\/wiki\/Ringier","https:\/\/fr.wikipedia.org\/wiki\/Ringier","https:\/\/www.crunchbase.com\/organization\/ringier-ag"]},{"@type":"Person","@id":"https:\/\/www.ringier.com\/de\/#\/schema\/person\/4cf76a308dc4b2bb5121bd1e7b752e52","name":"Ringier Corporate Communications","image":{"@type":"ImageObject","inLanguage":"de-DE","@id":"https:\/\/www.ringier.com\/de\/#\/schema\/person\/image\/","url":"https:\/\/secure.gravatar.com\/avatar\/9391e20481368d5df4fe3e1e476c13b27786347489822ec1ed07e532bb41f587?s=96&d=mm&r=g","contentUrl":"https:\/\/secure.gravatar.com\/avatar\/9391e20481368d5df4fe3e1e476c13b27786347489822ec1ed07e532bb41f587?s=96&d=mm&r=g","caption":"Ringier Corporate Communications"},"sameAs":["https:\/\/www.ringier.com"]}]}},"_links":{"self":[{"href":"https:\/\/www.ringier.com\/de\/wp-json\/wp\/v2\/posts\/1883","targetHints":{"allow":["GET"]}}],"collection":[{"href":"https:\/\/www.ringier.com\/de\/wp-json\/wp\/v2\/posts"}],"about":[{"href":"https:\/\/www.ringier.com\/de\/wp-json\/wp\/v2\/types\/post"}],"author":[{"embeddable":true,"href":"https:\/\/www.ringier.com\/de\/wp-json\/wp\/v2\/users\/23"}],"replies":[{"embeddable":true,"href":"https:\/\/www.ringier.com\/de\/wp-json\/wp\/v2\/comments?post=1883"}],"version-history":[{"count":0,"href":"https:\/\/www.ringier.com\/de\/wp-json\/wp\/v2\/posts\/1883\/revisions"}],"wp:featuredmedia":[{"embeddable":true,"href":"https:\/\/www.ringier.com\/de\/wp-json\/wp\/v2\/media\/1884"}],"wp:attachment":[{"href":"https:\/\/www.ringier.com\/de\/wp-json\/wp\/v2\/media?parent=1883"}],"wp:term":[{"taxonomy":"category","embeddable":true,"href":"https:\/\/www.ringier.com\/de\/wp-json\/wp\/v2\/categories?post=1883"},{"taxonomy":"post_tag","embeddable":true,"href":"https:\/\/www.ringier.com\/de\/wp-json\/wp\/v2\/tags?post=1883"}],"curies":[{"name":"wp","href":"https:\/\/api.w.org\/{rel}","templated":true}]}}