{"id":18418,"date":"2019-09-23T17:10:00","date_gmt":"2019-09-23T15:10:00","guid":{"rendered":"https:\/\/www.ringier.com\/?p=18418"},"modified":"2024-11-19T14:20:09","modified_gmt":"2024-11-19T13:20:09","slug":"der-gaultmillau-waehlt-erstmals-ein-pop-des-jahres-die-metzg-in-zuerich","status":"publish","type":"post","link":"https:\/\/www.ringier.com\/de\/der-gaultmillau-waehlt-erstmals-ein-pop-des-jahres-die-metzg-in-zuerich\/","title":{"rendered":"Der GaultMillau w\u00e4hlt erstmals ein \u00abPOP des Jahres\u00bb: Die \u00abMetzg\u00bb in Z\u00fcrich"},"content":{"rendered":"\n<p>Chefredaktor Urs Heller: \u00abDie Restaurant-Szene ver\u00e4ndert sich. Der Guide&nbsp;<strong><em>GaultMillau<\/em>&nbsp;<\/strong>ebenfalls. Wir fahnden f\u00fcr unseren Channel auch nach unkomplizierten Beizen, Brasserien, Bars und Caf\u00e9s, die uns mit ihrer Qualit\u00e4t und ihren coolen Konzepten begeistern. Punkte gibt\u2019s daf\u00fcr nicht. Wohl aber einen Eintrag in unsere urbane Lifestyle-Liste&nbsp;<strong><em>GaultMillau<\/em>&nbsp;<\/strong>POP.\u00bb Presenting Partner ist American Express.<\/p>\n\n\n\n<p><strong><em>GaultMillaus<\/em>&nbsp;<\/strong>Blogger und Tester sind vor allem in den St\u00e4dten Z\u00fcrich, Basel, Bern, Luzern, Lausanne, Genf, Neuenburg und Fribourg f\u00fcndig geworden, ebenso in den Wintersportstationen St. Moritz, Zermatt und Gstaad (ab Dezember 2019). 150 Betriebe, gef\u00fchrt von engagierten Gastgebern, sind bereits aufgef\u00fchrt. Die komplette Liste gibt\u2019s auf&nbsp;<a href=\"http:\/\/www.gaultmillau.ch\/pop\">www.gaultmillau.ch\/pop<\/a>.<\/p>\n\n\n\n<p>Eine Beiz ist den Testern besonders stark aufgefallen: Die \u00abMetzg\u00bb an der Z\u00fcrcher Langstrasse 31. Gastgeberin Marlene Halter setzt auf ein ungew\u00f6hnliches, aber sehr sympathisches Konzept: Die \u00abMetzg\u00bb ist Quartierbeiz und Metzgerei zugleich. Die Produzenten wissen sehr genau, was die Chefin will: Tiere aus artgerechter Haltung, eine nat\u00fcrliche Ern\u00e4hrung, Nachhaltigkeit. Marlene Halter kocht ausgezeichnet.&nbsp;<em><strong>GaultMillau<\/strong><\/em>-Blogger Pascal Grob notierte auf \u00abZ\u00fcri isst\u00bb: \u00abEs war Liebe auf den ersten Biss.\u00bb<\/p>\n\n\n\n<p><strong><em>GaultMillau<\/em>&nbsp;<\/strong>und Partner American Express stellen 50 POP-Lifestyle-Adressen in einem handlichen Booklet vor. Der Mini-Guide erscheint mit der Schweizer Illustrierten und liegt in den POP-Restaurants auf.<\/p>\n\n\n\n<p><a href=\"http:\/\/www.gaultmillau.ch\/\">www.gaultmillau.ch<\/a><br><a href=\"http:\/\/www.metzg-grill.ch\/\">www.metzg-grill.ch<\/a><br><a href=\"http:\/\/www.americanexpress.ch\/\">www.americanexpress.ch<\/a><\/p>\n\n\n\n<p>PS: Der\u00a0<strong><em>GaultMillau<\/em>\u00a0<\/strong>Guide Schweiz 2020 erscheint am Montag, 7. Oktober 2019.<\/p>\n\n\n\n<hr class=\"wp-block-separator has-alpha-channel-opacity\"\/>\n\n\n\n<div class=\"wp-block-columns is-layout-flex wp-container-core-columns-is-layout-9d6595d7 wp-block-columns-is-layout-flex\">\n<div class=\"wp-block-column is-vertically-aligned-bottom is-layout-flow wp-block-column-is-layout-flow\">\n<p class=\"has-small-font-size\">Corporate&nbsp;Communications<br>+41 44 259 64 44<br><a href=\"mailto:media@ringier.ch\" target=\"_blank\" rel=\"noreferrer noopener\">media@ringier.ch<\/a> <br><a href=\"https:\/\/www.ringier.com\/de\/\">www.ringier.co<\/a><a href=\"https:\/\/www.ringier.com\/de\/\" target=\"_blank\" rel=\"noreferrer noopener\">m<\/a><\/p>\n<\/div>\n\n\n\n<div class=\"wp-block-column is-vertically-aligned-bottom is-layout-flow wp-block-column-is-layout-flow\">\n<p class=\"has-text-align-left has-small-font-size\">Ringier AG<br>Dufourstrasse 23<br>8008 Z\u00fcrich<br>Schweiz<\/p>\n<\/div>\n<\/div>\n\n\n\n<p><\/p>\n","protected":false},"excerpt":{"rendered":"<p>GaultMillau POP \u2013 so heisst die neue Lifestyle-Liste f\u00fcr urbane, spannende Restaurant-Konzepte. \u00abPOP des Jahres\u00bb: Die \u00abMetzg\u00bb in Z\u00fcrich, Quartierbeiz und Metzgerei zugleich.<\/p>\n","protected":false},"author":23,"featured_media":18191,"comment_status":"closed","ping_status":"open","sticky":false,"template":"","format":"standard","meta":{"inline_featured_image":false,"footnotes":""},"categories":[371,361],"tags":[],"class_list":["post-18418","post","type-post","status-publish","format-standard","has-post-thumbnail","hentry","category-media-de","category-ringier-medien-schweiz"],"yoast_head":"<!-- This site is optimized with the Yoast SEO Premium plugin v27.0 (Yoast SEO v27.0) - https:\/\/yoast.com\/product\/yoast-seo-premium-wordpress\/ -->\n<title>Der GaultMillau w\u00e4hlt erstmals ein \u00abPOP des Jahres\u00bb: Die \u00abMetzg\u00bb in Z\u00fcrich - Ringier<\/title>\n<meta name=\"robots\" content=\"index, follow, max-snippet:-1, max-image-preview:large, max-video-preview:-1\" \/>\n<link rel=\"canonical\" href=\"https:\/\/www.ringier.com\/de\/der-gaultmillau-waehlt-erstmals-ein-pop-des-jahres-die-metzg-in-zuerich\/\" \/>\n<meta property=\"og:locale\" content=\"de_DE\" \/>\n<meta property=\"og:type\" content=\"article\" \/>\n<meta property=\"og:title\" content=\"Der GaultMillau w\u00e4hlt erstmals ein \u00abPOP des Jahres\u00bb: Die \u00abMetzg\u00bb in Z\u00fcrich\" \/>\n<meta property=\"og:description\" content=\"GaultMillau POP \u2013 so heisst die neue Lifestyle-Liste f\u00fcr urbane, spannende Restaurant-Konzepte. \u00abPOP des Jahres\u00bb: Die \u00abMetzg\u00bb in Z\u00fcrich, Quartierbeiz und Metzgerei zugleich.\" \/>\n<meta property=\"og:url\" content=\"https:\/\/www.ringier.com\/de\/der-gaultmillau-waehlt-erstmals-ein-pop-des-jahres-die-metzg-in-zuerich\/\" \/>\n<meta property=\"og:site_name\" content=\"Ringier\" \/>\n<meta property=\"article:publisher\" content=\"https:\/\/www.facebook.com\/ringierag\/\" \/>\n<meta property=\"article:published_time\" content=\"2019-09-23T15:10:00+00:00\" \/>\n<meta property=\"article:modified_time\" content=\"2024-11-19T13:20:09+00:00\" \/>\n<meta property=\"og:image\" content=\"https:\/\/www.ringier.com\/wp-content\/uploads\/2024\/01\/gault-millau.png\" \/>\n\t<meta property=\"og:image:width\" content=\"700\" \/>\n\t<meta property=\"og:image:height\" content=\"320\" \/>\n\t<meta property=\"og:image:type\" content=\"image\/png\" \/>\n<meta name=\"author\" content=\"Ringier Corporate Communications\" \/>\n<meta name=\"twitter:card\" content=\"summary_large_image\" \/>\n<meta name=\"twitter:creator\" content=\"@ringier_ag\" \/>\n<meta name=\"twitter:site\" content=\"@ringier_ag\" \/>\n<meta name=\"twitter:label1\" content=\"Verfasst von\" \/>\n\t<meta name=\"twitter:data1\" content=\"Ringier Corporate Communications\" \/>\n\t<meta name=\"twitter:label2\" content=\"Gesch\u00e4tzte Lesezeit\" \/>\n\t<meta name=\"twitter:data2\" content=\"2 Minuten\" \/>\n<script type=\"application\/ld+json\" class=\"yoast-schema-graph\">{\"@context\":\"https:\/\/schema.org\",\"@graph\":[{\"@type\":\"Article\",\"@id\":\"https:\/\/www.ringier.com\/de\/der-gaultmillau-waehlt-erstmals-ein-pop-des-jahres-die-metzg-in-zuerich\/#article\",\"isPartOf\":{\"@id\":\"https:\/\/www.ringier.com\/de\/der-gaultmillau-waehlt-erstmals-ein-pop-des-jahres-die-metzg-in-zuerich\/\"},\"author\":{\"name\":\"Ringier Corporate Communications\",\"@id\":\"https:\/\/www.ringier.com\/de\/#\/schema\/person\/4cf76a308dc4b2bb5121bd1e7b752e52\"},\"headline\":\"Der GaultMillau w\u00e4hlt erstmals ein \u00abPOP des Jahres\u00bb: Die \u00abMetzg\u00bb in Z\u00fcrich\",\"datePublished\":\"2019-09-23T15:10:00+00:00\",\"dateModified\":\"2024-11-19T13:20:09+00:00\",\"mainEntityOfPage\":{\"@id\":\"https:\/\/www.ringier.com\/de\/der-gaultmillau-waehlt-erstmals-ein-pop-des-jahres-die-metzg-in-zuerich\/\"},\"wordCount\":266,\"publisher\":{\"@id\":\"https:\/\/www.ringier.com\/de\/#organization\"},\"image\":{\"@id\":\"https:\/\/www.ringier.com\/de\/der-gaultmillau-waehlt-erstmals-ein-pop-des-jahres-die-metzg-in-zuerich\/#primaryimage\"},\"thumbnailUrl\":\"https:\/\/www.ringier.com\/wp-content\/uploads\/2024\/01\/gault-millau.png\",\"articleSection\":[\"Media\",\"Ringier Medien Schweiz\"],\"inLanguage\":\"de-DE\"},{\"@type\":\"WebPage\",\"@id\":\"https:\/\/www.ringier.com\/de\/der-gaultmillau-waehlt-erstmals-ein-pop-des-jahres-die-metzg-in-zuerich\/\",\"url\":\"https:\/\/www.ringier.com\/de\/der-gaultmillau-waehlt-erstmals-ein-pop-des-jahres-die-metzg-in-zuerich\/\",\"name\":\"Der GaultMillau w\u00e4hlt erstmals ein \u00abPOP des Jahres\u00bb: Die \u00abMetzg\u00bb in Z\u00fcrich - Ringier\",\"isPartOf\":{\"@id\":\"https:\/\/www.ringier.com\/de\/#website\"},\"primaryImageOfPage\":{\"@id\":\"https:\/\/www.ringier.com\/de\/der-gaultmillau-waehlt-erstmals-ein-pop-des-jahres-die-metzg-in-zuerich\/#primaryimage\"},\"image\":{\"@id\":\"https:\/\/www.ringier.com\/de\/der-gaultmillau-waehlt-erstmals-ein-pop-des-jahres-die-metzg-in-zuerich\/#primaryimage\"},\"thumbnailUrl\":\"https:\/\/www.ringier.com\/wp-content\/uploads\/2024\/01\/gault-millau.png\",\"datePublished\":\"2019-09-23T15:10:00+00:00\",\"dateModified\":\"2024-11-19T13:20:09+00:00\",\"breadcrumb\":{\"@id\":\"https:\/\/www.ringier.com\/de\/der-gaultmillau-waehlt-erstmals-ein-pop-des-jahres-die-metzg-in-zuerich\/#breadcrumb\"},\"inLanguage\":\"de-DE\",\"potentialAction\":[{\"@type\":\"ReadAction\",\"target\":[\"https:\/\/www.ringier.com\/de\/der-gaultmillau-waehlt-erstmals-ein-pop-des-jahres-die-metzg-in-zuerich\/\"]}]},{\"@type\":\"ImageObject\",\"inLanguage\":\"de-DE\",\"@id\":\"https:\/\/www.ringier.com\/de\/der-gaultmillau-waehlt-erstmals-ein-pop-des-jahres-die-metzg-in-zuerich\/#primaryimage\",\"url\":\"https:\/\/www.ringier.com\/wp-content\/uploads\/2024\/01\/gault-millau.png\",\"contentUrl\":\"https:\/\/www.ringier.com\/wp-content\/uploads\/2024\/01\/gault-millau.png\",\"width\":700,\"height\":320},{\"@type\":\"BreadcrumbList\",\"@id\":\"https:\/\/www.ringier.com\/de\/der-gaultmillau-waehlt-erstmals-ein-pop-des-jahres-die-metzg-in-zuerich\/#breadcrumb\",\"itemListElement\":[{\"@type\":\"ListItem\",\"position\":1,\"name\":\"Home\",\"item\":\"https:\/\/www.ringier.com\/de\/\"},{\"@type\":\"ListItem\",\"position\":2,\"name\":\"Der GaultMillau w\u00e4hlt erstmals ein \u00abPOP des Jahres\u00bb: Die \u00abMetzg\u00bb in Z\u00fcrich\"}]},{\"@type\":\"WebSite\",\"@id\":\"https:\/\/www.ringier.com\/de\/#website\",\"url\":\"https:\/\/www.ringier.com\/de\/\",\"name\":\"Ringier\",\"description\":\"We inform. We entertain. We connect\",\"publisher\":{\"@id\":\"https:\/\/www.ringier.com\/de\/#organization\"},\"potentialAction\":[{\"@type\":\"SearchAction\",\"target\":{\"@type\":\"EntryPoint\",\"urlTemplate\":\"https:\/\/www.ringier.com\/de\/?s={search_term_string}\"},\"query-input\":{\"@type\":\"PropertyValueSpecification\",\"valueRequired\":true,\"valueName\":\"search_term_string\"}}],\"inLanguage\":\"de-DE\"},{\"@type\":\"Organization\",\"@id\":\"https:\/\/www.ringier.com\/de\/#organization\",\"name\":\"Ringier\",\"url\":\"https:\/\/www.ringier.com\/de\/\",\"logo\":{\"@type\":\"ImageObject\",\"inLanguage\":\"de-DE\",\"@id\":\"https:\/\/www.ringier.com\/de\/#\/schema\/logo\/image\/\",\"url\":\"https:\/\/www.ringier.com\/wp-content\/uploads\/2021\/10\/ringier_logo_2.jpg\",\"contentUrl\":\"https:\/\/www.ringier.com\/wp-content\/uploads\/2021\/10\/ringier_logo_2.jpg\",\"width\":750,\"height\":550,\"caption\":\"Ringier\"},\"image\":{\"@id\":\"https:\/\/www.ringier.com\/de\/#\/schema\/logo\/image\/\"},\"sameAs\":[\"https:\/\/www.facebook.com\/ringierag\/\",\"https:\/\/x.com\/ringier_ag\",\"https:\/\/www.instagram.com\/ringier_ag\/\",\"https:\/\/www.linkedin.com\/company\/ringier\/\",\"https:\/\/www.youtube.com\/user\/RingierComm\",\"https:\/\/en.wikipedia.org\/wiki\/Ringier\",\"https:\/\/de.wikipedia.org\/wiki\/Ringier\",\"https:\/\/fr.wikipedia.org\/wiki\/Ringier\",\"https:\/\/www.crunchbase.com\/organization\/ringier-ag\"]},{\"@type\":\"Person\",\"@id\":\"https:\/\/www.ringier.com\/de\/#\/schema\/person\/4cf76a308dc4b2bb5121bd1e7b752e52\",\"name\":\"Ringier Corporate Communications\",\"image\":{\"@type\":\"ImageObject\",\"inLanguage\":\"de-DE\",\"@id\":\"https:\/\/www.ringier.com\/de\/#\/schema\/person\/image\/\",\"url\":\"https:\/\/secure.gravatar.com\/avatar\/9391e20481368d5df4fe3e1e476c13b27786347489822ec1ed07e532bb41f587?s=96&d=mm&r=g\",\"contentUrl\":\"https:\/\/secure.gravatar.com\/avatar\/9391e20481368d5df4fe3e1e476c13b27786347489822ec1ed07e532bb41f587?s=96&d=mm&r=g\",\"caption\":\"Ringier Corporate Communications\"},\"sameAs\":[\"https:\/\/www.ringier.com\"]}]}<\/script>\n<!-- \/ Yoast SEO Premium plugin. -->","yoast_head_json":{"title":"Der GaultMillau w\u00e4hlt erstmals ein \u00abPOP des Jahres\u00bb: Die \u00abMetzg\u00bb in Z\u00fcrich - Ringier","robots":{"index":"index","follow":"follow","max-snippet":"max-snippet:-1","max-image-preview":"max-image-preview:large","max-video-preview":"max-video-preview:-1"},"canonical":"https:\/\/www.ringier.com\/de\/der-gaultmillau-waehlt-erstmals-ein-pop-des-jahres-die-metzg-in-zuerich\/","og_locale":"de_DE","og_type":"article","og_title":"Der GaultMillau w\u00e4hlt erstmals ein \u00abPOP des Jahres\u00bb: Die \u00abMetzg\u00bb in Z\u00fcrich","og_description":"GaultMillau POP \u2013 so heisst die neue Lifestyle-Liste f\u00fcr urbane, spannende Restaurant-Konzepte. \u00abPOP des Jahres\u00bb: Die \u00abMetzg\u00bb in Z\u00fcrich, Quartierbeiz und Metzgerei zugleich.","og_url":"https:\/\/www.ringier.com\/de\/der-gaultmillau-waehlt-erstmals-ein-pop-des-jahres-die-metzg-in-zuerich\/","og_site_name":"Ringier","article_publisher":"https:\/\/www.facebook.com\/ringierag\/","article_published_time":"2019-09-23T15:10:00+00:00","article_modified_time":"2024-11-19T13:20:09+00:00","og_image":[{"width":700,"height":320,"url":"https:\/\/www.ringier.com\/wp-content\/uploads\/2024\/01\/gault-millau.png","type":"image\/png"}],"author":"Ringier Corporate Communications","twitter_card":"summary_large_image","twitter_creator":"@ringier_ag","twitter_site":"@ringier_ag","twitter_misc":{"Verfasst von":"Ringier Corporate Communications","Gesch\u00e4tzte Lesezeit":"2 Minuten"},"schema":{"@context":"https:\/\/schema.org","@graph":[{"@type":"Article","@id":"https:\/\/www.ringier.com\/de\/der-gaultmillau-waehlt-erstmals-ein-pop-des-jahres-die-metzg-in-zuerich\/#article","isPartOf":{"@id":"https:\/\/www.ringier.com\/de\/der-gaultmillau-waehlt-erstmals-ein-pop-des-jahres-die-metzg-in-zuerich\/"},"author":{"name":"Ringier Corporate Communications","@id":"https:\/\/www.ringier.com\/de\/#\/schema\/person\/4cf76a308dc4b2bb5121bd1e7b752e52"},"headline":"Der GaultMillau w\u00e4hlt erstmals ein \u00abPOP des Jahres\u00bb: Die \u00abMetzg\u00bb in Z\u00fcrich","datePublished":"2019-09-23T15:10:00+00:00","dateModified":"2024-11-19T13:20:09+00:00","mainEntityOfPage":{"@id":"https:\/\/www.ringier.com\/de\/der-gaultmillau-waehlt-erstmals-ein-pop-des-jahres-die-metzg-in-zuerich\/"},"wordCount":266,"publisher":{"@id":"https:\/\/www.ringier.com\/de\/#organization"},"image":{"@id":"https:\/\/www.ringier.com\/de\/der-gaultmillau-waehlt-erstmals-ein-pop-des-jahres-die-metzg-in-zuerich\/#primaryimage"},"thumbnailUrl":"https:\/\/www.ringier.com\/wp-content\/uploads\/2024\/01\/gault-millau.png","articleSection":["Media","Ringier Medien Schweiz"],"inLanguage":"de-DE"},{"@type":"WebPage","@id":"https:\/\/www.ringier.com\/de\/der-gaultmillau-waehlt-erstmals-ein-pop-des-jahres-die-metzg-in-zuerich\/","url":"https:\/\/www.ringier.com\/de\/der-gaultmillau-waehlt-erstmals-ein-pop-des-jahres-die-metzg-in-zuerich\/","name":"Der GaultMillau w\u00e4hlt erstmals ein \u00abPOP des Jahres\u00bb: Die \u00abMetzg\u00bb in Z\u00fcrich - Ringier","isPartOf":{"@id":"https:\/\/www.ringier.com\/de\/#website"},"primaryImageOfPage":{"@id":"https:\/\/www.ringier.com\/de\/der-gaultmillau-waehlt-erstmals-ein-pop-des-jahres-die-metzg-in-zuerich\/#primaryimage"},"image":{"@id":"https:\/\/www.ringier.com\/de\/der-gaultmillau-waehlt-erstmals-ein-pop-des-jahres-die-metzg-in-zuerich\/#primaryimage"},"thumbnailUrl":"https:\/\/www.ringier.com\/wp-content\/uploads\/2024\/01\/gault-millau.png","datePublished":"2019-09-23T15:10:00+00:00","dateModified":"2024-11-19T13:20:09+00:00","breadcrumb":{"@id":"https:\/\/www.ringier.com\/de\/der-gaultmillau-waehlt-erstmals-ein-pop-des-jahres-die-metzg-in-zuerich\/#breadcrumb"},"inLanguage":"de-DE","potentialAction":[{"@type":"ReadAction","target":["https:\/\/www.ringier.com\/de\/der-gaultmillau-waehlt-erstmals-ein-pop-des-jahres-die-metzg-in-zuerich\/"]}]},{"@type":"ImageObject","inLanguage":"de-DE","@id":"https:\/\/www.ringier.com\/de\/der-gaultmillau-waehlt-erstmals-ein-pop-des-jahres-die-metzg-in-zuerich\/#primaryimage","url":"https:\/\/www.ringier.com\/wp-content\/uploads\/2024\/01\/gault-millau.png","contentUrl":"https:\/\/www.ringier.com\/wp-content\/uploads\/2024\/01\/gault-millau.png","width":700,"height":320},{"@type":"BreadcrumbList","@id":"https:\/\/www.ringier.com\/de\/der-gaultmillau-waehlt-erstmals-ein-pop-des-jahres-die-metzg-in-zuerich\/#breadcrumb","itemListElement":[{"@type":"ListItem","position":1,"name":"Home","item":"https:\/\/www.ringier.com\/de\/"},{"@type":"ListItem","position":2,"name":"Der GaultMillau w\u00e4hlt erstmals ein \u00abPOP des Jahres\u00bb: Die \u00abMetzg\u00bb in Z\u00fcrich"}]},{"@type":"WebSite","@id":"https:\/\/www.ringier.com\/de\/#website","url":"https:\/\/www.ringier.com\/de\/","name":"Ringier","description":"We inform. We entertain. We connect","publisher":{"@id":"https:\/\/www.ringier.com\/de\/#organization"},"potentialAction":[{"@type":"SearchAction","target":{"@type":"EntryPoint","urlTemplate":"https:\/\/www.ringier.com\/de\/?s={search_term_string}"},"query-input":{"@type":"PropertyValueSpecification","valueRequired":true,"valueName":"search_term_string"}}],"inLanguage":"de-DE"},{"@type":"Organization","@id":"https:\/\/www.ringier.com\/de\/#organization","name":"Ringier","url":"https:\/\/www.ringier.com\/de\/","logo":{"@type":"ImageObject","inLanguage":"de-DE","@id":"https:\/\/www.ringier.com\/de\/#\/schema\/logo\/image\/","url":"https:\/\/www.ringier.com\/wp-content\/uploads\/2021\/10\/ringier_logo_2.jpg","contentUrl":"https:\/\/www.ringier.com\/wp-content\/uploads\/2021\/10\/ringier_logo_2.jpg","width":750,"height":550,"caption":"Ringier"},"image":{"@id":"https:\/\/www.ringier.com\/de\/#\/schema\/logo\/image\/"},"sameAs":["https:\/\/www.facebook.com\/ringierag\/","https:\/\/x.com\/ringier_ag","https:\/\/www.instagram.com\/ringier_ag\/","https:\/\/www.linkedin.com\/company\/ringier\/","https:\/\/www.youtube.com\/user\/RingierComm","https:\/\/en.wikipedia.org\/wiki\/Ringier","https:\/\/de.wikipedia.org\/wiki\/Ringier","https:\/\/fr.wikipedia.org\/wiki\/Ringier","https:\/\/www.crunchbase.com\/organization\/ringier-ag"]},{"@type":"Person","@id":"https:\/\/www.ringier.com\/de\/#\/schema\/person\/4cf76a308dc4b2bb5121bd1e7b752e52","name":"Ringier Corporate Communications","image":{"@type":"ImageObject","inLanguage":"de-DE","@id":"https:\/\/www.ringier.com\/de\/#\/schema\/person\/image\/","url":"https:\/\/secure.gravatar.com\/avatar\/9391e20481368d5df4fe3e1e476c13b27786347489822ec1ed07e532bb41f587?s=96&d=mm&r=g","contentUrl":"https:\/\/secure.gravatar.com\/avatar\/9391e20481368d5df4fe3e1e476c13b27786347489822ec1ed07e532bb41f587?s=96&d=mm&r=g","caption":"Ringier Corporate Communications"},"sameAs":["https:\/\/www.ringier.com"]}]}},"_links":{"self":[{"href":"https:\/\/www.ringier.com\/de\/wp-json\/wp\/v2\/posts\/18418","targetHints":{"allow":["GET"]}}],"collection":[{"href":"https:\/\/www.ringier.com\/de\/wp-json\/wp\/v2\/posts"}],"about":[{"href":"https:\/\/www.ringier.com\/de\/wp-json\/wp\/v2\/types\/post"}],"author":[{"embeddable":true,"href":"https:\/\/www.ringier.com\/de\/wp-json\/wp\/v2\/users\/23"}],"replies":[{"embeddable":true,"href":"https:\/\/www.ringier.com\/de\/wp-json\/wp\/v2\/comments?post=18418"}],"version-history":[{"count":0,"href":"https:\/\/www.ringier.com\/de\/wp-json\/wp\/v2\/posts\/18418\/revisions"}],"wp:featuredmedia":[{"embeddable":true,"href":"https:\/\/www.ringier.com\/de\/wp-json\/wp\/v2\/media\/18191"}],"wp:attachment":[{"href":"https:\/\/www.ringier.com\/de\/wp-json\/wp\/v2\/media?parent=18418"}],"wp:term":[{"taxonomy":"category","embeddable":true,"href":"https:\/\/www.ringier.com\/de\/wp-json\/wp\/v2\/categories?post=18418"},{"taxonomy":"post_tag","embeddable":true,"href":"https:\/\/www.ringier.com\/de\/wp-json\/wp\/v2\/tags?post=18418"}],"curies":[{"name":"wp","href":"https:\/\/api.w.org\/{rel}","templated":true}]}}