{"id":18320,"date":"2019-11-01T16:44:00","date_gmt":"2019-11-01T15:44:00","guid":{"rendered":"https:\/\/www.ringier.com\/?p=18320"},"modified":"2024-11-19T14:17:25","modified_gmt":"2024-11-19T13:17:25","slug":"der-beobachter-prix-courage-2019-geht-an-iluska-grass-aus-zuerich","status":"publish","type":"post","link":"https:\/\/www.ringier.com\/de\/der-beobachter-prix-courage-2019-geht-an-iluska-grass-aus-zuerich\/","title":{"rendered":"Der \u00abBeobachter Prix Courage\u00bb 2019 geht an Iluska Grass aus Z\u00fcrich"},"content":{"rendered":"\n<p>Iluska Grass aus Z\u00fcrich wird mit dem \u00abBeobachter Prix Courage\u00bb 2019 ausgezeichnet. Sie besch\u00fctzte einen orthodoxen Juden vor Neonazis. Die Skins hatten den Mann verfolgt, bespuckt und mit Hitler-Parolen verh\u00f6hnt. Der Hauptt\u00e4ter, ein mehrfach vorbestrafter Neonazi, kam massgeblich dank der 28-J\u00e4hrigen vor Gericht und wurde wegen Rassendiskriminierung und T\u00e4tlichkeiten zu einer Gef\u00e4ngnisstrafe verurteilt. Das Obergericht best\u00e4tigte im Februar 2019 das Urteil weitgehend. Der mit 15\u2019000 Franken dotierte Preis wurde ihr am Freitagabend in Z\u00fcrich in feierlichem Rahmen von der ehemaligen Aargauer Regierungsr\u00e4tin und Jury-Pr\u00e4sidentin Susanne Hochuli \u00fcberreicht. Zum dritten Mal wurde dieses Jahr auch der mit 10\u2019000 Franken dotierte \u00abBeobachter Prix Courage Lifetime Award\u00bb verliehen: Die&nbsp;<em>Beobachter<\/em>-Redaktion zeichnet damit die Strafverfolgerin und Diplomatin Carla Del Ponte f\u00fcr ihren lebenslangen Kampf gegen Mafiaf\u00fcrsten und gegen Kriegsverbrecher aus.&nbsp;<\/p>\n\n\n\n<p>An einem Samstagabend steigt Iluska Grass am Z\u00fcrcher Manesseplatz aus dem Bus. Sie h\u00f6rt Schreie, rennt los und stellt sich zwischen angetrunkene Rechtsradikale und einen am Boden liegenden orthodoxen Juden. Die Skins hatten den Mann verfolgt, bespuckt und mit Naziparolen verh\u00f6hnt. \u00abIch habe nicht gross \u00fcberlegt, sondern einfach gehandelt\u00bb, sagt Iluska Grass. So hat sie Schlimmeres verhindert. Der Hauptt\u00e4ter war ein mehrfach vorbestrafter Neonazi. Aufgrund von Iluska Grass\u2019 Aussagen wurde er wegen Rassendiskriminierung und T\u00e4tlichkeiten zu einer zweij\u00e4hrigen Gef\u00e4ngnisstrafe verurteilt. Er ficht das Urteil jedoch an. Ende Februar 2019, fast vier Jahre nach der Tat, spricht ihn auch das Z\u00fcrcher Obergericht schuldig. Seine Haftstrafe wird auf zw\u00f6lf Monate reduziert, er muss dem Opfer 3\u2019000 Franken Genugtuung zahlen. \u00abEin viel zu mildes Urteil\u00bb, findet Iluska Grass. \u00abAntisemitismus und Rassismus sind nicht tolerierbar.\u00bb<\/p>\n\n\n\n<p>Die Wahl des \u00abBeobachter Prix Courage\u00bb erfolgte durch das Publikum via Online-Voting und durch die siebenk\u00f6pfige Jury. Die Stimmen des Publikums und jene der Jury werden zu je 50 Prozent gewichtet. Die Jury tagte am 23. Oktober. Sie vergibt ihre Punkte ohne Wissen des Publikumsvotings. Nach dem Voting der Jury und jenem der Leserschaft stand Iluska Grass als Gewinnerin fest.<\/p>\n\n\n\n<p>Die ehemalige Aargauer Regierungsr\u00e4tin und Jury-Pr\u00e4sidentin Susanne Hochuli w\u00fcrdigte die Gewinnerin in ihrer Laudatio: \u00abIluska Grass steht exemplarisch f\u00fcr gelebte Zivilcourage. Sie hat unmittelbaren Mut gezeigt, also spontan gehandelt. Doch damit nicht genug: Sie hat ihren Mut behalten und reflektiert, sich der Konsequenzen bewusst, in einem Gerichtsverfahren ausgesagt. Als Einzige! Die anderen Beteiligten schwiegen lieber. Eine Welt ohne Grenzen, Menschlichkeit, keine Ausgrenzung, Respekt und Wertsch\u00e4tzung \u2013 und vor allem Mut! Daf\u00fcr steht die Prix-Courage-Preistr\u00e4gerin 2019.\u00bb<\/p>\n\n\n\n<p><strong>\u00abBeobachter Prix Courage Lifetime Award\u00bb f\u00fcr Carla Del Ponte<\/strong><\/p>\n\n\n\n<p>Der mit 10\u2019000 Franken dotierte \u00abBeobachter Prix Courage Lifetime Award\u00bb wurde dieses Jahr Carla Del Ponte verliehen. Die Schweizer Strafverfolgerin und Diplomatin hat ihr Leben lang daf\u00fcr gek\u00e4mpft, dass Untaten nicht unges\u00fchnt bleiben. Andres B\u00fcchi, Chefredaktor&nbsp;<em>Beobachter<\/em>, w\u00e4hrend seiner Laudatio: \u00abSich dieser Aufgabe ganz zu verschreiben, sein ganzes Leben daf\u00fcr einzusetzen, erfordert eine Bestimmung und eine Opferbereitschaft, die nur ganz wenige Menschen bereit zu geben sind. Carla Del Ponte steht daf\u00fcr als eine lebende Ikone. Sie verbrachte ihre Zeit in gepanzerten Autos, an Konferenztischen der Uno und in zu oft fruchtlosen Gespr\u00e4chen mit Diplomaten, die Worten mehr Bedeutung zumessen als Taten. Aber sie liess sich nie unterkriegen. Sie hatte den Mut, ungesch\u00f6nt die Wahrheit zu sagen, weil sie furchtlos ist gegen\u00fcber M\u00e4chtigen und deren Einsch\u00fcchterungsversuchen. Und sie verschloss ihre Augen nicht vor den Gr\u00e4ueln dieser Welt, zu denen Menschen f\u00e4hig sind. Sie zog daraus vielmehr ihre Motivation, noch energischer f\u00fcr Gerechtigkeit zu k\u00e4mpfen.\u00bb<\/p>\n\n\n\n<p>Aus gesundheitlichen Gr\u00fcnden konnte Carla Del Ponte nicht pers\u00f6nlich an der Preis\u00fcbergabe teilnehmen. \u00abDer Beobachter w\u00fcnscht der Preistr\u00e4gerin auf diesem Weg herzlichst gute Besserung\u00bb, so B\u00fcchi.<\/p>\n\n\n\n<p><strong>Die Fotos der Kandidatinnen und Kandidaten finden Sie unter www.beobachter.ch\/bilder. Hier sind ab ca. 20.00 Uhr auch Fotos des Anlasses aufgeschaltet. Die Portraits der Kandidatinnen und Kandidaten sowie die Laudationes finden Sie unter www.beobachter.ch\/medien.<\/strong><\/p>\n\n\n\n<hr class=\"wp-block-separator has-alpha-channel-opacity\"\/>\n\n\n\n<div style=\"height:13px\" aria-hidden=\"true\" class=\"wp-block-spacer\"><\/div>\n\n\n\n<div class=\"wp-block-columns is-layout-flex wp-container-core-columns-is-layout-9d6595d7 wp-block-columns-is-layout-flex\">\n<div class=\"wp-block-column is-vertically-aligned-bottom is-layout-flow wp-block-column-is-layout-flow\">\n<p class=\"has-small-font-size\">Corporate&nbsp;Communications<br>+41 44 259 64 44<br><a href=\"mailto:media@ringier.ch\" target=\"_blank\" rel=\"noreferrer noopener\">media@ringier.ch<\/a> <br><a href=\"https:\/\/www.ringier.com\/de\/\">www.ringier.co<\/a><a href=\"https:\/\/www.ringier.com\/de\/\" target=\"_blank\" rel=\"noreferrer noopener\">m<\/a><\/p>\n<\/div>\n\n\n\n<div class=\"wp-block-column is-vertically-aligned-bottom is-layout-flow wp-block-column-is-layout-flow\">\n<p class=\"has-text-align-left has-small-font-size\">Ringier AG<br>Dufourstrasse 23<br>8008 Z\u00fcrich<br>Schweiz<\/p>\n<\/div>\n<\/div>\n\n\n\n<p><\/p>\n","protected":false},"excerpt":{"rendered":"<p>Iluska Grass aus Z\u00fcrich wird mit dem \u00abBeobachter Prix Courage\u00bb 2019 ausgezeichnet. Sie besch\u00fctzte einen orthodoxen Juden vor Neonazis. Die Skins hatten den Mann verfolgt, bespuckt und mit Hitler-Parolen verh\u00f6hnt. Der Hauptt\u00e4ter, ein mehrfach vorbestrafter Neonazi, kam massgeblich dank der 28-J\u00e4hrigen vor Gericht und wurde wegen Rassendiskriminierung und T\u00e4tlichkeiten zu einer Gef\u00e4ngnisstrafe verurteilt. Das Obergericht [&hellip;]<\/p>\n","protected":false},"author":23,"featured_media":18321,"comment_status":"closed","ping_status":"open","sticky":false,"template":"","format":"standard","meta":{"inline_featured_image":false,"footnotes":""},"categories":[371,361],"tags":[],"class_list":["post-18320","post","type-post","status-publish","format-standard","has-post-thumbnail","hentry","category-media-de","category-ringier-medien-schweiz"],"yoast_head":"<!-- This site is optimized with the Yoast SEO Premium plugin v27.0 (Yoast SEO v27.0) - https:\/\/yoast.com\/product\/yoast-seo-premium-wordpress\/ -->\n<title>Der \u00abBeobachter Prix Courage\u00bb 2019 geht an Iluska Grass aus Z\u00fcrich - Ringier<\/title>\n<meta name=\"robots\" content=\"index, follow, max-snippet:-1, max-image-preview:large, max-video-preview:-1\" \/>\n<link rel=\"canonical\" href=\"https:\/\/www.ringier.com\/de\/der-beobachter-prix-courage-2019-geht-an-iluska-grass-aus-zuerich\/\" \/>\n<meta property=\"og:locale\" content=\"de_DE\" \/>\n<meta property=\"og:type\" content=\"article\" \/>\n<meta property=\"og:title\" content=\"Der \u00abBeobachter Prix Courage\u00bb 2019 geht an Iluska Grass aus Z\u00fcrich\" \/>\n<meta property=\"og:description\" content=\"Iluska Grass aus Z\u00fcrich wird mit dem \u00abBeobachter Prix Courage\u00bb 2019 ausgezeichnet. Sie besch\u00fctzte einen orthodoxen Juden vor Neonazis. Die Skins hatten den Mann verfolgt, bespuckt und mit Hitler-Parolen verh\u00f6hnt. Der Hauptt\u00e4ter, ein mehrfach vorbestrafter Neonazi, kam massgeblich dank der 28-J\u00e4hrigen vor Gericht und wurde wegen Rassendiskriminierung und T\u00e4tlichkeiten zu einer Gef\u00e4ngnisstrafe verurteilt. Das Obergericht [&hellip;]\" \/>\n<meta property=\"og:url\" content=\"https:\/\/www.ringier.com\/de\/der-beobachter-prix-courage-2019-geht-an-iluska-grass-aus-zuerich\/\" \/>\n<meta property=\"og:site_name\" content=\"Ringier\" \/>\n<meta property=\"article:publisher\" content=\"https:\/\/www.facebook.com\/ringierag\/\" \/>\n<meta property=\"article:published_time\" content=\"2019-11-01T15:44:00+00:00\" \/>\n<meta property=\"article:modified_time\" content=\"2024-11-19T13:17:25+00:00\" \/>\n<meta property=\"og:image\" content=\"https:\/\/www.ringier.com\/wp-content\/uploads\/2024\/01\/Grass_Iluska_600x400.jpg\" \/>\n\t<meta property=\"og:image:width\" content=\"600\" \/>\n\t<meta property=\"og:image:height\" content=\"400\" \/>\n\t<meta property=\"og:image:type\" content=\"image\/jpeg\" \/>\n<meta name=\"author\" content=\"Ringier Corporate Communications\" \/>\n<meta name=\"twitter:card\" content=\"summary_large_image\" \/>\n<meta name=\"twitter:creator\" content=\"@ringier_ag\" \/>\n<meta name=\"twitter:site\" content=\"@ringier_ag\" \/>\n<meta name=\"twitter:label1\" content=\"Verfasst von\" \/>\n\t<meta name=\"twitter:data1\" content=\"Ringier Corporate Communications\" \/>\n\t<meta name=\"twitter:label2\" content=\"Gesch\u00e4tzte Lesezeit\" \/>\n\t<meta name=\"twitter:data2\" content=\"4 Minuten\" \/>\n<script type=\"application\/ld+json\" class=\"yoast-schema-graph\">{\"@context\":\"https:\/\/schema.org\",\"@graph\":[{\"@type\":\"Article\",\"@id\":\"https:\/\/www.ringier.com\/de\/der-beobachter-prix-courage-2019-geht-an-iluska-grass-aus-zuerich\/#article\",\"isPartOf\":{\"@id\":\"https:\/\/www.ringier.com\/de\/der-beobachter-prix-courage-2019-geht-an-iluska-grass-aus-zuerich\/\"},\"author\":{\"name\":\"Ringier Corporate Communications\",\"@id\":\"https:\/\/www.ringier.com\/de\/#\/schema\/person\/4cf76a308dc4b2bb5121bd1e7b752e52\"},\"headline\":\"Der \u00abBeobachter Prix Courage\u00bb 2019 geht an Iluska Grass aus Z\u00fcrich\",\"datePublished\":\"2019-11-01T15:44:00+00:00\",\"dateModified\":\"2024-11-19T13:17:25+00:00\",\"mainEntityOfPage\":{\"@id\":\"https:\/\/www.ringier.com\/de\/der-beobachter-prix-courage-2019-geht-an-iluska-grass-aus-zuerich\/\"},\"wordCount\":689,\"publisher\":{\"@id\":\"https:\/\/www.ringier.com\/de\/#organization\"},\"image\":{\"@id\":\"https:\/\/www.ringier.com\/de\/der-beobachter-prix-courage-2019-geht-an-iluska-grass-aus-zuerich\/#primaryimage\"},\"thumbnailUrl\":\"https:\/\/www.ringier.com\/wp-content\/uploads\/2024\/01\/Grass_Iluska_600x400.jpg\",\"articleSection\":[\"Media\",\"Ringier Medien Schweiz\"],\"inLanguage\":\"de-DE\"},{\"@type\":\"WebPage\",\"@id\":\"https:\/\/www.ringier.com\/de\/der-beobachter-prix-courage-2019-geht-an-iluska-grass-aus-zuerich\/\",\"url\":\"https:\/\/www.ringier.com\/de\/der-beobachter-prix-courage-2019-geht-an-iluska-grass-aus-zuerich\/\",\"name\":\"Der \u00abBeobachter Prix Courage\u00bb 2019 geht an Iluska Grass aus Z\u00fcrich - Ringier\",\"isPartOf\":{\"@id\":\"https:\/\/www.ringier.com\/de\/#website\"},\"primaryImageOfPage\":{\"@id\":\"https:\/\/www.ringier.com\/de\/der-beobachter-prix-courage-2019-geht-an-iluska-grass-aus-zuerich\/#primaryimage\"},\"image\":{\"@id\":\"https:\/\/www.ringier.com\/de\/der-beobachter-prix-courage-2019-geht-an-iluska-grass-aus-zuerich\/#primaryimage\"},\"thumbnailUrl\":\"https:\/\/www.ringier.com\/wp-content\/uploads\/2024\/01\/Grass_Iluska_600x400.jpg\",\"datePublished\":\"2019-11-01T15:44:00+00:00\",\"dateModified\":\"2024-11-19T13:17:25+00:00\",\"breadcrumb\":{\"@id\":\"https:\/\/www.ringier.com\/de\/der-beobachter-prix-courage-2019-geht-an-iluska-grass-aus-zuerich\/#breadcrumb\"},\"inLanguage\":\"de-DE\",\"potentialAction\":[{\"@type\":\"ReadAction\",\"target\":[\"https:\/\/www.ringier.com\/de\/der-beobachter-prix-courage-2019-geht-an-iluska-grass-aus-zuerich\/\"]}]},{\"@type\":\"ImageObject\",\"inLanguage\":\"de-DE\",\"@id\":\"https:\/\/www.ringier.com\/de\/der-beobachter-prix-courage-2019-geht-an-iluska-grass-aus-zuerich\/#primaryimage\",\"url\":\"https:\/\/www.ringier.com\/wp-content\/uploads\/2024\/01\/Grass_Iluska_600x400.jpg\",\"contentUrl\":\"https:\/\/www.ringier.com\/wp-content\/uploads\/2024\/01\/Grass_Iluska_600x400.jpg\",\"width\":600,\"height\":400,\"caption\":\"Iluska Grass ist f\u00fcr den Prix Courage 2019 nominiert\"},{\"@type\":\"BreadcrumbList\",\"@id\":\"https:\/\/www.ringier.com\/de\/der-beobachter-prix-courage-2019-geht-an-iluska-grass-aus-zuerich\/#breadcrumb\",\"itemListElement\":[{\"@type\":\"ListItem\",\"position\":1,\"name\":\"Home\",\"item\":\"https:\/\/www.ringier.com\/de\/\"},{\"@type\":\"ListItem\",\"position\":2,\"name\":\"Der \u00abBeobachter Prix Courage\u00bb 2019 geht an Iluska Grass aus Z\u00fcrich\"}]},{\"@type\":\"WebSite\",\"@id\":\"https:\/\/www.ringier.com\/de\/#website\",\"url\":\"https:\/\/www.ringier.com\/de\/\",\"name\":\"Ringier\",\"description\":\"We inform. We entertain. We connect\",\"publisher\":{\"@id\":\"https:\/\/www.ringier.com\/de\/#organization\"},\"potentialAction\":[{\"@type\":\"SearchAction\",\"target\":{\"@type\":\"EntryPoint\",\"urlTemplate\":\"https:\/\/www.ringier.com\/de\/?s={search_term_string}\"},\"query-input\":{\"@type\":\"PropertyValueSpecification\",\"valueRequired\":true,\"valueName\":\"search_term_string\"}}],\"inLanguage\":\"de-DE\"},{\"@type\":\"Organization\",\"@id\":\"https:\/\/www.ringier.com\/de\/#organization\",\"name\":\"Ringier\",\"url\":\"https:\/\/www.ringier.com\/de\/\",\"logo\":{\"@type\":\"ImageObject\",\"inLanguage\":\"de-DE\",\"@id\":\"https:\/\/www.ringier.com\/de\/#\/schema\/logo\/image\/\",\"url\":\"https:\/\/www.ringier.com\/wp-content\/uploads\/2021\/10\/ringier_logo_2.jpg\",\"contentUrl\":\"https:\/\/www.ringier.com\/wp-content\/uploads\/2021\/10\/ringier_logo_2.jpg\",\"width\":750,\"height\":550,\"caption\":\"Ringier\"},\"image\":{\"@id\":\"https:\/\/www.ringier.com\/de\/#\/schema\/logo\/image\/\"},\"sameAs\":[\"https:\/\/www.facebook.com\/ringierag\/\",\"https:\/\/x.com\/ringier_ag\",\"https:\/\/www.instagram.com\/ringier_ag\/\",\"https:\/\/www.linkedin.com\/company\/ringier\/\",\"https:\/\/www.youtube.com\/user\/RingierComm\",\"https:\/\/en.wikipedia.org\/wiki\/Ringier\",\"https:\/\/de.wikipedia.org\/wiki\/Ringier\",\"https:\/\/fr.wikipedia.org\/wiki\/Ringier\",\"https:\/\/www.crunchbase.com\/organization\/ringier-ag\"]},{\"@type\":\"Person\",\"@id\":\"https:\/\/www.ringier.com\/de\/#\/schema\/person\/4cf76a308dc4b2bb5121bd1e7b752e52\",\"name\":\"Ringier Corporate Communications\",\"image\":{\"@type\":\"ImageObject\",\"inLanguage\":\"de-DE\",\"@id\":\"https:\/\/www.ringier.com\/de\/#\/schema\/person\/image\/\",\"url\":\"https:\/\/secure.gravatar.com\/avatar\/9391e20481368d5df4fe3e1e476c13b27786347489822ec1ed07e532bb41f587?s=96&d=mm&r=g\",\"contentUrl\":\"https:\/\/secure.gravatar.com\/avatar\/9391e20481368d5df4fe3e1e476c13b27786347489822ec1ed07e532bb41f587?s=96&d=mm&r=g\",\"caption\":\"Ringier Corporate Communications\"},\"sameAs\":[\"https:\/\/www.ringier.com\"]}]}<\/script>\n<!-- \/ Yoast SEO Premium plugin. -->","yoast_head_json":{"title":"Der \u00abBeobachter Prix Courage\u00bb 2019 geht an Iluska Grass aus Z\u00fcrich - Ringier","robots":{"index":"index","follow":"follow","max-snippet":"max-snippet:-1","max-image-preview":"max-image-preview:large","max-video-preview":"max-video-preview:-1"},"canonical":"https:\/\/www.ringier.com\/de\/der-beobachter-prix-courage-2019-geht-an-iluska-grass-aus-zuerich\/","og_locale":"de_DE","og_type":"article","og_title":"Der \u00abBeobachter Prix Courage\u00bb 2019 geht an Iluska Grass aus Z\u00fcrich","og_description":"Iluska Grass aus Z\u00fcrich wird mit dem \u00abBeobachter Prix Courage\u00bb 2019 ausgezeichnet. Sie besch\u00fctzte einen orthodoxen Juden vor Neonazis. Die Skins hatten den Mann verfolgt, bespuckt und mit Hitler-Parolen verh\u00f6hnt. Der Hauptt\u00e4ter, ein mehrfach vorbestrafter Neonazi, kam massgeblich dank der 28-J\u00e4hrigen vor Gericht und wurde wegen Rassendiskriminierung und T\u00e4tlichkeiten zu einer Gef\u00e4ngnisstrafe verurteilt. Das Obergericht [&hellip;]","og_url":"https:\/\/www.ringier.com\/de\/der-beobachter-prix-courage-2019-geht-an-iluska-grass-aus-zuerich\/","og_site_name":"Ringier","article_publisher":"https:\/\/www.facebook.com\/ringierag\/","article_published_time":"2019-11-01T15:44:00+00:00","article_modified_time":"2024-11-19T13:17:25+00:00","og_image":[{"width":600,"height":400,"url":"https:\/\/www.ringier.com\/wp-content\/uploads\/2024\/01\/Grass_Iluska_600x400.jpg","type":"image\/jpeg"}],"author":"Ringier Corporate Communications","twitter_card":"summary_large_image","twitter_creator":"@ringier_ag","twitter_site":"@ringier_ag","twitter_misc":{"Verfasst von":"Ringier Corporate Communications","Gesch\u00e4tzte Lesezeit":"4 Minuten"},"schema":{"@context":"https:\/\/schema.org","@graph":[{"@type":"Article","@id":"https:\/\/www.ringier.com\/de\/der-beobachter-prix-courage-2019-geht-an-iluska-grass-aus-zuerich\/#article","isPartOf":{"@id":"https:\/\/www.ringier.com\/de\/der-beobachter-prix-courage-2019-geht-an-iluska-grass-aus-zuerich\/"},"author":{"name":"Ringier Corporate Communications","@id":"https:\/\/www.ringier.com\/de\/#\/schema\/person\/4cf76a308dc4b2bb5121bd1e7b752e52"},"headline":"Der \u00abBeobachter Prix Courage\u00bb 2019 geht an Iluska Grass aus Z\u00fcrich","datePublished":"2019-11-01T15:44:00+00:00","dateModified":"2024-11-19T13:17:25+00:00","mainEntityOfPage":{"@id":"https:\/\/www.ringier.com\/de\/der-beobachter-prix-courage-2019-geht-an-iluska-grass-aus-zuerich\/"},"wordCount":689,"publisher":{"@id":"https:\/\/www.ringier.com\/de\/#organization"},"image":{"@id":"https:\/\/www.ringier.com\/de\/der-beobachter-prix-courage-2019-geht-an-iluska-grass-aus-zuerich\/#primaryimage"},"thumbnailUrl":"https:\/\/www.ringier.com\/wp-content\/uploads\/2024\/01\/Grass_Iluska_600x400.jpg","articleSection":["Media","Ringier Medien Schweiz"],"inLanguage":"de-DE"},{"@type":"WebPage","@id":"https:\/\/www.ringier.com\/de\/der-beobachter-prix-courage-2019-geht-an-iluska-grass-aus-zuerich\/","url":"https:\/\/www.ringier.com\/de\/der-beobachter-prix-courage-2019-geht-an-iluska-grass-aus-zuerich\/","name":"Der \u00abBeobachter Prix Courage\u00bb 2019 geht an Iluska Grass aus Z\u00fcrich - Ringier","isPartOf":{"@id":"https:\/\/www.ringier.com\/de\/#website"},"primaryImageOfPage":{"@id":"https:\/\/www.ringier.com\/de\/der-beobachter-prix-courage-2019-geht-an-iluska-grass-aus-zuerich\/#primaryimage"},"image":{"@id":"https:\/\/www.ringier.com\/de\/der-beobachter-prix-courage-2019-geht-an-iluska-grass-aus-zuerich\/#primaryimage"},"thumbnailUrl":"https:\/\/www.ringier.com\/wp-content\/uploads\/2024\/01\/Grass_Iluska_600x400.jpg","datePublished":"2019-11-01T15:44:00+00:00","dateModified":"2024-11-19T13:17:25+00:00","breadcrumb":{"@id":"https:\/\/www.ringier.com\/de\/der-beobachter-prix-courage-2019-geht-an-iluska-grass-aus-zuerich\/#breadcrumb"},"inLanguage":"de-DE","potentialAction":[{"@type":"ReadAction","target":["https:\/\/www.ringier.com\/de\/der-beobachter-prix-courage-2019-geht-an-iluska-grass-aus-zuerich\/"]}]},{"@type":"ImageObject","inLanguage":"de-DE","@id":"https:\/\/www.ringier.com\/de\/der-beobachter-prix-courage-2019-geht-an-iluska-grass-aus-zuerich\/#primaryimage","url":"https:\/\/www.ringier.com\/wp-content\/uploads\/2024\/01\/Grass_Iluska_600x400.jpg","contentUrl":"https:\/\/www.ringier.com\/wp-content\/uploads\/2024\/01\/Grass_Iluska_600x400.jpg","width":600,"height":400,"caption":"Iluska Grass ist f\u00fcr den Prix Courage 2019 nominiert"},{"@type":"BreadcrumbList","@id":"https:\/\/www.ringier.com\/de\/der-beobachter-prix-courage-2019-geht-an-iluska-grass-aus-zuerich\/#breadcrumb","itemListElement":[{"@type":"ListItem","position":1,"name":"Home","item":"https:\/\/www.ringier.com\/de\/"},{"@type":"ListItem","position":2,"name":"Der \u00abBeobachter Prix Courage\u00bb 2019 geht an Iluska Grass aus Z\u00fcrich"}]},{"@type":"WebSite","@id":"https:\/\/www.ringier.com\/de\/#website","url":"https:\/\/www.ringier.com\/de\/","name":"Ringier","description":"We inform. We entertain. We connect","publisher":{"@id":"https:\/\/www.ringier.com\/de\/#organization"},"potentialAction":[{"@type":"SearchAction","target":{"@type":"EntryPoint","urlTemplate":"https:\/\/www.ringier.com\/de\/?s={search_term_string}"},"query-input":{"@type":"PropertyValueSpecification","valueRequired":true,"valueName":"search_term_string"}}],"inLanguage":"de-DE"},{"@type":"Organization","@id":"https:\/\/www.ringier.com\/de\/#organization","name":"Ringier","url":"https:\/\/www.ringier.com\/de\/","logo":{"@type":"ImageObject","inLanguage":"de-DE","@id":"https:\/\/www.ringier.com\/de\/#\/schema\/logo\/image\/","url":"https:\/\/www.ringier.com\/wp-content\/uploads\/2021\/10\/ringier_logo_2.jpg","contentUrl":"https:\/\/www.ringier.com\/wp-content\/uploads\/2021\/10\/ringier_logo_2.jpg","width":750,"height":550,"caption":"Ringier"},"image":{"@id":"https:\/\/www.ringier.com\/de\/#\/schema\/logo\/image\/"},"sameAs":["https:\/\/www.facebook.com\/ringierag\/","https:\/\/x.com\/ringier_ag","https:\/\/www.instagram.com\/ringier_ag\/","https:\/\/www.linkedin.com\/company\/ringier\/","https:\/\/www.youtube.com\/user\/RingierComm","https:\/\/en.wikipedia.org\/wiki\/Ringier","https:\/\/de.wikipedia.org\/wiki\/Ringier","https:\/\/fr.wikipedia.org\/wiki\/Ringier","https:\/\/www.crunchbase.com\/organization\/ringier-ag"]},{"@type":"Person","@id":"https:\/\/www.ringier.com\/de\/#\/schema\/person\/4cf76a308dc4b2bb5121bd1e7b752e52","name":"Ringier Corporate Communications","image":{"@type":"ImageObject","inLanguage":"de-DE","@id":"https:\/\/www.ringier.com\/de\/#\/schema\/person\/image\/","url":"https:\/\/secure.gravatar.com\/avatar\/9391e20481368d5df4fe3e1e476c13b27786347489822ec1ed07e532bb41f587?s=96&d=mm&r=g","contentUrl":"https:\/\/secure.gravatar.com\/avatar\/9391e20481368d5df4fe3e1e476c13b27786347489822ec1ed07e532bb41f587?s=96&d=mm&r=g","caption":"Ringier Corporate Communications"},"sameAs":["https:\/\/www.ringier.com"]}]}},"_links":{"self":[{"href":"https:\/\/www.ringier.com\/de\/wp-json\/wp\/v2\/posts\/18320","targetHints":{"allow":["GET"]}}],"collection":[{"href":"https:\/\/www.ringier.com\/de\/wp-json\/wp\/v2\/posts"}],"about":[{"href":"https:\/\/www.ringier.com\/de\/wp-json\/wp\/v2\/types\/post"}],"author":[{"embeddable":true,"href":"https:\/\/www.ringier.com\/de\/wp-json\/wp\/v2\/users\/23"}],"replies":[{"embeddable":true,"href":"https:\/\/www.ringier.com\/de\/wp-json\/wp\/v2\/comments?post=18320"}],"version-history":[{"count":0,"href":"https:\/\/www.ringier.com\/de\/wp-json\/wp\/v2\/posts\/18320\/revisions"}],"wp:featuredmedia":[{"embeddable":true,"href":"https:\/\/www.ringier.com\/de\/wp-json\/wp\/v2\/media\/18321"}],"wp:attachment":[{"href":"https:\/\/www.ringier.com\/de\/wp-json\/wp\/v2\/media?parent=18320"}],"wp:term":[{"taxonomy":"category","embeddable":true,"href":"https:\/\/www.ringier.com\/de\/wp-json\/wp\/v2\/categories?post=18320"},{"taxonomy":"post_tag","embeddable":true,"href":"https:\/\/www.ringier.com\/de\/wp-json\/wp\/v2\/tags?post=18320"}],"curies":[{"name":"wp","href":"https:\/\/api.w.org\/{rel}","templated":true}]}}