{"id":18217,"date":"2020-06-11T14:03:00","date_gmt":"2020-06-11T12:03:00","guid":{"rendered":"https:\/\/www.ringier.com\/?p=18217"},"modified":"2024-11-19T14:08:38","modified_gmt":"2024-11-19T13:08:38","slug":"nina-siegrist-wird-neue-co-chefredaktorin-der-schweizer-illustrierte","status":"publish","type":"post","link":"https:\/\/www.ringier.com\/de\/nina-siegrist-wird-neue-co-chefredaktorin-der-schweizer-illustrierte\/","title":{"rendered":"Nina Siegrist wird neue Co-Chefredaktorin der Schweizer Illustrierte"},"content":{"rendered":"\n<p>F\u00fchrungswechsel bei der beliebtesten Zeitschrift der Schweiz: Nina Siegrist wird neue Co-Chefredaktorin der&nbsp;<em>Schweizer Illustrierte<\/em>&nbsp;und f\u00fchrt die Redaktion ab 1. Juli 2020 gemeinsam mit dem bisherigen Co-Chefredaktor Werner De Schepper. Sie \u00fcbernimmt den Posten von Stefan Regez, der sich fortan auf seine Aufgaben als Leiter Publikumszeitschriften und Gesch\u00e4ftsleitungsmitglied von Ringier Axel Springer Schweiz konzentriert. \u00abEs freut mich sehr, dass wir unser bew\u00e4hrtes F\u00fchrungsmodell mit Nina Siegrist fortf\u00fchren k\u00f6nnen. Sie \u00fcberzeugt mit journalistischem Feingef\u00fchl, erprobten F\u00fchrungsqualit\u00e4ten und grosser Schaffenskraft\u00bb, so Stefan Regez. \u00abF\u00fcr die neue Aufgabe w\u00fcnsche ich ihr viel Erfolg und Freude.\u00bb<\/p>\n\n\n\n<p>Als erfahrene Journalistin und langj\u00e4hrige Mitarbeiterin der&nbsp;<em>Schweizer Illustrierte<\/em>&nbsp;kennt Nina Siegrist die DNA der traditionsreichen Zeitschrift bestens: \u00abUnsere Marke ist Kult und repr\u00e4sentiert seit \u00fcber hundert Jahren einen Journalismus, bei dem Menschen und der direkte, pers\u00f6nliche Kontakt im Zentrum stehen. Ich freue mich darauf, die Zukunft der&nbsp;<em>Schweizer Illustrierte<\/em>&nbsp;noch aktiver mitgestalten zu d\u00fcrfen \u2013 eine wundersch\u00f6ne, aber auch herausfordernde Aufgabe, besonders in diesen Zeiten.\u00bb Nina Siegrist und Werner De Schepper teilen sich die redaktionelle Verantwortung in einem Pensum von je 80 Prozent. Ein Statement f\u00fcr die Vereinbarkeit von Familie und Karriere: Nina Siegrist ist verheiratet und Mutter von Zwillingen, Werner De Schepper Vater von drei Kindern.<\/p>\n\n\n\n<p>Nina Siegrist, 1979 in Schaffhausen geboren, studierte Publizistik, Betriebswirtschaft und Filmwissenschaften an den Universit\u00e4ten Z\u00fcrich und Hamburg. Journalistische Erfahrungen sammelte sie bei den Schaffhauser Nachrichten, beim Schaffhauser Fernsehen sowie beim Hamburger Abendblatt. Nach Zwischenstationen beim Schweizer Fernsehen und beim Privatsender 3+ war sie ab 2008 in verschiedenen Funktionen f\u00fcr die\u00a0<em>Schweizer Illustrierte<\/em>\u00a0t\u00e4tig, u.a. als Wirtschaftschefin. 2015 \u00fcbernahm sie die Redaktionsleitung der Magazine SI Travel und SI GRUEN. Seit Januar 2019 ist Nina Siegrist Mitglied der Chefredaktion der\u00a0<em>Schweizer Illustrierte<\/em>\u00a0und verantwortete u.a. deren Relaunch.\u00a0<\/p>\n\n\n\n<hr class=\"wp-block-separator has-alpha-channel-opacity\"\/>\n\n\n\n<div style=\"height:11px\" aria-hidden=\"true\" class=\"wp-block-spacer\"><\/div>\n\n\n\n<div class=\"wp-block-columns is-layout-flex wp-container-core-columns-is-layout-9d6595d7 wp-block-columns-is-layout-flex\">\n<div class=\"wp-block-column is-vertically-aligned-bottom is-layout-flow wp-block-column-is-layout-flow\">\n<p class=\"has-small-font-size\">Corporate&nbsp;Communications<br>+41 44 259 64 44<br><a href=\"mailto:media@ringier.ch\" target=\"_blank\" rel=\"noreferrer noopener\">media@ringier.ch<\/a> <br><a href=\"https:\/\/www.ringier.com\/de\/\">www.ringier.co<\/a><a href=\"https:\/\/www.ringier.com\/de\/\" target=\"_blank\" rel=\"noreferrer noopener\">m<\/a><\/p>\n<\/div>\n\n\n\n<div class=\"wp-block-column is-vertically-aligned-bottom is-layout-flow wp-block-column-is-layout-flow\">\n<p class=\"has-text-align-left has-small-font-size\">Ringier AG<br>Dufourstrasse 23<br>8008 Z\u00fcrich<br>Schweiz<\/p>\n<\/div>\n<\/div>\n\n\n\n<p><\/p>\n","protected":false},"excerpt":{"rendered":"<p>Nina Siegrist, bislang stellvertretende Chefredaktorin, wird per 1. Juli 2020 Co-Chefredaktorin der Schweizer Illustrierte. Stefan Regez fokussiert sich k\u00fcnftig auf seine Funktion als Leiter Publikumszeitschriften in der Gesch\u00e4ftsleitung von Ringier Axel Springer Schweiz. Werner De Schepper bleibt Co-Chefredaktor und f\u00fchrt das Team gemeinsam mit Nina Siegrist.<\/p>\n","protected":false},"author":23,"featured_media":18218,"comment_status":"closed","ping_status":"open","sticky":false,"template":"","format":"standard","meta":{"inline_featured_image":false,"footnotes":""},"categories":[371,361],"tags":[],"class_list":["post-18217","post","type-post","status-publish","format-standard","has-post-thumbnail","hentry","category-media-de","category-ringier-medien-schweiz"],"yoast_head":"<!-- This site is optimized with the Yoast SEO Premium plugin v27.0 (Yoast SEO v27.0) - https:\/\/yoast.com\/product\/yoast-seo-premium-wordpress\/ -->\n<title>Nina Siegrist wird neue Co-Chefredaktorin der Schweizer Illustrierte - Ringier<\/title>\n<meta name=\"robots\" content=\"index, follow, max-snippet:-1, max-image-preview:large, max-video-preview:-1\" \/>\n<link rel=\"canonical\" href=\"https:\/\/www.ringier.com\/de\/nina-siegrist-wird-neue-co-chefredaktorin-der-schweizer-illustrierte\/\" \/>\n<meta property=\"og:locale\" content=\"de_DE\" \/>\n<meta property=\"og:type\" content=\"article\" \/>\n<meta property=\"og:title\" content=\"Nina Siegrist wird neue Co-Chefredaktorin der Schweizer Illustrierte\" \/>\n<meta property=\"og:description\" content=\"Nina Siegrist, bislang stellvertretende Chefredaktorin, wird per 1. Juli 2020 Co-Chefredaktorin der Schweizer Illustrierte. Stefan Regez fokussiert sich k\u00fcnftig auf seine Funktion als Leiter Publikumszeitschriften in der Gesch\u00e4ftsleitung von Ringier Axel Springer Schweiz. Werner De Schepper bleibt Co-Chefredaktor und f\u00fchrt das Team gemeinsam mit Nina Siegrist.\" \/>\n<meta property=\"og:url\" content=\"https:\/\/www.ringier.com\/de\/nina-siegrist-wird-neue-co-chefredaktorin-der-schweizer-illustrierte\/\" \/>\n<meta property=\"og:site_name\" content=\"Ringier\" \/>\n<meta property=\"article:publisher\" content=\"https:\/\/www.facebook.com\/ringierag\/\" \/>\n<meta property=\"article:published_time\" content=\"2020-06-11T12:03:00+00:00\" \/>\n<meta property=\"article:modified_time\" content=\"2024-11-19T13:08:38+00:00\" \/>\n<meta property=\"og:image\" content=\"https:\/\/www.ringier.com\/wp-content\/uploads\/2024\/01\/Nina-Siegrist_1.91x1.png\" \/>\n\t<meta property=\"og:image:width\" content=\"1200\" \/>\n\t<meta property=\"og:image:height\" content=\"628\" \/>\n\t<meta property=\"og:image:type\" content=\"image\/png\" \/>\n<meta name=\"author\" content=\"Ringier Corporate Communications\" \/>\n<meta name=\"twitter:card\" content=\"summary_large_image\" \/>\n<meta name=\"twitter:creator\" content=\"@ringier_ag\" \/>\n<meta name=\"twitter:site\" content=\"@ringier_ag\" \/>\n<meta name=\"twitter:label1\" content=\"Verfasst von\" \/>\n\t<meta name=\"twitter:data1\" content=\"Ringier Corporate Communications\" \/>\n\t<meta name=\"twitter:label2\" content=\"Gesch\u00e4tzte Lesezeit\" \/>\n\t<meta name=\"twitter:data2\" content=\"2 Minuten\" \/>\n<script type=\"application\/ld+json\" class=\"yoast-schema-graph\">{\"@context\":\"https:\/\/schema.org\",\"@graph\":[{\"@type\":\"Article\",\"@id\":\"https:\/\/www.ringier.com\/de\/nina-siegrist-wird-neue-co-chefredaktorin-der-schweizer-illustrierte\/#article\",\"isPartOf\":{\"@id\":\"https:\/\/www.ringier.com\/de\/nina-siegrist-wird-neue-co-chefredaktorin-der-schweizer-illustrierte\/\"},\"author\":{\"name\":\"Ringier Corporate Communications\",\"@id\":\"https:\/\/www.ringier.com\/de\/#\/schema\/person\/4cf76a308dc4b2bb5121bd1e7b752e52\"},\"headline\":\"Nina Siegrist wird neue Co-Chefredaktorin der Schweizer Illustrierte\",\"datePublished\":\"2020-06-11T12:03:00+00:00\",\"dateModified\":\"2024-11-19T13:08:38+00:00\",\"mainEntityOfPage\":{\"@id\":\"https:\/\/www.ringier.com\/de\/nina-siegrist-wird-neue-co-chefredaktorin-der-schweizer-illustrierte\/\"},\"wordCount\":329,\"publisher\":{\"@id\":\"https:\/\/www.ringier.com\/de\/#organization\"},\"image\":{\"@id\":\"https:\/\/www.ringier.com\/de\/nina-siegrist-wird-neue-co-chefredaktorin-der-schweizer-illustrierte\/#primaryimage\"},\"thumbnailUrl\":\"https:\/\/www.ringier.com\/wp-content\/uploads\/2024\/01\/Nina-Siegrist_1.91x1.png\",\"articleSection\":[\"Media\",\"Ringier Medien Schweiz\"],\"inLanguage\":\"de-DE\"},{\"@type\":\"WebPage\",\"@id\":\"https:\/\/www.ringier.com\/de\/nina-siegrist-wird-neue-co-chefredaktorin-der-schweizer-illustrierte\/\",\"url\":\"https:\/\/www.ringier.com\/de\/nina-siegrist-wird-neue-co-chefredaktorin-der-schweizer-illustrierte\/\",\"name\":\"Nina Siegrist wird neue Co-Chefredaktorin der Schweizer Illustrierte - Ringier\",\"isPartOf\":{\"@id\":\"https:\/\/www.ringier.com\/de\/#website\"},\"primaryImageOfPage\":{\"@id\":\"https:\/\/www.ringier.com\/de\/nina-siegrist-wird-neue-co-chefredaktorin-der-schweizer-illustrierte\/#primaryimage\"},\"image\":{\"@id\":\"https:\/\/www.ringier.com\/de\/nina-siegrist-wird-neue-co-chefredaktorin-der-schweizer-illustrierte\/#primaryimage\"},\"thumbnailUrl\":\"https:\/\/www.ringier.com\/wp-content\/uploads\/2024\/01\/Nina-Siegrist_1.91x1.png\",\"datePublished\":\"2020-06-11T12:03:00+00:00\",\"dateModified\":\"2024-11-19T13:08:38+00:00\",\"breadcrumb\":{\"@id\":\"https:\/\/www.ringier.com\/de\/nina-siegrist-wird-neue-co-chefredaktorin-der-schweizer-illustrierte\/#breadcrumb\"},\"inLanguage\":\"de-DE\",\"potentialAction\":[{\"@type\":\"ReadAction\",\"target\":[\"https:\/\/www.ringier.com\/de\/nina-siegrist-wird-neue-co-chefredaktorin-der-schweizer-illustrierte\/\"]}]},{\"@type\":\"ImageObject\",\"inLanguage\":\"de-DE\",\"@id\":\"https:\/\/www.ringier.com\/de\/nina-siegrist-wird-neue-co-chefredaktorin-der-schweizer-illustrierte\/#primaryimage\",\"url\":\"https:\/\/www.ringier.com\/wp-content\/uploads\/2024\/01\/Nina-Siegrist_1.91x1.png\",\"contentUrl\":\"https:\/\/www.ringier.com\/wp-content\/uploads\/2024\/01\/Nina-Siegrist_1.91x1.png\",\"width\":1200,\"height\":628},{\"@type\":\"BreadcrumbList\",\"@id\":\"https:\/\/www.ringier.com\/de\/nina-siegrist-wird-neue-co-chefredaktorin-der-schweizer-illustrierte\/#breadcrumb\",\"itemListElement\":[{\"@type\":\"ListItem\",\"position\":1,\"name\":\"Home\",\"item\":\"https:\/\/www.ringier.com\/de\/\"},{\"@type\":\"ListItem\",\"position\":2,\"name\":\"Nina Siegrist wird neue Co-Chefredaktorin der Schweizer Illustrierte\"}]},{\"@type\":\"WebSite\",\"@id\":\"https:\/\/www.ringier.com\/de\/#website\",\"url\":\"https:\/\/www.ringier.com\/de\/\",\"name\":\"Ringier\",\"description\":\"We inform. We entertain. We connect\",\"publisher\":{\"@id\":\"https:\/\/www.ringier.com\/de\/#organization\"},\"potentialAction\":[{\"@type\":\"SearchAction\",\"target\":{\"@type\":\"EntryPoint\",\"urlTemplate\":\"https:\/\/www.ringier.com\/de\/?s={search_term_string}\"},\"query-input\":{\"@type\":\"PropertyValueSpecification\",\"valueRequired\":true,\"valueName\":\"search_term_string\"}}],\"inLanguage\":\"de-DE\"},{\"@type\":\"Organization\",\"@id\":\"https:\/\/www.ringier.com\/de\/#organization\",\"name\":\"Ringier\",\"url\":\"https:\/\/www.ringier.com\/de\/\",\"logo\":{\"@type\":\"ImageObject\",\"inLanguage\":\"de-DE\",\"@id\":\"https:\/\/www.ringier.com\/de\/#\/schema\/logo\/image\/\",\"url\":\"https:\/\/www.ringier.com\/wp-content\/uploads\/2021\/10\/ringier_logo_2.jpg\",\"contentUrl\":\"https:\/\/www.ringier.com\/wp-content\/uploads\/2021\/10\/ringier_logo_2.jpg\",\"width\":750,\"height\":550,\"caption\":\"Ringier\"},\"image\":{\"@id\":\"https:\/\/www.ringier.com\/de\/#\/schema\/logo\/image\/\"},\"sameAs\":[\"https:\/\/www.facebook.com\/ringierag\/\",\"https:\/\/x.com\/ringier_ag\",\"https:\/\/www.instagram.com\/ringier_ag\/\",\"https:\/\/www.linkedin.com\/company\/ringier\/\",\"https:\/\/www.youtube.com\/user\/RingierComm\",\"https:\/\/en.wikipedia.org\/wiki\/Ringier\",\"https:\/\/de.wikipedia.org\/wiki\/Ringier\",\"https:\/\/fr.wikipedia.org\/wiki\/Ringier\",\"https:\/\/www.crunchbase.com\/organization\/ringier-ag\"]},{\"@type\":\"Person\",\"@id\":\"https:\/\/www.ringier.com\/de\/#\/schema\/person\/4cf76a308dc4b2bb5121bd1e7b752e52\",\"name\":\"Ringier Corporate Communications\",\"image\":{\"@type\":\"ImageObject\",\"inLanguage\":\"de-DE\",\"@id\":\"https:\/\/www.ringier.com\/de\/#\/schema\/person\/image\/\",\"url\":\"https:\/\/secure.gravatar.com\/avatar\/9391e20481368d5df4fe3e1e476c13b27786347489822ec1ed07e532bb41f587?s=96&d=mm&r=g\",\"contentUrl\":\"https:\/\/secure.gravatar.com\/avatar\/9391e20481368d5df4fe3e1e476c13b27786347489822ec1ed07e532bb41f587?s=96&d=mm&r=g\",\"caption\":\"Ringier Corporate Communications\"},\"sameAs\":[\"https:\/\/www.ringier.com\"]}]}<\/script>\n<!-- \/ Yoast SEO Premium plugin. -->","yoast_head_json":{"title":"Nina Siegrist wird neue Co-Chefredaktorin der Schweizer Illustrierte - Ringier","robots":{"index":"index","follow":"follow","max-snippet":"max-snippet:-1","max-image-preview":"max-image-preview:large","max-video-preview":"max-video-preview:-1"},"canonical":"https:\/\/www.ringier.com\/de\/nina-siegrist-wird-neue-co-chefredaktorin-der-schweizer-illustrierte\/","og_locale":"de_DE","og_type":"article","og_title":"Nina Siegrist wird neue Co-Chefredaktorin der Schweizer Illustrierte","og_description":"Nina Siegrist, bislang stellvertretende Chefredaktorin, wird per 1. Juli 2020 Co-Chefredaktorin der Schweizer Illustrierte. Stefan Regez fokussiert sich k\u00fcnftig auf seine Funktion als Leiter Publikumszeitschriften in der Gesch\u00e4ftsleitung von Ringier Axel Springer Schweiz. Werner De Schepper bleibt Co-Chefredaktor und f\u00fchrt das Team gemeinsam mit Nina Siegrist.","og_url":"https:\/\/www.ringier.com\/de\/nina-siegrist-wird-neue-co-chefredaktorin-der-schweizer-illustrierte\/","og_site_name":"Ringier","article_publisher":"https:\/\/www.facebook.com\/ringierag\/","article_published_time":"2020-06-11T12:03:00+00:00","article_modified_time":"2024-11-19T13:08:38+00:00","og_image":[{"width":1200,"height":628,"url":"https:\/\/www.ringier.com\/wp-content\/uploads\/2024\/01\/Nina-Siegrist_1.91x1.png","type":"image\/png"}],"author":"Ringier Corporate Communications","twitter_card":"summary_large_image","twitter_creator":"@ringier_ag","twitter_site":"@ringier_ag","twitter_misc":{"Verfasst von":"Ringier Corporate Communications","Gesch\u00e4tzte Lesezeit":"2 Minuten"},"schema":{"@context":"https:\/\/schema.org","@graph":[{"@type":"Article","@id":"https:\/\/www.ringier.com\/de\/nina-siegrist-wird-neue-co-chefredaktorin-der-schweizer-illustrierte\/#article","isPartOf":{"@id":"https:\/\/www.ringier.com\/de\/nina-siegrist-wird-neue-co-chefredaktorin-der-schweizer-illustrierte\/"},"author":{"name":"Ringier Corporate Communications","@id":"https:\/\/www.ringier.com\/de\/#\/schema\/person\/4cf76a308dc4b2bb5121bd1e7b752e52"},"headline":"Nina Siegrist wird neue Co-Chefredaktorin der Schweizer Illustrierte","datePublished":"2020-06-11T12:03:00+00:00","dateModified":"2024-11-19T13:08:38+00:00","mainEntityOfPage":{"@id":"https:\/\/www.ringier.com\/de\/nina-siegrist-wird-neue-co-chefredaktorin-der-schweizer-illustrierte\/"},"wordCount":329,"publisher":{"@id":"https:\/\/www.ringier.com\/de\/#organization"},"image":{"@id":"https:\/\/www.ringier.com\/de\/nina-siegrist-wird-neue-co-chefredaktorin-der-schweizer-illustrierte\/#primaryimage"},"thumbnailUrl":"https:\/\/www.ringier.com\/wp-content\/uploads\/2024\/01\/Nina-Siegrist_1.91x1.png","articleSection":["Media","Ringier Medien Schweiz"],"inLanguage":"de-DE"},{"@type":"WebPage","@id":"https:\/\/www.ringier.com\/de\/nina-siegrist-wird-neue-co-chefredaktorin-der-schweizer-illustrierte\/","url":"https:\/\/www.ringier.com\/de\/nina-siegrist-wird-neue-co-chefredaktorin-der-schweizer-illustrierte\/","name":"Nina Siegrist wird neue Co-Chefredaktorin der Schweizer Illustrierte - Ringier","isPartOf":{"@id":"https:\/\/www.ringier.com\/de\/#website"},"primaryImageOfPage":{"@id":"https:\/\/www.ringier.com\/de\/nina-siegrist-wird-neue-co-chefredaktorin-der-schweizer-illustrierte\/#primaryimage"},"image":{"@id":"https:\/\/www.ringier.com\/de\/nina-siegrist-wird-neue-co-chefredaktorin-der-schweizer-illustrierte\/#primaryimage"},"thumbnailUrl":"https:\/\/www.ringier.com\/wp-content\/uploads\/2024\/01\/Nina-Siegrist_1.91x1.png","datePublished":"2020-06-11T12:03:00+00:00","dateModified":"2024-11-19T13:08:38+00:00","breadcrumb":{"@id":"https:\/\/www.ringier.com\/de\/nina-siegrist-wird-neue-co-chefredaktorin-der-schweizer-illustrierte\/#breadcrumb"},"inLanguage":"de-DE","potentialAction":[{"@type":"ReadAction","target":["https:\/\/www.ringier.com\/de\/nina-siegrist-wird-neue-co-chefredaktorin-der-schweizer-illustrierte\/"]}]},{"@type":"ImageObject","inLanguage":"de-DE","@id":"https:\/\/www.ringier.com\/de\/nina-siegrist-wird-neue-co-chefredaktorin-der-schweizer-illustrierte\/#primaryimage","url":"https:\/\/www.ringier.com\/wp-content\/uploads\/2024\/01\/Nina-Siegrist_1.91x1.png","contentUrl":"https:\/\/www.ringier.com\/wp-content\/uploads\/2024\/01\/Nina-Siegrist_1.91x1.png","width":1200,"height":628},{"@type":"BreadcrumbList","@id":"https:\/\/www.ringier.com\/de\/nina-siegrist-wird-neue-co-chefredaktorin-der-schweizer-illustrierte\/#breadcrumb","itemListElement":[{"@type":"ListItem","position":1,"name":"Home","item":"https:\/\/www.ringier.com\/de\/"},{"@type":"ListItem","position":2,"name":"Nina Siegrist wird neue Co-Chefredaktorin der Schweizer Illustrierte"}]},{"@type":"WebSite","@id":"https:\/\/www.ringier.com\/de\/#website","url":"https:\/\/www.ringier.com\/de\/","name":"Ringier","description":"We inform. We entertain. We connect","publisher":{"@id":"https:\/\/www.ringier.com\/de\/#organization"},"potentialAction":[{"@type":"SearchAction","target":{"@type":"EntryPoint","urlTemplate":"https:\/\/www.ringier.com\/de\/?s={search_term_string}"},"query-input":{"@type":"PropertyValueSpecification","valueRequired":true,"valueName":"search_term_string"}}],"inLanguage":"de-DE"},{"@type":"Organization","@id":"https:\/\/www.ringier.com\/de\/#organization","name":"Ringier","url":"https:\/\/www.ringier.com\/de\/","logo":{"@type":"ImageObject","inLanguage":"de-DE","@id":"https:\/\/www.ringier.com\/de\/#\/schema\/logo\/image\/","url":"https:\/\/www.ringier.com\/wp-content\/uploads\/2021\/10\/ringier_logo_2.jpg","contentUrl":"https:\/\/www.ringier.com\/wp-content\/uploads\/2021\/10\/ringier_logo_2.jpg","width":750,"height":550,"caption":"Ringier"},"image":{"@id":"https:\/\/www.ringier.com\/de\/#\/schema\/logo\/image\/"},"sameAs":["https:\/\/www.facebook.com\/ringierag\/","https:\/\/x.com\/ringier_ag","https:\/\/www.instagram.com\/ringier_ag\/","https:\/\/www.linkedin.com\/company\/ringier\/","https:\/\/www.youtube.com\/user\/RingierComm","https:\/\/en.wikipedia.org\/wiki\/Ringier","https:\/\/de.wikipedia.org\/wiki\/Ringier","https:\/\/fr.wikipedia.org\/wiki\/Ringier","https:\/\/www.crunchbase.com\/organization\/ringier-ag"]},{"@type":"Person","@id":"https:\/\/www.ringier.com\/de\/#\/schema\/person\/4cf76a308dc4b2bb5121bd1e7b752e52","name":"Ringier Corporate Communications","image":{"@type":"ImageObject","inLanguage":"de-DE","@id":"https:\/\/www.ringier.com\/de\/#\/schema\/person\/image\/","url":"https:\/\/secure.gravatar.com\/avatar\/9391e20481368d5df4fe3e1e476c13b27786347489822ec1ed07e532bb41f587?s=96&d=mm&r=g","contentUrl":"https:\/\/secure.gravatar.com\/avatar\/9391e20481368d5df4fe3e1e476c13b27786347489822ec1ed07e532bb41f587?s=96&d=mm&r=g","caption":"Ringier Corporate Communications"},"sameAs":["https:\/\/www.ringier.com"]}]}},"_links":{"self":[{"href":"https:\/\/www.ringier.com\/de\/wp-json\/wp\/v2\/posts\/18217","targetHints":{"allow":["GET"]}}],"collection":[{"href":"https:\/\/www.ringier.com\/de\/wp-json\/wp\/v2\/posts"}],"about":[{"href":"https:\/\/www.ringier.com\/de\/wp-json\/wp\/v2\/types\/post"}],"author":[{"embeddable":true,"href":"https:\/\/www.ringier.com\/de\/wp-json\/wp\/v2\/users\/23"}],"replies":[{"embeddable":true,"href":"https:\/\/www.ringier.com\/de\/wp-json\/wp\/v2\/comments?post=18217"}],"version-history":[{"count":0,"href":"https:\/\/www.ringier.com\/de\/wp-json\/wp\/v2\/posts\/18217\/revisions"}],"wp:featuredmedia":[{"embeddable":true,"href":"https:\/\/www.ringier.com\/de\/wp-json\/wp\/v2\/media\/18218"}],"wp:attachment":[{"href":"https:\/\/www.ringier.com\/de\/wp-json\/wp\/v2\/media?parent=18217"}],"wp:term":[{"taxonomy":"category","embeddable":true,"href":"https:\/\/www.ringier.com\/de\/wp-json\/wp\/v2\/categories?post=18217"},{"taxonomy":"post_tag","embeddable":true,"href":"https:\/\/www.ringier.com\/de\/wp-json\/wp\/v2\/tags?post=18217"}],"curies":[{"name":"wp","href":"https:\/\/api.w.org\/{rel}","templated":true}]}}