{"id":18136,"date":"2020-12-07T09:40:00","date_gmt":"2020-12-07T08:40:00","guid":{"rendered":"https:\/\/www.ringier.com\/?p=18136"},"modified":"2024-11-14T14:19:52","modified_gmt":"2024-11-14T13:19:52","slug":"schweizer-auto-des-jahres-2021-ein-newcomer-und-ein-bestseller-holen-sich-die-trophaeen","status":"publish","type":"post","link":"https:\/\/www.ringier.com\/de\/schweizer-auto-des-jahres-2021-ein-newcomer-und-ein-bestseller-holen-sich-die-trophaeen\/","title":{"rendered":"Schweizer Auto des Jahres 2021: Ein Newcomer und ein Bestseller holen sich die Troph\u00e4en"},"content":{"rendered":"\n<p>Bereits zum zehnten Mal suchte die Schweizer Illustrierte zusammen mit ihren Partnern AutoScout24, BLICK, SonntagsBlick, L\u2019illustr\u00e9 und il caff\u00e8 das \u00abSchweizer Auto des Jahres\u00bb. In den zwei Kategorien der gr\u00f6ssten sprach\u00fcbergreifenden Autowahl buhlten dabei 47 Neuheiten um die Gunst von Jury und Publikum. Eine Schweizer Fachjury k\u00fcrte \u00abDas Schweizer Auto des Jahres\u00bb. Zudem gingen rund 25\u2019000 Stimmen bei der landesweiten Wahl \u00abDas Lieblingsauto der Schweizer\u00bb ein \u2013 das macht einen Zuwachs von rund 50 Prozent gegen\u00fcber der Austragung im letzten Jahr. \u00abDas Auto hat auch und gerade in diesem Pandemie-Jahr eine grosse und treue Fangemeinde in der Schweiz\u00bb, sagt Jurypr\u00e4sident Urs Heller. Die Auszeichnung konnte nicht wie gewohnt an einer \u00abAuto des Jahres\u00bb-Gala \u00fcbergeben werden. Die L\u00f6sung im Corona-Jahr: Rainer Maria Salzgeber moderierte eine digitale Ehrung und \u00fcberbrachte die Troph\u00e4en von Rolf Knie den Gewinnern pers\u00f6nlich. Hier geht\u2019s zum&nbsp;<a href=\"https:\/\/www.schweizer-illustrierte.ch\/content\/auto-des-jahres-2021-die-gewinner-das-video\">Video<\/a>.<\/p>\n\n\n\n<p>Die Mitglieder der f\u00fcnfzehnk\u00f6pfigen Fachjury \u2013 neben Fachjournalisten und Umweltexpertinnen unter anderem der Schweizer DTM-Pilot Nico M\u00fcller, Rennprofi Fredy Barth, sowie Ex-F1-Fahrer und TV-Moderator Marc Surer \u2013 k\u00fcrten die Elektro-Limousine Polestar 2 der in diesem Herbst erst startenden neuen Marke Polestar zum \u00abSchweizer Auto des Jahres 2021\u00bb. Bei der Publikumswahl \u00abLieblingsauto der Schweizer\u00bb setzte sich die neue Generation des Schweizer Bestsellers Skoda Octavia Combi durch.<\/p>\n\n\n\n<p><strong>Das Schweizer Auto des Jahres: Polestar 2<\/strong><\/p>\n\n\n\n<p>Vom Newcomer in der Schweiz zum grossen Sieger: Der noblen Volvo-Tochter Polestar ist mit dem neuen Polestar 2 ein \u00dcberraschungscoup gelungen. Diesen Herbst gerade erst frisch in der Schweiz gestartet, \u00fcberzeugte die batterieelektrische Limousine f\u00fcr ab 57\u2019900 Franken auf der ganzen Linie. Zum nordisch-klaren Design kommen Allradantrieb \u00fcber zwei Elektromotoren mit zusammen 408 PS, ein edel gestaltetes Interieur und volle Vernetzung dank Google-Einbindung. In nur 4,2 Sekunden spurtet der Polestar 2 auf Tempo 100; sein Batteriepaket mit 78 Kilowattstunden Kapazit\u00e4t erm\u00f6glicht bis zu 470 Kilometer Reichweite mit einer Ladung. Aber nicht nur der Polestar 2, sondern auch das Konzept der Marke \u00fcberrascht: Sie will sich ohne festes H\u00e4ndlernetz online und \u00fcber Pop-Up-Stores mit den Kunden vernetzen. Mit 23,0 Prozent der Jurystimmen rollte der Polestar 2 mit deutlichem Abstand \u00fcber die Zielgerade.<\/p>\n\n\n\n<p>Mit 12,0 Prozent der Jurystimmen sicherte sich mit dem VW ID.3 das erste Modell einer ganz neuen Wolfsburger Modellfamilie mit elektrischem Antrieb Platz 2. Mit 9,9 Prozent der Stimmen folgt mit dem Opel Corsa-e das erste Elektromodell der Marke, die sich gerade mit Riesenschritten Richtung Elektrifizierung neu ausrichtet.<\/p>\n\n\n\n<p><strong>Das Lieblingsauto der Schweizer: Skoda Octavia Combi<\/strong><\/p>\n\n\n\n<p>Aus 47 Auto-Neuheiten hat die gr\u00f6sste sprach\u00fcbergreifende Autojury der Schweiz, bestehend aus Leserinnen, Lesern sowie Usern von Schweizer Illustrierte, AutoScout24, BLICK, SonntagsBlick, L\u2019illustr\u00e9 und il caff\u00e8 ihren Favoriten bestimmt. Rund 25\u2019000 Stimmen wurden bei der Wahl zum \u00abLieblingsauto der Schweizer\u00bb abgegeben. Darunter entschieden sich 9,6 Prozent f\u00fcr den Skoda Octavia Combi. Im Jahr 2017 entthronte der kompakte Kombi mit ger\u00e4umigem Interieur den lange unangefochtenen VW Golf als meistverkauftes Auto der Schweiz. Seitdem rangiert er konstant an der Spitze der Verkaufsstatistik \u2013 und in diesem Jahr auch ganz vorn in der Lesergunst. Auf Platz 2 folgt ein bekanntes Modell: Im Jahr 2018 avancierte der Volvo XC40 bereits zum \u00abSchweizer Auto des Jahres\u00bb. Jetzt, drei Jahre sp\u00e4ter, rollt die Variante mit Plug-in-Hybridantrieb mit 7,9 Prozent der Leserstimmen ins Ziel. Mit 6,7 Prozent der Stimmen vervollst\u00e4ndigt der sportliche Elektro-SUV Audi e-tron Sportback S auf Platz 3 das Sieger-Trio.<\/p>\n\n\n\n<p><strong>Gr\u00fcn wird zur Normalit\u00e4t<\/strong><\/p>\n\n\n\n<p>Die Elektromobilit\u00e4t ist in der Schweiz angekommen: Alle Siegermodelle auf den Treppchen beider Wahlen verf\u00fcgen \u00fcber einen rein elektrischen Antrieb oder sind in einer elektrifizierten Variante lieferbar. Die Schweizer Verkaufsstatistik dieses Jahres weist f\u00fcr jeden dritten Neuwagen bereits einen Alternativantrieb aus. Gr\u00fcne Antriebe werden also zur Selbstverst\u00e4ndlichkeit. Nach neun Jahren wurde die Wahl zum \u00abGr\u00fcnsten Auto der Schweiz\u00bb in diesem Jahr daher erstmals nicht mehr ausgetragen. \u00abUnterdessen sind alle Autos gr\u00fcn \u2013 es braucht also die Wahl des \u2039Gr\u00fcnsten Autos der Schweiz\u203a nicht mehr\u00bb, sagt Jurypr\u00e4sident Urs Heller.<\/p>\n\n\n\n<p><strong>Eine gl\u00fcckliche SUV-Gewinnerin<\/strong><\/p>\n\n\n\n<p>Bei der grossen und in allen Landesteilen durchgef\u00fchrten Publikumswahl \u00abLieblingsauto der Schweizer\u00bb konnte man nicht nur f\u00fcr seinen automobilen Favoriten abstimmen, sondern auch attraktive Preise gewinnen. Den Hauptpreis, einen Mitsubishi Outlander PHEV mit sparsamem Plug-in-Hybridantrieb im Wert von bis zu 52\u2019600 Franken, wird k\u00fcnftig Sandra Dabow aus Domat\/Ems steuern. Ronny Zimmermann aus Pf\u00e4ffikon darf sich auf einen Satz Autopneu freuen. Und Marianne Weyeneth aus Wangenried kann sich auf einen Fahrkurs ihrer Wahl bei TCS Training &amp; Events freuen.<\/p>\n\n\n\n<p><strong>Die Sieger 2021 auf einen Blick<\/strong><\/p>\n\n\n\n<p><strong>\u00abDas Schweizer Auto des Jahres\u00bb<\/strong><br>1. Polestar 2<br>2. VW ID.3<br>3. Opel Corsa-e<\/p>\n\n\n\n<p><strong>\u00abDas Lieblingsauto der Schweizer\u00bb<\/strong><br>1. Skoda Octavia Combi<br>2. Volvo XC40 PHEV<br>3. Audi e-tron Sportback S<\/p>\n\n\n<div id=\"gutenslider-u1c1fx9ie\" class=\"wp-block-eedee-block-gutenslider gs-frontend content-change alignnone arrow-style-1 arrow-position-sides arrow-mb-none arrows-lg arrows-md arrows-sm dot-style-1 dots-lg dots-md dots-sm dot-position-bottom is-position-center-center mb-none wrap-auto-height\" data-parallax-direction=\"down\" data-parallax-amount=\"1.3\" data-lg-transition=\"lg-slide\" data-hash=\"\" ><div class=\"eedee-swiper-outer\" style=\"--gutenslider-min-height: 50vh;--gutenslider-arrow-size: 30px;--gutenslider-dot-size: 25px;--gutenslider-arrow-color: #ffffff;--gutenslider-dot-color: #ffffff;--gutenslider-padding-y-mobile: 40px;--gutenslider-padding-x-mobile: 40px;--gutenslider-padding-y-tablet: 40px;--gutenslider-padding-x-tablet: 40px;--gutenslider-padding-y-desktop: 40px;--gutenslider-padding-x-desktop: 40px;--gutenslider-bg-image: url();--gutenslider-min-height-md: 50vh;--gutenslider-min-height-sm: 50vh;--gutenslider-padding-x: 40px;--gutenslider-padding-x-md: 40px;--gutenslider-padding-x-sm: 20px;--gutenslider-padding-y: 40px;--gutenslider-padding-y-md: 40px;--gutenslider-padding-y-sm: 20px;--gutenslider-arrow-size-md: 30px;--gutenslider-arrow-size-sm: 30px;--gutenslider-dot-size-md: 25px;--gutenslider-dot-size-sm: 25px;--gutenslider-arrow-bg-color: transparent;--gutenslider-arrow-hover-color: #eeeeee;--gutenslider-arrow-bg-hover-color: transparent;--gutenslider-arrow-x-offset: 10px;--gutenslider-arrow-x-offset-md: 10px;--gutenslider-arrow-x-offset-sm: 10px;--gutenslider-arrow-y-offset: 0px;--gutenslider-arrow-y-offset-md: 0px;--gutenslider-arrow-y-offset-sm: 0px;--gutenslider-arrow-x-spacing: 0px;--gutenslider-dot-y-offset: 10px;--gutenslider-dot-y-offset-md: 10px;--gutenslider-dot-y-offset-sm: 10px;--gutenslider-margin-x: 0px;--gutenslider-margin-x-md: 0px;--gutenslider-margin-x-sm: 0px;--gutenslider-margin-y: 0px;--gutenslider-margin-y-md: 0px;--gutenslider-margin-y-sm: 0px;--gutenslider-divider-top: 60px;--gutenslider-divider-bottom: 60px;--gutenslider-lightgallery-bg: #ffffff;--gutenslider-lightgallery-font: #000000;--gs-first-pos: 50% 50%;--gs-gap-vertical: var( --wp--style--gallery-gap-default, var( --gallery-block--gutter-size, var( --wp--style--block-gap, 0.5em ) ) );--gs-gap-horizontal: var( --wp--style--gallery-gap-default, var( --gallery-block--gutter-size, var( --wp--style--block-gap, 0.5em ) ) );\"><div class=\"gutenslider-divider-top\" style=\"color:#fff;\"><\/div><div class=\"swiper\" data-settings='{\"autoplay\":{\"delay\":3000,\"pauseOnMouseEnter\":true,\"disableOnInteraction\":false},\"speed\":700,\"direction\":\"horizontal\",\"autoHeight\":\"\",\"loop\":true,\"centeredSlides\":true,\"spaceBetween\":0,\"slidesPerView\":1,\"slidesPerGroup\":1,\"effect\":\"slide\",\"coverflowEffect\":{\"rotate\":30,\"slideShadows\":false,\"depth\":100,\"stretch\":50,\"modifier\":1},\"fadeEffect\":{\"crossFade\":true},\"zoom\":\"\",\"navigation\":{\"nextEl\":\"#gutenslider-u1c1fx9ie .eedee-gutenslider-next\",\"prevEl\":\"#gutenslider-u1c1fx9ie .eedee-gutenslider-prev\"},\"pagination\":{\"type\":\"bullets\",\"clickable\":true,\"dynamicBullets\":false,\"el\":\"#gutenslider-u1c1fx9ie .eedee-gutenslider-pagination\"},\"pauseOnHover\":\"1\",\"watchSlidesProgress\":true,\"watchSlidesVisibility\":true,\"settingsMd\":{\"autoHeight\":\"\",\"slidesPerView\":1,\"slidesPerGroup\":1,\"spaceBetween\":0,\"loop\":true},\"settingsLg\":{\"autoHeight\":\"\",\"slidesPerView\":1,\"slidesPerGroup\":1,\"spaceBetween\":0,\"loop\":true},\"hasLg\":false,\"hasLgCounter\":true,\"isFullScreen\":false,\"arrowsFollowMouse\":false,\"lgTitle\":\"none\",\"lgCaption\":\"none\",\"lgThumbnails\":true,\"lgZoomEnabled\":false,\"keyboard\":{\"keyboard\":{\"enabled\":true,\"onlyInViewport\":true}},\"hashNavigation\":false,\"dividers\":false}'><div class=\"swiper-wrapper\">\n<div class=\"swiper-slide wp-block-eedee-block-gutenslide is-position-center-center ed-bg-image\" style=\"--ed-vw:300;--ed-vh:200;\" data-hash=\"\"><div class=\"eedee-background-div bg-image\"><img loading=\"lazy\" width=\"1005\" height=\"670\" class=\"wp-image-18146\" src=\"https:\/\/www.ringier.com\/wp-content\/uploads\/2024\/01\/preisuebergabe_gewinnerin_hauptpreis_leserwahl_bernd_hoch_und_sandra_dabow_2020.png\" alt=\"\" decoding=\"async\" style=\"object-fit: cover; object-position: 50% 50%;\"  data-title=\"preisuebergabe_gewinnerin_hauptpreis_leserwahl_bernd_hoch_und_sandra_dabow_2020\" srcset=\"https:\/\/www.ringier.com\/wp-content\/uploads\/2024\/01\/preisuebergabe_gewinnerin_hauptpreis_leserwahl_bernd_hoch_und_sandra_dabow_2020.png 1005w, https:\/\/www.ringier.com\/wp-content\/uploads\/2024\/01\/preisuebergabe_gewinnerin_hauptpreis_leserwahl_bernd_hoch_und_sandra_dabow_2020-300x200.png 300w, https:\/\/www.ringier.com\/wp-content\/uploads\/2024\/01\/preisuebergabe_gewinnerin_hauptpreis_leserwahl_bernd_hoch_und_sandra_dabow_2020-768x512.png 768w\" sizes=\"auto, (max-width: 1005px) 100vw, 1005px\" \/><div class=\"eedee-background-div__overlay\" style=\"opacity:1;\"><\/div><\/div><div class=\"slide-content\">\n\n<p class=\"has-text-align-center gutenslider-content-initial has-larger-font-size\"><\/p>\n\n<\/div><\/div>\n\n<div class=\"swiper-slide wp-block-eedee-block-gutenslide is-position-center-center ed-bg-image\" style=\"--ed-vw:300;--ed-vh:164;\" data-hash=\"\"><div class=\"eedee-background-div bg-image\"><img loading=\"lazy\" width=\"1000\" height=\"546\" class=\"wp-image-18143\" src=\"https:\/\/www.ringier.com\/wp-content\/uploads\/2024\/01\/dasschweizerautodesjahres_polestar_2020.png\" alt=\"\" decoding=\"async\" style=\"object-fit: cover; object-position: 50% 50%;\"  data-title=\"dasschweizerautodesjahres_polestar_2020\" srcset=\"https:\/\/www.ringier.com\/wp-content\/uploads\/2024\/01\/dasschweizerautodesjahres_polestar_2020.png 1000w, https:\/\/www.ringier.com\/wp-content\/uploads\/2024\/01\/dasschweizerautodesjahres_polestar_2020-300x164.png 300w, https:\/\/www.ringier.com\/wp-content\/uploads\/2024\/01\/dasschweizerautodesjahres_polestar_2020-768x419.png 768w\" sizes=\"auto, (max-width: 1000px) 100vw, 1000px\" \/><div class=\"eedee-background-div__overlay\" style=\"opacity:1;\"><\/div><\/div><div class=\"slide-content\">\n\n<p class=\"has-text-align-center gutenslider-content-initial has-larger-font-size\"><\/p>\n\n<\/div><\/div>\n\n<div class=\"swiper-slide wp-block-eedee-block-gutenslide is-position-center-center ed-bg-image\" style=\"--ed-vw:300;--ed-vh:200;\" data-hash=\"\"><div class=\"eedee-background-div bg-image\"><img loading=\"lazy\" width=\"1005\" height=\"670\" class=\"wp-image-18140\" src=\"https:\/\/www.ringier.com\/wp-content\/uploads\/2024\/01\/daslieblingsautoderschweizer_skoda_octavia_combi_2020.png\" alt=\"\" decoding=\"async\" style=\"object-fit: cover; object-position: 50% 50%;\"  data-title=\"daslieblingsautoderschweizer_skoda_octavia_combi_2020\" srcset=\"https:\/\/www.ringier.com\/wp-content\/uploads\/2024\/01\/daslieblingsautoderschweizer_skoda_octavia_combi_2020.png 1005w, https:\/\/www.ringier.com\/wp-content\/uploads\/2024\/01\/daslieblingsautoderschweizer_skoda_octavia_combi_2020-300x200.png 300w, https:\/\/www.ringier.com\/wp-content\/uploads\/2024\/01\/daslieblingsautoderschweizer_skoda_octavia_combi_2020-768x512.png 768w\" sizes=\"auto, (max-width: 1005px) 100vw, 1005px\" \/><div class=\"eedee-background-div__overlay\" style=\"opacity:1;\"><\/div><\/div><div class=\"slide-content\">\n\n<p class=\"has-text-align-center gutenslider-content-initial has-larger-font-size\"><\/p>\n\n<\/div><\/div>\n<\/div><\/div><button class=\"eedee-gutenslider-nav eedee-gutenslider-prev\"><svg xmlns=\"http:\/\/www.w3.org\/2000\/svg\" viewBox=\"0 0 24 24\" width=\"24\" height=\"24\"><circle class=\"bg\" cx=\"13\" cy=\"12\" r=\"11\" \/><path fill=\"none\" d=\"M0 0h24v24H0z\"\/><path class=\"arrow\" d=\"M10.828 12l4.95 4.95-1.414 1.414L8 12l6.364-6.364 1.414 1.414z\"\/><\/svg><\/button><button class=\"eedee-gutenslider-nav eedee-gutenslider-next\"><svg xmlns=\"http:\/\/www.w3.org\/2000\/svg\" viewBox=\"0 0 24 24\" width=\"24\" height=\"24\"><circle class=\"bg\" cx=\"11\" cy=\"12\" r=\"11\" \/><path fill=\"none\" d=\"M0 0h24v24H0z\"\/><path class=\"arrow\" d=\"M13.172 12l-4.95-4.95 1.414-1.414L16 12l-6.364 6.364-1.414-1.414z\"\/><\/svg><\/button><div class=\"eedee-gutenslider-pagination\"><\/div><div class=\"gutenslider-divider-bottom \" style=\"color:#fff;\"><\/div><\/div><\/div>\n\n\n<p>Alle Bilder k\u00f6nnen unter&nbsp;<a href=\"http:\/\/www.schweizer-auto-des-jahres.ch\/bilder\">www.schweizer-auto-des-jahres.ch\/bilder<\/a>&nbsp;heruntergeladen werden.<\/p>\n\n\n\n<hr class=\"wp-block-separator has-alpha-channel-opacity\"\/>\n\n\n\n<p class=\"has-small-font-size\"><strong>\u00dcber die&nbsp;Schweizer Illustrierte<\/strong><\/p>\n\n\n\n<p class=\"has-small-font-size\">Die&nbsp;Schweizer Illustrierte&nbsp;ist die beliebteste Zeitschrift der Schweiz. Getreu dem Motto \u00abWir zeigen Menschen, die die Schweiz bewegen \u2013 so, wie man sie sonst nirgendwo sieht\u00bb bietet die&nbsp;<em>Schweizer Illustrierte<\/em>&nbsp;\u00fcberraschende Portr\u00e4ts, bewegende Reportagen, sch\u00f6ne Homestorys und ehrliche Interviews. Gezeigt werden die spannendsten Pers\u00f6nlichkeiten aus den Bereichen Sport, Kultur, Politik, Wirtschaft und Unterhaltung. Die&nbsp;<em>Schweizer Illustrierte<\/em>&nbsp;wurde 1911 gegr\u00fcndet und begeistert ihre Leserschaft seit \u00fcber 100 Jahren.<\/p>\n\n\n\n<div style=\"height:12px\" aria-hidden=\"true\" class=\"wp-block-spacer\"><\/div>\n\n\n\n<div class=\"wp-block-columns is-layout-flex wp-container-core-columns-is-layout-9d6595d7 wp-block-columns-is-layout-flex\">\n<div class=\"wp-block-column is-vertically-aligned-bottom is-layout-flow wp-block-column-is-layout-flow\">\n<p class=\"has-small-font-size\">Corporate&nbsp;Communications<br>+41 44 259 64 44<br><a href=\"mailto:media@ringier.ch\" target=\"_blank\" rel=\"noreferrer noopener\">media@ringier.ch<\/a> <br><a href=\"https:\/\/www.ringier.com\/de\/\">www.ringier.co<\/a><a href=\"https:\/\/www.ringier.com\/de\/\" target=\"_blank\" rel=\"noreferrer noopener\">m<\/a><\/p>\n<\/div>\n\n\n\n<div class=\"wp-block-column is-vertically-aligned-bottom is-layout-flow wp-block-column-is-layout-flow\">\n<p class=\"has-text-align-left has-small-font-size\">Ringier AG<br>Dufourstrasse 23<br>8008 Z\u00fcrich<br>Schweiz<\/p>\n<\/div>\n<\/div>\n","protected":false},"excerpt":{"rendered":"<p>Die f\u00fcnfzehnk\u00f6pfige Fachjury verleiht dem vollelektrischen Polestar 2 den begehrten Titel \u00abSchweizer Auto des Jahres 2021\u00bb. Bei der in allen Landesteilen durchgef\u00fchrten, repr\u00e4sentativen Publikumswahl von Schweizer Illustrierte und AutoScout24 gewinnt mit dem Skoda Octavia Combi das meistverkaufte Auto der Schweiz die Auszeichnung \u00abDas Lieblingsauto der Schweizer\u00bb.<\/p>\n","protected":false},"author":23,"featured_media":18137,"comment_status":"closed","ping_status":"open","sticky":false,"template":"","format":"standard","meta":{"inline_featured_image":false,"footnotes":""},"categories":[371,361],"tags":[],"class_list":["post-18136","post","type-post","status-publish","format-standard","has-post-thumbnail","hentry","category-media-de","category-ringier-medien-schweiz"],"yoast_head":"<!-- This site is optimized with the Yoast SEO Premium plugin v27.0 (Yoast SEO v27.0) - https:\/\/yoast.com\/product\/yoast-seo-premium-wordpress\/ -->\n<title>Schweizer Auto des Jahres 2021: Ein Newcomer und ein Bestseller holen sich die Troph\u00e4en - Ringier<\/title>\n<meta name=\"robots\" content=\"index, follow, max-snippet:-1, max-image-preview:large, max-video-preview:-1\" \/>\n<link rel=\"canonical\" href=\"https:\/\/www.ringier.com\/de\/schweizer-auto-des-jahres-2021-ein-newcomer-und-ein-bestseller-holen-sich-die-trophaeen\/\" \/>\n<meta property=\"og:locale\" content=\"de_DE\" \/>\n<meta property=\"og:type\" content=\"article\" \/>\n<meta property=\"og:title\" content=\"Schweizer Auto des Jahres 2021: Ein Newcomer und ein Bestseller holen sich die Troph\u00e4en\" \/>\n<meta property=\"og:description\" content=\"Die f\u00fcnfzehnk\u00f6pfige Fachjury verleiht dem vollelektrischen Polestar 2 den begehrten Titel \u00abSchweizer Auto des Jahres 2021\u00bb. Bei der in allen Landesteilen durchgef\u00fchrten, repr\u00e4sentativen Publikumswahl von Schweizer Illustrierte und AutoScout24 gewinnt mit dem Skoda Octavia Combi das meistverkaufte Auto der Schweiz die Auszeichnung \u00abDas Lieblingsauto der Schweizer\u00bb.\" \/>\n<meta property=\"og:url\" content=\"https:\/\/www.ringier.com\/de\/schweizer-auto-des-jahres-2021-ein-newcomer-und-ein-bestseller-holen-sich-die-trophaeen\/\" \/>\n<meta property=\"og:site_name\" content=\"Ringier\" \/>\n<meta property=\"article:publisher\" content=\"https:\/\/www.facebook.com\/ringierag\/\" \/>\n<meta property=\"article:published_time\" content=\"2020-12-07T08:40:00+00:00\" \/>\n<meta property=\"article:modified_time\" content=\"2024-11-14T13:19:52+00:00\" \/>\n<meta property=\"og:image\" content=\"https:\/\/www.ringier.com\/wp-content\/uploads\/2024\/01\/dasschweizerautodesjahres_polestar_2020-1.png\" \/>\n\t<meta property=\"og:image:width\" content=\"1005\" \/>\n\t<meta property=\"og:image:height\" content=\"670\" \/>\n\t<meta property=\"og:image:type\" content=\"image\/png\" \/>\n<meta name=\"author\" content=\"Ringier Corporate Communications\" \/>\n<meta name=\"twitter:card\" content=\"summary_large_image\" \/>\n<meta name=\"twitter:creator\" content=\"@ringier_ag\" \/>\n<meta name=\"twitter:site\" content=\"@ringier_ag\" \/>\n<meta name=\"twitter:label1\" content=\"Verfasst von\" \/>\n\t<meta name=\"twitter:data1\" content=\"Ringier Corporate Communications\" \/>\n\t<meta name=\"twitter:label2\" content=\"Gesch\u00e4tzte Lesezeit\" \/>\n\t<meta name=\"twitter:data2\" content=\"5 Minuten\" \/>\n<script type=\"application\/ld+json\" class=\"yoast-schema-graph\">{\"@context\":\"https:\/\/schema.org\",\"@graph\":[{\"@type\":\"Article\",\"@id\":\"https:\/\/www.ringier.com\/de\/schweizer-auto-des-jahres-2021-ein-newcomer-und-ein-bestseller-holen-sich-die-trophaeen\/#article\",\"isPartOf\":{\"@id\":\"https:\/\/www.ringier.com\/de\/schweizer-auto-des-jahres-2021-ein-newcomer-und-ein-bestseller-holen-sich-die-trophaeen\/\"},\"author\":{\"name\":\"Ringier Corporate Communications\",\"@id\":\"https:\/\/www.ringier.com\/de\/#\/schema\/person\/4cf76a308dc4b2bb5121bd1e7b752e52\"},\"headline\":\"Schweizer Auto des Jahres 2021: Ein Newcomer und ein Bestseller holen sich die Troph\u00e4en\",\"datePublished\":\"2020-12-07T08:40:00+00:00\",\"dateModified\":\"2024-11-14T13:19:52+00:00\",\"mainEntityOfPage\":{\"@id\":\"https:\/\/www.ringier.com\/de\/schweizer-auto-des-jahres-2021-ein-newcomer-und-ein-bestseller-holen-sich-die-trophaeen\/\"},\"wordCount\":876,\"publisher\":{\"@id\":\"https:\/\/www.ringier.com\/de\/#organization\"},\"image\":{\"@id\":\"https:\/\/www.ringier.com\/de\/schweizer-auto-des-jahres-2021-ein-newcomer-und-ein-bestseller-holen-sich-die-trophaeen\/#primaryimage\"},\"thumbnailUrl\":\"https:\/\/www.ringier.com\/wp-content\/uploads\/2024\/01\/dasschweizerautodesjahres_polestar_2020-1.png\",\"articleSection\":[\"Media\",\"Ringier Medien Schweiz\"],\"inLanguage\":\"de-DE\"},{\"@type\":\"WebPage\",\"@id\":\"https:\/\/www.ringier.com\/de\/schweizer-auto-des-jahres-2021-ein-newcomer-und-ein-bestseller-holen-sich-die-trophaeen\/\",\"url\":\"https:\/\/www.ringier.com\/de\/schweizer-auto-des-jahres-2021-ein-newcomer-und-ein-bestseller-holen-sich-die-trophaeen\/\",\"name\":\"Schweizer Auto des Jahres 2021: Ein Newcomer und ein Bestseller holen sich die Troph\u00e4en - Ringier\",\"isPartOf\":{\"@id\":\"https:\/\/www.ringier.com\/de\/#website\"},\"primaryImageOfPage\":{\"@id\":\"https:\/\/www.ringier.com\/de\/schweizer-auto-des-jahres-2021-ein-newcomer-und-ein-bestseller-holen-sich-die-trophaeen\/#primaryimage\"},\"image\":{\"@id\":\"https:\/\/www.ringier.com\/de\/schweizer-auto-des-jahres-2021-ein-newcomer-und-ein-bestseller-holen-sich-die-trophaeen\/#primaryimage\"},\"thumbnailUrl\":\"https:\/\/www.ringier.com\/wp-content\/uploads\/2024\/01\/dasschweizerautodesjahres_polestar_2020-1.png\",\"datePublished\":\"2020-12-07T08:40:00+00:00\",\"dateModified\":\"2024-11-14T13:19:52+00:00\",\"breadcrumb\":{\"@id\":\"https:\/\/www.ringier.com\/de\/schweizer-auto-des-jahres-2021-ein-newcomer-und-ein-bestseller-holen-sich-die-trophaeen\/#breadcrumb\"},\"inLanguage\":\"de-DE\",\"potentialAction\":[{\"@type\":\"ReadAction\",\"target\":[\"https:\/\/www.ringier.com\/de\/schweizer-auto-des-jahres-2021-ein-newcomer-und-ein-bestseller-holen-sich-die-trophaeen\/\"]}]},{\"@type\":\"ImageObject\",\"inLanguage\":\"de-DE\",\"@id\":\"https:\/\/www.ringier.com\/de\/schweizer-auto-des-jahres-2021-ein-newcomer-und-ein-bestseller-holen-sich-die-trophaeen\/#primaryimage\",\"url\":\"https:\/\/www.ringier.com\/wp-content\/uploads\/2024\/01\/dasschweizerautodesjahres_polestar_2020-1.png\",\"contentUrl\":\"https:\/\/www.ringier.com\/wp-content\/uploads\/2024\/01\/dasschweizerautodesjahres_polestar_2020-1.png\",\"width\":1005,\"height\":670},{\"@type\":\"BreadcrumbList\",\"@id\":\"https:\/\/www.ringier.com\/de\/schweizer-auto-des-jahres-2021-ein-newcomer-und-ein-bestseller-holen-sich-die-trophaeen\/#breadcrumb\",\"itemListElement\":[{\"@type\":\"ListItem\",\"position\":1,\"name\":\"Home\",\"item\":\"https:\/\/www.ringier.com\/de\/\"},{\"@type\":\"ListItem\",\"position\":2,\"name\":\"Schweizer Auto des Jahres 2021: Ein Newcomer und ein Bestseller holen sich die Troph\u00e4en\"}]},{\"@type\":\"WebSite\",\"@id\":\"https:\/\/www.ringier.com\/de\/#website\",\"url\":\"https:\/\/www.ringier.com\/de\/\",\"name\":\"Ringier\",\"description\":\"We inform. We entertain. We connect\",\"publisher\":{\"@id\":\"https:\/\/www.ringier.com\/de\/#organization\"},\"potentialAction\":[{\"@type\":\"SearchAction\",\"target\":{\"@type\":\"EntryPoint\",\"urlTemplate\":\"https:\/\/www.ringier.com\/de\/?s={search_term_string}\"},\"query-input\":{\"@type\":\"PropertyValueSpecification\",\"valueRequired\":true,\"valueName\":\"search_term_string\"}}],\"inLanguage\":\"de-DE\"},{\"@type\":\"Organization\",\"@id\":\"https:\/\/www.ringier.com\/de\/#organization\",\"name\":\"Ringier\",\"url\":\"https:\/\/www.ringier.com\/de\/\",\"logo\":{\"@type\":\"ImageObject\",\"inLanguage\":\"de-DE\",\"@id\":\"https:\/\/www.ringier.com\/de\/#\/schema\/logo\/image\/\",\"url\":\"https:\/\/www.ringier.com\/wp-content\/uploads\/2021\/10\/ringier_logo_2.jpg\",\"contentUrl\":\"https:\/\/www.ringier.com\/wp-content\/uploads\/2021\/10\/ringier_logo_2.jpg\",\"width\":750,\"height\":550,\"caption\":\"Ringier\"},\"image\":{\"@id\":\"https:\/\/www.ringier.com\/de\/#\/schema\/logo\/image\/\"},\"sameAs\":[\"https:\/\/www.facebook.com\/ringierag\/\",\"https:\/\/x.com\/ringier_ag\",\"https:\/\/www.instagram.com\/ringier_ag\/\",\"https:\/\/www.linkedin.com\/company\/ringier\/\",\"https:\/\/www.youtube.com\/user\/RingierComm\",\"https:\/\/en.wikipedia.org\/wiki\/Ringier\",\"https:\/\/de.wikipedia.org\/wiki\/Ringier\",\"https:\/\/fr.wikipedia.org\/wiki\/Ringier\",\"https:\/\/www.crunchbase.com\/organization\/ringier-ag\"]},{\"@type\":\"Person\",\"@id\":\"https:\/\/www.ringier.com\/de\/#\/schema\/person\/4cf76a308dc4b2bb5121bd1e7b752e52\",\"name\":\"Ringier Corporate Communications\",\"image\":{\"@type\":\"ImageObject\",\"inLanguage\":\"de-DE\",\"@id\":\"https:\/\/www.ringier.com\/de\/#\/schema\/person\/image\/\",\"url\":\"https:\/\/secure.gravatar.com\/avatar\/9391e20481368d5df4fe3e1e476c13b27786347489822ec1ed07e532bb41f587?s=96&d=mm&r=g\",\"contentUrl\":\"https:\/\/secure.gravatar.com\/avatar\/9391e20481368d5df4fe3e1e476c13b27786347489822ec1ed07e532bb41f587?s=96&d=mm&r=g\",\"caption\":\"Ringier Corporate Communications\"},\"sameAs\":[\"https:\/\/www.ringier.com\"]}]}<\/script>\n<!-- \/ Yoast SEO Premium plugin. -->","yoast_head_json":{"title":"Schweizer Auto des Jahres 2021: Ein Newcomer und ein Bestseller holen sich die Troph\u00e4en - Ringier","robots":{"index":"index","follow":"follow","max-snippet":"max-snippet:-1","max-image-preview":"max-image-preview:large","max-video-preview":"max-video-preview:-1"},"canonical":"https:\/\/www.ringier.com\/de\/schweizer-auto-des-jahres-2021-ein-newcomer-und-ein-bestseller-holen-sich-die-trophaeen\/","og_locale":"de_DE","og_type":"article","og_title":"Schweizer Auto des Jahres 2021: Ein Newcomer und ein Bestseller holen sich die Troph\u00e4en","og_description":"Die f\u00fcnfzehnk\u00f6pfige Fachjury verleiht dem vollelektrischen Polestar 2 den begehrten Titel \u00abSchweizer Auto des Jahres 2021\u00bb. Bei der in allen Landesteilen durchgef\u00fchrten, repr\u00e4sentativen Publikumswahl von Schweizer Illustrierte und AutoScout24 gewinnt mit dem Skoda Octavia Combi das meistverkaufte Auto der Schweiz die Auszeichnung \u00abDas Lieblingsauto der Schweizer\u00bb.","og_url":"https:\/\/www.ringier.com\/de\/schweizer-auto-des-jahres-2021-ein-newcomer-und-ein-bestseller-holen-sich-die-trophaeen\/","og_site_name":"Ringier","article_publisher":"https:\/\/www.facebook.com\/ringierag\/","article_published_time":"2020-12-07T08:40:00+00:00","article_modified_time":"2024-11-14T13:19:52+00:00","og_image":[{"width":1005,"height":670,"url":"https:\/\/www.ringier.com\/wp-content\/uploads\/2024\/01\/dasschweizerautodesjahres_polestar_2020-1.png","type":"image\/png"}],"author":"Ringier Corporate Communications","twitter_card":"summary_large_image","twitter_creator":"@ringier_ag","twitter_site":"@ringier_ag","twitter_misc":{"Verfasst von":"Ringier Corporate Communications","Gesch\u00e4tzte Lesezeit":"5 Minuten"},"schema":{"@context":"https:\/\/schema.org","@graph":[{"@type":"Article","@id":"https:\/\/www.ringier.com\/de\/schweizer-auto-des-jahres-2021-ein-newcomer-und-ein-bestseller-holen-sich-die-trophaeen\/#article","isPartOf":{"@id":"https:\/\/www.ringier.com\/de\/schweizer-auto-des-jahres-2021-ein-newcomer-und-ein-bestseller-holen-sich-die-trophaeen\/"},"author":{"name":"Ringier Corporate Communications","@id":"https:\/\/www.ringier.com\/de\/#\/schema\/person\/4cf76a308dc4b2bb5121bd1e7b752e52"},"headline":"Schweizer Auto des Jahres 2021: Ein Newcomer und ein Bestseller holen sich die Troph\u00e4en","datePublished":"2020-12-07T08:40:00+00:00","dateModified":"2024-11-14T13:19:52+00:00","mainEntityOfPage":{"@id":"https:\/\/www.ringier.com\/de\/schweizer-auto-des-jahres-2021-ein-newcomer-und-ein-bestseller-holen-sich-die-trophaeen\/"},"wordCount":876,"publisher":{"@id":"https:\/\/www.ringier.com\/de\/#organization"},"image":{"@id":"https:\/\/www.ringier.com\/de\/schweizer-auto-des-jahres-2021-ein-newcomer-und-ein-bestseller-holen-sich-die-trophaeen\/#primaryimage"},"thumbnailUrl":"https:\/\/www.ringier.com\/wp-content\/uploads\/2024\/01\/dasschweizerautodesjahres_polestar_2020-1.png","articleSection":["Media","Ringier Medien Schweiz"],"inLanguage":"de-DE"},{"@type":"WebPage","@id":"https:\/\/www.ringier.com\/de\/schweizer-auto-des-jahres-2021-ein-newcomer-und-ein-bestseller-holen-sich-die-trophaeen\/","url":"https:\/\/www.ringier.com\/de\/schweizer-auto-des-jahres-2021-ein-newcomer-und-ein-bestseller-holen-sich-die-trophaeen\/","name":"Schweizer Auto des Jahres 2021: Ein Newcomer und ein Bestseller holen sich die Troph\u00e4en - Ringier","isPartOf":{"@id":"https:\/\/www.ringier.com\/de\/#website"},"primaryImageOfPage":{"@id":"https:\/\/www.ringier.com\/de\/schweizer-auto-des-jahres-2021-ein-newcomer-und-ein-bestseller-holen-sich-die-trophaeen\/#primaryimage"},"image":{"@id":"https:\/\/www.ringier.com\/de\/schweizer-auto-des-jahres-2021-ein-newcomer-und-ein-bestseller-holen-sich-die-trophaeen\/#primaryimage"},"thumbnailUrl":"https:\/\/www.ringier.com\/wp-content\/uploads\/2024\/01\/dasschweizerautodesjahres_polestar_2020-1.png","datePublished":"2020-12-07T08:40:00+00:00","dateModified":"2024-11-14T13:19:52+00:00","breadcrumb":{"@id":"https:\/\/www.ringier.com\/de\/schweizer-auto-des-jahres-2021-ein-newcomer-und-ein-bestseller-holen-sich-die-trophaeen\/#breadcrumb"},"inLanguage":"de-DE","potentialAction":[{"@type":"ReadAction","target":["https:\/\/www.ringier.com\/de\/schweizer-auto-des-jahres-2021-ein-newcomer-und-ein-bestseller-holen-sich-die-trophaeen\/"]}]},{"@type":"ImageObject","inLanguage":"de-DE","@id":"https:\/\/www.ringier.com\/de\/schweizer-auto-des-jahres-2021-ein-newcomer-und-ein-bestseller-holen-sich-die-trophaeen\/#primaryimage","url":"https:\/\/www.ringier.com\/wp-content\/uploads\/2024\/01\/dasschweizerautodesjahres_polestar_2020-1.png","contentUrl":"https:\/\/www.ringier.com\/wp-content\/uploads\/2024\/01\/dasschweizerautodesjahres_polestar_2020-1.png","width":1005,"height":670},{"@type":"BreadcrumbList","@id":"https:\/\/www.ringier.com\/de\/schweizer-auto-des-jahres-2021-ein-newcomer-und-ein-bestseller-holen-sich-die-trophaeen\/#breadcrumb","itemListElement":[{"@type":"ListItem","position":1,"name":"Home","item":"https:\/\/www.ringier.com\/de\/"},{"@type":"ListItem","position":2,"name":"Schweizer Auto des Jahres 2021: Ein Newcomer und ein Bestseller holen sich die Troph\u00e4en"}]},{"@type":"WebSite","@id":"https:\/\/www.ringier.com\/de\/#website","url":"https:\/\/www.ringier.com\/de\/","name":"Ringier","description":"We inform. We entertain. We connect","publisher":{"@id":"https:\/\/www.ringier.com\/de\/#organization"},"potentialAction":[{"@type":"SearchAction","target":{"@type":"EntryPoint","urlTemplate":"https:\/\/www.ringier.com\/de\/?s={search_term_string}"},"query-input":{"@type":"PropertyValueSpecification","valueRequired":true,"valueName":"search_term_string"}}],"inLanguage":"de-DE"},{"@type":"Organization","@id":"https:\/\/www.ringier.com\/de\/#organization","name":"Ringier","url":"https:\/\/www.ringier.com\/de\/","logo":{"@type":"ImageObject","inLanguage":"de-DE","@id":"https:\/\/www.ringier.com\/de\/#\/schema\/logo\/image\/","url":"https:\/\/www.ringier.com\/wp-content\/uploads\/2021\/10\/ringier_logo_2.jpg","contentUrl":"https:\/\/www.ringier.com\/wp-content\/uploads\/2021\/10\/ringier_logo_2.jpg","width":750,"height":550,"caption":"Ringier"},"image":{"@id":"https:\/\/www.ringier.com\/de\/#\/schema\/logo\/image\/"},"sameAs":["https:\/\/www.facebook.com\/ringierag\/","https:\/\/x.com\/ringier_ag","https:\/\/www.instagram.com\/ringier_ag\/","https:\/\/www.linkedin.com\/company\/ringier\/","https:\/\/www.youtube.com\/user\/RingierComm","https:\/\/en.wikipedia.org\/wiki\/Ringier","https:\/\/de.wikipedia.org\/wiki\/Ringier","https:\/\/fr.wikipedia.org\/wiki\/Ringier","https:\/\/www.crunchbase.com\/organization\/ringier-ag"]},{"@type":"Person","@id":"https:\/\/www.ringier.com\/de\/#\/schema\/person\/4cf76a308dc4b2bb5121bd1e7b752e52","name":"Ringier Corporate Communications","image":{"@type":"ImageObject","inLanguage":"de-DE","@id":"https:\/\/www.ringier.com\/de\/#\/schema\/person\/image\/","url":"https:\/\/secure.gravatar.com\/avatar\/9391e20481368d5df4fe3e1e476c13b27786347489822ec1ed07e532bb41f587?s=96&d=mm&r=g","contentUrl":"https:\/\/secure.gravatar.com\/avatar\/9391e20481368d5df4fe3e1e476c13b27786347489822ec1ed07e532bb41f587?s=96&d=mm&r=g","caption":"Ringier Corporate Communications"},"sameAs":["https:\/\/www.ringier.com"]}]}},"_links":{"self":[{"href":"https:\/\/www.ringier.com\/de\/wp-json\/wp\/v2\/posts\/18136","targetHints":{"allow":["GET"]}}],"collection":[{"href":"https:\/\/www.ringier.com\/de\/wp-json\/wp\/v2\/posts"}],"about":[{"href":"https:\/\/www.ringier.com\/de\/wp-json\/wp\/v2\/types\/post"}],"author":[{"embeddable":true,"href":"https:\/\/www.ringier.com\/de\/wp-json\/wp\/v2\/users\/23"}],"replies":[{"embeddable":true,"href":"https:\/\/www.ringier.com\/de\/wp-json\/wp\/v2\/comments?post=18136"}],"version-history":[{"count":0,"href":"https:\/\/www.ringier.com\/de\/wp-json\/wp\/v2\/posts\/18136\/revisions"}],"wp:featuredmedia":[{"embeddable":true,"href":"https:\/\/www.ringier.com\/de\/wp-json\/wp\/v2\/media\/18137"}],"wp:attachment":[{"href":"https:\/\/www.ringier.com\/de\/wp-json\/wp\/v2\/media?parent=18136"}],"wp:term":[{"taxonomy":"category","embeddable":true,"href":"https:\/\/www.ringier.com\/de\/wp-json\/wp\/v2\/categories?post=18136"},{"taxonomy":"post_tag","embeddable":true,"href":"https:\/\/www.ringier.com\/de\/wp-json\/wp\/v2\/tags?post=18136"}],"curies":[{"name":"wp","href":"https:\/\/api.w.org\/{rel}","templated":true}]}}