{"id":18080,"date":"2021-06-09T15:50:00","date_gmt":"2021-06-09T13:50:00","guid":{"rendered":"https:\/\/www.ringier.com\/?p=18080"},"modified":"2024-11-14T14:07:55","modified_gmt":"2024-11-14T13:07:55","slug":"digi-tal-2021-welche-region-ist-die-digitalste-und-innovativste-der-schweiz","status":"publish","type":"post","link":"https:\/\/www.ringier.com\/de\/digi-tal-2021-welche-region-ist-die-digitalste-und-innovativste-der-schweiz\/","title":{"rendered":"Digi-Tal 2021: Welche Region ist die digitalste und innovativste der Schweiz?"},"content":{"rendered":"\n<p>Innovative Projekte und digitale Quantenspr\u00fcnge entstehen im Silicon Valley, in den Metropolen der Welt oder in st\u00e4dtischen Zentren. So die landl\u00e4ufige Meinung. Doch gerade l\u00e4ndliche Regionen sind ein Ort des Fortschritts, Kreativit\u00e4t ist fern der Zentren oft notwendiger, die Flexibilit\u00e4t und Geschwindigkeit gr\u00f6sser. Gemeinsam mit namhaften Schweizer Innovationsvertretern stellen die \u00abSchweizer Illustrierte\u00bb und \u00abL\u2019illustr\u00e9\u00bb darum jene l\u00e4ndlichen Regionen ins Schaufenster, die im Bereich Digitalisierung eine Vorreiterrolle einnehmen.<\/p>\n\n\n\n<p><strong>Corona beschleunigt Digitalisierung \u2013 in jeder Ecke der Schweiz<\/strong><\/p>\n\n\n\n<p>Die Bauernfamilie bietet Produkte aus dem Hofladen im Online-Shop an. Das Ortsmuseum f\u00fchrt mit einer virtuellen Tour durch die Ausstellungsr\u00e4ume. Von einer Woche zur anderen haben Dorfschulen auf digitalen Fernunterricht umgestellt. Die Pandemie hat Schweizerinnen und Schweizer vor ganz neue Herausforderungen gestellt. In der Grossstadt genauso wie im entlegenen Tal. Nicht nur Unternehmen sind davon betroffen, sondern auch Gemeinden, Schulen, Tourismusdestinationen und Privatpersonen. In vielen Bereichen haben in den vergangenen Monaten digitale L\u00f6sungen Einzug gehalten. Mit der Digitalisierung von Dienstleistungen, aber auch von sozialen Interaktionen.<\/p>\n\n\n\n<p><strong>Digit-Tal Schweiz 2021 \u2013 regionaler Erfindergeist wird ausgezeichnet<\/strong><\/p>\n\n\n\n<p>Mit der Suche nach dem digitalsten Tal der Schweiz m\u00f6chten die \u00abSchweizer Illustrierte\u00bb und \u00abL\u2019illustr\u00e9\u00bb innovativen Regionen eine Plattform bieten. Dazu haben sich die Initianten mit renommierten Partnern zusammengetan. Swisscom und blue NEWS, Generali Schweiz, die Gebert R\u00fcf Stiftung und digitalswitzerland sowie Personen aus Politik und Bildungswesen unterst\u00fctzen die nationale Initiative mit ihrem Fachwissen. Unter allen Bewerbungen w\u00e4hlt eine Expertenjury die herausragendsten Projekte aus und schickt sechs Regionen ins Finale. Die Expertenjury setzt sich zusammen aus Johanna Gapany (St\u00e4nder\u00e4tin FDP), Judith Bellaiche (CEO Wirtschaftsverband Swico, Nationalr\u00e4tin GLP), Martin Vetterli (Pr\u00e4sident EPFL), Roland Siegwart (Professor ETH), Roger W\u00fcthrich-Hasenb\u00f6hler (Chief Digital Officer Swisscom), Andreas Kr\u00fcmmel (CEO Generali Schweiz), Pascale Vonmont (CEO Gebert R\u00fcf Stiftung), Diana Engetschwiler (Director Public Dialogue &amp; Head of Digital Day) und Christian Wenger (Swiss Autonomous Valley, Wenger &amp; Vieli).<\/p>\n\n\n\n<p><strong>Das Gewinnertal \u2013 gew\u00e4hlt von den Leserinnen und Lesern<\/strong><\/p>\n\n\n\n<p>Die sechs Finalisten werden in der \u00abSchweizer Illustrierte\u00bb und \u00abL\u2019illustr\u00e9\u00bb vorgestellt und erhalten so die M\u00f6glichkeit, die Leserinnen und Leser von ihrer digitalen Vordenkerrolle zu \u00fcberzeugen. Denn wer das \u00abDigi-Tal der Schweiz 2021\u00bb wird, entscheidet allein die Leserschaft. Das Siegertal wird am Digitaltag am 10. November 2021 verk\u00fcndet.<\/p>\n\n\n\n<p>Werner De Schepper, Co-Chefredaktor der \u00abSchweizer Illustrierte\u00bb: \u00abNeben der Auszeichnung profitiert das Gewinnertal von weiterer Pr\u00e4senz in den beiden Magazinen mit einer Reichweite von total rund 850\u2019000 Leserinnen und Lesern. Wir wollen mit dieser Initiative zeigen, dass die Digitalisierung Teil des Alltags im ganzen Land geworden ist.\u00bb<\/p>\n\n\n\n<p>Zudem erh\u00e4lt das Tal Unterst\u00fctzung von den Hauptpartnern, um seine Erfolgsgeschichte fortzusetzen und auch auf andere Regionen der Schweiz zu \u00fcbertragen.<\/p>\n\n\n\n<p><strong>\u00abGespannt, was f\u00fcr innovative Projekte uns in den T\u00e4lern, auf den Bergspitzen und an den Seen der Schweiz erwarten\u00bb<\/strong><\/p>\n\n\n\n<p>\u00abF\u00fcr Unternehmen hat sich in den vergangenen Monaten viel ge\u00e4ndert\u00bb, sagt Andreas Kr\u00fcmmel, CEO Generali Schweiz und Mitglied der Digit-Tal-Jury. \u00abMit vermehrter Beratung \u00fcber die digitalen Kan\u00e4le wollen wir trotz Abstandsregeln die N\u00e4he zu unseren Kundinnen und Kunden beibehalten. Das ist nur m\u00f6glich, indem wir uns laufend weiterentwickeln und auf Digitalisierung in allen Bereichen setzen. So haben wir als erste Schweizer Versicherung eine komplett digitale S\u00e4ule 3a entwickelt. Ich bin sehr gespannt darauf zu sehen, was f\u00fcr innovative Projekte uns in den T\u00e4lern, auf den Bergspitzen und an den Seen der Schweiz erwarten\u00bb.<\/p>\n\n\n\n<p>\u00abTrotz ihrer Kleinheit hat die Schweiz immer wieder Neuheiten hervorgebracht, die weltweit Anerkennung fanden\u00bb, sagt Roger W\u00fcthrich-Hasenb\u00f6hler, Chief Digital Officer Swisscom und Mitglied der Digi-Tal-Jury. \u00abIn Bereichen wie Landwirtschaft, Tourismus oder Bauindustrie genauso wie in der Hochpr\u00e4zisionstechnologie oder Pharmaindustrie. Wir leben in einer Innovationsnation, die auf dem Sprung ist, auch in der Digitalisierung eine Vorreiterrolle einzunehmen. Daf\u00fcr baut und betreibt Swisscom moderne Infrastruktur mit Mobilfunk, Glasfasernetz, Rechenzentren und digitalen L\u00f6sungen. &nbsp;Und das bis ins hinterste Tal. \u2039Digi-Tal 2021\u203a gibt den kreativen Ideen in diesen Regionen und T\u00e4lern eine B\u00fchne\u00bb.<\/p>\n\n\n\n<p>\u00abBildung ist die Basis f\u00fcr den Erfolg des Wirtschafts- und Lebensstandortes Schweiz\u00bb, sagt Pascale Vonmont, CEO\/Direktorin der Gebert R\u00fcf Stiftung. \u00abWie lernen und lehren, um die n\u00e4chste Generation zu verantwortungsvollen Gestaltern auszubilden? Schulen und Lehrkr\u00e4fte im ganzen Land leisten schon heute mit Pilotprojekten einen relevanten Beitrag. Wir freuen uns, diese Pioniere ins Schaufenster zu stellen und in einen Austausch zu bringen\u00bb.<\/p>\n\n\n\n<p>Einreichung von Projekten unter\u00a0<a href=\"http:\/\/www.digi-tal-schweiz.ch\/\">www.digi-tal-schweiz.ch<\/a>\u00a0bis zum 15. Juli 2021.<\/p>\n\n\n\n<hr class=\"wp-block-separator has-alpha-channel-opacity\"\/>\n\n\n\n<div class=\"wp-block-columns is-layout-flex wp-container-core-columns-is-layout-9d6595d7 wp-block-columns-is-layout-flex\">\n<div class=\"wp-block-column is-vertically-aligned-bottom is-layout-flow wp-block-column-is-layout-flow\">\n<p class=\"has-small-font-size\">Corporate&nbsp;Communications<br>+41 44 259 64 44<br><a href=\"mailto:media@ringier.ch\" target=\"_blank\" rel=\"noreferrer noopener\">media@ringier.ch<\/a> <br><a href=\"https:\/\/www.ringier.com\/de\/\">www.ringier.co<\/a><a href=\"https:\/\/www.ringier.com\/de\/\" target=\"_blank\" rel=\"noreferrer noopener\">m<\/a><\/p>\n<\/div>\n\n\n\n<div class=\"wp-block-column is-vertically-aligned-bottom is-layout-flow wp-block-column-is-layout-flow\">\n<p class=\"has-text-align-left has-small-font-size\">Ringier AG<br>Dufourstrasse 23<br>8008 Z\u00fcrich<br>Schweiz<\/p>\n<\/div>\n<\/div>\n\n\n\n<p><\/p>\n","protected":false},"excerpt":{"rendered":"<p>Innovationen entstehen nicht nur in Weltmetropolen. Die \u00abSchweizer Illustrierte\u00bb und \u00abL\u2019illustr\u00e9\u00bb suchen das Digi-Tal, also das Digital Valley der Schweiz. Eine l\u00e4ndliche Region, die sich durch digitale L\u00f6sungen, Erfindergeist und Kreativit\u00e4t auszeichnet. Die Jury aus Experten im Bereich Digitalisierung w\u00e4hlt unter allen Einreichungen sechs Finalisten. Die Region, welche die Leserinnen und Leser am meisten beeindruckt, wird zum \u00abDigi-Tal der Schweiz 2021\u00bb gek\u00fcrt. Die Auszeichnung findet im Rahmen des Schweizer Digitaltags statt, der am 10. November ausgetragen wird.<\/p>\n","protected":false},"author":23,"featured_media":18081,"comment_status":"closed","ping_status":"open","sticky":false,"template":"","format":"standard","meta":{"inline_featured_image":false,"footnotes":""},"categories":[371,361],"tags":[],"class_list":["post-18080","post","type-post","status-publish","format-standard","has-post-thumbnail","hentry","category-media-de","category-ringier-medien-schweiz"],"yoast_head":"<!-- This site is optimized with the Yoast SEO Premium plugin v27.0 (Yoast SEO v27.0) - https:\/\/yoast.com\/product\/yoast-seo-premium-wordpress\/ -->\n<title>Digi-Tal 2021: Welche Region ist die digitalste und innovativste der Schweiz? - Ringier<\/title>\n<meta name=\"robots\" content=\"index, follow, max-snippet:-1, max-image-preview:large, max-video-preview:-1\" \/>\n<link rel=\"canonical\" href=\"https:\/\/www.ringier.com\/de\/digi-tal-2021-welche-region-ist-die-digitalste-und-innovativste-der-schweiz\/\" \/>\n<meta property=\"og:locale\" content=\"de_DE\" \/>\n<meta property=\"og:type\" content=\"article\" \/>\n<meta property=\"og:title\" content=\"Digi-Tal 2021: Welche Region ist die digitalste und innovativste der Schweiz?\" \/>\n<meta property=\"og:description\" content=\"Innovationen entstehen nicht nur in Weltmetropolen. Die \u00abSchweizer Illustrierte\u00bb und \u00abL\u2019illustr\u00e9\u00bb suchen das Digi-Tal, also das Digital Valley der Schweiz. Eine l\u00e4ndliche Region, die sich durch digitale L\u00f6sungen, Erfindergeist und Kreativit\u00e4t auszeichnet. Die Jury aus Experten im Bereich Digitalisierung w\u00e4hlt unter allen Einreichungen sechs Finalisten. Die Region, welche die Leserinnen und Leser am meisten beeindruckt, wird zum \u00abDigi-Tal der Schweiz 2021\u00bb gek\u00fcrt. Die Auszeichnung findet im Rahmen des Schweizer Digitaltags statt, der am 10. November ausgetragen wird.\" \/>\n<meta property=\"og:url\" content=\"https:\/\/www.ringier.com\/de\/digi-tal-2021-welche-region-ist-die-digitalste-und-innovativste-der-schweiz\/\" \/>\n<meta property=\"og:site_name\" content=\"Ringier\" \/>\n<meta property=\"article:publisher\" content=\"https:\/\/www.facebook.com\/ringierag\/\" \/>\n<meta property=\"article:published_time\" content=\"2021-06-09T13:50:00+00:00\" \/>\n<meta property=\"article:modified_time\" content=\"2024-11-14T13:07:55+00:00\" \/>\n<meta property=\"og:image\" content=\"https:\/\/www.ringier.com\/wp-content\/uploads\/2024\/01\/digi-tal_2021_-1.png\" \/>\n\t<meta property=\"og:image:width\" content=\"803\" \/>\n\t<meta property=\"og:image:height\" content=\"536\" \/>\n\t<meta property=\"og:image:type\" content=\"image\/png\" \/>\n<meta name=\"author\" content=\"Ringier Corporate Communications\" \/>\n<meta name=\"twitter:card\" content=\"summary_large_image\" \/>\n<meta name=\"twitter:creator\" content=\"@ringier_ag\" \/>\n<meta name=\"twitter:site\" content=\"@ringier_ag\" \/>\n<meta name=\"twitter:label1\" content=\"Verfasst von\" \/>\n\t<meta name=\"twitter:data1\" content=\"Ringier Corporate Communications\" \/>\n\t<meta name=\"twitter:label2\" content=\"Gesch\u00e4tzte Lesezeit\" \/>\n\t<meta name=\"twitter:data2\" content=\"5 Minuten\" \/>\n<script type=\"application\/ld+json\" class=\"yoast-schema-graph\">{\"@context\":\"https:\/\/schema.org\",\"@graph\":[{\"@type\":\"Article\",\"@id\":\"https:\/\/www.ringier.com\/de\/digi-tal-2021-welche-region-ist-die-digitalste-und-innovativste-der-schweiz\/#article\",\"isPartOf\":{\"@id\":\"https:\/\/www.ringier.com\/de\/digi-tal-2021-welche-region-ist-die-digitalste-und-innovativste-der-schweiz\/\"},\"author\":{\"name\":\"Ringier Corporate Communications\",\"@id\":\"https:\/\/www.ringier.com\/de\/#\/schema\/person\/4cf76a308dc4b2bb5121bd1e7b752e52\"},\"headline\":\"Digi-Tal 2021: Welche Region ist die digitalste und innovativste der Schweiz?\",\"datePublished\":\"2021-06-09T13:50:00+00:00\",\"dateModified\":\"2024-11-14T13:07:55+00:00\",\"mainEntityOfPage\":{\"@id\":\"https:\/\/www.ringier.com\/de\/digi-tal-2021-welche-region-ist-die-digitalste-und-innovativste-der-schweiz\/\"},\"wordCount\":768,\"publisher\":{\"@id\":\"https:\/\/www.ringier.com\/de\/#organization\"},\"image\":{\"@id\":\"https:\/\/www.ringier.com\/de\/digi-tal-2021-welche-region-ist-die-digitalste-und-innovativste-der-schweiz\/#primaryimage\"},\"thumbnailUrl\":\"https:\/\/www.ringier.com\/wp-content\/uploads\/2024\/01\/digi-tal_2021_-1.png\",\"articleSection\":[\"Media\",\"Ringier Medien Schweiz\"],\"inLanguage\":\"de-DE\"},{\"@type\":\"WebPage\",\"@id\":\"https:\/\/www.ringier.com\/de\/digi-tal-2021-welche-region-ist-die-digitalste-und-innovativste-der-schweiz\/\",\"url\":\"https:\/\/www.ringier.com\/de\/digi-tal-2021-welche-region-ist-die-digitalste-und-innovativste-der-schweiz\/\",\"name\":\"Digi-Tal 2021: Welche Region ist die digitalste und innovativste der Schweiz? - Ringier\",\"isPartOf\":{\"@id\":\"https:\/\/www.ringier.com\/de\/#website\"},\"primaryImageOfPage\":{\"@id\":\"https:\/\/www.ringier.com\/de\/digi-tal-2021-welche-region-ist-die-digitalste-und-innovativste-der-schweiz\/#primaryimage\"},\"image\":{\"@id\":\"https:\/\/www.ringier.com\/de\/digi-tal-2021-welche-region-ist-die-digitalste-und-innovativste-der-schweiz\/#primaryimage\"},\"thumbnailUrl\":\"https:\/\/www.ringier.com\/wp-content\/uploads\/2024\/01\/digi-tal_2021_-1.png\",\"datePublished\":\"2021-06-09T13:50:00+00:00\",\"dateModified\":\"2024-11-14T13:07:55+00:00\",\"breadcrumb\":{\"@id\":\"https:\/\/www.ringier.com\/de\/digi-tal-2021-welche-region-ist-die-digitalste-und-innovativste-der-schweiz\/#breadcrumb\"},\"inLanguage\":\"de-DE\",\"potentialAction\":[{\"@type\":\"ReadAction\",\"target\":[\"https:\/\/www.ringier.com\/de\/digi-tal-2021-welche-region-ist-die-digitalste-und-innovativste-der-schweiz\/\"]}]},{\"@type\":\"ImageObject\",\"inLanguage\":\"de-DE\",\"@id\":\"https:\/\/www.ringier.com\/de\/digi-tal-2021-welche-region-ist-die-digitalste-und-innovativste-der-schweiz\/#primaryimage\",\"url\":\"https:\/\/www.ringier.com\/wp-content\/uploads\/2024\/01\/digi-tal_2021_-1.png\",\"contentUrl\":\"https:\/\/www.ringier.com\/wp-content\/uploads\/2024\/01\/digi-tal_2021_-1.png\",\"width\":803,\"height\":536},{\"@type\":\"BreadcrumbList\",\"@id\":\"https:\/\/www.ringier.com\/de\/digi-tal-2021-welche-region-ist-die-digitalste-und-innovativste-der-schweiz\/#breadcrumb\",\"itemListElement\":[{\"@type\":\"ListItem\",\"position\":1,\"name\":\"Home\",\"item\":\"https:\/\/www.ringier.com\/de\/\"},{\"@type\":\"ListItem\",\"position\":2,\"name\":\"Digi-Tal 2021: Welche Region ist die digitalste und innovativste der Schweiz?\"}]},{\"@type\":\"WebSite\",\"@id\":\"https:\/\/www.ringier.com\/de\/#website\",\"url\":\"https:\/\/www.ringier.com\/de\/\",\"name\":\"Ringier\",\"description\":\"We inform. We entertain. We connect\",\"publisher\":{\"@id\":\"https:\/\/www.ringier.com\/de\/#organization\"},\"potentialAction\":[{\"@type\":\"SearchAction\",\"target\":{\"@type\":\"EntryPoint\",\"urlTemplate\":\"https:\/\/www.ringier.com\/de\/?s={search_term_string}\"},\"query-input\":{\"@type\":\"PropertyValueSpecification\",\"valueRequired\":true,\"valueName\":\"search_term_string\"}}],\"inLanguage\":\"de-DE\"},{\"@type\":\"Organization\",\"@id\":\"https:\/\/www.ringier.com\/de\/#organization\",\"name\":\"Ringier\",\"url\":\"https:\/\/www.ringier.com\/de\/\",\"logo\":{\"@type\":\"ImageObject\",\"inLanguage\":\"de-DE\",\"@id\":\"https:\/\/www.ringier.com\/de\/#\/schema\/logo\/image\/\",\"url\":\"https:\/\/www.ringier.com\/wp-content\/uploads\/2021\/10\/ringier_logo_2.jpg\",\"contentUrl\":\"https:\/\/www.ringier.com\/wp-content\/uploads\/2021\/10\/ringier_logo_2.jpg\",\"width\":750,\"height\":550,\"caption\":\"Ringier\"},\"image\":{\"@id\":\"https:\/\/www.ringier.com\/de\/#\/schema\/logo\/image\/\"},\"sameAs\":[\"https:\/\/www.facebook.com\/ringierag\/\",\"https:\/\/x.com\/ringier_ag\",\"https:\/\/www.instagram.com\/ringier_ag\/\",\"https:\/\/www.linkedin.com\/company\/ringier\/\",\"https:\/\/www.youtube.com\/user\/RingierComm\",\"https:\/\/en.wikipedia.org\/wiki\/Ringier\",\"https:\/\/de.wikipedia.org\/wiki\/Ringier\",\"https:\/\/fr.wikipedia.org\/wiki\/Ringier\",\"https:\/\/www.crunchbase.com\/organization\/ringier-ag\"]},{\"@type\":\"Person\",\"@id\":\"https:\/\/www.ringier.com\/de\/#\/schema\/person\/4cf76a308dc4b2bb5121bd1e7b752e52\",\"name\":\"Ringier Corporate Communications\",\"image\":{\"@type\":\"ImageObject\",\"inLanguage\":\"de-DE\",\"@id\":\"https:\/\/www.ringier.com\/de\/#\/schema\/person\/image\/\",\"url\":\"https:\/\/secure.gravatar.com\/avatar\/9391e20481368d5df4fe3e1e476c13b27786347489822ec1ed07e532bb41f587?s=96&d=mm&r=g\",\"contentUrl\":\"https:\/\/secure.gravatar.com\/avatar\/9391e20481368d5df4fe3e1e476c13b27786347489822ec1ed07e532bb41f587?s=96&d=mm&r=g\",\"caption\":\"Ringier Corporate Communications\"},\"sameAs\":[\"https:\/\/www.ringier.com\"]}]}<\/script>\n<!-- \/ Yoast SEO Premium plugin. -->","yoast_head_json":{"title":"Digi-Tal 2021: Welche Region ist die digitalste und innovativste der Schweiz? - Ringier","robots":{"index":"index","follow":"follow","max-snippet":"max-snippet:-1","max-image-preview":"max-image-preview:large","max-video-preview":"max-video-preview:-1"},"canonical":"https:\/\/www.ringier.com\/de\/digi-tal-2021-welche-region-ist-die-digitalste-und-innovativste-der-schweiz\/","og_locale":"de_DE","og_type":"article","og_title":"Digi-Tal 2021: Welche Region ist die digitalste und innovativste der Schweiz?","og_description":"Innovationen entstehen nicht nur in Weltmetropolen. Die \u00abSchweizer Illustrierte\u00bb und \u00abL\u2019illustr\u00e9\u00bb suchen das Digi-Tal, also das Digital Valley der Schweiz. Eine l\u00e4ndliche Region, die sich durch digitale L\u00f6sungen, Erfindergeist und Kreativit\u00e4t auszeichnet. Die Jury aus Experten im Bereich Digitalisierung w\u00e4hlt unter allen Einreichungen sechs Finalisten. Die Region, welche die Leserinnen und Leser am meisten beeindruckt, wird zum \u00abDigi-Tal der Schweiz 2021\u00bb gek\u00fcrt. Die Auszeichnung findet im Rahmen des Schweizer Digitaltags statt, der am 10. November ausgetragen wird.","og_url":"https:\/\/www.ringier.com\/de\/digi-tal-2021-welche-region-ist-die-digitalste-und-innovativste-der-schweiz\/","og_site_name":"Ringier","article_publisher":"https:\/\/www.facebook.com\/ringierag\/","article_published_time":"2021-06-09T13:50:00+00:00","article_modified_time":"2024-11-14T13:07:55+00:00","og_image":[{"width":803,"height":536,"url":"https:\/\/www.ringier.com\/wp-content\/uploads\/2024\/01\/digi-tal_2021_-1.png","type":"image\/png"}],"author":"Ringier Corporate Communications","twitter_card":"summary_large_image","twitter_creator":"@ringier_ag","twitter_site":"@ringier_ag","twitter_misc":{"Verfasst von":"Ringier Corporate Communications","Gesch\u00e4tzte Lesezeit":"5 Minuten"},"schema":{"@context":"https:\/\/schema.org","@graph":[{"@type":"Article","@id":"https:\/\/www.ringier.com\/de\/digi-tal-2021-welche-region-ist-die-digitalste-und-innovativste-der-schweiz\/#article","isPartOf":{"@id":"https:\/\/www.ringier.com\/de\/digi-tal-2021-welche-region-ist-die-digitalste-und-innovativste-der-schweiz\/"},"author":{"name":"Ringier Corporate Communications","@id":"https:\/\/www.ringier.com\/de\/#\/schema\/person\/4cf76a308dc4b2bb5121bd1e7b752e52"},"headline":"Digi-Tal 2021: Welche Region ist die digitalste und innovativste der Schweiz?","datePublished":"2021-06-09T13:50:00+00:00","dateModified":"2024-11-14T13:07:55+00:00","mainEntityOfPage":{"@id":"https:\/\/www.ringier.com\/de\/digi-tal-2021-welche-region-ist-die-digitalste-und-innovativste-der-schweiz\/"},"wordCount":768,"publisher":{"@id":"https:\/\/www.ringier.com\/de\/#organization"},"image":{"@id":"https:\/\/www.ringier.com\/de\/digi-tal-2021-welche-region-ist-die-digitalste-und-innovativste-der-schweiz\/#primaryimage"},"thumbnailUrl":"https:\/\/www.ringier.com\/wp-content\/uploads\/2024\/01\/digi-tal_2021_-1.png","articleSection":["Media","Ringier Medien Schweiz"],"inLanguage":"de-DE"},{"@type":"WebPage","@id":"https:\/\/www.ringier.com\/de\/digi-tal-2021-welche-region-ist-die-digitalste-und-innovativste-der-schweiz\/","url":"https:\/\/www.ringier.com\/de\/digi-tal-2021-welche-region-ist-die-digitalste-und-innovativste-der-schweiz\/","name":"Digi-Tal 2021: Welche Region ist die digitalste und innovativste der Schweiz? - Ringier","isPartOf":{"@id":"https:\/\/www.ringier.com\/de\/#website"},"primaryImageOfPage":{"@id":"https:\/\/www.ringier.com\/de\/digi-tal-2021-welche-region-ist-die-digitalste-und-innovativste-der-schweiz\/#primaryimage"},"image":{"@id":"https:\/\/www.ringier.com\/de\/digi-tal-2021-welche-region-ist-die-digitalste-und-innovativste-der-schweiz\/#primaryimage"},"thumbnailUrl":"https:\/\/www.ringier.com\/wp-content\/uploads\/2024\/01\/digi-tal_2021_-1.png","datePublished":"2021-06-09T13:50:00+00:00","dateModified":"2024-11-14T13:07:55+00:00","breadcrumb":{"@id":"https:\/\/www.ringier.com\/de\/digi-tal-2021-welche-region-ist-die-digitalste-und-innovativste-der-schweiz\/#breadcrumb"},"inLanguage":"de-DE","potentialAction":[{"@type":"ReadAction","target":["https:\/\/www.ringier.com\/de\/digi-tal-2021-welche-region-ist-die-digitalste-und-innovativste-der-schweiz\/"]}]},{"@type":"ImageObject","inLanguage":"de-DE","@id":"https:\/\/www.ringier.com\/de\/digi-tal-2021-welche-region-ist-die-digitalste-und-innovativste-der-schweiz\/#primaryimage","url":"https:\/\/www.ringier.com\/wp-content\/uploads\/2024\/01\/digi-tal_2021_-1.png","contentUrl":"https:\/\/www.ringier.com\/wp-content\/uploads\/2024\/01\/digi-tal_2021_-1.png","width":803,"height":536},{"@type":"BreadcrumbList","@id":"https:\/\/www.ringier.com\/de\/digi-tal-2021-welche-region-ist-die-digitalste-und-innovativste-der-schweiz\/#breadcrumb","itemListElement":[{"@type":"ListItem","position":1,"name":"Home","item":"https:\/\/www.ringier.com\/de\/"},{"@type":"ListItem","position":2,"name":"Digi-Tal 2021: Welche Region ist die digitalste und innovativste der Schweiz?"}]},{"@type":"WebSite","@id":"https:\/\/www.ringier.com\/de\/#website","url":"https:\/\/www.ringier.com\/de\/","name":"Ringier","description":"We inform. We entertain. We connect","publisher":{"@id":"https:\/\/www.ringier.com\/de\/#organization"},"potentialAction":[{"@type":"SearchAction","target":{"@type":"EntryPoint","urlTemplate":"https:\/\/www.ringier.com\/de\/?s={search_term_string}"},"query-input":{"@type":"PropertyValueSpecification","valueRequired":true,"valueName":"search_term_string"}}],"inLanguage":"de-DE"},{"@type":"Organization","@id":"https:\/\/www.ringier.com\/de\/#organization","name":"Ringier","url":"https:\/\/www.ringier.com\/de\/","logo":{"@type":"ImageObject","inLanguage":"de-DE","@id":"https:\/\/www.ringier.com\/de\/#\/schema\/logo\/image\/","url":"https:\/\/www.ringier.com\/wp-content\/uploads\/2021\/10\/ringier_logo_2.jpg","contentUrl":"https:\/\/www.ringier.com\/wp-content\/uploads\/2021\/10\/ringier_logo_2.jpg","width":750,"height":550,"caption":"Ringier"},"image":{"@id":"https:\/\/www.ringier.com\/de\/#\/schema\/logo\/image\/"},"sameAs":["https:\/\/www.facebook.com\/ringierag\/","https:\/\/x.com\/ringier_ag","https:\/\/www.instagram.com\/ringier_ag\/","https:\/\/www.linkedin.com\/company\/ringier\/","https:\/\/www.youtube.com\/user\/RingierComm","https:\/\/en.wikipedia.org\/wiki\/Ringier","https:\/\/de.wikipedia.org\/wiki\/Ringier","https:\/\/fr.wikipedia.org\/wiki\/Ringier","https:\/\/www.crunchbase.com\/organization\/ringier-ag"]},{"@type":"Person","@id":"https:\/\/www.ringier.com\/de\/#\/schema\/person\/4cf76a308dc4b2bb5121bd1e7b752e52","name":"Ringier Corporate Communications","image":{"@type":"ImageObject","inLanguage":"de-DE","@id":"https:\/\/www.ringier.com\/de\/#\/schema\/person\/image\/","url":"https:\/\/secure.gravatar.com\/avatar\/9391e20481368d5df4fe3e1e476c13b27786347489822ec1ed07e532bb41f587?s=96&d=mm&r=g","contentUrl":"https:\/\/secure.gravatar.com\/avatar\/9391e20481368d5df4fe3e1e476c13b27786347489822ec1ed07e532bb41f587?s=96&d=mm&r=g","caption":"Ringier Corporate Communications"},"sameAs":["https:\/\/www.ringier.com"]}]}},"_links":{"self":[{"href":"https:\/\/www.ringier.com\/de\/wp-json\/wp\/v2\/posts\/18080","targetHints":{"allow":["GET"]}}],"collection":[{"href":"https:\/\/www.ringier.com\/de\/wp-json\/wp\/v2\/posts"}],"about":[{"href":"https:\/\/www.ringier.com\/de\/wp-json\/wp\/v2\/types\/post"}],"author":[{"embeddable":true,"href":"https:\/\/www.ringier.com\/de\/wp-json\/wp\/v2\/users\/23"}],"replies":[{"embeddable":true,"href":"https:\/\/www.ringier.com\/de\/wp-json\/wp\/v2\/comments?post=18080"}],"version-history":[{"count":0,"href":"https:\/\/www.ringier.com\/de\/wp-json\/wp\/v2\/posts\/18080\/revisions"}],"wp:featuredmedia":[{"embeddable":true,"href":"https:\/\/www.ringier.com\/de\/wp-json\/wp\/v2\/media\/18081"}],"wp:attachment":[{"href":"https:\/\/www.ringier.com\/de\/wp-json\/wp\/v2\/media?parent=18080"}],"wp:term":[{"taxonomy":"category","embeddable":true,"href":"https:\/\/www.ringier.com\/de\/wp-json\/wp\/v2\/categories?post=18080"},{"taxonomy":"post_tag","embeddable":true,"href":"https:\/\/www.ringier.com\/de\/wp-json\/wp\/v2\/tags?post=18080"}],"curies":[{"name":"wp","href":"https:\/\/api.w.org\/{rel}","templated":true}]}}