{"id":18040,"date":"2021-08-27T15:00:00","date_gmt":"2021-08-27T13:00:00","guid":{"rendered":"https:\/\/www.ringier.com\/?p=18040"},"modified":"2024-11-14T13:55:53","modified_gmt":"2024-11-14T12:55:53","slug":"ringier-axel-springer-schweiz-stefan-regez-verlaesst-das-unternehmen-und-richtet-sich-beruflich-neu-aus","status":"publish","type":"post","link":"https:\/\/www.ringier.com\/de\/ringier-axel-springer-schweiz-stefan-regez-verlaesst-das-unternehmen-und-richtet-sich-beruflich-neu-aus\/","title":{"rendered":"Ringier Axel Springer Schweiz: Stefan Regez verl\u00e4sst das Unternehmen und richtet sich beruflich neu aus"},"content":{"rendered":"\n<p>Nach rund zw\u00f6lf Jahren innerhalb der Unternehmensgruppe hat sich Stefan Regez (50) f\u00fcr eine berufliche Neuausrichtung entschieden und wird Ringier Axel Springer Schweiz per Ende Jahr verlassen. Regez stiess damals bei Ringier 2010 als stellvertretender Chefredaktor zur&nbsp;<em>Schweizer Illustrierte<\/em>; 2012 wurde er zum Chefredaktor bef\u00f6rdert und leitete die Redaktion f\u00fcr acht Jahre. Seit 2019 verantwortet Stefan Regez als Leiter Publikumszeitschriften zus\u00e4tzlich zur&nbsp;<em>Schweizer Illustrierte<\/em>&nbsp;und deren Westschweizer Pendant&nbsp;<em>L\u2019illustr\u00e9<\/em>&nbsp;ein Portfolio aus f\u00fchrenden Titeln wie&nbsp;<em>Schweizer LandLiebe<\/em>&nbsp;und&nbsp;<em>Gl\u00fcckspost<\/em>, verschiedenen Programmzeitschriften wie&nbsp;<em>TELE<\/em>&nbsp;und&nbsp;<em>TV-Star<\/em>&nbsp;sowie der Online-Plattform&nbsp;<em>GaultMillau.ch<\/em>.<\/p>\n\n\n\n<p>\u00abIch danke Stefan herzlich f\u00fcr sein langj\u00e4hriges Engagement f\u00fcr Ringier Axel Springer Schweiz\u00bb, sagt CEO Alexander Theobald. \u00abSeine Kolleginnen und Kollegen in der Gesch\u00e4ftsleitung und ich sch\u00e4tzen ihn sehr. Er hat die Publikumszeitschriften in den letzten Jahren erfolgreich gef\u00fchrt und mit Neuerscheinungen wie \u2039Caminada. Das Magazin\u203a oder der Weiterentwicklung von&nbsp;<em>SI online<\/em>&nbsp;innovative Akzente gesetzt \u2013 sowohl journalistisch als auch unternehmerisch. F\u00fcr seine n\u00e4chste Herausforderung w\u00fcnsche ich Stefan schon jetzt nur das Beste und ich freue mich, dass er uns noch bis Ende Jahr erhalten bleibt.\u00bb<\/p>\n\n\n\n<p>\u00abIch habe die letzten bald zw\u00f6lf Jahre bei Ringier und Ringier Axel Springer Schweiz extrem gesch\u00e4tzt\u00bb sagt Stefan Regez. \u00abDie enge Zusammenarbeit mit meinen Kolleginnen und Kollegen in zahlreichen Redaktionen erachte ich als grosses Privileg. Gleichzeitig ist in mir nach 25 Jahren im Journalismus der Wunsch gewachsen, die beruflichen Weichen noch einmal neu zu stellen. Ich bin deshalb bald offen f\u00fcr Neues auch ausserhalb der Medienbranche. Zuerst freue ich mich aber auf weitere spannende Projekte bei Ringier Axel Springer Schweiz \u2013 gerade im Printbereich darf man auf eine \u00dcberraschung gespannt sein.\u00bb<\/p>\n\n\n\n<hr class=\"wp-block-separator has-alpha-channel-opacity\"\/>\n\n\n\n<div class=\"wp-block-columns is-layout-flex wp-container-core-columns-is-layout-9d6595d7 wp-block-columns-is-layout-flex\">\n<div class=\"wp-block-column is-vertically-aligned-bottom is-layout-flow wp-block-column-is-layout-flow\">\n<p class=\"has-small-font-size\">Corporate&nbsp;Communications<br>+41 44 259 64 44<br><a href=\"mailto:media@ringier.ch\" target=\"_blank\" rel=\"noreferrer noopener\">media@ringier.ch<\/a> <br><a href=\"https:\/\/www.ringier.com\/de\/\">www.ringier.co<\/a><a href=\"https:\/\/www.ringier.com\/de\/\" target=\"_blank\" rel=\"noreferrer noopener\">m<\/a><\/p>\n<\/div>\n\n\n\n<div class=\"wp-block-column is-vertically-aligned-bottom is-layout-flow wp-block-column-is-layout-flow\">\n<p class=\"has-text-align-left has-small-font-size\">Ringier AG<br>Dufourstrasse 23<br>8008 Z\u00fcrich<br>Schweiz<\/p>\n<\/div>\n<\/div>\n","protected":false},"excerpt":{"rendered":"<p>Stefan Regez, Leiter Publikumszeitschriften bei Ringier Axel Springer Schweiz, verl\u00e4sst das Unternehmen nach zw\u00f6lfj\u00e4hriger T\u00e4tigkeit per Ende 2021 auf eigenen Wunsch und orientiert sich beruflich neu. Die operative Leitung des Bereichs \u00fcbernimmt ab 1. September CEO Alexander Theobald.<\/p>\n","protected":false},"author":23,"featured_media":18041,"comment_status":"closed","ping_status":"open","sticky":false,"template":"","format":"standard","meta":{"inline_featured_image":false,"footnotes":""},"categories":[371,361],"tags":[],"class_list":["post-18040","post","type-post","status-publish","format-standard","has-post-thumbnail","hentry","category-media-de","category-ringier-medien-schweiz"],"yoast_head":"<!-- This site is optimized with the Yoast SEO Premium plugin v27.0 (Yoast SEO v27.0) - https:\/\/yoast.com\/product\/yoast-seo-premium-wordpress\/ -->\n<title>Ringier Axel Springer Schweiz: Stefan Regez verl\u00e4sst das Unternehmen und richtet sich beruflich neu aus - Ringier<\/title>\n<meta name=\"robots\" content=\"index, follow, max-snippet:-1, max-image-preview:large, max-video-preview:-1\" \/>\n<link rel=\"canonical\" href=\"https:\/\/www.ringier.com\/de\/ringier-axel-springer-schweiz-stefan-regez-verlaesst-das-unternehmen-und-richtet-sich-beruflich-neu-aus\/\" \/>\n<meta property=\"og:locale\" content=\"de_DE\" \/>\n<meta property=\"og:type\" content=\"article\" \/>\n<meta property=\"og:title\" content=\"Ringier Axel Springer Schweiz: Stefan Regez verl\u00e4sst das Unternehmen und richtet sich beruflich neu aus\" \/>\n<meta property=\"og:description\" content=\"Stefan Regez, Leiter Publikumszeitschriften bei Ringier Axel Springer Schweiz, verl\u00e4sst das Unternehmen nach zw\u00f6lfj\u00e4hriger T\u00e4tigkeit per Ende 2021 auf eigenen Wunsch und orientiert sich beruflich neu. Die operative Leitung des Bereichs \u00fcbernimmt ab 1. September CEO Alexander Theobald.\" \/>\n<meta property=\"og:url\" content=\"https:\/\/www.ringier.com\/de\/ringier-axel-springer-schweiz-stefan-regez-verlaesst-das-unternehmen-und-richtet-sich-beruflich-neu-aus\/\" \/>\n<meta property=\"og:site_name\" content=\"Ringier\" \/>\n<meta property=\"article:publisher\" content=\"https:\/\/www.facebook.com\/ringierag\/\" \/>\n<meta property=\"article:published_time\" content=\"2021-08-27T13:00:00+00:00\" \/>\n<meta property=\"article:modified_time\" content=\"2024-11-14T12:55:53+00:00\" \/>\n<meta property=\"og:image\" content=\"https:\/\/www.ringier.com\/wp-content\/uploads\/2024\/01\/Stefen-Regez-landscape.jpg\" \/>\n\t<meta property=\"og:image:width\" content=\"1920\" \/>\n\t<meta property=\"og:image:height\" content=\"1080\" \/>\n\t<meta property=\"og:image:type\" content=\"image\/jpeg\" \/>\n<meta name=\"author\" content=\"Ringier Corporate Communications\" \/>\n<meta name=\"twitter:card\" content=\"summary_large_image\" \/>\n<meta name=\"twitter:creator\" content=\"@ringier_ag\" \/>\n<meta name=\"twitter:site\" content=\"@ringier_ag\" \/>\n<meta name=\"twitter:label1\" content=\"Verfasst von\" \/>\n\t<meta name=\"twitter:data1\" content=\"Ringier Corporate Communications\" \/>\n\t<meta name=\"twitter:label2\" content=\"Gesch\u00e4tzte Lesezeit\" \/>\n\t<meta name=\"twitter:data2\" content=\"2 Minuten\" \/>\n<script type=\"application\/ld+json\" class=\"yoast-schema-graph\">{\"@context\":\"https:\/\/schema.org\",\"@graph\":[{\"@type\":\"Article\",\"@id\":\"https:\/\/www.ringier.com\/de\/ringier-axel-springer-schweiz-stefan-regez-verlaesst-das-unternehmen-und-richtet-sich-beruflich-neu-aus\/#article\",\"isPartOf\":{\"@id\":\"https:\/\/www.ringier.com\/de\/ringier-axel-springer-schweiz-stefan-regez-verlaesst-das-unternehmen-und-richtet-sich-beruflich-neu-aus\/\"},\"author\":{\"name\":\"Ringier Corporate Communications\",\"@id\":\"https:\/\/www.ringier.com\/de\/#\/schema\/person\/4cf76a308dc4b2bb5121bd1e7b752e52\"},\"headline\":\"Ringier Axel Springer Schweiz: Stefan Regez verl\u00e4sst das Unternehmen und richtet sich beruflich neu aus\",\"datePublished\":\"2021-08-27T13:00:00+00:00\",\"dateModified\":\"2024-11-14T12:55:53+00:00\",\"mainEntityOfPage\":{\"@id\":\"https:\/\/www.ringier.com\/de\/ringier-axel-springer-schweiz-stefan-regez-verlaesst-das-unternehmen-und-richtet-sich-beruflich-neu-aus\/\"},\"wordCount\":325,\"publisher\":{\"@id\":\"https:\/\/www.ringier.com\/de\/#organization\"},\"image\":{\"@id\":\"https:\/\/www.ringier.com\/de\/ringier-axel-springer-schweiz-stefan-regez-verlaesst-das-unternehmen-und-richtet-sich-beruflich-neu-aus\/#primaryimage\"},\"thumbnailUrl\":\"https:\/\/www.ringier.com\/wp-content\/uploads\/2024\/01\/Stefen-Regez-landscape.jpg\",\"articleSection\":[\"Media\",\"Ringier Medien Schweiz\"],\"inLanguage\":\"de-DE\"},{\"@type\":\"WebPage\",\"@id\":\"https:\/\/www.ringier.com\/de\/ringier-axel-springer-schweiz-stefan-regez-verlaesst-das-unternehmen-und-richtet-sich-beruflich-neu-aus\/\",\"url\":\"https:\/\/www.ringier.com\/de\/ringier-axel-springer-schweiz-stefan-regez-verlaesst-das-unternehmen-und-richtet-sich-beruflich-neu-aus\/\",\"name\":\"Ringier Axel Springer Schweiz: Stefan Regez verl\u00e4sst das Unternehmen und richtet sich beruflich neu aus - Ringier\",\"isPartOf\":{\"@id\":\"https:\/\/www.ringier.com\/de\/#website\"},\"primaryImageOfPage\":{\"@id\":\"https:\/\/www.ringier.com\/de\/ringier-axel-springer-schweiz-stefan-regez-verlaesst-das-unternehmen-und-richtet-sich-beruflich-neu-aus\/#primaryimage\"},\"image\":{\"@id\":\"https:\/\/www.ringier.com\/de\/ringier-axel-springer-schweiz-stefan-regez-verlaesst-das-unternehmen-und-richtet-sich-beruflich-neu-aus\/#primaryimage\"},\"thumbnailUrl\":\"https:\/\/www.ringier.com\/wp-content\/uploads\/2024\/01\/Stefen-Regez-landscape.jpg\",\"datePublished\":\"2021-08-27T13:00:00+00:00\",\"dateModified\":\"2024-11-14T12:55:53+00:00\",\"breadcrumb\":{\"@id\":\"https:\/\/www.ringier.com\/de\/ringier-axel-springer-schweiz-stefan-regez-verlaesst-das-unternehmen-und-richtet-sich-beruflich-neu-aus\/#breadcrumb\"},\"inLanguage\":\"de-DE\",\"potentialAction\":[{\"@type\":\"ReadAction\",\"target\":[\"https:\/\/www.ringier.com\/de\/ringier-axel-springer-schweiz-stefan-regez-verlaesst-das-unternehmen-und-richtet-sich-beruflich-neu-aus\/\"]}]},{\"@type\":\"ImageObject\",\"inLanguage\":\"de-DE\",\"@id\":\"https:\/\/www.ringier.com\/de\/ringier-axel-springer-schweiz-stefan-regez-verlaesst-das-unternehmen-und-richtet-sich-beruflich-neu-aus\/#primaryimage\",\"url\":\"https:\/\/www.ringier.com\/wp-content\/uploads\/2024\/01\/Stefen-Regez-landscape.jpg\",\"contentUrl\":\"https:\/\/www.ringier.com\/wp-content\/uploads\/2024\/01\/Stefen-Regez-landscape.jpg\",\"width\":1920,\"height\":1080},{\"@type\":\"BreadcrumbList\",\"@id\":\"https:\/\/www.ringier.com\/de\/ringier-axel-springer-schweiz-stefan-regez-verlaesst-das-unternehmen-und-richtet-sich-beruflich-neu-aus\/#breadcrumb\",\"itemListElement\":[{\"@type\":\"ListItem\",\"position\":1,\"name\":\"Home\",\"item\":\"https:\/\/www.ringier.com\/de\/\"},{\"@type\":\"ListItem\",\"position\":2,\"name\":\"Ringier Axel Springer Schweiz: Stefan Regez verl\u00e4sst das Unternehmen und richtet sich beruflich neu aus\"}]},{\"@type\":\"WebSite\",\"@id\":\"https:\/\/www.ringier.com\/de\/#website\",\"url\":\"https:\/\/www.ringier.com\/de\/\",\"name\":\"Ringier\",\"description\":\"We inform. We entertain. We connect\",\"publisher\":{\"@id\":\"https:\/\/www.ringier.com\/de\/#organization\"},\"potentialAction\":[{\"@type\":\"SearchAction\",\"target\":{\"@type\":\"EntryPoint\",\"urlTemplate\":\"https:\/\/www.ringier.com\/de\/?s={search_term_string}\"},\"query-input\":{\"@type\":\"PropertyValueSpecification\",\"valueRequired\":true,\"valueName\":\"search_term_string\"}}],\"inLanguage\":\"de-DE\"},{\"@type\":\"Organization\",\"@id\":\"https:\/\/www.ringier.com\/de\/#organization\",\"name\":\"Ringier\",\"url\":\"https:\/\/www.ringier.com\/de\/\",\"logo\":{\"@type\":\"ImageObject\",\"inLanguage\":\"de-DE\",\"@id\":\"https:\/\/www.ringier.com\/de\/#\/schema\/logo\/image\/\",\"url\":\"https:\/\/www.ringier.com\/wp-content\/uploads\/2021\/10\/ringier_logo_2.jpg\",\"contentUrl\":\"https:\/\/www.ringier.com\/wp-content\/uploads\/2021\/10\/ringier_logo_2.jpg\",\"width\":750,\"height\":550,\"caption\":\"Ringier\"},\"image\":{\"@id\":\"https:\/\/www.ringier.com\/de\/#\/schema\/logo\/image\/\"},\"sameAs\":[\"https:\/\/www.facebook.com\/ringierag\/\",\"https:\/\/x.com\/ringier_ag\",\"https:\/\/www.instagram.com\/ringier_ag\/\",\"https:\/\/www.linkedin.com\/company\/ringier\/\",\"https:\/\/www.youtube.com\/user\/RingierComm\",\"https:\/\/en.wikipedia.org\/wiki\/Ringier\",\"https:\/\/de.wikipedia.org\/wiki\/Ringier\",\"https:\/\/fr.wikipedia.org\/wiki\/Ringier\",\"https:\/\/www.crunchbase.com\/organization\/ringier-ag\"]},{\"@type\":\"Person\",\"@id\":\"https:\/\/www.ringier.com\/de\/#\/schema\/person\/4cf76a308dc4b2bb5121bd1e7b752e52\",\"name\":\"Ringier Corporate Communications\",\"image\":{\"@type\":\"ImageObject\",\"inLanguage\":\"de-DE\",\"@id\":\"https:\/\/www.ringier.com\/de\/#\/schema\/person\/image\/\",\"url\":\"https:\/\/secure.gravatar.com\/avatar\/9391e20481368d5df4fe3e1e476c13b27786347489822ec1ed07e532bb41f587?s=96&d=mm&r=g\",\"contentUrl\":\"https:\/\/secure.gravatar.com\/avatar\/9391e20481368d5df4fe3e1e476c13b27786347489822ec1ed07e532bb41f587?s=96&d=mm&r=g\",\"caption\":\"Ringier Corporate Communications\"},\"sameAs\":[\"https:\/\/www.ringier.com\"]}]}<\/script>\n<!-- \/ Yoast SEO Premium plugin. -->","yoast_head_json":{"title":"Ringier Axel Springer Schweiz: Stefan Regez verl\u00e4sst das Unternehmen und richtet sich beruflich neu aus - Ringier","robots":{"index":"index","follow":"follow","max-snippet":"max-snippet:-1","max-image-preview":"max-image-preview:large","max-video-preview":"max-video-preview:-1"},"canonical":"https:\/\/www.ringier.com\/de\/ringier-axel-springer-schweiz-stefan-regez-verlaesst-das-unternehmen-und-richtet-sich-beruflich-neu-aus\/","og_locale":"de_DE","og_type":"article","og_title":"Ringier Axel Springer Schweiz: Stefan Regez verl\u00e4sst das Unternehmen und richtet sich beruflich neu aus","og_description":"Stefan Regez, Leiter Publikumszeitschriften bei Ringier Axel Springer Schweiz, verl\u00e4sst das Unternehmen nach zw\u00f6lfj\u00e4hriger T\u00e4tigkeit per Ende 2021 auf eigenen Wunsch und orientiert sich beruflich neu. Die operative Leitung des Bereichs \u00fcbernimmt ab 1. September CEO Alexander Theobald.","og_url":"https:\/\/www.ringier.com\/de\/ringier-axel-springer-schweiz-stefan-regez-verlaesst-das-unternehmen-und-richtet-sich-beruflich-neu-aus\/","og_site_name":"Ringier","article_publisher":"https:\/\/www.facebook.com\/ringierag\/","article_published_time":"2021-08-27T13:00:00+00:00","article_modified_time":"2024-11-14T12:55:53+00:00","og_image":[{"width":1920,"height":1080,"url":"https:\/\/www.ringier.com\/wp-content\/uploads\/2024\/01\/Stefen-Regez-landscape.jpg","type":"image\/jpeg"}],"author":"Ringier Corporate Communications","twitter_card":"summary_large_image","twitter_creator":"@ringier_ag","twitter_site":"@ringier_ag","twitter_misc":{"Verfasst von":"Ringier Corporate Communications","Gesch\u00e4tzte Lesezeit":"2 Minuten"},"schema":{"@context":"https:\/\/schema.org","@graph":[{"@type":"Article","@id":"https:\/\/www.ringier.com\/de\/ringier-axel-springer-schweiz-stefan-regez-verlaesst-das-unternehmen-und-richtet-sich-beruflich-neu-aus\/#article","isPartOf":{"@id":"https:\/\/www.ringier.com\/de\/ringier-axel-springer-schweiz-stefan-regez-verlaesst-das-unternehmen-und-richtet-sich-beruflich-neu-aus\/"},"author":{"name":"Ringier Corporate Communications","@id":"https:\/\/www.ringier.com\/de\/#\/schema\/person\/4cf76a308dc4b2bb5121bd1e7b752e52"},"headline":"Ringier Axel Springer Schweiz: Stefan Regez verl\u00e4sst das Unternehmen und richtet sich beruflich neu aus","datePublished":"2021-08-27T13:00:00+00:00","dateModified":"2024-11-14T12:55:53+00:00","mainEntityOfPage":{"@id":"https:\/\/www.ringier.com\/de\/ringier-axel-springer-schweiz-stefan-regez-verlaesst-das-unternehmen-und-richtet-sich-beruflich-neu-aus\/"},"wordCount":325,"publisher":{"@id":"https:\/\/www.ringier.com\/de\/#organization"},"image":{"@id":"https:\/\/www.ringier.com\/de\/ringier-axel-springer-schweiz-stefan-regez-verlaesst-das-unternehmen-und-richtet-sich-beruflich-neu-aus\/#primaryimage"},"thumbnailUrl":"https:\/\/www.ringier.com\/wp-content\/uploads\/2024\/01\/Stefen-Regez-landscape.jpg","articleSection":["Media","Ringier Medien Schweiz"],"inLanguage":"de-DE"},{"@type":"WebPage","@id":"https:\/\/www.ringier.com\/de\/ringier-axel-springer-schweiz-stefan-regez-verlaesst-das-unternehmen-und-richtet-sich-beruflich-neu-aus\/","url":"https:\/\/www.ringier.com\/de\/ringier-axel-springer-schweiz-stefan-regez-verlaesst-das-unternehmen-und-richtet-sich-beruflich-neu-aus\/","name":"Ringier Axel Springer Schweiz: Stefan Regez verl\u00e4sst das Unternehmen und richtet sich beruflich neu aus - Ringier","isPartOf":{"@id":"https:\/\/www.ringier.com\/de\/#website"},"primaryImageOfPage":{"@id":"https:\/\/www.ringier.com\/de\/ringier-axel-springer-schweiz-stefan-regez-verlaesst-das-unternehmen-und-richtet-sich-beruflich-neu-aus\/#primaryimage"},"image":{"@id":"https:\/\/www.ringier.com\/de\/ringier-axel-springer-schweiz-stefan-regez-verlaesst-das-unternehmen-und-richtet-sich-beruflich-neu-aus\/#primaryimage"},"thumbnailUrl":"https:\/\/www.ringier.com\/wp-content\/uploads\/2024\/01\/Stefen-Regez-landscape.jpg","datePublished":"2021-08-27T13:00:00+00:00","dateModified":"2024-11-14T12:55:53+00:00","breadcrumb":{"@id":"https:\/\/www.ringier.com\/de\/ringier-axel-springer-schweiz-stefan-regez-verlaesst-das-unternehmen-und-richtet-sich-beruflich-neu-aus\/#breadcrumb"},"inLanguage":"de-DE","potentialAction":[{"@type":"ReadAction","target":["https:\/\/www.ringier.com\/de\/ringier-axel-springer-schweiz-stefan-regez-verlaesst-das-unternehmen-und-richtet-sich-beruflich-neu-aus\/"]}]},{"@type":"ImageObject","inLanguage":"de-DE","@id":"https:\/\/www.ringier.com\/de\/ringier-axel-springer-schweiz-stefan-regez-verlaesst-das-unternehmen-und-richtet-sich-beruflich-neu-aus\/#primaryimage","url":"https:\/\/www.ringier.com\/wp-content\/uploads\/2024\/01\/Stefen-Regez-landscape.jpg","contentUrl":"https:\/\/www.ringier.com\/wp-content\/uploads\/2024\/01\/Stefen-Regez-landscape.jpg","width":1920,"height":1080},{"@type":"BreadcrumbList","@id":"https:\/\/www.ringier.com\/de\/ringier-axel-springer-schweiz-stefan-regez-verlaesst-das-unternehmen-und-richtet-sich-beruflich-neu-aus\/#breadcrumb","itemListElement":[{"@type":"ListItem","position":1,"name":"Home","item":"https:\/\/www.ringier.com\/de\/"},{"@type":"ListItem","position":2,"name":"Ringier Axel Springer Schweiz: Stefan Regez verl\u00e4sst das Unternehmen und richtet sich beruflich neu aus"}]},{"@type":"WebSite","@id":"https:\/\/www.ringier.com\/de\/#website","url":"https:\/\/www.ringier.com\/de\/","name":"Ringier","description":"We inform. We entertain. We connect","publisher":{"@id":"https:\/\/www.ringier.com\/de\/#organization"},"potentialAction":[{"@type":"SearchAction","target":{"@type":"EntryPoint","urlTemplate":"https:\/\/www.ringier.com\/de\/?s={search_term_string}"},"query-input":{"@type":"PropertyValueSpecification","valueRequired":true,"valueName":"search_term_string"}}],"inLanguage":"de-DE"},{"@type":"Organization","@id":"https:\/\/www.ringier.com\/de\/#organization","name":"Ringier","url":"https:\/\/www.ringier.com\/de\/","logo":{"@type":"ImageObject","inLanguage":"de-DE","@id":"https:\/\/www.ringier.com\/de\/#\/schema\/logo\/image\/","url":"https:\/\/www.ringier.com\/wp-content\/uploads\/2021\/10\/ringier_logo_2.jpg","contentUrl":"https:\/\/www.ringier.com\/wp-content\/uploads\/2021\/10\/ringier_logo_2.jpg","width":750,"height":550,"caption":"Ringier"},"image":{"@id":"https:\/\/www.ringier.com\/de\/#\/schema\/logo\/image\/"},"sameAs":["https:\/\/www.facebook.com\/ringierag\/","https:\/\/x.com\/ringier_ag","https:\/\/www.instagram.com\/ringier_ag\/","https:\/\/www.linkedin.com\/company\/ringier\/","https:\/\/www.youtube.com\/user\/RingierComm","https:\/\/en.wikipedia.org\/wiki\/Ringier","https:\/\/de.wikipedia.org\/wiki\/Ringier","https:\/\/fr.wikipedia.org\/wiki\/Ringier","https:\/\/www.crunchbase.com\/organization\/ringier-ag"]},{"@type":"Person","@id":"https:\/\/www.ringier.com\/de\/#\/schema\/person\/4cf76a308dc4b2bb5121bd1e7b752e52","name":"Ringier Corporate Communications","image":{"@type":"ImageObject","inLanguage":"de-DE","@id":"https:\/\/www.ringier.com\/de\/#\/schema\/person\/image\/","url":"https:\/\/secure.gravatar.com\/avatar\/9391e20481368d5df4fe3e1e476c13b27786347489822ec1ed07e532bb41f587?s=96&d=mm&r=g","contentUrl":"https:\/\/secure.gravatar.com\/avatar\/9391e20481368d5df4fe3e1e476c13b27786347489822ec1ed07e532bb41f587?s=96&d=mm&r=g","caption":"Ringier Corporate Communications"},"sameAs":["https:\/\/www.ringier.com"]}]}},"_links":{"self":[{"href":"https:\/\/www.ringier.com\/de\/wp-json\/wp\/v2\/posts\/18040","targetHints":{"allow":["GET"]}}],"collection":[{"href":"https:\/\/www.ringier.com\/de\/wp-json\/wp\/v2\/posts"}],"about":[{"href":"https:\/\/www.ringier.com\/de\/wp-json\/wp\/v2\/types\/post"}],"author":[{"embeddable":true,"href":"https:\/\/www.ringier.com\/de\/wp-json\/wp\/v2\/users\/23"}],"replies":[{"embeddable":true,"href":"https:\/\/www.ringier.com\/de\/wp-json\/wp\/v2\/comments?post=18040"}],"version-history":[{"count":0,"href":"https:\/\/www.ringier.com\/de\/wp-json\/wp\/v2\/posts\/18040\/revisions"}],"wp:featuredmedia":[{"embeddable":true,"href":"https:\/\/www.ringier.com\/de\/wp-json\/wp\/v2\/media\/18041"}],"wp:attachment":[{"href":"https:\/\/www.ringier.com\/de\/wp-json\/wp\/v2\/media?parent=18040"}],"wp:term":[{"taxonomy":"category","embeddable":true,"href":"https:\/\/www.ringier.com\/de\/wp-json\/wp\/v2\/categories?post=18040"},{"taxonomy":"post_tag","embeddable":true,"href":"https:\/\/www.ringier.com\/de\/wp-json\/wp\/v2\/tags?post=18040"}],"curies":[{"name":"wp","href":"https:\/\/api.w.org\/{rel}","templated":true}]}}