{"id":17970,"date":"2021-09-20T14:37:00","date_gmt":"2021-09-20T12:37:00","guid":{"rendered":"https:\/\/www.ringier.com\/?p=17970"},"modified":"2024-11-14T13:52:21","modified_gmt":"2024-11-14T12:52:21","slug":"null-kilometer-140-hektaren-33-punkte-das-castello-del-sole-in-ascona-ist-gaultmillaus-hotel-des-jahres-2022","status":"publish","type":"post","link":"https:\/\/www.ringier.com\/de\/null-kilometer-140-hektaren-33-punkte-das-castello-del-sole-in-ascona-ist-gaultmillaus-hotel-des-jahres-2022\/","title":{"rendered":"Null-Kilometer, 140 Hektaren, 33 Punkte! Das \u00abCastello del Sole\u00bb in Ascona ist GaultMillaus \u00abHotel des Jahres 2022\u00bb"},"content":{"rendered":"\n<p>Raum und Ruhe sind der neue Luxus. Kein Problem f\u00fcr das \u00abCastello del Sole\u00bb in Ascona, dem Flaggschiff von Gratian Andas exklusiver Hotel-Kollektion \u00abThe Living Circle\u00bb. Das elegante Ferienhotel steht mitten in einem riesigen Park, mit eigenem Strand. In Zahlen: 140 Hektaren Garten- und Landwirtschaftsfl\u00e4che, rein rechnerisch 933,33 Quadratmeter pro Gast. Man spaziert 33 Minuten lang, ohne das Resort auch nur einmal zu verlassen. Zum Hotel geh\u00f6ren die \u00abTerreni alla Maggia\u00bb, ein beeindruckender Gutsbetrieb, der vieles hergibt: den n\u00f6rdlichsten Reis der Welt (\u00abLoto\u00bb) beispielsweise, oder einen Merlot, der jedes Jahr besser wird; die Terreni-Kellermeister sind bei GaultMillaus \u00abTop 150\u00bb-Winzern der Schweiz gelistet. GaultMillau-Chef Urs Heller: \u00abKaum ein anderes Hotel hat dieses Jahr so erfolgreich gearbeitet wie das Castello. Das Konzept stimmt, trifft den Zeitgeist: viel Platz, erstklassige Produkte, ein exzellenter K\u00fcchenchef und 178 auffallend freundliche, gut geschulte Mitarbeiter.\u00bb<\/p>\n\n\n\n<p><strong>\u00abLocanda Barbarossa\u00bb: 18 Punkte f\u00fcr Mattias Roock<\/strong><\/p>\n\n\n\n<p>\u00abFarm to table\u00bb ist vielerorts angesagt. Das \u00abCastello del Sole\u00bb geht seit Jahren schon einen Schritt weiter \u2013 mit dem Null-Kilometer-Prinzip. Executive Chef Mattias Roock holt die Produkte f\u00fcr seine beeindruckende K\u00fcche aus dem Gutsbetrieb, aus dem eigenen Garten (22 verschiedene Tomatensorten, vier Yuzu-B\u00e4ume, 20 Beerenarten, eigener Pfeffer und eigener Safran) oder von Produzenten und Fischern aus der Gegend. Management by WhatsApp ist nicht sein Ding: Roock besucht die Bauern in ihren abgelegenen Tessiner T\u00e4lern, sucht den pers\u00f6nlichen Kontakt. Die Basis f\u00fcr das beeindruckende \u00abMenu Sapori del nostro Orto\u00bb. Gegen 18 Uhr schw\u00e4rmen die jungen K\u00f6che im Garten aus, zupfen, ernten und pfl\u00fccken, was es f\u00fcr den Abendservice braucht. Der GaultMillau honoriert\u2019s: 18 Punkte f\u00fcr den weitgereisten Chef, seinen Vize Leo Ott, f\u00fcr Ma\u00eetre Sergio Bassi (GaultMillaus \u00abGastgeber des Jahres 2021\u00bb) und f\u00fcr die engagierten weissen und schwarzen Brigaden.<\/p>\n\n\n\n<p><strong>\u00abTre Stagioni\u00bb: 15 Punkte. Auch f\u00fcr das unglaubliche Fischbuffet<\/strong><\/p>\n\n\n\n<p>15 Punkte kommen noch dazu. Auch das eigentliche Hotelrestaurant \u00abTre Stagioni\u00bb ist im Guide GaultMillau hoch bewertet. 130 G\u00e4ste kriegen auf der von Enzo Enea ausgebauten Terrasse jeden Abend eine neue \u00abProposta dello Chef\u00bb. Ehrensache, dass Extraw\u00fcnsche der vielen Stammg\u00e4ste erf\u00fcllt werden. \u00abJeder Schuss ein Treffer\u00bb, notieren die Tester, sind begeistert von den Fagottini, Ravioli und Conchiglie, von Tessiner Stubenk\u00fcken und von der Barbarie-Ente. Die \u00abProposta di venerd\u00ec\u00bb ist besonders attraktiv: Jeden Freitag baut der Chef sein beeindruckendes \u00abBuffet di pesce, frutti di mare e sushi\u00bb auf. Berufsfischer Giovanni Palmieri liefert daf\u00fcr auch schon mal seinen schwersten Zander (bis 14 Kilo!) ins Haus.<\/p>\n\n\n\n<p><strong>Neue Zimmer, Spa, Tennispl\u00e4tze, Frauscher-Boot. Und die Jennys.<\/strong><\/p>\n\n\n\n<p>Langweilig wird es den \u00abCastello\u00bb-G\u00e4sten nie. Sie buchen Termine im 2500 Quadratmeter grossen, eleganten Spa und auf den hoteleigenen Tennispl\u00e4tzen. Sie treffen sich am Pool und am sympathischen Mittagsbuffet im \u00abRistorante Al Parco\u00bb oder einen leichten Lunch im \u00abLa Spiaggia\u00bb am hoteleigenen Stran. Den Wasserskifahrern steht dort ein klassisches Fauscher-Boot zur Verf\u00fcgung. Aufmerksame Gastgeber sind seit 18 Jahren Gabriela und Simon V. Jenny. Sie haben die F\u00fcnfsterne-Hotellerie im Blut, kennen die Vorlieben ihrer vielen Stammg\u00e4ste, sind rund um die Uhr diskret und aufgeregt f\u00fcr sie da. Auf den vielen Lorbeeren ausruhen ist nicht ihr Ding. Letzte Investitionen: 30 modernisierte Zimmer, neues Design f\u00fcr Kaminhalle und \u00abTre Stagioni\u00bb. Spektakul\u00e4re Ausbaupl\u00e4ne liegen griffbereit in der Schublade. Simon Jennys bester Personalentscheid: Er hat f\u00fcr Legende Othmar Schlegel (29 Jahre K\u00fcchenchef) den perfekten Nachfolger gefunden. Mattias Roock sorgt f\u00fcr gl\u00fcckliche G\u00e4ste, 33 GaultMillau-Punkte und einen Michelin-Stern. Dass das \u00abCastello del Sole\u00bb zum zweiten Mal nach 2008 als \u00abHotel des Jahres\u00bb ausgezeichnet wird, ist auch sein Verdienst.<\/p>\n\n\n\n<p><strong>Party im Park: GaultMillau und Carl F. Bucherer gratulieren<\/strong><\/p>\n\n\n\n<p>GaultMillau Schweiz und die Luzerner Uhrenmanufaktur Carl F. Bucherer luden zur Preis\u00fcbergabe in den Hotelpark. Chefredaktor Urs Heller in seiner Laudatio: \u00abDie Entscheidung ist der Jury leichtgefallen. Das Castello del Sole ist ein wunderbares Gourmet-Schloss. G\u00e4ste werden hier begeistert zu Stammg\u00e4sten.\u00bb CEO Sascha Moeri: \u00abWir freuen uns zusammen mit GaultMilliau das&nbsp;<strong>\u2039<\/strong>Hotel des Jahres<strong>\u203a<\/strong>&nbsp;auszuzeichnen. Bereits zum zweiten Mal geht diese Auszeichnung nun an das Castello del Sole. Ich muss gestehen, dass ich nicht wirklich \u00fcberrascht bin, da es die Verantwortlichen des Resorts brillant verstehen, dem Kunden ein Erlebnis der Superlative in entspannter Umgebung mit Spitzen-Service zu bieten. Carl F. Bucherer und das Castello del Sole teilen Werte wie Kreativit\u00e4t, Innovation, Internationalit\u00e4t und perfekten Kundenservice. Die ganze CFB-Familie gratuliert dem gesamten Team des Castello del Sole zu dieser tollen Leistung und der verdienten Auszeichnung!\u00bb&nbsp;<\/p>\n\n\n\n<p>Die General Manager Simon V. und Gabriela Jenny wurden mit einer exklusiven Carl F. Bucherer-Uhr geehrt. Gravur auf dem Zeitmesser: \u00abHotel des Jahres 2022\u00bb.<\/p>\n\n\n<div id=\"gutenslider-dfzq8cgj1\" class=\"wp-block-eedee-block-gutenslider gs-frontend content-change alignnone arrow-style-1 arrow-position-sides arrow-mb-none arrows-lg arrows-md arrows-sm dot-style-1 dots-lg dots-md dots-sm dot-position-bottom is-position-center-center mb-none wrap-auto-height\" data-parallax-direction=\"down\" data-parallax-amount=\"1.3\" data-lg-transition=\"lg-slide\" data-hash=\"\" ><div class=\"eedee-swiper-outer\" style=\"--gutenslider-min-height: 50vh;--gutenslider-arrow-size: 30px;--gutenslider-dot-size: 25px;--gutenslider-arrow-color: #ffffff;--gutenslider-dot-color: #ffffff;--gutenslider-padding-y-mobile: 40px;--gutenslider-padding-x-mobile: 40px;--gutenslider-padding-y-tablet: 40px;--gutenslider-padding-x-tablet: 40px;--gutenslider-padding-y-desktop: 40px;--gutenslider-padding-x-desktop: 40px;--gutenslider-bg-image: url();--gutenslider-min-height-md: 50vh;--gutenslider-min-height-sm: 50vh;--gutenslider-padding-x: 40px;--gutenslider-padding-x-md: 40px;--gutenslider-padding-x-sm: 20px;--gutenslider-padding-y: 40px;--gutenslider-padding-y-md: 40px;--gutenslider-padding-y-sm: 20px;--gutenslider-arrow-size-md: 30px;--gutenslider-arrow-size-sm: 30px;--gutenslider-dot-size-md: 25px;--gutenslider-dot-size-sm: 25px;--gutenslider-arrow-bg-color: transparent;--gutenslider-arrow-hover-color: #eeeeee;--gutenslider-arrow-bg-hover-color: transparent;--gutenslider-arrow-x-offset: 10px;--gutenslider-arrow-x-offset-md: 10px;--gutenslider-arrow-x-offset-sm: 10px;--gutenslider-arrow-y-offset: 0px;--gutenslider-arrow-y-offset-md: 0px;--gutenslider-arrow-y-offset-sm: 0px;--gutenslider-arrow-x-spacing: 0px;--gutenslider-dot-y-offset: 10px;--gutenslider-dot-y-offset-md: 10px;--gutenslider-dot-y-offset-sm: 10px;--gutenslider-margin-x: 0px;--gutenslider-margin-x-md: 0px;--gutenslider-margin-x-sm: 0px;--gutenslider-margin-y: 0px;--gutenslider-margin-y-md: 0px;--gutenslider-margin-y-sm: 0px;--gutenslider-divider-top: 60px;--gutenslider-divider-bottom: 60px;--gutenslider-lightgallery-bg: #ffffff;--gutenslider-lightgallery-font: #000000;--gs-first-pos: 50% 50%;--gs-gap-vertical: var( --wp--style--gallery-gap-default, var( --gallery-block--gutter-size, var( --wp--style--block-gap, 0.5em ) ) );--gs-gap-horizontal: var( --wp--style--gallery-gap-default, var( --gallery-block--gutter-size, var( --wp--style--block-gap, 0.5em ) ) );\"><div class=\"gutenslider-divider-top\" style=\"color:#fff;\"><\/div><div class=\"swiper\" data-settings='{\"autoplay\":{\"delay\":3000,\"pauseOnMouseEnter\":true,\"disableOnInteraction\":false},\"speed\":700,\"direction\":\"horizontal\",\"autoHeight\":\"\",\"loop\":true,\"centeredSlides\":true,\"spaceBetween\":0,\"slidesPerView\":1,\"slidesPerGroup\":1,\"effect\":\"slide\",\"coverflowEffect\":{\"rotate\":30,\"slideShadows\":false,\"depth\":100,\"stretch\":50,\"modifier\":1},\"fadeEffect\":{\"crossFade\":true},\"zoom\":\"\",\"navigation\":{\"nextEl\":\"#gutenslider-dfzq8cgj1 .eedee-gutenslider-next\",\"prevEl\":\"#gutenslider-dfzq8cgj1 .eedee-gutenslider-prev\"},\"pagination\":{\"type\":\"bullets\",\"clickable\":true,\"dynamicBullets\":false,\"el\":\"#gutenslider-dfzq8cgj1 .eedee-gutenslider-pagination\"},\"pauseOnHover\":\"1\",\"watchSlidesProgress\":true,\"watchSlidesVisibility\":true,\"settingsMd\":{\"autoHeight\":\"\",\"slidesPerView\":1,\"slidesPerGroup\":1,\"spaceBetween\":0,\"loop\":true},\"settingsLg\":{\"autoHeight\":\"\",\"slidesPerView\":1,\"slidesPerGroup\":1,\"spaceBetween\":0,\"loop\":true},\"hasLg\":false,\"hasLgCounter\":true,\"isFullScreen\":false,\"arrowsFollowMouse\":false,\"lgTitle\":\"none\",\"lgCaption\":\"none\",\"lgThumbnails\":true,\"lgZoomEnabled\":false,\"keyboard\":{\"keyboard\":{\"enabled\":true,\"onlyInViewport\":true}},\"hashNavigation\":false,\"dividers\":false}'><div class=\"swiper-wrapper\">\n<div class=\"swiper-slide wp-block-eedee-block-gutenslide is-position-center-center ed-bg-image\" style=\"--ed-vw:300;--ed-vh:200;\" data-hash=\"\"><div class=\"eedee-background-div bg-image\"><img loading=\"lazy\" width=\"1024\" height=\"683\" class=\"wp-image-17989\" src=\"https:\/\/www.ringier.com\/wp-content\/uploads\/2024\/01\/castello_del_sole_aussenansicht-1024x683-1.jpg\" alt=\"\" decoding=\"async\" style=\"object-fit: cover; object-position: 50% 50%;\"  data-title=\"castello_del_sole_aussenansicht-1024x683\" srcset=\"https:\/\/www.ringier.com\/wp-content\/uploads\/2024\/01\/castello_del_sole_aussenansicht-1024x683-1.jpg 1024w, https:\/\/www.ringier.com\/wp-content\/uploads\/2024\/01\/castello_del_sole_aussenansicht-1024x683-1-300x200.jpg 300w, https:\/\/www.ringier.com\/wp-content\/uploads\/2024\/01\/castello_del_sole_aussenansicht-1024x683-1-768x512.jpg 768w\" sizes=\"auto, (max-width: 1024px) 100vw, 1024px\" \/><div class=\"eedee-background-div__overlay\" style=\"opacity:1;\"><\/div><\/div><div class=\"slide-content\">\n\n<p class=\"has-text-align-center gutenslider-content-initial has-larger-font-size\"><\/p>\n\n<\/div><\/div>\n\n<div class=\"swiper-slide wp-block-eedee-block-gutenslide is-position-center-center ed-bg-image\" style=\"--ed-vw:300;--ed-vh:200;\" data-hash=\"\"><div class=\"eedee-background-div bg-image\"><img loading=\"lazy\" width=\"1024\" height=\"683\" class=\"wp-image-17974\" src=\"https:\/\/www.ringier.com\/wp-content\/uploads\/2024\/01\/castello_del_sole_gastgeber_des_jahres_sergio_bassi-1024x683-1.jpg\" alt=\"\" decoding=\"async\" style=\"object-fit: cover; object-position: 50% 50%;\"  data-caption=\"Sergio Bassi 2021\" data-title=\"Sergio Bassi 2021\" srcset=\"https:\/\/www.ringier.com\/wp-content\/uploads\/2024\/01\/castello_del_sole_gastgeber_des_jahres_sergio_bassi-1024x683-1.jpg 1024w, https:\/\/www.ringier.com\/wp-content\/uploads\/2024\/01\/castello_del_sole_gastgeber_des_jahres_sergio_bassi-1024x683-1-300x200.jpg 300w, https:\/\/www.ringier.com\/wp-content\/uploads\/2024\/01\/castello_del_sole_gastgeber_des_jahres_sergio_bassi-1024x683-1-768x512.jpg 768w\" sizes=\"auto, (max-width: 1024px) 100vw, 1024px\" \/><div class=\"eedee-background-div__overlay\" style=\"opacity:1;\"><\/div><\/div><div class=\"slide-content\">\n\n<p class=\"has-text-align-center gutenslider-content-initial has-larger-font-size\"><\/p>\n\n<\/div><\/div>\n\n<div class=\"swiper-slide wp-block-eedee-block-gutenslide is-position-center-center ed-bg-image\" style=\"--ed-vw:300;--ed-vh:200;\" data-hash=\"\"><div class=\"eedee-background-div bg-image\"><img loading=\"lazy\" width=\"1024\" height=\"683\" class=\"wp-image-17977\" src=\"https:\/\/www.ringier.com\/wp-content\/uploads\/2024\/01\/castello_del_sole_direktionspaar_gabirela_simon_v._jenny-1024x683-1.jpg\" alt=\"\" decoding=\"async\" style=\"object-fit: cover; object-position: 50% 50%;\"  data-caption=\"Gabi und Simon Jenny 2021\" data-title=\"Gabi und Simon Jenny 2021\" srcset=\"https:\/\/www.ringier.com\/wp-content\/uploads\/2024\/01\/castello_del_sole_direktionspaar_gabirela_simon_v._jenny-1024x683-1.jpg 1024w, https:\/\/www.ringier.com\/wp-content\/uploads\/2024\/01\/castello_del_sole_direktionspaar_gabirela_simon_v._jenny-1024x683-1-300x200.jpg 300w, https:\/\/www.ringier.com\/wp-content\/uploads\/2024\/01\/castello_del_sole_direktionspaar_gabirela_simon_v._jenny-1024x683-1-768x512.jpg 768w\" sizes=\"auto, (max-width: 1024px) 100vw, 1024px\" \/><div class=\"eedee-background-div__overlay\" style=\"opacity:1;\"><\/div><\/div><div class=\"slide-content\">\n\n<p class=\"has-text-align-center gutenslider-content-initial has-larger-font-size\"><\/p>\n\n<\/div><\/div>\n\n<div class=\"swiper-slide wp-block-eedee-block-gutenslide is-position-center-center ed-bg-image\" style=\"--ed-vw:300;--ed-vh:200;\" data-hash=\"\"><div class=\"eedee-background-div bg-image\"><img loading=\"lazy\" width=\"1024\" height=\"682\" class=\"wp-image-17992\" src=\"https:\/\/www.ringier.com\/wp-content\/uploads\/2024\/01\/castello_del_sole_kuechenchef_mattias_roock_ho-1024x682-1.jpg\" alt=\"\" decoding=\"async\" style=\"object-fit: cover; object-position: 50% 50%;\"  data-title=\"castello_del_sole_kuechenchef_mattias_roock_ho-1024x682\" srcset=\"https:\/\/www.ringier.com\/wp-content\/uploads\/2024\/01\/castello_del_sole_kuechenchef_mattias_roock_ho-1024x682-1.jpg 1024w, https:\/\/www.ringier.com\/wp-content\/uploads\/2024\/01\/castello_del_sole_kuechenchef_mattias_roock_ho-1024x682-1-300x200.jpg 300w, https:\/\/www.ringier.com\/wp-content\/uploads\/2024\/01\/castello_del_sole_kuechenchef_mattias_roock_ho-1024x682-1-768x512.jpg 768w\" sizes=\"auto, (max-width: 1024px) 100vw, 1024px\" \/><div class=\"eedee-background-div__overlay\" style=\"opacity:1;\"><\/div><\/div><div class=\"slide-content\">\n\n<p class=\"has-text-align-center gutenslider-content-initial has-larger-font-size\"><\/p>\n\n<\/div><\/div>\n\n<div class=\"swiper-slide wp-block-eedee-block-gutenslide is-position-center-center ed-bg-image\" style=\"--ed-vw:300;--ed-vh:200;\" data-hash=\"\"><div class=\"eedee-background-div bg-image\"><img loading=\"lazy\" width=\"1024\" height=\"683\" class=\"wp-image-17986\" src=\"https:\/\/www.ringier.com\/wp-content\/uploads\/2024\/01\/castello_del_sole_gartenzimmer_neu-1024x683-1.jpg\" alt=\"\" decoding=\"async\" style=\"object-fit: cover; object-position: 50% 50%;\"  data-title=\"castello_del_sole_gartenzimmer_neu-1024x683\" srcset=\"https:\/\/www.ringier.com\/wp-content\/uploads\/2024\/01\/castello_del_sole_gartenzimmer_neu-1024x683-1.jpg 1024w, https:\/\/www.ringier.com\/wp-content\/uploads\/2024\/01\/castello_del_sole_gartenzimmer_neu-1024x683-1-300x200.jpg 300w, https:\/\/www.ringier.com\/wp-content\/uploads\/2024\/01\/castello_del_sole_gartenzimmer_neu-1024x683-1-768x512.jpg 768w\" sizes=\"auto, (max-width: 1024px) 100vw, 1024px\" \/><div class=\"eedee-background-div__overlay\" style=\"opacity:1;\"><\/div><\/div><div class=\"slide-content\">\n\n<p class=\"has-text-align-center gutenslider-content-initial has-larger-font-size\"><\/p>\n\n<\/div><\/div>\n\n<div class=\"swiper-slide wp-block-eedee-block-gutenslide is-position-center-center ed-bg-image\" style=\"--ed-vw:300;--ed-vh:200;\" data-hash=\"\"><div class=\"eedee-background-div bg-image\"><img loading=\"lazy\" width=\"1024\" height=\"683\" class=\"wp-image-17983\" src=\"https:\/\/www.ringier.com\/wp-content\/uploads\/2024\/01\/castello_del_sole_tre_stagioni_neu-1024x683-1.jpg\" alt=\"\" decoding=\"async\" style=\"object-fit: cover; object-position: 50% 50%;\"  data-title=\"castello_del_sole_tre_stagioni_neu-1024x683\" srcset=\"https:\/\/www.ringier.com\/wp-content\/uploads\/2024\/01\/castello_del_sole_tre_stagioni_neu-1024x683-1.jpg 1024w, https:\/\/www.ringier.com\/wp-content\/uploads\/2024\/01\/castello_del_sole_tre_stagioni_neu-1024x683-1-300x200.jpg 300w, https:\/\/www.ringier.com\/wp-content\/uploads\/2024\/01\/castello_del_sole_tre_stagioni_neu-1024x683-1-768x512.jpg 768w\" sizes=\"auto, (max-width: 1024px) 100vw, 1024px\" \/><div class=\"eedee-background-div__overlay\" style=\"opacity:1;\"><\/div><\/div><div class=\"slide-content\">\n\n<p class=\"has-text-align-center gutenslider-content-initial has-larger-font-size\"><\/p>\n\n<\/div><\/div>\n\n<div class=\"swiper-slide wp-block-eedee-block-gutenslide is-position-center-center ed-bg-image\" style=\"--ed-vw:300;--ed-vh:200;\" data-hash=\"\"><div class=\"eedee-background-div bg-image\"><img loading=\"lazy\" width=\"1024\" height=\"683\" class=\"wp-image-17980\" src=\"https:\/\/www.ringier.com\/wp-content\/uploads\/2024\/01\/castello_del_sole_locanda_barbarossa-1024x683-1.jpg\" alt=\"\" decoding=\"async\" style=\"object-fit: cover; object-position: 50% 50%;\"  data-caption=\"Castello Del Sole 2019\" data-title=\"Castello Del Sole 2019\" srcset=\"https:\/\/www.ringier.com\/wp-content\/uploads\/2024\/01\/castello_del_sole_locanda_barbarossa-1024x683-1.jpg 1024w, https:\/\/www.ringier.com\/wp-content\/uploads\/2024\/01\/castello_del_sole_locanda_barbarossa-1024x683-1-300x200.jpg 300w, https:\/\/www.ringier.com\/wp-content\/uploads\/2024\/01\/castello_del_sole_locanda_barbarossa-1024x683-1-768x512.jpg 768w\" sizes=\"auto, (max-width: 1024px) 100vw, 1024px\" \/><div class=\"eedee-background-div__overlay\" style=\"opacity:1;\"><\/div><\/div><div class=\"slide-content\">\n\n<p class=\"has-text-align-center gutenslider-content-initial has-larger-font-size\"><\/p>\n\n<\/div><\/div>\n<\/div><\/div><button class=\"eedee-gutenslider-nav eedee-gutenslider-prev\"><svg xmlns=\"http:\/\/www.w3.org\/2000\/svg\" viewBox=\"0 0 24 24\" width=\"24\" height=\"24\"><circle class=\"bg\" cx=\"13\" cy=\"12\" r=\"11\" \/><path fill=\"none\" d=\"M0 0h24v24H0z\"\/><path class=\"arrow\" d=\"M10.828 12l4.95 4.95-1.414 1.414L8 12l6.364-6.364 1.414 1.414z\"\/><\/svg><\/button><button class=\"eedee-gutenslider-nav eedee-gutenslider-next\"><svg xmlns=\"http:\/\/www.w3.org\/2000\/svg\" viewBox=\"0 0 24 24\" width=\"24\" height=\"24\"><circle class=\"bg\" cx=\"11\" cy=\"12\" r=\"11\" \/><path fill=\"none\" d=\"M0 0h24v24H0z\"\/><path class=\"arrow\" d=\"M13.172 12l-4.95-4.95 1.414-1.414L16 12l-6.364 6.364-1.414-1.414z\"\/><\/svg><\/button><div class=\"eedee-gutenslider-pagination\"><\/div><div class=\"gutenslider-divider-bottom \" style=\"color:#fff;\"><\/div><\/div><\/div>\n\n\n<hr class=\"wp-block-separator has-alpha-channel-opacity\"\/>\n\n\n\n<p class=\"has-small-font-size\"><strong>Die&nbsp;Bilder sind auch verf\u00fcgbar unter:<\/strong><br><a href=\"https:\/\/www.gaultmillau.ch\/life-style\/castello-del-sole-infos-fotos-fur-medien\">https:\/\/www.gaultmillau.ch\/life-style\/castello-del-sole-infos-fotos-fur-medien<\/a><\/p>\n\n\n\n<p class=\"has-small-font-size\"><strong>Weitere Informationen:<\/strong><br>Ringier Axel Springer Schweiz AG, GaultMillau, Telefon: + 41 58 269 26 10,&nbsp;<a href=\"mailto:gaultmillau@ringieraxelspringer.ch\">gaultmillau@ringieraxelspringer.ch<\/a><br>Hotel Castello del Sole, Simon V. Jenny, General Manager<br>Telefon +41 91 791 02 02,&nbsp;<a href=\"mailto:direktion@castellodelsole.com\">direktion@castellodelsole.com<\/a><\/p>\n\n\n\n<p class=\"has-small-font-size\"><em><strong>\u00dcber GaultMillau:<\/strong><\/em><\/p>\n\n\n\n<p class=\"has-small-font-size\">Wo sind die besten Restaurants der Schweiz? Wer sind die kreativsten K\u00f6che? Der GaultMillau Guide Schweiz ist der wichtigste Gourmetf\u00fchrer im Land. 830 Restaurants werden bewertet und ausf\u00fchrlich beschrieben. Die ausgezeichneten K\u00f6che des Landes werden in Bildern vorgestellt. Der Guide wird in den Medien t\u00e4glich zitiert.<\/p>\n\n\n\n<p class=\"has-small-font-size\">GaultMillau digital: Auf&nbsp;<a href=\"https:\/\/www.gaultmillau.ch\/\">Gaultmillau.ch<\/a>&nbsp;gibts t\u00e4glich Rezeptvideos und Rezepte der besten K\u00f6che. Spannende Interviews und News aus der Szene. Die neue Lifestyle-Liste GaultMillau POP empfiehlt 150 trendige Beizen, Brasserien, Bars und Caf\u00e9s. Der Blog \u00abZ\u00fcri isst\u00bb spricht ein urbanes, junges Publikum an und hat eine st\u00e4ndig wachsende eigene Community.<\/p>\n\n\n\n<p class=\"has-small-font-size\"><strong>Die GaultMillaus \u00abHotel des Jahres\u00bb<\/strong><\/p>\n\n\n\n<ul class=\"wp-block-list\">\n<li class=\"has-small-font-size\">2022&nbsp; &nbsp; &nbsp;Ascona, Hotel Castello del Sole<\/li>\n\n\n\n<li class=\"has-small-font-size\">2021&nbsp; &nbsp; &nbsp;Bad Ragaz, Grand Resort Bad Ragaz<\/li>\n\n\n\n<li class=\"has-small-font-size\">2020&nbsp; &nbsp; &nbsp;Basel, Grand Hotel Les Trois Rois<\/li>\n\n\n\n<li class=\"has-small-font-size\">2019&nbsp; &nbsp; &nbsp;B\u00fcrgenstock, B\u00fcrgenstock Resort Lake Lucerne<\/li>\n\n\n\n<li class=\"has-small-font-size\">2018&nbsp; &nbsp; &nbsp;St. Moritz, Kulm Hotel<\/li>\n\n\n\n<li class=\"has-small-font-size\">2017&nbsp; &nbsp; &nbsp;Andermatt, The Chedi Andermatt<\/li>\n\n\n\n<li class=\"has-small-font-size\">2016&nbsp; &nbsp; &nbsp;Z\u00fcrich, The Dolder Grand<\/li>\n\n\n\n<li class=\"has-small-font-size\">2015&nbsp; &nbsp; &nbsp;Vitznau, Park Hotel Vitznau<\/li>\n\n\n\n<li class=\"has-small-font-size\">2014&nbsp; &nbsp; &nbsp;Gstaad, The Alpina Gstaad<\/li>\n\n\n\n<li class=\"has-small-font-size\">2013&nbsp; &nbsp; &nbsp;Z\u00fcrich, Baur au Lac<\/li>\n\n\n\n<li class=\"has-small-font-size\">2012&nbsp; &nbsp; &nbsp;Lausanne, H\u00f4tel Lausanne Palace &amp; Spa<\/li>\n\n\n\n<li class=\"has-small-font-size\">2011&nbsp; &nbsp; &nbsp;Ascona, Eden Roc<\/li>\n\n\n\n<li class=\"has-small-font-size\">2010&nbsp; &nbsp; &nbsp;Bad Ragaz, Grand Resort Bad Ragaz<\/li>\n\n\n\n<li class=\"has-small-font-size\">2009&nbsp; &nbsp; &nbsp;Pontresina, Grand Hotel Kronenhof<\/li>\n\n\n\n<li class=\"has-small-font-size\">2008&nbsp; &nbsp; &nbsp;Ascona, Hotel Castello del Sole<\/li>\n\n\n\n<li class=\"has-small-font-size\">2007&nbsp; &nbsp; &nbsp;Lausanne, Beau-Rivage Palace<\/li>\n\n\n\n<li class=\"has-small-font-size\">2006&nbsp; &nbsp; &nbsp;Lenk, Lenkerhof Alpine Resort<\/li>\n\n\n\n<li class=\"has-small-font-size\">2005 &nbsp; &nbsp; Flims, Waldhaus Flims Mountain Resort &amp; Spa<\/li>\n\n\n\n<li class=\"has-small-font-size\">2004&nbsp; &nbsp; &nbsp;Gstaad, Grand Hotel Bellevue<\/li>\n\n\n\n<li class=\"has-small-font-size\">2003&nbsp; &nbsp; &nbsp;Lugano, Villa Principe Leopoldo<\/li>\n\n\n\n<li class=\"has-small-font-size\">2002&nbsp; &nbsp; &nbsp;Weggis, Park Hotel<\/li>\n\n\n\n<li class=\"has-small-font-size\">2001&nbsp; &nbsp; &nbsp;Interlaken, Victoria-Jungfrau Grand Hotel &amp; Spa<\/li>\n\n\n\n<li class=\"has-small-font-size\">2000&nbsp; &nbsp; &nbsp;Murten, Le Vieux Manoir<\/li>\n\n\n\n<li class=\"has-small-font-size\">1999&nbsp; &nbsp; &nbsp;Bad Ragaz, Grand Hotel Quellenhof<\/li>\n\n\n\n<li class=\"has-small-font-size\">1998&nbsp; &nbsp; &nbsp;Ascona, Albergo Giardino<\/li>\n<\/ul>\n\n\n\n<hr class=\"wp-block-separator has-alpha-channel-opacity\"\/>\n\n\n\n<div class=\"wp-block-columns is-layout-flex wp-container-core-columns-is-layout-9d6595d7 wp-block-columns-is-layout-flex\">\n<div class=\"wp-block-column is-vertically-aligned-bottom is-layout-flow wp-block-column-is-layout-flow\">\n<p class=\"has-small-font-size\">Corporate&nbsp;Communications<br>+41 44 259 64 44<br><a href=\"mailto:media@ringier.ch\" target=\"_blank\" rel=\"noreferrer noopener\">media@ringier.ch<\/a> <br><a href=\"https:\/\/www.ringier.com\/de\/\">www.ringier.co<\/a><a href=\"https:\/\/www.ringier.com\/de\/\" target=\"_blank\" rel=\"noreferrer noopener\">m<\/a><\/p>\n<\/div>\n\n\n\n<div class=\"wp-block-column is-vertically-aligned-bottom is-layout-flow wp-block-column-is-layout-flow\">\n<p class=\"has-text-align-left has-small-font-size\">Ringier AG<br>Dufourstrasse 23<br>8008 Z\u00fcrich<br>Schweiz<\/p>\n<\/div>\n<\/div>\n","protected":false},"excerpt":{"rendered":"<p>78 moderne Zimmer und Suiten. Ein riesiger Park. 2500 m2 Spa. Produkte vom eigenen Bauernhof. Und Mattias Roock, Starchef und Schwerarbeiter zugleich: GaultMillau Schweiz zeichnet das \u00abCastello del Sole\u00bb in Ascona gemeinsam mit Carl F. Bucherer als \u00abHotel des Jahres\u00bb aus. Zum zweiten Mal nach 2008.<\/p>\n","protected":false},"author":23,"featured_media":17971,"comment_status":"closed","ping_status":"open","sticky":false,"template":"","format":"standard","meta":{"inline_featured_image":false,"footnotes":""},"categories":[371,361],"tags":[],"class_list":["post-17970","post","type-post","status-publish","format-standard","has-post-thumbnail","hentry","category-media-de","category-ringier-medien-schweiz"],"yoast_head":"<!-- This site is optimized with the Yoast SEO Premium plugin v27.0 (Yoast SEO v27.0) - https:\/\/yoast.com\/product\/yoast-seo-premium-wordpress\/ -->\n<title>Null-Kilometer, 140 Hektaren, 33 Punkte! Das \u00abCastello del Sole\u00bb in Ascona ist GaultMillaus \u00abHotel des Jahres 2022\u00bb - Ringier<\/title>\n<meta name=\"robots\" content=\"index, follow, max-snippet:-1, max-image-preview:large, max-video-preview:-1\" \/>\n<link rel=\"canonical\" href=\"https:\/\/www.ringier.com\/de\/null-kilometer-140-hektaren-33-punkte-das-castello-del-sole-in-ascona-ist-gaultmillaus-hotel-des-jahres-2022\/\" \/>\n<meta property=\"og:locale\" content=\"de_DE\" \/>\n<meta property=\"og:type\" content=\"article\" \/>\n<meta property=\"og:title\" content=\"Null-Kilometer, 140 Hektaren, 33 Punkte! Das \u00abCastello del Sole\u00bb in Ascona ist GaultMillaus \u00abHotel des Jahres 2022\u00bb\" \/>\n<meta property=\"og:description\" content=\"78 moderne Zimmer und Suiten. Ein riesiger Park. 2500 m2 Spa. Produkte vom eigenen Bauernhof. Und Mattias Roock, Starchef und Schwerarbeiter zugleich: GaultMillau Schweiz zeichnet das \u00abCastello del Sole\u00bb in Ascona gemeinsam mit Carl F. Bucherer als \u00abHotel des Jahres\u00bb aus. Zum zweiten Mal nach 2008.\" \/>\n<meta property=\"og:url\" content=\"https:\/\/www.ringier.com\/de\/null-kilometer-140-hektaren-33-punkte-das-castello-del-sole-in-ascona-ist-gaultmillaus-hotel-des-jahres-2022\/\" \/>\n<meta property=\"og:site_name\" content=\"Ringier\" \/>\n<meta property=\"article:publisher\" content=\"https:\/\/www.facebook.com\/ringierag\/\" \/>\n<meta property=\"article:published_time\" content=\"2021-09-20T12:37:00+00:00\" \/>\n<meta property=\"article:modified_time\" content=\"2024-11-14T12:52:21+00:00\" \/>\n<meta property=\"og:image\" content=\"https:\/\/www.ringier.com\/wp-content\/uploads\/2024\/01\/castello_del_sole_aussenansicht_kurz.jpg\" \/>\n\t<meta property=\"og:image:width\" content=\"1684\" \/>\n\t<meta property=\"og:image:height\" content=\"961\" \/>\n\t<meta property=\"og:image:type\" content=\"image\/jpeg\" \/>\n<meta name=\"author\" content=\"Ringier Corporate Communications\" \/>\n<meta name=\"twitter:card\" content=\"summary_large_image\" \/>\n<meta name=\"twitter:creator\" content=\"@ringier_ag\" \/>\n<meta name=\"twitter:site\" content=\"@ringier_ag\" \/>\n<meta name=\"twitter:label1\" content=\"Verfasst von\" \/>\n\t<meta name=\"twitter:data1\" content=\"Ringier Corporate Communications\" \/>\n\t<meta name=\"twitter:label2\" content=\"Gesch\u00e4tzte Lesezeit\" \/>\n\t<meta name=\"twitter:data2\" content=\"6 Minuten\" \/>\n<script type=\"application\/ld+json\" class=\"yoast-schema-graph\">{\"@context\":\"https:\/\/schema.org\",\"@graph\":[{\"@type\":\"Article\",\"@id\":\"https:\/\/www.ringier.com\/de\/null-kilometer-140-hektaren-33-punkte-das-castello-del-sole-in-ascona-ist-gaultmillaus-hotel-des-jahres-2022\/#article\",\"isPartOf\":{\"@id\":\"https:\/\/www.ringier.com\/de\/null-kilometer-140-hektaren-33-punkte-das-castello-del-sole-in-ascona-ist-gaultmillaus-hotel-des-jahres-2022\/\"},\"author\":{\"name\":\"Ringier Corporate Communications\",\"@id\":\"https:\/\/www.ringier.com\/de\/#\/schema\/person\/4cf76a308dc4b2bb5121bd1e7b752e52\"},\"headline\":\"Null-Kilometer, 140 Hektaren, 33 Punkte! Das \u00abCastello del Sole\u00bb in Ascona ist GaultMillaus \u00abHotel des Jahres 2022\u00bb\",\"datePublished\":\"2021-09-20T12:37:00+00:00\",\"dateModified\":\"2024-11-14T12:52:21+00:00\",\"mainEntityOfPage\":{\"@id\":\"https:\/\/www.ringier.com\/de\/null-kilometer-140-hektaren-33-punkte-das-castello-del-sole-in-ascona-ist-gaultmillaus-hotel-des-jahres-2022\/\"},\"wordCount\":1136,\"publisher\":{\"@id\":\"https:\/\/www.ringier.com\/de\/#organization\"},\"image\":{\"@id\":\"https:\/\/www.ringier.com\/de\/null-kilometer-140-hektaren-33-punkte-das-castello-del-sole-in-ascona-ist-gaultmillaus-hotel-des-jahres-2022\/#primaryimage\"},\"thumbnailUrl\":\"https:\/\/www.ringier.com\/wp-content\/uploads\/2024\/01\/castello_del_sole_aussenansicht_kurz.jpg\",\"articleSection\":[\"Media\",\"Ringier Medien Schweiz\"],\"inLanguage\":\"de-DE\"},{\"@type\":\"WebPage\",\"@id\":\"https:\/\/www.ringier.com\/de\/null-kilometer-140-hektaren-33-punkte-das-castello-del-sole-in-ascona-ist-gaultmillaus-hotel-des-jahres-2022\/\",\"url\":\"https:\/\/www.ringier.com\/de\/null-kilometer-140-hektaren-33-punkte-das-castello-del-sole-in-ascona-ist-gaultmillaus-hotel-des-jahres-2022\/\",\"name\":\"Null-Kilometer, 140 Hektaren, 33 Punkte! Das \u00abCastello del Sole\u00bb in Ascona ist GaultMillaus \u00abHotel des Jahres 2022\u00bb - Ringier\",\"isPartOf\":{\"@id\":\"https:\/\/www.ringier.com\/de\/#website\"},\"primaryImageOfPage\":{\"@id\":\"https:\/\/www.ringier.com\/de\/null-kilometer-140-hektaren-33-punkte-das-castello-del-sole-in-ascona-ist-gaultmillaus-hotel-des-jahres-2022\/#primaryimage\"},\"image\":{\"@id\":\"https:\/\/www.ringier.com\/de\/null-kilometer-140-hektaren-33-punkte-das-castello-del-sole-in-ascona-ist-gaultmillaus-hotel-des-jahres-2022\/#primaryimage\"},\"thumbnailUrl\":\"https:\/\/www.ringier.com\/wp-content\/uploads\/2024\/01\/castello_del_sole_aussenansicht_kurz.jpg\",\"datePublished\":\"2021-09-20T12:37:00+00:00\",\"dateModified\":\"2024-11-14T12:52:21+00:00\",\"breadcrumb\":{\"@id\":\"https:\/\/www.ringier.com\/de\/null-kilometer-140-hektaren-33-punkte-das-castello-del-sole-in-ascona-ist-gaultmillaus-hotel-des-jahres-2022\/#breadcrumb\"},\"inLanguage\":\"de-DE\",\"potentialAction\":[{\"@type\":\"ReadAction\",\"target\":[\"https:\/\/www.ringier.com\/de\/null-kilometer-140-hektaren-33-punkte-das-castello-del-sole-in-ascona-ist-gaultmillaus-hotel-des-jahres-2022\/\"]}]},{\"@type\":\"ImageObject\",\"inLanguage\":\"de-DE\",\"@id\":\"https:\/\/www.ringier.com\/de\/null-kilometer-140-hektaren-33-punkte-das-castello-del-sole-in-ascona-ist-gaultmillaus-hotel-des-jahres-2022\/#primaryimage\",\"url\":\"https:\/\/www.ringier.com\/wp-content\/uploads\/2024\/01\/castello_del_sole_aussenansicht_kurz.jpg\",\"contentUrl\":\"https:\/\/www.ringier.com\/wp-content\/uploads\/2024\/01\/castello_del_sole_aussenansicht_kurz.jpg\",\"width\":1684,\"height\":961},{\"@type\":\"BreadcrumbList\",\"@id\":\"https:\/\/www.ringier.com\/de\/null-kilometer-140-hektaren-33-punkte-das-castello-del-sole-in-ascona-ist-gaultmillaus-hotel-des-jahres-2022\/#breadcrumb\",\"itemListElement\":[{\"@type\":\"ListItem\",\"position\":1,\"name\":\"Home\",\"item\":\"https:\/\/www.ringier.com\/de\/\"},{\"@type\":\"ListItem\",\"position\":2,\"name\":\"Null-Kilometer, 140 Hektaren, 33 Punkte! Das \u00abCastello del Sole\u00bb in Ascona ist GaultMillaus \u00abHotel des Jahres 2022\u00bb\"}]},{\"@type\":\"WebSite\",\"@id\":\"https:\/\/www.ringier.com\/de\/#website\",\"url\":\"https:\/\/www.ringier.com\/de\/\",\"name\":\"Ringier\",\"description\":\"We inform. We entertain. We connect\",\"publisher\":{\"@id\":\"https:\/\/www.ringier.com\/de\/#organization\"},\"potentialAction\":[{\"@type\":\"SearchAction\",\"target\":{\"@type\":\"EntryPoint\",\"urlTemplate\":\"https:\/\/www.ringier.com\/de\/?s={search_term_string}\"},\"query-input\":{\"@type\":\"PropertyValueSpecification\",\"valueRequired\":true,\"valueName\":\"search_term_string\"}}],\"inLanguage\":\"de-DE\"},{\"@type\":\"Organization\",\"@id\":\"https:\/\/www.ringier.com\/de\/#organization\",\"name\":\"Ringier\",\"url\":\"https:\/\/www.ringier.com\/de\/\",\"logo\":{\"@type\":\"ImageObject\",\"inLanguage\":\"de-DE\",\"@id\":\"https:\/\/www.ringier.com\/de\/#\/schema\/logo\/image\/\",\"url\":\"https:\/\/www.ringier.com\/wp-content\/uploads\/2021\/10\/ringier_logo_2.jpg\",\"contentUrl\":\"https:\/\/www.ringier.com\/wp-content\/uploads\/2021\/10\/ringier_logo_2.jpg\",\"width\":750,\"height\":550,\"caption\":\"Ringier\"},\"image\":{\"@id\":\"https:\/\/www.ringier.com\/de\/#\/schema\/logo\/image\/\"},\"sameAs\":[\"https:\/\/www.facebook.com\/ringierag\/\",\"https:\/\/x.com\/ringier_ag\",\"https:\/\/www.instagram.com\/ringier_ag\/\",\"https:\/\/www.linkedin.com\/company\/ringier\/\",\"https:\/\/www.youtube.com\/user\/RingierComm\",\"https:\/\/en.wikipedia.org\/wiki\/Ringier\",\"https:\/\/de.wikipedia.org\/wiki\/Ringier\",\"https:\/\/fr.wikipedia.org\/wiki\/Ringier\",\"https:\/\/www.crunchbase.com\/organization\/ringier-ag\"]},{\"@type\":\"Person\",\"@id\":\"https:\/\/www.ringier.com\/de\/#\/schema\/person\/4cf76a308dc4b2bb5121bd1e7b752e52\",\"name\":\"Ringier Corporate Communications\",\"image\":{\"@type\":\"ImageObject\",\"inLanguage\":\"de-DE\",\"@id\":\"https:\/\/www.ringier.com\/de\/#\/schema\/person\/image\/\",\"url\":\"https:\/\/secure.gravatar.com\/avatar\/9391e20481368d5df4fe3e1e476c13b27786347489822ec1ed07e532bb41f587?s=96&d=mm&r=g\",\"contentUrl\":\"https:\/\/secure.gravatar.com\/avatar\/9391e20481368d5df4fe3e1e476c13b27786347489822ec1ed07e532bb41f587?s=96&d=mm&r=g\",\"caption\":\"Ringier Corporate Communications\"},\"sameAs\":[\"https:\/\/www.ringier.com\"]}]}<\/script>\n<!-- \/ Yoast SEO Premium plugin. -->","yoast_head_json":{"title":"Null-Kilometer, 140 Hektaren, 33 Punkte! Das \u00abCastello del Sole\u00bb in Ascona ist GaultMillaus \u00abHotel des Jahres 2022\u00bb - Ringier","robots":{"index":"index","follow":"follow","max-snippet":"max-snippet:-1","max-image-preview":"max-image-preview:large","max-video-preview":"max-video-preview:-1"},"canonical":"https:\/\/www.ringier.com\/de\/null-kilometer-140-hektaren-33-punkte-das-castello-del-sole-in-ascona-ist-gaultmillaus-hotel-des-jahres-2022\/","og_locale":"de_DE","og_type":"article","og_title":"Null-Kilometer, 140 Hektaren, 33 Punkte! Das \u00abCastello del Sole\u00bb in Ascona ist GaultMillaus \u00abHotel des Jahres 2022\u00bb","og_description":"78 moderne Zimmer und Suiten. Ein riesiger Park. 2500 m2 Spa. Produkte vom eigenen Bauernhof. Und Mattias Roock, Starchef und Schwerarbeiter zugleich: GaultMillau Schweiz zeichnet das \u00abCastello del Sole\u00bb in Ascona gemeinsam mit Carl F. Bucherer als \u00abHotel des Jahres\u00bb aus. Zum zweiten Mal nach 2008.","og_url":"https:\/\/www.ringier.com\/de\/null-kilometer-140-hektaren-33-punkte-das-castello-del-sole-in-ascona-ist-gaultmillaus-hotel-des-jahres-2022\/","og_site_name":"Ringier","article_publisher":"https:\/\/www.facebook.com\/ringierag\/","article_published_time":"2021-09-20T12:37:00+00:00","article_modified_time":"2024-11-14T12:52:21+00:00","og_image":[{"width":1684,"height":961,"url":"https:\/\/www.ringier.com\/wp-content\/uploads\/2024\/01\/castello_del_sole_aussenansicht_kurz.jpg","type":"image\/jpeg"}],"author":"Ringier Corporate Communications","twitter_card":"summary_large_image","twitter_creator":"@ringier_ag","twitter_site":"@ringier_ag","twitter_misc":{"Verfasst von":"Ringier Corporate Communications","Gesch\u00e4tzte Lesezeit":"6 Minuten"},"schema":{"@context":"https:\/\/schema.org","@graph":[{"@type":"Article","@id":"https:\/\/www.ringier.com\/de\/null-kilometer-140-hektaren-33-punkte-das-castello-del-sole-in-ascona-ist-gaultmillaus-hotel-des-jahres-2022\/#article","isPartOf":{"@id":"https:\/\/www.ringier.com\/de\/null-kilometer-140-hektaren-33-punkte-das-castello-del-sole-in-ascona-ist-gaultmillaus-hotel-des-jahres-2022\/"},"author":{"name":"Ringier Corporate Communications","@id":"https:\/\/www.ringier.com\/de\/#\/schema\/person\/4cf76a308dc4b2bb5121bd1e7b752e52"},"headline":"Null-Kilometer, 140 Hektaren, 33 Punkte! Das \u00abCastello del Sole\u00bb in Ascona ist GaultMillaus \u00abHotel des Jahres 2022\u00bb","datePublished":"2021-09-20T12:37:00+00:00","dateModified":"2024-11-14T12:52:21+00:00","mainEntityOfPage":{"@id":"https:\/\/www.ringier.com\/de\/null-kilometer-140-hektaren-33-punkte-das-castello-del-sole-in-ascona-ist-gaultmillaus-hotel-des-jahres-2022\/"},"wordCount":1136,"publisher":{"@id":"https:\/\/www.ringier.com\/de\/#organization"},"image":{"@id":"https:\/\/www.ringier.com\/de\/null-kilometer-140-hektaren-33-punkte-das-castello-del-sole-in-ascona-ist-gaultmillaus-hotel-des-jahres-2022\/#primaryimage"},"thumbnailUrl":"https:\/\/www.ringier.com\/wp-content\/uploads\/2024\/01\/castello_del_sole_aussenansicht_kurz.jpg","articleSection":["Media","Ringier Medien Schweiz"],"inLanguage":"de-DE"},{"@type":"WebPage","@id":"https:\/\/www.ringier.com\/de\/null-kilometer-140-hektaren-33-punkte-das-castello-del-sole-in-ascona-ist-gaultmillaus-hotel-des-jahres-2022\/","url":"https:\/\/www.ringier.com\/de\/null-kilometer-140-hektaren-33-punkte-das-castello-del-sole-in-ascona-ist-gaultmillaus-hotel-des-jahres-2022\/","name":"Null-Kilometer, 140 Hektaren, 33 Punkte! Das \u00abCastello del Sole\u00bb in Ascona ist GaultMillaus \u00abHotel des Jahres 2022\u00bb - Ringier","isPartOf":{"@id":"https:\/\/www.ringier.com\/de\/#website"},"primaryImageOfPage":{"@id":"https:\/\/www.ringier.com\/de\/null-kilometer-140-hektaren-33-punkte-das-castello-del-sole-in-ascona-ist-gaultmillaus-hotel-des-jahres-2022\/#primaryimage"},"image":{"@id":"https:\/\/www.ringier.com\/de\/null-kilometer-140-hektaren-33-punkte-das-castello-del-sole-in-ascona-ist-gaultmillaus-hotel-des-jahres-2022\/#primaryimage"},"thumbnailUrl":"https:\/\/www.ringier.com\/wp-content\/uploads\/2024\/01\/castello_del_sole_aussenansicht_kurz.jpg","datePublished":"2021-09-20T12:37:00+00:00","dateModified":"2024-11-14T12:52:21+00:00","breadcrumb":{"@id":"https:\/\/www.ringier.com\/de\/null-kilometer-140-hektaren-33-punkte-das-castello-del-sole-in-ascona-ist-gaultmillaus-hotel-des-jahres-2022\/#breadcrumb"},"inLanguage":"de-DE","potentialAction":[{"@type":"ReadAction","target":["https:\/\/www.ringier.com\/de\/null-kilometer-140-hektaren-33-punkte-das-castello-del-sole-in-ascona-ist-gaultmillaus-hotel-des-jahres-2022\/"]}]},{"@type":"ImageObject","inLanguage":"de-DE","@id":"https:\/\/www.ringier.com\/de\/null-kilometer-140-hektaren-33-punkte-das-castello-del-sole-in-ascona-ist-gaultmillaus-hotel-des-jahres-2022\/#primaryimage","url":"https:\/\/www.ringier.com\/wp-content\/uploads\/2024\/01\/castello_del_sole_aussenansicht_kurz.jpg","contentUrl":"https:\/\/www.ringier.com\/wp-content\/uploads\/2024\/01\/castello_del_sole_aussenansicht_kurz.jpg","width":1684,"height":961},{"@type":"BreadcrumbList","@id":"https:\/\/www.ringier.com\/de\/null-kilometer-140-hektaren-33-punkte-das-castello-del-sole-in-ascona-ist-gaultmillaus-hotel-des-jahres-2022\/#breadcrumb","itemListElement":[{"@type":"ListItem","position":1,"name":"Home","item":"https:\/\/www.ringier.com\/de\/"},{"@type":"ListItem","position":2,"name":"Null-Kilometer, 140 Hektaren, 33 Punkte! Das \u00abCastello del Sole\u00bb in Ascona ist GaultMillaus \u00abHotel des Jahres 2022\u00bb"}]},{"@type":"WebSite","@id":"https:\/\/www.ringier.com\/de\/#website","url":"https:\/\/www.ringier.com\/de\/","name":"Ringier","description":"We inform. We entertain. We connect","publisher":{"@id":"https:\/\/www.ringier.com\/de\/#organization"},"potentialAction":[{"@type":"SearchAction","target":{"@type":"EntryPoint","urlTemplate":"https:\/\/www.ringier.com\/de\/?s={search_term_string}"},"query-input":{"@type":"PropertyValueSpecification","valueRequired":true,"valueName":"search_term_string"}}],"inLanguage":"de-DE"},{"@type":"Organization","@id":"https:\/\/www.ringier.com\/de\/#organization","name":"Ringier","url":"https:\/\/www.ringier.com\/de\/","logo":{"@type":"ImageObject","inLanguage":"de-DE","@id":"https:\/\/www.ringier.com\/de\/#\/schema\/logo\/image\/","url":"https:\/\/www.ringier.com\/wp-content\/uploads\/2021\/10\/ringier_logo_2.jpg","contentUrl":"https:\/\/www.ringier.com\/wp-content\/uploads\/2021\/10\/ringier_logo_2.jpg","width":750,"height":550,"caption":"Ringier"},"image":{"@id":"https:\/\/www.ringier.com\/de\/#\/schema\/logo\/image\/"},"sameAs":["https:\/\/www.facebook.com\/ringierag\/","https:\/\/x.com\/ringier_ag","https:\/\/www.instagram.com\/ringier_ag\/","https:\/\/www.linkedin.com\/company\/ringier\/","https:\/\/www.youtube.com\/user\/RingierComm","https:\/\/en.wikipedia.org\/wiki\/Ringier","https:\/\/de.wikipedia.org\/wiki\/Ringier","https:\/\/fr.wikipedia.org\/wiki\/Ringier","https:\/\/www.crunchbase.com\/organization\/ringier-ag"]},{"@type":"Person","@id":"https:\/\/www.ringier.com\/de\/#\/schema\/person\/4cf76a308dc4b2bb5121bd1e7b752e52","name":"Ringier Corporate Communications","image":{"@type":"ImageObject","inLanguage":"de-DE","@id":"https:\/\/www.ringier.com\/de\/#\/schema\/person\/image\/","url":"https:\/\/secure.gravatar.com\/avatar\/9391e20481368d5df4fe3e1e476c13b27786347489822ec1ed07e532bb41f587?s=96&d=mm&r=g","contentUrl":"https:\/\/secure.gravatar.com\/avatar\/9391e20481368d5df4fe3e1e476c13b27786347489822ec1ed07e532bb41f587?s=96&d=mm&r=g","caption":"Ringier Corporate Communications"},"sameAs":["https:\/\/www.ringier.com"]}]}},"_links":{"self":[{"href":"https:\/\/www.ringier.com\/de\/wp-json\/wp\/v2\/posts\/17970","targetHints":{"allow":["GET"]}}],"collection":[{"href":"https:\/\/www.ringier.com\/de\/wp-json\/wp\/v2\/posts"}],"about":[{"href":"https:\/\/www.ringier.com\/de\/wp-json\/wp\/v2\/types\/post"}],"author":[{"embeddable":true,"href":"https:\/\/www.ringier.com\/de\/wp-json\/wp\/v2\/users\/23"}],"replies":[{"embeddable":true,"href":"https:\/\/www.ringier.com\/de\/wp-json\/wp\/v2\/comments?post=17970"}],"version-history":[{"count":0,"href":"https:\/\/www.ringier.com\/de\/wp-json\/wp\/v2\/posts\/17970\/revisions"}],"wp:featuredmedia":[{"embeddable":true,"href":"https:\/\/www.ringier.com\/de\/wp-json\/wp\/v2\/media\/17971"}],"wp:attachment":[{"href":"https:\/\/www.ringier.com\/de\/wp-json\/wp\/v2\/media?parent=17970"}],"wp:term":[{"taxonomy":"category","embeddable":true,"href":"https:\/\/www.ringier.com\/de\/wp-json\/wp\/v2\/categories?post=17970"},{"taxonomy":"post_tag","embeddable":true,"href":"https:\/\/www.ringier.com\/de\/wp-json\/wp\/v2\/tags?post=17970"}],"curies":[{"name":"wp","href":"https:\/\/api.w.org\/{rel}","templated":true}]}}