{"id":17921,"date":"2021-11-10T14:07:00","date_gmt":"2021-11-10T13:07:00","guid":{"rendered":"https:\/\/www.ringier.com\/?p=17921"},"modified":"2024-11-14T11:40:53","modified_gmt":"2024-11-14T10:40:53","slug":"engadin-ist-das-digi-tal-der-schweiz-2021","status":"publish","type":"post","link":"https:\/\/www.ringier.com\/de\/engadin-ist-das-digi-tal-der-schweiz-2021\/","title":{"rendered":"Engadin ist das \u00abDigi-Tal der Schweiz\u00bb 2021"},"content":{"rendered":"\n<p>Von wegen \u00abab vom Schuss\u00bb: Das Engadin gewinnt das Leservoting zum&nbsp;<em><strong>\u00abDigi-Tal der Schweiz\u00bb 2021<\/strong><\/em>, weil es&nbsp;<a href=\"https:\/\/www.schweizer-illustrierte.ch\/people\/swiss-stars\/in-die-berge-statt-ins-buro\">mit digitalem Engagement trumpft<\/a>&nbsp;und die st\u00e4dtischen Zentren mancherorts sogar \u00fcberholt. Das Gewinner-Tal wurde am heutigen Schweizer Digitaltag verk\u00fcndet. Knapp hinter dem Engadin folgt auf Platz 2 das Entlebuch und auf Platz 3 die Region Freiburg. Ein wichtiger Treiber in der Region des Siegertals ist \u00abmiaEngiadina\u00bb. Der Verein baut beispielsweise das \u00f6rtliche Glasfasernetz aus, damit auch abgelegene D\u00f6rfer von schnellem Internet profitieren. An zahlreichen Schulen erm\u00f6glicht der Einsatz von iPads neue Lehr- und Lernformen und den Erwerb von digitalen Zukunftskompetenzen.<\/p>\n\n\n\n<p>\u00abWir freuen uns riesig\u00bb sagt&nbsp;<em><strong>Jon Erni, Mitgr\u00fcnder \u00abmiaEngiadina\u00bb<\/strong><\/em>. \u00abSeit f\u00fcnf Jahren setzen wir uns ein f\u00fcr die Zukunft unserer Heimat. Es macht uns sehr froh, dass dies anerkannt wird.\u00bb Ziel von \u00abmiaEngiadina\u00bb ist, dass das Engadin von der Ferien- vermehrt auch zur Wohnregion wird und der arbeitsbedingten Abwanderung in die st\u00e4dtischen Zentren entgegengewirkt wird.<\/p>\n\n\n\n<p>Sowohl im Unter- als auch im Oberengadin finden digitale Nomaden sogenannte \u00abMountain Hubs\u00bb. Diese&nbsp;<em><strong>Co-Working-B\u00fcros<\/strong><\/em>&nbsp;erlauben es Ferieng\u00e4sten, ihren Aufenthalt zu verl\u00e4ngern und gleichzeitig in einem modernen B\u00fcroumfeld zu arbeiten. Nicht zuletzt f\u00fcr Heimweh-Engadiner ist dieses Angebot eine M\u00f6glichkeit, trotz Job im Unterland weiterhin in der Heimat zu arbeiten und zu wohnen. Einen \u00e4hnlichen Ansatz verfolgt der \u00abOffice Caravan\u00bb \u2013 ein umgebauter Wohnwagen mit Internet und Kaffeemaschine, der Team-Meetings an einem Bergsee unter freiem Himmel erm\u00f6glicht.<\/p>\n\n\n\n<p>\u00ab\u2039miaEngiadina\u203a nutzt Digitalisierung nicht nur als grosse Chance f\u00fcr die Tourismusregion, sondern bietet der lokalen Bev\u00f6lkerung mit hochqualifizierten Arbeitspl\u00e4tzen eine Zukunftsperspektive und sorgt damit das ganze Jahr f\u00fcr ein attraktives Tal\u00bb, sagt Jury-Mitglied&nbsp;<em><strong>Roger W\u00fcthrich-Hasenb\u00f6hler, Chief Digital Officer bei Swisscom<\/strong><\/em>.<\/p>\n\n\n\n<p>Ein Leuchtturmprojekt f\u00fcr die nahe Zukunft ist der\u00a0<em><strong>\u00abInnHub\u00bb in La Punt<\/strong><\/em>. Der britische Stararchitekt Norman Foster soll im 700-Einwohner\u00ad-Dorf ein modernes Zentrum schaffen, das mit Arbeitspl\u00e4tzen, Restaurants und einem Gesundheitszentrum junge Menschen und Unternehmen anzieht. Das mutige Vorhaben wird von der Bev\u00f6lkerung mitgetragen: An der Gemeindever\u00adsammlung wurde das mar\u00adkante Geb\u00e4ude von 85 Prozent der Einwohnerinnen und Einwohnern bejaht.<\/p>\n\n\n\n<hr class=\"wp-block-separator has-alpha-channel-opacity\"\/>\n\n\n\n<div class=\"wp-block-columns is-layout-flex wp-container-core-columns-is-layout-9d6595d7 wp-block-columns-is-layout-flex\">\n<div class=\"wp-block-column is-vertically-aligned-bottom is-layout-flow wp-block-column-is-layout-flow\">\n<p class=\"has-small-font-size\">Corporate&nbsp;Communications<br>+41 44 259 64 44<br><a href=\"mailto:media@ringier.ch\" target=\"_blank\" rel=\"noreferrer noopener\">media@ringier.ch<\/a> <br><a href=\"https:\/\/www.ringier.com\/de\/\">www.ringier.co<\/a><a href=\"https:\/\/www.ringier.com\/de\/\" target=\"_blank\" rel=\"noreferrer noopener\">m<\/a><\/p>\n<\/div>\n\n\n\n<div class=\"wp-block-column is-vertically-aligned-bottom is-layout-flow wp-block-column-is-layout-flow\">\n<p class=\"has-text-align-left has-small-font-size\">Ringier AG<br>Dufourstrasse 23<br>8008 Z\u00fcrich<br>Schweiz<\/p>\n<\/div>\n<\/div>\n\n\n\n<p><\/p>\n","protected":false},"excerpt":{"rendered":"<p>Schnelles Glasfaser-Internet, kreative Co-Working-Spaces und ein neuartiges Dorfzentrum: Das Engadin hat die Leserschaft \u00fcberzeugt und gewinnt den erstmals durchgef\u00fchrten Wettbewerb um die \u00abdigitalste Region der Schweiz\u00bb. Ausgezeichnet wird eine l\u00e4ndliche Gegend, die in der Digitalisierung besonderen Innovationsgeist beweist. Das \u00abDigi-Tal der Schweiz\u00bb ist eine Initiative der Zeitschriften Schweizer Illustrierte und L\u2019illustre zusammen mit Generali Schweiz, Swisscom, der Gebert R\u00fcf Stiftung und dem Schweizer Digitaltag von digitalswitzerland.<\/p>\n","protected":false},"author":23,"featured_media":17922,"comment_status":"closed","ping_status":"open","sticky":false,"template":"","format":"standard","meta":{"inline_featured_image":false,"footnotes":""},"categories":[371,361],"tags":[],"class_list":["post-17921","post","type-post","status-publish","format-standard","has-post-thumbnail","hentry","category-media-de","category-ringier-medien-schweiz"],"yoast_head":"<!-- This site is optimized with the Yoast SEO Premium plugin v27.0 (Yoast SEO v27.0) - https:\/\/yoast.com\/product\/yoast-seo-premium-wordpress\/ -->\n<title>Engadin ist das \u00abDigi-Tal der Schweiz\u00bb 2021 - Ringier<\/title>\n<meta name=\"robots\" content=\"index, follow, max-snippet:-1, max-image-preview:large, max-video-preview:-1\" \/>\n<link rel=\"canonical\" href=\"https:\/\/www.ringier.com\/de\/engadin-ist-das-digi-tal-der-schweiz-2021\/\" \/>\n<meta property=\"og:locale\" content=\"de_DE\" \/>\n<meta property=\"og:type\" content=\"article\" \/>\n<meta property=\"og:title\" content=\"Engadin ist das \u00abDigi-Tal der Schweiz\u00bb 2021\" \/>\n<meta property=\"og:description\" content=\"Schnelles Glasfaser-Internet, kreative Co-Working-Spaces und ein neuartiges Dorfzentrum: Das Engadin hat die Leserschaft \u00fcberzeugt und gewinnt den erstmals durchgef\u00fchrten Wettbewerb um die \u00abdigitalste Region der Schweiz\u00bb. Ausgezeichnet wird eine l\u00e4ndliche Gegend, die in der Digitalisierung besonderen Innovationsgeist beweist. Das \u00abDigi-Tal der Schweiz\u00bb ist eine Initiative der Zeitschriften Schweizer Illustrierte und L\u2019illustre zusammen mit Generali Schweiz, Swisscom, der Gebert R\u00fcf Stiftung und dem Schweizer Digitaltag von digitalswitzerland.\" \/>\n<meta property=\"og:url\" content=\"https:\/\/www.ringier.com\/de\/engadin-ist-das-digi-tal-der-schweiz-2021\/\" \/>\n<meta property=\"og:site_name\" content=\"Ringier\" \/>\n<meta property=\"article:publisher\" content=\"https:\/\/www.facebook.com\/ringierag\/\" \/>\n<meta property=\"article:published_time\" content=\"2021-11-10T13:07:00+00:00\" \/>\n<meta property=\"article:modified_time\" content=\"2024-11-14T10:40:53+00:00\" \/>\n<meta property=\"og:image\" content=\"https:\/\/www.ringier.com\/wp-content\/uploads\/2024\/01\/Digi-Tal_2021_Gewinner-1024x536.png\" \/>\n\t<meta property=\"og:image:width\" content=\"1024\" \/>\n\t<meta property=\"og:image:height\" content=\"536\" \/>\n\t<meta property=\"og:image:type\" content=\"image\/png\" \/>\n<meta name=\"author\" content=\"Ringier Corporate Communications\" \/>\n<meta name=\"twitter:card\" content=\"summary_large_image\" \/>\n<meta name=\"twitter:creator\" content=\"@ringier_ag\" \/>\n<meta name=\"twitter:site\" content=\"@ringier_ag\" \/>\n<meta name=\"twitter:label1\" content=\"Verfasst von\" \/>\n\t<meta name=\"twitter:data1\" content=\"Ringier Corporate Communications\" \/>\n\t<meta name=\"twitter:label2\" content=\"Gesch\u00e4tzte Lesezeit\" \/>\n\t<meta name=\"twitter:data2\" content=\"3 Minuten\" \/>\n<script type=\"application\/ld+json\" class=\"yoast-schema-graph\">{\"@context\":\"https:\/\/schema.org\",\"@graph\":[{\"@type\":\"Article\",\"@id\":\"https:\/\/www.ringier.com\/de\/engadin-ist-das-digi-tal-der-schweiz-2021\/#article\",\"isPartOf\":{\"@id\":\"https:\/\/www.ringier.com\/de\/engadin-ist-das-digi-tal-der-schweiz-2021\/\"},\"author\":{\"name\":\"Ringier Corporate Communications\",\"@id\":\"https:\/\/www.ringier.com\/de\/#\/schema\/person\/4cf76a308dc4b2bb5121bd1e7b752e52\"},\"headline\":\"Engadin ist das \u00abDigi-Tal der Schweiz\u00bb 2021\",\"datePublished\":\"2021-11-10T13:07:00+00:00\",\"dateModified\":\"2024-11-14T10:40:53+00:00\",\"mainEntityOfPage\":{\"@id\":\"https:\/\/www.ringier.com\/de\/engadin-ist-das-digi-tal-der-schweiz-2021\/\"},\"wordCount\":377,\"publisher\":{\"@id\":\"https:\/\/www.ringier.com\/de\/#organization\"},\"image\":{\"@id\":\"https:\/\/www.ringier.com\/de\/engadin-ist-das-digi-tal-der-schweiz-2021\/#primaryimage\"},\"thumbnailUrl\":\"https:\/\/www.ringier.com\/wp-content\/uploads\/2024\/01\/Digi-Tal_2021_Gewinner.png\",\"articleSection\":[\"Media\",\"Ringier Medien Schweiz\"],\"inLanguage\":\"de-DE\"},{\"@type\":\"WebPage\",\"@id\":\"https:\/\/www.ringier.com\/de\/engadin-ist-das-digi-tal-der-schweiz-2021\/\",\"url\":\"https:\/\/www.ringier.com\/de\/engadin-ist-das-digi-tal-der-schweiz-2021\/\",\"name\":\"Engadin ist das \u00abDigi-Tal der Schweiz\u00bb 2021 - Ringier\",\"isPartOf\":{\"@id\":\"https:\/\/www.ringier.com\/de\/#website\"},\"primaryImageOfPage\":{\"@id\":\"https:\/\/www.ringier.com\/de\/engadin-ist-das-digi-tal-der-schweiz-2021\/#primaryimage\"},\"image\":{\"@id\":\"https:\/\/www.ringier.com\/de\/engadin-ist-das-digi-tal-der-schweiz-2021\/#primaryimage\"},\"thumbnailUrl\":\"https:\/\/www.ringier.com\/wp-content\/uploads\/2024\/01\/Digi-Tal_2021_Gewinner.png\",\"datePublished\":\"2021-11-10T13:07:00+00:00\",\"dateModified\":\"2024-11-14T10:40:53+00:00\",\"breadcrumb\":{\"@id\":\"https:\/\/www.ringier.com\/de\/engadin-ist-das-digi-tal-der-schweiz-2021\/#breadcrumb\"},\"inLanguage\":\"de-DE\",\"potentialAction\":[{\"@type\":\"ReadAction\",\"target\":[\"https:\/\/www.ringier.com\/de\/engadin-ist-das-digi-tal-der-schweiz-2021\/\"]}]},{\"@type\":\"ImageObject\",\"inLanguage\":\"de-DE\",\"@id\":\"https:\/\/www.ringier.com\/de\/engadin-ist-das-digi-tal-der-schweiz-2021\/#primaryimage\",\"url\":\"https:\/\/www.ringier.com\/wp-content\/uploads\/2024\/01\/Digi-Tal_2021_Gewinner.png\",\"contentUrl\":\"https:\/\/www.ringier.com\/wp-content\/uploads\/2024\/01\/Digi-Tal_2021_Gewinner.png\",\"width\":1500,\"height\":785},{\"@type\":\"BreadcrumbList\",\"@id\":\"https:\/\/www.ringier.com\/de\/engadin-ist-das-digi-tal-der-schweiz-2021\/#breadcrumb\",\"itemListElement\":[{\"@type\":\"ListItem\",\"position\":1,\"name\":\"Home\",\"item\":\"https:\/\/www.ringier.com\/de\/\"},{\"@type\":\"ListItem\",\"position\":2,\"name\":\"Engadin ist das \u00abDigi-Tal der Schweiz\u00bb 2021\"}]},{\"@type\":\"WebSite\",\"@id\":\"https:\/\/www.ringier.com\/de\/#website\",\"url\":\"https:\/\/www.ringier.com\/de\/\",\"name\":\"Ringier\",\"description\":\"We inform. We entertain. We connect\",\"publisher\":{\"@id\":\"https:\/\/www.ringier.com\/de\/#organization\"},\"potentialAction\":[{\"@type\":\"SearchAction\",\"target\":{\"@type\":\"EntryPoint\",\"urlTemplate\":\"https:\/\/www.ringier.com\/de\/?s={search_term_string}\"},\"query-input\":{\"@type\":\"PropertyValueSpecification\",\"valueRequired\":true,\"valueName\":\"search_term_string\"}}],\"inLanguage\":\"de-DE\"},{\"@type\":\"Organization\",\"@id\":\"https:\/\/www.ringier.com\/de\/#organization\",\"name\":\"Ringier\",\"url\":\"https:\/\/www.ringier.com\/de\/\",\"logo\":{\"@type\":\"ImageObject\",\"inLanguage\":\"de-DE\",\"@id\":\"https:\/\/www.ringier.com\/de\/#\/schema\/logo\/image\/\",\"url\":\"https:\/\/www.ringier.com\/wp-content\/uploads\/2021\/10\/ringier_logo_2.jpg\",\"contentUrl\":\"https:\/\/www.ringier.com\/wp-content\/uploads\/2021\/10\/ringier_logo_2.jpg\",\"width\":750,\"height\":550,\"caption\":\"Ringier\"},\"image\":{\"@id\":\"https:\/\/www.ringier.com\/de\/#\/schema\/logo\/image\/\"},\"sameAs\":[\"https:\/\/www.facebook.com\/ringierag\/\",\"https:\/\/x.com\/ringier_ag\",\"https:\/\/www.instagram.com\/ringier_ag\/\",\"https:\/\/www.linkedin.com\/company\/ringier\/\",\"https:\/\/www.youtube.com\/user\/RingierComm\",\"https:\/\/en.wikipedia.org\/wiki\/Ringier\",\"https:\/\/de.wikipedia.org\/wiki\/Ringier\",\"https:\/\/fr.wikipedia.org\/wiki\/Ringier\",\"https:\/\/www.crunchbase.com\/organization\/ringier-ag\"]},{\"@type\":\"Person\",\"@id\":\"https:\/\/www.ringier.com\/de\/#\/schema\/person\/4cf76a308dc4b2bb5121bd1e7b752e52\",\"name\":\"Ringier Corporate Communications\",\"image\":{\"@type\":\"ImageObject\",\"inLanguage\":\"de-DE\",\"@id\":\"https:\/\/www.ringier.com\/de\/#\/schema\/person\/image\/\",\"url\":\"https:\/\/secure.gravatar.com\/avatar\/9391e20481368d5df4fe3e1e476c13b27786347489822ec1ed07e532bb41f587?s=96&d=mm&r=g\",\"contentUrl\":\"https:\/\/secure.gravatar.com\/avatar\/9391e20481368d5df4fe3e1e476c13b27786347489822ec1ed07e532bb41f587?s=96&d=mm&r=g\",\"caption\":\"Ringier Corporate Communications\"},\"sameAs\":[\"https:\/\/www.ringier.com\"]}]}<\/script>\n<!-- \/ Yoast SEO Premium plugin. -->","yoast_head_json":{"title":"Engadin ist das \u00abDigi-Tal der Schweiz\u00bb 2021 - Ringier","robots":{"index":"index","follow":"follow","max-snippet":"max-snippet:-1","max-image-preview":"max-image-preview:large","max-video-preview":"max-video-preview:-1"},"canonical":"https:\/\/www.ringier.com\/de\/engadin-ist-das-digi-tal-der-schweiz-2021\/","og_locale":"de_DE","og_type":"article","og_title":"Engadin ist das \u00abDigi-Tal der Schweiz\u00bb 2021","og_description":"Schnelles Glasfaser-Internet, kreative Co-Working-Spaces und ein neuartiges Dorfzentrum: Das Engadin hat die Leserschaft \u00fcberzeugt und gewinnt den erstmals durchgef\u00fchrten Wettbewerb um die \u00abdigitalste Region der Schweiz\u00bb. Ausgezeichnet wird eine l\u00e4ndliche Gegend, die in der Digitalisierung besonderen Innovationsgeist beweist. Das \u00abDigi-Tal der Schweiz\u00bb ist eine Initiative der Zeitschriften Schweizer Illustrierte und L\u2019illustre zusammen mit Generali Schweiz, Swisscom, der Gebert R\u00fcf Stiftung und dem Schweizer Digitaltag von digitalswitzerland.","og_url":"https:\/\/www.ringier.com\/de\/engadin-ist-das-digi-tal-der-schweiz-2021\/","og_site_name":"Ringier","article_publisher":"https:\/\/www.facebook.com\/ringierag\/","article_published_time":"2021-11-10T13:07:00+00:00","article_modified_time":"2024-11-14T10:40:53+00:00","og_image":[{"width":1024,"height":536,"url":"https:\/\/www.ringier.com\/wp-content\/uploads\/2024\/01\/Digi-Tal_2021_Gewinner-1024x536.png","type":"image\/png"}],"author":"Ringier Corporate Communications","twitter_card":"summary_large_image","twitter_creator":"@ringier_ag","twitter_site":"@ringier_ag","twitter_misc":{"Verfasst von":"Ringier Corporate Communications","Gesch\u00e4tzte Lesezeit":"3 Minuten"},"schema":{"@context":"https:\/\/schema.org","@graph":[{"@type":"Article","@id":"https:\/\/www.ringier.com\/de\/engadin-ist-das-digi-tal-der-schweiz-2021\/#article","isPartOf":{"@id":"https:\/\/www.ringier.com\/de\/engadin-ist-das-digi-tal-der-schweiz-2021\/"},"author":{"name":"Ringier Corporate Communications","@id":"https:\/\/www.ringier.com\/de\/#\/schema\/person\/4cf76a308dc4b2bb5121bd1e7b752e52"},"headline":"Engadin ist das \u00abDigi-Tal der Schweiz\u00bb 2021","datePublished":"2021-11-10T13:07:00+00:00","dateModified":"2024-11-14T10:40:53+00:00","mainEntityOfPage":{"@id":"https:\/\/www.ringier.com\/de\/engadin-ist-das-digi-tal-der-schweiz-2021\/"},"wordCount":377,"publisher":{"@id":"https:\/\/www.ringier.com\/de\/#organization"},"image":{"@id":"https:\/\/www.ringier.com\/de\/engadin-ist-das-digi-tal-der-schweiz-2021\/#primaryimage"},"thumbnailUrl":"https:\/\/www.ringier.com\/wp-content\/uploads\/2024\/01\/Digi-Tal_2021_Gewinner.png","articleSection":["Media","Ringier Medien Schweiz"],"inLanguage":"de-DE"},{"@type":"WebPage","@id":"https:\/\/www.ringier.com\/de\/engadin-ist-das-digi-tal-der-schweiz-2021\/","url":"https:\/\/www.ringier.com\/de\/engadin-ist-das-digi-tal-der-schweiz-2021\/","name":"Engadin ist das \u00abDigi-Tal der Schweiz\u00bb 2021 - Ringier","isPartOf":{"@id":"https:\/\/www.ringier.com\/de\/#website"},"primaryImageOfPage":{"@id":"https:\/\/www.ringier.com\/de\/engadin-ist-das-digi-tal-der-schweiz-2021\/#primaryimage"},"image":{"@id":"https:\/\/www.ringier.com\/de\/engadin-ist-das-digi-tal-der-schweiz-2021\/#primaryimage"},"thumbnailUrl":"https:\/\/www.ringier.com\/wp-content\/uploads\/2024\/01\/Digi-Tal_2021_Gewinner.png","datePublished":"2021-11-10T13:07:00+00:00","dateModified":"2024-11-14T10:40:53+00:00","breadcrumb":{"@id":"https:\/\/www.ringier.com\/de\/engadin-ist-das-digi-tal-der-schweiz-2021\/#breadcrumb"},"inLanguage":"de-DE","potentialAction":[{"@type":"ReadAction","target":["https:\/\/www.ringier.com\/de\/engadin-ist-das-digi-tal-der-schweiz-2021\/"]}]},{"@type":"ImageObject","inLanguage":"de-DE","@id":"https:\/\/www.ringier.com\/de\/engadin-ist-das-digi-tal-der-schweiz-2021\/#primaryimage","url":"https:\/\/www.ringier.com\/wp-content\/uploads\/2024\/01\/Digi-Tal_2021_Gewinner.png","contentUrl":"https:\/\/www.ringier.com\/wp-content\/uploads\/2024\/01\/Digi-Tal_2021_Gewinner.png","width":1500,"height":785},{"@type":"BreadcrumbList","@id":"https:\/\/www.ringier.com\/de\/engadin-ist-das-digi-tal-der-schweiz-2021\/#breadcrumb","itemListElement":[{"@type":"ListItem","position":1,"name":"Home","item":"https:\/\/www.ringier.com\/de\/"},{"@type":"ListItem","position":2,"name":"Engadin ist das \u00abDigi-Tal der Schweiz\u00bb 2021"}]},{"@type":"WebSite","@id":"https:\/\/www.ringier.com\/de\/#website","url":"https:\/\/www.ringier.com\/de\/","name":"Ringier","description":"We inform. We entertain. We connect","publisher":{"@id":"https:\/\/www.ringier.com\/de\/#organization"},"potentialAction":[{"@type":"SearchAction","target":{"@type":"EntryPoint","urlTemplate":"https:\/\/www.ringier.com\/de\/?s={search_term_string}"},"query-input":{"@type":"PropertyValueSpecification","valueRequired":true,"valueName":"search_term_string"}}],"inLanguage":"de-DE"},{"@type":"Organization","@id":"https:\/\/www.ringier.com\/de\/#organization","name":"Ringier","url":"https:\/\/www.ringier.com\/de\/","logo":{"@type":"ImageObject","inLanguage":"de-DE","@id":"https:\/\/www.ringier.com\/de\/#\/schema\/logo\/image\/","url":"https:\/\/www.ringier.com\/wp-content\/uploads\/2021\/10\/ringier_logo_2.jpg","contentUrl":"https:\/\/www.ringier.com\/wp-content\/uploads\/2021\/10\/ringier_logo_2.jpg","width":750,"height":550,"caption":"Ringier"},"image":{"@id":"https:\/\/www.ringier.com\/de\/#\/schema\/logo\/image\/"},"sameAs":["https:\/\/www.facebook.com\/ringierag\/","https:\/\/x.com\/ringier_ag","https:\/\/www.instagram.com\/ringier_ag\/","https:\/\/www.linkedin.com\/company\/ringier\/","https:\/\/www.youtube.com\/user\/RingierComm","https:\/\/en.wikipedia.org\/wiki\/Ringier","https:\/\/de.wikipedia.org\/wiki\/Ringier","https:\/\/fr.wikipedia.org\/wiki\/Ringier","https:\/\/www.crunchbase.com\/organization\/ringier-ag"]},{"@type":"Person","@id":"https:\/\/www.ringier.com\/de\/#\/schema\/person\/4cf76a308dc4b2bb5121bd1e7b752e52","name":"Ringier Corporate Communications","image":{"@type":"ImageObject","inLanguage":"de-DE","@id":"https:\/\/www.ringier.com\/de\/#\/schema\/person\/image\/","url":"https:\/\/secure.gravatar.com\/avatar\/9391e20481368d5df4fe3e1e476c13b27786347489822ec1ed07e532bb41f587?s=96&d=mm&r=g","contentUrl":"https:\/\/secure.gravatar.com\/avatar\/9391e20481368d5df4fe3e1e476c13b27786347489822ec1ed07e532bb41f587?s=96&d=mm&r=g","caption":"Ringier Corporate Communications"},"sameAs":["https:\/\/www.ringier.com"]}]}},"_links":{"self":[{"href":"https:\/\/www.ringier.com\/de\/wp-json\/wp\/v2\/posts\/17921","targetHints":{"allow":["GET"]}}],"collection":[{"href":"https:\/\/www.ringier.com\/de\/wp-json\/wp\/v2\/posts"}],"about":[{"href":"https:\/\/www.ringier.com\/de\/wp-json\/wp\/v2\/types\/post"}],"author":[{"embeddable":true,"href":"https:\/\/www.ringier.com\/de\/wp-json\/wp\/v2\/users\/23"}],"replies":[{"embeddable":true,"href":"https:\/\/www.ringier.com\/de\/wp-json\/wp\/v2\/comments?post=17921"}],"version-history":[{"count":0,"href":"https:\/\/www.ringier.com\/de\/wp-json\/wp\/v2\/posts\/17921\/revisions"}],"wp:featuredmedia":[{"embeddable":true,"href":"https:\/\/www.ringier.com\/de\/wp-json\/wp\/v2\/media\/17922"}],"wp:attachment":[{"href":"https:\/\/www.ringier.com\/de\/wp-json\/wp\/v2\/media?parent=17921"}],"wp:term":[{"taxonomy":"category","embeddable":true,"href":"https:\/\/www.ringier.com\/de\/wp-json\/wp\/v2\/categories?post=17921"},{"taxonomy":"post_tag","embeddable":true,"href":"https:\/\/www.ringier.com\/de\/wp-json\/wp\/v2\/tags?post=17921"}],"curies":[{"name":"wp","href":"https:\/\/api.w.org\/{rel}","templated":true}]}}