{"id":17775,"date":"2022-04-01T11:36:00","date_gmt":"2022-04-01T09:36:00","guid":{"rendered":"https:\/\/www.ringier.com\/?p=17775"},"modified":"2024-11-13T16:46:17","modified_gmt":"2024-11-13T15:46:17","slug":"sarah-berndt-uebernimmt-die-verlagsleitung-der-beobachter-und-landliebe-editionen","status":"publish","type":"post","link":"https:\/\/www.ringier.com\/de\/sarah-berndt-uebernimmt-die-verlagsleitung-der-beobachter-und-landliebe-editionen\/","title":{"rendered":"Sarah Berndt \u00fcbernimmt die Verlagsleitung der Beobachter- und LandLiebe-Editionen"},"content":{"rendered":"\n<p>Nach mehr als zehn Jahren \u00fcbergibt Urs Gysling, 58, die Leitung der&nbsp;<em>Beobachter<\/em>\u2013 und&nbsp;<em>LandLiebe<\/em>-Edition in neue H\u00e4nde. Seine Nachfolgerin Sarah Berndt, 42, ist seit August 2018 als Textproduzentin, stellvertretende Leiterin Produktion und stellvertretende Blattmacherin beim&nbsp;<em>Beobachter<\/em>&nbsp;t\u00e4tig. Sie ist Autorin mehrerer&nbsp;<em>Beobachter<\/em>-Titelgeschichten und wurde als Mitverfasserin von \u00abVerbotene Kinder\u00bb (erschienen am 27. September 2019) f\u00fcr den Z\u00fcrcher Journalistenpreis 2019 nominiert. Davor war sie in unterschiedlichen Funktionen f\u00fcr die TX Group t\u00e4tig, unter anderem im konvergenten Newsroom des \u00abTages-Anzeiger\u00bb als multimediale Produzentin. Sarah Berndt h\u00e4lt einen Master in Transdisziplinarit\u00e4t in den K\u00fcnsten von der Z\u00fcrcher Hochschule der K\u00fcnste sowie einen Abschluss in Wissenschaftstheorie, Physik und Mathematik der Universit\u00e4t Bern.<\/p>\n\n\n\n<p>\u00abIch freue mich sehr darauf, die rund 40-j\u00e4hrige Erfolgsgeschichte der&nbsp;<em>Beobachter<\/em>-Edition und seit 2016 auch der&nbsp;<em>LandLiebe<\/em>-Edition weiterzuschreiben\u00bb, sagt Sarah Berndt. \u00abMein Fokus gilt der Weiterentwicklung eines attraktiven Buchprogramms. Dar\u00fcber hinaus will ich gemeinsam mit dem Team neue Formate entwerfen und damit eine noch breitere Leserschaft ansprechen sowie neue Zielgruppen erschliessen.\u00bb<\/p>\n\n\n\n<p>Urs Gysling, langj\u00e4hriger Leiter Edition und Mitglied der&nbsp;<em>Beobachter<\/em>-Gesch\u00e4ftsleitung, \u00fcbernimmt in der Gesch\u00e4ftsleitung der im September 2021 von Ringier Axel Springer Schweiz akquirierten KMU-Plattform GRYPS die Verantwortung f\u00fcr den Content. In dieser Funktion berichtet er direkt an Alexander Theobald, CEO von Ringier Axel Springer Schweiz und Verwaltungsratspr\u00e4sident von GRYPS.<\/p>\n\n\n\n<p>\u00abUrs Gysling hat f\u00fcr die Edition \u00fcber zehn Jahre Ausserordentliches geleistet und viele spannende und nutzbringende\u00a0<em>Beobachter<\/em>-Ratgeber herausgegeben\u00bb, sagt Roland Wahrenberger, Chief Marketing Officer von Ringier Axel Springer Schweiz. \u00abAuf seine Initiative wurde 2016 die\u00a0<em>LandLiebe<\/em>-Edition lanciert, die mit ihren wundersch\u00f6n gestalteten und auf Genuss und Kulinarik ausgerichteten B\u00fcchern vom Start weg eine treue Leserschaft fand \u2013\u00a0ich danke Urs f\u00fcr sein grosses Engagement. Sarah Berndt, eine erfahrene und erfolgreiche Beobachterin, wird die Edition mit viel Energie weiterentwickeln und f\u00fcr spannende Neuerscheinungen sorgen \u2013\u00a0ich freue mich auf unsere Zusammenarbeit.\u00bb<\/p>\n\n\n\n<hr class=\"wp-block-separator has-alpha-channel-opacity\"\/>\n\n\n\n<div class=\"wp-block-columns is-layout-flex wp-container-core-columns-is-layout-9d6595d7 wp-block-columns-is-layout-flex\">\n<div class=\"wp-block-column is-vertically-aligned-bottom is-layout-flow wp-block-column-is-layout-flow\">\n<p class=\"has-small-font-size\">Corporate&nbsp;Communications<br>+41 44 259 64 44<br><a href=\"mailto:media@ringier.ch\" target=\"_blank\" rel=\"noreferrer noopener\">media@ringier.ch<\/a> <br><a href=\"https:\/\/www.ringier.com\/de\/\">www.ringier.co<\/a><a href=\"https:\/\/www.ringier.com\/de\/\" target=\"_blank\" rel=\"noreferrer noopener\">m<\/a><\/p>\n<\/div>\n\n\n\n<div class=\"wp-block-column is-vertically-aligned-bottom is-layout-flow wp-block-column-is-layout-flow\">\n<p class=\"has-text-align-left has-small-font-size\">Ringier AG<br>Dufourstrasse 23<br>8008 Z\u00fcrich<br>Schweiz<\/p>\n<\/div>\n<\/div>\n\n\n\n<p><\/p>\n","protected":false},"excerpt":{"rendered":"<p>Sarah Berndt wird per heute 1. April 2022 Verlagsleiterin der Beobachter- und LandLiebe-Editionen. Sie folgt auf Urs Gysling, der als Mitglied der Gesch\u00e4ftsleitung der k\u00fcrzlich akquirierten Tochterfirma GRYPS eine neue F\u00fchrungsaufgabe innerhalb von Ringier Axel Springer Schweiz \u00fcbernimmt.<\/p>\n","protected":false},"author":23,"featured_media":17776,"comment_status":"closed","ping_status":"open","sticky":false,"template":"","format":"standard","meta":{"inline_featured_image":false,"footnotes":""},"categories":[371,361],"tags":[],"class_list":["post-17775","post","type-post","status-publish","format-standard","has-post-thumbnail","hentry","category-media-de","category-ringier-medien-schweiz"],"yoast_head":"<!-- This site is optimized with the Yoast SEO Premium plugin v27.0 (Yoast SEO v27.0) - https:\/\/yoast.com\/product\/yoast-seo-premium-wordpress\/ -->\n<title>Sarah Berndt \u00fcbernimmt die Verlagsleitung der Beobachter- und LandLiebe-Editionen - Ringier<\/title>\n<meta name=\"robots\" content=\"index, follow, max-snippet:-1, max-image-preview:large, max-video-preview:-1\" \/>\n<link rel=\"canonical\" href=\"https:\/\/www.ringier.com\/de\/sarah-berndt-uebernimmt-die-verlagsleitung-der-beobachter-und-landliebe-editionen\/\" \/>\n<meta property=\"og:locale\" content=\"de_DE\" \/>\n<meta property=\"og:type\" content=\"article\" \/>\n<meta property=\"og:title\" content=\"Sarah Berndt \u00fcbernimmt die Verlagsleitung der Beobachter- und LandLiebe-Editionen\" \/>\n<meta property=\"og:description\" content=\"Sarah Berndt wird per heute 1. April 2022 Verlagsleiterin der Beobachter- und LandLiebe-Editionen. Sie folgt auf Urs Gysling, der als Mitglied der Gesch\u00e4ftsleitung der k\u00fcrzlich akquirierten Tochterfirma GRYPS eine neue F\u00fchrungsaufgabe innerhalb von Ringier Axel Springer Schweiz \u00fcbernimmt.\" \/>\n<meta property=\"og:url\" content=\"https:\/\/www.ringier.com\/de\/sarah-berndt-uebernimmt-die-verlagsleitung-der-beobachter-und-landliebe-editionen\/\" \/>\n<meta property=\"og:site_name\" content=\"Ringier\" \/>\n<meta property=\"article:publisher\" content=\"https:\/\/www.facebook.com\/ringierag\/\" \/>\n<meta property=\"article:published_time\" content=\"2022-04-01T09:36:00+00:00\" \/>\n<meta property=\"article:modified_time\" content=\"2024-11-13T15:46:17+00:00\" \/>\n<meta property=\"og:image\" content=\"https:\/\/www.ringier.com\/wp-content\/uploads\/2024\/01\/Sarah-Berndt-Webseite-2048x1072-1.jpg\" \/>\n\t<meta property=\"og:image:width\" content=\"2048\" \/>\n\t<meta property=\"og:image:height\" content=\"1072\" \/>\n\t<meta property=\"og:image:type\" content=\"image\/jpeg\" \/>\n<meta name=\"author\" content=\"Ringier Corporate Communications\" \/>\n<meta name=\"twitter:card\" content=\"summary_large_image\" \/>\n<meta name=\"twitter:creator\" content=\"@ringier_ag\" \/>\n<meta name=\"twitter:site\" content=\"@ringier_ag\" \/>\n<meta name=\"twitter:label1\" content=\"Verfasst von\" \/>\n\t<meta name=\"twitter:data1\" content=\"Ringier Corporate Communications\" \/>\n\t<meta name=\"twitter:label2\" content=\"Gesch\u00e4tzte Lesezeit\" \/>\n\t<meta name=\"twitter:data2\" content=\"2 Minuten\" \/>\n<script type=\"application\/ld+json\" class=\"yoast-schema-graph\">{\"@context\":\"https:\/\/schema.org\",\"@graph\":[{\"@type\":\"Article\",\"@id\":\"https:\/\/www.ringier.com\/de\/sarah-berndt-uebernimmt-die-verlagsleitung-der-beobachter-und-landliebe-editionen\/#article\",\"isPartOf\":{\"@id\":\"https:\/\/www.ringier.com\/de\/sarah-berndt-uebernimmt-die-verlagsleitung-der-beobachter-und-landliebe-editionen\/\"},\"author\":{\"name\":\"Ringier Corporate Communications\",\"@id\":\"https:\/\/www.ringier.com\/de\/#\/schema\/person\/4cf76a308dc4b2bb5121bd1e7b752e52\"},\"headline\":\"Sarah Berndt \u00fcbernimmt die Verlagsleitung der Beobachter- und LandLiebe-Editionen\",\"datePublished\":\"2022-04-01T09:36:00+00:00\",\"dateModified\":\"2024-11-13T15:46:17+00:00\",\"mainEntityOfPage\":{\"@id\":\"https:\/\/www.ringier.com\/de\/sarah-berndt-uebernimmt-die-verlagsleitung-der-beobachter-und-landliebe-editionen\/\"},\"wordCount\":343,\"publisher\":{\"@id\":\"https:\/\/www.ringier.com\/de\/#organization\"},\"image\":{\"@id\":\"https:\/\/www.ringier.com\/de\/sarah-berndt-uebernimmt-die-verlagsleitung-der-beobachter-und-landliebe-editionen\/#primaryimage\"},\"thumbnailUrl\":\"https:\/\/www.ringier.com\/wp-content\/uploads\/2024\/01\/Sarah-Berndt-Webseite-2048x1072-1.jpg\",\"articleSection\":[\"Media\",\"Ringier Medien Schweiz\"],\"inLanguage\":\"de-DE\"},{\"@type\":\"WebPage\",\"@id\":\"https:\/\/www.ringier.com\/de\/sarah-berndt-uebernimmt-die-verlagsleitung-der-beobachter-und-landliebe-editionen\/\",\"url\":\"https:\/\/www.ringier.com\/de\/sarah-berndt-uebernimmt-die-verlagsleitung-der-beobachter-und-landliebe-editionen\/\",\"name\":\"Sarah Berndt \u00fcbernimmt die Verlagsleitung der Beobachter- und LandLiebe-Editionen - Ringier\",\"isPartOf\":{\"@id\":\"https:\/\/www.ringier.com\/de\/#website\"},\"primaryImageOfPage\":{\"@id\":\"https:\/\/www.ringier.com\/de\/sarah-berndt-uebernimmt-die-verlagsleitung-der-beobachter-und-landliebe-editionen\/#primaryimage\"},\"image\":{\"@id\":\"https:\/\/www.ringier.com\/de\/sarah-berndt-uebernimmt-die-verlagsleitung-der-beobachter-und-landliebe-editionen\/#primaryimage\"},\"thumbnailUrl\":\"https:\/\/www.ringier.com\/wp-content\/uploads\/2024\/01\/Sarah-Berndt-Webseite-2048x1072-1.jpg\",\"datePublished\":\"2022-04-01T09:36:00+00:00\",\"dateModified\":\"2024-11-13T15:46:17+00:00\",\"breadcrumb\":{\"@id\":\"https:\/\/www.ringier.com\/de\/sarah-berndt-uebernimmt-die-verlagsleitung-der-beobachter-und-landliebe-editionen\/#breadcrumb\"},\"inLanguage\":\"de-DE\",\"potentialAction\":[{\"@type\":\"ReadAction\",\"target\":[\"https:\/\/www.ringier.com\/de\/sarah-berndt-uebernimmt-die-verlagsleitung-der-beobachter-und-landliebe-editionen\/\"]}]},{\"@type\":\"ImageObject\",\"inLanguage\":\"de-DE\",\"@id\":\"https:\/\/www.ringier.com\/de\/sarah-berndt-uebernimmt-die-verlagsleitung-der-beobachter-und-landliebe-editionen\/#primaryimage\",\"url\":\"https:\/\/www.ringier.com\/wp-content\/uploads\/2024\/01\/Sarah-Berndt-Webseite-2048x1072-1.jpg\",\"contentUrl\":\"https:\/\/www.ringier.com\/wp-content\/uploads\/2024\/01\/Sarah-Berndt-Webseite-2048x1072-1.jpg\",\"width\":2048,\"height\":1072},{\"@type\":\"BreadcrumbList\",\"@id\":\"https:\/\/www.ringier.com\/de\/sarah-berndt-uebernimmt-die-verlagsleitung-der-beobachter-und-landliebe-editionen\/#breadcrumb\",\"itemListElement\":[{\"@type\":\"ListItem\",\"position\":1,\"name\":\"Home\",\"item\":\"https:\/\/www.ringier.com\/de\/\"},{\"@type\":\"ListItem\",\"position\":2,\"name\":\"Sarah Berndt \u00fcbernimmt die Verlagsleitung der Beobachter- und LandLiebe-Editionen\"}]},{\"@type\":\"WebSite\",\"@id\":\"https:\/\/www.ringier.com\/de\/#website\",\"url\":\"https:\/\/www.ringier.com\/de\/\",\"name\":\"Ringier\",\"description\":\"We inform. We entertain. We connect\",\"publisher\":{\"@id\":\"https:\/\/www.ringier.com\/de\/#organization\"},\"potentialAction\":[{\"@type\":\"SearchAction\",\"target\":{\"@type\":\"EntryPoint\",\"urlTemplate\":\"https:\/\/www.ringier.com\/de\/?s={search_term_string}\"},\"query-input\":{\"@type\":\"PropertyValueSpecification\",\"valueRequired\":true,\"valueName\":\"search_term_string\"}}],\"inLanguage\":\"de-DE\"},{\"@type\":\"Organization\",\"@id\":\"https:\/\/www.ringier.com\/de\/#organization\",\"name\":\"Ringier\",\"url\":\"https:\/\/www.ringier.com\/de\/\",\"logo\":{\"@type\":\"ImageObject\",\"inLanguage\":\"de-DE\",\"@id\":\"https:\/\/www.ringier.com\/de\/#\/schema\/logo\/image\/\",\"url\":\"https:\/\/www.ringier.com\/wp-content\/uploads\/2021\/10\/ringier_logo_2.jpg\",\"contentUrl\":\"https:\/\/www.ringier.com\/wp-content\/uploads\/2021\/10\/ringier_logo_2.jpg\",\"width\":750,\"height\":550,\"caption\":\"Ringier\"},\"image\":{\"@id\":\"https:\/\/www.ringier.com\/de\/#\/schema\/logo\/image\/\"},\"sameAs\":[\"https:\/\/www.facebook.com\/ringierag\/\",\"https:\/\/x.com\/ringier_ag\",\"https:\/\/www.instagram.com\/ringier_ag\/\",\"https:\/\/www.linkedin.com\/company\/ringier\/\",\"https:\/\/www.youtube.com\/user\/RingierComm\",\"https:\/\/en.wikipedia.org\/wiki\/Ringier\",\"https:\/\/de.wikipedia.org\/wiki\/Ringier\",\"https:\/\/fr.wikipedia.org\/wiki\/Ringier\",\"https:\/\/www.crunchbase.com\/organization\/ringier-ag\"]},{\"@type\":\"Person\",\"@id\":\"https:\/\/www.ringier.com\/de\/#\/schema\/person\/4cf76a308dc4b2bb5121bd1e7b752e52\",\"name\":\"Ringier Corporate Communications\",\"image\":{\"@type\":\"ImageObject\",\"inLanguage\":\"de-DE\",\"@id\":\"https:\/\/www.ringier.com\/de\/#\/schema\/person\/image\/\",\"url\":\"https:\/\/secure.gravatar.com\/avatar\/9391e20481368d5df4fe3e1e476c13b27786347489822ec1ed07e532bb41f587?s=96&d=mm&r=g\",\"contentUrl\":\"https:\/\/secure.gravatar.com\/avatar\/9391e20481368d5df4fe3e1e476c13b27786347489822ec1ed07e532bb41f587?s=96&d=mm&r=g\",\"caption\":\"Ringier Corporate Communications\"},\"sameAs\":[\"https:\/\/www.ringier.com\"]}]}<\/script>\n<!-- \/ Yoast SEO Premium plugin. -->","yoast_head_json":{"title":"Sarah Berndt \u00fcbernimmt die Verlagsleitung der Beobachter- und LandLiebe-Editionen - Ringier","robots":{"index":"index","follow":"follow","max-snippet":"max-snippet:-1","max-image-preview":"max-image-preview:large","max-video-preview":"max-video-preview:-1"},"canonical":"https:\/\/www.ringier.com\/de\/sarah-berndt-uebernimmt-die-verlagsleitung-der-beobachter-und-landliebe-editionen\/","og_locale":"de_DE","og_type":"article","og_title":"Sarah Berndt \u00fcbernimmt die Verlagsleitung der Beobachter- und LandLiebe-Editionen","og_description":"Sarah Berndt wird per heute 1. April 2022 Verlagsleiterin der Beobachter- und LandLiebe-Editionen. Sie folgt auf Urs Gysling, der als Mitglied der Gesch\u00e4ftsleitung der k\u00fcrzlich akquirierten Tochterfirma GRYPS eine neue F\u00fchrungsaufgabe innerhalb von Ringier Axel Springer Schweiz \u00fcbernimmt.","og_url":"https:\/\/www.ringier.com\/de\/sarah-berndt-uebernimmt-die-verlagsleitung-der-beobachter-und-landliebe-editionen\/","og_site_name":"Ringier","article_publisher":"https:\/\/www.facebook.com\/ringierag\/","article_published_time":"2022-04-01T09:36:00+00:00","article_modified_time":"2024-11-13T15:46:17+00:00","og_image":[{"width":2048,"height":1072,"url":"https:\/\/www.ringier.com\/wp-content\/uploads\/2024\/01\/Sarah-Berndt-Webseite-2048x1072-1.jpg","type":"image\/jpeg"}],"author":"Ringier Corporate Communications","twitter_card":"summary_large_image","twitter_creator":"@ringier_ag","twitter_site":"@ringier_ag","twitter_misc":{"Verfasst von":"Ringier Corporate Communications","Gesch\u00e4tzte Lesezeit":"2 Minuten"},"schema":{"@context":"https:\/\/schema.org","@graph":[{"@type":"Article","@id":"https:\/\/www.ringier.com\/de\/sarah-berndt-uebernimmt-die-verlagsleitung-der-beobachter-und-landliebe-editionen\/#article","isPartOf":{"@id":"https:\/\/www.ringier.com\/de\/sarah-berndt-uebernimmt-die-verlagsleitung-der-beobachter-und-landliebe-editionen\/"},"author":{"name":"Ringier Corporate Communications","@id":"https:\/\/www.ringier.com\/de\/#\/schema\/person\/4cf76a308dc4b2bb5121bd1e7b752e52"},"headline":"Sarah Berndt \u00fcbernimmt die Verlagsleitung der Beobachter- und LandLiebe-Editionen","datePublished":"2022-04-01T09:36:00+00:00","dateModified":"2024-11-13T15:46:17+00:00","mainEntityOfPage":{"@id":"https:\/\/www.ringier.com\/de\/sarah-berndt-uebernimmt-die-verlagsleitung-der-beobachter-und-landliebe-editionen\/"},"wordCount":343,"publisher":{"@id":"https:\/\/www.ringier.com\/de\/#organization"},"image":{"@id":"https:\/\/www.ringier.com\/de\/sarah-berndt-uebernimmt-die-verlagsleitung-der-beobachter-und-landliebe-editionen\/#primaryimage"},"thumbnailUrl":"https:\/\/www.ringier.com\/wp-content\/uploads\/2024\/01\/Sarah-Berndt-Webseite-2048x1072-1.jpg","articleSection":["Media","Ringier Medien Schweiz"],"inLanguage":"de-DE"},{"@type":"WebPage","@id":"https:\/\/www.ringier.com\/de\/sarah-berndt-uebernimmt-die-verlagsleitung-der-beobachter-und-landliebe-editionen\/","url":"https:\/\/www.ringier.com\/de\/sarah-berndt-uebernimmt-die-verlagsleitung-der-beobachter-und-landliebe-editionen\/","name":"Sarah Berndt \u00fcbernimmt die Verlagsleitung der Beobachter- und LandLiebe-Editionen - Ringier","isPartOf":{"@id":"https:\/\/www.ringier.com\/de\/#website"},"primaryImageOfPage":{"@id":"https:\/\/www.ringier.com\/de\/sarah-berndt-uebernimmt-die-verlagsleitung-der-beobachter-und-landliebe-editionen\/#primaryimage"},"image":{"@id":"https:\/\/www.ringier.com\/de\/sarah-berndt-uebernimmt-die-verlagsleitung-der-beobachter-und-landliebe-editionen\/#primaryimage"},"thumbnailUrl":"https:\/\/www.ringier.com\/wp-content\/uploads\/2024\/01\/Sarah-Berndt-Webseite-2048x1072-1.jpg","datePublished":"2022-04-01T09:36:00+00:00","dateModified":"2024-11-13T15:46:17+00:00","breadcrumb":{"@id":"https:\/\/www.ringier.com\/de\/sarah-berndt-uebernimmt-die-verlagsleitung-der-beobachter-und-landliebe-editionen\/#breadcrumb"},"inLanguage":"de-DE","potentialAction":[{"@type":"ReadAction","target":["https:\/\/www.ringier.com\/de\/sarah-berndt-uebernimmt-die-verlagsleitung-der-beobachter-und-landliebe-editionen\/"]}]},{"@type":"ImageObject","inLanguage":"de-DE","@id":"https:\/\/www.ringier.com\/de\/sarah-berndt-uebernimmt-die-verlagsleitung-der-beobachter-und-landliebe-editionen\/#primaryimage","url":"https:\/\/www.ringier.com\/wp-content\/uploads\/2024\/01\/Sarah-Berndt-Webseite-2048x1072-1.jpg","contentUrl":"https:\/\/www.ringier.com\/wp-content\/uploads\/2024\/01\/Sarah-Berndt-Webseite-2048x1072-1.jpg","width":2048,"height":1072},{"@type":"BreadcrumbList","@id":"https:\/\/www.ringier.com\/de\/sarah-berndt-uebernimmt-die-verlagsleitung-der-beobachter-und-landliebe-editionen\/#breadcrumb","itemListElement":[{"@type":"ListItem","position":1,"name":"Home","item":"https:\/\/www.ringier.com\/de\/"},{"@type":"ListItem","position":2,"name":"Sarah Berndt \u00fcbernimmt die Verlagsleitung der Beobachter- und LandLiebe-Editionen"}]},{"@type":"WebSite","@id":"https:\/\/www.ringier.com\/de\/#website","url":"https:\/\/www.ringier.com\/de\/","name":"Ringier","description":"We inform. We entertain. We connect","publisher":{"@id":"https:\/\/www.ringier.com\/de\/#organization"},"potentialAction":[{"@type":"SearchAction","target":{"@type":"EntryPoint","urlTemplate":"https:\/\/www.ringier.com\/de\/?s={search_term_string}"},"query-input":{"@type":"PropertyValueSpecification","valueRequired":true,"valueName":"search_term_string"}}],"inLanguage":"de-DE"},{"@type":"Organization","@id":"https:\/\/www.ringier.com\/de\/#organization","name":"Ringier","url":"https:\/\/www.ringier.com\/de\/","logo":{"@type":"ImageObject","inLanguage":"de-DE","@id":"https:\/\/www.ringier.com\/de\/#\/schema\/logo\/image\/","url":"https:\/\/www.ringier.com\/wp-content\/uploads\/2021\/10\/ringier_logo_2.jpg","contentUrl":"https:\/\/www.ringier.com\/wp-content\/uploads\/2021\/10\/ringier_logo_2.jpg","width":750,"height":550,"caption":"Ringier"},"image":{"@id":"https:\/\/www.ringier.com\/de\/#\/schema\/logo\/image\/"},"sameAs":["https:\/\/www.facebook.com\/ringierag\/","https:\/\/x.com\/ringier_ag","https:\/\/www.instagram.com\/ringier_ag\/","https:\/\/www.linkedin.com\/company\/ringier\/","https:\/\/www.youtube.com\/user\/RingierComm","https:\/\/en.wikipedia.org\/wiki\/Ringier","https:\/\/de.wikipedia.org\/wiki\/Ringier","https:\/\/fr.wikipedia.org\/wiki\/Ringier","https:\/\/www.crunchbase.com\/organization\/ringier-ag"]},{"@type":"Person","@id":"https:\/\/www.ringier.com\/de\/#\/schema\/person\/4cf76a308dc4b2bb5121bd1e7b752e52","name":"Ringier Corporate Communications","image":{"@type":"ImageObject","inLanguage":"de-DE","@id":"https:\/\/www.ringier.com\/de\/#\/schema\/person\/image\/","url":"https:\/\/secure.gravatar.com\/avatar\/9391e20481368d5df4fe3e1e476c13b27786347489822ec1ed07e532bb41f587?s=96&d=mm&r=g","contentUrl":"https:\/\/secure.gravatar.com\/avatar\/9391e20481368d5df4fe3e1e476c13b27786347489822ec1ed07e532bb41f587?s=96&d=mm&r=g","caption":"Ringier Corporate Communications"},"sameAs":["https:\/\/www.ringier.com"]}]}},"_links":{"self":[{"href":"https:\/\/www.ringier.com\/de\/wp-json\/wp\/v2\/posts\/17775","targetHints":{"allow":["GET"]}}],"collection":[{"href":"https:\/\/www.ringier.com\/de\/wp-json\/wp\/v2\/posts"}],"about":[{"href":"https:\/\/www.ringier.com\/de\/wp-json\/wp\/v2\/types\/post"}],"author":[{"embeddable":true,"href":"https:\/\/www.ringier.com\/de\/wp-json\/wp\/v2\/users\/23"}],"replies":[{"embeddable":true,"href":"https:\/\/www.ringier.com\/de\/wp-json\/wp\/v2\/comments?post=17775"}],"version-history":[{"count":0,"href":"https:\/\/www.ringier.com\/de\/wp-json\/wp\/v2\/posts\/17775\/revisions"}],"wp:featuredmedia":[{"embeddable":true,"href":"https:\/\/www.ringier.com\/de\/wp-json\/wp\/v2\/media\/17776"}],"wp:attachment":[{"href":"https:\/\/www.ringier.com\/de\/wp-json\/wp\/v2\/media?parent=17775"}],"wp:term":[{"taxonomy":"category","embeddable":true,"href":"https:\/\/www.ringier.com\/de\/wp-json\/wp\/v2\/categories?post=17775"},{"taxonomy":"post_tag","embeddable":true,"href":"https:\/\/www.ringier.com\/de\/wp-json\/wp\/v2\/tags?post=17775"}],"curies":[{"name":"wp","href":"https:\/\/api.w.org\/{rel}","templated":true}]}}