{"id":17661,"date":"2022-08-03T16:29:00","date_gmt":"2022-08-03T14:29:00","guid":{"rendered":"https:\/\/www.ringier.com\/?p=17661"},"modified":"2024-11-13T16:18:46","modified_gmt":"2024-11-13T15:18:46","slug":"exklusiv-fuer-die-leser-innen-von-schweizer-illustrierte-lillustre1-august-wanderung-mit-bundesraetin-karin-keller-sutter","status":"publish","type":"post","link":"https:\/\/www.ringier.com\/de\/exklusiv-fuer-die-leser-innen-von-schweizer-illustrierte-lillustre1-august-wanderung-mit-bundesraetin-karin-keller-sutter\/","title":{"rendered":"Exklusiv f\u00fcr die Leser\/-innen von Schweizer Illustrierte &#038; L\u2019illustr\u00e9:1.-August-Wanderung mit Bundesr\u00e4tin Karin Keller-Sutter"},"content":{"rendered":"\n<p>Die 1.-August-Wanderung der Schweizer Illustrierten und der L\u2019illustr\u00e9 hat Tradition: Zum f\u00fcnften Mal haben die Leserinnen und Leser der Schweizer Illustrierten und L\u2019illustr\u00e9 die exklusive M\u00f6glichkeit, mit einem Mitglied des Bundesrats in dessen Heimatkanton zu wandern. Mit Alain Berset ging es 2018 zum Schwarzsee, mit Guy Parmelin 2019 durch die Waadtl\u00e4nder Reben, mit Viola Amherd 2020 ins Binntal und mit Simonetta Sommaruga 2021 an den Thunersee. In diesem Jahr lud Bundesr\u00e4tin Karin Keller-Sutter in ihren Heimatkanton St. Gallen.<\/p>\n\n\n\n<p>\u00abEs war mir eine Freude, die sch\u00f6nen Orte des Kanton St. Gallens rund um den Walensee den Leserinnen und Lesern n\u00e4herzubringen und mit ihnen zu wandern. Den ungezwungenen Austausch habe ich dabei besonders gesch\u00e4tzt\u00bb sagt Karin Keller-Sutter.<\/p>\n\n\n\n<p>\u00abDie Nahbarkeit des Bundesrates in dieser Form ist einmalig. In welchem anderen Land gibt es die M\u00f6glichkeit, mit einem Regierungsmitglied zu wandern? Unsere 1.-August-Wanderung ist ein einzigartiges Angebot, das sowohl von der Leserschaft und Mitgliedern des Bundesrates gleichermassen gesch\u00e4tzt wird\u00bb sagt Silvia Binggeli, Chefredaktorin der&nbsp;<em>Schweizer Illustrierten<\/em>.<\/p>\n\n\n\n<p>\u00abWir bringen Politik und die Menschen dahinter unseren Leserinnen und Lesern unkompliziert und facettenreichen n\u00e4her. Ich bin \u00fcberzeugt, dass wir Verst\u00e4ndnis f\u00fcreinander schaffen und damit einen wichtigen Beitrag zum Funktionieren der schweizerischen Demokratie leisten,\u00bb meint Philippe Clot, Journalist der<em>&nbsp;L\u2019illustr\u00e9<\/em>, der mit auf der Wanderung dabei war.<\/p>\n\n\n\n<p>Ein ausgiebiger Bericht \u00fcber die diesj\u00e4hrige Wanderung samt Interview mit Bundesr\u00e4tin Karin Keller-Sutter erscheint am 3.8.22 in der L\u2019illustr\u00e9 und am 5.8.22 in der Schweizer Illustrierten. Initiator und Organisator der 1.-August-Wanderung mit einem Bundesratsmitglied ist Werner De Schepper, Chefautor der Publikumszeitschriften von Ringier Axel Springer Schweiz und Co-Chefredaktor Interview by Ringier. Partner der f\u00fcnften 1.-August-Wanderung sind Twerenbold, Flumserberg, Weesen\/Amden Tourismus, Schiffsbetrieb Walensee, St. Galler Wanderwege und der Schweizer Bauernverband.\u00a0<\/p>\n\n\n\n<hr class=\"wp-block-separator has-alpha-channel-opacity\"\/>\n\n\n\n<div class=\"wp-block-columns is-layout-flex wp-container-core-columns-is-layout-9d6595d7 wp-block-columns-is-layout-flex\">\n<div class=\"wp-block-column is-vertically-aligned-bottom is-layout-flow wp-block-column-is-layout-flow\">\n<p class=\"has-small-font-size\">Corporate&nbsp;Communications<br>+41 44 259 64 44<br><a href=\"mailto:media@ringier.ch\" target=\"_blank\" rel=\"noreferrer noopener\">media@ringier.ch<\/a> <br><a href=\"https:\/\/www.ringier.com\/de\/\">www.ringier.co<\/a><a href=\"https:\/\/www.ringier.com\/de\/\" target=\"_blank\" rel=\"noreferrer noopener\">m<\/a><\/p>\n<\/div>\n\n\n\n<div class=\"wp-block-column is-vertically-aligned-bottom is-layout-flow wp-block-column-is-layout-flow\">\n<p class=\"has-text-align-left has-small-font-size\">Ringier AG<br>Dufourstrasse 23<br>8008 Z\u00fcrich<br>Schweiz<\/p>\n<\/div>\n<\/div>\n\n\n\n<p><\/p>\n","protected":false},"excerpt":{"rendered":"<p>Die 1.-August-Wanderung der Schweizer Illustrierten und der L\u2019illustr\u00e9 fand zum f\u00fcnften Mal statt. Gemeinsam mit Bundesr\u00e4tin Karin Keller-Sutter wanderten 160 Leserinnen und Leser der beiden Publikationen aus dem Hause Ringier Axel Springer Schweiz um den Walensee im Heimatkanton von Karin Keller-Sutter.<\/p>\n","protected":false},"author":23,"featured_media":17662,"comment_status":"closed","ping_status":"open","sticky":false,"template":"","format":"standard","meta":{"inline_featured_image":false,"footnotes":""},"categories":[371,361],"tags":[],"class_list":["post-17661","post","type-post","status-publish","format-standard","has-post-thumbnail","hentry","category-media-de","category-ringier-medien-schweiz"],"yoast_head":"<!-- This site is optimized with the Yoast SEO Premium plugin v27.0 (Yoast SEO v27.0) - https:\/\/yoast.com\/product\/yoast-seo-premium-wordpress\/ -->\n<title>Exklusiv f\u00fcr die Leser\/-innen von Schweizer Illustrierte &amp; L\u2019illustr\u00e9:1.-August-Wanderung mit Bundesr\u00e4tin Karin Keller-Sutter - Ringier<\/title>\n<meta name=\"robots\" content=\"index, follow, max-snippet:-1, max-image-preview:large, max-video-preview:-1\" \/>\n<link rel=\"canonical\" href=\"https:\/\/www.ringier.com\/de\/exklusiv-fuer-die-leser-innen-von-schweizer-illustrierte-lillustre1-august-wanderung-mit-bundesraetin-karin-keller-sutter\/\" \/>\n<meta property=\"og:locale\" content=\"de_DE\" \/>\n<meta property=\"og:type\" content=\"article\" \/>\n<meta property=\"og:title\" content=\"Exklusiv f\u00fcr die Leser\/-innen von Schweizer Illustrierte &amp; L\u2019illustr\u00e9:1.-August-Wanderung mit Bundesr\u00e4tin Karin Keller-Sutter\" \/>\n<meta property=\"og:description\" content=\"Die 1.-August-Wanderung der Schweizer Illustrierten und der L\u2019illustr\u00e9 fand zum f\u00fcnften Mal statt. Gemeinsam mit Bundesr\u00e4tin Karin Keller-Sutter wanderten 160 Leserinnen und Leser der beiden Publikationen aus dem Hause Ringier Axel Springer Schweiz um den Walensee im Heimatkanton von Karin Keller-Sutter.\" \/>\n<meta property=\"og:url\" content=\"https:\/\/www.ringier.com\/de\/exklusiv-fuer-die-leser-innen-von-schweizer-illustrierte-lillustre1-august-wanderung-mit-bundesraetin-karin-keller-sutter\/\" \/>\n<meta property=\"og:site_name\" content=\"Ringier\" \/>\n<meta property=\"article:publisher\" content=\"https:\/\/www.facebook.com\/ringierag\/\" \/>\n<meta property=\"article:published_time\" content=\"2022-08-03T14:29:00+00:00\" \/>\n<meta property=\"article:modified_time\" content=\"2024-11-13T15:18:46+00:00\" \/>\n<meta property=\"og:image\" content=\"https:\/\/www.ringier.com\/wp-content\/uploads\/2024\/01\/KKS-Wanderung.jpg\" \/>\n\t<meta property=\"og:image:width\" content=\"1200\" \/>\n\t<meta property=\"og:image:height\" content=\"628\" \/>\n\t<meta property=\"og:image:type\" content=\"image\/jpeg\" \/>\n<meta name=\"author\" content=\"Ringier Corporate Communications\" \/>\n<meta name=\"twitter:card\" content=\"summary_large_image\" \/>\n<meta name=\"twitter:creator\" content=\"@ringier_ag\" \/>\n<meta name=\"twitter:site\" content=\"@ringier_ag\" \/>\n<meta name=\"twitter:label1\" content=\"Verfasst von\" \/>\n\t<meta name=\"twitter:data1\" content=\"Ringier Corporate Communications\" \/>\n\t<meta name=\"twitter:label2\" content=\"Gesch\u00e4tzte Lesezeit\" \/>\n\t<meta name=\"twitter:data2\" content=\"2 Minuten\" \/>\n<script type=\"application\/ld+json\" class=\"yoast-schema-graph\">{\"@context\":\"https:\/\/schema.org\",\"@graph\":[{\"@type\":\"Article\",\"@id\":\"https:\/\/www.ringier.com\/de\/exklusiv-fuer-die-leser-innen-von-schweizer-illustrierte-lillustre1-august-wanderung-mit-bundesraetin-karin-keller-sutter\/#article\",\"isPartOf\":{\"@id\":\"https:\/\/www.ringier.com\/de\/exklusiv-fuer-die-leser-innen-von-schweizer-illustrierte-lillustre1-august-wanderung-mit-bundesraetin-karin-keller-sutter\/\"},\"author\":{\"name\":\"Ringier Corporate Communications\",\"@id\":\"https:\/\/www.ringier.com\/de\/#\/schema\/person\/4cf76a308dc4b2bb5121bd1e7b752e52\"},\"headline\":\"Exklusiv f\u00fcr die Leser\/-innen von Schweizer Illustrierte &#038; L\u2019illustr\u00e9:1.-August-Wanderung mit Bundesr\u00e4tin Karin Keller-Sutter\",\"datePublished\":\"2022-08-03T14:29:00+00:00\",\"dateModified\":\"2024-11-13T15:18:46+00:00\",\"mainEntityOfPage\":{\"@id\":\"https:\/\/www.ringier.com\/de\/exklusiv-fuer-die-leser-innen-von-schweizer-illustrierte-lillustre1-august-wanderung-mit-bundesraetin-karin-keller-sutter\/\"},\"wordCount\":325,\"publisher\":{\"@id\":\"https:\/\/www.ringier.com\/de\/#organization\"},\"image\":{\"@id\":\"https:\/\/www.ringier.com\/de\/exklusiv-fuer-die-leser-innen-von-schweizer-illustrierte-lillustre1-august-wanderung-mit-bundesraetin-karin-keller-sutter\/#primaryimage\"},\"thumbnailUrl\":\"https:\/\/www.ringier.com\/wp-content\/uploads\/2024\/01\/KKS-Wanderung.jpg\",\"articleSection\":[\"Media\",\"Ringier Medien Schweiz\"],\"inLanguage\":\"de-DE\"},{\"@type\":\"WebPage\",\"@id\":\"https:\/\/www.ringier.com\/de\/exklusiv-fuer-die-leser-innen-von-schweizer-illustrierte-lillustre1-august-wanderung-mit-bundesraetin-karin-keller-sutter\/\",\"url\":\"https:\/\/www.ringier.com\/de\/exklusiv-fuer-die-leser-innen-von-schweizer-illustrierte-lillustre1-august-wanderung-mit-bundesraetin-karin-keller-sutter\/\",\"name\":\"Exklusiv f\u00fcr die Leser\/-innen von Schweizer Illustrierte & L\u2019illustr\u00e9:1.-August-Wanderung mit Bundesr\u00e4tin Karin Keller-Sutter - Ringier\",\"isPartOf\":{\"@id\":\"https:\/\/www.ringier.com\/de\/#website\"},\"primaryImageOfPage\":{\"@id\":\"https:\/\/www.ringier.com\/de\/exklusiv-fuer-die-leser-innen-von-schweizer-illustrierte-lillustre1-august-wanderung-mit-bundesraetin-karin-keller-sutter\/#primaryimage\"},\"image\":{\"@id\":\"https:\/\/www.ringier.com\/de\/exklusiv-fuer-die-leser-innen-von-schweizer-illustrierte-lillustre1-august-wanderung-mit-bundesraetin-karin-keller-sutter\/#primaryimage\"},\"thumbnailUrl\":\"https:\/\/www.ringier.com\/wp-content\/uploads\/2024\/01\/KKS-Wanderung.jpg\",\"datePublished\":\"2022-08-03T14:29:00+00:00\",\"dateModified\":\"2024-11-13T15:18:46+00:00\",\"breadcrumb\":{\"@id\":\"https:\/\/www.ringier.com\/de\/exklusiv-fuer-die-leser-innen-von-schweizer-illustrierte-lillustre1-august-wanderung-mit-bundesraetin-karin-keller-sutter\/#breadcrumb\"},\"inLanguage\":\"de-DE\",\"potentialAction\":[{\"@type\":\"ReadAction\",\"target\":[\"https:\/\/www.ringier.com\/de\/exklusiv-fuer-die-leser-innen-von-schweizer-illustrierte-lillustre1-august-wanderung-mit-bundesraetin-karin-keller-sutter\/\"]}]},{\"@type\":\"ImageObject\",\"inLanguage\":\"de-DE\",\"@id\":\"https:\/\/www.ringier.com\/de\/exklusiv-fuer-die-leser-innen-von-schweizer-illustrierte-lillustre1-august-wanderung-mit-bundesraetin-karin-keller-sutter\/#primaryimage\",\"url\":\"https:\/\/www.ringier.com\/wp-content\/uploads\/2024\/01\/KKS-Wanderung.jpg\",\"contentUrl\":\"https:\/\/www.ringier.com\/wp-content\/uploads\/2024\/01\/KKS-Wanderung.jpg\",\"width\":1200,\"height\":628},{\"@type\":\"BreadcrumbList\",\"@id\":\"https:\/\/www.ringier.com\/de\/exklusiv-fuer-die-leser-innen-von-schweizer-illustrierte-lillustre1-august-wanderung-mit-bundesraetin-karin-keller-sutter\/#breadcrumb\",\"itemListElement\":[{\"@type\":\"ListItem\",\"position\":1,\"name\":\"Home\",\"item\":\"https:\/\/www.ringier.com\/de\/\"},{\"@type\":\"ListItem\",\"position\":2,\"name\":\"Exklusiv f\u00fcr die Leser\/-innen von Schweizer Illustrierte &#038; L\u2019illustr\u00e9:1.-August-Wanderung mit Bundesr\u00e4tin Karin Keller-Sutter\"}]},{\"@type\":\"WebSite\",\"@id\":\"https:\/\/www.ringier.com\/de\/#website\",\"url\":\"https:\/\/www.ringier.com\/de\/\",\"name\":\"Ringier\",\"description\":\"We inform. We entertain. We connect\",\"publisher\":{\"@id\":\"https:\/\/www.ringier.com\/de\/#organization\"},\"potentialAction\":[{\"@type\":\"SearchAction\",\"target\":{\"@type\":\"EntryPoint\",\"urlTemplate\":\"https:\/\/www.ringier.com\/de\/?s={search_term_string}\"},\"query-input\":{\"@type\":\"PropertyValueSpecification\",\"valueRequired\":true,\"valueName\":\"search_term_string\"}}],\"inLanguage\":\"de-DE\"},{\"@type\":\"Organization\",\"@id\":\"https:\/\/www.ringier.com\/de\/#organization\",\"name\":\"Ringier\",\"url\":\"https:\/\/www.ringier.com\/de\/\",\"logo\":{\"@type\":\"ImageObject\",\"inLanguage\":\"de-DE\",\"@id\":\"https:\/\/www.ringier.com\/de\/#\/schema\/logo\/image\/\",\"url\":\"https:\/\/www.ringier.com\/wp-content\/uploads\/2021\/10\/ringier_logo_2.jpg\",\"contentUrl\":\"https:\/\/www.ringier.com\/wp-content\/uploads\/2021\/10\/ringier_logo_2.jpg\",\"width\":750,\"height\":550,\"caption\":\"Ringier\"},\"image\":{\"@id\":\"https:\/\/www.ringier.com\/de\/#\/schema\/logo\/image\/\"},\"sameAs\":[\"https:\/\/www.facebook.com\/ringierag\/\",\"https:\/\/x.com\/ringier_ag\",\"https:\/\/www.instagram.com\/ringier_ag\/\",\"https:\/\/www.linkedin.com\/company\/ringier\/\",\"https:\/\/www.youtube.com\/user\/RingierComm\",\"https:\/\/en.wikipedia.org\/wiki\/Ringier\",\"https:\/\/de.wikipedia.org\/wiki\/Ringier\",\"https:\/\/fr.wikipedia.org\/wiki\/Ringier\",\"https:\/\/www.crunchbase.com\/organization\/ringier-ag\"]},{\"@type\":\"Person\",\"@id\":\"https:\/\/www.ringier.com\/de\/#\/schema\/person\/4cf76a308dc4b2bb5121bd1e7b752e52\",\"name\":\"Ringier Corporate Communications\",\"image\":{\"@type\":\"ImageObject\",\"inLanguage\":\"de-DE\",\"@id\":\"https:\/\/www.ringier.com\/de\/#\/schema\/person\/image\/\",\"url\":\"https:\/\/secure.gravatar.com\/avatar\/9391e20481368d5df4fe3e1e476c13b27786347489822ec1ed07e532bb41f587?s=96&d=mm&r=g\",\"contentUrl\":\"https:\/\/secure.gravatar.com\/avatar\/9391e20481368d5df4fe3e1e476c13b27786347489822ec1ed07e532bb41f587?s=96&d=mm&r=g\",\"caption\":\"Ringier Corporate Communications\"},\"sameAs\":[\"https:\/\/www.ringier.com\"]}]}<\/script>\n<!-- \/ Yoast SEO Premium plugin. -->","yoast_head_json":{"title":"Exklusiv f\u00fcr die Leser\/-innen von Schweizer Illustrierte & L\u2019illustr\u00e9:1.-August-Wanderung mit Bundesr\u00e4tin Karin Keller-Sutter - Ringier","robots":{"index":"index","follow":"follow","max-snippet":"max-snippet:-1","max-image-preview":"max-image-preview:large","max-video-preview":"max-video-preview:-1"},"canonical":"https:\/\/www.ringier.com\/de\/exklusiv-fuer-die-leser-innen-von-schweizer-illustrierte-lillustre1-august-wanderung-mit-bundesraetin-karin-keller-sutter\/","og_locale":"de_DE","og_type":"article","og_title":"Exklusiv f\u00fcr die Leser\/-innen von Schweizer Illustrierte & L\u2019illustr\u00e9:1.-August-Wanderung mit Bundesr\u00e4tin Karin Keller-Sutter","og_description":"Die 1.-August-Wanderung der Schweizer Illustrierten und der L\u2019illustr\u00e9 fand zum f\u00fcnften Mal statt. Gemeinsam mit Bundesr\u00e4tin Karin Keller-Sutter wanderten 160 Leserinnen und Leser der beiden Publikationen aus dem Hause Ringier Axel Springer Schweiz um den Walensee im Heimatkanton von Karin Keller-Sutter.","og_url":"https:\/\/www.ringier.com\/de\/exklusiv-fuer-die-leser-innen-von-schweizer-illustrierte-lillustre1-august-wanderung-mit-bundesraetin-karin-keller-sutter\/","og_site_name":"Ringier","article_publisher":"https:\/\/www.facebook.com\/ringierag\/","article_published_time":"2022-08-03T14:29:00+00:00","article_modified_time":"2024-11-13T15:18:46+00:00","og_image":[{"width":1200,"height":628,"url":"https:\/\/www.ringier.com\/wp-content\/uploads\/2024\/01\/KKS-Wanderung.jpg","type":"image\/jpeg"}],"author":"Ringier Corporate Communications","twitter_card":"summary_large_image","twitter_creator":"@ringier_ag","twitter_site":"@ringier_ag","twitter_misc":{"Verfasst von":"Ringier Corporate Communications","Gesch\u00e4tzte Lesezeit":"2 Minuten"},"schema":{"@context":"https:\/\/schema.org","@graph":[{"@type":"Article","@id":"https:\/\/www.ringier.com\/de\/exklusiv-fuer-die-leser-innen-von-schweizer-illustrierte-lillustre1-august-wanderung-mit-bundesraetin-karin-keller-sutter\/#article","isPartOf":{"@id":"https:\/\/www.ringier.com\/de\/exklusiv-fuer-die-leser-innen-von-schweizer-illustrierte-lillustre1-august-wanderung-mit-bundesraetin-karin-keller-sutter\/"},"author":{"name":"Ringier Corporate Communications","@id":"https:\/\/www.ringier.com\/de\/#\/schema\/person\/4cf76a308dc4b2bb5121bd1e7b752e52"},"headline":"Exklusiv f\u00fcr die Leser\/-innen von Schweizer Illustrierte &#038; L\u2019illustr\u00e9:1.-August-Wanderung mit Bundesr\u00e4tin Karin Keller-Sutter","datePublished":"2022-08-03T14:29:00+00:00","dateModified":"2024-11-13T15:18:46+00:00","mainEntityOfPage":{"@id":"https:\/\/www.ringier.com\/de\/exklusiv-fuer-die-leser-innen-von-schweizer-illustrierte-lillustre1-august-wanderung-mit-bundesraetin-karin-keller-sutter\/"},"wordCount":325,"publisher":{"@id":"https:\/\/www.ringier.com\/de\/#organization"},"image":{"@id":"https:\/\/www.ringier.com\/de\/exklusiv-fuer-die-leser-innen-von-schweizer-illustrierte-lillustre1-august-wanderung-mit-bundesraetin-karin-keller-sutter\/#primaryimage"},"thumbnailUrl":"https:\/\/www.ringier.com\/wp-content\/uploads\/2024\/01\/KKS-Wanderung.jpg","articleSection":["Media","Ringier Medien Schweiz"],"inLanguage":"de-DE"},{"@type":"WebPage","@id":"https:\/\/www.ringier.com\/de\/exklusiv-fuer-die-leser-innen-von-schweizer-illustrierte-lillustre1-august-wanderung-mit-bundesraetin-karin-keller-sutter\/","url":"https:\/\/www.ringier.com\/de\/exklusiv-fuer-die-leser-innen-von-schweizer-illustrierte-lillustre1-august-wanderung-mit-bundesraetin-karin-keller-sutter\/","name":"Exklusiv f\u00fcr die Leser\/-innen von Schweizer Illustrierte & L\u2019illustr\u00e9:1.-August-Wanderung mit Bundesr\u00e4tin Karin Keller-Sutter - Ringier","isPartOf":{"@id":"https:\/\/www.ringier.com\/de\/#website"},"primaryImageOfPage":{"@id":"https:\/\/www.ringier.com\/de\/exklusiv-fuer-die-leser-innen-von-schweizer-illustrierte-lillustre1-august-wanderung-mit-bundesraetin-karin-keller-sutter\/#primaryimage"},"image":{"@id":"https:\/\/www.ringier.com\/de\/exklusiv-fuer-die-leser-innen-von-schweizer-illustrierte-lillustre1-august-wanderung-mit-bundesraetin-karin-keller-sutter\/#primaryimage"},"thumbnailUrl":"https:\/\/www.ringier.com\/wp-content\/uploads\/2024\/01\/KKS-Wanderung.jpg","datePublished":"2022-08-03T14:29:00+00:00","dateModified":"2024-11-13T15:18:46+00:00","breadcrumb":{"@id":"https:\/\/www.ringier.com\/de\/exklusiv-fuer-die-leser-innen-von-schweizer-illustrierte-lillustre1-august-wanderung-mit-bundesraetin-karin-keller-sutter\/#breadcrumb"},"inLanguage":"de-DE","potentialAction":[{"@type":"ReadAction","target":["https:\/\/www.ringier.com\/de\/exklusiv-fuer-die-leser-innen-von-schweizer-illustrierte-lillustre1-august-wanderung-mit-bundesraetin-karin-keller-sutter\/"]}]},{"@type":"ImageObject","inLanguage":"de-DE","@id":"https:\/\/www.ringier.com\/de\/exklusiv-fuer-die-leser-innen-von-schweizer-illustrierte-lillustre1-august-wanderung-mit-bundesraetin-karin-keller-sutter\/#primaryimage","url":"https:\/\/www.ringier.com\/wp-content\/uploads\/2024\/01\/KKS-Wanderung.jpg","contentUrl":"https:\/\/www.ringier.com\/wp-content\/uploads\/2024\/01\/KKS-Wanderung.jpg","width":1200,"height":628},{"@type":"BreadcrumbList","@id":"https:\/\/www.ringier.com\/de\/exklusiv-fuer-die-leser-innen-von-schweizer-illustrierte-lillustre1-august-wanderung-mit-bundesraetin-karin-keller-sutter\/#breadcrumb","itemListElement":[{"@type":"ListItem","position":1,"name":"Home","item":"https:\/\/www.ringier.com\/de\/"},{"@type":"ListItem","position":2,"name":"Exklusiv f\u00fcr die Leser\/-innen von Schweizer Illustrierte &#038; L\u2019illustr\u00e9:1.-August-Wanderung mit Bundesr\u00e4tin Karin Keller-Sutter"}]},{"@type":"WebSite","@id":"https:\/\/www.ringier.com\/de\/#website","url":"https:\/\/www.ringier.com\/de\/","name":"Ringier","description":"We inform. We entertain. We connect","publisher":{"@id":"https:\/\/www.ringier.com\/de\/#organization"},"potentialAction":[{"@type":"SearchAction","target":{"@type":"EntryPoint","urlTemplate":"https:\/\/www.ringier.com\/de\/?s={search_term_string}"},"query-input":{"@type":"PropertyValueSpecification","valueRequired":true,"valueName":"search_term_string"}}],"inLanguage":"de-DE"},{"@type":"Organization","@id":"https:\/\/www.ringier.com\/de\/#organization","name":"Ringier","url":"https:\/\/www.ringier.com\/de\/","logo":{"@type":"ImageObject","inLanguage":"de-DE","@id":"https:\/\/www.ringier.com\/de\/#\/schema\/logo\/image\/","url":"https:\/\/www.ringier.com\/wp-content\/uploads\/2021\/10\/ringier_logo_2.jpg","contentUrl":"https:\/\/www.ringier.com\/wp-content\/uploads\/2021\/10\/ringier_logo_2.jpg","width":750,"height":550,"caption":"Ringier"},"image":{"@id":"https:\/\/www.ringier.com\/de\/#\/schema\/logo\/image\/"},"sameAs":["https:\/\/www.facebook.com\/ringierag\/","https:\/\/x.com\/ringier_ag","https:\/\/www.instagram.com\/ringier_ag\/","https:\/\/www.linkedin.com\/company\/ringier\/","https:\/\/www.youtube.com\/user\/RingierComm","https:\/\/en.wikipedia.org\/wiki\/Ringier","https:\/\/de.wikipedia.org\/wiki\/Ringier","https:\/\/fr.wikipedia.org\/wiki\/Ringier","https:\/\/www.crunchbase.com\/organization\/ringier-ag"]},{"@type":"Person","@id":"https:\/\/www.ringier.com\/de\/#\/schema\/person\/4cf76a308dc4b2bb5121bd1e7b752e52","name":"Ringier Corporate Communications","image":{"@type":"ImageObject","inLanguage":"de-DE","@id":"https:\/\/www.ringier.com\/de\/#\/schema\/person\/image\/","url":"https:\/\/secure.gravatar.com\/avatar\/9391e20481368d5df4fe3e1e476c13b27786347489822ec1ed07e532bb41f587?s=96&d=mm&r=g","contentUrl":"https:\/\/secure.gravatar.com\/avatar\/9391e20481368d5df4fe3e1e476c13b27786347489822ec1ed07e532bb41f587?s=96&d=mm&r=g","caption":"Ringier Corporate Communications"},"sameAs":["https:\/\/www.ringier.com"]}]}},"_links":{"self":[{"href":"https:\/\/www.ringier.com\/de\/wp-json\/wp\/v2\/posts\/17661","targetHints":{"allow":["GET"]}}],"collection":[{"href":"https:\/\/www.ringier.com\/de\/wp-json\/wp\/v2\/posts"}],"about":[{"href":"https:\/\/www.ringier.com\/de\/wp-json\/wp\/v2\/types\/post"}],"author":[{"embeddable":true,"href":"https:\/\/www.ringier.com\/de\/wp-json\/wp\/v2\/users\/23"}],"replies":[{"embeddable":true,"href":"https:\/\/www.ringier.com\/de\/wp-json\/wp\/v2\/comments?post=17661"}],"version-history":[{"count":0,"href":"https:\/\/www.ringier.com\/de\/wp-json\/wp\/v2\/posts\/17661\/revisions"}],"wp:featuredmedia":[{"embeddable":true,"href":"https:\/\/www.ringier.com\/de\/wp-json\/wp\/v2\/media\/17662"}],"wp:attachment":[{"href":"https:\/\/www.ringier.com\/de\/wp-json\/wp\/v2\/media?parent=17661"}],"wp:term":[{"taxonomy":"category","embeddable":true,"href":"https:\/\/www.ringier.com\/de\/wp-json\/wp\/v2\/categories?post=17661"},{"taxonomy":"post_tag","embeddable":true,"href":"https:\/\/www.ringier.com\/de\/wp-json\/wp\/v2\/tags?post=17661"}],"curies":[{"name":"wp","href":"https:\/\/api.w.org\/{rel}","templated":true}]}}