{"id":17633,"date":"2022-09-02T16:08:00","date_gmt":"2022-09-02T14:08:00","guid":{"rendered":"https:\/\/www.ringier.com\/?p=17633"},"modified":"2024-11-13T14:58:38","modified_gmt":"2024-11-13T13:58:38","slug":"schweizer-digi-tal-2023-welche-region-glaenzt-mit-digitaler-innovation","status":"publish","type":"post","link":"https:\/\/www.ringier.com\/de\/schweizer-digi-tal-2023-welche-region-glaenzt-mit-digitaler-innovation\/","title":{"rendered":"Schweizer Digi-Tal 2023: Welche Region gl\u00e4nzt mit digitaler Innovation?"},"content":{"rendered":"\n<p>Bei digitalen Innovationen denken die meisten an das Silicon Valley oder andere Metropolen. Dass auch l\u00e4ndliche Regionen in der Schweiz mit digitalen L\u00f6sungen und Kreativit\u00e4t \u00fcberzeugen, zeigt die Initiative \u00abDigi-Tal der Schweiz\u00bb der&nbsp;<em><a href=\"https:\/\/www.schweizer-illustrierte.ch\/\" target=\"_blank\" rel=\"noreferrer noopener\">Schweizer Illustrierten<\/a>&nbsp;<\/em>und&nbsp;<em><a href=\"https:\/\/www.illustre.ch\/\" target=\"_blank\" rel=\"noreferrer noopener\">L\u2019illustr\u00e9<\/a>.<\/em>&nbsp;Gemeinsam mit dem Projektpartner \u00abdigitalswitzerland\u00bb und den Hauptpartnern Swisscom und der Schweizerischen Post bieten sie innovativen Regionen eine Plattform.<\/p>\n\n\n\n<p>\u00abWir freuen uns, mit der Schweizerischen Post und Swisscom die beiden wichtigsten Treiber einer fl\u00e4chendeckenden Digitalisierung des Landes, die auch die Randregionen mit einbezieht, bei unserem Projekt dabei zu haben\u00bb sagt Werner De Schepper, Projektleiter und Chefautor bei der Schweizer Illustrierten.<\/p>\n\n\n\n<p>Unter allen Bewerbungen w\u00e4hlt eine Fachjury die herausragendsten Projekte aus und schickt sechs Regionen ins Finale. Die Jury der Digitalisierungs-Expertinnen und -experten: Roland Siegwart (Professor ETH Z\u00fcrich und Pr\u00e4sident der Jury), Judith Bellaiche (CEO Verband Swico, Nationalr\u00e4tin GLP), Diana Engetschwiler (Deputy Managing Director of Digitalswitzerland), Johanna Gapany (St\u00e4nder\u00e4tin FDP), Martina M\u00fcggler, (Leiterin eGoverment Die Post), Martin Vetterli (Pr\u00e4sident EPFL),Pascale Vonmont (CEO Gebert R\u00fcf Stiftung),Christian Wenger (Swiss autonomous Valley) und Roger W\u00fcthrich-Hasenb\u00f6hler (Chief Digital Officer Swisscom).<\/p>\n\n\n\n<p><strong>Das Gewinnertal \u2013 gew\u00e4hlt von den Leserinnen und Lesern&nbsp;<\/strong><\/p>\n\n\n\n<p>Die sechs Finalisten werden in der&nbsp;<em>Schweizer Illustrierte<\/em>&nbsp;und&nbsp;<em>L\u2019illustr\u00e9<\/em>&nbsp;vorgestellt und erhalten damit die M\u00f6glichkeit, die Leserinnen und Leser von ihrer Vordenkerrolle zu \u00fcberzeugen. Die Leserschaft entscheidet schliesslich \u00fcber das \u00abDigi-Tal der Schweiz 2023\u00bb.&nbsp;<\/p>\n\n\n\n<p><strong>Engadin war das erste Digi-Tal der Schweiz<\/strong><\/p>\n\n\n\n<p>Das erste Digi-Tal der Schweiz war das Engadin, das mit Glasfaser-Internet, kreativen Co-Working-Spaces und einem neuartigen Dorfzentrum \u00fcberzeugt hat. Bewerbungen f\u00fcr das zweite Schweizer Digi-Tal k\u00f6nnen bis zum 23. Oktober 2022 unter\u00a0<a href=\"http:\/\/www.digi-tal-schweiz.ch\/\" target=\"_blank\" rel=\"noreferrer noopener\">www.digi-tal-schweiz.ch<\/a>\u00a0eingereicht werden.<\/p>\n\n\n\n<hr class=\"wp-block-separator has-alpha-channel-opacity\"\/>\n\n\n\n<div class=\"wp-block-columns is-layout-flex wp-container-core-columns-is-layout-9d6595d7 wp-block-columns-is-layout-flex\">\n<div class=\"wp-block-column is-vertically-aligned-bottom is-layout-flow wp-block-column-is-layout-flow\">\n<p class=\"has-small-font-size\">Corporate&nbsp;Communications<br>+41 44 259 64 44<br><a href=\"mailto:media@ringier.ch\" target=\"_blank\" rel=\"noreferrer noopener\">media@ringier.ch<\/a> <br><a href=\"https:\/\/www.ringier.com\/de\/\">www.ringier.co<\/a><a href=\"https:\/\/www.ringier.com\/de\/\" target=\"_blank\" rel=\"noreferrer noopener\">m<\/a><\/p>\n<\/div>\n\n\n\n<div class=\"wp-block-column is-vertically-aligned-bottom is-layout-flow wp-block-column-is-layout-flow\">\n<p class=\"has-text-align-left has-small-font-size\">Ringier AG<br>Dufourstrasse 23<br>8008 Z\u00fcrich<br>Schweiz<\/p>\n<\/div>\n<\/div>\n\n\n\n<p><\/p>\n","protected":false},"excerpt":{"rendered":"<p>Die \u00abSchweizer Illustrierte\u00bb und \u00abL\u2019illustr\u00e9\u00bb suchen zum zweiten Mal das Schweizer Digi-Tal: Eine l\u00e4ndliche Gegend, die im Bereich Digitalisierung eine Vorreiterrolle einnimmt. Die Bewerbungsfrist l\u00e4uft bis zum 23. Oktober 2022. Eine Jury aus Digitalisierungs-Expertinnen und -Experten nominiert sechs Finalisten f\u00fcr das Publikumsvoting. Gek\u00fcrt wird das \u00abDigi-Tal der Schweiz\u00bb Anfang des kommenden Jahres.<\/p>\n","protected":false},"author":23,"featured_media":17634,"comment_status":"closed","ping_status":"open","sticky":false,"template":"","format":"standard","meta":{"inline_featured_image":false,"footnotes":""},"categories":[371,361],"tags":[],"class_list":["post-17633","post","type-post","status-publish","format-standard","has-post-thumbnail","hentry","category-media-de","category-ringier-medien-schweiz"],"yoast_head":"<!-- This site is optimized with the Yoast SEO Premium plugin v27.0 (Yoast SEO v27.0) - https:\/\/yoast.com\/product\/yoast-seo-premium-wordpress\/ -->\n<title>Schweizer Digi-Tal 2023: Welche Region gl\u00e4nzt mit digitaler Innovation? - Ringier<\/title>\n<meta name=\"robots\" content=\"index, follow, max-snippet:-1, max-image-preview:large, max-video-preview:-1\" \/>\n<link rel=\"canonical\" href=\"https:\/\/www.ringier.com\/de\/schweizer-digi-tal-2023-welche-region-glaenzt-mit-digitaler-innovation\/\" \/>\n<meta property=\"og:locale\" content=\"de_DE\" \/>\n<meta property=\"og:type\" content=\"article\" \/>\n<meta property=\"og:title\" content=\"Schweizer Digi-Tal 2023: Welche Region gl\u00e4nzt mit digitaler Innovation?\" \/>\n<meta property=\"og:description\" content=\"Die \u00abSchweizer Illustrierte\u00bb und \u00abL\u2019illustr\u00e9\u00bb suchen zum zweiten Mal das Schweizer Digi-Tal: Eine l\u00e4ndliche Gegend, die im Bereich Digitalisierung eine Vorreiterrolle einnimmt. Die Bewerbungsfrist l\u00e4uft bis zum 23. Oktober 2022. Eine Jury aus Digitalisierungs-Expertinnen und -Experten nominiert sechs Finalisten f\u00fcr das Publikumsvoting. Gek\u00fcrt wird das \u00abDigi-Tal der Schweiz\u00bb Anfang des kommenden Jahres.\" \/>\n<meta property=\"og:url\" content=\"https:\/\/www.ringier.com\/de\/schweizer-digi-tal-2023-welche-region-glaenzt-mit-digitaler-innovation\/\" \/>\n<meta property=\"og:site_name\" content=\"Ringier\" \/>\n<meta property=\"article:publisher\" content=\"https:\/\/www.facebook.com\/ringierag\/\" \/>\n<meta property=\"article:published_time\" content=\"2022-09-02T14:08:00+00:00\" \/>\n<meta property=\"article:modified_time\" content=\"2024-11-13T13:58:38+00:00\" \/>\n<meta property=\"og:image\" content=\"https:\/\/www.ringier.com\/wp-content\/uploads\/2024\/01\/Digi-Tal-Schweiz-2023-2048x1070-1.jpg\" \/>\n\t<meta property=\"og:image:width\" content=\"2048\" \/>\n\t<meta property=\"og:image:height\" content=\"1070\" \/>\n\t<meta property=\"og:image:type\" content=\"image\/jpeg\" \/>\n<meta name=\"author\" content=\"Ringier Corporate Communications\" \/>\n<meta name=\"twitter:card\" content=\"summary_large_image\" \/>\n<meta name=\"twitter:creator\" content=\"@ringier_ag\" \/>\n<meta name=\"twitter:site\" content=\"@ringier_ag\" \/>\n<meta name=\"twitter:label1\" content=\"Verfasst von\" \/>\n\t<meta name=\"twitter:data1\" content=\"Ringier Corporate Communications\" \/>\n\t<meta name=\"twitter:label2\" content=\"Gesch\u00e4tzte Lesezeit\" \/>\n\t<meta name=\"twitter:data2\" content=\"2 Minuten\" \/>\n<script type=\"application\/ld+json\" class=\"yoast-schema-graph\">{\"@context\":\"https:\/\/schema.org\",\"@graph\":[{\"@type\":\"Article\",\"@id\":\"https:\/\/www.ringier.com\/de\/schweizer-digi-tal-2023-welche-region-glaenzt-mit-digitaler-innovation\/#article\",\"isPartOf\":{\"@id\":\"https:\/\/www.ringier.com\/de\/schweizer-digi-tal-2023-welche-region-glaenzt-mit-digitaler-innovation\/\"},\"author\":{\"name\":\"Ringier Corporate Communications\",\"@id\":\"https:\/\/www.ringier.com\/de\/#\/schema\/person\/4cf76a308dc4b2bb5121bd1e7b752e52\"},\"headline\":\"Schweizer Digi-Tal 2023: Welche Region gl\u00e4nzt mit digitaler Innovation?\",\"datePublished\":\"2022-09-02T14:08:00+00:00\",\"dateModified\":\"2024-11-13T13:58:38+00:00\",\"mainEntityOfPage\":{\"@id\":\"https:\/\/www.ringier.com\/de\/schweizer-digi-tal-2023-welche-region-glaenzt-mit-digitaler-innovation\/\"},\"wordCount\":312,\"publisher\":{\"@id\":\"https:\/\/www.ringier.com\/de\/#organization\"},\"image\":{\"@id\":\"https:\/\/www.ringier.com\/de\/schweizer-digi-tal-2023-welche-region-glaenzt-mit-digitaler-innovation\/#primaryimage\"},\"thumbnailUrl\":\"https:\/\/www.ringier.com\/wp-content\/uploads\/2024\/01\/Digi-Tal-Schweiz-2023-2048x1070-1.jpg\",\"articleSection\":[\"Media\",\"Ringier Medien Schweiz\"],\"inLanguage\":\"de-DE\"},{\"@type\":\"WebPage\",\"@id\":\"https:\/\/www.ringier.com\/de\/schweizer-digi-tal-2023-welche-region-glaenzt-mit-digitaler-innovation\/\",\"url\":\"https:\/\/www.ringier.com\/de\/schweizer-digi-tal-2023-welche-region-glaenzt-mit-digitaler-innovation\/\",\"name\":\"Schweizer Digi-Tal 2023: Welche Region gl\u00e4nzt mit digitaler Innovation? - Ringier\",\"isPartOf\":{\"@id\":\"https:\/\/www.ringier.com\/de\/#website\"},\"primaryImageOfPage\":{\"@id\":\"https:\/\/www.ringier.com\/de\/schweizer-digi-tal-2023-welche-region-glaenzt-mit-digitaler-innovation\/#primaryimage\"},\"image\":{\"@id\":\"https:\/\/www.ringier.com\/de\/schweizer-digi-tal-2023-welche-region-glaenzt-mit-digitaler-innovation\/#primaryimage\"},\"thumbnailUrl\":\"https:\/\/www.ringier.com\/wp-content\/uploads\/2024\/01\/Digi-Tal-Schweiz-2023-2048x1070-1.jpg\",\"datePublished\":\"2022-09-02T14:08:00+00:00\",\"dateModified\":\"2024-11-13T13:58:38+00:00\",\"breadcrumb\":{\"@id\":\"https:\/\/www.ringier.com\/de\/schweizer-digi-tal-2023-welche-region-glaenzt-mit-digitaler-innovation\/#breadcrumb\"},\"inLanguage\":\"de-DE\",\"potentialAction\":[{\"@type\":\"ReadAction\",\"target\":[\"https:\/\/www.ringier.com\/de\/schweizer-digi-tal-2023-welche-region-glaenzt-mit-digitaler-innovation\/\"]}]},{\"@type\":\"ImageObject\",\"inLanguage\":\"de-DE\",\"@id\":\"https:\/\/www.ringier.com\/de\/schweizer-digi-tal-2023-welche-region-glaenzt-mit-digitaler-innovation\/#primaryimage\",\"url\":\"https:\/\/www.ringier.com\/wp-content\/uploads\/2024\/01\/Digi-Tal-Schweiz-2023-2048x1070-1.jpg\",\"contentUrl\":\"https:\/\/www.ringier.com\/wp-content\/uploads\/2024\/01\/Digi-Tal-Schweiz-2023-2048x1070-1.jpg\",\"width\":2048,\"height\":1070},{\"@type\":\"BreadcrumbList\",\"@id\":\"https:\/\/www.ringier.com\/de\/schweizer-digi-tal-2023-welche-region-glaenzt-mit-digitaler-innovation\/#breadcrumb\",\"itemListElement\":[{\"@type\":\"ListItem\",\"position\":1,\"name\":\"Home\",\"item\":\"https:\/\/www.ringier.com\/de\/\"},{\"@type\":\"ListItem\",\"position\":2,\"name\":\"Schweizer Digi-Tal 2023: Welche Region gl\u00e4nzt mit digitaler Innovation?\"}]},{\"@type\":\"WebSite\",\"@id\":\"https:\/\/www.ringier.com\/de\/#website\",\"url\":\"https:\/\/www.ringier.com\/de\/\",\"name\":\"Ringier\",\"description\":\"We inform. We entertain. We connect\",\"publisher\":{\"@id\":\"https:\/\/www.ringier.com\/de\/#organization\"},\"potentialAction\":[{\"@type\":\"SearchAction\",\"target\":{\"@type\":\"EntryPoint\",\"urlTemplate\":\"https:\/\/www.ringier.com\/de\/?s={search_term_string}\"},\"query-input\":{\"@type\":\"PropertyValueSpecification\",\"valueRequired\":true,\"valueName\":\"search_term_string\"}}],\"inLanguage\":\"de-DE\"},{\"@type\":\"Organization\",\"@id\":\"https:\/\/www.ringier.com\/de\/#organization\",\"name\":\"Ringier\",\"url\":\"https:\/\/www.ringier.com\/de\/\",\"logo\":{\"@type\":\"ImageObject\",\"inLanguage\":\"de-DE\",\"@id\":\"https:\/\/www.ringier.com\/de\/#\/schema\/logo\/image\/\",\"url\":\"https:\/\/www.ringier.com\/wp-content\/uploads\/2021\/10\/ringier_logo_2.jpg\",\"contentUrl\":\"https:\/\/www.ringier.com\/wp-content\/uploads\/2021\/10\/ringier_logo_2.jpg\",\"width\":750,\"height\":550,\"caption\":\"Ringier\"},\"image\":{\"@id\":\"https:\/\/www.ringier.com\/de\/#\/schema\/logo\/image\/\"},\"sameAs\":[\"https:\/\/www.facebook.com\/ringierag\/\",\"https:\/\/x.com\/ringier_ag\",\"https:\/\/www.instagram.com\/ringier_ag\/\",\"https:\/\/www.linkedin.com\/company\/ringier\/\",\"https:\/\/www.youtube.com\/user\/RingierComm\",\"https:\/\/en.wikipedia.org\/wiki\/Ringier\",\"https:\/\/de.wikipedia.org\/wiki\/Ringier\",\"https:\/\/fr.wikipedia.org\/wiki\/Ringier\",\"https:\/\/www.crunchbase.com\/organization\/ringier-ag\"]},{\"@type\":\"Person\",\"@id\":\"https:\/\/www.ringier.com\/de\/#\/schema\/person\/4cf76a308dc4b2bb5121bd1e7b752e52\",\"name\":\"Ringier Corporate Communications\",\"image\":{\"@type\":\"ImageObject\",\"inLanguage\":\"de-DE\",\"@id\":\"https:\/\/www.ringier.com\/de\/#\/schema\/person\/image\/\",\"url\":\"https:\/\/secure.gravatar.com\/avatar\/9391e20481368d5df4fe3e1e476c13b27786347489822ec1ed07e532bb41f587?s=96&d=mm&r=g\",\"contentUrl\":\"https:\/\/secure.gravatar.com\/avatar\/9391e20481368d5df4fe3e1e476c13b27786347489822ec1ed07e532bb41f587?s=96&d=mm&r=g\",\"caption\":\"Ringier Corporate Communications\"},\"sameAs\":[\"https:\/\/www.ringier.com\"]}]}<\/script>\n<!-- \/ Yoast SEO Premium plugin. -->","yoast_head_json":{"title":"Schweizer Digi-Tal 2023: Welche Region gl\u00e4nzt mit digitaler Innovation? - Ringier","robots":{"index":"index","follow":"follow","max-snippet":"max-snippet:-1","max-image-preview":"max-image-preview:large","max-video-preview":"max-video-preview:-1"},"canonical":"https:\/\/www.ringier.com\/de\/schweizer-digi-tal-2023-welche-region-glaenzt-mit-digitaler-innovation\/","og_locale":"de_DE","og_type":"article","og_title":"Schweizer Digi-Tal 2023: Welche Region gl\u00e4nzt mit digitaler Innovation?","og_description":"Die \u00abSchweizer Illustrierte\u00bb und \u00abL\u2019illustr\u00e9\u00bb suchen zum zweiten Mal das Schweizer Digi-Tal: Eine l\u00e4ndliche Gegend, die im Bereich Digitalisierung eine Vorreiterrolle einnimmt. Die Bewerbungsfrist l\u00e4uft bis zum 23. Oktober 2022. Eine Jury aus Digitalisierungs-Expertinnen und -Experten nominiert sechs Finalisten f\u00fcr das Publikumsvoting. Gek\u00fcrt wird das \u00abDigi-Tal der Schweiz\u00bb Anfang des kommenden Jahres.","og_url":"https:\/\/www.ringier.com\/de\/schweizer-digi-tal-2023-welche-region-glaenzt-mit-digitaler-innovation\/","og_site_name":"Ringier","article_publisher":"https:\/\/www.facebook.com\/ringierag\/","article_published_time":"2022-09-02T14:08:00+00:00","article_modified_time":"2024-11-13T13:58:38+00:00","og_image":[{"width":2048,"height":1070,"url":"https:\/\/www.ringier.com\/wp-content\/uploads\/2024\/01\/Digi-Tal-Schweiz-2023-2048x1070-1.jpg","type":"image\/jpeg"}],"author":"Ringier Corporate Communications","twitter_card":"summary_large_image","twitter_creator":"@ringier_ag","twitter_site":"@ringier_ag","twitter_misc":{"Verfasst von":"Ringier Corporate Communications","Gesch\u00e4tzte Lesezeit":"2 Minuten"},"schema":{"@context":"https:\/\/schema.org","@graph":[{"@type":"Article","@id":"https:\/\/www.ringier.com\/de\/schweizer-digi-tal-2023-welche-region-glaenzt-mit-digitaler-innovation\/#article","isPartOf":{"@id":"https:\/\/www.ringier.com\/de\/schweizer-digi-tal-2023-welche-region-glaenzt-mit-digitaler-innovation\/"},"author":{"name":"Ringier Corporate Communications","@id":"https:\/\/www.ringier.com\/de\/#\/schema\/person\/4cf76a308dc4b2bb5121bd1e7b752e52"},"headline":"Schweizer Digi-Tal 2023: Welche Region gl\u00e4nzt mit digitaler Innovation?","datePublished":"2022-09-02T14:08:00+00:00","dateModified":"2024-11-13T13:58:38+00:00","mainEntityOfPage":{"@id":"https:\/\/www.ringier.com\/de\/schweizer-digi-tal-2023-welche-region-glaenzt-mit-digitaler-innovation\/"},"wordCount":312,"publisher":{"@id":"https:\/\/www.ringier.com\/de\/#organization"},"image":{"@id":"https:\/\/www.ringier.com\/de\/schweizer-digi-tal-2023-welche-region-glaenzt-mit-digitaler-innovation\/#primaryimage"},"thumbnailUrl":"https:\/\/www.ringier.com\/wp-content\/uploads\/2024\/01\/Digi-Tal-Schweiz-2023-2048x1070-1.jpg","articleSection":["Media","Ringier Medien Schweiz"],"inLanguage":"de-DE"},{"@type":"WebPage","@id":"https:\/\/www.ringier.com\/de\/schweizer-digi-tal-2023-welche-region-glaenzt-mit-digitaler-innovation\/","url":"https:\/\/www.ringier.com\/de\/schweizer-digi-tal-2023-welche-region-glaenzt-mit-digitaler-innovation\/","name":"Schweizer Digi-Tal 2023: Welche Region gl\u00e4nzt mit digitaler Innovation? - Ringier","isPartOf":{"@id":"https:\/\/www.ringier.com\/de\/#website"},"primaryImageOfPage":{"@id":"https:\/\/www.ringier.com\/de\/schweizer-digi-tal-2023-welche-region-glaenzt-mit-digitaler-innovation\/#primaryimage"},"image":{"@id":"https:\/\/www.ringier.com\/de\/schweizer-digi-tal-2023-welche-region-glaenzt-mit-digitaler-innovation\/#primaryimage"},"thumbnailUrl":"https:\/\/www.ringier.com\/wp-content\/uploads\/2024\/01\/Digi-Tal-Schweiz-2023-2048x1070-1.jpg","datePublished":"2022-09-02T14:08:00+00:00","dateModified":"2024-11-13T13:58:38+00:00","breadcrumb":{"@id":"https:\/\/www.ringier.com\/de\/schweizer-digi-tal-2023-welche-region-glaenzt-mit-digitaler-innovation\/#breadcrumb"},"inLanguage":"de-DE","potentialAction":[{"@type":"ReadAction","target":["https:\/\/www.ringier.com\/de\/schweizer-digi-tal-2023-welche-region-glaenzt-mit-digitaler-innovation\/"]}]},{"@type":"ImageObject","inLanguage":"de-DE","@id":"https:\/\/www.ringier.com\/de\/schweizer-digi-tal-2023-welche-region-glaenzt-mit-digitaler-innovation\/#primaryimage","url":"https:\/\/www.ringier.com\/wp-content\/uploads\/2024\/01\/Digi-Tal-Schweiz-2023-2048x1070-1.jpg","contentUrl":"https:\/\/www.ringier.com\/wp-content\/uploads\/2024\/01\/Digi-Tal-Schweiz-2023-2048x1070-1.jpg","width":2048,"height":1070},{"@type":"BreadcrumbList","@id":"https:\/\/www.ringier.com\/de\/schweizer-digi-tal-2023-welche-region-glaenzt-mit-digitaler-innovation\/#breadcrumb","itemListElement":[{"@type":"ListItem","position":1,"name":"Home","item":"https:\/\/www.ringier.com\/de\/"},{"@type":"ListItem","position":2,"name":"Schweizer Digi-Tal 2023: Welche Region gl\u00e4nzt mit digitaler Innovation?"}]},{"@type":"WebSite","@id":"https:\/\/www.ringier.com\/de\/#website","url":"https:\/\/www.ringier.com\/de\/","name":"Ringier","description":"We inform. We entertain. We connect","publisher":{"@id":"https:\/\/www.ringier.com\/de\/#organization"},"potentialAction":[{"@type":"SearchAction","target":{"@type":"EntryPoint","urlTemplate":"https:\/\/www.ringier.com\/de\/?s={search_term_string}"},"query-input":{"@type":"PropertyValueSpecification","valueRequired":true,"valueName":"search_term_string"}}],"inLanguage":"de-DE"},{"@type":"Organization","@id":"https:\/\/www.ringier.com\/de\/#organization","name":"Ringier","url":"https:\/\/www.ringier.com\/de\/","logo":{"@type":"ImageObject","inLanguage":"de-DE","@id":"https:\/\/www.ringier.com\/de\/#\/schema\/logo\/image\/","url":"https:\/\/www.ringier.com\/wp-content\/uploads\/2021\/10\/ringier_logo_2.jpg","contentUrl":"https:\/\/www.ringier.com\/wp-content\/uploads\/2021\/10\/ringier_logo_2.jpg","width":750,"height":550,"caption":"Ringier"},"image":{"@id":"https:\/\/www.ringier.com\/de\/#\/schema\/logo\/image\/"},"sameAs":["https:\/\/www.facebook.com\/ringierag\/","https:\/\/x.com\/ringier_ag","https:\/\/www.instagram.com\/ringier_ag\/","https:\/\/www.linkedin.com\/company\/ringier\/","https:\/\/www.youtube.com\/user\/RingierComm","https:\/\/en.wikipedia.org\/wiki\/Ringier","https:\/\/de.wikipedia.org\/wiki\/Ringier","https:\/\/fr.wikipedia.org\/wiki\/Ringier","https:\/\/www.crunchbase.com\/organization\/ringier-ag"]},{"@type":"Person","@id":"https:\/\/www.ringier.com\/de\/#\/schema\/person\/4cf76a308dc4b2bb5121bd1e7b752e52","name":"Ringier Corporate Communications","image":{"@type":"ImageObject","inLanguage":"de-DE","@id":"https:\/\/www.ringier.com\/de\/#\/schema\/person\/image\/","url":"https:\/\/secure.gravatar.com\/avatar\/9391e20481368d5df4fe3e1e476c13b27786347489822ec1ed07e532bb41f587?s=96&d=mm&r=g","contentUrl":"https:\/\/secure.gravatar.com\/avatar\/9391e20481368d5df4fe3e1e476c13b27786347489822ec1ed07e532bb41f587?s=96&d=mm&r=g","caption":"Ringier Corporate Communications"},"sameAs":["https:\/\/www.ringier.com"]}]}},"_links":{"self":[{"href":"https:\/\/www.ringier.com\/de\/wp-json\/wp\/v2\/posts\/17633","targetHints":{"allow":["GET"]}}],"collection":[{"href":"https:\/\/www.ringier.com\/de\/wp-json\/wp\/v2\/posts"}],"about":[{"href":"https:\/\/www.ringier.com\/de\/wp-json\/wp\/v2\/types\/post"}],"author":[{"embeddable":true,"href":"https:\/\/www.ringier.com\/de\/wp-json\/wp\/v2\/users\/23"}],"replies":[{"embeddable":true,"href":"https:\/\/www.ringier.com\/de\/wp-json\/wp\/v2\/comments?post=17633"}],"version-history":[{"count":0,"href":"https:\/\/www.ringier.com\/de\/wp-json\/wp\/v2\/posts\/17633\/revisions"}],"wp:featuredmedia":[{"embeddable":true,"href":"https:\/\/www.ringier.com\/de\/wp-json\/wp\/v2\/media\/17634"}],"wp:attachment":[{"href":"https:\/\/www.ringier.com\/de\/wp-json\/wp\/v2\/media?parent=17633"}],"wp:term":[{"taxonomy":"category","embeddable":true,"href":"https:\/\/www.ringier.com\/de\/wp-json\/wp\/v2\/categories?post=17633"},{"taxonomy":"post_tag","embeddable":true,"href":"https:\/\/www.ringier.com\/de\/wp-json\/wp\/v2\/tags?post=17633"}],"curies":[{"name":"wp","href":"https:\/\/api.w.org\/{rel}","templated":true}]}}