{"id":1758,"date":"2016-02-29T15:32:00","date_gmt":"2016-02-29T14:32:00","guid":{"rendered":"https:\/\/www.ringier.com\/ringier-la-ssr-et-swisscom-saluent-la-decision-du-detec\/"},"modified":"2024-11-22T14:27:37","modified_gmt":"2024-11-22T13:27:37","slug":"ringier-srg-und-swisscom-begruessen-den-entscheid-des-uvek","status":"publish","type":"post","link":"https:\/\/www.ringier.com\/de\/ringier-srg-und-swisscom-begruessen-den-entscheid-des-uvek\/","title":{"rendered":"Ringier, SRG und Swisscom begr\u00fcssen den Entscheid des UVEK"},"content":{"rendered":"\n<p>Die drei Partner begr\u00fcssen den Entscheid des UVEK. Damit sind die Weichen f\u00fcr eine Medienpolitik gestellt, die den fundamentalen Umw\u00e4lzungen in der Medienwelt Rechnung tr\u00e4gt.<\/p>\n\n\n\n<div class=\"wp-block-image\"><figure class=\"alignleft is-resized\"><img loading=\"lazy\" decoding=\"async\" src=\"https:\/\/www.ringier.ch\/sites\/default\/files\/styles\/quote\/public\/images\/marc_walder.png?itok=ZpNddeng\" alt=\"\" width=\"162\" height=\"162\"\/><\/figure><\/div>\n\n\n\n<p>\u00abWir freuen uns sehr. Die Beh\u00f6rden haben zukunftsorientiert entschieden. Die Nutzung von Medien \u00e4ndert sich radikal. Dies gilt f\u00fcr Leser, f\u00fcr H\u00f6rer, f\u00fcr Fernsehzuschauer und User. Damit \u00e4ndert sich auch die Art und Weise, wie Werbung ausgespielt wird. Dieser dramatischen Ver\u00e4nderung tragen die Beh\u00f6rden Rechnung. Dies ist ein wegweisender Entscheid f\u00fcr den Medien- und Werbestandort Schweiz.\u00bb<\/p>\n\n\n\n<p>Marc Walder, designierter Verwaltungsratspr\u00e4sident des Joint Ventures<\/p>\n\n\n\n<p><\/p>\n\n\n\n<p>In einer zweiten Verf\u00fcgung stellt das BAKOM fest, dass die heutige Konzession den konzessionierten Sendern einschliesslich der SRG noch nicht erlaubt, in ihren Programmen zielgruppenspezifische TV-Werbespots auszustrahlen. Die drei Partner sehen ein, dass die diesbez\u00fcglichen rechtlichen Bedingungen gepr\u00fcft und angepasst werden m\u00fcssen.<br><br>Die ausl\u00e4ndischen Werbefenster und die wenigen nicht konzessionierten Schweizer TV-Veranstalter haben bereits heute die M\u00f6glichkeit, zielgruppenspezifische Werbung auszustrahlen. Mit Anpassung der Regulierung sollte der Wettbewerbsnachteil der Schweizer Veranstalter gegen\u00fcber den ausl\u00e4ndischen Werbefenstern abgewendet werden. Die drei Partner sind zuversichtlich, im Wettbewerb mit ausl\u00e4ndischen Sendern die Schweizer Marktteilnehmer gleich lange Spiesse zu erhalten.<br><br>Das Joint Ventures ist offen, alle journalistischen Angebote von TV, Radio, Online und Print, die sich an ein Schweizer Publikum richten, zu vermarkten. Das neue Unternehmen hat zum Ziel, den Werbe- und Medienmarkt Schweiz insgesamt zu st\u00e4rken.<br><br>Der Start der neuen Vermarktungsfirma ist nach wie vor im 2. Quartal 2016 geplant.<\/p>\n","protected":false},"excerpt":{"rendered":"<p>Das UVEK hat heute entschieden, dass die SRG an der gemeinsamen Werbeplattform mit Ringier und Swisscom teilnehmen kann. Das UVEK sieht derzeit \u00abkeine erhebliche Beschr\u00e4nkung des Entfaltungsspielraums anderer Medienunternehmen\u00bb. Nun sind alle Bedingungen erf\u00fcllt, damit die neue Vermarktungsfirma ihren Betrieb aufnehmen kann.<\/p>\n","protected":false},"author":23,"featured_media":1760,"comment_status":"closed","ping_status":"open","sticky":false,"template":"","format":"standard","meta":{"inline_featured_image":false,"footnotes":""},"categories":[44,371],"tags":[],"class_list":["post-1758","post","type-post","status-publish","format-standard","has-post-thumbnail","hentry","category-corporate-de","category-media-de"],"yoast_head":"<!-- This site is optimized with the Yoast SEO Premium plugin v27.0 (Yoast SEO v27.0) - https:\/\/yoast.com\/product\/yoast-seo-premium-wordpress\/ -->\n<title>Ringier, SRG und Swisscom begr\u00fcssen den Entscheid des UVEK - Ringier<\/title>\n<meta name=\"robots\" content=\"index, follow, max-snippet:-1, max-image-preview:large, max-video-preview:-1\" \/>\n<link rel=\"canonical\" href=\"https:\/\/www.ringier.com\/de\/ringier-srg-und-swisscom-begruessen-den-entscheid-des-uvek\/\" \/>\n<meta property=\"og:locale\" content=\"de_DE\" \/>\n<meta property=\"og:type\" content=\"article\" \/>\n<meta property=\"og:title\" content=\"Ringier, SRG und Swisscom begr\u00fcssen den Entscheid des UVEK\" \/>\n<meta property=\"og:description\" content=\"Das UVEK hat heute entschieden, dass die SRG an der gemeinsamen Werbeplattform mit Ringier und Swisscom teilnehmen kann. Das UVEK sieht derzeit \u00abkeine erhebliche Beschr\u00e4nkung des Entfaltungsspielraums anderer Medienunternehmen\u00bb. Nun sind alle Bedingungen erf\u00fcllt, damit die neue Vermarktungsfirma ihren Betrieb aufnehmen kann.\" \/>\n<meta property=\"og:url\" content=\"https:\/\/www.ringier.com\/de\/ringier-srg-und-swisscom-begruessen-den-entscheid-des-uvek\/\" \/>\n<meta property=\"og:site_name\" content=\"Ringier\" \/>\n<meta property=\"article:publisher\" content=\"https:\/\/www.facebook.com\/ringierag\/\" \/>\n<meta property=\"article:published_time\" content=\"2016-02-29T14:32:00+00:00\" \/>\n<meta property=\"article:modified_time\" content=\"2024-11-22T13:27:37+00:00\" \/>\n<meta property=\"og:image\" content=\"https:\/\/www.ringier.com\/wp-content\/uploads\/2016\/02\/dreilogogs.jpg\" \/>\n\t<meta property=\"og:image:width\" content=\"572\" \/>\n\t<meta property=\"og:image:height\" content=\"65\" \/>\n\t<meta property=\"og:image:type\" content=\"image\/jpeg\" \/>\n<meta name=\"author\" content=\"Ringier Corporate Communications\" \/>\n<meta name=\"twitter:card\" content=\"summary_large_image\" \/>\n<meta name=\"twitter:creator\" content=\"@ringier_ag\" \/>\n<meta name=\"twitter:site\" content=\"@ringier_ag\" \/>\n<meta name=\"twitter:label1\" content=\"Verfasst von\" \/>\n\t<meta name=\"twitter:data1\" content=\"Ringier Corporate Communications\" \/>\n\t<meta name=\"twitter:label2\" content=\"Gesch\u00e4tzte Lesezeit\" \/>\n\t<meta name=\"twitter:data2\" content=\"2 Minuten\" \/>\n<script type=\"application\/ld+json\" class=\"yoast-schema-graph\">{\"@context\":\"https:\/\/schema.org\",\"@graph\":[{\"@type\":\"Article\",\"@id\":\"https:\/\/www.ringier.com\/de\/ringier-srg-und-swisscom-begruessen-den-entscheid-des-uvek\/#article\",\"isPartOf\":{\"@id\":\"https:\/\/www.ringier.com\/de\/ringier-srg-und-swisscom-begruessen-den-entscheid-des-uvek\/\"},\"author\":{\"name\":\"Ringier Corporate Communications\",\"@id\":\"https:\/\/www.ringier.com\/de\/#\/schema\/person\/4cf76a308dc4b2bb5121bd1e7b752e52\"},\"headline\":\"Ringier, SRG und Swisscom begr\u00fcssen den Entscheid des UVEK\",\"datePublished\":\"2016-02-29T14:32:00+00:00\",\"dateModified\":\"2024-11-22T13:27:37+00:00\",\"mainEntityOfPage\":{\"@id\":\"https:\/\/www.ringier.com\/de\/ringier-srg-und-swisscom-begruessen-den-entscheid-des-uvek\/\"},\"wordCount\":264,\"publisher\":{\"@id\":\"https:\/\/www.ringier.com\/de\/#organization\"},\"image\":{\"@id\":\"https:\/\/www.ringier.com\/de\/ringier-srg-und-swisscom-begruessen-den-entscheid-des-uvek\/#primaryimage\"},\"thumbnailUrl\":\"https:\/\/www.ringier.com\/wp-content\/uploads\/2016\/02\/dreilogogs.jpg\",\"articleSection\":[\"Corporate\",\"Media\"],\"inLanguage\":\"de-DE\"},{\"@type\":\"WebPage\",\"@id\":\"https:\/\/www.ringier.com\/de\/ringier-srg-und-swisscom-begruessen-den-entscheid-des-uvek\/\",\"url\":\"https:\/\/www.ringier.com\/de\/ringier-srg-und-swisscom-begruessen-den-entscheid-des-uvek\/\",\"name\":\"Ringier, SRG und Swisscom begr\u00fcssen den Entscheid des UVEK - Ringier\",\"isPartOf\":{\"@id\":\"https:\/\/www.ringier.com\/de\/#website\"},\"primaryImageOfPage\":{\"@id\":\"https:\/\/www.ringier.com\/de\/ringier-srg-und-swisscom-begruessen-den-entscheid-des-uvek\/#primaryimage\"},\"image\":{\"@id\":\"https:\/\/www.ringier.com\/de\/ringier-srg-und-swisscom-begruessen-den-entscheid-des-uvek\/#primaryimage\"},\"thumbnailUrl\":\"https:\/\/www.ringier.com\/wp-content\/uploads\/2016\/02\/dreilogogs.jpg\",\"datePublished\":\"2016-02-29T14:32:00+00:00\",\"dateModified\":\"2024-11-22T13:27:37+00:00\",\"breadcrumb\":{\"@id\":\"https:\/\/www.ringier.com\/de\/ringier-srg-und-swisscom-begruessen-den-entscheid-des-uvek\/#breadcrumb\"},\"inLanguage\":\"de-DE\",\"potentialAction\":[{\"@type\":\"ReadAction\",\"target\":[\"https:\/\/www.ringier.com\/de\/ringier-srg-und-swisscom-begruessen-den-entscheid-des-uvek\/\"]}]},{\"@type\":\"ImageObject\",\"inLanguage\":\"de-DE\",\"@id\":\"https:\/\/www.ringier.com\/de\/ringier-srg-und-swisscom-begruessen-den-entscheid-des-uvek\/#primaryimage\",\"url\":\"https:\/\/www.ringier.com\/wp-content\/uploads\/2016\/02\/dreilogogs.jpg\",\"contentUrl\":\"https:\/\/www.ringier.com\/wp-content\/uploads\/2016\/02\/dreilogogs.jpg\",\"width\":572,\"height\":65},{\"@type\":\"BreadcrumbList\",\"@id\":\"https:\/\/www.ringier.com\/de\/ringier-srg-und-swisscom-begruessen-den-entscheid-des-uvek\/#breadcrumb\",\"itemListElement\":[{\"@type\":\"ListItem\",\"position\":1,\"name\":\"Home\",\"item\":\"https:\/\/www.ringier.com\/de\/\"},{\"@type\":\"ListItem\",\"position\":2,\"name\":\"Ringier, SRG und Swisscom begr\u00fcssen den Entscheid des UVEK\"}]},{\"@type\":\"WebSite\",\"@id\":\"https:\/\/www.ringier.com\/de\/#website\",\"url\":\"https:\/\/www.ringier.com\/de\/\",\"name\":\"Ringier\",\"description\":\"We inform. We entertain. We connect\",\"publisher\":{\"@id\":\"https:\/\/www.ringier.com\/de\/#organization\"},\"potentialAction\":[{\"@type\":\"SearchAction\",\"target\":{\"@type\":\"EntryPoint\",\"urlTemplate\":\"https:\/\/www.ringier.com\/de\/?s={search_term_string}\"},\"query-input\":{\"@type\":\"PropertyValueSpecification\",\"valueRequired\":true,\"valueName\":\"search_term_string\"}}],\"inLanguage\":\"de-DE\"},{\"@type\":\"Organization\",\"@id\":\"https:\/\/www.ringier.com\/de\/#organization\",\"name\":\"Ringier\",\"url\":\"https:\/\/www.ringier.com\/de\/\",\"logo\":{\"@type\":\"ImageObject\",\"inLanguage\":\"de-DE\",\"@id\":\"https:\/\/www.ringier.com\/de\/#\/schema\/logo\/image\/\",\"url\":\"https:\/\/www.ringier.com\/wp-content\/uploads\/2021\/10\/ringier_logo_2.jpg\",\"contentUrl\":\"https:\/\/www.ringier.com\/wp-content\/uploads\/2021\/10\/ringier_logo_2.jpg\",\"width\":750,\"height\":550,\"caption\":\"Ringier\"},\"image\":{\"@id\":\"https:\/\/www.ringier.com\/de\/#\/schema\/logo\/image\/\"},\"sameAs\":[\"https:\/\/www.facebook.com\/ringierag\/\",\"https:\/\/x.com\/ringier_ag\",\"https:\/\/www.instagram.com\/ringier_ag\/\",\"https:\/\/www.linkedin.com\/company\/ringier\/\",\"https:\/\/www.youtube.com\/user\/RingierComm\",\"https:\/\/en.wikipedia.org\/wiki\/Ringier\",\"https:\/\/de.wikipedia.org\/wiki\/Ringier\",\"https:\/\/fr.wikipedia.org\/wiki\/Ringier\",\"https:\/\/www.crunchbase.com\/organization\/ringier-ag\"]},{\"@type\":\"Person\",\"@id\":\"https:\/\/www.ringier.com\/de\/#\/schema\/person\/4cf76a308dc4b2bb5121bd1e7b752e52\",\"name\":\"Ringier Corporate Communications\",\"image\":{\"@type\":\"ImageObject\",\"inLanguage\":\"de-DE\",\"@id\":\"https:\/\/www.ringier.com\/de\/#\/schema\/person\/image\/\",\"url\":\"https:\/\/secure.gravatar.com\/avatar\/9391e20481368d5df4fe3e1e476c13b27786347489822ec1ed07e532bb41f587?s=96&d=mm&r=g\",\"contentUrl\":\"https:\/\/secure.gravatar.com\/avatar\/9391e20481368d5df4fe3e1e476c13b27786347489822ec1ed07e532bb41f587?s=96&d=mm&r=g\",\"caption\":\"Ringier Corporate Communications\"},\"sameAs\":[\"https:\/\/www.ringier.com\"]}]}<\/script>\n<!-- \/ Yoast SEO Premium plugin. -->","yoast_head_json":{"title":"Ringier, SRG und Swisscom begr\u00fcssen den Entscheid des UVEK - Ringier","robots":{"index":"index","follow":"follow","max-snippet":"max-snippet:-1","max-image-preview":"max-image-preview:large","max-video-preview":"max-video-preview:-1"},"canonical":"https:\/\/www.ringier.com\/de\/ringier-srg-und-swisscom-begruessen-den-entscheid-des-uvek\/","og_locale":"de_DE","og_type":"article","og_title":"Ringier, SRG und Swisscom begr\u00fcssen den Entscheid des UVEK","og_description":"Das UVEK hat heute entschieden, dass die SRG an der gemeinsamen Werbeplattform mit Ringier und Swisscom teilnehmen kann. Das UVEK sieht derzeit \u00abkeine erhebliche Beschr\u00e4nkung des Entfaltungsspielraums anderer Medienunternehmen\u00bb. Nun sind alle Bedingungen erf\u00fcllt, damit die neue Vermarktungsfirma ihren Betrieb aufnehmen kann.","og_url":"https:\/\/www.ringier.com\/de\/ringier-srg-und-swisscom-begruessen-den-entscheid-des-uvek\/","og_site_name":"Ringier","article_publisher":"https:\/\/www.facebook.com\/ringierag\/","article_published_time":"2016-02-29T14:32:00+00:00","article_modified_time":"2024-11-22T13:27:37+00:00","og_image":[{"width":572,"height":65,"url":"https:\/\/www.ringier.com\/wp-content\/uploads\/2016\/02\/dreilogogs.jpg","type":"image\/jpeg"}],"author":"Ringier Corporate Communications","twitter_card":"summary_large_image","twitter_creator":"@ringier_ag","twitter_site":"@ringier_ag","twitter_misc":{"Verfasst von":"Ringier Corporate Communications","Gesch\u00e4tzte Lesezeit":"2 Minuten"},"schema":{"@context":"https:\/\/schema.org","@graph":[{"@type":"Article","@id":"https:\/\/www.ringier.com\/de\/ringier-srg-und-swisscom-begruessen-den-entscheid-des-uvek\/#article","isPartOf":{"@id":"https:\/\/www.ringier.com\/de\/ringier-srg-und-swisscom-begruessen-den-entscheid-des-uvek\/"},"author":{"name":"Ringier Corporate Communications","@id":"https:\/\/www.ringier.com\/de\/#\/schema\/person\/4cf76a308dc4b2bb5121bd1e7b752e52"},"headline":"Ringier, SRG und Swisscom begr\u00fcssen den Entscheid des UVEK","datePublished":"2016-02-29T14:32:00+00:00","dateModified":"2024-11-22T13:27:37+00:00","mainEntityOfPage":{"@id":"https:\/\/www.ringier.com\/de\/ringier-srg-und-swisscom-begruessen-den-entscheid-des-uvek\/"},"wordCount":264,"publisher":{"@id":"https:\/\/www.ringier.com\/de\/#organization"},"image":{"@id":"https:\/\/www.ringier.com\/de\/ringier-srg-und-swisscom-begruessen-den-entscheid-des-uvek\/#primaryimage"},"thumbnailUrl":"https:\/\/www.ringier.com\/wp-content\/uploads\/2016\/02\/dreilogogs.jpg","articleSection":["Corporate","Media"],"inLanguage":"de-DE"},{"@type":"WebPage","@id":"https:\/\/www.ringier.com\/de\/ringier-srg-und-swisscom-begruessen-den-entscheid-des-uvek\/","url":"https:\/\/www.ringier.com\/de\/ringier-srg-und-swisscom-begruessen-den-entscheid-des-uvek\/","name":"Ringier, SRG und Swisscom begr\u00fcssen den Entscheid des UVEK - Ringier","isPartOf":{"@id":"https:\/\/www.ringier.com\/de\/#website"},"primaryImageOfPage":{"@id":"https:\/\/www.ringier.com\/de\/ringier-srg-und-swisscom-begruessen-den-entscheid-des-uvek\/#primaryimage"},"image":{"@id":"https:\/\/www.ringier.com\/de\/ringier-srg-und-swisscom-begruessen-den-entscheid-des-uvek\/#primaryimage"},"thumbnailUrl":"https:\/\/www.ringier.com\/wp-content\/uploads\/2016\/02\/dreilogogs.jpg","datePublished":"2016-02-29T14:32:00+00:00","dateModified":"2024-11-22T13:27:37+00:00","breadcrumb":{"@id":"https:\/\/www.ringier.com\/de\/ringier-srg-und-swisscom-begruessen-den-entscheid-des-uvek\/#breadcrumb"},"inLanguage":"de-DE","potentialAction":[{"@type":"ReadAction","target":["https:\/\/www.ringier.com\/de\/ringier-srg-und-swisscom-begruessen-den-entscheid-des-uvek\/"]}]},{"@type":"ImageObject","inLanguage":"de-DE","@id":"https:\/\/www.ringier.com\/de\/ringier-srg-und-swisscom-begruessen-den-entscheid-des-uvek\/#primaryimage","url":"https:\/\/www.ringier.com\/wp-content\/uploads\/2016\/02\/dreilogogs.jpg","contentUrl":"https:\/\/www.ringier.com\/wp-content\/uploads\/2016\/02\/dreilogogs.jpg","width":572,"height":65},{"@type":"BreadcrumbList","@id":"https:\/\/www.ringier.com\/de\/ringier-srg-und-swisscom-begruessen-den-entscheid-des-uvek\/#breadcrumb","itemListElement":[{"@type":"ListItem","position":1,"name":"Home","item":"https:\/\/www.ringier.com\/de\/"},{"@type":"ListItem","position":2,"name":"Ringier, SRG und Swisscom begr\u00fcssen den Entscheid des UVEK"}]},{"@type":"WebSite","@id":"https:\/\/www.ringier.com\/de\/#website","url":"https:\/\/www.ringier.com\/de\/","name":"Ringier","description":"We inform. We entertain. We connect","publisher":{"@id":"https:\/\/www.ringier.com\/de\/#organization"},"potentialAction":[{"@type":"SearchAction","target":{"@type":"EntryPoint","urlTemplate":"https:\/\/www.ringier.com\/de\/?s={search_term_string}"},"query-input":{"@type":"PropertyValueSpecification","valueRequired":true,"valueName":"search_term_string"}}],"inLanguage":"de-DE"},{"@type":"Organization","@id":"https:\/\/www.ringier.com\/de\/#organization","name":"Ringier","url":"https:\/\/www.ringier.com\/de\/","logo":{"@type":"ImageObject","inLanguage":"de-DE","@id":"https:\/\/www.ringier.com\/de\/#\/schema\/logo\/image\/","url":"https:\/\/www.ringier.com\/wp-content\/uploads\/2021\/10\/ringier_logo_2.jpg","contentUrl":"https:\/\/www.ringier.com\/wp-content\/uploads\/2021\/10\/ringier_logo_2.jpg","width":750,"height":550,"caption":"Ringier"},"image":{"@id":"https:\/\/www.ringier.com\/de\/#\/schema\/logo\/image\/"},"sameAs":["https:\/\/www.facebook.com\/ringierag\/","https:\/\/x.com\/ringier_ag","https:\/\/www.instagram.com\/ringier_ag\/","https:\/\/www.linkedin.com\/company\/ringier\/","https:\/\/www.youtube.com\/user\/RingierComm","https:\/\/en.wikipedia.org\/wiki\/Ringier","https:\/\/de.wikipedia.org\/wiki\/Ringier","https:\/\/fr.wikipedia.org\/wiki\/Ringier","https:\/\/www.crunchbase.com\/organization\/ringier-ag"]},{"@type":"Person","@id":"https:\/\/www.ringier.com\/de\/#\/schema\/person\/4cf76a308dc4b2bb5121bd1e7b752e52","name":"Ringier Corporate Communications","image":{"@type":"ImageObject","inLanguage":"de-DE","@id":"https:\/\/www.ringier.com\/de\/#\/schema\/person\/image\/","url":"https:\/\/secure.gravatar.com\/avatar\/9391e20481368d5df4fe3e1e476c13b27786347489822ec1ed07e532bb41f587?s=96&d=mm&r=g","contentUrl":"https:\/\/secure.gravatar.com\/avatar\/9391e20481368d5df4fe3e1e476c13b27786347489822ec1ed07e532bb41f587?s=96&d=mm&r=g","caption":"Ringier Corporate Communications"},"sameAs":["https:\/\/www.ringier.com"]}]}},"_links":{"self":[{"href":"https:\/\/www.ringier.com\/de\/wp-json\/wp\/v2\/posts\/1758","targetHints":{"allow":["GET"]}}],"collection":[{"href":"https:\/\/www.ringier.com\/de\/wp-json\/wp\/v2\/posts"}],"about":[{"href":"https:\/\/www.ringier.com\/de\/wp-json\/wp\/v2\/types\/post"}],"author":[{"embeddable":true,"href":"https:\/\/www.ringier.com\/de\/wp-json\/wp\/v2\/users\/23"}],"replies":[{"embeddable":true,"href":"https:\/\/www.ringier.com\/de\/wp-json\/wp\/v2\/comments?post=1758"}],"version-history":[{"count":0,"href":"https:\/\/www.ringier.com\/de\/wp-json\/wp\/v2\/posts\/1758\/revisions"}],"wp:featuredmedia":[{"embeddable":true,"href":"https:\/\/www.ringier.com\/de\/wp-json\/wp\/v2\/media\/1760"}],"wp:attachment":[{"href":"https:\/\/www.ringier.com\/de\/wp-json\/wp\/v2\/media?parent=1758"}],"wp:term":[{"taxonomy":"category","embeddable":true,"href":"https:\/\/www.ringier.com\/de\/wp-json\/wp\/v2\/categories?post=1758"},{"taxonomy":"post_tag","embeddable":true,"href":"https:\/\/www.ringier.com\/de\/wp-json\/wp\/v2\/tags?post=1758"}],"curies":[{"name":"wp","href":"https:\/\/api.w.org\/{rel}","templated":true}]}}