{"id":17479,"date":"2023-03-03T11:08:00","date_gmt":"2023-03-03T10:08:00","guid":{"rendered":"https:\/\/www.ringier.com\/?p=17479"},"modified":"2024-11-13T14:24:12","modified_gmt":"2024-11-13T13:24:12","slug":"olten-mit-seinem-berufsbildungszentrum-wurde-zum-digi-tal-der-schweiz-2023-erkoren","status":"publish","type":"post","link":"https:\/\/www.ringier.com\/de\/olten-mit-seinem-berufsbildungszentrum-wurde-zum-digi-tal-der-schweiz-2023-erkoren\/","title":{"rendered":"Olten mit seinem Berufsbildungszentrum wurde zum \u00abDigi-Tal der Schweiz\u00bb 2023 erkoren"},"content":{"rendered":"\n<p>Zukunftsweisende Innovationen entstehen auch ausserhalb der grossen st\u00e4dtischen Zentren. Die Zusammenarbeit zwischen dem&nbsp;<a href=\"https:\/\/bbzolten.so.ch\/\" target=\"_blank\" rel=\"noreferrer noopener\">Berufsbildungszentrum Olten<\/a>&nbsp;und dem solothurnischen Start-up&nbsp;<a href=\"https:\/\/qumea.com\/\" target=\"_blank\" rel=\"noreferrer noopener\">Qumea<\/a>&nbsp;ist ein gutes Beispiel daf\u00fcr. Das Berufsbildungszentrum Olten treibt die digitale Transformation in der Ausbildung aktiv voran \u2013 nicht nur in der Theorie, sondern auch in der Praxis. Denn die Digitalisierung l\u00e4sst sich auch in der Medizin nicht mehr aufhalten. Deshalb wurde die Zusammenarbeit mit dem Start-up Qumea gesucht, um die digitale Kompetenz zu erh\u00f6hen. Mittels Qumea lernen die Studierenden zu evaluieren, wann die technischen Helfer am besten zum Einsatz kommen und k\u00f6nnen damit Praxiserfahrung sammeln. Jurymitglied Pascale Vonmont, CEO&nbsp;<a href=\"https:\/\/www.grstiftung.ch\/de.html\" target=\"_blank\" rel=\"noreferrer noopener\">Gebert R\u00fcf Stiftung<\/a>, best\u00e4tigt die Wichtigkeit technologischer Kompetenzen: \u00abDie Arbeitswelt der Zukunft verlangt insbesondere unternehmerische F\u00e4higkeiten und digitale Technologie-Kompetenzen. Das BBZ Olten zeigt mit dem Einbezug von konkreten Praxisbeispielen wie Quema exemplarisch, wie sich das in der heutigen Ausbildung implementieren l\u00e4sst.\u00bb<\/p>\n\n\n\n<p>Qumea hat einen diskreten Sensor entwickelt, welcher kontinuierlich die Aktivit\u00e4t und Mobilit\u00e4t der Patientinnen und Patienten \u00fcberwacht und automatisch um Unterst\u00fctzung bittet, wenn Bedarf besteht. Ein Beispiel ist die \u00dcberwachung nach Operationen: Gerade kurz nach Eingriffen sind Personen geschw\u00e4cht und sonst selbstverst\u00e4ndliche Aufgaben werden zur grossen Herausforderung. Somit steigt das Sturzrisiko in bedeutendem Mass. Der Sensor von Qumea \u00fcberwacht in dieser kritischen Phase die Genesenden zuverl\u00e4ssig und kontinuierlich.&nbsp; So entlastet der Sensor die Pflegenden, da sie bei ben\u00f6tigter Unterst\u00fctzung direkt per App durch die Patienten informiert werden. Das wirkt sich effizienzsteigernd aus.&nbsp;F\u00fcr Roger W\u00fcthrich-Hasenb\u00f6hler, Leiter Group Strategy &amp; Development bei Swisscom, \u00abein eindr\u00fcckliches Beispiel daf\u00fcr wie neue Technologien einen wichtigen gesellschaftlichen Beitrag leisten k\u00f6nnen.\u00bb<\/p>\n\n\n\n<p>Gerade innerhalb der Gesundheitspflege ist es dort, wo die digitalen Helfer zu einer Zeiteinsparung beitragen, ohne dass die Pflege an Qualit\u00e4t einb\u00fcsst, von grosser Wichtigkeit, wie Georg Berger, Direktor des Berufszentrums Olten, festh\u00e4lt: \u00abDie M\u00f6glichkeiten der Digitalisierung k\u00f6nnen den Fachkr\u00e4ftemangel in der Pflege entsch\u00e4rfen\u00bb.<\/p>\n\n\n\n<p>Das\u00a0<a href=\"https:\/\/www.digi-tal-schweiz.ch\/de\" target=\"_blank\" rel=\"noreferrer noopener\">\u00abSchweizer Digi-Tal\u00bb<\/a>\u00a0des Jahres wird im Rahmen der\u00a0<a href=\"https:\/\/digitaltage.swiss\/\" target=\"_blank\" rel=\"noreferrer noopener\">Swiss Digital Days<\/a>\u00a0verliehen, unterst\u00fctzt von den Hauptpartnern\u00a0<a href=\"https:\/\/www.post.ch\/de\" target=\"_blank\" rel=\"noreferrer noopener\">Die Post<\/a>\u00a0und\u00a0<a href=\"https:\/\/www.swisscom.ch\/de\" target=\"_blank\" rel=\"noreferrer noopener\">Swisscom<\/a>\u00a0sowie den Medienpartnern\u00a0<a href=\"https:\/\/www.schweizer-illustrierte.ch\/\" target=\"_blank\" rel=\"noreferrer noopener\">Schweizer Illustrierte<\/a>\u00a0und\u00a0<a href=\"https:\/\/www.illustre.ch\/\" target=\"_blank\" rel=\"noreferrer noopener\">L\u2019Illustr\u00e9<\/a>.<\/p>\n\n\n\n<hr class=\"wp-block-separator has-alpha-channel-opacity\"\/>\n\n\n\n<div class=\"wp-block-columns is-layout-flex wp-container-core-columns-is-layout-9d6595d7 wp-block-columns-is-layout-flex\">\n<div class=\"wp-block-column is-vertically-aligned-bottom is-layout-flow wp-block-column-is-layout-flow\">\n<p class=\"has-small-font-size\">Corporate&nbsp;Communications<br>+41 44 259 64 44<br><a href=\"mailto:media@ringier.ch\" target=\"_blank\" rel=\"noreferrer noopener\">media@ringier.ch<\/a> <br><a href=\"https:\/\/www.ringier.com\/de\/\">www.ringier.co<\/a><a href=\"https:\/\/www.ringier.com\/de\/\" target=\"_blank\" rel=\"noreferrer noopener\">m<\/a><\/p>\n<\/div>\n\n\n\n<div class=\"wp-block-column is-vertically-aligned-bottom is-layout-flow wp-block-column-is-layout-flow\">\n<p class=\"has-text-align-left has-small-font-size\">Ringier AG<br>Dufourstrasse 23<br>8008 Z\u00fcrich<br>Schweiz<\/p>\n<\/div>\n<\/div>\n\n\n\n<p><\/p>\n","protected":false},"excerpt":{"rendered":"<p>Wenn die Sicherheit der Patientinnen und Patienten erh\u00f6ht und gleichzeitig das Pflegepersonal entlastet werden kann, dann handelt es sich um eine klassische \u00abWin-Win-Situation\u00bb. Genau das erreicht die wegweisende Kooperation zwischen dem Berufsbildungszentrum Olten und dem Solothurner Start-up Qumea. Sie wurde von den Leserinnen und Leser der Zeitschriften Schweizer Illustrierte und L\u2019Illustr\u00e9 zum \u00abDigi-Tal 2023\u00bb erkoren.<\/p>\n","protected":false},"author":23,"featured_media":17480,"comment_status":"closed","ping_status":"open","sticky":false,"template":"","format":"standard","meta":{"inline_featured_image":false,"footnotes":""},"categories":[371,361],"tags":[],"class_list":["post-17479","post","type-post","status-publish","format-standard","has-post-thumbnail","hentry","category-media-de","category-ringier-medien-schweiz"],"yoast_head":"<!-- This site is optimized with the Yoast SEO Premium plugin v27.0 (Yoast SEO v27.0) - https:\/\/yoast.com\/product\/yoast-seo-premium-wordpress\/ -->\n<title>Olten mit seinem Berufsbildungszentrum wurde zum \u00abDigi-Tal der Schweiz\u00bb 2023 erkoren - Ringier<\/title>\n<meta name=\"robots\" content=\"index, follow, max-snippet:-1, max-image-preview:large, max-video-preview:-1\" \/>\n<link rel=\"canonical\" href=\"https:\/\/www.ringier.com\/de\/olten-mit-seinem-berufsbildungszentrum-wurde-zum-digi-tal-der-schweiz-2023-erkoren\/\" \/>\n<meta property=\"og:locale\" content=\"de_DE\" \/>\n<meta property=\"og:type\" content=\"article\" \/>\n<meta property=\"og:title\" content=\"Olten mit seinem Berufsbildungszentrum wurde zum \u00abDigi-Tal der Schweiz\u00bb 2023 erkoren\" \/>\n<meta property=\"og:description\" content=\"Wenn die Sicherheit der Patientinnen und Patienten erh\u00f6ht und gleichzeitig das Pflegepersonal entlastet werden kann, dann handelt es sich um eine klassische \u00abWin-Win-Situation\u00bb. Genau das erreicht die wegweisende Kooperation zwischen dem Berufsbildungszentrum Olten und dem Solothurner Start-up Qumea. Sie wurde von den Leserinnen und Leser der Zeitschriften Schweizer Illustrierte und L\u2019Illustr\u00e9 zum \u00abDigi-Tal 2023\u00bb erkoren.\" \/>\n<meta property=\"og:url\" content=\"https:\/\/www.ringier.com\/de\/olten-mit-seinem-berufsbildungszentrum-wurde-zum-digi-tal-der-schweiz-2023-erkoren\/\" \/>\n<meta property=\"og:site_name\" content=\"Ringier\" \/>\n<meta property=\"article:publisher\" content=\"https:\/\/www.facebook.com\/ringierag\/\" \/>\n<meta property=\"article:published_time\" content=\"2023-03-03T10:08:00+00:00\" \/>\n<meta property=\"article:modified_time\" content=\"2024-11-13T13:24:12+00:00\" \/>\n<meta property=\"og:image\" content=\"https:\/\/www.ringier.com\/wp-content\/uploads\/2024\/01\/Digi-Tal-Webseite.png\" \/>\n\t<meta property=\"og:image:width\" content=\"1200\" \/>\n\t<meta property=\"og:image:height\" content=\"628\" \/>\n\t<meta property=\"og:image:type\" content=\"image\/png\" \/>\n<meta name=\"author\" content=\"Ringier Corporate Communications\" \/>\n<meta name=\"twitter:card\" content=\"summary_large_image\" \/>\n<meta name=\"twitter:creator\" content=\"@ringier_ag\" \/>\n<meta name=\"twitter:site\" content=\"@ringier_ag\" \/>\n<meta name=\"twitter:label1\" content=\"Verfasst von\" \/>\n\t<meta name=\"twitter:data1\" content=\"Ringier Corporate Communications\" \/>\n\t<meta name=\"twitter:label2\" content=\"Gesch\u00e4tzte Lesezeit\" \/>\n\t<meta name=\"twitter:data2\" content=\"3 Minuten\" \/>\n<script type=\"application\/ld+json\" class=\"yoast-schema-graph\">{\"@context\":\"https:\/\/schema.org\",\"@graph\":[{\"@type\":\"Article\",\"@id\":\"https:\/\/www.ringier.com\/de\/olten-mit-seinem-berufsbildungszentrum-wurde-zum-digi-tal-der-schweiz-2023-erkoren\/#article\",\"isPartOf\":{\"@id\":\"https:\/\/www.ringier.com\/de\/olten-mit-seinem-berufsbildungszentrum-wurde-zum-digi-tal-der-schweiz-2023-erkoren\/\"},\"author\":{\"name\":\"Ringier Corporate Communications\",\"@id\":\"https:\/\/www.ringier.com\/de\/#\/schema\/person\/4cf76a308dc4b2bb5121bd1e7b752e52\"},\"headline\":\"Olten mit seinem Berufsbildungszentrum wurde zum \u00abDigi-Tal der Schweiz\u00bb 2023 erkoren\",\"datePublished\":\"2023-03-03T10:08:00+00:00\",\"dateModified\":\"2024-11-13T13:24:12+00:00\",\"mainEntityOfPage\":{\"@id\":\"https:\/\/www.ringier.com\/de\/olten-mit-seinem-berufsbildungszentrum-wurde-zum-digi-tal-der-schweiz-2023-erkoren\/\"},\"wordCount\":390,\"publisher\":{\"@id\":\"https:\/\/www.ringier.com\/de\/#organization\"},\"image\":{\"@id\":\"https:\/\/www.ringier.com\/de\/olten-mit-seinem-berufsbildungszentrum-wurde-zum-digi-tal-der-schweiz-2023-erkoren\/#primaryimage\"},\"thumbnailUrl\":\"https:\/\/www.ringier.com\/wp-content\/uploads\/2024\/01\/Digi-Tal-Webseite.png\",\"articleSection\":[\"Media\",\"Ringier Medien Schweiz\"],\"inLanguage\":\"de-DE\"},{\"@type\":\"WebPage\",\"@id\":\"https:\/\/www.ringier.com\/de\/olten-mit-seinem-berufsbildungszentrum-wurde-zum-digi-tal-der-schweiz-2023-erkoren\/\",\"url\":\"https:\/\/www.ringier.com\/de\/olten-mit-seinem-berufsbildungszentrum-wurde-zum-digi-tal-der-schweiz-2023-erkoren\/\",\"name\":\"Olten mit seinem Berufsbildungszentrum wurde zum \u00abDigi-Tal der Schweiz\u00bb 2023 erkoren - Ringier\",\"isPartOf\":{\"@id\":\"https:\/\/www.ringier.com\/de\/#website\"},\"primaryImageOfPage\":{\"@id\":\"https:\/\/www.ringier.com\/de\/olten-mit-seinem-berufsbildungszentrum-wurde-zum-digi-tal-der-schweiz-2023-erkoren\/#primaryimage\"},\"image\":{\"@id\":\"https:\/\/www.ringier.com\/de\/olten-mit-seinem-berufsbildungszentrum-wurde-zum-digi-tal-der-schweiz-2023-erkoren\/#primaryimage\"},\"thumbnailUrl\":\"https:\/\/www.ringier.com\/wp-content\/uploads\/2024\/01\/Digi-Tal-Webseite.png\",\"datePublished\":\"2023-03-03T10:08:00+00:00\",\"dateModified\":\"2024-11-13T13:24:12+00:00\",\"breadcrumb\":{\"@id\":\"https:\/\/www.ringier.com\/de\/olten-mit-seinem-berufsbildungszentrum-wurde-zum-digi-tal-der-schweiz-2023-erkoren\/#breadcrumb\"},\"inLanguage\":\"de-DE\",\"potentialAction\":[{\"@type\":\"ReadAction\",\"target\":[\"https:\/\/www.ringier.com\/de\/olten-mit-seinem-berufsbildungszentrum-wurde-zum-digi-tal-der-schweiz-2023-erkoren\/\"]}]},{\"@type\":\"ImageObject\",\"inLanguage\":\"de-DE\",\"@id\":\"https:\/\/www.ringier.com\/de\/olten-mit-seinem-berufsbildungszentrum-wurde-zum-digi-tal-der-schweiz-2023-erkoren\/#primaryimage\",\"url\":\"https:\/\/www.ringier.com\/wp-content\/uploads\/2024\/01\/Digi-Tal-Webseite.png\",\"contentUrl\":\"https:\/\/www.ringier.com\/wp-content\/uploads\/2024\/01\/Digi-Tal-Webseite.png\",\"width\":1200,\"height\":628},{\"@type\":\"BreadcrumbList\",\"@id\":\"https:\/\/www.ringier.com\/de\/olten-mit-seinem-berufsbildungszentrum-wurde-zum-digi-tal-der-schweiz-2023-erkoren\/#breadcrumb\",\"itemListElement\":[{\"@type\":\"ListItem\",\"position\":1,\"name\":\"Home\",\"item\":\"https:\/\/www.ringier.com\/de\/\"},{\"@type\":\"ListItem\",\"position\":2,\"name\":\"Olten mit seinem Berufsbildungszentrum wurde zum \u00abDigi-Tal der Schweiz\u00bb 2023 erkoren\"}]},{\"@type\":\"WebSite\",\"@id\":\"https:\/\/www.ringier.com\/de\/#website\",\"url\":\"https:\/\/www.ringier.com\/de\/\",\"name\":\"Ringier\",\"description\":\"We inform. We entertain. We connect\",\"publisher\":{\"@id\":\"https:\/\/www.ringier.com\/de\/#organization\"},\"potentialAction\":[{\"@type\":\"SearchAction\",\"target\":{\"@type\":\"EntryPoint\",\"urlTemplate\":\"https:\/\/www.ringier.com\/de\/?s={search_term_string}\"},\"query-input\":{\"@type\":\"PropertyValueSpecification\",\"valueRequired\":true,\"valueName\":\"search_term_string\"}}],\"inLanguage\":\"de-DE\"},{\"@type\":\"Organization\",\"@id\":\"https:\/\/www.ringier.com\/de\/#organization\",\"name\":\"Ringier\",\"url\":\"https:\/\/www.ringier.com\/de\/\",\"logo\":{\"@type\":\"ImageObject\",\"inLanguage\":\"de-DE\",\"@id\":\"https:\/\/www.ringier.com\/de\/#\/schema\/logo\/image\/\",\"url\":\"https:\/\/www.ringier.com\/wp-content\/uploads\/2021\/10\/ringier_logo_2.jpg\",\"contentUrl\":\"https:\/\/www.ringier.com\/wp-content\/uploads\/2021\/10\/ringier_logo_2.jpg\",\"width\":750,\"height\":550,\"caption\":\"Ringier\"},\"image\":{\"@id\":\"https:\/\/www.ringier.com\/de\/#\/schema\/logo\/image\/\"},\"sameAs\":[\"https:\/\/www.facebook.com\/ringierag\/\",\"https:\/\/x.com\/ringier_ag\",\"https:\/\/www.instagram.com\/ringier_ag\/\",\"https:\/\/www.linkedin.com\/company\/ringier\/\",\"https:\/\/www.youtube.com\/user\/RingierComm\",\"https:\/\/en.wikipedia.org\/wiki\/Ringier\",\"https:\/\/de.wikipedia.org\/wiki\/Ringier\",\"https:\/\/fr.wikipedia.org\/wiki\/Ringier\",\"https:\/\/www.crunchbase.com\/organization\/ringier-ag\"]},{\"@type\":\"Person\",\"@id\":\"https:\/\/www.ringier.com\/de\/#\/schema\/person\/4cf76a308dc4b2bb5121bd1e7b752e52\",\"name\":\"Ringier Corporate Communications\",\"image\":{\"@type\":\"ImageObject\",\"inLanguage\":\"de-DE\",\"@id\":\"https:\/\/www.ringier.com\/de\/#\/schema\/person\/image\/\",\"url\":\"https:\/\/secure.gravatar.com\/avatar\/9391e20481368d5df4fe3e1e476c13b27786347489822ec1ed07e532bb41f587?s=96&d=mm&r=g\",\"contentUrl\":\"https:\/\/secure.gravatar.com\/avatar\/9391e20481368d5df4fe3e1e476c13b27786347489822ec1ed07e532bb41f587?s=96&d=mm&r=g\",\"caption\":\"Ringier Corporate Communications\"},\"sameAs\":[\"https:\/\/www.ringier.com\"]}]}<\/script>\n<!-- \/ Yoast SEO Premium plugin. -->","yoast_head_json":{"title":"Olten mit seinem Berufsbildungszentrum wurde zum \u00abDigi-Tal der Schweiz\u00bb 2023 erkoren - Ringier","robots":{"index":"index","follow":"follow","max-snippet":"max-snippet:-1","max-image-preview":"max-image-preview:large","max-video-preview":"max-video-preview:-1"},"canonical":"https:\/\/www.ringier.com\/de\/olten-mit-seinem-berufsbildungszentrum-wurde-zum-digi-tal-der-schweiz-2023-erkoren\/","og_locale":"de_DE","og_type":"article","og_title":"Olten mit seinem Berufsbildungszentrum wurde zum \u00abDigi-Tal der Schweiz\u00bb 2023 erkoren","og_description":"Wenn die Sicherheit der Patientinnen und Patienten erh\u00f6ht und gleichzeitig das Pflegepersonal entlastet werden kann, dann handelt es sich um eine klassische \u00abWin-Win-Situation\u00bb. Genau das erreicht die wegweisende Kooperation zwischen dem Berufsbildungszentrum Olten und dem Solothurner Start-up Qumea. Sie wurde von den Leserinnen und Leser der Zeitschriften Schweizer Illustrierte und L\u2019Illustr\u00e9 zum \u00abDigi-Tal 2023\u00bb erkoren.","og_url":"https:\/\/www.ringier.com\/de\/olten-mit-seinem-berufsbildungszentrum-wurde-zum-digi-tal-der-schweiz-2023-erkoren\/","og_site_name":"Ringier","article_publisher":"https:\/\/www.facebook.com\/ringierag\/","article_published_time":"2023-03-03T10:08:00+00:00","article_modified_time":"2024-11-13T13:24:12+00:00","og_image":[{"width":1200,"height":628,"url":"https:\/\/www.ringier.com\/wp-content\/uploads\/2024\/01\/Digi-Tal-Webseite.png","type":"image\/png"}],"author":"Ringier Corporate Communications","twitter_card":"summary_large_image","twitter_creator":"@ringier_ag","twitter_site":"@ringier_ag","twitter_misc":{"Verfasst von":"Ringier Corporate Communications","Gesch\u00e4tzte Lesezeit":"3 Minuten"},"schema":{"@context":"https:\/\/schema.org","@graph":[{"@type":"Article","@id":"https:\/\/www.ringier.com\/de\/olten-mit-seinem-berufsbildungszentrum-wurde-zum-digi-tal-der-schweiz-2023-erkoren\/#article","isPartOf":{"@id":"https:\/\/www.ringier.com\/de\/olten-mit-seinem-berufsbildungszentrum-wurde-zum-digi-tal-der-schweiz-2023-erkoren\/"},"author":{"name":"Ringier Corporate Communications","@id":"https:\/\/www.ringier.com\/de\/#\/schema\/person\/4cf76a308dc4b2bb5121bd1e7b752e52"},"headline":"Olten mit seinem Berufsbildungszentrum wurde zum \u00abDigi-Tal der Schweiz\u00bb 2023 erkoren","datePublished":"2023-03-03T10:08:00+00:00","dateModified":"2024-11-13T13:24:12+00:00","mainEntityOfPage":{"@id":"https:\/\/www.ringier.com\/de\/olten-mit-seinem-berufsbildungszentrum-wurde-zum-digi-tal-der-schweiz-2023-erkoren\/"},"wordCount":390,"publisher":{"@id":"https:\/\/www.ringier.com\/de\/#organization"},"image":{"@id":"https:\/\/www.ringier.com\/de\/olten-mit-seinem-berufsbildungszentrum-wurde-zum-digi-tal-der-schweiz-2023-erkoren\/#primaryimage"},"thumbnailUrl":"https:\/\/www.ringier.com\/wp-content\/uploads\/2024\/01\/Digi-Tal-Webseite.png","articleSection":["Media","Ringier Medien Schweiz"],"inLanguage":"de-DE"},{"@type":"WebPage","@id":"https:\/\/www.ringier.com\/de\/olten-mit-seinem-berufsbildungszentrum-wurde-zum-digi-tal-der-schweiz-2023-erkoren\/","url":"https:\/\/www.ringier.com\/de\/olten-mit-seinem-berufsbildungszentrum-wurde-zum-digi-tal-der-schweiz-2023-erkoren\/","name":"Olten mit seinem Berufsbildungszentrum wurde zum \u00abDigi-Tal der Schweiz\u00bb 2023 erkoren - Ringier","isPartOf":{"@id":"https:\/\/www.ringier.com\/de\/#website"},"primaryImageOfPage":{"@id":"https:\/\/www.ringier.com\/de\/olten-mit-seinem-berufsbildungszentrum-wurde-zum-digi-tal-der-schweiz-2023-erkoren\/#primaryimage"},"image":{"@id":"https:\/\/www.ringier.com\/de\/olten-mit-seinem-berufsbildungszentrum-wurde-zum-digi-tal-der-schweiz-2023-erkoren\/#primaryimage"},"thumbnailUrl":"https:\/\/www.ringier.com\/wp-content\/uploads\/2024\/01\/Digi-Tal-Webseite.png","datePublished":"2023-03-03T10:08:00+00:00","dateModified":"2024-11-13T13:24:12+00:00","breadcrumb":{"@id":"https:\/\/www.ringier.com\/de\/olten-mit-seinem-berufsbildungszentrum-wurde-zum-digi-tal-der-schweiz-2023-erkoren\/#breadcrumb"},"inLanguage":"de-DE","potentialAction":[{"@type":"ReadAction","target":["https:\/\/www.ringier.com\/de\/olten-mit-seinem-berufsbildungszentrum-wurde-zum-digi-tal-der-schweiz-2023-erkoren\/"]}]},{"@type":"ImageObject","inLanguage":"de-DE","@id":"https:\/\/www.ringier.com\/de\/olten-mit-seinem-berufsbildungszentrum-wurde-zum-digi-tal-der-schweiz-2023-erkoren\/#primaryimage","url":"https:\/\/www.ringier.com\/wp-content\/uploads\/2024\/01\/Digi-Tal-Webseite.png","contentUrl":"https:\/\/www.ringier.com\/wp-content\/uploads\/2024\/01\/Digi-Tal-Webseite.png","width":1200,"height":628},{"@type":"BreadcrumbList","@id":"https:\/\/www.ringier.com\/de\/olten-mit-seinem-berufsbildungszentrum-wurde-zum-digi-tal-der-schweiz-2023-erkoren\/#breadcrumb","itemListElement":[{"@type":"ListItem","position":1,"name":"Home","item":"https:\/\/www.ringier.com\/de\/"},{"@type":"ListItem","position":2,"name":"Olten mit seinem Berufsbildungszentrum wurde zum \u00abDigi-Tal der Schweiz\u00bb 2023 erkoren"}]},{"@type":"WebSite","@id":"https:\/\/www.ringier.com\/de\/#website","url":"https:\/\/www.ringier.com\/de\/","name":"Ringier","description":"We inform. We entertain. We connect","publisher":{"@id":"https:\/\/www.ringier.com\/de\/#organization"},"potentialAction":[{"@type":"SearchAction","target":{"@type":"EntryPoint","urlTemplate":"https:\/\/www.ringier.com\/de\/?s={search_term_string}"},"query-input":{"@type":"PropertyValueSpecification","valueRequired":true,"valueName":"search_term_string"}}],"inLanguage":"de-DE"},{"@type":"Organization","@id":"https:\/\/www.ringier.com\/de\/#organization","name":"Ringier","url":"https:\/\/www.ringier.com\/de\/","logo":{"@type":"ImageObject","inLanguage":"de-DE","@id":"https:\/\/www.ringier.com\/de\/#\/schema\/logo\/image\/","url":"https:\/\/www.ringier.com\/wp-content\/uploads\/2021\/10\/ringier_logo_2.jpg","contentUrl":"https:\/\/www.ringier.com\/wp-content\/uploads\/2021\/10\/ringier_logo_2.jpg","width":750,"height":550,"caption":"Ringier"},"image":{"@id":"https:\/\/www.ringier.com\/de\/#\/schema\/logo\/image\/"},"sameAs":["https:\/\/www.facebook.com\/ringierag\/","https:\/\/x.com\/ringier_ag","https:\/\/www.instagram.com\/ringier_ag\/","https:\/\/www.linkedin.com\/company\/ringier\/","https:\/\/www.youtube.com\/user\/RingierComm","https:\/\/en.wikipedia.org\/wiki\/Ringier","https:\/\/de.wikipedia.org\/wiki\/Ringier","https:\/\/fr.wikipedia.org\/wiki\/Ringier","https:\/\/www.crunchbase.com\/organization\/ringier-ag"]},{"@type":"Person","@id":"https:\/\/www.ringier.com\/de\/#\/schema\/person\/4cf76a308dc4b2bb5121bd1e7b752e52","name":"Ringier Corporate Communications","image":{"@type":"ImageObject","inLanguage":"de-DE","@id":"https:\/\/www.ringier.com\/de\/#\/schema\/person\/image\/","url":"https:\/\/secure.gravatar.com\/avatar\/9391e20481368d5df4fe3e1e476c13b27786347489822ec1ed07e532bb41f587?s=96&d=mm&r=g","contentUrl":"https:\/\/secure.gravatar.com\/avatar\/9391e20481368d5df4fe3e1e476c13b27786347489822ec1ed07e532bb41f587?s=96&d=mm&r=g","caption":"Ringier Corporate Communications"},"sameAs":["https:\/\/www.ringier.com"]}]}},"_links":{"self":[{"href":"https:\/\/www.ringier.com\/de\/wp-json\/wp\/v2\/posts\/17479","targetHints":{"allow":["GET"]}}],"collection":[{"href":"https:\/\/www.ringier.com\/de\/wp-json\/wp\/v2\/posts"}],"about":[{"href":"https:\/\/www.ringier.com\/de\/wp-json\/wp\/v2\/types\/post"}],"author":[{"embeddable":true,"href":"https:\/\/www.ringier.com\/de\/wp-json\/wp\/v2\/users\/23"}],"replies":[{"embeddable":true,"href":"https:\/\/www.ringier.com\/de\/wp-json\/wp\/v2\/comments?post=17479"}],"version-history":[{"count":0,"href":"https:\/\/www.ringier.com\/de\/wp-json\/wp\/v2\/posts\/17479\/revisions"}],"wp:featuredmedia":[{"embeddable":true,"href":"https:\/\/www.ringier.com\/de\/wp-json\/wp\/v2\/media\/17480"}],"wp:attachment":[{"href":"https:\/\/www.ringier.com\/de\/wp-json\/wp\/v2\/media?parent=17479"}],"wp:term":[{"taxonomy":"category","embeddable":true,"href":"https:\/\/www.ringier.com\/de\/wp-json\/wp\/v2\/categories?post=17479"},{"taxonomy":"post_tag","embeddable":true,"href":"https:\/\/www.ringier.com\/de\/wp-json\/wp\/v2\/tags?post=17479"}],"curies":[{"name":"wp","href":"https:\/\/api.w.org\/{rel}","templated":true}]}}