{"id":17340,"date":"2023-09-11T16:53:00","date_gmt":"2023-09-11T14:53:00","guid":{"rendered":"https:\/\/www.ringier.com\/?p=17340"},"modified":"2024-11-13T13:54:34","modified_gmt":"2024-11-13T12:54:34","slug":"gaultmillau-pop-des-jahres-2024-das-glou-glou-in-luzern","status":"publish","type":"post","link":"https:\/\/www.ringier.com\/de\/gaultmillau-pop-des-jahres-2024-das-glou-glou-in-luzern\/","title":{"rendered":"GaultMillau \u00abPOP des Jahres 2024\u00bb: Das \u00abGlou Glou\u00bb in Luzern"},"content":{"rendered":"\n<p>Die GaultMillau-Tester fahnden auch nach den besten Beizen, Bistros, Brasserien und Caf\u00e9s. Punkte gibt es in dieser Kategorie nicht, aber die Besten der Szene werden in der Lifestyle-Liste POP aufgef\u00fchrt. \u00abUnkompliziert und lifestylig m\u00fcssen diese Betriebe sein, mit smarten Konzepten und mit Leidenschaft gef\u00fchrt. Und: Die Qualit\u00e4t muss stimmen\u00bb, sagt GaultMillau-Chef Urs Heller. Titelsponsor ist American Express. Guido M\u00fcller, CEO von Swisscard, der einzigen American Express-Anbieterin in der Schweiz: \u00abDie Gastroszene in der Schweiz ist gepr\u00e4gt von jungen und ambitionierten Nachwuchstalenten. Wir sind stolz als Sponsor des \u00abPOP des Jahres 2024\u00bb innovative und kreative Szenelokale auszuzeichnen.\u00bb<\/p>\n\n\n\n<p><strong>\u00abGlou Glou Spritz\u00bb &amp; \u00abAmalfi Sour\u00bb<\/strong><\/p>\n\n\n\n<p>Das \u00abGlou Glou\u00bb passt in dieses \u00abBeuteschema\u00bb. Christian Gujan (fr\u00fcher \u00abLucide\u00bb Luzern, \u00abRigiblick\u00bb und \u00abKunsthaus Bar\u00bb Z\u00fcrich) hat das Konzept geschrieben und setzt es als engagierter Gastgeber auch selbst um. Im \u00abGlou Glou\u00bb ist der Wohf\u00fchl-Faktor hoch. Man trifft sich im kleinen Restaurant und vor allem draussen beim Helvetiag\u00e4rtli. Coole Drinks (Glou Glou-Spritz, Amalfi Sour), 90 verschiedene Weine (inkl. Naturweine) aus der Schweiz. \u00abAus dem Ausland beziehen wir nur den Champagner\u00bb, sagt \u00abPOP-K\u00f6nig\u00bb Gujan.<\/p>\n\n\n\n<p><strong>Das beste Rag\u00f9 der Stadt<\/strong><\/p>\n\n\n\n<p>Held im Haus ist der junge Koch: Leo Tobler arbeitet in einer winzig kleinen K\u00fcche. Aber seine Gerichte haben Klasse und den gewissen Spass-Faktor: Fleischk\u00e4se vom Ueli-Hof mit Kartoffel-Gurkensalat, Balchen aus dem Vierwaldst\u00e4ttersee mit brauner Butter, Rindstatar mit Cipolotti, \u00abPoulet im Ch\u00f6rbli\u00bb (vom Alpstein-G\u00fcggel) mit hausgemachten Pommes Allumettes, Cheesecake. Leos bestes Gericht: Tagliatelle mit einem unglaublichen Ragout (Zunge, B\u00e4ggli vom Rind).<\/p>\n\n\n\n<p><strong>Das \u00abWho is who\u00bb der Szene<\/strong><\/p>\n\n\n\n<p>Die bisherigen Preistr\u00e4ger: 2020 Marlene Halter, \u00abMetzg\u00bb Z\u00fcrich. 2021 Markus Arnold, \u00abSteinhalle\u00bb, Bern. 2022 Marcel Hurschler, Mario Waldisp\u00fchl, Sylvan M\u00fcller und Rahel Heller, \u00abJazzkantine\u00bb Luzern. 2023 Armin Azadpour, Claudio Sacchi und Patrick Schindler, Bar Lupo Z\u00fcrich.<\/p>\n\n\n\n<p><strong>POP in the City, POP in den Bergen<br><br><\/strong>Die POP-Community von GaultMillau w\u00e4chst stetig und umfasst aktuell 260 Adressen. Die Empfehlungen f\u00fcr Foodies kennen keine Grenzen: Auch eine besonders gute Gelateria, Pizzeria, ein Foodtruck, Sandwich-Take-away oder D\u00f6ner schaffen es auf die Liste. Unsere Scouts sind vor allem in den St\u00e4dten Z\u00fcrich, Basel, Bern, Lausanne, Genf, Neuenburg und Freiburg unterwegs. Zus\u00e4tzlich listen wir aber auch die dynamischsten Wintersportstationen: St. Moritz, Gstaad und Zermatt. In Z\u00fcrich, Bern und Basel unterst\u00fctzen erstklassige und erfolgreiche Blogger den GaultMillau bei der \u00abFahndung\u00bb. Die komplette Liste gibt es auf:&nbsp;<a href=\"http:\/\/www.gaultmillau.ch\/pop\">www.gaultmillau.ch\/pop<\/a>.<\/p>\n\n\n\n<hr class=\"wp-block-separator has-alpha-channel-opacity\"\/>\n\n\n\n<p class=\"has-small-font-size\"><strong>Weiterf\u00fchrende Links:<\/strong><br><a href=\"http:\/\/www.gaultmillau.ch\/\">gaultmillau.ch<\/a><br><a href=\"https:\/\/glouglou-luzern.ch\/\">glouglou-luzern.ch<\/a><br><a href=\"http:\/\/www.americanexpress.ch\/\">americanexpress.ch<\/a><\/p>\n\n\n\n<p class=\"has-small-font-size\"><strong>Die Medienmitteilung sowie Bilder sind verf\u00fcgbar unter:<\/strong><br><a href=\"https:\/\/www.gaultmillau.ch\/POP24\">gaultmillau.ch\/POP24<\/a><\/p>\n\n\n\n<p class=\"has-small-font-size\"><strong>Informationen:<\/strong><br>Ringier AG, GaultMillau, Telefon: +41 58 269 26 10,&nbsp;<a href=\"mailto:gaultmillau@ringieraxelspringer.ch\">gaultmillau@ringieraxelspringer.ch<strong><br><br><\/strong><\/a><strong>\u00dcber GaultMillau:<br><\/strong>GaultMillau-Channel: Auf gaultmillau.ch und auf Social Media gibts t\u00e4glich Videos und Rezepte der besten K\u00f6che sowie spannende Interviews und News aus der Szene. Kultchef Andreas Caminada ist der Anchorman des GaultMillau-Channels. Die neue Lifestyle-Liste GaultMillau POP empfiehlt 228 trendige Beizen, Brasserien, Bars und Caf\u00e9s. Der Blog \u00abZ\u00fcri isst\u00bb von Pascal Grob ist Kult in der Stadt, spricht ein urbanes, junges Publikum an und hat eine st\u00e4ndig wachsende Community. Blogger sind auch in Bern und Basel unterwegs.<\/p>\n\n\n\n<p class=\"has-small-font-size\">Guide GaultMillau: Wo sind die besten Restaurants der Schweiz? Wer sind die kreativsten K\u00f6che? Der GaultMillau Guide Schweiz ist der wichtigste Gourmetf\u00fchrer im Land. 880 Restaurants werden bewertet und ausf\u00fchrlich beschrieben. Die ausgezeichneten K\u00f6che des Landes werden in Bildern vorgestellt. Der Guide wird in den Medien t\u00e4glich zitiert. Der Guide Schweiz 2024 erscheint am 25. September 2023.<\/p>\n\n\n\n<div style=\"height:11px\" aria-hidden=\"true\" class=\"wp-block-spacer\"><\/div>\n\n\n\n<div class=\"wp-block-columns is-layout-flex wp-container-core-columns-is-layout-9d6595d7 wp-block-columns-is-layout-flex\">\n<div class=\"wp-block-column is-vertically-aligned-bottom is-layout-flow wp-block-column-is-layout-flow\">\n<p class=\"has-small-font-size\">Corporate&nbsp;Communications<br>+41 44 259 64 44<br><a href=\"mailto:media@ringier.ch\" target=\"_blank\" rel=\"noreferrer noopener\">media@ringier.ch<\/a> <br><a href=\"https:\/\/www.ringier.com\/de\/\">www.ringier.co<\/a><a href=\"https:\/\/www.ringier.com\/de\/\" target=\"_blank\" rel=\"noreferrer noopener\">m<\/a><\/p>\n<\/div>\n\n\n\n<div class=\"wp-block-column is-vertically-aligned-bottom is-layout-flow wp-block-column-is-layout-flow\">\n<p class=\"has-text-align-left has-small-font-size\">Ringier AG<br>Dufourstrasse 23<br>8008 Z\u00fcrich<br>Schweiz<\/p>\n<\/div>\n<\/div>\n\n\n\n<p><\/p>\n","protected":false},"excerpt":{"rendered":"<p>Eine neue Location begeistert Luzern: Das \u00abGlou Glou\u00bb beim Helvetiag\u00e4rtli. Hier stimmt alles: Der Gastgeber. Die Weinkarte. Die K\u00fcche! Die GaultMillau-Jury und American Express w\u00e4hlte das \u00abGlou Glou\u00bb zum \u00abPOP des Jahres 2024\u00bb.<\/p>\n","protected":false},"author":23,"featured_media":17341,"comment_status":"closed","ping_status":"open","sticky":false,"template":"","format":"standard","meta":{"inline_featured_image":false,"footnotes":""},"categories":[371,361],"tags":[],"class_list":["post-17340","post","type-post","status-publish","format-standard","has-post-thumbnail","hentry","category-media-de","category-ringier-medien-schweiz"],"yoast_head":"<!-- This site is optimized with the Yoast SEO Premium plugin v27.0 (Yoast SEO v27.0) - https:\/\/yoast.com\/product\/yoast-seo-premium-wordpress\/ -->\n<title>GaultMillau \u00abPOP des Jahres 2024\u00bb: Das \u00abGlou Glou\u00bb in Luzern - Ringier<\/title>\n<meta name=\"robots\" content=\"index, follow, max-snippet:-1, max-image-preview:large, max-video-preview:-1\" \/>\n<link rel=\"canonical\" href=\"https:\/\/www.ringier.com\/de\/gaultmillau-pop-des-jahres-2024-das-glou-glou-in-luzern\/\" \/>\n<meta property=\"og:locale\" content=\"de_DE\" \/>\n<meta property=\"og:type\" content=\"article\" \/>\n<meta property=\"og:title\" content=\"GaultMillau \u00abPOP des Jahres 2024\u00bb: Das \u00abGlou Glou\u00bb in Luzern\" \/>\n<meta property=\"og:description\" content=\"Eine neue Location begeistert Luzern: Das \u00abGlou Glou\u00bb beim Helvetiag\u00e4rtli. Hier stimmt alles: Der Gastgeber. Die Weinkarte. Die K\u00fcche! Die GaultMillau-Jury und American Express w\u00e4hlte das \u00abGlou Glou\u00bb zum \u00abPOP des Jahres 2024\u00bb.\" \/>\n<meta property=\"og:url\" content=\"https:\/\/www.ringier.com\/de\/gaultmillau-pop-des-jahres-2024-das-glou-glou-in-luzern\/\" \/>\n<meta property=\"og:site_name\" content=\"Ringier\" \/>\n<meta property=\"article:publisher\" content=\"https:\/\/www.facebook.com\/ringierag\/\" \/>\n<meta property=\"article:published_time\" content=\"2023-09-11T14:53:00+00:00\" \/>\n<meta property=\"article:modified_time\" content=\"2024-11-13T12:54:34+00:00\" \/>\n<meta property=\"og:image\" content=\"https:\/\/www.ringier.com\/wp-content\/uploads\/2024\/01\/POP_GM_2024.png\" \/>\n\t<meta property=\"og:image:width\" content=\"1530\" \/>\n\t<meta property=\"og:image:height\" content=\"800\" \/>\n\t<meta property=\"og:image:type\" content=\"image\/png\" \/>\n<meta name=\"author\" content=\"Ringier Corporate Communications\" \/>\n<meta name=\"twitter:card\" content=\"summary_large_image\" \/>\n<meta name=\"twitter:creator\" content=\"@ringier_ag\" \/>\n<meta name=\"twitter:site\" content=\"@ringier_ag\" \/>\n<meta name=\"twitter:label1\" content=\"Verfasst von\" \/>\n\t<meta name=\"twitter:data1\" content=\"Ringier Corporate Communications\" \/>\n\t<meta name=\"twitter:label2\" content=\"Gesch\u00e4tzte Lesezeit\" \/>\n\t<meta name=\"twitter:data2\" content=\"4 Minuten\" \/>\n<script type=\"application\/ld+json\" class=\"yoast-schema-graph\">{\"@context\":\"https:\/\/schema.org\",\"@graph\":[{\"@type\":\"Article\",\"@id\":\"https:\/\/www.ringier.com\/de\/gaultmillau-pop-des-jahres-2024-das-glou-glou-in-luzern\/#article\",\"isPartOf\":{\"@id\":\"https:\/\/www.ringier.com\/de\/gaultmillau-pop-des-jahres-2024-das-glou-glou-in-luzern\/\"},\"author\":{\"name\":\"Ringier Corporate Communications\",\"@id\":\"https:\/\/www.ringier.com\/de\/#\/schema\/person\/4cf76a308dc4b2bb5121bd1e7b752e52\"},\"headline\":\"GaultMillau \u00abPOP des Jahres 2024\u00bb: Das \u00abGlou Glou\u00bb in Luzern\",\"datePublished\":\"2023-09-11T14:53:00+00:00\",\"dateModified\":\"2024-11-13T12:54:34+00:00\",\"mainEntityOfPage\":{\"@id\":\"https:\/\/www.ringier.com\/de\/gaultmillau-pop-des-jahres-2024-das-glou-glou-in-luzern\/\"},\"wordCount\":599,\"publisher\":{\"@id\":\"https:\/\/www.ringier.com\/de\/#organization\"},\"image\":{\"@id\":\"https:\/\/www.ringier.com\/de\/gaultmillau-pop-des-jahres-2024-das-glou-glou-in-luzern\/#primaryimage\"},\"thumbnailUrl\":\"https:\/\/www.ringier.com\/wp-content\/uploads\/2024\/01\/POP_GM_2024.png\",\"articleSection\":[\"Media\",\"Ringier Medien Schweiz\"],\"inLanguage\":\"de-DE\"},{\"@type\":\"WebPage\",\"@id\":\"https:\/\/www.ringier.com\/de\/gaultmillau-pop-des-jahres-2024-das-glou-glou-in-luzern\/\",\"url\":\"https:\/\/www.ringier.com\/de\/gaultmillau-pop-des-jahres-2024-das-glou-glou-in-luzern\/\",\"name\":\"GaultMillau \u00abPOP des Jahres 2024\u00bb: Das \u00abGlou Glou\u00bb in Luzern - Ringier\",\"isPartOf\":{\"@id\":\"https:\/\/www.ringier.com\/de\/#website\"},\"primaryImageOfPage\":{\"@id\":\"https:\/\/www.ringier.com\/de\/gaultmillau-pop-des-jahres-2024-das-glou-glou-in-luzern\/#primaryimage\"},\"image\":{\"@id\":\"https:\/\/www.ringier.com\/de\/gaultmillau-pop-des-jahres-2024-das-glou-glou-in-luzern\/#primaryimage\"},\"thumbnailUrl\":\"https:\/\/www.ringier.com\/wp-content\/uploads\/2024\/01\/POP_GM_2024.png\",\"datePublished\":\"2023-09-11T14:53:00+00:00\",\"dateModified\":\"2024-11-13T12:54:34+00:00\",\"breadcrumb\":{\"@id\":\"https:\/\/www.ringier.com\/de\/gaultmillau-pop-des-jahres-2024-das-glou-glou-in-luzern\/#breadcrumb\"},\"inLanguage\":\"de-DE\",\"potentialAction\":[{\"@type\":\"ReadAction\",\"target\":[\"https:\/\/www.ringier.com\/de\/gaultmillau-pop-des-jahres-2024-das-glou-glou-in-luzern\/\"]}]},{\"@type\":\"ImageObject\",\"inLanguage\":\"de-DE\",\"@id\":\"https:\/\/www.ringier.com\/de\/gaultmillau-pop-des-jahres-2024-das-glou-glou-in-luzern\/#primaryimage\",\"url\":\"https:\/\/www.ringier.com\/wp-content\/uploads\/2024\/01\/POP_GM_2024.png\",\"contentUrl\":\"https:\/\/www.ringier.com\/wp-content\/uploads\/2024\/01\/POP_GM_2024.png\",\"width\":1530,\"height\":800},{\"@type\":\"BreadcrumbList\",\"@id\":\"https:\/\/www.ringier.com\/de\/gaultmillau-pop-des-jahres-2024-das-glou-glou-in-luzern\/#breadcrumb\",\"itemListElement\":[{\"@type\":\"ListItem\",\"position\":1,\"name\":\"Home\",\"item\":\"https:\/\/www.ringier.com\/de\/\"},{\"@type\":\"ListItem\",\"position\":2,\"name\":\"GaultMillau \u00abPOP des Jahres 2024\u00bb: Das \u00abGlou Glou\u00bb in Luzern\"}]},{\"@type\":\"WebSite\",\"@id\":\"https:\/\/www.ringier.com\/de\/#website\",\"url\":\"https:\/\/www.ringier.com\/de\/\",\"name\":\"Ringier\",\"description\":\"We inform. We entertain. We connect\",\"publisher\":{\"@id\":\"https:\/\/www.ringier.com\/de\/#organization\"},\"potentialAction\":[{\"@type\":\"SearchAction\",\"target\":{\"@type\":\"EntryPoint\",\"urlTemplate\":\"https:\/\/www.ringier.com\/de\/?s={search_term_string}\"},\"query-input\":{\"@type\":\"PropertyValueSpecification\",\"valueRequired\":true,\"valueName\":\"search_term_string\"}}],\"inLanguage\":\"de-DE\"},{\"@type\":\"Organization\",\"@id\":\"https:\/\/www.ringier.com\/de\/#organization\",\"name\":\"Ringier\",\"url\":\"https:\/\/www.ringier.com\/de\/\",\"logo\":{\"@type\":\"ImageObject\",\"inLanguage\":\"de-DE\",\"@id\":\"https:\/\/www.ringier.com\/de\/#\/schema\/logo\/image\/\",\"url\":\"https:\/\/www.ringier.com\/wp-content\/uploads\/2021\/10\/ringier_logo_2.jpg\",\"contentUrl\":\"https:\/\/www.ringier.com\/wp-content\/uploads\/2021\/10\/ringier_logo_2.jpg\",\"width\":750,\"height\":550,\"caption\":\"Ringier\"},\"image\":{\"@id\":\"https:\/\/www.ringier.com\/de\/#\/schema\/logo\/image\/\"},\"sameAs\":[\"https:\/\/www.facebook.com\/ringierag\/\",\"https:\/\/x.com\/ringier_ag\",\"https:\/\/www.instagram.com\/ringier_ag\/\",\"https:\/\/www.linkedin.com\/company\/ringier\/\",\"https:\/\/www.youtube.com\/user\/RingierComm\",\"https:\/\/en.wikipedia.org\/wiki\/Ringier\",\"https:\/\/de.wikipedia.org\/wiki\/Ringier\",\"https:\/\/fr.wikipedia.org\/wiki\/Ringier\",\"https:\/\/www.crunchbase.com\/organization\/ringier-ag\"]},{\"@type\":\"Person\",\"@id\":\"https:\/\/www.ringier.com\/de\/#\/schema\/person\/4cf76a308dc4b2bb5121bd1e7b752e52\",\"name\":\"Ringier Corporate Communications\",\"image\":{\"@type\":\"ImageObject\",\"inLanguage\":\"de-DE\",\"@id\":\"https:\/\/www.ringier.com\/de\/#\/schema\/person\/image\/\",\"url\":\"https:\/\/secure.gravatar.com\/avatar\/9391e20481368d5df4fe3e1e476c13b27786347489822ec1ed07e532bb41f587?s=96&d=mm&r=g\",\"contentUrl\":\"https:\/\/secure.gravatar.com\/avatar\/9391e20481368d5df4fe3e1e476c13b27786347489822ec1ed07e532bb41f587?s=96&d=mm&r=g\",\"caption\":\"Ringier Corporate Communications\"},\"sameAs\":[\"https:\/\/www.ringier.com\"]}]}<\/script>\n<!-- \/ Yoast SEO Premium plugin. -->","yoast_head_json":{"title":"GaultMillau \u00abPOP des Jahres 2024\u00bb: Das \u00abGlou Glou\u00bb in Luzern - Ringier","robots":{"index":"index","follow":"follow","max-snippet":"max-snippet:-1","max-image-preview":"max-image-preview:large","max-video-preview":"max-video-preview:-1"},"canonical":"https:\/\/www.ringier.com\/de\/gaultmillau-pop-des-jahres-2024-das-glou-glou-in-luzern\/","og_locale":"de_DE","og_type":"article","og_title":"GaultMillau \u00abPOP des Jahres 2024\u00bb: Das \u00abGlou Glou\u00bb in Luzern","og_description":"Eine neue Location begeistert Luzern: Das \u00abGlou Glou\u00bb beim Helvetiag\u00e4rtli. Hier stimmt alles: Der Gastgeber. Die Weinkarte. Die K\u00fcche! Die GaultMillau-Jury und American Express w\u00e4hlte das \u00abGlou Glou\u00bb zum \u00abPOP des Jahres 2024\u00bb.","og_url":"https:\/\/www.ringier.com\/de\/gaultmillau-pop-des-jahres-2024-das-glou-glou-in-luzern\/","og_site_name":"Ringier","article_publisher":"https:\/\/www.facebook.com\/ringierag\/","article_published_time":"2023-09-11T14:53:00+00:00","article_modified_time":"2024-11-13T12:54:34+00:00","og_image":[{"width":1530,"height":800,"url":"https:\/\/www.ringier.com\/wp-content\/uploads\/2024\/01\/POP_GM_2024.png","type":"image\/png"}],"author":"Ringier Corporate Communications","twitter_card":"summary_large_image","twitter_creator":"@ringier_ag","twitter_site":"@ringier_ag","twitter_misc":{"Verfasst von":"Ringier Corporate Communications","Gesch\u00e4tzte Lesezeit":"4 Minuten"},"schema":{"@context":"https:\/\/schema.org","@graph":[{"@type":"Article","@id":"https:\/\/www.ringier.com\/de\/gaultmillau-pop-des-jahres-2024-das-glou-glou-in-luzern\/#article","isPartOf":{"@id":"https:\/\/www.ringier.com\/de\/gaultmillau-pop-des-jahres-2024-das-glou-glou-in-luzern\/"},"author":{"name":"Ringier Corporate Communications","@id":"https:\/\/www.ringier.com\/de\/#\/schema\/person\/4cf76a308dc4b2bb5121bd1e7b752e52"},"headline":"GaultMillau \u00abPOP des Jahres 2024\u00bb: Das \u00abGlou Glou\u00bb in Luzern","datePublished":"2023-09-11T14:53:00+00:00","dateModified":"2024-11-13T12:54:34+00:00","mainEntityOfPage":{"@id":"https:\/\/www.ringier.com\/de\/gaultmillau-pop-des-jahres-2024-das-glou-glou-in-luzern\/"},"wordCount":599,"publisher":{"@id":"https:\/\/www.ringier.com\/de\/#organization"},"image":{"@id":"https:\/\/www.ringier.com\/de\/gaultmillau-pop-des-jahres-2024-das-glou-glou-in-luzern\/#primaryimage"},"thumbnailUrl":"https:\/\/www.ringier.com\/wp-content\/uploads\/2024\/01\/POP_GM_2024.png","articleSection":["Media","Ringier Medien Schweiz"],"inLanguage":"de-DE"},{"@type":"WebPage","@id":"https:\/\/www.ringier.com\/de\/gaultmillau-pop-des-jahres-2024-das-glou-glou-in-luzern\/","url":"https:\/\/www.ringier.com\/de\/gaultmillau-pop-des-jahres-2024-das-glou-glou-in-luzern\/","name":"GaultMillau \u00abPOP des Jahres 2024\u00bb: Das \u00abGlou Glou\u00bb in Luzern - Ringier","isPartOf":{"@id":"https:\/\/www.ringier.com\/de\/#website"},"primaryImageOfPage":{"@id":"https:\/\/www.ringier.com\/de\/gaultmillau-pop-des-jahres-2024-das-glou-glou-in-luzern\/#primaryimage"},"image":{"@id":"https:\/\/www.ringier.com\/de\/gaultmillau-pop-des-jahres-2024-das-glou-glou-in-luzern\/#primaryimage"},"thumbnailUrl":"https:\/\/www.ringier.com\/wp-content\/uploads\/2024\/01\/POP_GM_2024.png","datePublished":"2023-09-11T14:53:00+00:00","dateModified":"2024-11-13T12:54:34+00:00","breadcrumb":{"@id":"https:\/\/www.ringier.com\/de\/gaultmillau-pop-des-jahres-2024-das-glou-glou-in-luzern\/#breadcrumb"},"inLanguage":"de-DE","potentialAction":[{"@type":"ReadAction","target":["https:\/\/www.ringier.com\/de\/gaultmillau-pop-des-jahres-2024-das-glou-glou-in-luzern\/"]}]},{"@type":"ImageObject","inLanguage":"de-DE","@id":"https:\/\/www.ringier.com\/de\/gaultmillau-pop-des-jahres-2024-das-glou-glou-in-luzern\/#primaryimage","url":"https:\/\/www.ringier.com\/wp-content\/uploads\/2024\/01\/POP_GM_2024.png","contentUrl":"https:\/\/www.ringier.com\/wp-content\/uploads\/2024\/01\/POP_GM_2024.png","width":1530,"height":800},{"@type":"BreadcrumbList","@id":"https:\/\/www.ringier.com\/de\/gaultmillau-pop-des-jahres-2024-das-glou-glou-in-luzern\/#breadcrumb","itemListElement":[{"@type":"ListItem","position":1,"name":"Home","item":"https:\/\/www.ringier.com\/de\/"},{"@type":"ListItem","position":2,"name":"GaultMillau \u00abPOP des Jahres 2024\u00bb: Das \u00abGlou Glou\u00bb in Luzern"}]},{"@type":"WebSite","@id":"https:\/\/www.ringier.com\/de\/#website","url":"https:\/\/www.ringier.com\/de\/","name":"Ringier","description":"We inform. We entertain. We connect","publisher":{"@id":"https:\/\/www.ringier.com\/de\/#organization"},"potentialAction":[{"@type":"SearchAction","target":{"@type":"EntryPoint","urlTemplate":"https:\/\/www.ringier.com\/de\/?s={search_term_string}"},"query-input":{"@type":"PropertyValueSpecification","valueRequired":true,"valueName":"search_term_string"}}],"inLanguage":"de-DE"},{"@type":"Organization","@id":"https:\/\/www.ringier.com\/de\/#organization","name":"Ringier","url":"https:\/\/www.ringier.com\/de\/","logo":{"@type":"ImageObject","inLanguage":"de-DE","@id":"https:\/\/www.ringier.com\/de\/#\/schema\/logo\/image\/","url":"https:\/\/www.ringier.com\/wp-content\/uploads\/2021\/10\/ringier_logo_2.jpg","contentUrl":"https:\/\/www.ringier.com\/wp-content\/uploads\/2021\/10\/ringier_logo_2.jpg","width":750,"height":550,"caption":"Ringier"},"image":{"@id":"https:\/\/www.ringier.com\/de\/#\/schema\/logo\/image\/"},"sameAs":["https:\/\/www.facebook.com\/ringierag\/","https:\/\/x.com\/ringier_ag","https:\/\/www.instagram.com\/ringier_ag\/","https:\/\/www.linkedin.com\/company\/ringier\/","https:\/\/www.youtube.com\/user\/RingierComm","https:\/\/en.wikipedia.org\/wiki\/Ringier","https:\/\/de.wikipedia.org\/wiki\/Ringier","https:\/\/fr.wikipedia.org\/wiki\/Ringier","https:\/\/www.crunchbase.com\/organization\/ringier-ag"]},{"@type":"Person","@id":"https:\/\/www.ringier.com\/de\/#\/schema\/person\/4cf76a308dc4b2bb5121bd1e7b752e52","name":"Ringier Corporate Communications","image":{"@type":"ImageObject","inLanguage":"de-DE","@id":"https:\/\/www.ringier.com\/de\/#\/schema\/person\/image\/","url":"https:\/\/secure.gravatar.com\/avatar\/9391e20481368d5df4fe3e1e476c13b27786347489822ec1ed07e532bb41f587?s=96&d=mm&r=g","contentUrl":"https:\/\/secure.gravatar.com\/avatar\/9391e20481368d5df4fe3e1e476c13b27786347489822ec1ed07e532bb41f587?s=96&d=mm&r=g","caption":"Ringier Corporate Communications"},"sameAs":["https:\/\/www.ringier.com"]}]}},"_links":{"self":[{"href":"https:\/\/www.ringier.com\/de\/wp-json\/wp\/v2\/posts\/17340","targetHints":{"allow":["GET"]}}],"collection":[{"href":"https:\/\/www.ringier.com\/de\/wp-json\/wp\/v2\/posts"}],"about":[{"href":"https:\/\/www.ringier.com\/de\/wp-json\/wp\/v2\/types\/post"}],"author":[{"embeddable":true,"href":"https:\/\/www.ringier.com\/de\/wp-json\/wp\/v2\/users\/23"}],"replies":[{"embeddable":true,"href":"https:\/\/www.ringier.com\/de\/wp-json\/wp\/v2\/comments?post=17340"}],"version-history":[{"count":0,"href":"https:\/\/www.ringier.com\/de\/wp-json\/wp\/v2\/posts\/17340\/revisions"}],"wp:featuredmedia":[{"embeddable":true,"href":"https:\/\/www.ringier.com\/de\/wp-json\/wp\/v2\/media\/17341"}],"wp:attachment":[{"href":"https:\/\/www.ringier.com\/de\/wp-json\/wp\/v2\/media?parent=17340"}],"wp:term":[{"taxonomy":"category","embeddable":true,"href":"https:\/\/www.ringier.com\/de\/wp-json\/wp\/v2\/categories?post=17340"},{"taxonomy":"post_tag","embeddable":true,"href":"https:\/\/www.ringier.com\/de\/wp-json\/wp\/v2\/tags?post=17340"}],"curies":[{"name":"wp","href":"https:\/\/api.w.org\/{rel}","templated":true}]}}