{"id":16863,"date":"2023-10-09T11:04:00","date_gmt":"2023-10-09T09:04:00","guid":{"rendered":"https:\/\/www.ringier.com\/?p=16863"},"modified":"2024-11-12T15:49:56","modified_gmt":"2024-11-12T14:49:56","slug":"neue-staffel-von-blick-podcast-zwaeghochzwei","status":"publish","type":"post","link":"https:\/\/www.ringier.com\/de\/neue-staffel-von-blick-podcast-zwaeghochzwei\/","title":{"rendered":"Neue Staffel von Blick-Podcast \u00abZw\u00e4gHochZwei\u00bb"},"content":{"rendered":"\n<p>Macht Stress alt? Gibt es Medizin f\u00fcr ein langes Leben? Und was bringen eigentlich Nahrungserg\u00e4nzungsmittel? Diese und andere Fragen der Longevity \u2013 der Langlebigkeit und den besten Bedingungen daf\u00fcr \u2013 beleuchtet der Blick-Gesundheitspodcast \u00abZw\u00e4gHochZwei\u00bb ab sofort in einer neuen Staffel.&nbsp;&nbsp;<\/p>\n\n\n\n<p>Nach dem erfolgreichen Start von Staffel 1 (rund 130.000 Podcast-Streams und 250.000 Views der Highlight-Videos auf Blick TV) befassen sich Nina Ruge und Kurt Aeschbacher auch in den kommenden sechs Folgen mit dem neuesten Stand der Forschung, befragen Expertinnen und Experten zu Longevity und diskutieren \u00fcber ihre eigenen Erfahrungen in Sachen Langlebigkeit.&nbsp;<\/p>\n\n\n\n<p>Podcast-Host Nina Ruge freut sich, dass sie mit \u00abZw\u00e4gHochZwei\u00bb nicht nur bei der Blick-Community das Interesse f\u00fcr Langlebigkeit geweckt hat, sondern auch bei ihrem Podcast-Partner Kurt Aeschbacher: \u00abKurt war anfangs ein kritischer Geist. Aber mittlerweile ist er zum Intervallfaster, Fleisch-Reduzierer und Kraftsport-Fan geworden. Er hat sich richtig eingefuchst in die Langlebigkeits-Forschung und l\u00e4sst sich auch in der neuen Staffel in neue Gesundheits-Welten f\u00fchren.\u00bb<\/p>\n\n\n\n<p>Kurt Aeschbacher erg\u00e4nzt: \u00abDie wissenschaftlichen Erkenntnisse rund um die Langlebigkeit sind zurzeit in aller Munde. Dank der Expertise von Nina habe ich viel Neues gelernt und mich im Selbsttest gewagt. Die Gesundheitstipps und fundierte Gespr\u00e4che mit Nina waren wie ein echter Jungbrunnen.\u00bb<\/p>\n\n\n\n<p>Die studierte Biologin Nina Ruge widmet sich seit Jahren der gesunden Langlebigkeit. Neben dem Blick-Podcast setzt sie sich auch als Bestseller-Autorin in mehreren Fachb\u00fcchern mit dem Thema auseinander.<\/p>\n\n\n\n<p>Die neueste Staffel des Blick-Podcasts \u00abZw\u00e4gHochZwei\u00bb ist ab sofort auf Blick.ch, Spotify und iTunes zu h\u00f6ren. Pro Folge wird auf der Website auch ein Highlight-Video ver\u00f6ffentlicht, zudem sind die einzelnen Episoden auf YouTube abrufbar. Neben den beiden Protagonisten kommen in den jeweiligen Folgen auch Expertinnen und Experten von Schweizer Forschungsinstituten und Universit\u00e4ten zu Wort. Die ausf\u00fchrlichen Expertengespr\u00e4che finden sich ebenfalls auf YouTube. Der Podcast ist eine Koproduktion mit der Video- und Audioproduktionsfirma Publify.&nbsp;<\/p>\n\n\n\n<p>Dominik Stroppel, Formatverantwortlicher Video und Audio der Blick-Gruppe: \u00abMit dem Thema \u00abGesund \u00e4lter werden\u00bb haben wir offensichtlich den Nerv des Publikums getroffen. Dank unseres 360-Grad-Ansatzes haben wir die Inhalte auf allen Plattformen des Blicks in der passenden Form verbreitet und so ein breites Publikum erreicht. Nun zeigt sich, dass Langlebigkeit auch f\u00fcr unseren Podcast \u00abZw\u00e4gHochZwei\u00bb gilt. Wir freuen uns auf die zweite Staffel.\u00bb<\/p>\n\n\n\n<div style=\"height:20px\" aria-hidden=\"true\" class=\"wp-block-spacer\"><\/div>\n\n\n\n<p>Ringier AG, Corporate Communications<\/p>\n","protected":false},"excerpt":{"rendered":"<p>Das Multimedia-Format \u00abZw\u00e4gHochZwei\u00bb geht in Runde 2. Nach der erfolgreichen ersten Staffel dreht sich auch in den neuen sechs Folgen alles um gesunde Langlebigkeit. Moderiert wird der Blick-Podcast wieder von den prominenten Hosts: TV-Moderatorin und Bestseller-Autorin Nina Ruge und dem \u00abTalker der Nation\u00bb Kurt Aeschbacher. Die Folgen erscheinen w\u00f6chentlich auf Blick.ch und allen g\u00e4ngigen Podcast-Plattformen. <\/p>\n","protected":false},"author":23,"featured_media":16119,"comment_status":"closed","ping_status":"open","sticky":false,"template":"","format":"standard","meta":{"inline_featured_image":false,"footnotes":""},"categories":[371,361],"tags":[],"class_list":["post-16863","post","type-post","status-publish","format-standard","has-post-thumbnail","hentry","category-media-de","category-ringier-medien-schweiz"],"yoast_head":"<!-- This site is optimized with the Yoast SEO Premium plugin v27.0 (Yoast SEO v27.0) - https:\/\/yoast.com\/product\/yoast-seo-premium-wordpress\/ -->\n<title>Neue Staffel von Blick-Podcast \u00abZw\u00e4gHochZwei\u00bb - Ringier<\/title>\n<meta name=\"robots\" content=\"index, follow, max-snippet:-1, max-image-preview:large, max-video-preview:-1\" \/>\n<link rel=\"canonical\" href=\"https:\/\/www.ringier.com\/de\/neue-staffel-von-blick-podcast-zwaeghochzwei\/\" \/>\n<meta property=\"og:locale\" content=\"de_DE\" \/>\n<meta property=\"og:type\" content=\"article\" \/>\n<meta property=\"og:title\" content=\"Neue Staffel von Blick-Podcast \u00abZw\u00e4gHochZwei\u00bb\" \/>\n<meta property=\"og:description\" content=\"Das Multimedia-Format \u00abZw\u00e4gHochZwei\u00bb geht in Runde 2. Nach der erfolgreichen ersten Staffel dreht sich auch in den neuen sechs Folgen alles um gesunde Langlebigkeit. Moderiert wird der Blick-Podcast wieder von den prominenten Hosts: TV-Moderatorin und Bestseller-Autorin Nina Ruge und dem \u00abTalker der Nation\u00bb Kurt Aeschbacher. Die Folgen erscheinen w\u00f6chentlich auf Blick.ch und allen g\u00e4ngigen Podcast-Plattformen.\" \/>\n<meta property=\"og:url\" content=\"https:\/\/www.ringier.com\/de\/neue-staffel-von-blick-podcast-zwaeghochzwei\/\" \/>\n<meta property=\"og:site_name\" content=\"Ringier\" \/>\n<meta property=\"article:publisher\" content=\"https:\/\/www.facebook.com\/ringierag\/\" \/>\n<meta property=\"article:published_time\" content=\"2023-10-09T09:04:00+00:00\" \/>\n<meta property=\"article:modified_time\" content=\"2024-11-12T14:49:56+00:00\" \/>\n<meta property=\"og:image\" content=\"https:\/\/www.ringier.com\/wp-content\/uploads\/2023\/06\/01_Blick_ZwaegHochZwei_PodcastCover_1500x1500px2-1.jpg\" \/>\n\t<meta property=\"og:image:width\" content=\"1500\" \/>\n\t<meta property=\"og:image:height\" content=\"897\" \/>\n\t<meta property=\"og:image:type\" content=\"image\/jpeg\" \/>\n<meta name=\"author\" content=\"Ringier Corporate Communications\" \/>\n<meta name=\"twitter:card\" content=\"summary_large_image\" \/>\n<meta name=\"twitter:creator\" content=\"@ringier_ag\" \/>\n<meta name=\"twitter:site\" content=\"@ringier_ag\" \/>\n<meta name=\"twitter:label1\" content=\"Verfasst von\" \/>\n\t<meta name=\"twitter:data1\" content=\"Ringier Corporate Communications\" \/>\n\t<meta name=\"twitter:label2\" content=\"Gesch\u00e4tzte Lesezeit\" \/>\n\t<meta name=\"twitter:data2\" content=\"3 Minuten\" \/>\n<script type=\"application\/ld+json\" class=\"yoast-schema-graph\">{\"@context\":\"https:\/\/schema.org\",\"@graph\":[{\"@type\":\"Article\",\"@id\":\"https:\/\/www.ringier.com\/de\/neue-staffel-von-blick-podcast-zwaeghochzwei\/#article\",\"isPartOf\":{\"@id\":\"https:\/\/www.ringier.com\/de\/neue-staffel-von-blick-podcast-zwaeghochzwei\/\"},\"author\":{\"name\":\"Ringier Corporate Communications\",\"@id\":\"https:\/\/www.ringier.com\/de\/#\/schema\/person\/4cf76a308dc4b2bb5121bd1e7b752e52\"},\"headline\":\"Neue Staffel von Blick-Podcast \u00abZw\u00e4gHochZwei\u00bb\",\"datePublished\":\"2023-10-09T09:04:00+00:00\",\"dateModified\":\"2024-11-12T14:49:56+00:00\",\"mainEntityOfPage\":{\"@id\":\"https:\/\/www.ringier.com\/de\/neue-staffel-von-blick-podcast-zwaeghochzwei\/\"},\"wordCount\":390,\"publisher\":{\"@id\":\"https:\/\/www.ringier.com\/de\/#organization\"},\"image\":{\"@id\":\"https:\/\/www.ringier.com\/de\/neue-staffel-von-blick-podcast-zwaeghochzwei\/#primaryimage\"},\"thumbnailUrl\":\"https:\/\/www.ringier.com\/wp-content\/uploads\/2023\/06\/01_Blick_ZwaegHochZwei_PodcastCover_1500x1500px2-1.jpg\",\"articleSection\":[\"Media\",\"Ringier Medien Schweiz\"],\"inLanguage\":\"de-DE\"},{\"@type\":\"WebPage\",\"@id\":\"https:\/\/www.ringier.com\/de\/neue-staffel-von-blick-podcast-zwaeghochzwei\/\",\"url\":\"https:\/\/www.ringier.com\/de\/neue-staffel-von-blick-podcast-zwaeghochzwei\/\",\"name\":\"Neue Staffel von Blick-Podcast \u00abZw\u00e4gHochZwei\u00bb - Ringier\",\"isPartOf\":{\"@id\":\"https:\/\/www.ringier.com\/de\/#website\"},\"primaryImageOfPage\":{\"@id\":\"https:\/\/www.ringier.com\/de\/neue-staffel-von-blick-podcast-zwaeghochzwei\/#primaryimage\"},\"image\":{\"@id\":\"https:\/\/www.ringier.com\/de\/neue-staffel-von-blick-podcast-zwaeghochzwei\/#primaryimage\"},\"thumbnailUrl\":\"https:\/\/www.ringier.com\/wp-content\/uploads\/2023\/06\/01_Blick_ZwaegHochZwei_PodcastCover_1500x1500px2-1.jpg\",\"datePublished\":\"2023-10-09T09:04:00+00:00\",\"dateModified\":\"2024-11-12T14:49:56+00:00\",\"breadcrumb\":{\"@id\":\"https:\/\/www.ringier.com\/de\/neue-staffel-von-blick-podcast-zwaeghochzwei\/#breadcrumb\"},\"inLanguage\":\"de-DE\",\"potentialAction\":[{\"@type\":\"ReadAction\",\"target\":[\"https:\/\/www.ringier.com\/de\/neue-staffel-von-blick-podcast-zwaeghochzwei\/\"]}]},{\"@type\":\"ImageObject\",\"inLanguage\":\"de-DE\",\"@id\":\"https:\/\/www.ringier.com\/de\/neue-staffel-von-blick-podcast-zwaeghochzwei\/#primaryimage\",\"url\":\"https:\/\/www.ringier.com\/wp-content\/uploads\/2023\/06\/01_Blick_ZwaegHochZwei_PodcastCover_1500x1500px2-1.jpg\",\"contentUrl\":\"https:\/\/www.ringier.com\/wp-content\/uploads\/2023\/06\/01_Blick_ZwaegHochZwei_PodcastCover_1500x1500px2-1.jpg\",\"width\":1500,\"height\":897},{\"@type\":\"BreadcrumbList\",\"@id\":\"https:\/\/www.ringier.com\/de\/neue-staffel-von-blick-podcast-zwaeghochzwei\/#breadcrumb\",\"itemListElement\":[{\"@type\":\"ListItem\",\"position\":1,\"name\":\"Home\",\"item\":\"https:\/\/www.ringier.com\/de\/\"},{\"@type\":\"ListItem\",\"position\":2,\"name\":\"Neue Staffel von Blick-Podcast \u00abZw\u00e4gHochZwei\u00bb\"}]},{\"@type\":\"WebSite\",\"@id\":\"https:\/\/www.ringier.com\/de\/#website\",\"url\":\"https:\/\/www.ringier.com\/de\/\",\"name\":\"Ringier\",\"description\":\"We inform. We entertain. We connect\",\"publisher\":{\"@id\":\"https:\/\/www.ringier.com\/de\/#organization\"},\"potentialAction\":[{\"@type\":\"SearchAction\",\"target\":{\"@type\":\"EntryPoint\",\"urlTemplate\":\"https:\/\/www.ringier.com\/de\/?s={search_term_string}\"},\"query-input\":{\"@type\":\"PropertyValueSpecification\",\"valueRequired\":true,\"valueName\":\"search_term_string\"}}],\"inLanguage\":\"de-DE\"},{\"@type\":\"Organization\",\"@id\":\"https:\/\/www.ringier.com\/de\/#organization\",\"name\":\"Ringier\",\"url\":\"https:\/\/www.ringier.com\/de\/\",\"logo\":{\"@type\":\"ImageObject\",\"inLanguage\":\"de-DE\",\"@id\":\"https:\/\/www.ringier.com\/de\/#\/schema\/logo\/image\/\",\"url\":\"https:\/\/www.ringier.com\/wp-content\/uploads\/2021\/10\/ringier_logo_2.jpg\",\"contentUrl\":\"https:\/\/www.ringier.com\/wp-content\/uploads\/2021\/10\/ringier_logo_2.jpg\",\"width\":750,\"height\":550,\"caption\":\"Ringier\"},\"image\":{\"@id\":\"https:\/\/www.ringier.com\/de\/#\/schema\/logo\/image\/\"},\"sameAs\":[\"https:\/\/www.facebook.com\/ringierag\/\",\"https:\/\/x.com\/ringier_ag\",\"https:\/\/www.instagram.com\/ringier_ag\/\",\"https:\/\/www.linkedin.com\/company\/ringier\/\",\"https:\/\/www.youtube.com\/user\/RingierComm\",\"https:\/\/en.wikipedia.org\/wiki\/Ringier\",\"https:\/\/de.wikipedia.org\/wiki\/Ringier\",\"https:\/\/fr.wikipedia.org\/wiki\/Ringier\",\"https:\/\/www.crunchbase.com\/organization\/ringier-ag\"]},{\"@type\":\"Person\",\"@id\":\"https:\/\/www.ringier.com\/de\/#\/schema\/person\/4cf76a308dc4b2bb5121bd1e7b752e52\",\"name\":\"Ringier Corporate Communications\",\"image\":{\"@type\":\"ImageObject\",\"inLanguage\":\"de-DE\",\"@id\":\"https:\/\/www.ringier.com\/de\/#\/schema\/person\/image\/\",\"url\":\"https:\/\/secure.gravatar.com\/avatar\/9391e20481368d5df4fe3e1e476c13b27786347489822ec1ed07e532bb41f587?s=96&d=mm&r=g\",\"contentUrl\":\"https:\/\/secure.gravatar.com\/avatar\/9391e20481368d5df4fe3e1e476c13b27786347489822ec1ed07e532bb41f587?s=96&d=mm&r=g\",\"caption\":\"Ringier Corporate Communications\"},\"sameAs\":[\"https:\/\/www.ringier.com\"]}]}<\/script>\n<!-- \/ Yoast SEO Premium plugin. -->","yoast_head_json":{"title":"Neue Staffel von Blick-Podcast \u00abZw\u00e4gHochZwei\u00bb - Ringier","robots":{"index":"index","follow":"follow","max-snippet":"max-snippet:-1","max-image-preview":"max-image-preview:large","max-video-preview":"max-video-preview:-1"},"canonical":"https:\/\/www.ringier.com\/de\/neue-staffel-von-blick-podcast-zwaeghochzwei\/","og_locale":"de_DE","og_type":"article","og_title":"Neue Staffel von Blick-Podcast \u00abZw\u00e4gHochZwei\u00bb","og_description":"Das Multimedia-Format \u00abZw\u00e4gHochZwei\u00bb geht in Runde 2. Nach der erfolgreichen ersten Staffel dreht sich auch in den neuen sechs Folgen alles um gesunde Langlebigkeit. Moderiert wird der Blick-Podcast wieder von den prominenten Hosts: TV-Moderatorin und Bestseller-Autorin Nina Ruge und dem \u00abTalker der Nation\u00bb Kurt Aeschbacher. Die Folgen erscheinen w\u00f6chentlich auf Blick.ch und allen g\u00e4ngigen Podcast-Plattformen.","og_url":"https:\/\/www.ringier.com\/de\/neue-staffel-von-blick-podcast-zwaeghochzwei\/","og_site_name":"Ringier","article_publisher":"https:\/\/www.facebook.com\/ringierag\/","article_published_time":"2023-10-09T09:04:00+00:00","article_modified_time":"2024-11-12T14:49:56+00:00","og_image":[{"width":1500,"height":897,"url":"https:\/\/www.ringier.com\/wp-content\/uploads\/2023\/06\/01_Blick_ZwaegHochZwei_PodcastCover_1500x1500px2-1.jpg","type":"image\/jpeg"}],"author":"Ringier Corporate Communications","twitter_card":"summary_large_image","twitter_creator":"@ringier_ag","twitter_site":"@ringier_ag","twitter_misc":{"Verfasst von":"Ringier Corporate Communications","Gesch\u00e4tzte Lesezeit":"3 Minuten"},"schema":{"@context":"https:\/\/schema.org","@graph":[{"@type":"Article","@id":"https:\/\/www.ringier.com\/de\/neue-staffel-von-blick-podcast-zwaeghochzwei\/#article","isPartOf":{"@id":"https:\/\/www.ringier.com\/de\/neue-staffel-von-blick-podcast-zwaeghochzwei\/"},"author":{"name":"Ringier Corporate Communications","@id":"https:\/\/www.ringier.com\/de\/#\/schema\/person\/4cf76a308dc4b2bb5121bd1e7b752e52"},"headline":"Neue Staffel von Blick-Podcast \u00abZw\u00e4gHochZwei\u00bb","datePublished":"2023-10-09T09:04:00+00:00","dateModified":"2024-11-12T14:49:56+00:00","mainEntityOfPage":{"@id":"https:\/\/www.ringier.com\/de\/neue-staffel-von-blick-podcast-zwaeghochzwei\/"},"wordCount":390,"publisher":{"@id":"https:\/\/www.ringier.com\/de\/#organization"},"image":{"@id":"https:\/\/www.ringier.com\/de\/neue-staffel-von-blick-podcast-zwaeghochzwei\/#primaryimage"},"thumbnailUrl":"https:\/\/www.ringier.com\/wp-content\/uploads\/2023\/06\/01_Blick_ZwaegHochZwei_PodcastCover_1500x1500px2-1.jpg","articleSection":["Media","Ringier Medien Schweiz"],"inLanguage":"de-DE"},{"@type":"WebPage","@id":"https:\/\/www.ringier.com\/de\/neue-staffel-von-blick-podcast-zwaeghochzwei\/","url":"https:\/\/www.ringier.com\/de\/neue-staffel-von-blick-podcast-zwaeghochzwei\/","name":"Neue Staffel von Blick-Podcast \u00abZw\u00e4gHochZwei\u00bb - Ringier","isPartOf":{"@id":"https:\/\/www.ringier.com\/de\/#website"},"primaryImageOfPage":{"@id":"https:\/\/www.ringier.com\/de\/neue-staffel-von-blick-podcast-zwaeghochzwei\/#primaryimage"},"image":{"@id":"https:\/\/www.ringier.com\/de\/neue-staffel-von-blick-podcast-zwaeghochzwei\/#primaryimage"},"thumbnailUrl":"https:\/\/www.ringier.com\/wp-content\/uploads\/2023\/06\/01_Blick_ZwaegHochZwei_PodcastCover_1500x1500px2-1.jpg","datePublished":"2023-10-09T09:04:00+00:00","dateModified":"2024-11-12T14:49:56+00:00","breadcrumb":{"@id":"https:\/\/www.ringier.com\/de\/neue-staffel-von-blick-podcast-zwaeghochzwei\/#breadcrumb"},"inLanguage":"de-DE","potentialAction":[{"@type":"ReadAction","target":["https:\/\/www.ringier.com\/de\/neue-staffel-von-blick-podcast-zwaeghochzwei\/"]}]},{"@type":"ImageObject","inLanguage":"de-DE","@id":"https:\/\/www.ringier.com\/de\/neue-staffel-von-blick-podcast-zwaeghochzwei\/#primaryimage","url":"https:\/\/www.ringier.com\/wp-content\/uploads\/2023\/06\/01_Blick_ZwaegHochZwei_PodcastCover_1500x1500px2-1.jpg","contentUrl":"https:\/\/www.ringier.com\/wp-content\/uploads\/2023\/06\/01_Blick_ZwaegHochZwei_PodcastCover_1500x1500px2-1.jpg","width":1500,"height":897},{"@type":"BreadcrumbList","@id":"https:\/\/www.ringier.com\/de\/neue-staffel-von-blick-podcast-zwaeghochzwei\/#breadcrumb","itemListElement":[{"@type":"ListItem","position":1,"name":"Home","item":"https:\/\/www.ringier.com\/de\/"},{"@type":"ListItem","position":2,"name":"Neue Staffel von Blick-Podcast \u00abZw\u00e4gHochZwei\u00bb"}]},{"@type":"WebSite","@id":"https:\/\/www.ringier.com\/de\/#website","url":"https:\/\/www.ringier.com\/de\/","name":"Ringier","description":"We inform. We entertain. We connect","publisher":{"@id":"https:\/\/www.ringier.com\/de\/#organization"},"potentialAction":[{"@type":"SearchAction","target":{"@type":"EntryPoint","urlTemplate":"https:\/\/www.ringier.com\/de\/?s={search_term_string}"},"query-input":{"@type":"PropertyValueSpecification","valueRequired":true,"valueName":"search_term_string"}}],"inLanguage":"de-DE"},{"@type":"Organization","@id":"https:\/\/www.ringier.com\/de\/#organization","name":"Ringier","url":"https:\/\/www.ringier.com\/de\/","logo":{"@type":"ImageObject","inLanguage":"de-DE","@id":"https:\/\/www.ringier.com\/de\/#\/schema\/logo\/image\/","url":"https:\/\/www.ringier.com\/wp-content\/uploads\/2021\/10\/ringier_logo_2.jpg","contentUrl":"https:\/\/www.ringier.com\/wp-content\/uploads\/2021\/10\/ringier_logo_2.jpg","width":750,"height":550,"caption":"Ringier"},"image":{"@id":"https:\/\/www.ringier.com\/de\/#\/schema\/logo\/image\/"},"sameAs":["https:\/\/www.facebook.com\/ringierag\/","https:\/\/x.com\/ringier_ag","https:\/\/www.instagram.com\/ringier_ag\/","https:\/\/www.linkedin.com\/company\/ringier\/","https:\/\/www.youtube.com\/user\/RingierComm","https:\/\/en.wikipedia.org\/wiki\/Ringier","https:\/\/de.wikipedia.org\/wiki\/Ringier","https:\/\/fr.wikipedia.org\/wiki\/Ringier","https:\/\/www.crunchbase.com\/organization\/ringier-ag"]},{"@type":"Person","@id":"https:\/\/www.ringier.com\/de\/#\/schema\/person\/4cf76a308dc4b2bb5121bd1e7b752e52","name":"Ringier Corporate Communications","image":{"@type":"ImageObject","inLanguage":"de-DE","@id":"https:\/\/www.ringier.com\/de\/#\/schema\/person\/image\/","url":"https:\/\/secure.gravatar.com\/avatar\/9391e20481368d5df4fe3e1e476c13b27786347489822ec1ed07e532bb41f587?s=96&d=mm&r=g","contentUrl":"https:\/\/secure.gravatar.com\/avatar\/9391e20481368d5df4fe3e1e476c13b27786347489822ec1ed07e532bb41f587?s=96&d=mm&r=g","caption":"Ringier Corporate Communications"},"sameAs":["https:\/\/www.ringier.com"]}]}},"_links":{"self":[{"href":"https:\/\/www.ringier.com\/de\/wp-json\/wp\/v2\/posts\/16863","targetHints":{"allow":["GET"]}}],"collection":[{"href":"https:\/\/www.ringier.com\/de\/wp-json\/wp\/v2\/posts"}],"about":[{"href":"https:\/\/www.ringier.com\/de\/wp-json\/wp\/v2\/types\/post"}],"author":[{"embeddable":true,"href":"https:\/\/www.ringier.com\/de\/wp-json\/wp\/v2\/users\/23"}],"replies":[{"embeddable":true,"href":"https:\/\/www.ringier.com\/de\/wp-json\/wp\/v2\/comments?post=16863"}],"version-history":[{"count":0,"href":"https:\/\/www.ringier.com\/de\/wp-json\/wp\/v2\/posts\/16863\/revisions"}],"wp:featuredmedia":[{"embeddable":true,"href":"https:\/\/www.ringier.com\/de\/wp-json\/wp\/v2\/media\/16119"}],"wp:attachment":[{"href":"https:\/\/www.ringier.com\/de\/wp-json\/wp\/v2\/media?parent=16863"}],"wp:term":[{"taxonomy":"category","embeddable":true,"href":"https:\/\/www.ringier.com\/de\/wp-json\/wp\/v2\/categories?post=16863"},{"taxonomy":"post_tag","embeddable":true,"href":"https:\/\/www.ringier.com\/de\/wp-json\/wp\/v2\/tags?post=16863"}],"curies":[{"name":"wp","href":"https:\/\/api.w.org\/{rel}","templated":true}]}}