{"id":16617,"date":"2023-09-05T16:01:36","date_gmt":"2023-09-05T14:01:36","guid":{"rendered":"https:\/\/www.ringier.com\/?p=16617"},"modified":"2024-11-13T13:58:19","modified_gmt":"2024-11-13T12:58:19","slug":"erster-internationaler-editorial-summit-der-ringier-gruppe","status":"publish","type":"post","link":"https:\/\/www.ringier.com\/de\/erster-internationaler-editorial-summit-der-ringier-gruppe\/","title":{"rendered":"Journalismus im Fokus: Erster internationaler \u00abEditorial Summit\u00bb der Ringier-Gruppe"},"content":{"rendered":"\n<p>Auf Einladung von Verleger Michael Ringier, Ringier-CEO Marc Walder und Head Global Media &amp; Blick CEO Ladina Heimgartner trafen sich gestern im Rahmen des ersten \u00abEditorial Summit\u00bb der Ringier-Gruppe die Chefredaktorinnen und Chefredaktoren aller Ringier-Publikationen aus dem In- und Ausland. Gemeinsam diskutierten die knapp 50 Teilnehmerinnen und Teilnehmer im Z\u00fcrcher Medienpark \u00fcber das Zusammenspiel von Mensch und k\u00fcnstlicher Intelligenz bei ihren Titeln.<\/p>\n\n\n\n<p>Unter dem Motto: \u00abPen &amp; Prediction: Crafting the Future for Newsrooms with Human and Artificial Intelligence\u00bb wurde auf dem Summit u.a. \u00fcber die Chance und Einsatzm\u00f6glichkeiten von KI gesprochen.<\/p>\n\n\n\n<p>Der Editorial Summit unterstreiche das Engagement von Ringier f\u00fcr den Journalismus, betonte Verleger Michael Ringier in seiner Er\u00f6ffnungsrede. Michael Ringier schreibt seit \u00fcber 30 Jahren \u00fcber die Rolle des Journalismus in der Gesellschaft, unter anderem in seiner Kolumne im Magazin DOMO. Relevanz stand dabei oft im Zentrum. Mit der Digitalisierung hat sich die Medienlandschaft ver\u00e4ndert. Marken wie \u00abBlick\u00bb, \u00abLibertatea\u00bb und \u00abOnet\u00bb\u00a0st\u00fcnden f\u00fcr journalistische Integrit\u00e4t. Aufgabe der Journalisten sei es, den Menschen die Welt zu erkl\u00e4ren und dabei sowohl globale als auch allt\u00e4gliche Perspektiven einzubeziehen. Dabei sei es wichtig, die journalistische Seriosit\u00e4t in den Vordergrund zu stellen und Freude am Lesen zu vermitteln.\u00a0<\/p>\n\n\n\n<p>In Impulsreferaten sprachen Expertinnen und Experten \u2013 darunter der renommierte Wirtschaftsjournalist Lionel Barber, die Wissenschaftlerin und Mitglied des Ringier AI Adversory Boards &nbsp;Dr. L\u00e9a Steinacker, der Digital-Experte f\u00fcr User Needs Dmitry Shishkin, sowie Matthieu Mingasson, Head Design Transformation bei der New Yorker Internet-Agentur Code and Theory &#8211; zu diesem Themenkomplex.<\/p>\n\n\n\n<div class=\"gallery-content-slider\" id=\"gallery-slider-frontend-1\">\n    <div class=\"glide__track\" data-glide-el=\"track\">\n        <div class=\"glide__slides\">\n                                <div class=\"glide__slide gallery-slider-slide-style-widescreen gallery-slider-slide-fit-contain\">\n                                <div class=\"glide-content-slider-img-wrap glide-content-slider-img-wrap-1\">\n                    <img decoding=\"async\" src=\"https:\/\/www.ringier.com\/wp-content\/uploads\/2023\/09\/4A8A3952-Verbessert-NR-Kopie.jpg\" alt=\"\">\n                <\/div>\n            <\/div>\n                                                        <div class=\"glide__slide gallery-slider-slide-style-widescreen gallery-slider-slide-fit-contain\">\n                                <div class=\"glide-content-slider-img-wrap glide-content-slider-img-wrap-1\">\n                    <img decoding=\"async\" src=\"https:\/\/www.ringier.com\/wp-content\/uploads\/2023\/09\/4A8A3018-Verbessert-NR-Kopie.jpg\" alt=\"\">\n                <\/div>\n            <\/div>\n                                                        <div class=\"glide__slide gallery-slider-slide-style-widescreen gallery-slider-slide-fit-contain\">\n                                <div class=\"glide-content-slider-img-wrap glide-content-slider-img-wrap-1\">\n                    <img decoding=\"async\" src=\"https:\/\/www.ringier.com\/wp-content\/uploads\/2023\/09\/4A8A3371-Verbessert-NR-Kopie.jpg\" alt=\"\">\n                <\/div>\n            <\/div>\n                                                        <div class=\"glide__slide gallery-slider-slide-style-widescreen gallery-slider-slide-fit-contain\">\n                                <div class=\"glide-content-slider-img-wrap glide-content-slider-img-wrap-1\">\n                    <img decoding=\"async\" src=\"https:\/\/www.ringier.com\/wp-content\/uploads\/2023\/09\/4A8A4332-Verbessert-NR-Kopie.jpg\" alt=\"\">\n                <\/div>\n            <\/div>\n                                                        <div class=\"glide__slide gallery-slider-slide-style-widescreen gallery-slider-slide-fit-contain\">\n                                <div class=\"glide-content-slider-img-wrap glide-content-slider-img-wrap-1\">\n                    <img decoding=\"async\" src=\"https:\/\/www.ringier.com\/wp-content\/uploads\/2023\/09\/005A6248-Verbessert-NR-Kopie.jpg\" alt=\"\">\n                <\/div>\n            <\/div>\n                                                        <div class=\"glide__slide gallery-slider-slide-style-widescreen gallery-slider-slide-fit-contain\">\n                                <div class=\"glide-content-slider-img-wrap glide-content-slider-img-wrap-1\">\n                    <img decoding=\"async\" src=\"https:\/\/www.ringier.com\/wp-content\/uploads\/2023\/09\/4A8A4478-Verbessert-NR-Kopie.jpg\" alt=\"\">\n                <\/div>\n            <\/div>\n                                                        <div class=\"glide__slide gallery-slider-slide-style-widescreen gallery-slider-slide-fit-contain\">\n                                <div class=\"glide-content-slider-img-wrap glide-content-slider-img-wrap-1\">\n                    <img decoding=\"async\" src=\"https:\/\/www.ringier.com\/wp-content\/uploads\/2023\/09\/4A8A4228-Verbessert-NR-Kopie.jpg\" alt=\"\">\n                <\/div>\n            <\/div>\n                                                        <div class=\"glide__slide gallery-slider-slide-style-widescreen gallery-slider-slide-fit-contain\">\n                                <div class=\"glide-content-slider-img-wrap glide-content-slider-img-wrap-1\">\n                    <img decoding=\"async\" src=\"https:\/\/www.ringier.com\/wp-content\/uploads\/2023\/09\/4A8A4291-Verbessert-NR-Kopie.jpg\" alt=\"\">\n                <\/div>\n            <\/div>\n                                        <\/div>\n                    <div class=\"glide__controls gallery__controls\" data-glide-el=\"controls\">\n                <button class=\"slider__arrow slider__arrow--prev glide__arrow glide__arrow--prev\" data-glide-dir=\"<\">\n                    <svg width=\"28\" height=\"56\" viewBox=\"0 0 28 56\" fill=\"currentColor\" version=\"1.1\" id=\"svg4\" sodipodi:docname=\"gallery-left-arrow-semicircle.svg\" inkscape:version=\"1.1.2 (0a00cf5339, 2022-02-04)\" xmlns:inkscape=\"http:\/\/www.inkscape.org\/namespaces\/inkscape\" xmlns:sodipodi=\"http:\/\/sodipodi.sourceforge.net\/DTD\/sodipodi-0.dtd\" xmlns=\"http:\/\/www.w3.org\/2000\/svg\" xmlns:svg=\"http:\/\/www.w3.org\/2000\/svg\">\n                        <path id=\"path32\" style=\"fill:#ffffff;fill-rule:evenodd;stroke-width:1.9741\" d=\"M 0.164062,0.01171875 V 56 H 0 a 28,28 0 0 0 0.164062,0.01172 28,28 0 0 0 28,-28 28,28 0 0 0 -28,-28.00000025 z\" \/>\n                        <path d=\"m 20.821022,26.761865 v 2.5 H 4.7856724 l 4.0531199,4.05311 -1.76773,1.7678 L 0,28.011735 l 7.0710623,-7.071072 1.76773,1.767762 -4.0534099,4.05344 z\" fill=\"currentColor\" id=\"path2\" \/>\n                    <\/svg>\n                <\/button>\n                <button class=\"slider__arrow slider__arrow--next glide__arrow glide__arrow--next\" data-glide-dir=\">\">\n                    <svg width=\"28\" height=\"56\" viewBox=\"0 0 28 56\" fill=\"none\" version=\"1.1\" id=\"svg4\" sodipodi:docname=\"gallery-right-arrow-semicircle.svg\" inkscape:version=\"1.1.2 (0a00cf5339, 2022-02-04)\" xmlns:inkscape=\"http:\/\/www.inkscape.org\/namespaces\/inkscape\" xmlns:sodipodi=\"http:\/\/sodipodi.sourceforge.net\/DTD\/sodipodi-0.dtd\" xmlns=\"http:\/\/www.w3.org\/2000\/svg\" xmlns:svg=\"http:\/\/www.w3.org\/2000\/svg\">\n                        <path id=\"path32\" style=\"fill:#ffffff;fill-rule:evenodd;stroke-width:1.96834\" d=\"M 27.836894,56.000001 V 0.01172 H 28 A 27.836894,28 0 0 0 27.836894,0 27.836894,28 0 0 0 0,28 27.836894,28 0 0 0 27.836894,56.000001 Z\" \/>\n                        <path d=\"m 7.3002651,29.249855 v -2.5 H 23.242206 l -4.02951,-4.05311 1.757433,-1.7678 7.029871,7.07104 -7.029871,7.071072 -1.757433,-1.767762 4.029798,-4.05344 z\" fill=\"currentColor\" id=\"path2\" style=\"stroke-width:0.997083\" \/>\n                    <\/svg>\n                <\/button>\n            <\/div>\n            <\/div>\n\n    <!-- We need to show number of slides rather than dots for navigation, eg (1 of 10)-->\n    <div class=\"glide__footer\">\n                <div class=\"glide__controls gallery__controls__mobile\" data-glide-el=\"controls\">\n            <button class=\"slider__arrow slider__arrow--prev glide__arrow glide__arrow--prev\" data-glide-dir=\"<\">\n                <svg width=\"22\" height=\"16\" viewBox=\"0 0 22 16\" fill=\"none\" xmlns=\"http:\/\/www.w3.org\/2000\/svg\">\n                    <path d=\"M21.4105 6.75089V9.25089H5.37515L9.42827 13.304L7.66054 15.0718L0.589478 8.00076L7.66054 0.929688L9.42827 2.69745L5.37486 6.75089H21.4105Z\" fill=\"currentColor\"\/>\n                <\/svg>\n            <\/button>\n            <div class=\"glide__footer_count_wrap\">\n                <div class=\"glide__footer_count\">\n                    1\/8                <\/div>\n            <\/div>\n            <button class=\"slider__arrow slider__arrow--next glide__arrow glide__arrow--next\" data-glide-dir=\">\">\n                <svg width=\"22\" height=\"16\" viewBox=\"0 0 22 16\" fill=\"none\" xmlns=\"http:\/\/www.w3.org\/2000\/svg\">\n                    <path d=\"M0.5895 9.24911L0.5895 6.74911L16.6249 6.74911L12.5717 2.69599L14.3395 0.928239L21.4105 7.99924L14.3395 15.0703L12.5717 13.3026L16.6252 9.24911L0.5895 9.24911Z\" fill=\"currentColor\"\/>\n                <\/svg>\n            <\/button>\n        <\/div>\n        \n            <\/div>\n\n<\/div>\n\n    <script>\n        var glide1 = new Glide('#gallery-slider-frontend-1', {\n            type: 'carousel',\n            perView: 1,\n            gap: 20,\n                            autoplay: 10000,\n                        \/\/ Pause autoplay on hover\n            hoverpause: false,\n        })\n        glide1.mount();\n\n        \/\/ Update footer with current slide\n        glide1.on('run.after', function(){\n            \/\/ Update counter\n            var footer = document.querySelector('#gallery-slider-frontend-1 .glide__footer .glide__footer_count');\n            footer.innerHTML = (glide1.index + 1) + '\/8';\n\n                    });\n\n        \/\/ Pause when not in view\n        var glide_slider_observer = new IntersectionObserver(function(entries, glide_slider_observer){\n            entries.forEach(entry => {\n                if(entry.isIntersecting){\n                    glide1.play();\n                }else{\n                    glide1.pause();\n                }\n            });\n        }, {threshold: 0.5});\n        glide_slider_observer.observe(document.querySelector('#gallery-slider-frontend-1'));\n\n    <\/script>\n\n<style>\n\n    .glide-gallery-text-wrap{\n        \/* margin-top: 46px; *\/\n        width: 100%;\n        color: #fff;\n        position: relative;\n        background-color: #162D46;\n        min-height: calc(40px + (20px));\n    }\n    .glide-gallery-text{\n        font-family   : 'Ringier Book';\n        padding       : 20px;\n        font-style    : normal;\n        letter-spacing: 0;\n        font-size     : 16px;\n        line-height   : 20px;\n\n    }\n    .glide-gallery-text p, .glide-gallery-text a{\n        font-family   : 'Ringier Book';\n        padding       : 0px;\n        margin        : 0px;\n        font-style    : normal;\n        letter-spacing: 0;\n        font-size     : 16px;\n        line-height   : 20px;\n        color         : #FFF;\n    }\n    .gallery-content-slider .glide__track{\n        position: relative;\n    }\n    .gallery-content-slider .glide__slide img{\n        width: 100%;\n    }\n    \/* This is a horizontally scrollable list of dots with a fade effect *\/\n    .glide-gallery-image-bullet-wrap{\n        \n        display: flex;\n        flex-direction: row;\n        overflow-x: auto;\n        overflow-y: hidden;\n        scroll-snap-type: x mandatory;\n        scroll-behavior: smooth;\n        -webkit-overflow-scrolling: touch;\n        padding: 20px 0;\n        gap:10px;\n        justify-content: center;\n    }\n    .glide-gallery-image-bullet-wrap::-webkit-scrollbar {\n        display: none;\n    }\n\n    \/* Remove all button styles and make them simple squares *\/\n    .glide-gallery-image-bullet{\n        \/* flex: 1; *\/\n        border: 1px solid transparent;\n        background: none;\n        padding: 0;\n        margin: 0;\n        \/* width: 100px; *\/\n        \/* min-width: 100px; *\/\n        \/* height: 100px; *\/\n        cursor: pointer;\n    }\n    .glide-gallery-image-bullet-wrap > .glide__bullet--active{\n        border: 1px solid #f5f5f7;\n    }\n    .glide-gallery-image-bullet img{\n        width: 100px;\n        height: 80px;\n        object-fit: cover;\n    }\n    \/* Custom single slide stypes *\/\n    \/* Default Fixed aspect ratio *\/\n    .glide-content-slider-img-wrap>img{\n        object-fit: contain;\n        aspect-ratio: 3\/2;\n        background-color: #f6f6f6;\n    }\n\n    \/* Full Height *\/\n    .gallery-slider-slide-style-full-width{\n        width: 100%;\n    }\n    .gallery-slider-slide-style-full-width{\n        width: 100%;\n    }\n\n    \/* Aspect Ratio classes *\/\n    .gallery-slider-slide-style-vertical > .glide-content-slider-img-wrap>img{\n        aspect-ratio: 4\/5;\n    }\n    .gallery-slider-slide-style-standard > .glide-content-slider-img-wrap>img{\n        aspect-ratio: 4\/3;\n    }\n    .gallery-slider-slide-style-square > .glide-content-slider-img-wrap>img{\n        aspect-ratio: 1\/1;\n    }\n    .gallery-slider-slide-style-widescreen > .glide-content-slider-img-wrap>img{\n        aspect-ratio: 16\/9;\n    }\n    .gallery-slider-slide-style-ultrawide > .glide-content-slider-img-wrap>img{\n        aspect-ratio: 2.4\/1;\n    }\n\n    \/* Image fit classes *\/\n    .gallery-slider-slide-fit-contain > .glide-content-slider-img-wrap>img{\n        object-fit: contain;\n    }\n    .gallery-slider-slide-fit-cover > .glide-content-slider-img-wrap>img{\n        object-fit: cover;\n    }\n    .gallery-slider-slide-fit-fill > .glide-content-slider-img-wrap>img{\n        object-fit: fill;\n    }\n    \/* Glide arrows, need to be cented in slider  *\/\n    .gallery-content-slider{\n        position: relative;\n    }\n    .gallery__controls{\n        position: absolute;\n        display: flex;\n        justify-content: space-between;\n        width: 100%;\n        top: 50%;\n        transform: translateY(-50%);\n        height: 56px;\n    }\n    .gallery__controls>.slider__arrow{\n        height: 56px;\n        display: flex;\n        align-items: center;\n        justify-content: center;\n        background-color: transparent;\n        width: 28px;\n        height: 56px;\n        padding: 0px !important;\n    }\n\n    .gallery__controls__mobile>.slider__arrow{\n        width: 28px;\n        height: 56px;\n        display: flex;\n        align-items: center;\n    }\n    .gallery__controls>.slider__arrow--prev{\n        margin-left:-1px;\n    }\n    .gallery__controls>.slider__arrow--next{\n        margin-right:-1px;\n    }\n    .gallery__controls__mobile{\n        width: 100%;\n        display: flex;\n        justify-content: center;\n    }\n    .gallery__controls__mobile .slider__arrow{\n        width:22px;\n        padding: 0px;\n        display: none;\n    }\n    @media screen and (max-width: 768px) {\n        .gallery__controls__mobile{\n            justify-content: space-between;\n        }\n        .gallery__controls__mobile .slider__arrow{\n            display: flex;\n        }\n        .gallery__controls{\n            display: none;\n        }\n    }\n    .glide__footer{\n        display: block;\n        justify-content: center;\n    }\n    .glide__footer_count_wrap{\n        display: flex;\n        padding-block: 16px;\n        justify-content: center;\n    }\n    .glide__footer_count{\n        font-family: 'Ringier Book';\n        font-style: normal;\n        font-weight: 700;\n        font-size: 20px;\n        line-height: 24px;\n        color: #162D46;\n    }\n\n    .gallery__controls .slider__arrow svg{\n        color:#ACACAC;\n        transition: all 0.2s;\n    }\n    .gallery__controls__mobile .slider__arrow svg{\n        color:#162D46;\n        \/* transition: all 0.2s; *\/\n    }\n    .gallery__controls .slider__arrow svg:hover, .gallery__controls__mobile .slider__arrow svg:hover{\n        color:#162D46;\n    }\n<\/style>\n\n\n\n<p>Mit Gedanken zu Technologie und Medien, KI und Medien, Herausforderungen und Chancen der Medien in einer weitgehend digitalen Welt leitete Marc Walder ein. Seine Kernbotschaft: Bei aller Transformation ist und bleibt f\u00fcr Journalistinnen und Journalisten entscheidend, dass zuerst die Fakten richtig aufbereitet werden. Erst danach k\u00e4men Interpretation, Storytelling, Formate und Meinungen.<br><br>Ein krasses &nbsp;Negativbeispiel, so Walder, sei gerade erst in der Presse zu lesen gewesen: \u00abWer soll diesen Blick noch lesen?\u00bb wurde getitelt. Und der Autor kam zum Schluss, dass der Blick, besser das machen solle, was er fr\u00fcher gemacht hat: Sex, Crime und Sport. Nur so w\u00fcrde der Blick erfolgreich sein k\u00f6nnen. Dies sei ein ebenso peinliches wie gutes Beispiel, wohin faktenfreier Journalismus f\u00fchre: Ein Telefonat, ein kleiner Fakten-Check h\u00e4tte dem benannten Journalisten n\u00e4mlich die kontr\u00e4ren Tatsachen vor Augen gef\u00fchrt, wie erfolgreich die Blick-Gruppe sich in den vergangenen 3 Jahren entwickelt hat:&nbsp;<\/p>\n\n\n\n<ul class=\"wp-block-list\">\n<li>Nie hatte Blick mehr User (1,3 Mio pro Tag)&nbsp;<\/li>\n\n\n\n<li>Nie hatte der Blick mehr Video Views (1 Mio pro Tag)<\/li>\n\n\n\n<li>Nie hatte der Blick mehr Frauen als Leserinnen (50 %)&nbsp;<\/li>\n\n\n\n<li>Nie z\u00e4hlte man auf Blick.ch eine l\u00e4ngere Verweildauer (\u00fcber 5 Minuten)<\/li>\n<\/ul>\n\n\n\n<p>Auch Wirtschaftsjournalist Lionel Barber, ehemaliger Chefredaktor der Financial Times, bekr\u00e4ftigte in seinem Referat die Wichtigkeit von Faktentreue. Es sei viel einfacher eine Meinung zu haben, als die Fakten zu kennen. In Bezug auf Qualit\u00e4t meinte er, dass es trotz Wettbewerbsgedanken wichtiger sei, nicht am schnellsten zu sein, sondern der oder die Erste, welche die Geschichte versteht und korrekt wiedergibt.<\/p>\n\n\n\n<p>Wie man f\u00fcr die User relevant bleibt, erkl\u00e4rte User-Needs-Experte Dmitry Shishkin anhand des User News Modells, das acht verschiedene Nutzerbed\u00fcrfnisse identifiziert. Shishkin zeigte sich \u00fcberzeugt: Wenn die Bed\u00fcrfnisse des Publikums kreativ, konsistent und strategisch bedient werden, folgt auch das Wachstum. Sein Rat an die anwesenden Journalisten und Journalistinnen: Fragen Sie sich kritisch, was sich im Leben Ihrer Leserschaft \u00e4ndert, wenn es die Medienmarke, f\u00fcr die man t\u00e4tig ist, morgen nicht mehr geben w\u00fcrde?<\/p>\n\n\n\n<p>Matthieu Mingasson, Head Design Transformation bei der New Yorker Internet-Agentur Code&amp;Theory, setzte sich mit der Frage auseinander, in welchen ehemals journalistischen Bereichen Search Portale und AI das Zepter \u00fcbernommen haben und wo Journalismus auch weiterhin Wert stiften kann und wird. Kompetenz, Glaubw\u00fcrdigkeit und Vertrauen durch den Einsatz von KI werden Marken zugesprochen, die experimentieren und lernen. Dennoch: Trotz aller k\u00fcnstlicher Intelligenz, seien es die einzigartigen, originellen Inhalte einer Marke, die besonders gew\u00fcrdigt werden m\u00fcssen.<\/p>\n\n\n\n<p>W\u00e4hrend des anschliessenden Dinners gelang es L\u00e9a Steinacker, die Anwesenden auf eine packende Reise in die Vergangenheit, die Gegenwart und die Zukunft von AI mitzunehmen. F\u00fcr Steinacker, die u.a. an der Universit\u00e4t St. Gallen AI lehrt, ist klar, dass obwohl wir noch Quantenspr\u00fcnge in der Entwicklung von AI erleben werden, &nbsp;das \u00abMenschliche\u00bb im Journalismus auch k\u00fcnftig als \u00abPremium\u00bb herausstechen wird.<\/p>\n\n\n\n<p><strong>Ringier International Editorial Standards &amp; Innovation Board tagt erstmals<\/strong><\/p>\n\n\n\n<p>Das \u00abRingier International Editorial Standards and Innovation Board\u00bb kam gestern erstmals zusammen. Es befasst sich mit den Publikationen von Ringier, beurteilt und f\u00f6rdert Leadership und Innovationen. Das \u00abRingier International Editorial Standards and Innovation Board\u00bb unter dem Vorsitz von Michael Ringier, ist besetzt mit Ringier-Verwaltungsr\u00e4tin Nancy Cruickshank, dem CEO der Ringier AG Marc Walder, der Head Global Media der Ringier AG Ladina Heimgartner, dem CEO der Ringier Axel Springer Schweiz AG Alexander Theobald, der Chief Innovation Officer der Ringier AG Petra Ehmann, dem Leiter der Ringier-Journalistenschule Peter Hossli, dem externen, international t\u00e4tigen Medienexperten Dmitry Shishkin sowie dem Journalist und langj\u00e4hrigen CEO von Gruner &amp; Jahr und RTL Deutschland Stephan Sch\u00e4fer.<\/p>\n\n\n\n<div style=\"height:4px\" aria-hidden=\"true\" class=\"wp-block-spacer\"><\/div>\n\n\n\n<p>Ringier AG, Corporate Communications<\/p>\n","protected":false},"excerpt":{"rendered":"<p>Im Rahmen des ersten \u00abEditorial Summit\u00bb der Ringier-Gruppe diskutierten gestern die Chefredaktorinnen und Chefredaktoren s\u00e4mtlicher internationaler Ringier-Titel im Z\u00fcrcher Medienpark \u00fcber User Needs, Produktinnovationen und den Einsatz von K\u00fcnstlicher Intelligenz in ihren Redaktionen und Publikationen. Gleichentags tagte auch das Ringier International Editorial Standards &#038; Innovation Board.<\/p>\n","protected":false},"author":23,"featured_media":16618,"comment_status":"closed","ping_status":"open","sticky":false,"template":"","format":"standard","meta":{"inline_featured_image":false,"footnotes":""},"categories":[371],"tags":[],"class_list":["post-16617","post","type-post","status-publish","format-standard","has-post-thumbnail","hentry","category-media-de"],"yoast_head":"<!-- This site is optimized with the Yoast SEO Premium plugin v27.0 (Yoast SEO v27.0) - https:\/\/yoast.com\/product\/yoast-seo-premium-wordpress\/ -->\n<title>Journalismus im Fokus: Erster internationaler \u00abEditorial Summit\u00bb der Ringier-Gruppe - Ringier<\/title>\n<meta name=\"robots\" content=\"index, follow, max-snippet:-1, max-image-preview:large, max-video-preview:-1\" \/>\n<link rel=\"canonical\" href=\"https:\/\/www.ringier.com\/de\/erster-internationaler-editorial-summit-der-ringier-gruppe\/\" \/>\n<meta property=\"og:locale\" content=\"de_DE\" \/>\n<meta property=\"og:type\" content=\"article\" \/>\n<meta property=\"og:title\" content=\"Journalismus im Fokus: Erster internationaler \u00abEditorial Summit\u00bb der Ringier-Gruppe\" \/>\n<meta property=\"og:description\" content=\"Im Rahmen des ersten \u00abEditorial Summit\u00bb der Ringier-Gruppe diskutierten gestern die Chefredaktorinnen und Chefredaktoren s\u00e4mtlicher internationaler Ringier-Titel im Z\u00fcrcher Medienpark \u00fcber User Needs, Produktinnovationen und den Einsatz von K\u00fcnstlicher Intelligenz in ihren Redaktionen und Publikationen. Gleichentags tagte auch das Ringier International Editorial Standards &amp; Innovation Board.\" \/>\n<meta property=\"og:url\" content=\"https:\/\/www.ringier.com\/de\/erster-internationaler-editorial-summit-der-ringier-gruppe\/\" \/>\n<meta property=\"og:site_name\" content=\"Ringier\" \/>\n<meta property=\"article:publisher\" content=\"https:\/\/www.facebook.com\/ringierag\/\" \/>\n<meta property=\"article:published_time\" content=\"2023-09-05T14:01:36+00:00\" \/>\n<meta property=\"article:modified_time\" content=\"2024-11-13T12:58:19+00:00\" \/>\n<meta property=\"og:image\" content=\"https:\/\/www.ringier.com\/wp-content\/uploads\/2023\/09\/unnamed-5.png\" \/>\n\t<meta property=\"og:image:width\" content=\"1200\" \/>\n\t<meta property=\"og:image:height\" content=\"600\" \/>\n\t<meta property=\"og:image:type\" content=\"image\/png\" \/>\n<meta name=\"author\" content=\"Ringier Corporate Communications\" \/>\n<meta name=\"twitter:card\" content=\"summary_large_image\" \/>\n<meta name=\"twitter:creator\" content=\"@ringier_ag\" \/>\n<meta name=\"twitter:site\" content=\"@ringier_ag\" \/>\n<meta name=\"twitter:label1\" content=\"Verfasst von\" \/>\n\t<meta name=\"twitter:data1\" content=\"Ringier Corporate Communications\" \/>\n\t<meta name=\"twitter:label2\" content=\"Gesch\u00e4tzte Lesezeit\" \/>\n\t<meta name=\"twitter:data2\" content=\"5 Minuten\" \/>\n<script type=\"application\/ld+json\" class=\"yoast-schema-graph\">{\"@context\":\"https:\/\/schema.org\",\"@graph\":[{\"@type\":\"Article\",\"@id\":\"https:\/\/www.ringier.com\/de\/erster-internationaler-editorial-summit-der-ringier-gruppe\/#article\",\"isPartOf\":{\"@id\":\"https:\/\/www.ringier.com\/de\/erster-internationaler-editorial-summit-der-ringier-gruppe\/\"},\"author\":{\"name\":\"Ringier Corporate Communications\",\"@id\":\"https:\/\/www.ringier.com\/de\/#\/schema\/person\/4cf76a308dc4b2bb5121bd1e7b752e52\"},\"headline\":\"Journalismus im Fokus: Erster internationaler \u00abEditorial Summit\u00bb der Ringier-Gruppe\",\"datePublished\":\"2023-09-05T14:01:36+00:00\",\"dateModified\":\"2024-11-13T12:58:19+00:00\",\"mainEntityOfPage\":{\"@id\":\"https:\/\/www.ringier.com\/de\/erster-internationaler-editorial-summit-der-ringier-gruppe\/\"},\"wordCount\":880,\"publisher\":{\"@id\":\"https:\/\/www.ringier.com\/de\/#organization\"},\"image\":{\"@id\":\"https:\/\/www.ringier.com\/de\/erster-internationaler-editorial-summit-der-ringier-gruppe\/#primaryimage\"},\"thumbnailUrl\":\"https:\/\/www.ringier.com\/wp-content\/uploads\/2023\/09\/unnamed-5.png\",\"articleSection\":[\"Media\"],\"inLanguage\":\"de-DE\"},{\"@type\":\"WebPage\",\"@id\":\"https:\/\/www.ringier.com\/de\/erster-internationaler-editorial-summit-der-ringier-gruppe\/\",\"url\":\"https:\/\/www.ringier.com\/de\/erster-internationaler-editorial-summit-der-ringier-gruppe\/\",\"name\":\"Journalismus im Fokus: Erster internationaler \u00abEditorial Summit\u00bb der Ringier-Gruppe - Ringier\",\"isPartOf\":{\"@id\":\"https:\/\/www.ringier.com\/de\/#website\"},\"primaryImageOfPage\":{\"@id\":\"https:\/\/www.ringier.com\/de\/erster-internationaler-editorial-summit-der-ringier-gruppe\/#primaryimage\"},\"image\":{\"@id\":\"https:\/\/www.ringier.com\/de\/erster-internationaler-editorial-summit-der-ringier-gruppe\/#primaryimage\"},\"thumbnailUrl\":\"https:\/\/www.ringier.com\/wp-content\/uploads\/2023\/09\/unnamed-5.png\",\"datePublished\":\"2023-09-05T14:01:36+00:00\",\"dateModified\":\"2024-11-13T12:58:19+00:00\",\"breadcrumb\":{\"@id\":\"https:\/\/www.ringier.com\/de\/erster-internationaler-editorial-summit-der-ringier-gruppe\/#breadcrumb\"},\"inLanguage\":\"de-DE\",\"potentialAction\":[{\"@type\":\"ReadAction\",\"target\":[\"https:\/\/www.ringier.com\/de\/erster-internationaler-editorial-summit-der-ringier-gruppe\/\"]}]},{\"@type\":\"ImageObject\",\"inLanguage\":\"de-DE\",\"@id\":\"https:\/\/www.ringier.com\/de\/erster-internationaler-editorial-summit-der-ringier-gruppe\/#primaryimage\",\"url\":\"https:\/\/www.ringier.com\/wp-content\/uploads\/2023\/09\/unnamed-5.png\",\"contentUrl\":\"https:\/\/www.ringier.com\/wp-content\/uploads\/2023\/09\/unnamed-5.png\",\"width\":1200,\"height\":600},{\"@type\":\"BreadcrumbList\",\"@id\":\"https:\/\/www.ringier.com\/de\/erster-internationaler-editorial-summit-der-ringier-gruppe\/#breadcrumb\",\"itemListElement\":[{\"@type\":\"ListItem\",\"position\":1,\"name\":\"Home\",\"item\":\"https:\/\/www.ringier.com\/de\/\"},{\"@type\":\"ListItem\",\"position\":2,\"name\":\"Journalismus im Fokus: Erster internationaler \u00abEditorial Summit\u00bb der Ringier-Gruppe\"}]},{\"@type\":\"WebSite\",\"@id\":\"https:\/\/www.ringier.com\/de\/#website\",\"url\":\"https:\/\/www.ringier.com\/de\/\",\"name\":\"Ringier\",\"description\":\"We inform. We entertain. We connect\",\"publisher\":{\"@id\":\"https:\/\/www.ringier.com\/de\/#organization\"},\"potentialAction\":[{\"@type\":\"SearchAction\",\"target\":{\"@type\":\"EntryPoint\",\"urlTemplate\":\"https:\/\/www.ringier.com\/de\/?s={search_term_string}\"},\"query-input\":{\"@type\":\"PropertyValueSpecification\",\"valueRequired\":true,\"valueName\":\"search_term_string\"}}],\"inLanguage\":\"de-DE\"},{\"@type\":\"Organization\",\"@id\":\"https:\/\/www.ringier.com\/de\/#organization\",\"name\":\"Ringier\",\"url\":\"https:\/\/www.ringier.com\/de\/\",\"logo\":{\"@type\":\"ImageObject\",\"inLanguage\":\"de-DE\",\"@id\":\"https:\/\/www.ringier.com\/de\/#\/schema\/logo\/image\/\",\"url\":\"https:\/\/www.ringier.com\/wp-content\/uploads\/2021\/10\/ringier_logo_2.jpg\",\"contentUrl\":\"https:\/\/www.ringier.com\/wp-content\/uploads\/2021\/10\/ringier_logo_2.jpg\",\"width\":750,\"height\":550,\"caption\":\"Ringier\"},\"image\":{\"@id\":\"https:\/\/www.ringier.com\/de\/#\/schema\/logo\/image\/\"},\"sameAs\":[\"https:\/\/www.facebook.com\/ringierag\/\",\"https:\/\/x.com\/ringier_ag\",\"https:\/\/www.instagram.com\/ringier_ag\/\",\"https:\/\/www.linkedin.com\/company\/ringier\/\",\"https:\/\/www.youtube.com\/user\/RingierComm\",\"https:\/\/en.wikipedia.org\/wiki\/Ringier\",\"https:\/\/de.wikipedia.org\/wiki\/Ringier\",\"https:\/\/fr.wikipedia.org\/wiki\/Ringier\",\"https:\/\/www.crunchbase.com\/organization\/ringier-ag\"]},{\"@type\":\"Person\",\"@id\":\"https:\/\/www.ringier.com\/de\/#\/schema\/person\/4cf76a308dc4b2bb5121bd1e7b752e52\",\"name\":\"Ringier Corporate Communications\",\"image\":{\"@type\":\"ImageObject\",\"inLanguage\":\"de-DE\",\"@id\":\"https:\/\/www.ringier.com\/de\/#\/schema\/person\/image\/\",\"url\":\"https:\/\/secure.gravatar.com\/avatar\/9391e20481368d5df4fe3e1e476c13b27786347489822ec1ed07e532bb41f587?s=96&d=mm&r=g\",\"contentUrl\":\"https:\/\/secure.gravatar.com\/avatar\/9391e20481368d5df4fe3e1e476c13b27786347489822ec1ed07e532bb41f587?s=96&d=mm&r=g\",\"caption\":\"Ringier Corporate Communications\"},\"sameAs\":[\"https:\/\/www.ringier.com\"]}]}<\/script>\n<!-- \/ Yoast SEO Premium plugin. -->","yoast_head_json":{"title":"Journalismus im Fokus: Erster internationaler \u00abEditorial Summit\u00bb der Ringier-Gruppe - Ringier","robots":{"index":"index","follow":"follow","max-snippet":"max-snippet:-1","max-image-preview":"max-image-preview:large","max-video-preview":"max-video-preview:-1"},"canonical":"https:\/\/www.ringier.com\/de\/erster-internationaler-editorial-summit-der-ringier-gruppe\/","og_locale":"de_DE","og_type":"article","og_title":"Journalismus im Fokus: Erster internationaler \u00abEditorial Summit\u00bb der Ringier-Gruppe","og_description":"Im Rahmen des ersten \u00abEditorial Summit\u00bb der Ringier-Gruppe diskutierten gestern die Chefredaktorinnen und Chefredaktoren s\u00e4mtlicher internationaler Ringier-Titel im Z\u00fcrcher Medienpark \u00fcber User Needs, Produktinnovationen und den Einsatz von K\u00fcnstlicher Intelligenz in ihren Redaktionen und Publikationen. Gleichentags tagte auch das Ringier International Editorial Standards & Innovation Board.","og_url":"https:\/\/www.ringier.com\/de\/erster-internationaler-editorial-summit-der-ringier-gruppe\/","og_site_name":"Ringier","article_publisher":"https:\/\/www.facebook.com\/ringierag\/","article_published_time":"2023-09-05T14:01:36+00:00","article_modified_time":"2024-11-13T12:58:19+00:00","og_image":[{"width":1200,"height":600,"url":"https:\/\/www.ringier.com\/wp-content\/uploads\/2023\/09\/unnamed-5.png","type":"image\/png"}],"author":"Ringier Corporate Communications","twitter_card":"summary_large_image","twitter_creator":"@ringier_ag","twitter_site":"@ringier_ag","twitter_misc":{"Verfasst von":"Ringier Corporate Communications","Gesch\u00e4tzte Lesezeit":"5 Minuten"},"schema":{"@context":"https:\/\/schema.org","@graph":[{"@type":"Article","@id":"https:\/\/www.ringier.com\/de\/erster-internationaler-editorial-summit-der-ringier-gruppe\/#article","isPartOf":{"@id":"https:\/\/www.ringier.com\/de\/erster-internationaler-editorial-summit-der-ringier-gruppe\/"},"author":{"name":"Ringier Corporate Communications","@id":"https:\/\/www.ringier.com\/de\/#\/schema\/person\/4cf76a308dc4b2bb5121bd1e7b752e52"},"headline":"Journalismus im Fokus: Erster internationaler \u00abEditorial Summit\u00bb der Ringier-Gruppe","datePublished":"2023-09-05T14:01:36+00:00","dateModified":"2024-11-13T12:58:19+00:00","mainEntityOfPage":{"@id":"https:\/\/www.ringier.com\/de\/erster-internationaler-editorial-summit-der-ringier-gruppe\/"},"wordCount":880,"publisher":{"@id":"https:\/\/www.ringier.com\/de\/#organization"},"image":{"@id":"https:\/\/www.ringier.com\/de\/erster-internationaler-editorial-summit-der-ringier-gruppe\/#primaryimage"},"thumbnailUrl":"https:\/\/www.ringier.com\/wp-content\/uploads\/2023\/09\/unnamed-5.png","articleSection":["Media"],"inLanguage":"de-DE"},{"@type":"WebPage","@id":"https:\/\/www.ringier.com\/de\/erster-internationaler-editorial-summit-der-ringier-gruppe\/","url":"https:\/\/www.ringier.com\/de\/erster-internationaler-editorial-summit-der-ringier-gruppe\/","name":"Journalismus im Fokus: Erster internationaler \u00abEditorial Summit\u00bb der Ringier-Gruppe - Ringier","isPartOf":{"@id":"https:\/\/www.ringier.com\/de\/#website"},"primaryImageOfPage":{"@id":"https:\/\/www.ringier.com\/de\/erster-internationaler-editorial-summit-der-ringier-gruppe\/#primaryimage"},"image":{"@id":"https:\/\/www.ringier.com\/de\/erster-internationaler-editorial-summit-der-ringier-gruppe\/#primaryimage"},"thumbnailUrl":"https:\/\/www.ringier.com\/wp-content\/uploads\/2023\/09\/unnamed-5.png","datePublished":"2023-09-05T14:01:36+00:00","dateModified":"2024-11-13T12:58:19+00:00","breadcrumb":{"@id":"https:\/\/www.ringier.com\/de\/erster-internationaler-editorial-summit-der-ringier-gruppe\/#breadcrumb"},"inLanguage":"de-DE","potentialAction":[{"@type":"ReadAction","target":["https:\/\/www.ringier.com\/de\/erster-internationaler-editorial-summit-der-ringier-gruppe\/"]}]},{"@type":"ImageObject","inLanguage":"de-DE","@id":"https:\/\/www.ringier.com\/de\/erster-internationaler-editorial-summit-der-ringier-gruppe\/#primaryimage","url":"https:\/\/www.ringier.com\/wp-content\/uploads\/2023\/09\/unnamed-5.png","contentUrl":"https:\/\/www.ringier.com\/wp-content\/uploads\/2023\/09\/unnamed-5.png","width":1200,"height":600},{"@type":"BreadcrumbList","@id":"https:\/\/www.ringier.com\/de\/erster-internationaler-editorial-summit-der-ringier-gruppe\/#breadcrumb","itemListElement":[{"@type":"ListItem","position":1,"name":"Home","item":"https:\/\/www.ringier.com\/de\/"},{"@type":"ListItem","position":2,"name":"Journalismus im Fokus: Erster internationaler \u00abEditorial Summit\u00bb der Ringier-Gruppe"}]},{"@type":"WebSite","@id":"https:\/\/www.ringier.com\/de\/#website","url":"https:\/\/www.ringier.com\/de\/","name":"Ringier","description":"We inform. We entertain. We connect","publisher":{"@id":"https:\/\/www.ringier.com\/de\/#organization"},"potentialAction":[{"@type":"SearchAction","target":{"@type":"EntryPoint","urlTemplate":"https:\/\/www.ringier.com\/de\/?s={search_term_string}"},"query-input":{"@type":"PropertyValueSpecification","valueRequired":true,"valueName":"search_term_string"}}],"inLanguage":"de-DE"},{"@type":"Organization","@id":"https:\/\/www.ringier.com\/de\/#organization","name":"Ringier","url":"https:\/\/www.ringier.com\/de\/","logo":{"@type":"ImageObject","inLanguage":"de-DE","@id":"https:\/\/www.ringier.com\/de\/#\/schema\/logo\/image\/","url":"https:\/\/www.ringier.com\/wp-content\/uploads\/2021\/10\/ringier_logo_2.jpg","contentUrl":"https:\/\/www.ringier.com\/wp-content\/uploads\/2021\/10\/ringier_logo_2.jpg","width":750,"height":550,"caption":"Ringier"},"image":{"@id":"https:\/\/www.ringier.com\/de\/#\/schema\/logo\/image\/"},"sameAs":["https:\/\/www.facebook.com\/ringierag\/","https:\/\/x.com\/ringier_ag","https:\/\/www.instagram.com\/ringier_ag\/","https:\/\/www.linkedin.com\/company\/ringier\/","https:\/\/www.youtube.com\/user\/RingierComm","https:\/\/en.wikipedia.org\/wiki\/Ringier","https:\/\/de.wikipedia.org\/wiki\/Ringier","https:\/\/fr.wikipedia.org\/wiki\/Ringier","https:\/\/www.crunchbase.com\/organization\/ringier-ag"]},{"@type":"Person","@id":"https:\/\/www.ringier.com\/de\/#\/schema\/person\/4cf76a308dc4b2bb5121bd1e7b752e52","name":"Ringier Corporate Communications","image":{"@type":"ImageObject","inLanguage":"de-DE","@id":"https:\/\/www.ringier.com\/de\/#\/schema\/person\/image\/","url":"https:\/\/secure.gravatar.com\/avatar\/9391e20481368d5df4fe3e1e476c13b27786347489822ec1ed07e532bb41f587?s=96&d=mm&r=g","contentUrl":"https:\/\/secure.gravatar.com\/avatar\/9391e20481368d5df4fe3e1e476c13b27786347489822ec1ed07e532bb41f587?s=96&d=mm&r=g","caption":"Ringier Corporate Communications"},"sameAs":["https:\/\/www.ringier.com"]}]}},"_links":{"self":[{"href":"https:\/\/www.ringier.com\/de\/wp-json\/wp\/v2\/posts\/16617","targetHints":{"allow":["GET"]}}],"collection":[{"href":"https:\/\/www.ringier.com\/de\/wp-json\/wp\/v2\/posts"}],"about":[{"href":"https:\/\/www.ringier.com\/de\/wp-json\/wp\/v2\/types\/post"}],"author":[{"embeddable":true,"href":"https:\/\/www.ringier.com\/de\/wp-json\/wp\/v2\/users\/23"}],"replies":[{"embeddable":true,"href":"https:\/\/www.ringier.com\/de\/wp-json\/wp\/v2\/comments?post=16617"}],"version-history":[{"count":0,"href":"https:\/\/www.ringier.com\/de\/wp-json\/wp\/v2\/posts\/16617\/revisions"}],"wp:featuredmedia":[{"embeddable":true,"href":"https:\/\/www.ringier.com\/de\/wp-json\/wp\/v2\/media\/16618"}],"wp:attachment":[{"href":"https:\/\/www.ringier.com\/de\/wp-json\/wp\/v2\/media?parent=16617"}],"wp:term":[{"taxonomy":"category","embeddable":true,"href":"https:\/\/www.ringier.com\/de\/wp-json\/wp\/v2\/categories?post=16617"},{"taxonomy":"post_tag","embeddable":true,"href":"https:\/\/www.ringier.com\/de\/wp-json\/wp\/v2\/tags?post=16617"}],"curies":[{"name":"wp","href":"https:\/\/api.w.org\/{rel}","templated":true}]}}