{"id":16217,"date":"2023-06-26T10:07:06","date_gmt":"2023-06-26T08:07:06","guid":{"rendered":"https:\/\/www.ringier.com\/?p=16217"},"modified":"2024-11-13T14:07:11","modified_gmt":"2024-11-13T13:07:11","slug":"onlinemedien-sind-fuer-persoenlichkeitsverletzende-leserkommentare-verantwortlich","status":"publish","type":"post","link":"https:\/\/www.ringier.com\/de\/onlinemedien-sind-fuer-persoenlichkeitsverletzende-leserkommentare-verantwortlich\/","title":{"rendered":"Onlinemedien sind f\u00fcr pers\u00f6nlichkeitsverletzende Leserkommentare verantwortlich"},"content":{"rendered":"\n<p>Online-Leserkommentare weit unter der G\u00fcrtellinie: Wer ist daf\u00fcr verantwortlich? Der Wirtschaftsblog Inside Paradeplatz landete wegen pers\u00f6nlichkeitsverletzenden Leserkommentaren gegen \u200bdie \u200bRingier AG, Michael Ringier und Marc Walder, die als Verleger und CEO u.a. auch den Blick herausgeben, vor Gericht. <\/p>\n\n\n\n<p><strong>Streitpunkt: Rund 50 freigeschaltete Kommentare <\/strong>Die Klage richtete sich gegen rund 50 Kommentare, die von Inside Paradeplatz freigeschaltet wurden. Die Parteien handelten anl\u00e4sslich der Verhandlung vor dem Handelsgericht Z\u00fcrich einen Vergleich aus, wie heute auf <a href=\"https:\/\/insideparadeplatz.ch\/2023\/06\/26\/loeschung-von-rund-50-leser-kommentaren-betreffend-ringier\/\">Inside Paradeplatz<\/a> zu lesen ist. <\/p>\n\n\n\n<p><strong>Entschuldigung von Inside Paradeplatz <\/strong>Der Blog akzeptiert die Verantwortung f\u00fcr die Kommentare, entschuldigt sich f\u00fcr die \u00abmehrheitlich pers\u00f6nlichkeitsverletzenden\u00bb Kommentare und teilt mit, diese seien bereits gel\u00f6scht worden. Er verpflichtet sich zudem, daf\u00fcr zu sorgen, dass keine solche Kommentare mehr auf seiner Website publiziert werden. Dies darf als wichtiger Grundsatz gewertet werden: Online-Medien sind f\u00fcr Leserkommentare auf ihren Websites genauso verantwortlich, wie dies die Verlage bei gedruckten Publikationen sind.<\/p>\n\n\n\n<div style=\"height:16px\" aria-hidden=\"true\" class=\"wp-block-spacer\"><\/div>\n\n\n\n<p>Ringier AG, Corporate Communications<\/p>\n","protected":false},"excerpt":{"rendered":"<p>Ein wegweisender gerichtlicher Vergleich regelt die Zust\u00e4ndigkeit von Online-Medien, wenn es um pers\u00f6nlichkeitsverletzende Kommentare geht.<\/p>\n","protected":false},"author":23,"featured_media":16218,"comment_status":"closed","ping_status":"open","sticky":false,"template":"","format":"standard","meta":{"inline_featured_image":false,"footnotes":""},"categories":[44],"tags":[],"class_list":["post-16217","post","type-post","status-publish","format-standard","has-post-thumbnail","hentry","category-corporate-de"],"yoast_head":"<!-- This site is optimized with the Yoast SEO Premium plugin v27.0 (Yoast SEO v27.0) - https:\/\/yoast.com\/product\/yoast-seo-premium-wordpress\/ -->\n<title>Onlinemedien sind f\u00fcr pers\u00f6nlichkeitsverletzende Leserkommentare verantwortlich - Ringier<\/title>\n<meta name=\"robots\" content=\"index, follow, max-snippet:-1, max-image-preview:large, max-video-preview:-1\" \/>\n<link rel=\"canonical\" href=\"https:\/\/www.ringier.com\/de\/onlinemedien-sind-fuer-persoenlichkeitsverletzende-leserkommentare-verantwortlich\/\" \/>\n<meta property=\"og:locale\" content=\"de_DE\" \/>\n<meta property=\"og:type\" content=\"article\" \/>\n<meta property=\"og:title\" content=\"Onlinemedien sind f\u00fcr pers\u00f6nlichkeitsverletzende Leserkommentare verantwortlich\" \/>\n<meta property=\"og:description\" content=\"Ein wegweisender gerichtlicher Vergleich regelt die Zust\u00e4ndigkeit von Online-Medien, wenn es um pers\u00f6nlichkeitsverletzende Kommentare geht.\" \/>\n<meta property=\"og:url\" content=\"https:\/\/www.ringier.com\/de\/onlinemedien-sind-fuer-persoenlichkeitsverletzende-leserkommentare-verantwortlich\/\" \/>\n<meta property=\"og:site_name\" content=\"Ringier\" \/>\n<meta property=\"article:publisher\" content=\"https:\/\/www.facebook.com\/ringierag\/\" \/>\n<meta property=\"article:published_time\" content=\"2023-06-26T08:07:06+00:00\" \/>\n<meta property=\"article:modified_time\" content=\"2024-11-13T13:07:11+00:00\" \/>\n<meta property=\"og:image\" content=\"https:\/\/www.ringier.com\/wp-content\/uploads\/2023\/06\/inside-paradeplatz.png\" \/>\n\t<meta property=\"og:image:width\" content=\"1200\" \/>\n\t<meta property=\"og:image:height\" content=\"800\" \/>\n\t<meta property=\"og:image:type\" content=\"image\/png\" \/>\n<meta name=\"author\" content=\"Ringier Corporate Communications\" \/>\n<meta name=\"twitter:card\" content=\"summary_large_image\" \/>\n<meta name=\"twitter:creator\" content=\"@ringier_ag\" \/>\n<meta name=\"twitter:site\" content=\"@ringier_ag\" \/>\n<meta name=\"twitter:label1\" content=\"Verfasst von\" \/>\n\t<meta name=\"twitter:data1\" content=\"Ringier Corporate Communications\" \/>\n\t<meta name=\"twitter:label2\" content=\"Gesch\u00e4tzte Lesezeit\" \/>\n\t<meta name=\"twitter:data2\" content=\"2 Minuten\" \/>\n<script type=\"application\/ld+json\" class=\"yoast-schema-graph\">{\"@context\":\"https:\/\/schema.org\",\"@graph\":[{\"@type\":\"Article\",\"@id\":\"https:\/\/www.ringier.com\/de\/onlinemedien-sind-fuer-persoenlichkeitsverletzende-leserkommentare-verantwortlich\/#article\",\"isPartOf\":{\"@id\":\"https:\/\/www.ringier.com\/de\/onlinemedien-sind-fuer-persoenlichkeitsverletzende-leserkommentare-verantwortlich\/\"},\"author\":{\"name\":\"Ringier Corporate Communications\",\"@id\":\"https:\/\/www.ringier.com\/de\/#\/schema\/person\/4cf76a308dc4b2bb5121bd1e7b752e52\"},\"headline\":\"Onlinemedien sind f\u00fcr pers\u00f6nlichkeitsverletzende Leserkommentare verantwortlich\",\"datePublished\":\"2023-06-26T08:07:06+00:00\",\"dateModified\":\"2024-11-13T13:07:11+00:00\",\"mainEntityOfPage\":{\"@id\":\"https:\/\/www.ringier.com\/de\/onlinemedien-sind-fuer-persoenlichkeitsverletzende-leserkommentare-verantwortlich\/\"},\"wordCount\":168,\"publisher\":{\"@id\":\"https:\/\/www.ringier.com\/de\/#organization\"},\"image\":{\"@id\":\"https:\/\/www.ringier.com\/de\/onlinemedien-sind-fuer-persoenlichkeitsverletzende-leserkommentare-verantwortlich\/#primaryimage\"},\"thumbnailUrl\":\"https:\/\/www.ringier.com\/wp-content\/uploads\/2023\/06\/inside-paradeplatz.png\",\"articleSection\":[\"Corporate\"],\"inLanguage\":\"de-DE\"},{\"@type\":\"WebPage\",\"@id\":\"https:\/\/www.ringier.com\/de\/onlinemedien-sind-fuer-persoenlichkeitsverletzende-leserkommentare-verantwortlich\/\",\"url\":\"https:\/\/www.ringier.com\/de\/onlinemedien-sind-fuer-persoenlichkeitsverletzende-leserkommentare-verantwortlich\/\",\"name\":\"Onlinemedien sind f\u00fcr pers\u00f6nlichkeitsverletzende Leserkommentare verantwortlich - Ringier\",\"isPartOf\":{\"@id\":\"https:\/\/www.ringier.com\/de\/#website\"},\"primaryImageOfPage\":{\"@id\":\"https:\/\/www.ringier.com\/de\/onlinemedien-sind-fuer-persoenlichkeitsverletzende-leserkommentare-verantwortlich\/#primaryimage\"},\"image\":{\"@id\":\"https:\/\/www.ringier.com\/de\/onlinemedien-sind-fuer-persoenlichkeitsverletzende-leserkommentare-verantwortlich\/#primaryimage\"},\"thumbnailUrl\":\"https:\/\/www.ringier.com\/wp-content\/uploads\/2023\/06\/inside-paradeplatz.png\",\"datePublished\":\"2023-06-26T08:07:06+00:00\",\"dateModified\":\"2024-11-13T13:07:11+00:00\",\"breadcrumb\":{\"@id\":\"https:\/\/www.ringier.com\/de\/onlinemedien-sind-fuer-persoenlichkeitsverletzende-leserkommentare-verantwortlich\/#breadcrumb\"},\"inLanguage\":\"de-DE\",\"potentialAction\":[{\"@type\":\"ReadAction\",\"target\":[\"https:\/\/www.ringier.com\/de\/onlinemedien-sind-fuer-persoenlichkeitsverletzende-leserkommentare-verantwortlich\/\"]}]},{\"@type\":\"ImageObject\",\"inLanguage\":\"de-DE\",\"@id\":\"https:\/\/www.ringier.com\/de\/onlinemedien-sind-fuer-persoenlichkeitsverletzende-leserkommentare-verantwortlich\/#primaryimage\",\"url\":\"https:\/\/www.ringier.com\/wp-content\/uploads\/2023\/06\/inside-paradeplatz.png\",\"contentUrl\":\"https:\/\/www.ringier.com\/wp-content\/uploads\/2023\/06\/inside-paradeplatz.png\",\"width\":1200,\"height\":800},{\"@type\":\"BreadcrumbList\",\"@id\":\"https:\/\/www.ringier.com\/de\/onlinemedien-sind-fuer-persoenlichkeitsverletzende-leserkommentare-verantwortlich\/#breadcrumb\",\"itemListElement\":[{\"@type\":\"ListItem\",\"position\":1,\"name\":\"Home\",\"item\":\"https:\/\/www.ringier.com\/de\/\"},{\"@type\":\"ListItem\",\"position\":2,\"name\":\"Onlinemedien sind f\u00fcr pers\u00f6nlichkeitsverletzende Leserkommentare verantwortlich\"}]},{\"@type\":\"WebSite\",\"@id\":\"https:\/\/www.ringier.com\/de\/#website\",\"url\":\"https:\/\/www.ringier.com\/de\/\",\"name\":\"Ringier\",\"description\":\"We inform. We entertain. We connect\",\"publisher\":{\"@id\":\"https:\/\/www.ringier.com\/de\/#organization\"},\"potentialAction\":[{\"@type\":\"SearchAction\",\"target\":{\"@type\":\"EntryPoint\",\"urlTemplate\":\"https:\/\/www.ringier.com\/de\/?s={search_term_string}\"},\"query-input\":{\"@type\":\"PropertyValueSpecification\",\"valueRequired\":true,\"valueName\":\"search_term_string\"}}],\"inLanguage\":\"de-DE\"},{\"@type\":\"Organization\",\"@id\":\"https:\/\/www.ringier.com\/de\/#organization\",\"name\":\"Ringier\",\"url\":\"https:\/\/www.ringier.com\/de\/\",\"logo\":{\"@type\":\"ImageObject\",\"inLanguage\":\"de-DE\",\"@id\":\"https:\/\/www.ringier.com\/de\/#\/schema\/logo\/image\/\",\"url\":\"https:\/\/www.ringier.com\/wp-content\/uploads\/2021\/10\/ringier_logo_2.jpg\",\"contentUrl\":\"https:\/\/www.ringier.com\/wp-content\/uploads\/2021\/10\/ringier_logo_2.jpg\",\"width\":750,\"height\":550,\"caption\":\"Ringier\"},\"image\":{\"@id\":\"https:\/\/www.ringier.com\/de\/#\/schema\/logo\/image\/\"},\"sameAs\":[\"https:\/\/www.facebook.com\/ringierag\/\",\"https:\/\/x.com\/ringier_ag\",\"https:\/\/www.instagram.com\/ringier_ag\/\",\"https:\/\/www.linkedin.com\/company\/ringier\/\",\"https:\/\/www.youtube.com\/user\/RingierComm\",\"https:\/\/en.wikipedia.org\/wiki\/Ringier\",\"https:\/\/de.wikipedia.org\/wiki\/Ringier\",\"https:\/\/fr.wikipedia.org\/wiki\/Ringier\",\"https:\/\/www.crunchbase.com\/organization\/ringier-ag\"]},{\"@type\":\"Person\",\"@id\":\"https:\/\/www.ringier.com\/de\/#\/schema\/person\/4cf76a308dc4b2bb5121bd1e7b752e52\",\"name\":\"Ringier Corporate Communications\",\"image\":{\"@type\":\"ImageObject\",\"inLanguage\":\"de-DE\",\"@id\":\"https:\/\/www.ringier.com\/de\/#\/schema\/person\/image\/\",\"url\":\"https:\/\/secure.gravatar.com\/avatar\/9391e20481368d5df4fe3e1e476c13b27786347489822ec1ed07e532bb41f587?s=96&d=mm&r=g\",\"contentUrl\":\"https:\/\/secure.gravatar.com\/avatar\/9391e20481368d5df4fe3e1e476c13b27786347489822ec1ed07e532bb41f587?s=96&d=mm&r=g\",\"caption\":\"Ringier Corporate Communications\"},\"sameAs\":[\"https:\/\/www.ringier.com\"]}]}<\/script>\n<!-- \/ Yoast SEO Premium plugin. -->","yoast_head_json":{"title":"Onlinemedien sind f\u00fcr pers\u00f6nlichkeitsverletzende Leserkommentare verantwortlich - Ringier","robots":{"index":"index","follow":"follow","max-snippet":"max-snippet:-1","max-image-preview":"max-image-preview:large","max-video-preview":"max-video-preview:-1"},"canonical":"https:\/\/www.ringier.com\/de\/onlinemedien-sind-fuer-persoenlichkeitsverletzende-leserkommentare-verantwortlich\/","og_locale":"de_DE","og_type":"article","og_title":"Onlinemedien sind f\u00fcr pers\u00f6nlichkeitsverletzende Leserkommentare verantwortlich","og_description":"Ein wegweisender gerichtlicher Vergleich regelt die Zust\u00e4ndigkeit von Online-Medien, wenn es um pers\u00f6nlichkeitsverletzende Kommentare geht.","og_url":"https:\/\/www.ringier.com\/de\/onlinemedien-sind-fuer-persoenlichkeitsverletzende-leserkommentare-verantwortlich\/","og_site_name":"Ringier","article_publisher":"https:\/\/www.facebook.com\/ringierag\/","article_published_time":"2023-06-26T08:07:06+00:00","article_modified_time":"2024-11-13T13:07:11+00:00","og_image":[{"width":1200,"height":800,"url":"https:\/\/www.ringier.com\/wp-content\/uploads\/2023\/06\/inside-paradeplatz.png","type":"image\/png"}],"author":"Ringier Corporate Communications","twitter_card":"summary_large_image","twitter_creator":"@ringier_ag","twitter_site":"@ringier_ag","twitter_misc":{"Verfasst von":"Ringier Corporate Communications","Gesch\u00e4tzte Lesezeit":"2 Minuten"},"schema":{"@context":"https:\/\/schema.org","@graph":[{"@type":"Article","@id":"https:\/\/www.ringier.com\/de\/onlinemedien-sind-fuer-persoenlichkeitsverletzende-leserkommentare-verantwortlich\/#article","isPartOf":{"@id":"https:\/\/www.ringier.com\/de\/onlinemedien-sind-fuer-persoenlichkeitsverletzende-leserkommentare-verantwortlich\/"},"author":{"name":"Ringier Corporate Communications","@id":"https:\/\/www.ringier.com\/de\/#\/schema\/person\/4cf76a308dc4b2bb5121bd1e7b752e52"},"headline":"Onlinemedien sind f\u00fcr pers\u00f6nlichkeitsverletzende Leserkommentare verantwortlich","datePublished":"2023-06-26T08:07:06+00:00","dateModified":"2024-11-13T13:07:11+00:00","mainEntityOfPage":{"@id":"https:\/\/www.ringier.com\/de\/onlinemedien-sind-fuer-persoenlichkeitsverletzende-leserkommentare-verantwortlich\/"},"wordCount":168,"publisher":{"@id":"https:\/\/www.ringier.com\/de\/#organization"},"image":{"@id":"https:\/\/www.ringier.com\/de\/onlinemedien-sind-fuer-persoenlichkeitsverletzende-leserkommentare-verantwortlich\/#primaryimage"},"thumbnailUrl":"https:\/\/www.ringier.com\/wp-content\/uploads\/2023\/06\/inside-paradeplatz.png","articleSection":["Corporate"],"inLanguage":"de-DE"},{"@type":"WebPage","@id":"https:\/\/www.ringier.com\/de\/onlinemedien-sind-fuer-persoenlichkeitsverletzende-leserkommentare-verantwortlich\/","url":"https:\/\/www.ringier.com\/de\/onlinemedien-sind-fuer-persoenlichkeitsverletzende-leserkommentare-verantwortlich\/","name":"Onlinemedien sind f\u00fcr pers\u00f6nlichkeitsverletzende Leserkommentare verantwortlich - Ringier","isPartOf":{"@id":"https:\/\/www.ringier.com\/de\/#website"},"primaryImageOfPage":{"@id":"https:\/\/www.ringier.com\/de\/onlinemedien-sind-fuer-persoenlichkeitsverletzende-leserkommentare-verantwortlich\/#primaryimage"},"image":{"@id":"https:\/\/www.ringier.com\/de\/onlinemedien-sind-fuer-persoenlichkeitsverletzende-leserkommentare-verantwortlich\/#primaryimage"},"thumbnailUrl":"https:\/\/www.ringier.com\/wp-content\/uploads\/2023\/06\/inside-paradeplatz.png","datePublished":"2023-06-26T08:07:06+00:00","dateModified":"2024-11-13T13:07:11+00:00","breadcrumb":{"@id":"https:\/\/www.ringier.com\/de\/onlinemedien-sind-fuer-persoenlichkeitsverletzende-leserkommentare-verantwortlich\/#breadcrumb"},"inLanguage":"de-DE","potentialAction":[{"@type":"ReadAction","target":["https:\/\/www.ringier.com\/de\/onlinemedien-sind-fuer-persoenlichkeitsverletzende-leserkommentare-verantwortlich\/"]}]},{"@type":"ImageObject","inLanguage":"de-DE","@id":"https:\/\/www.ringier.com\/de\/onlinemedien-sind-fuer-persoenlichkeitsverletzende-leserkommentare-verantwortlich\/#primaryimage","url":"https:\/\/www.ringier.com\/wp-content\/uploads\/2023\/06\/inside-paradeplatz.png","contentUrl":"https:\/\/www.ringier.com\/wp-content\/uploads\/2023\/06\/inside-paradeplatz.png","width":1200,"height":800},{"@type":"BreadcrumbList","@id":"https:\/\/www.ringier.com\/de\/onlinemedien-sind-fuer-persoenlichkeitsverletzende-leserkommentare-verantwortlich\/#breadcrumb","itemListElement":[{"@type":"ListItem","position":1,"name":"Home","item":"https:\/\/www.ringier.com\/de\/"},{"@type":"ListItem","position":2,"name":"Onlinemedien sind f\u00fcr pers\u00f6nlichkeitsverletzende Leserkommentare verantwortlich"}]},{"@type":"WebSite","@id":"https:\/\/www.ringier.com\/de\/#website","url":"https:\/\/www.ringier.com\/de\/","name":"Ringier","description":"We inform. We entertain. We connect","publisher":{"@id":"https:\/\/www.ringier.com\/de\/#organization"},"potentialAction":[{"@type":"SearchAction","target":{"@type":"EntryPoint","urlTemplate":"https:\/\/www.ringier.com\/de\/?s={search_term_string}"},"query-input":{"@type":"PropertyValueSpecification","valueRequired":true,"valueName":"search_term_string"}}],"inLanguage":"de-DE"},{"@type":"Organization","@id":"https:\/\/www.ringier.com\/de\/#organization","name":"Ringier","url":"https:\/\/www.ringier.com\/de\/","logo":{"@type":"ImageObject","inLanguage":"de-DE","@id":"https:\/\/www.ringier.com\/de\/#\/schema\/logo\/image\/","url":"https:\/\/www.ringier.com\/wp-content\/uploads\/2021\/10\/ringier_logo_2.jpg","contentUrl":"https:\/\/www.ringier.com\/wp-content\/uploads\/2021\/10\/ringier_logo_2.jpg","width":750,"height":550,"caption":"Ringier"},"image":{"@id":"https:\/\/www.ringier.com\/de\/#\/schema\/logo\/image\/"},"sameAs":["https:\/\/www.facebook.com\/ringierag\/","https:\/\/x.com\/ringier_ag","https:\/\/www.instagram.com\/ringier_ag\/","https:\/\/www.linkedin.com\/company\/ringier\/","https:\/\/www.youtube.com\/user\/RingierComm","https:\/\/en.wikipedia.org\/wiki\/Ringier","https:\/\/de.wikipedia.org\/wiki\/Ringier","https:\/\/fr.wikipedia.org\/wiki\/Ringier","https:\/\/www.crunchbase.com\/organization\/ringier-ag"]},{"@type":"Person","@id":"https:\/\/www.ringier.com\/de\/#\/schema\/person\/4cf76a308dc4b2bb5121bd1e7b752e52","name":"Ringier Corporate Communications","image":{"@type":"ImageObject","inLanguage":"de-DE","@id":"https:\/\/www.ringier.com\/de\/#\/schema\/person\/image\/","url":"https:\/\/secure.gravatar.com\/avatar\/9391e20481368d5df4fe3e1e476c13b27786347489822ec1ed07e532bb41f587?s=96&d=mm&r=g","contentUrl":"https:\/\/secure.gravatar.com\/avatar\/9391e20481368d5df4fe3e1e476c13b27786347489822ec1ed07e532bb41f587?s=96&d=mm&r=g","caption":"Ringier Corporate Communications"},"sameAs":["https:\/\/www.ringier.com"]}]}},"_links":{"self":[{"href":"https:\/\/www.ringier.com\/de\/wp-json\/wp\/v2\/posts\/16217","targetHints":{"allow":["GET"]}}],"collection":[{"href":"https:\/\/www.ringier.com\/de\/wp-json\/wp\/v2\/posts"}],"about":[{"href":"https:\/\/www.ringier.com\/de\/wp-json\/wp\/v2\/types\/post"}],"author":[{"embeddable":true,"href":"https:\/\/www.ringier.com\/de\/wp-json\/wp\/v2\/users\/23"}],"replies":[{"embeddable":true,"href":"https:\/\/www.ringier.com\/de\/wp-json\/wp\/v2\/comments?post=16217"}],"version-history":[{"count":0,"href":"https:\/\/www.ringier.com\/de\/wp-json\/wp\/v2\/posts\/16217\/revisions"}],"wp:featuredmedia":[{"embeddable":true,"href":"https:\/\/www.ringier.com\/de\/wp-json\/wp\/v2\/media\/16218"}],"wp:attachment":[{"href":"https:\/\/www.ringier.com\/de\/wp-json\/wp\/v2\/media?parent=16217"}],"wp:term":[{"taxonomy":"category","embeddable":true,"href":"https:\/\/www.ringier.com\/de\/wp-json\/wp\/v2\/categories?post=16217"},{"taxonomy":"post_tag","embeddable":true,"href":"https:\/\/www.ringier.com\/de\/wp-json\/wp\/v2\/tags?post=16217"}],"curies":[{"name":"wp","href":"https:\/\/api.w.org\/{rel}","templated":true}]}}