{"id":1618,"date":"2020-11-25T07:33:00","date_gmt":"2020-11-25T06:33:00","guid":{"rendered":"https:\/\/www.ringier.com\/gael-hurlimann-named-head-of-subscription-at-blick-and-the-global-media-unit-at-ringier-ag\/"},"modified":"2025-06-17T14:28:19","modified_gmt":"2025-06-17T12:28:19","slug":"gael-hurlimann-wird-head-subscription-von-blick-und-von-der-global-media-unit-der-ringier-ag","status":"publish","type":"post","link":"https:\/\/www.ringier.com\/de\/gael-hurlimann-wird-head-subscription-von-blick-und-von-der-global-media-unit-der-ringier-ag\/","title":{"rendered":"Ga\u00ebl Hurlimann wird Head Subscription von Blick und der Global Media Unit bei Ringier"},"content":{"rendered":"\n<p>Ga\u00ebl Hurlimann wechselt Anfang 2021 von <em>Le Temps<\/em> zu Ringier. Als Head Subscription wird er f\u00fcr die Entwicklung einer konsistenten Premium-Content-Strategie f\u00fcr die Blick-Gruppe verantwortlich sein. Daneben betreut er das Thema auch auf internationaler Ebene f\u00fcr den gesamten Ringier-Konzern. Er berichtet an Ladina Heimgartner, Head of Global Media und CEO der Blick-Gruppe.<\/p>\n\n\n\n<p>Ga\u00ebl Hurlimann: \u00abDie Diversifizierung der Einnahmequellen ist wesentlich, um die Nachhaltigkeit der Medien zu gew\u00e4hrleisten. Das digitale Abonnement erf\u00e4hrt weltweit eine rasante Zunahme. <em>Le Temps<\/em> war ein Pionier auf diesem Gebiet. Ich freue mich daher sehr, meine in den letzten sechs Jahren und im Laufe meiner Karriere im Ringier-Konzern gesammelten Erfahrungen in der Strategie f\u00fcr digitale Inhalte und Paid Content weitergeben zu k\u00f6nnen.\u00bb<\/p>\n\n\n\n<p>Ga\u00ebl Hurlimann war seit Januar 2015 Online-Chefredaktor von <em>Le Temps<\/em> und massgeblich an der digitalen Weiterentwicklung der Westschweizer Zeitung beteiligt. Unter seiner Leitung f\u00fchrte <em>Le Temps<\/em> eine Paywall ein und steigerte die Anzahl seiner Digital-Abonnenten in den letzten f\u00fcnf Jahren um das Vierfache.&nbsp;<\/p>\n\n\n\n<p>Ladina Heimgartner, CEO der Blick-Gruppe und Head Global Media, sagt: \u00abIch freue mich sehr, dass wir mit Ga\u00ebl Hurlimann einen absoluten Top-Shot der Schweizer Medienszene sowie einen ausgewiesenen Paid-Content-Experten f\u00fcr diesen strategisch zentralen Bereich gewinnen konnten und dass er sein&nbsp; Know-how k\u00fcnftig \u00fcber die Schweiz hinaus gewinnbringend einsetzen wird. Resilienz ist f\u00fcr Medienh\u00e4user eines der wichtigsten Themen der kommenden Jahre. Die Entwicklung von attraktiven digitalen Abonnements ist ein zentrales Element, um neue, nachhaltige Ertragsmodelle f\u00fcr unsere Medien zu schaffen.\u00bb<\/p>\n\n\n\n<p><strong>\u00dcber Ga\u00ebl Hurlimann<\/strong><\/p>\n\n\n\n<p>Ga\u00ebl Hurlimann (47) studierte an der Universit\u00e4t Lausanne Politikwissenschaften und war von 1999 bis 2006 bereits f\u00fcr <em>Le Temps<\/em> als Online-Verantwortlicher t\u00e4tig. Anschliessend arbeitete er mehr als sechs Jahre f\u00fcr das franz\u00f6sischsprachige Schweizer Fernsehen (RTS). Ab Ende 2012 leitete Hurlimann den digitalen Auftritt des internationalen Komitees vom Roten Kreuz (IKRK). Ausserdem leitete er an der Universit\u00e4t Freiburg im Studiengang Kommunikationswissenschaft und Medienforschung verschiedene Kurse zum Thema Digital-Journalismus. Seit Januar 2015 war er Online-Chefredaktor der Zeitung<em> Le Temps<\/em> von Ringier Axel Springer Schweiz.<\/p>\n","protected":false},"excerpt":{"rendered":"<p>Ga\u00ebl Hurlimann, bislang Chefredaktor von letemps.ch, verl\u00e4sst die Westschweizer Zeitung und wird Head Subscription innerhalb der Global Media Unit sowie f\u00fcr die Blick-Gruppe.<\/p>\n","protected":false},"author":3,"featured_media":1616,"comment_status":"closed","ping_status":"open","sticky":false,"template":"","format":"standard","meta":{"inline_featured_image":false,"footnotes":""},"categories":[371,2,361],"tags":[],"class_list":["post-1618","post","type-post","status-publish","format-standard","has-post-thumbnail","hentry","category-media-de","category-non-classifiee","category-ringier-medien-schweiz"],"yoast_head":"<!-- This site is optimized with the Yoast SEO Premium plugin v27.0 (Yoast SEO v27.0) - https:\/\/yoast.com\/product\/yoast-seo-premium-wordpress\/ -->\n<title>Ga\u00ebl Hurlimann wird Head Subscription von Blick und der Global Media Unit bei Ringier - Ringier<\/title>\n<meta name=\"robots\" content=\"index, follow, max-snippet:-1, max-image-preview:large, max-video-preview:-1\" \/>\n<link rel=\"canonical\" href=\"https:\/\/www.ringier.com\/de\/gael-hurlimann-wird-head-subscription-von-blick-und-von-der-global-media-unit-der-ringier-ag\/\" \/>\n<meta property=\"og:locale\" content=\"de_DE\" \/>\n<meta property=\"og:type\" content=\"article\" \/>\n<meta property=\"og:title\" content=\"Ga\u00ebl Hurlimann wird Head Subscription von Blick und der Global Media Unit bei Ringier\" \/>\n<meta property=\"og:description\" content=\"Ga\u00ebl Hurlimann, bislang Chefredaktor von letemps.ch, verl\u00e4sst die Westschweizer Zeitung und wird Head Subscription innerhalb der Global Media Unit sowie f\u00fcr die Blick-Gruppe.\" \/>\n<meta property=\"og:url\" content=\"https:\/\/www.ringier.com\/de\/gael-hurlimann-wird-head-subscription-von-blick-und-von-der-global-media-unit-der-ringier-ag\/\" \/>\n<meta property=\"og:site_name\" content=\"Ringier\" \/>\n<meta property=\"article:publisher\" content=\"https:\/\/www.facebook.com\/ringierag\/\" \/>\n<meta property=\"article:published_time\" content=\"2020-11-25T06:33:00+00:00\" \/>\n<meta property=\"article:modified_time\" content=\"2025-06-17T12:28:19+00:00\" \/>\n<meta property=\"og:image\" content=\"https:\/\/www.ringier.com\/wp-content\/uploads\/2020\/11\/gael_hurlimann_600x400.jpg\" \/>\n\t<meta property=\"og:image:width\" content=\"8065\" \/>\n\t<meta property=\"og:image:height\" content=\"5376\" \/>\n\t<meta property=\"og:image:type\" content=\"image\/jpeg\" \/>\n<meta name=\"author\" content=\"Nicholas\" \/>\n<meta name=\"twitter:card\" content=\"summary_large_image\" \/>\n<meta name=\"twitter:creator\" content=\"@ringier_ag\" \/>\n<meta name=\"twitter:site\" content=\"@ringier_ag\" \/>\n<meta name=\"twitter:label1\" content=\"Verfasst von\" \/>\n\t<meta name=\"twitter:data1\" content=\"Nicholas\" \/>\n\t<meta name=\"twitter:label2\" content=\"Gesch\u00e4tzte Lesezeit\" \/>\n\t<meta name=\"twitter:data2\" content=\"2 Minuten\" \/>\n<script type=\"application\/ld+json\" class=\"yoast-schema-graph\">{\"@context\":\"https:\/\/schema.org\",\"@graph\":[{\"@type\":\"Article\",\"@id\":\"https:\/\/www.ringier.com\/de\/gael-hurlimann-wird-head-subscription-von-blick-und-von-der-global-media-unit-der-ringier-ag\/#article\",\"isPartOf\":{\"@id\":\"https:\/\/www.ringier.com\/de\/gael-hurlimann-wird-head-subscription-von-blick-und-von-der-global-media-unit-der-ringier-ag\/\"},\"author\":{\"name\":\"Nicholas\",\"@id\":\"https:\/\/www.ringier.com\/de\/#\/schema\/person\/ef164bb88b53619f3cc80536647bf2f7\"},\"headline\":\"Ga\u00ebl Hurlimann wird Head Subscription von Blick und der Global Media Unit bei Ringier\",\"datePublished\":\"2020-11-25T06:33:00+00:00\",\"dateModified\":\"2025-06-17T12:28:19+00:00\",\"mainEntityOfPage\":{\"@id\":\"https:\/\/www.ringier.com\/de\/gael-hurlimann-wird-head-subscription-von-blick-und-von-der-global-media-unit-der-ringier-ag\/\"},\"wordCount\":358,\"publisher\":{\"@id\":\"https:\/\/www.ringier.com\/de\/#organization\"},\"image\":{\"@id\":\"https:\/\/www.ringier.com\/de\/gael-hurlimann-wird-head-subscription-von-blick-und-von-der-global-media-unit-der-ringier-ag\/#primaryimage\"},\"thumbnailUrl\":\"https:\/\/www.ringier.com\/wp-content\/uploads\/2020\/11\/gael_hurlimann_600x400.jpg\",\"articleSection\":[\"Media\",\"Non classifi\u00e9(e)\",\"Ringier Medien Schweiz\"],\"inLanguage\":\"de-DE\"},{\"@type\":\"WebPage\",\"@id\":\"https:\/\/www.ringier.com\/de\/gael-hurlimann-wird-head-subscription-von-blick-und-von-der-global-media-unit-der-ringier-ag\/\",\"url\":\"https:\/\/www.ringier.com\/de\/gael-hurlimann-wird-head-subscription-von-blick-und-von-der-global-media-unit-der-ringier-ag\/\",\"name\":\"Ga\u00ebl Hurlimann wird Head Subscription von Blick und der Global Media Unit bei Ringier - Ringier\",\"isPartOf\":{\"@id\":\"https:\/\/www.ringier.com\/de\/#website\"},\"primaryImageOfPage\":{\"@id\":\"https:\/\/www.ringier.com\/de\/gael-hurlimann-wird-head-subscription-von-blick-und-von-der-global-media-unit-der-ringier-ag\/#primaryimage\"},\"image\":{\"@id\":\"https:\/\/www.ringier.com\/de\/gael-hurlimann-wird-head-subscription-von-blick-und-von-der-global-media-unit-der-ringier-ag\/#primaryimage\"},\"thumbnailUrl\":\"https:\/\/www.ringier.com\/wp-content\/uploads\/2020\/11\/gael_hurlimann_600x400.jpg\",\"datePublished\":\"2020-11-25T06:33:00+00:00\",\"dateModified\":\"2025-06-17T12:28:19+00:00\",\"breadcrumb\":{\"@id\":\"https:\/\/www.ringier.com\/de\/gael-hurlimann-wird-head-subscription-von-blick-und-von-der-global-media-unit-der-ringier-ag\/#breadcrumb\"},\"inLanguage\":\"de-DE\",\"potentialAction\":[{\"@type\":\"ReadAction\",\"target\":[\"https:\/\/www.ringier.com\/de\/gael-hurlimann-wird-head-subscription-von-blick-und-von-der-global-media-unit-der-ringier-ag\/\"]}]},{\"@type\":\"ImageObject\",\"inLanguage\":\"de-DE\",\"@id\":\"https:\/\/www.ringier.com\/de\/gael-hurlimann-wird-head-subscription-von-blick-und-von-der-global-media-unit-der-ringier-ag\/#primaryimage\",\"url\":\"https:\/\/www.ringier.com\/wp-content\/uploads\/2020\/11\/gael_hurlimann_600x400.jpg\",\"contentUrl\":\"https:\/\/www.ringier.com\/wp-content\/uploads\/2020\/11\/gael_hurlimann_600x400.jpg\",\"width\":8065,\"height\":5376},{\"@type\":\"BreadcrumbList\",\"@id\":\"https:\/\/www.ringier.com\/de\/gael-hurlimann-wird-head-subscription-von-blick-und-von-der-global-media-unit-der-ringier-ag\/#breadcrumb\",\"itemListElement\":[{\"@type\":\"ListItem\",\"position\":1,\"name\":\"Home\",\"item\":\"https:\/\/www.ringier.com\/de\/\"},{\"@type\":\"ListItem\",\"position\":2,\"name\":\"Ga\u00ebl Hurlimann wird Head Subscription von Blick und der Global Media Unit bei Ringier\"}]},{\"@type\":\"WebSite\",\"@id\":\"https:\/\/www.ringier.com\/de\/#website\",\"url\":\"https:\/\/www.ringier.com\/de\/\",\"name\":\"Ringier\",\"description\":\"We inform. We entertain. We connect\",\"publisher\":{\"@id\":\"https:\/\/www.ringier.com\/de\/#organization\"},\"potentialAction\":[{\"@type\":\"SearchAction\",\"target\":{\"@type\":\"EntryPoint\",\"urlTemplate\":\"https:\/\/www.ringier.com\/de\/?s={search_term_string}\"},\"query-input\":{\"@type\":\"PropertyValueSpecification\",\"valueRequired\":true,\"valueName\":\"search_term_string\"}}],\"inLanguage\":\"de-DE\"},{\"@type\":\"Organization\",\"@id\":\"https:\/\/www.ringier.com\/de\/#organization\",\"name\":\"Ringier\",\"url\":\"https:\/\/www.ringier.com\/de\/\",\"logo\":{\"@type\":\"ImageObject\",\"inLanguage\":\"de-DE\",\"@id\":\"https:\/\/www.ringier.com\/de\/#\/schema\/logo\/image\/\",\"url\":\"https:\/\/www.ringier.com\/wp-content\/uploads\/2021\/10\/ringier_logo_2.jpg\",\"contentUrl\":\"https:\/\/www.ringier.com\/wp-content\/uploads\/2021\/10\/ringier_logo_2.jpg\",\"width\":750,\"height\":550,\"caption\":\"Ringier\"},\"image\":{\"@id\":\"https:\/\/www.ringier.com\/de\/#\/schema\/logo\/image\/\"},\"sameAs\":[\"https:\/\/www.facebook.com\/ringierag\/\",\"https:\/\/x.com\/ringier_ag\",\"https:\/\/www.instagram.com\/ringier_ag\/\",\"https:\/\/www.linkedin.com\/company\/ringier\/\",\"https:\/\/www.youtube.com\/user\/RingierComm\",\"https:\/\/en.wikipedia.org\/wiki\/Ringier\",\"https:\/\/de.wikipedia.org\/wiki\/Ringier\",\"https:\/\/fr.wikipedia.org\/wiki\/Ringier\",\"https:\/\/www.crunchbase.com\/organization\/ringier-ag\"]},{\"@type\":\"Person\",\"@id\":\"https:\/\/www.ringier.com\/de\/#\/schema\/person\/ef164bb88b53619f3cc80536647bf2f7\",\"name\":\"Nicholas\",\"image\":{\"@type\":\"ImageObject\",\"inLanguage\":\"de-DE\",\"@id\":\"https:\/\/www.ringier.com\/de\/#\/schema\/person\/image\/\",\"url\":\"https:\/\/secure.gravatar.com\/avatar\/9572d1b2c83fc5618f4ee102ee13e31ca8c6e2b2e94c5f07c5f90dac4d28d76c?s=96&d=mm&r=g\",\"contentUrl\":\"https:\/\/secure.gravatar.com\/avatar\/9572d1b2c83fc5618f4ee102ee13e31ca8c6e2b2e94c5f07c5f90dac4d28d76c?s=96&d=mm&r=g\",\"caption\":\"Nicholas\"}}]}<\/script>\n<!-- \/ Yoast SEO Premium plugin. -->","yoast_head_json":{"title":"Ga\u00ebl Hurlimann wird Head Subscription von Blick und der Global Media Unit bei Ringier - Ringier","robots":{"index":"index","follow":"follow","max-snippet":"max-snippet:-1","max-image-preview":"max-image-preview:large","max-video-preview":"max-video-preview:-1"},"canonical":"https:\/\/www.ringier.com\/de\/gael-hurlimann-wird-head-subscription-von-blick-und-von-der-global-media-unit-der-ringier-ag\/","og_locale":"de_DE","og_type":"article","og_title":"Ga\u00ebl Hurlimann wird Head Subscription von Blick und der Global Media Unit bei Ringier","og_description":"Ga\u00ebl Hurlimann, bislang Chefredaktor von letemps.ch, verl\u00e4sst die Westschweizer Zeitung und wird Head Subscription innerhalb der Global Media Unit sowie f\u00fcr die Blick-Gruppe.","og_url":"https:\/\/www.ringier.com\/de\/gael-hurlimann-wird-head-subscription-von-blick-und-von-der-global-media-unit-der-ringier-ag\/","og_site_name":"Ringier","article_publisher":"https:\/\/www.facebook.com\/ringierag\/","article_published_time":"2020-11-25T06:33:00+00:00","article_modified_time":"2025-06-17T12:28:19+00:00","og_image":[{"width":8065,"height":5376,"url":"https:\/\/www.ringier.com\/wp-content\/uploads\/2020\/11\/gael_hurlimann_600x400.jpg","type":"image\/jpeg"}],"author":"Nicholas","twitter_card":"summary_large_image","twitter_creator":"@ringier_ag","twitter_site":"@ringier_ag","twitter_misc":{"Verfasst von":"Nicholas","Gesch\u00e4tzte Lesezeit":"2 Minuten"},"schema":{"@context":"https:\/\/schema.org","@graph":[{"@type":"Article","@id":"https:\/\/www.ringier.com\/de\/gael-hurlimann-wird-head-subscription-von-blick-und-von-der-global-media-unit-der-ringier-ag\/#article","isPartOf":{"@id":"https:\/\/www.ringier.com\/de\/gael-hurlimann-wird-head-subscription-von-blick-und-von-der-global-media-unit-der-ringier-ag\/"},"author":{"name":"Nicholas","@id":"https:\/\/www.ringier.com\/de\/#\/schema\/person\/ef164bb88b53619f3cc80536647bf2f7"},"headline":"Ga\u00ebl Hurlimann wird Head Subscription von Blick und der Global Media Unit bei Ringier","datePublished":"2020-11-25T06:33:00+00:00","dateModified":"2025-06-17T12:28:19+00:00","mainEntityOfPage":{"@id":"https:\/\/www.ringier.com\/de\/gael-hurlimann-wird-head-subscription-von-blick-und-von-der-global-media-unit-der-ringier-ag\/"},"wordCount":358,"publisher":{"@id":"https:\/\/www.ringier.com\/de\/#organization"},"image":{"@id":"https:\/\/www.ringier.com\/de\/gael-hurlimann-wird-head-subscription-von-blick-und-von-der-global-media-unit-der-ringier-ag\/#primaryimage"},"thumbnailUrl":"https:\/\/www.ringier.com\/wp-content\/uploads\/2020\/11\/gael_hurlimann_600x400.jpg","articleSection":["Media","Non classifi\u00e9(e)","Ringier Medien Schweiz"],"inLanguage":"de-DE"},{"@type":"WebPage","@id":"https:\/\/www.ringier.com\/de\/gael-hurlimann-wird-head-subscription-von-blick-und-von-der-global-media-unit-der-ringier-ag\/","url":"https:\/\/www.ringier.com\/de\/gael-hurlimann-wird-head-subscription-von-blick-und-von-der-global-media-unit-der-ringier-ag\/","name":"Ga\u00ebl Hurlimann wird Head Subscription von Blick und der Global Media Unit bei Ringier - Ringier","isPartOf":{"@id":"https:\/\/www.ringier.com\/de\/#website"},"primaryImageOfPage":{"@id":"https:\/\/www.ringier.com\/de\/gael-hurlimann-wird-head-subscription-von-blick-und-von-der-global-media-unit-der-ringier-ag\/#primaryimage"},"image":{"@id":"https:\/\/www.ringier.com\/de\/gael-hurlimann-wird-head-subscription-von-blick-und-von-der-global-media-unit-der-ringier-ag\/#primaryimage"},"thumbnailUrl":"https:\/\/www.ringier.com\/wp-content\/uploads\/2020\/11\/gael_hurlimann_600x400.jpg","datePublished":"2020-11-25T06:33:00+00:00","dateModified":"2025-06-17T12:28:19+00:00","breadcrumb":{"@id":"https:\/\/www.ringier.com\/de\/gael-hurlimann-wird-head-subscription-von-blick-und-von-der-global-media-unit-der-ringier-ag\/#breadcrumb"},"inLanguage":"de-DE","potentialAction":[{"@type":"ReadAction","target":["https:\/\/www.ringier.com\/de\/gael-hurlimann-wird-head-subscription-von-blick-und-von-der-global-media-unit-der-ringier-ag\/"]}]},{"@type":"ImageObject","inLanguage":"de-DE","@id":"https:\/\/www.ringier.com\/de\/gael-hurlimann-wird-head-subscription-von-blick-und-von-der-global-media-unit-der-ringier-ag\/#primaryimage","url":"https:\/\/www.ringier.com\/wp-content\/uploads\/2020\/11\/gael_hurlimann_600x400.jpg","contentUrl":"https:\/\/www.ringier.com\/wp-content\/uploads\/2020\/11\/gael_hurlimann_600x400.jpg","width":8065,"height":5376},{"@type":"BreadcrumbList","@id":"https:\/\/www.ringier.com\/de\/gael-hurlimann-wird-head-subscription-von-blick-und-von-der-global-media-unit-der-ringier-ag\/#breadcrumb","itemListElement":[{"@type":"ListItem","position":1,"name":"Home","item":"https:\/\/www.ringier.com\/de\/"},{"@type":"ListItem","position":2,"name":"Ga\u00ebl Hurlimann wird Head Subscription von Blick und der Global Media Unit bei Ringier"}]},{"@type":"WebSite","@id":"https:\/\/www.ringier.com\/de\/#website","url":"https:\/\/www.ringier.com\/de\/","name":"Ringier","description":"We inform. We entertain. We connect","publisher":{"@id":"https:\/\/www.ringier.com\/de\/#organization"},"potentialAction":[{"@type":"SearchAction","target":{"@type":"EntryPoint","urlTemplate":"https:\/\/www.ringier.com\/de\/?s={search_term_string}"},"query-input":{"@type":"PropertyValueSpecification","valueRequired":true,"valueName":"search_term_string"}}],"inLanguage":"de-DE"},{"@type":"Organization","@id":"https:\/\/www.ringier.com\/de\/#organization","name":"Ringier","url":"https:\/\/www.ringier.com\/de\/","logo":{"@type":"ImageObject","inLanguage":"de-DE","@id":"https:\/\/www.ringier.com\/de\/#\/schema\/logo\/image\/","url":"https:\/\/www.ringier.com\/wp-content\/uploads\/2021\/10\/ringier_logo_2.jpg","contentUrl":"https:\/\/www.ringier.com\/wp-content\/uploads\/2021\/10\/ringier_logo_2.jpg","width":750,"height":550,"caption":"Ringier"},"image":{"@id":"https:\/\/www.ringier.com\/de\/#\/schema\/logo\/image\/"},"sameAs":["https:\/\/www.facebook.com\/ringierag\/","https:\/\/x.com\/ringier_ag","https:\/\/www.instagram.com\/ringier_ag\/","https:\/\/www.linkedin.com\/company\/ringier\/","https:\/\/www.youtube.com\/user\/RingierComm","https:\/\/en.wikipedia.org\/wiki\/Ringier","https:\/\/de.wikipedia.org\/wiki\/Ringier","https:\/\/fr.wikipedia.org\/wiki\/Ringier","https:\/\/www.crunchbase.com\/organization\/ringier-ag"]},{"@type":"Person","@id":"https:\/\/www.ringier.com\/de\/#\/schema\/person\/ef164bb88b53619f3cc80536647bf2f7","name":"Nicholas","image":{"@type":"ImageObject","inLanguage":"de-DE","@id":"https:\/\/www.ringier.com\/de\/#\/schema\/person\/image\/","url":"https:\/\/secure.gravatar.com\/avatar\/9572d1b2c83fc5618f4ee102ee13e31ca8c6e2b2e94c5f07c5f90dac4d28d76c?s=96&d=mm&r=g","contentUrl":"https:\/\/secure.gravatar.com\/avatar\/9572d1b2c83fc5618f4ee102ee13e31ca8c6e2b2e94c5f07c5f90dac4d28d76c?s=96&d=mm&r=g","caption":"Nicholas"}}]}},"_links":{"self":[{"href":"https:\/\/www.ringier.com\/de\/wp-json\/wp\/v2\/posts\/1618","targetHints":{"allow":["GET"]}}],"collection":[{"href":"https:\/\/www.ringier.com\/de\/wp-json\/wp\/v2\/posts"}],"about":[{"href":"https:\/\/www.ringier.com\/de\/wp-json\/wp\/v2\/types\/post"}],"author":[{"embeddable":true,"href":"https:\/\/www.ringier.com\/de\/wp-json\/wp\/v2\/users\/3"}],"replies":[{"embeddable":true,"href":"https:\/\/www.ringier.com\/de\/wp-json\/wp\/v2\/comments?post=1618"}],"version-history":[{"count":0,"href":"https:\/\/www.ringier.com\/de\/wp-json\/wp\/v2\/posts\/1618\/revisions"}],"wp:featuredmedia":[{"embeddable":true,"href":"https:\/\/www.ringier.com\/de\/wp-json\/wp\/v2\/media\/1616"}],"wp:attachment":[{"href":"https:\/\/www.ringier.com\/de\/wp-json\/wp\/v2\/media?parent=1618"}],"wp:term":[{"taxonomy":"category","embeddable":true,"href":"https:\/\/www.ringier.com\/de\/wp-json\/wp\/v2\/categories?post=1618"},{"taxonomy":"post_tag","embeddable":true,"href":"https:\/\/www.ringier.com\/de\/wp-json\/wp\/v2\/tags?post=1618"}],"curies":[{"name":"wp","href":"https:\/\/api.w.org\/{rel}","templated":true}]}}