{"id":15626,"date":"2023-02-20T17:04:00","date_gmt":"2023-02-20T16:04:00","guid":{"rendered":"https:\/\/www.ringier.com\/?p=15626"},"modified":"2024-11-13T14:25:26","modified_gmt":"2024-11-13T13:25:26","slug":"neuzugang-im-news-ressort-qendresa-llugiqi-stoesst-zur-blick-gruppe","status":"publish","type":"post","link":"https:\/\/www.ringier.com\/de\/neuzugang-im-news-ressort-qendresa-llugiqi-stoesst-zur-blick-gruppe\/","title":{"rendered":"Neuzugang im News-Ressort: Qendresa Llugiqi st\u00f6sst zur Blick-Gruppe"},"content":{"rendered":"\n<p>\u00abAls zielstrebige Reporterin hat sich Qendresa schweizweit mit zahlreichen exklusiven Geschichten einen Namen gemacht. Umso gr\u00f6sser ist die Vorfreude, dass sie sich nun f\u00fcr die Blick-Gruppe entschieden hat\u00bb, sagt Flavio Razzino, Co-Nachrichtenchef der Blick-Gruppe, \u00fcber den Neuzugang.<\/p>\n\n\n\n<p>Llugiqi wird mit dem Standort in Rheinfelden die Verantwortung \u00fcber die Region Basel \u00fcbernehmen \u2013 und von dort auch \u00fcber die Kantonsgrenzen hinaus wirken. \u00abIch bin gespannt auf die neue Aufgabe und sch\u00e4tze enorm, dass ich in der Blick-Gruppe die M\u00f6glichkeit bekomme, meine Stories dank der verschiedenen Vektoren multimedial umsetzen zu k\u00f6nnen\u00bb, so Llugiqi.<\/p>\n\n\n\n<div style=\"height:26px\" aria-hidden=\"true\" class=\"wp-block-spacer\"><\/div>\n\n\n\n<p>Ringier AG, Corporate Communications<\/p>\n","protected":false},"excerpt":{"rendered":"<p>Nach sechs Jahren als Reporterin bei 20 Minuten wird Qendresa Llugiqi (32) ab dem 1. April das News-Ressort der Blick-Gruppe verst\u00e4rken.<\/p>\n","protected":false},"author":23,"featured_media":15629,"comment_status":"closed","ping_status":"open","sticky":false,"template":"","format":"standard","meta":{"inline_featured_image":false,"footnotes":""},"categories":[371,361,1],"tags":[],"class_list":["post-15626","post","type-post","status-publish","format-standard","has-post-thumbnail","hentry","category-media-de","category-ringier-medien-schweiz","category-uncategorized"],"yoast_head":"<!-- This site is optimized with the Yoast SEO Premium plugin v27.0 (Yoast SEO v27.0) - https:\/\/yoast.com\/product\/yoast-seo-premium-wordpress\/ -->\n<title>Neuzugang im News-Ressort: Qendresa Llugiqi st\u00f6sst zur Blick-Gruppe - Ringier<\/title>\n<meta name=\"robots\" content=\"index, follow, max-snippet:-1, max-image-preview:large, max-video-preview:-1\" \/>\n<link rel=\"canonical\" href=\"https:\/\/www.ringier.com\/de\/neuzugang-im-news-ressort-qendresa-llugiqi-stoesst-zur-blick-gruppe\/\" \/>\n<meta property=\"og:locale\" content=\"de_DE\" \/>\n<meta property=\"og:type\" content=\"article\" \/>\n<meta property=\"og:title\" content=\"Neuzugang im News-Ressort: Qendresa Llugiqi st\u00f6sst zur Blick-Gruppe\" \/>\n<meta property=\"og:description\" content=\"Nach sechs Jahren als Reporterin bei 20 Minuten wird Qendresa Llugiqi (32) ab dem 1. April das News-Ressort der Blick-Gruppe verst\u00e4rken.\" \/>\n<meta property=\"og:url\" content=\"https:\/\/www.ringier.com\/de\/neuzugang-im-news-ressort-qendresa-llugiqi-stoesst-zur-blick-gruppe\/\" \/>\n<meta property=\"og:site_name\" content=\"Ringier\" \/>\n<meta property=\"article:publisher\" content=\"https:\/\/www.facebook.com\/ringierag\/\" \/>\n<meta property=\"article:published_time\" content=\"2023-02-20T16:04:00+00:00\" \/>\n<meta property=\"article:modified_time\" content=\"2024-11-13T13:25:26+00:00\" \/>\n<meta property=\"og:image\" content=\"https:\/\/www.ringier.com\/wp-content\/uploads\/2023\/02\/portrait1.jpeg\" \/>\n\t<meta property=\"og:image:width\" content=\"512\" \/>\n\t<meta property=\"og:image:height\" content=\"512\" \/>\n\t<meta property=\"og:image:type\" content=\"image\/jpeg\" \/>\n<meta name=\"author\" content=\"Ringier Corporate Communications\" \/>\n<meta name=\"twitter:card\" content=\"summary_large_image\" \/>\n<meta name=\"twitter:creator\" content=\"@ringier_ag\" \/>\n<meta name=\"twitter:site\" content=\"@ringier_ag\" \/>\n<meta name=\"twitter:label1\" content=\"Verfasst von\" \/>\n\t<meta name=\"twitter:data1\" content=\"Ringier Corporate Communications\" \/>\n\t<meta name=\"twitter:label2\" content=\"Gesch\u00e4tzte Lesezeit\" \/>\n\t<meta name=\"twitter:data2\" content=\"1 Minute\" \/>\n<script type=\"application\/ld+json\" class=\"yoast-schema-graph\">{\"@context\":\"https:\/\/schema.org\",\"@graph\":[{\"@type\":\"Article\",\"@id\":\"https:\/\/www.ringier.com\/de\/neuzugang-im-news-ressort-qendresa-llugiqi-stoesst-zur-blick-gruppe\/#article\",\"isPartOf\":{\"@id\":\"https:\/\/www.ringier.com\/de\/neuzugang-im-news-ressort-qendresa-llugiqi-stoesst-zur-blick-gruppe\/\"},\"author\":{\"name\":\"Ringier Corporate Communications\",\"@id\":\"https:\/\/www.ringier.com\/de\/#\/schema\/person\/4cf76a308dc4b2bb5121bd1e7b752e52\"},\"headline\":\"Neuzugang im News-Ressort: Qendresa Llugiqi st\u00f6sst zur Blick-Gruppe\",\"datePublished\":\"2023-02-20T16:04:00+00:00\",\"dateModified\":\"2024-11-13T13:25:26+00:00\",\"mainEntityOfPage\":{\"@id\":\"https:\/\/www.ringier.com\/de\/neuzugang-im-news-ressort-qendresa-llugiqi-stoesst-zur-blick-gruppe\/\"},\"wordCount\":108,\"publisher\":{\"@id\":\"https:\/\/www.ringier.com\/de\/#organization\"},\"image\":{\"@id\":\"https:\/\/www.ringier.com\/de\/neuzugang-im-news-ressort-qendresa-llugiqi-stoesst-zur-blick-gruppe\/#primaryimage\"},\"thumbnailUrl\":\"https:\/\/www.ringier.com\/wp-content\/uploads\/2023\/02\/portrait1.jpeg\",\"articleSection\":[\"Media\",\"Ringier Medien Schweiz\",\"Uncategorized\"],\"inLanguage\":\"de-DE\"},{\"@type\":\"WebPage\",\"@id\":\"https:\/\/www.ringier.com\/de\/neuzugang-im-news-ressort-qendresa-llugiqi-stoesst-zur-blick-gruppe\/\",\"url\":\"https:\/\/www.ringier.com\/de\/neuzugang-im-news-ressort-qendresa-llugiqi-stoesst-zur-blick-gruppe\/\",\"name\":\"Neuzugang im News-Ressort: Qendresa Llugiqi st\u00f6sst zur Blick-Gruppe - Ringier\",\"isPartOf\":{\"@id\":\"https:\/\/www.ringier.com\/de\/#website\"},\"primaryImageOfPage\":{\"@id\":\"https:\/\/www.ringier.com\/de\/neuzugang-im-news-ressort-qendresa-llugiqi-stoesst-zur-blick-gruppe\/#primaryimage\"},\"image\":{\"@id\":\"https:\/\/www.ringier.com\/de\/neuzugang-im-news-ressort-qendresa-llugiqi-stoesst-zur-blick-gruppe\/#primaryimage\"},\"thumbnailUrl\":\"https:\/\/www.ringier.com\/wp-content\/uploads\/2023\/02\/portrait1.jpeg\",\"datePublished\":\"2023-02-20T16:04:00+00:00\",\"dateModified\":\"2024-11-13T13:25:26+00:00\",\"breadcrumb\":{\"@id\":\"https:\/\/www.ringier.com\/de\/neuzugang-im-news-ressort-qendresa-llugiqi-stoesst-zur-blick-gruppe\/#breadcrumb\"},\"inLanguage\":\"de-DE\",\"potentialAction\":[{\"@type\":\"ReadAction\",\"target\":[\"https:\/\/www.ringier.com\/de\/neuzugang-im-news-ressort-qendresa-llugiqi-stoesst-zur-blick-gruppe\/\"]}]},{\"@type\":\"ImageObject\",\"inLanguage\":\"de-DE\",\"@id\":\"https:\/\/www.ringier.com\/de\/neuzugang-im-news-ressort-qendresa-llugiqi-stoesst-zur-blick-gruppe\/#primaryimage\",\"url\":\"https:\/\/www.ringier.com\/wp-content\/uploads\/2023\/02\/portrait1.jpeg\",\"contentUrl\":\"https:\/\/www.ringier.com\/wp-content\/uploads\/2023\/02\/portrait1.jpeg\",\"width\":512,\"height\":512},{\"@type\":\"BreadcrumbList\",\"@id\":\"https:\/\/www.ringier.com\/de\/neuzugang-im-news-ressort-qendresa-llugiqi-stoesst-zur-blick-gruppe\/#breadcrumb\",\"itemListElement\":[{\"@type\":\"ListItem\",\"position\":1,\"name\":\"Home\",\"item\":\"https:\/\/www.ringier.com\/de\/\"},{\"@type\":\"ListItem\",\"position\":2,\"name\":\"Neuzugang im News-Ressort: Qendresa Llugiqi st\u00f6sst zur Blick-Gruppe\"}]},{\"@type\":\"WebSite\",\"@id\":\"https:\/\/www.ringier.com\/de\/#website\",\"url\":\"https:\/\/www.ringier.com\/de\/\",\"name\":\"Ringier\",\"description\":\"We inform. We entertain. We connect\",\"publisher\":{\"@id\":\"https:\/\/www.ringier.com\/de\/#organization\"},\"potentialAction\":[{\"@type\":\"SearchAction\",\"target\":{\"@type\":\"EntryPoint\",\"urlTemplate\":\"https:\/\/www.ringier.com\/de\/?s={search_term_string}\"},\"query-input\":{\"@type\":\"PropertyValueSpecification\",\"valueRequired\":true,\"valueName\":\"search_term_string\"}}],\"inLanguage\":\"de-DE\"},{\"@type\":\"Organization\",\"@id\":\"https:\/\/www.ringier.com\/de\/#organization\",\"name\":\"Ringier\",\"url\":\"https:\/\/www.ringier.com\/de\/\",\"logo\":{\"@type\":\"ImageObject\",\"inLanguage\":\"de-DE\",\"@id\":\"https:\/\/www.ringier.com\/de\/#\/schema\/logo\/image\/\",\"url\":\"https:\/\/www.ringier.com\/wp-content\/uploads\/2021\/10\/ringier_logo_2.jpg\",\"contentUrl\":\"https:\/\/www.ringier.com\/wp-content\/uploads\/2021\/10\/ringier_logo_2.jpg\",\"width\":750,\"height\":550,\"caption\":\"Ringier\"},\"image\":{\"@id\":\"https:\/\/www.ringier.com\/de\/#\/schema\/logo\/image\/\"},\"sameAs\":[\"https:\/\/www.facebook.com\/ringierag\/\",\"https:\/\/x.com\/ringier_ag\",\"https:\/\/www.instagram.com\/ringier_ag\/\",\"https:\/\/www.linkedin.com\/company\/ringier\/\",\"https:\/\/www.youtube.com\/user\/RingierComm\",\"https:\/\/en.wikipedia.org\/wiki\/Ringier\",\"https:\/\/de.wikipedia.org\/wiki\/Ringier\",\"https:\/\/fr.wikipedia.org\/wiki\/Ringier\",\"https:\/\/www.crunchbase.com\/organization\/ringier-ag\"]},{\"@type\":\"Person\",\"@id\":\"https:\/\/www.ringier.com\/de\/#\/schema\/person\/4cf76a308dc4b2bb5121bd1e7b752e52\",\"name\":\"Ringier Corporate Communications\",\"image\":{\"@type\":\"ImageObject\",\"inLanguage\":\"de-DE\",\"@id\":\"https:\/\/www.ringier.com\/de\/#\/schema\/person\/image\/\",\"url\":\"https:\/\/secure.gravatar.com\/avatar\/9391e20481368d5df4fe3e1e476c13b27786347489822ec1ed07e532bb41f587?s=96&d=mm&r=g\",\"contentUrl\":\"https:\/\/secure.gravatar.com\/avatar\/9391e20481368d5df4fe3e1e476c13b27786347489822ec1ed07e532bb41f587?s=96&d=mm&r=g\",\"caption\":\"Ringier Corporate Communications\"},\"sameAs\":[\"https:\/\/www.ringier.com\"]}]}<\/script>\n<!-- \/ Yoast SEO Premium plugin. -->","yoast_head_json":{"title":"Neuzugang im News-Ressort: Qendresa Llugiqi st\u00f6sst zur Blick-Gruppe - Ringier","robots":{"index":"index","follow":"follow","max-snippet":"max-snippet:-1","max-image-preview":"max-image-preview:large","max-video-preview":"max-video-preview:-1"},"canonical":"https:\/\/www.ringier.com\/de\/neuzugang-im-news-ressort-qendresa-llugiqi-stoesst-zur-blick-gruppe\/","og_locale":"de_DE","og_type":"article","og_title":"Neuzugang im News-Ressort: Qendresa Llugiqi st\u00f6sst zur Blick-Gruppe","og_description":"Nach sechs Jahren als Reporterin bei 20 Minuten wird Qendresa Llugiqi (32) ab dem 1. April das News-Ressort der Blick-Gruppe verst\u00e4rken.","og_url":"https:\/\/www.ringier.com\/de\/neuzugang-im-news-ressort-qendresa-llugiqi-stoesst-zur-blick-gruppe\/","og_site_name":"Ringier","article_publisher":"https:\/\/www.facebook.com\/ringierag\/","article_published_time":"2023-02-20T16:04:00+00:00","article_modified_time":"2024-11-13T13:25:26+00:00","og_image":[{"width":512,"height":512,"url":"https:\/\/www.ringier.com\/wp-content\/uploads\/2023\/02\/portrait1.jpeg","type":"image\/jpeg"}],"author":"Ringier Corporate Communications","twitter_card":"summary_large_image","twitter_creator":"@ringier_ag","twitter_site":"@ringier_ag","twitter_misc":{"Verfasst von":"Ringier Corporate Communications","Gesch\u00e4tzte Lesezeit":"1 Minute"},"schema":{"@context":"https:\/\/schema.org","@graph":[{"@type":"Article","@id":"https:\/\/www.ringier.com\/de\/neuzugang-im-news-ressort-qendresa-llugiqi-stoesst-zur-blick-gruppe\/#article","isPartOf":{"@id":"https:\/\/www.ringier.com\/de\/neuzugang-im-news-ressort-qendresa-llugiqi-stoesst-zur-blick-gruppe\/"},"author":{"name":"Ringier Corporate Communications","@id":"https:\/\/www.ringier.com\/de\/#\/schema\/person\/4cf76a308dc4b2bb5121bd1e7b752e52"},"headline":"Neuzugang im News-Ressort: Qendresa Llugiqi st\u00f6sst zur Blick-Gruppe","datePublished":"2023-02-20T16:04:00+00:00","dateModified":"2024-11-13T13:25:26+00:00","mainEntityOfPage":{"@id":"https:\/\/www.ringier.com\/de\/neuzugang-im-news-ressort-qendresa-llugiqi-stoesst-zur-blick-gruppe\/"},"wordCount":108,"publisher":{"@id":"https:\/\/www.ringier.com\/de\/#organization"},"image":{"@id":"https:\/\/www.ringier.com\/de\/neuzugang-im-news-ressort-qendresa-llugiqi-stoesst-zur-blick-gruppe\/#primaryimage"},"thumbnailUrl":"https:\/\/www.ringier.com\/wp-content\/uploads\/2023\/02\/portrait1.jpeg","articleSection":["Media","Ringier Medien Schweiz","Uncategorized"],"inLanguage":"de-DE"},{"@type":"WebPage","@id":"https:\/\/www.ringier.com\/de\/neuzugang-im-news-ressort-qendresa-llugiqi-stoesst-zur-blick-gruppe\/","url":"https:\/\/www.ringier.com\/de\/neuzugang-im-news-ressort-qendresa-llugiqi-stoesst-zur-blick-gruppe\/","name":"Neuzugang im News-Ressort: Qendresa Llugiqi st\u00f6sst zur Blick-Gruppe - Ringier","isPartOf":{"@id":"https:\/\/www.ringier.com\/de\/#website"},"primaryImageOfPage":{"@id":"https:\/\/www.ringier.com\/de\/neuzugang-im-news-ressort-qendresa-llugiqi-stoesst-zur-blick-gruppe\/#primaryimage"},"image":{"@id":"https:\/\/www.ringier.com\/de\/neuzugang-im-news-ressort-qendresa-llugiqi-stoesst-zur-blick-gruppe\/#primaryimage"},"thumbnailUrl":"https:\/\/www.ringier.com\/wp-content\/uploads\/2023\/02\/portrait1.jpeg","datePublished":"2023-02-20T16:04:00+00:00","dateModified":"2024-11-13T13:25:26+00:00","breadcrumb":{"@id":"https:\/\/www.ringier.com\/de\/neuzugang-im-news-ressort-qendresa-llugiqi-stoesst-zur-blick-gruppe\/#breadcrumb"},"inLanguage":"de-DE","potentialAction":[{"@type":"ReadAction","target":["https:\/\/www.ringier.com\/de\/neuzugang-im-news-ressort-qendresa-llugiqi-stoesst-zur-blick-gruppe\/"]}]},{"@type":"ImageObject","inLanguage":"de-DE","@id":"https:\/\/www.ringier.com\/de\/neuzugang-im-news-ressort-qendresa-llugiqi-stoesst-zur-blick-gruppe\/#primaryimage","url":"https:\/\/www.ringier.com\/wp-content\/uploads\/2023\/02\/portrait1.jpeg","contentUrl":"https:\/\/www.ringier.com\/wp-content\/uploads\/2023\/02\/portrait1.jpeg","width":512,"height":512},{"@type":"BreadcrumbList","@id":"https:\/\/www.ringier.com\/de\/neuzugang-im-news-ressort-qendresa-llugiqi-stoesst-zur-blick-gruppe\/#breadcrumb","itemListElement":[{"@type":"ListItem","position":1,"name":"Home","item":"https:\/\/www.ringier.com\/de\/"},{"@type":"ListItem","position":2,"name":"Neuzugang im News-Ressort: Qendresa Llugiqi st\u00f6sst zur Blick-Gruppe"}]},{"@type":"WebSite","@id":"https:\/\/www.ringier.com\/de\/#website","url":"https:\/\/www.ringier.com\/de\/","name":"Ringier","description":"We inform. We entertain. We connect","publisher":{"@id":"https:\/\/www.ringier.com\/de\/#organization"},"potentialAction":[{"@type":"SearchAction","target":{"@type":"EntryPoint","urlTemplate":"https:\/\/www.ringier.com\/de\/?s={search_term_string}"},"query-input":{"@type":"PropertyValueSpecification","valueRequired":true,"valueName":"search_term_string"}}],"inLanguage":"de-DE"},{"@type":"Organization","@id":"https:\/\/www.ringier.com\/de\/#organization","name":"Ringier","url":"https:\/\/www.ringier.com\/de\/","logo":{"@type":"ImageObject","inLanguage":"de-DE","@id":"https:\/\/www.ringier.com\/de\/#\/schema\/logo\/image\/","url":"https:\/\/www.ringier.com\/wp-content\/uploads\/2021\/10\/ringier_logo_2.jpg","contentUrl":"https:\/\/www.ringier.com\/wp-content\/uploads\/2021\/10\/ringier_logo_2.jpg","width":750,"height":550,"caption":"Ringier"},"image":{"@id":"https:\/\/www.ringier.com\/de\/#\/schema\/logo\/image\/"},"sameAs":["https:\/\/www.facebook.com\/ringierag\/","https:\/\/x.com\/ringier_ag","https:\/\/www.instagram.com\/ringier_ag\/","https:\/\/www.linkedin.com\/company\/ringier\/","https:\/\/www.youtube.com\/user\/RingierComm","https:\/\/en.wikipedia.org\/wiki\/Ringier","https:\/\/de.wikipedia.org\/wiki\/Ringier","https:\/\/fr.wikipedia.org\/wiki\/Ringier","https:\/\/www.crunchbase.com\/organization\/ringier-ag"]},{"@type":"Person","@id":"https:\/\/www.ringier.com\/de\/#\/schema\/person\/4cf76a308dc4b2bb5121bd1e7b752e52","name":"Ringier Corporate Communications","image":{"@type":"ImageObject","inLanguage":"de-DE","@id":"https:\/\/www.ringier.com\/de\/#\/schema\/person\/image\/","url":"https:\/\/secure.gravatar.com\/avatar\/9391e20481368d5df4fe3e1e476c13b27786347489822ec1ed07e532bb41f587?s=96&d=mm&r=g","contentUrl":"https:\/\/secure.gravatar.com\/avatar\/9391e20481368d5df4fe3e1e476c13b27786347489822ec1ed07e532bb41f587?s=96&d=mm&r=g","caption":"Ringier Corporate Communications"},"sameAs":["https:\/\/www.ringier.com"]}]}},"_links":{"self":[{"href":"https:\/\/www.ringier.com\/de\/wp-json\/wp\/v2\/posts\/15626","targetHints":{"allow":["GET"]}}],"collection":[{"href":"https:\/\/www.ringier.com\/de\/wp-json\/wp\/v2\/posts"}],"about":[{"href":"https:\/\/www.ringier.com\/de\/wp-json\/wp\/v2\/types\/post"}],"author":[{"embeddable":true,"href":"https:\/\/www.ringier.com\/de\/wp-json\/wp\/v2\/users\/23"}],"replies":[{"embeddable":true,"href":"https:\/\/www.ringier.com\/de\/wp-json\/wp\/v2\/comments?post=15626"}],"version-history":[{"count":0,"href":"https:\/\/www.ringier.com\/de\/wp-json\/wp\/v2\/posts\/15626\/revisions"}],"wp:featuredmedia":[{"embeddable":true,"href":"https:\/\/www.ringier.com\/de\/wp-json\/wp\/v2\/media\/15629"}],"wp:attachment":[{"href":"https:\/\/www.ringier.com\/de\/wp-json\/wp\/v2\/media?parent=15626"}],"wp:term":[{"taxonomy":"category","embeddable":true,"href":"https:\/\/www.ringier.com\/de\/wp-json\/wp\/v2\/categories?post=15626"},{"taxonomy":"post_tag","embeddable":true,"href":"https:\/\/www.ringier.com\/de\/wp-json\/wp\/v2\/tags?post=15626"}],"curies":[{"name":"wp","href":"https:\/\/api.w.org\/{rel}","templated":true}]}}