{"id":15378,"date":"2022-11-29T16:04:00","date_gmt":"2022-11-29T15:04:00","guid":{"rendered":"https:\/\/www.ringier.com\/?p=15378"},"modified":"2024-11-13T14:33:19","modified_gmt":"2024-11-13T13:33:19","slug":"von-kath-ch-zur-blick-gruppe-raphael-rauch-wechselt-zum-sonntagsblick","status":"publish","type":"post","link":"https:\/\/www.ringier.com\/de\/von-kath-ch-zur-blick-gruppe-raphael-rauch-wechselt-zum-sonntagsblick\/","title":{"rendered":"Von Kath.ch zur Blick-Gruppe: Raphael Rauch wechselt zum SonntagsBlick"},"content":{"rendered":"\n<p>Der Redaktionsleiter des Online-Portals \u00ab<a href=\"http:\/\/kath.ch\/\" target=\"_blank\" rel=\"noreferrer noopener\">kath.ch<\/a>\u00bb wird seine neue Stelle sp\u00e4testens im Juni 2023 antreten. \u00abWer die Welt verstehen will, kommt um das Thema Geld nicht herum. Ich m\u00f6chte komplizierte Zahlen in guten Geschichten erz\u00e4hlen und freue mich auf viele investigative Recherchen beim <a href=\"https:\/\/www.blick.ch\/sonntagsblick\/\" target=\"_blank\" rel=\"noreferrer noopener\">SonntagsBlick<\/a>\u00bb, sagt Raphael Rauch.<br>&nbsp;<br>Rauch hat Geschichte, Politikwissenschaft und Katholische Theologie studiert und arbeitete nach seiner Promotion in M\u00fcnchen beim ZDF-Newsportal&nbsp;<a href=\"http:\/\/heute.de\/\" target=\"_blank\" rel=\"noreferrer noopener\">heute.de<\/a>, bei Radio SRF2 und der SRF-Rundschau.<br>&nbsp;<br>SonntagsBlick-Chefredaktor Gieri Cavelty zum Neuzugang: \u00abRaphael Rauch ist ein ausgesprochen origineller, vielseitiger und gescheiter Journalist mit einem Flair sowohl f\u00fcr News als auch f\u00fcr Hintergrundgeschichten. Ein Kollege von diesem Format und mit diesem Profil ist ein grosser Gewinn f\u00fcr unsere Wirtschaftsberichterstattung!\u00bb<\/p>\n\n\n\n<p>Ringier AG, Corporate Communications<\/p>\n","protected":false},"excerpt":{"rendered":"<p>Raphael Rauch wechselt als Wirtschaftsredaktor zum SonntagsBlick. <\/p>\n","protected":false},"author":23,"featured_media":15379,"comment_status":"closed","ping_status":"open","sticky":false,"template":"","format":"standard","meta":{"inline_featured_image":false,"footnotes":""},"categories":[371,361],"tags":[],"class_list":["post-15378","post","type-post","status-publish","format-standard","has-post-thumbnail","hentry","category-media-de","category-ringier-medien-schweiz"],"yoast_head":"<!-- This site is optimized with the Yoast SEO Premium plugin v27.0 (Yoast SEO v27.0) - https:\/\/yoast.com\/product\/yoast-seo-premium-wordpress\/ -->\n<title>Von Kath.ch zur Blick-Gruppe: Raphael Rauch wechselt zum SonntagsBlick - Ringier<\/title>\n<meta name=\"robots\" content=\"index, follow, max-snippet:-1, max-image-preview:large, max-video-preview:-1\" \/>\n<link rel=\"canonical\" href=\"https:\/\/www.ringier.com\/de\/von-kath-ch-zur-blick-gruppe-raphael-rauch-wechselt-zum-sonntagsblick\/\" \/>\n<meta property=\"og:locale\" content=\"de_DE\" \/>\n<meta property=\"og:type\" content=\"article\" \/>\n<meta property=\"og:title\" content=\"Von Kath.ch zur Blick-Gruppe: Raphael Rauch wechselt zum SonntagsBlick\" \/>\n<meta property=\"og:description\" content=\"Raphael Rauch wechselt als Wirtschaftsredaktor zum SonntagsBlick.\" \/>\n<meta property=\"og:url\" content=\"https:\/\/www.ringier.com\/de\/von-kath-ch-zur-blick-gruppe-raphael-rauch-wechselt-zum-sonntagsblick\/\" \/>\n<meta property=\"og:site_name\" content=\"Ringier\" \/>\n<meta property=\"article:publisher\" content=\"https:\/\/www.facebook.com\/ringierag\/\" \/>\n<meta property=\"article:published_time\" content=\"2022-11-29T15:04:00+00:00\" \/>\n<meta property=\"article:modified_time\" content=\"2024-11-13T13:33:19+00:00\" \/>\n<meta property=\"og:image\" content=\"https:\/\/www.ringier.com\/wp-content\/uploads\/2022\/11\/Raphael-Rauch.jpg\" \/>\n\t<meta property=\"og:image:width\" content=\"1573\" \/>\n\t<meta property=\"og:image:height\" content=\"823\" \/>\n\t<meta property=\"og:image:type\" content=\"image\/jpeg\" \/>\n<meta name=\"author\" content=\"Ringier Corporate Communications\" \/>\n<meta name=\"twitter:card\" content=\"summary_large_image\" \/>\n<meta name=\"twitter:creator\" content=\"@ringier_ag\" \/>\n<meta name=\"twitter:site\" content=\"@ringier_ag\" \/>\n<meta name=\"twitter:label1\" content=\"Verfasst von\" \/>\n\t<meta name=\"twitter:data1\" content=\"Ringier Corporate Communications\" \/>\n\t<meta name=\"twitter:label2\" content=\"Gesch\u00e4tzte Lesezeit\" \/>\n\t<meta name=\"twitter:data2\" content=\"1 Minute\" \/>\n<script type=\"application\/ld+json\" class=\"yoast-schema-graph\">{\"@context\":\"https:\/\/schema.org\",\"@graph\":[{\"@type\":\"Article\",\"@id\":\"https:\/\/www.ringier.com\/de\/von-kath-ch-zur-blick-gruppe-raphael-rauch-wechselt-zum-sonntagsblick\/#article\",\"isPartOf\":{\"@id\":\"https:\/\/www.ringier.com\/de\/von-kath-ch-zur-blick-gruppe-raphael-rauch-wechselt-zum-sonntagsblick\/\"},\"author\":{\"name\":\"Ringier Corporate Communications\",\"@id\":\"https:\/\/www.ringier.com\/de\/#\/schema\/person\/4cf76a308dc4b2bb5121bd1e7b752e52\"},\"headline\":\"Von Kath.ch zur Blick-Gruppe: Raphael Rauch wechselt zum SonntagsBlick\",\"datePublished\":\"2022-11-29T15:04:00+00:00\",\"dateModified\":\"2024-11-13T13:33:19+00:00\",\"mainEntityOfPage\":{\"@id\":\"https:\/\/www.ringier.com\/de\/von-kath-ch-zur-blick-gruppe-raphael-rauch-wechselt-zum-sonntagsblick\/\"},\"wordCount\":136,\"publisher\":{\"@id\":\"https:\/\/www.ringier.com\/de\/#organization\"},\"image\":{\"@id\":\"https:\/\/www.ringier.com\/de\/von-kath-ch-zur-blick-gruppe-raphael-rauch-wechselt-zum-sonntagsblick\/#primaryimage\"},\"thumbnailUrl\":\"https:\/\/www.ringier.com\/wp-content\/uploads\/2022\/11\/Raphael-Rauch.jpg\",\"articleSection\":[\"Media\",\"Ringier Medien Schweiz\"],\"inLanguage\":\"de-DE\"},{\"@type\":\"WebPage\",\"@id\":\"https:\/\/www.ringier.com\/de\/von-kath-ch-zur-blick-gruppe-raphael-rauch-wechselt-zum-sonntagsblick\/\",\"url\":\"https:\/\/www.ringier.com\/de\/von-kath-ch-zur-blick-gruppe-raphael-rauch-wechselt-zum-sonntagsblick\/\",\"name\":\"Von Kath.ch zur Blick-Gruppe: Raphael Rauch wechselt zum SonntagsBlick - Ringier\",\"isPartOf\":{\"@id\":\"https:\/\/www.ringier.com\/de\/#website\"},\"primaryImageOfPage\":{\"@id\":\"https:\/\/www.ringier.com\/de\/von-kath-ch-zur-blick-gruppe-raphael-rauch-wechselt-zum-sonntagsblick\/#primaryimage\"},\"image\":{\"@id\":\"https:\/\/www.ringier.com\/de\/von-kath-ch-zur-blick-gruppe-raphael-rauch-wechselt-zum-sonntagsblick\/#primaryimage\"},\"thumbnailUrl\":\"https:\/\/www.ringier.com\/wp-content\/uploads\/2022\/11\/Raphael-Rauch.jpg\",\"datePublished\":\"2022-11-29T15:04:00+00:00\",\"dateModified\":\"2024-11-13T13:33:19+00:00\",\"breadcrumb\":{\"@id\":\"https:\/\/www.ringier.com\/de\/von-kath-ch-zur-blick-gruppe-raphael-rauch-wechselt-zum-sonntagsblick\/#breadcrumb\"},\"inLanguage\":\"de-DE\",\"potentialAction\":[{\"@type\":\"ReadAction\",\"target\":[\"https:\/\/www.ringier.com\/de\/von-kath-ch-zur-blick-gruppe-raphael-rauch-wechselt-zum-sonntagsblick\/\"]}]},{\"@type\":\"ImageObject\",\"inLanguage\":\"de-DE\",\"@id\":\"https:\/\/www.ringier.com\/de\/von-kath-ch-zur-blick-gruppe-raphael-rauch-wechselt-zum-sonntagsblick\/#primaryimage\",\"url\":\"https:\/\/www.ringier.com\/wp-content\/uploads\/2022\/11\/Raphael-Rauch.jpg\",\"contentUrl\":\"https:\/\/www.ringier.com\/wp-content\/uploads\/2022\/11\/Raphael-Rauch.jpg\",\"width\":1573,\"height\":823,\"caption\":\"BERN, SWITZERLAND - NOVEMBER 23, 2020. Raphael Rauch, Redaktor kath.ch. CREDIT: ELISABETH REAL\"},{\"@type\":\"BreadcrumbList\",\"@id\":\"https:\/\/www.ringier.com\/de\/von-kath-ch-zur-blick-gruppe-raphael-rauch-wechselt-zum-sonntagsblick\/#breadcrumb\",\"itemListElement\":[{\"@type\":\"ListItem\",\"position\":1,\"name\":\"Home\",\"item\":\"https:\/\/www.ringier.com\/de\/\"},{\"@type\":\"ListItem\",\"position\":2,\"name\":\"Von Kath.ch zur Blick-Gruppe: Raphael Rauch wechselt zum SonntagsBlick\"}]},{\"@type\":\"WebSite\",\"@id\":\"https:\/\/www.ringier.com\/de\/#website\",\"url\":\"https:\/\/www.ringier.com\/de\/\",\"name\":\"Ringier\",\"description\":\"We inform. We entertain. We connect\",\"publisher\":{\"@id\":\"https:\/\/www.ringier.com\/de\/#organization\"},\"potentialAction\":[{\"@type\":\"SearchAction\",\"target\":{\"@type\":\"EntryPoint\",\"urlTemplate\":\"https:\/\/www.ringier.com\/de\/?s={search_term_string}\"},\"query-input\":{\"@type\":\"PropertyValueSpecification\",\"valueRequired\":true,\"valueName\":\"search_term_string\"}}],\"inLanguage\":\"de-DE\"},{\"@type\":\"Organization\",\"@id\":\"https:\/\/www.ringier.com\/de\/#organization\",\"name\":\"Ringier\",\"url\":\"https:\/\/www.ringier.com\/de\/\",\"logo\":{\"@type\":\"ImageObject\",\"inLanguage\":\"de-DE\",\"@id\":\"https:\/\/www.ringier.com\/de\/#\/schema\/logo\/image\/\",\"url\":\"https:\/\/www.ringier.com\/wp-content\/uploads\/2021\/10\/ringier_logo_2.jpg\",\"contentUrl\":\"https:\/\/www.ringier.com\/wp-content\/uploads\/2021\/10\/ringier_logo_2.jpg\",\"width\":750,\"height\":550,\"caption\":\"Ringier\"},\"image\":{\"@id\":\"https:\/\/www.ringier.com\/de\/#\/schema\/logo\/image\/\"},\"sameAs\":[\"https:\/\/www.facebook.com\/ringierag\/\",\"https:\/\/x.com\/ringier_ag\",\"https:\/\/www.instagram.com\/ringier_ag\/\",\"https:\/\/www.linkedin.com\/company\/ringier\/\",\"https:\/\/www.youtube.com\/user\/RingierComm\",\"https:\/\/en.wikipedia.org\/wiki\/Ringier\",\"https:\/\/de.wikipedia.org\/wiki\/Ringier\",\"https:\/\/fr.wikipedia.org\/wiki\/Ringier\",\"https:\/\/www.crunchbase.com\/organization\/ringier-ag\"]},{\"@type\":\"Person\",\"@id\":\"https:\/\/www.ringier.com\/de\/#\/schema\/person\/4cf76a308dc4b2bb5121bd1e7b752e52\",\"name\":\"Ringier Corporate Communications\",\"image\":{\"@type\":\"ImageObject\",\"inLanguage\":\"de-DE\",\"@id\":\"https:\/\/www.ringier.com\/de\/#\/schema\/person\/image\/\",\"url\":\"https:\/\/secure.gravatar.com\/avatar\/9391e20481368d5df4fe3e1e476c13b27786347489822ec1ed07e532bb41f587?s=96&d=mm&r=g\",\"contentUrl\":\"https:\/\/secure.gravatar.com\/avatar\/9391e20481368d5df4fe3e1e476c13b27786347489822ec1ed07e532bb41f587?s=96&d=mm&r=g\",\"caption\":\"Ringier Corporate Communications\"},\"sameAs\":[\"https:\/\/www.ringier.com\"]}]}<\/script>\n<!-- \/ Yoast SEO Premium plugin. -->","yoast_head_json":{"title":"Von Kath.ch zur Blick-Gruppe: Raphael Rauch wechselt zum SonntagsBlick - Ringier","robots":{"index":"index","follow":"follow","max-snippet":"max-snippet:-1","max-image-preview":"max-image-preview:large","max-video-preview":"max-video-preview:-1"},"canonical":"https:\/\/www.ringier.com\/de\/von-kath-ch-zur-blick-gruppe-raphael-rauch-wechselt-zum-sonntagsblick\/","og_locale":"de_DE","og_type":"article","og_title":"Von Kath.ch zur Blick-Gruppe: Raphael Rauch wechselt zum SonntagsBlick","og_description":"Raphael Rauch wechselt als Wirtschaftsredaktor zum SonntagsBlick.","og_url":"https:\/\/www.ringier.com\/de\/von-kath-ch-zur-blick-gruppe-raphael-rauch-wechselt-zum-sonntagsblick\/","og_site_name":"Ringier","article_publisher":"https:\/\/www.facebook.com\/ringierag\/","article_published_time":"2022-11-29T15:04:00+00:00","article_modified_time":"2024-11-13T13:33:19+00:00","og_image":[{"width":1573,"height":823,"url":"https:\/\/www.ringier.com\/wp-content\/uploads\/2022\/11\/Raphael-Rauch.jpg","type":"image\/jpeg"}],"author":"Ringier Corporate Communications","twitter_card":"summary_large_image","twitter_creator":"@ringier_ag","twitter_site":"@ringier_ag","twitter_misc":{"Verfasst von":"Ringier Corporate Communications","Gesch\u00e4tzte Lesezeit":"1 Minute"},"schema":{"@context":"https:\/\/schema.org","@graph":[{"@type":"Article","@id":"https:\/\/www.ringier.com\/de\/von-kath-ch-zur-blick-gruppe-raphael-rauch-wechselt-zum-sonntagsblick\/#article","isPartOf":{"@id":"https:\/\/www.ringier.com\/de\/von-kath-ch-zur-blick-gruppe-raphael-rauch-wechselt-zum-sonntagsblick\/"},"author":{"name":"Ringier Corporate Communications","@id":"https:\/\/www.ringier.com\/de\/#\/schema\/person\/4cf76a308dc4b2bb5121bd1e7b752e52"},"headline":"Von Kath.ch zur Blick-Gruppe: Raphael Rauch wechselt zum SonntagsBlick","datePublished":"2022-11-29T15:04:00+00:00","dateModified":"2024-11-13T13:33:19+00:00","mainEntityOfPage":{"@id":"https:\/\/www.ringier.com\/de\/von-kath-ch-zur-blick-gruppe-raphael-rauch-wechselt-zum-sonntagsblick\/"},"wordCount":136,"publisher":{"@id":"https:\/\/www.ringier.com\/de\/#organization"},"image":{"@id":"https:\/\/www.ringier.com\/de\/von-kath-ch-zur-blick-gruppe-raphael-rauch-wechselt-zum-sonntagsblick\/#primaryimage"},"thumbnailUrl":"https:\/\/www.ringier.com\/wp-content\/uploads\/2022\/11\/Raphael-Rauch.jpg","articleSection":["Media","Ringier Medien Schweiz"],"inLanguage":"de-DE"},{"@type":"WebPage","@id":"https:\/\/www.ringier.com\/de\/von-kath-ch-zur-blick-gruppe-raphael-rauch-wechselt-zum-sonntagsblick\/","url":"https:\/\/www.ringier.com\/de\/von-kath-ch-zur-blick-gruppe-raphael-rauch-wechselt-zum-sonntagsblick\/","name":"Von Kath.ch zur Blick-Gruppe: Raphael Rauch wechselt zum SonntagsBlick - Ringier","isPartOf":{"@id":"https:\/\/www.ringier.com\/de\/#website"},"primaryImageOfPage":{"@id":"https:\/\/www.ringier.com\/de\/von-kath-ch-zur-blick-gruppe-raphael-rauch-wechselt-zum-sonntagsblick\/#primaryimage"},"image":{"@id":"https:\/\/www.ringier.com\/de\/von-kath-ch-zur-blick-gruppe-raphael-rauch-wechselt-zum-sonntagsblick\/#primaryimage"},"thumbnailUrl":"https:\/\/www.ringier.com\/wp-content\/uploads\/2022\/11\/Raphael-Rauch.jpg","datePublished":"2022-11-29T15:04:00+00:00","dateModified":"2024-11-13T13:33:19+00:00","breadcrumb":{"@id":"https:\/\/www.ringier.com\/de\/von-kath-ch-zur-blick-gruppe-raphael-rauch-wechselt-zum-sonntagsblick\/#breadcrumb"},"inLanguage":"de-DE","potentialAction":[{"@type":"ReadAction","target":["https:\/\/www.ringier.com\/de\/von-kath-ch-zur-blick-gruppe-raphael-rauch-wechselt-zum-sonntagsblick\/"]}]},{"@type":"ImageObject","inLanguage":"de-DE","@id":"https:\/\/www.ringier.com\/de\/von-kath-ch-zur-blick-gruppe-raphael-rauch-wechselt-zum-sonntagsblick\/#primaryimage","url":"https:\/\/www.ringier.com\/wp-content\/uploads\/2022\/11\/Raphael-Rauch.jpg","contentUrl":"https:\/\/www.ringier.com\/wp-content\/uploads\/2022\/11\/Raphael-Rauch.jpg","width":1573,"height":823,"caption":"BERN, SWITZERLAND - NOVEMBER 23, 2020. Raphael Rauch, Redaktor kath.ch. CREDIT: ELISABETH REAL"},{"@type":"BreadcrumbList","@id":"https:\/\/www.ringier.com\/de\/von-kath-ch-zur-blick-gruppe-raphael-rauch-wechselt-zum-sonntagsblick\/#breadcrumb","itemListElement":[{"@type":"ListItem","position":1,"name":"Home","item":"https:\/\/www.ringier.com\/de\/"},{"@type":"ListItem","position":2,"name":"Von Kath.ch zur Blick-Gruppe: Raphael Rauch wechselt zum SonntagsBlick"}]},{"@type":"WebSite","@id":"https:\/\/www.ringier.com\/de\/#website","url":"https:\/\/www.ringier.com\/de\/","name":"Ringier","description":"We inform. We entertain. We connect","publisher":{"@id":"https:\/\/www.ringier.com\/de\/#organization"},"potentialAction":[{"@type":"SearchAction","target":{"@type":"EntryPoint","urlTemplate":"https:\/\/www.ringier.com\/de\/?s={search_term_string}"},"query-input":{"@type":"PropertyValueSpecification","valueRequired":true,"valueName":"search_term_string"}}],"inLanguage":"de-DE"},{"@type":"Organization","@id":"https:\/\/www.ringier.com\/de\/#organization","name":"Ringier","url":"https:\/\/www.ringier.com\/de\/","logo":{"@type":"ImageObject","inLanguage":"de-DE","@id":"https:\/\/www.ringier.com\/de\/#\/schema\/logo\/image\/","url":"https:\/\/www.ringier.com\/wp-content\/uploads\/2021\/10\/ringier_logo_2.jpg","contentUrl":"https:\/\/www.ringier.com\/wp-content\/uploads\/2021\/10\/ringier_logo_2.jpg","width":750,"height":550,"caption":"Ringier"},"image":{"@id":"https:\/\/www.ringier.com\/de\/#\/schema\/logo\/image\/"},"sameAs":["https:\/\/www.facebook.com\/ringierag\/","https:\/\/x.com\/ringier_ag","https:\/\/www.instagram.com\/ringier_ag\/","https:\/\/www.linkedin.com\/company\/ringier\/","https:\/\/www.youtube.com\/user\/RingierComm","https:\/\/en.wikipedia.org\/wiki\/Ringier","https:\/\/de.wikipedia.org\/wiki\/Ringier","https:\/\/fr.wikipedia.org\/wiki\/Ringier","https:\/\/www.crunchbase.com\/organization\/ringier-ag"]},{"@type":"Person","@id":"https:\/\/www.ringier.com\/de\/#\/schema\/person\/4cf76a308dc4b2bb5121bd1e7b752e52","name":"Ringier Corporate Communications","image":{"@type":"ImageObject","inLanguage":"de-DE","@id":"https:\/\/www.ringier.com\/de\/#\/schema\/person\/image\/","url":"https:\/\/secure.gravatar.com\/avatar\/9391e20481368d5df4fe3e1e476c13b27786347489822ec1ed07e532bb41f587?s=96&d=mm&r=g","contentUrl":"https:\/\/secure.gravatar.com\/avatar\/9391e20481368d5df4fe3e1e476c13b27786347489822ec1ed07e532bb41f587?s=96&d=mm&r=g","caption":"Ringier Corporate Communications"},"sameAs":["https:\/\/www.ringier.com"]}]}},"_links":{"self":[{"href":"https:\/\/www.ringier.com\/de\/wp-json\/wp\/v2\/posts\/15378","targetHints":{"allow":["GET"]}}],"collection":[{"href":"https:\/\/www.ringier.com\/de\/wp-json\/wp\/v2\/posts"}],"about":[{"href":"https:\/\/www.ringier.com\/de\/wp-json\/wp\/v2\/types\/post"}],"author":[{"embeddable":true,"href":"https:\/\/www.ringier.com\/de\/wp-json\/wp\/v2\/users\/23"}],"replies":[{"embeddable":true,"href":"https:\/\/www.ringier.com\/de\/wp-json\/wp\/v2\/comments?post=15378"}],"version-history":[{"count":0,"href":"https:\/\/www.ringier.com\/de\/wp-json\/wp\/v2\/posts\/15378\/revisions"}],"wp:featuredmedia":[{"embeddable":true,"href":"https:\/\/www.ringier.com\/de\/wp-json\/wp\/v2\/media\/15379"}],"wp:attachment":[{"href":"https:\/\/www.ringier.com\/de\/wp-json\/wp\/v2\/media?parent=15378"}],"wp:term":[{"taxonomy":"category","embeddable":true,"href":"https:\/\/www.ringier.com\/de\/wp-json\/wp\/v2\/categories?post=15378"},{"taxonomy":"post_tag","embeddable":true,"href":"https:\/\/www.ringier.com\/de\/wp-json\/wp\/v2\/tags?post=15378"}],"curies":[{"name":"wp","href":"https:\/\/api.w.org\/{rel}","templated":true}]}}