{"id":14075,"date":"2022-05-02T17:25:00","date_gmt":"2022-05-02T15:25:00","guid":{"rendered":"https:\/\/www.ringier.com\/?p=14075"},"modified":"2024-11-13T16:41:03","modified_gmt":"2024-11-13T15:41:03","slug":"die-equalvoice-initiative-lanciert-ersten-internationalen-diskurs-ueber-die-gleichstellung-der-geschlechter-in-den-medien","status":"publish","type":"post","link":"https:\/\/www.ringier.com\/de\/die-equalvoice-initiative-lanciert-ersten-internationalen-diskurs-ueber-die-gleichstellung-der-geschlechter-in-den-medien\/","title":{"rendered":"Die EqualVoice Initiative lanciert ersten internationalen Diskurs \u00fcber die Gleichstellung der Geschlechter in den Medien"},"content":{"rendered":"\n<ul class=\"wp-block-list\">\n<li><strong>Erster EqualVoice Summit der Schweiz mit internationalen, hochkar\u00e4tigen Speakern wie Amal Clooney und Iris Bohnet sowie Bundesr\u00e4tin Karin Keller-Sutter<\/strong><\/li>\n\n\n\n<li><strong>Wichtiger Austausch von Top Executives f\u00fchrender internationalen Unternehmen \u00fcber Sichtbarkeit von Frauen in den Medien<\/strong><\/li>\n\n\n\n<li><strong>Axel Springer integriert EqualVoice, um die Sichtbarkeit von Frauen in der Berichterstattung seiner News Media-Marken zu erh\u00f6hen<\/strong><\/li>\n\n\n\n<li><strong>ETH validiert den EqualVoice Factor<\/strong><\/li>\n\n\n\n<li><strong>Klares Bekenntnis f\u00fcr Gleichberechtigung: EqualVoice-Summit-Teilnehmende unterzeichnen Pledge<\/strong><\/li>\n\n\n\n<li><strong>Lancierung eines internationalen EqualVoice Advisory Boards<\/strong><\/li>\n<\/ul>\n\n\n\n<p>Als international t\u00e4tiger Medien- und Technologiekonzern setzt sich Ringier seit Ende 2019 mit seiner publizistischen und technologischen Kraft f\u00fcr die Gleichwertigkeit der Geschlechter ein. Ziel ist, Frauen in der Berichterstattung sichtbarer zu machen und Frauen und M\u00e4nnern die gleiche Stimme zu geben. Zentral ist dabei die Erhebung des EqualVoice Factors, der auf einem semantischen Algorithmus basiert.&nbsp;<\/p>\n\n\n\n<p><strong>International hochkar\u00e4tig besetzter EqualVoice Summit in Z\u00fcrich<\/strong><\/p>\n\n\n\n<p>Am 2. Mai 2022 haben Ringier-CEO Marc Walder und Ringier-CFO Annabella Bassler Top Executives aus der internationalen Wirtschafts- und Medienwelt nach Z\u00fcrich geladen, um im Rahmen des EqualVoice Summits einen konstruktiven Diskurs \u00fcber die Gleichstellung der Geschlechter in den Medien zu f\u00fchren.&nbsp;<\/p>\n\n\n\n<p>Das Programm beinhaltete Vortr\u00e4ge und Pr\u00e4sentationen von international renommierten Pers\u00f6nlichkeiten wie der Menschenrechtsanw\u00e4ltin Amal Clooney, Bundesr\u00e4tin und Justizministerin Karin Keller-Sutter, der Verhaltens\u00f6konomin Prof. Iris Bohnet von der Harvard Universit\u00e4t, Mariana Santos, der Gr\u00fcnderin und CEO von Chicas Poderosas, Carolina M\u00fcller-M\u00f6hl, Gr\u00fcnderin und Pr\u00e4sidentin der M\u00fcller-M\u00f6hl Foundation, Corine Mauch, Z\u00fcrcher Stadtpr\u00e4sidentin sowie Brittany Kaiser, Mitbegr\u00fcnderin der Own Your Data Foundation.&nbsp;<\/p>\n\n\n\n<p>Auf einem Panel diskutierten \u00fcber die Verantwortung der Medien rund um Gleichstellung Aleksandra Karasinska, Chefredaktorin der polnischen Forbes Women, Nicole Schwab, Co-Director Nature-Based Solutions WEF, Mathias D\u00f6pfner, CEO Axel Springer SE sowie Christian Van Thillo, Executive Chairman der belgischen-holl\u00e4ndischen DPG Media Group.&nbsp;<\/p>\n\n\n\n<p>Den Abschluss des EqualVoice Summit bildete ein Konzertauftritt der Singer-Songwriterin Amy Macdonald.&nbsp;<\/p>\n\n\n\n<p>Partner des EqualVoice Summits sind die M\u00fcller-M\u00f6hl Foundation sowie Jaguar und Land Rover Schweiz.<\/p>\n\n\n\n<p><strong>Marc Walder, CEO Ringier AG:<\/strong> \u00abDer EqualVoice Summit thematisiert die Rolle der Medien rund um die Visibilit\u00e4t von Frauen. Diese sind, immer noch, dramatisch unterrepr\u00e4sentiert. Medien haben es in der Hand, Frauen in allen Bereichen endlich mehr Sichtbarkeit zu geben. Dies im Interesse der Gleichstellung zwischen Frau und Mann. Und, selbstredend, im Interesse der Leserinnen und Leser.\u00bb<\/p>\n\n\n\n<p><strong>Bundesr\u00e4tin Karin Keller-Sutter<\/strong>: \u00abIch trete gerne am Equal Voice Summit auf, um das Anliegen zu unterst\u00fctzen, dass mehr Frauen in den Medien vorkommen. Die Sichtbarkeit von Politikerinnen und Expertinnen in den Medien ist f\u00fcr die Gleichstellung zentral.\u00bb<\/p>\n\n\n\n<p><strong>Amal Clooney, Anw\u00e4ltin f\u00fcr Menschenrechte:<\/strong> \u00abAls Frauen sind wir zwar nicht in der Minderheit, aber es gibt eine einzigartige Verbindung zwischen uns. Diese Verbindung ist nicht geografisch. Oder religi\u00f6s. Oder kulturell. Was uns eint, sind unsere Erfahrungen \u2013 Erfahrungen, die nur Frauen machen, und Herausforderungen, denen sich nur Frauen stellen m\u00fcssen.\u00bb<\/p>\n\n\n\n<p><strong>Iris Bohnet, Professorin an der Harvard Universit\u00e4t:<\/strong> \u00abDie Teilnahme am EqualVoice Summit war mir wichtig, weil die F\u00f6rderung von Gleichberechtigung sowohl meine Leidenschaft als auch eine meiner beruflichen Hauptaufgaben ist.\u00bb<\/p>\n\n\n\n<p><strong>\u00abEqualVoice Pledge\u00bb: Verbindliches Bekenntnis f\u00fcr mehr Einsatz rund um die Sichtbarkeit von Frauen in den Medien&nbsp;<\/strong><\/p>\n\n\n\n<p>Ein starkes und verbindliches Zeichen setzen die Ringier AG, Axel Springer SE, DPG Media und die World Association of Newspapers and News Publishers (WAN-IFRA) w\u00e4hrend des EqualVoice Summits mit der Unterzeichnung des \u00abEqualVoice Pledge\u00bb. Damit verpflichten sich die Medienunternehmen und der Weltverband der Zeitungs-&nbsp;und Zeitschriftenverleger, die Gleichstellung der Geschlechter in ihren Organisationen zu unterst\u00fctzen, Massnahmen zur F\u00f6rderung der Geschlechtergleichstellung einzuf\u00fchren, die Idee von EqualVoice mit ihren jeweiligen Medienmarken umzusetzen, die Sichtbarkeit von Frauen in den Medien zu erh\u00f6hen sowie den Nutzen der Geschlechtergleichstellung zu kommunizieren.<\/p>\n\n\n\n<p><strong>ETH validiert den EqualVoice Factor<\/strong><\/p>\n\n\n\n<p>Auf Basis des EqualVoice-Factors, einem von Ringier inhouse entwickelten semantischen Algorithmus, misst Ringier den Frauen- und M\u00e4nneranteil in den Onlineberichten seiner Medienmarken. Zwei Kennziffern werden erhoben: Der Teaser Score wertet die Visibilit\u00e4t von Frauen in Bildern, Headlines und Titeln aus und der Body Score zeigt, wie oft Frauen und M\u00e4nner im Artikeltext genannt werden. Der EqualVoice Factor kann auch von anderen Medienh\u00e4usern und Unternehmenskommunikationsbereichen angewendet werden. Das Messverfahren des EqualVoice-Factor wurde von der ETH Z\u00fcrich validiert \u2013 ein wissenschaftlich dokumentierter Nachweis wurde erbracht. Dr. Vanessa Wood, Professorin am Institut f\u00fcr Elektronik und Vizepr\u00e4sidentin f\u00fcr Wissenstransfer und Wirtschaftsbeziehungen der ETH Z\u00fcrich, pr\u00e4sentierte den Summit-Teilnehmenden die aktuellen Untersuchungsergebnisse und Qualit\u00e4tsmerkmale des Factors.<\/p>\n\n\n\n<p><strong>Annabella Bassler, Initiantin der EqualVoice Initiative und CFO der Ringier AG: <\/strong>\u00abEqualVoice zeigt, was Sache ist. Aus einem emotionalen Thema wird durch den EqualVoice-Factor eine faktenbasierte Diskussion und l\u00f6sungsorientierte Aktion. Dies wiederum f\u00fchrt zu messbarer Ver\u00e4nderung,&nbsp;das sehen wir bei uns in der Ringier-Gruppe. Es freut mich umso mehr, dass wir unseren EqualVoice-Factor nun auch f\u00fcr andere Unternehmen anbieten k\u00f6nnen.\u00bb<\/p>\n\n\n\n<p><strong>Axel Springer integriert EqualVoice, um die Sichtbarkeit von Frauen in der Berichterstattung seiner News Media-Marken zu erh\u00f6hen<\/strong><\/p>\n\n\n\n<p>Im Rahmen des EqualVoice Summits hat Mathias D\u00f6pfner, CEO Axel Springer SE, bekannt gegeben, dass der in 40 L\u00e4ndern t\u00e4tige Medien- und Technologiekonzern ab sofort die EqualVoice-Initiative unterst\u00fctzt und den EqualVoice Factor einsetzt. Der Start erfolgt mit der B.Z.-Berlin, Berlins gr\u00f6sster Boulevardzeitung. Eine redaktionelle Integration wird seit Januar 2022 bei B.Z. Digital, dem B.Z.-Onlineangebot, getestet. Aus dem Piloten sollen Best-Practice-Modelle f\u00fcr Analysen und&nbsp;<\/p>\n\n\n\n<p>Massnahmen erarbeitet werden und sukzessive bei den weiteren News Media-Marken wie BILD und WELT zur Anwendung kommen.<\/p>\n\n\n\n<p><strong>Mathias D\u00f6pfner, CEO Axel Springer SE:<\/strong> \u00abDiversity und Gender Balance sind unverzichtbar f\u00fcr einen zukunftstr\u00e4chtigen Journalismus. Deswegen wollen wir mit Equal Voice und anderen Initiativen diesen Wandel vorantreiben. Wir setzen uns daf\u00fcr ein, dass alle Geschlechter und auch Nationalit\u00e4ten, Religionen, Hautfarben oder sexuelle Orientierungen fair repr\u00e4sentiert werden. Das ist mir und den gesamten Axel Springer Marken ein besonderes Anliegen und unser Ziel f\u00fcr die kommenden Jahre. Die Equal Voice Technologie ist ein effektives Tool um Bewusstsein in den Redaktionen zu schaffen. Und so die diverse Berichterstattung nachhaltig als Standard zu etablieren.\u00bb<\/p>\n\n\n\n<p>Bereits seit 2021 unterst\u00fctzen die Chefredaktionen der Medienmarken des polnischen Joint Venture Ringier Axel Springer Polska die EqualVoice-Initiative und werten ihre Publikationen mittels EqualVoice-Factor aus. Weitere mittel-und osteurop\u00e4ische L\u00e4nder, in denen Ringier t\u00e4tig ist, folgen in naher Zukunft.&nbsp;<\/p>\n\n\n\n<p><strong>Internationalisierung des EqualVoice Advisory Boards<\/strong><\/p>\n\n\n\n<p>Anl\u00e4sslich des ersten EqualVoice Summits wurde bekanntgegeben, dass das bestehende Advisory Board der Initiative um einen internationalen Ableger erweitert wird. Das International EqualVoice Advisory Board ist mit Brittany Kaiser (Mitbegr\u00fcnderin der Own Your Data Foundation ), Mathias D\u00f6pfner (CEO Axel Springer SE), Katharina Borchert (Journalistin und ehemalige Chief Innovation Officer bei Mozilla) sowie mit Yann Borgstedt (Unternehmer und Gr\u00fcnder Womanity Foundation) besetzt. Sie setzen sich insbesondere f\u00fcr die&nbsp;Ausweitung von EqualVoice \u00fcber die Grenzen der Schweiz hinweg ein.&nbsp;<\/p>\n\n\n\n<p>Das EqualVoice Advisory Board besteht aus: David Allemann (CEO &amp; Co-Founder On), Pascale Baeriswyl (Chefin der St\u00e4ndigen Mission der Schweiz bei den Vereinten Nationen), Nicole Burth (Leiterin Kommunikations-Services Schweizerische Post), Regula B\u00fchrer Fecker (Werberin &amp; Mitbegr\u00fcnderin Rod Kommunikation), Ingrid Deltenre (Medienmanagerin), Tanja Grandits (\u201eKoch des Jahres 2020\u201d), Dr. Sabine Keller-Busse (President Personal &amp;&nbsp;Corporate Banking und President UBS Switzerland), Carolina M\u00fcller-M\u00f6hl (Pr\u00e4sidentin M\u00fcller-M\u00f6hl Foundation), Simona Scarpaleggia (Board Member EDGE Strategy), Franziska Tschudi Sauber (CEO Weidmann Holding AG), Christiane zu Salm (Medienunternehmerin &amp; Advisor) und Petra Ehmann (ehemalige Global Lead Produktpartnerschaften Augmented Reality Google Schweiz und neu Chief Innovation Officer bei Ringier).<\/p>\n\n\n\n<p><strong>Marc Walder:<\/strong> \u200b\u200b\u00abUm die grossen Herausforderungen der Zeit in Politik, Wirtschaft und Gesellschaft erfolgreich zu meistern, braucht es die Besten an der Spitze \u2013 M\u00e4nner wie Frauen. Eine Initiative wie EqualVoice leistet insofern einen wichtigen Beitrag, als dass sie dazu beitr\u00e4gt, eingefahrene Rollenbilder zu ver\u00e4ndern und ganzheitliches Denken anzustossen. Ein Verbund aus partnerschaftlichen Beziehungen ist wichtig, damit die Ziele und Diskussionen weitergetragen werden. Ich freue mich, dass wir mit Brittany Kaiser, Mathias D\u00f6pfner, Katharina Borchert und Yann Borgstedt vier Pers\u00f6nlichkeiten gewinnen konnten,\u00a0die uns mit ihrem internationalen Netzwerk und Renommee helfen werden, EqualVoice \u00fcber die Grenzen der Schweiz hinaus zu tragen.\u00bb<\/p>\n\n\n\n<p><\/p>\n\n\n\n<p>Ringier AG, Corporate Communications<\/p>\n\n\n\n<figure class=\"wp-block-image size-large\"><img loading=\"lazy\" decoding=\"async\" width=\"1024\" height=\"683\" src=\"https:\/\/www.ringier.com\/wp-content\/uploads\/2022\/05\/foto_presse-1024x683.jpg\" alt=\"\" class=\"wp-image-14109\" srcset=\"https:\/\/www.ringier.com\/wp-content\/uploads\/2022\/05\/foto_presse-1024x683.jpg 1024w, https:\/\/www.ringier.com\/wp-content\/uploads\/2022\/05\/foto_presse-300x200.jpg 300w, https:\/\/www.ringier.com\/wp-content\/uploads\/2022\/05\/foto_presse-768x512.jpg 768w, https:\/\/www.ringier.com\/wp-content\/uploads\/2022\/05\/foto_presse-1600x1067.jpg 1600w, https:\/\/www.ringier.com\/wp-content\/uploads\/2022\/05\/foto_presse-1536x1025.jpg 1536w\" sizes=\"auto, (max-width: 1024px) 100vw, 1024px\" \/><figcaption class=\"wp-element-caption\">v.l.n.r. Marc Walder, Katia Murmann, Annabella Bassler, Carolina M\u00fcller-M\u00f6hl und Mathias D\u00f6pfner, 2022<\/figcaption><\/figure>\n\n\n\n<p><strong>Downloads<\/strong><\/p>\n\n\n\n<div class=\"wp-block-file\"><a id=\"wp-block-file--media-5a65f8e6-16ba-4fdc-9610-873f8d2d0255\" href=\"https:\/\/www.ringier.com\/wp-content\/uploads\/2022\/05\/Ringier-Equal-Voice-Summit-Amal-Clooney-Credit-Anja-Wurm-Blick1-4.jpg\">EqualVoice Summit 2022: Amal Clooney<\/a><a href=\"https:\/\/www.ringier.com\/wp-content\/uploads\/2022\/05\/Ringier-Equal-Voice-Summit-Amal-Clooney-Credit-Anja-Wurm-Blick1-4.jpg\" class=\"wp-block-file__button wp-element-button\" download aria-describedby=\"wp-block-file--media-5a65f8e6-16ba-4fdc-9610-873f8d2d0255\">Download<\/a><\/div>\n\n\n\n<div class=\"wp-block-file\"><a id=\"wp-block-file--media-2bb73fc2-2077-4bd2-978b-a826cd00dfa9\" href=\"https:\/\/www.ringier.com\/wp-content\/uploads\/2022\/05\/Ringier-Equal-Voice-Summit-B-Kaiser-2-Credit-Thomas-Buchwalder-3.jpg\">EqualVoice Summit 2022: Brittany Kaiser<\/a><a href=\"https:\/\/www.ringier.com\/wp-content\/uploads\/2022\/05\/Ringier-Equal-Voice-Summit-B-Kaiser-2-Credit-Thomas-Buchwalder-3.jpg\" class=\"wp-block-file__button wp-element-button\" download aria-describedby=\"wp-block-file--media-2bb73fc2-2077-4bd2-978b-a826cd00dfa9\">Download<\/a><\/div>\n\n\n\n<div class=\"wp-block-file\"><a id=\"wp-block-file--media-f6350503-4d14-49f0-8715-82f7d3729c7c\" href=\"https:\/\/www.ringier.com\/wp-content\/uploads\/2022\/05\/Ringier-Equal-Voice-Summit-B-Kaiser-Credit-David-Biedert-5.jpg\">EqualVoice Summit 2022: Brittany Kaiser<\/a><a href=\"https:\/\/www.ringier.com\/wp-content\/uploads\/2022\/05\/Ringier-Equal-Voice-Summit-B-Kaiser-Credit-David-Biedert-5.jpg\" class=\"wp-block-file__button wp-element-button\" download aria-describedby=\"wp-block-file--media-f6350503-4d14-49f0-8715-82f7d3729c7c\">Download<\/a><\/div>\n\n\n\n<div class=\"wp-block-file\"><a id=\"wp-block-file--media-29ca4f8c-03e5-4140-90b9-5b493ef4d033\" href=\"https:\/\/www.ringier.com\/wp-content\/uploads\/2022\/05\/Ringier-Equal-Voice-Summit-Bohnet-Credit-David-Biedert-3.jpg\">EqualVoice Summit 2022: Iris Bohnet<\/a><a href=\"https:\/\/www.ringier.com\/wp-content\/uploads\/2022\/05\/Ringier-Equal-Voice-Summit-Bohnet-Credit-David-Biedert-3.jpg\" class=\"wp-block-file__button wp-element-button\" download aria-describedby=\"wp-block-file--media-29ca4f8c-03e5-4140-90b9-5b493ef4d033\">Download<\/a><\/div>\n\n\n\n<div class=\"wp-block-file\"><a id=\"wp-block-file--media-1cb97207-45b6-45c2-bcdf-c9c82cbe66db\" href=\"https:\/\/www.ringier.com\/wp-content\/uploads\/2022\/05\/Ringier-Equal-Voice-Summit-Buchli-Clooney-Credit-Anja-Wurm-Blick-2.jpg\">EqualVoice Summit 2022: Steffi Buchli, Amal Clooney<\/a><a href=\"https:\/\/www.ringier.com\/wp-content\/uploads\/2022\/05\/Ringier-Equal-Voice-Summit-Buchli-Clooney-Credit-Anja-Wurm-Blick-2.jpg\" class=\"wp-block-file__button wp-element-button\" download aria-describedby=\"wp-block-file--media-1cb97207-45b6-45c2-bcdf-c9c82cbe66db\">Download<\/a><\/div>\n\n\n\n<div class=\"wp-block-file\"><a id=\"wp-block-file--media-33a5c58a-e8d6-46b9-a015-5d2efb06481a\" href=\"https:\/\/www.ringier.com\/wp-content\/uploads\/2022\/05\/Ringier-Equal-Voice-Summit-Buchli-Spiess-Credit-David-Biedert-3.jpg\">EqualVoice Summit 2022: Steffi Buchli, Sylwina Spiess<\/a><a href=\"https:\/\/www.ringier.com\/wp-content\/uploads\/2022\/05\/Ringier-Equal-Voice-Summit-Buchli-Spiess-Credit-David-Biedert-3.jpg\" class=\"wp-block-file__button wp-element-button\" download aria-describedby=\"wp-block-file--media-33a5c58a-e8d6-46b9-a015-5d2efb06481a\">Download<\/a><\/div>\n\n\n\n<div class=\"wp-block-file\"><a id=\"wp-block-file--media-8e5cd5fc-5772-42c0-ad0e-c98424d4a983\" href=\"https:\/\/www.ringier.com\/wp-content\/uploads\/2022\/05\/Ringier-Equal-Voice-Summit-Credit-David-Biedert-1.jpg\">EqualVoice Summit 2022: Group photo<\/a><a href=\"https:\/\/www.ringier.com\/wp-content\/uploads\/2022\/05\/Ringier-Equal-Voice-Summit-Credit-David-Biedert-1.jpg\" class=\"wp-block-file__button wp-element-button\" download aria-describedby=\"wp-block-file--media-8e5cd5fc-5772-42c0-ad0e-c98424d4a983\">Download<\/a><\/div>\n\n\n\n<div class=\"wp-block-file\"><a id=\"wp-block-file--media-717e4166-70ae-4dec-9f89-5b61d8726ef7\" href=\"https:\/\/www.ringier.com\/wp-content\/uploads\/2022\/05\/Ringier-Equal-Voice-Summit-Gaehwiler-Credit-David-Biedert-2.jpg\">EqualVoice Summit 2022: Lukas Gaehwiler<\/a><a href=\"https:\/\/www.ringier.com\/wp-content\/uploads\/2022\/05\/Ringier-Equal-Voice-Summit-Gaehwiler-Credit-David-Biedert-2.jpg\" class=\"wp-block-file__button wp-element-button\" download aria-describedby=\"wp-block-file--media-717e4166-70ae-4dec-9f89-5b61d8726ef7\">Download<\/a><\/div>\n\n\n\n<div class=\"wp-block-file\"><a id=\"wp-block-file--media-93c249fd-8620-4746-bd8a-9852de3ac4e8\" href=\"https:\/\/www.ringier.com\/wp-content\/uploads\/2022\/05\/Ringier-Equal-Voice-Summit-Keller-Sutter-Credit-Thomas-Buchwalder-3.jpg\">EqualVoice Summit 2022: Karin Keller-Sutter<\/a><a href=\"https:\/\/www.ringier.com\/wp-content\/uploads\/2022\/05\/Ringier-Equal-Voice-Summit-Keller-Sutter-Credit-Thomas-Buchwalder-3.jpg\" class=\"wp-block-file__button wp-element-button\" download aria-describedby=\"wp-block-file--media-93c249fd-8620-4746-bd8a-9852de3ac4e8\">Download<\/a><\/div>\n\n\n\n<div class=\"wp-block-file\"><a id=\"wp-block-file--media-05c267ff-c751-49e9-9ba5-d32a70ef0ad7\" href=\"https:\/\/www.ringier.com\/wp-content\/uploads\/2022\/05\/Ringier-Equal-Voice-Summit-Mueller-Moehl-Van-Thillo-Credit-David-Biedert-4.jpg\">EqualVoice Summit 2022: Carolina Mueller-M\u00f6hl, Christian Van-Thillo<\/a><a href=\"https:\/\/www.ringier.com\/wp-content\/uploads\/2022\/05\/Ringier-Equal-Voice-Summit-Mueller-Moehl-Van-Thillo-Credit-David-Biedert-4.jpg\" class=\"wp-block-file__button wp-element-button\" download aria-describedby=\"wp-block-file--media-05c267ff-c751-49e9-9ba5-d32a70ef0ad7\">Download<\/a><\/div>\n\n\n\n<div class=\"wp-block-file\"><a id=\"wp-block-file--media-5ddc2565-77e7-4d54-b00f-c1f600be81d6\" href=\"https:\/\/www.ringier.com\/wp-content\/uploads\/2022\/05\/Ringier-Equal-Voice-Summit-Murmann-Bassler-Credit-David-Biedert-1.jpg\">EqualVoice Summit 2022: Katia Murmann, Annabella Bassler<\/a><a href=\"https:\/\/www.ringier.com\/wp-content\/uploads\/2022\/05\/Ringier-Equal-Voice-Summit-Murmann-Bassler-Credit-David-Biedert-1.jpg\" class=\"wp-block-file__button wp-element-button\" download aria-describedby=\"wp-block-file--media-5ddc2565-77e7-4d54-b00f-c1f600be81d6\">Download<\/a><\/div>\n\n\n\n<div class=\"wp-block-file\"><a id=\"wp-block-file--media-5e0327c2-269b-433f-a566-47f75b41ba57\" href=\"https:\/\/www.ringier.com\/wp-content\/uploads\/2022\/05\/Ringier-Equal-Voice-Summit-Pledge-2-Credit-Thomas-Buchwalder-2.jpg\">EqualVoice Summit 2022: Group photo<\/a><a href=\"https:\/\/www.ringier.com\/wp-content\/uploads\/2022\/05\/Ringier-Equal-Voice-Summit-Pledge-2-Credit-Thomas-Buchwalder-2.jpg\" class=\"wp-block-file__button wp-element-button\" download aria-describedby=\"wp-block-file--media-5e0327c2-269b-433f-a566-47f75b41ba57\">Download<\/a><\/div>\n\n\n\n<div class=\"wp-block-file\"><a id=\"wp-block-file--media-1c38d5ae-9a15-4472-a14e-14e7a377befc\" href=\"https:\/\/www.ringier.com\/wp-content\/uploads\/2022\/05\/Ringier-Equal-Voice-Summit-Pledge-Credit-Thomas-Buchwalder-2.jpg\">EqualVoice Summit 2022: Group photo<\/a><a href=\"https:\/\/www.ringier.com\/wp-content\/uploads\/2022\/05\/Ringier-Equal-Voice-Summit-Pledge-Credit-Thomas-Buchwalder-2.jpg\" class=\"wp-block-file__button wp-element-button\" download aria-describedby=\"wp-block-file--media-1c38d5ae-9a15-4472-a14e-14e7a377befc\">Download<\/a><\/div>\n\n\n\n<div class=\"wp-block-file\"><a id=\"wp-block-file--media-2bd487b9-4c7f-4aca-b0db-4d76657fc64e\" href=\"https:\/\/www.ringier.com\/wp-content\/uploads\/2022\/05\/Ringier-Equal-Voice-Summit-Ringier-Credit-David-Biedert-3.jpg\">EqualVoice Summit 2022: Michael Ringier, Ellen Ringier<\/a><a href=\"https:\/\/www.ringier.com\/wp-content\/uploads\/2022\/05\/Ringier-Equal-Voice-Summit-Ringier-Credit-David-Biedert-3.jpg\" class=\"wp-block-file__button wp-element-button\" download aria-describedby=\"wp-block-file--media-2bd487b9-4c7f-4aca-b0db-4d76657fc64e\">Download<\/a><\/div>\n\n\n\n<div class=\"wp-block-file\"><a id=\"wp-block-file--media-4e6dd6ce-bf31-46af-93be-540f05607a29\" href=\"https:\/\/www.ringier.com\/wp-content\/uploads\/2022\/05\/Ringier-Equal-Voice-Summit-Ruoff-Scarpaleggia-Credit-David-Biedert-3.jpg\">EqualVoice Summit 2022: Susanne Ruoff, Simona Scarpaleggia<\/a><a href=\"https:\/\/www.ringier.com\/wp-content\/uploads\/2022\/05\/Ringier-Equal-Voice-Summit-Ruoff-Scarpaleggia-Credit-David-Biedert-3.jpg\" class=\"wp-block-file__button wp-element-button\" download aria-describedby=\"wp-block-file--media-4e6dd6ce-bf31-46af-93be-540f05607a29\">Download<\/a><\/div>\n\n\n\n<div class=\"wp-block-file\"><a id=\"wp-block-file--media-4cdfc259-e557-4cf0-91d6-e1f67d7ff0f9\" href=\"https:\/\/www.ringier.com\/wp-content\/uploads\/2022\/05\/Ringier-Equal-Voice-Summit-Santos-Credit-David-Biedert-1.jpg\">EqualVoice Summit 2022: Mariana Santos<\/a><a href=\"https:\/\/www.ringier.com\/wp-content\/uploads\/2022\/05\/Ringier-Equal-Voice-Summit-Santos-Credit-David-Biedert-1.jpg\" class=\"wp-block-file__button wp-element-button\" download aria-describedby=\"wp-block-file--media-4cdfc259-e557-4cf0-91d6-e1f67d7ff0f9\">Download<\/a><\/div>\n\n\n\n<div class=\"wp-block-file\"><a id=\"wp-block-file--media-7cb38fde-c320-4e83-86a1-5ee521d38b80\" href=\"https:\/\/www.ringier.com\/wp-content\/uploads\/2022\/05\/Ringier-Equal-Voice-Summit-Van-Thillo-Credit-David-Biedert-3.jpg\">EqualVoice Summit 2022: Christian Van Thillo<\/a><a href=\"https:\/\/www.ringier.com\/wp-content\/uploads\/2022\/05\/Ringier-Equal-Voice-Summit-Van-Thillo-Credit-David-Biedert-3.jpg\" class=\"wp-block-file__button wp-element-button\" download aria-describedby=\"wp-block-file--media-7cb38fde-c320-4e83-86a1-5ee521d38b80\">Download<\/a><\/div>\n\n\n\n<div class=\"wp-block-file\"><a id=\"wp-block-file--media-417762b1-205f-4cce-a9d5-19f366300013\" href=\"https:\/\/www.ringier.com\/wp-content\/uploads\/2022\/05\/Ringier-Equal-Voice-Summit-Walder-Doepfner-Credit-David-Biedert-3.jpg\">EqualVoice Summit 2022: Marc Walder, Mathias D\u00f6pfner<\/a><a href=\"https:\/\/www.ringier.com\/wp-content\/uploads\/2022\/05\/Ringier-Equal-Voice-Summit-Walder-Doepfner-Credit-David-Biedert-3.jpg\" class=\"wp-block-file__button wp-element-button\" download aria-describedby=\"wp-block-file--media-417762b1-205f-4cce-a9d5-19f366300013\">Download<\/a><\/div>\n","protected":false},"excerpt":{"rendered":"<p>Als international t\u00e4tiger Medien- und Technologiekonzern setzt sich Ringier seit Ende 2019 mit seiner publizistischen und technologischen Kraft f\u00fcr die Gleichwertigkeit der Geschlechter ein. Ziel ist, Frauen in der Berichterstattung sichtbarer zu machen und Frauen und M\u00e4nnern die gleiche Stimme zu geben. Zentral ist dabei die Erhebung des EqualVoice Factors, der auf einem semantischen Algorithmus [&hellip;]<\/p>\n","protected":false},"author":23,"featured_media":14083,"comment_status":"closed","ping_status":"open","sticky":false,"template":"","format":"standard","meta":{"inline_featured_image":false,"footnotes":""},"categories":[381],"tags":[],"class_list":["post-14075","post","type-post","status-publish","format-standard","has-post-thumbnail","hentry","category-equalvoice-de"],"yoast_head":"<!-- This site is optimized with the Yoast SEO Premium plugin v27.0 (Yoast SEO v27.0) - https:\/\/yoast.com\/product\/yoast-seo-premium-wordpress\/ -->\n<title>Die EqualVoice Initiative lanciert ersten internationalen Diskurs \u00fcber die Gleichstellung der Geschlechter in den Medien - Ringier<\/title>\n<meta name=\"robots\" content=\"index, follow, max-snippet:-1, max-image-preview:large, max-video-preview:-1\" \/>\n<link rel=\"canonical\" href=\"https:\/\/www.ringier.com\/de\/die-equalvoice-initiative-lanciert-ersten-internationalen-diskurs-ueber-die-gleichstellung-der-geschlechter-in-den-medien\/\" \/>\n<meta property=\"og:locale\" content=\"de_DE\" \/>\n<meta property=\"og:type\" content=\"article\" \/>\n<meta property=\"og:title\" content=\"Die EqualVoice Initiative lanciert ersten internationalen Diskurs \u00fcber die Gleichstellung der Geschlechter in den Medien\" \/>\n<meta property=\"og:description\" content=\"Als international t\u00e4tiger Medien- und Technologiekonzern setzt sich Ringier seit Ende 2019 mit seiner publizistischen und technologischen Kraft f\u00fcr die Gleichwertigkeit der Geschlechter ein. Ziel ist, Frauen in der Berichterstattung sichtbarer zu machen und Frauen und M\u00e4nnern die gleiche Stimme zu geben. Zentral ist dabei die Erhebung des EqualVoice Factors, der auf einem semantischen Algorithmus [&hellip;]\" \/>\n<meta property=\"og:url\" content=\"https:\/\/www.ringier.com\/de\/die-equalvoice-initiative-lanciert-ersten-internationalen-diskurs-ueber-die-gleichstellung-der-geschlechter-in-den-medien\/\" \/>\n<meta property=\"og:site_name\" content=\"Ringier\" \/>\n<meta property=\"article:publisher\" content=\"https:\/\/www.facebook.com\/ringierag\/\" \/>\n<meta property=\"article:published_time\" content=\"2022-05-02T15:25:00+00:00\" \/>\n<meta property=\"article:modified_time\" content=\"2024-11-13T15:41:03+00:00\" \/>\n<meta property=\"og:image\" content=\"https:\/\/www.ringier.com\/wp-content\/uploads\/2022\/05\/EVSummit.jpg\" \/>\n\t<meta property=\"og:image:width\" content=\"1600\" \/>\n\t<meta property=\"og:image:height\" content=\"900\" \/>\n\t<meta property=\"og:image:type\" content=\"image\/jpeg\" \/>\n<meta name=\"author\" content=\"Ringier Corporate Communications\" \/>\n<meta name=\"twitter:card\" content=\"summary_large_image\" \/>\n<meta name=\"twitter:creator\" content=\"@ringier_ag\" \/>\n<meta name=\"twitter:site\" content=\"@ringier_ag\" \/>\n<meta name=\"twitter:label1\" content=\"Verfasst von\" \/>\n\t<meta name=\"twitter:data1\" content=\"Ringier Corporate Communications\" \/>\n\t<meta name=\"twitter:label2\" content=\"Gesch\u00e4tzte Lesezeit\" \/>\n\t<meta name=\"twitter:data2\" content=\"9 Minuten\" \/>\n<script type=\"application\/ld+json\" class=\"yoast-schema-graph\">{\"@context\":\"https:\/\/schema.org\",\"@graph\":[{\"@type\":\"Article\",\"@id\":\"https:\/\/www.ringier.com\/de\/die-equalvoice-initiative-lanciert-ersten-internationalen-diskurs-ueber-die-gleichstellung-der-geschlechter-in-den-medien\/#article\",\"isPartOf\":{\"@id\":\"https:\/\/www.ringier.com\/de\/die-equalvoice-initiative-lanciert-ersten-internationalen-diskurs-ueber-die-gleichstellung-der-geschlechter-in-den-medien\/\"},\"author\":{\"name\":\"Ringier Corporate Communications\",\"@id\":\"https:\/\/www.ringier.com\/de\/#\/schema\/person\/4cf76a308dc4b2bb5121bd1e7b752e52\"},\"headline\":\"Die EqualVoice Initiative lanciert ersten internationalen Diskurs \u00fcber die Gleichstellung der Geschlechter in den Medien\",\"datePublished\":\"2022-05-02T15:25:00+00:00\",\"dateModified\":\"2024-11-13T15:41:03+00:00\",\"mainEntityOfPage\":{\"@id\":\"https:\/\/www.ringier.com\/de\/die-equalvoice-initiative-lanciert-ersten-internationalen-diskurs-ueber-die-gleichstellung-der-geschlechter-in-den-medien\/\"},\"wordCount\":1518,\"publisher\":{\"@id\":\"https:\/\/www.ringier.com\/de\/#organization\"},\"image\":{\"@id\":\"https:\/\/www.ringier.com\/de\/die-equalvoice-initiative-lanciert-ersten-internationalen-diskurs-ueber-die-gleichstellung-der-geschlechter-in-den-medien\/#primaryimage\"},\"thumbnailUrl\":\"https:\/\/www.ringier.com\/wp-content\/uploads\/2022\/05\/EVSummit.jpg\",\"articleSection\":[\"EqualVoice\"],\"inLanguage\":\"de-DE\"},{\"@type\":\"WebPage\",\"@id\":\"https:\/\/www.ringier.com\/de\/die-equalvoice-initiative-lanciert-ersten-internationalen-diskurs-ueber-die-gleichstellung-der-geschlechter-in-den-medien\/\",\"url\":\"https:\/\/www.ringier.com\/de\/die-equalvoice-initiative-lanciert-ersten-internationalen-diskurs-ueber-die-gleichstellung-der-geschlechter-in-den-medien\/\",\"name\":\"Die EqualVoice Initiative lanciert ersten internationalen Diskurs \u00fcber die Gleichstellung der Geschlechter in den Medien - Ringier\",\"isPartOf\":{\"@id\":\"https:\/\/www.ringier.com\/de\/#website\"},\"primaryImageOfPage\":{\"@id\":\"https:\/\/www.ringier.com\/de\/die-equalvoice-initiative-lanciert-ersten-internationalen-diskurs-ueber-die-gleichstellung-der-geschlechter-in-den-medien\/#primaryimage\"},\"image\":{\"@id\":\"https:\/\/www.ringier.com\/de\/die-equalvoice-initiative-lanciert-ersten-internationalen-diskurs-ueber-die-gleichstellung-der-geschlechter-in-den-medien\/#primaryimage\"},\"thumbnailUrl\":\"https:\/\/www.ringier.com\/wp-content\/uploads\/2022\/05\/EVSummit.jpg\",\"datePublished\":\"2022-05-02T15:25:00+00:00\",\"dateModified\":\"2024-11-13T15:41:03+00:00\",\"breadcrumb\":{\"@id\":\"https:\/\/www.ringier.com\/de\/die-equalvoice-initiative-lanciert-ersten-internationalen-diskurs-ueber-die-gleichstellung-der-geschlechter-in-den-medien\/#breadcrumb\"},\"inLanguage\":\"de-DE\",\"potentialAction\":[{\"@type\":\"ReadAction\",\"target\":[\"https:\/\/www.ringier.com\/de\/die-equalvoice-initiative-lanciert-ersten-internationalen-diskurs-ueber-die-gleichstellung-der-geschlechter-in-den-medien\/\"]}]},{\"@type\":\"ImageObject\",\"inLanguage\":\"de-DE\",\"@id\":\"https:\/\/www.ringier.com\/de\/die-equalvoice-initiative-lanciert-ersten-internationalen-diskurs-ueber-die-gleichstellung-der-geschlechter-in-den-medien\/#primaryimage\",\"url\":\"https:\/\/www.ringier.com\/wp-content\/uploads\/2022\/05\/EVSummit.jpg\",\"contentUrl\":\"https:\/\/www.ringier.com\/wp-content\/uploads\/2022\/05\/EVSummit.jpg\",\"width\":1600,\"height\":900},{\"@type\":\"BreadcrumbList\",\"@id\":\"https:\/\/www.ringier.com\/de\/die-equalvoice-initiative-lanciert-ersten-internationalen-diskurs-ueber-die-gleichstellung-der-geschlechter-in-den-medien\/#breadcrumb\",\"itemListElement\":[{\"@type\":\"ListItem\",\"position\":1,\"name\":\"Home\",\"item\":\"https:\/\/www.ringier.com\/de\/\"},{\"@type\":\"ListItem\",\"position\":2,\"name\":\"Die EqualVoice Initiative lanciert ersten internationalen Diskurs \u00fcber die Gleichstellung der Geschlechter in den Medien\"}]},{\"@type\":\"WebSite\",\"@id\":\"https:\/\/www.ringier.com\/de\/#website\",\"url\":\"https:\/\/www.ringier.com\/de\/\",\"name\":\"Ringier\",\"description\":\"We inform. We entertain. We connect\",\"publisher\":{\"@id\":\"https:\/\/www.ringier.com\/de\/#organization\"},\"potentialAction\":[{\"@type\":\"SearchAction\",\"target\":{\"@type\":\"EntryPoint\",\"urlTemplate\":\"https:\/\/www.ringier.com\/de\/?s={search_term_string}\"},\"query-input\":{\"@type\":\"PropertyValueSpecification\",\"valueRequired\":true,\"valueName\":\"search_term_string\"}}],\"inLanguage\":\"de-DE\"},{\"@type\":\"Organization\",\"@id\":\"https:\/\/www.ringier.com\/de\/#organization\",\"name\":\"Ringier\",\"url\":\"https:\/\/www.ringier.com\/de\/\",\"logo\":{\"@type\":\"ImageObject\",\"inLanguage\":\"de-DE\",\"@id\":\"https:\/\/www.ringier.com\/de\/#\/schema\/logo\/image\/\",\"url\":\"https:\/\/www.ringier.com\/wp-content\/uploads\/2021\/10\/ringier_logo_2.jpg\",\"contentUrl\":\"https:\/\/www.ringier.com\/wp-content\/uploads\/2021\/10\/ringier_logo_2.jpg\",\"width\":750,\"height\":550,\"caption\":\"Ringier\"},\"image\":{\"@id\":\"https:\/\/www.ringier.com\/de\/#\/schema\/logo\/image\/\"},\"sameAs\":[\"https:\/\/www.facebook.com\/ringierag\/\",\"https:\/\/x.com\/ringier_ag\",\"https:\/\/www.instagram.com\/ringier_ag\/\",\"https:\/\/www.linkedin.com\/company\/ringier\/\",\"https:\/\/www.youtube.com\/user\/RingierComm\",\"https:\/\/en.wikipedia.org\/wiki\/Ringier\",\"https:\/\/de.wikipedia.org\/wiki\/Ringier\",\"https:\/\/fr.wikipedia.org\/wiki\/Ringier\",\"https:\/\/www.crunchbase.com\/organization\/ringier-ag\"]},{\"@type\":\"Person\",\"@id\":\"https:\/\/www.ringier.com\/de\/#\/schema\/person\/4cf76a308dc4b2bb5121bd1e7b752e52\",\"name\":\"Ringier Corporate Communications\",\"image\":{\"@type\":\"ImageObject\",\"inLanguage\":\"de-DE\",\"@id\":\"https:\/\/www.ringier.com\/de\/#\/schema\/person\/image\/\",\"url\":\"https:\/\/secure.gravatar.com\/avatar\/9391e20481368d5df4fe3e1e476c13b27786347489822ec1ed07e532bb41f587?s=96&d=mm&r=g\",\"contentUrl\":\"https:\/\/secure.gravatar.com\/avatar\/9391e20481368d5df4fe3e1e476c13b27786347489822ec1ed07e532bb41f587?s=96&d=mm&r=g\",\"caption\":\"Ringier Corporate Communications\"},\"sameAs\":[\"https:\/\/www.ringier.com\"]}]}<\/script>\n<!-- \/ Yoast SEO Premium plugin. -->","yoast_head_json":{"title":"Die EqualVoice Initiative lanciert ersten internationalen Diskurs \u00fcber die Gleichstellung der Geschlechter in den Medien - Ringier","robots":{"index":"index","follow":"follow","max-snippet":"max-snippet:-1","max-image-preview":"max-image-preview:large","max-video-preview":"max-video-preview:-1"},"canonical":"https:\/\/www.ringier.com\/de\/die-equalvoice-initiative-lanciert-ersten-internationalen-diskurs-ueber-die-gleichstellung-der-geschlechter-in-den-medien\/","og_locale":"de_DE","og_type":"article","og_title":"Die EqualVoice Initiative lanciert ersten internationalen Diskurs \u00fcber die Gleichstellung der Geschlechter in den Medien","og_description":"Als international t\u00e4tiger Medien- und Technologiekonzern setzt sich Ringier seit Ende 2019 mit seiner publizistischen und technologischen Kraft f\u00fcr die Gleichwertigkeit der Geschlechter ein. Ziel ist, Frauen in der Berichterstattung sichtbarer zu machen und Frauen und M\u00e4nnern die gleiche Stimme zu geben. Zentral ist dabei die Erhebung des EqualVoice Factors, der auf einem semantischen Algorithmus [&hellip;]","og_url":"https:\/\/www.ringier.com\/de\/die-equalvoice-initiative-lanciert-ersten-internationalen-diskurs-ueber-die-gleichstellung-der-geschlechter-in-den-medien\/","og_site_name":"Ringier","article_publisher":"https:\/\/www.facebook.com\/ringierag\/","article_published_time":"2022-05-02T15:25:00+00:00","article_modified_time":"2024-11-13T15:41:03+00:00","og_image":[{"width":1600,"height":900,"url":"https:\/\/www.ringier.com\/wp-content\/uploads\/2022\/05\/EVSummit.jpg","type":"image\/jpeg"}],"author":"Ringier Corporate Communications","twitter_card":"summary_large_image","twitter_creator":"@ringier_ag","twitter_site":"@ringier_ag","twitter_misc":{"Verfasst von":"Ringier Corporate Communications","Gesch\u00e4tzte Lesezeit":"9 Minuten"},"schema":{"@context":"https:\/\/schema.org","@graph":[{"@type":"Article","@id":"https:\/\/www.ringier.com\/de\/die-equalvoice-initiative-lanciert-ersten-internationalen-diskurs-ueber-die-gleichstellung-der-geschlechter-in-den-medien\/#article","isPartOf":{"@id":"https:\/\/www.ringier.com\/de\/die-equalvoice-initiative-lanciert-ersten-internationalen-diskurs-ueber-die-gleichstellung-der-geschlechter-in-den-medien\/"},"author":{"name":"Ringier Corporate Communications","@id":"https:\/\/www.ringier.com\/de\/#\/schema\/person\/4cf76a308dc4b2bb5121bd1e7b752e52"},"headline":"Die EqualVoice Initiative lanciert ersten internationalen Diskurs \u00fcber die Gleichstellung der Geschlechter in den Medien","datePublished":"2022-05-02T15:25:00+00:00","dateModified":"2024-11-13T15:41:03+00:00","mainEntityOfPage":{"@id":"https:\/\/www.ringier.com\/de\/die-equalvoice-initiative-lanciert-ersten-internationalen-diskurs-ueber-die-gleichstellung-der-geschlechter-in-den-medien\/"},"wordCount":1518,"publisher":{"@id":"https:\/\/www.ringier.com\/de\/#organization"},"image":{"@id":"https:\/\/www.ringier.com\/de\/die-equalvoice-initiative-lanciert-ersten-internationalen-diskurs-ueber-die-gleichstellung-der-geschlechter-in-den-medien\/#primaryimage"},"thumbnailUrl":"https:\/\/www.ringier.com\/wp-content\/uploads\/2022\/05\/EVSummit.jpg","articleSection":["EqualVoice"],"inLanguage":"de-DE"},{"@type":"WebPage","@id":"https:\/\/www.ringier.com\/de\/die-equalvoice-initiative-lanciert-ersten-internationalen-diskurs-ueber-die-gleichstellung-der-geschlechter-in-den-medien\/","url":"https:\/\/www.ringier.com\/de\/die-equalvoice-initiative-lanciert-ersten-internationalen-diskurs-ueber-die-gleichstellung-der-geschlechter-in-den-medien\/","name":"Die EqualVoice Initiative lanciert ersten internationalen Diskurs \u00fcber die Gleichstellung der Geschlechter in den Medien - Ringier","isPartOf":{"@id":"https:\/\/www.ringier.com\/de\/#website"},"primaryImageOfPage":{"@id":"https:\/\/www.ringier.com\/de\/die-equalvoice-initiative-lanciert-ersten-internationalen-diskurs-ueber-die-gleichstellung-der-geschlechter-in-den-medien\/#primaryimage"},"image":{"@id":"https:\/\/www.ringier.com\/de\/die-equalvoice-initiative-lanciert-ersten-internationalen-diskurs-ueber-die-gleichstellung-der-geschlechter-in-den-medien\/#primaryimage"},"thumbnailUrl":"https:\/\/www.ringier.com\/wp-content\/uploads\/2022\/05\/EVSummit.jpg","datePublished":"2022-05-02T15:25:00+00:00","dateModified":"2024-11-13T15:41:03+00:00","breadcrumb":{"@id":"https:\/\/www.ringier.com\/de\/die-equalvoice-initiative-lanciert-ersten-internationalen-diskurs-ueber-die-gleichstellung-der-geschlechter-in-den-medien\/#breadcrumb"},"inLanguage":"de-DE","potentialAction":[{"@type":"ReadAction","target":["https:\/\/www.ringier.com\/de\/die-equalvoice-initiative-lanciert-ersten-internationalen-diskurs-ueber-die-gleichstellung-der-geschlechter-in-den-medien\/"]}]},{"@type":"ImageObject","inLanguage":"de-DE","@id":"https:\/\/www.ringier.com\/de\/die-equalvoice-initiative-lanciert-ersten-internationalen-diskurs-ueber-die-gleichstellung-der-geschlechter-in-den-medien\/#primaryimage","url":"https:\/\/www.ringier.com\/wp-content\/uploads\/2022\/05\/EVSummit.jpg","contentUrl":"https:\/\/www.ringier.com\/wp-content\/uploads\/2022\/05\/EVSummit.jpg","width":1600,"height":900},{"@type":"BreadcrumbList","@id":"https:\/\/www.ringier.com\/de\/die-equalvoice-initiative-lanciert-ersten-internationalen-diskurs-ueber-die-gleichstellung-der-geschlechter-in-den-medien\/#breadcrumb","itemListElement":[{"@type":"ListItem","position":1,"name":"Home","item":"https:\/\/www.ringier.com\/de\/"},{"@type":"ListItem","position":2,"name":"Die EqualVoice Initiative lanciert ersten internationalen Diskurs \u00fcber die Gleichstellung der Geschlechter in den Medien"}]},{"@type":"WebSite","@id":"https:\/\/www.ringier.com\/de\/#website","url":"https:\/\/www.ringier.com\/de\/","name":"Ringier","description":"We inform. We entertain. We connect","publisher":{"@id":"https:\/\/www.ringier.com\/de\/#organization"},"potentialAction":[{"@type":"SearchAction","target":{"@type":"EntryPoint","urlTemplate":"https:\/\/www.ringier.com\/de\/?s={search_term_string}"},"query-input":{"@type":"PropertyValueSpecification","valueRequired":true,"valueName":"search_term_string"}}],"inLanguage":"de-DE"},{"@type":"Organization","@id":"https:\/\/www.ringier.com\/de\/#organization","name":"Ringier","url":"https:\/\/www.ringier.com\/de\/","logo":{"@type":"ImageObject","inLanguage":"de-DE","@id":"https:\/\/www.ringier.com\/de\/#\/schema\/logo\/image\/","url":"https:\/\/www.ringier.com\/wp-content\/uploads\/2021\/10\/ringier_logo_2.jpg","contentUrl":"https:\/\/www.ringier.com\/wp-content\/uploads\/2021\/10\/ringier_logo_2.jpg","width":750,"height":550,"caption":"Ringier"},"image":{"@id":"https:\/\/www.ringier.com\/de\/#\/schema\/logo\/image\/"},"sameAs":["https:\/\/www.facebook.com\/ringierag\/","https:\/\/x.com\/ringier_ag","https:\/\/www.instagram.com\/ringier_ag\/","https:\/\/www.linkedin.com\/company\/ringier\/","https:\/\/www.youtube.com\/user\/RingierComm","https:\/\/en.wikipedia.org\/wiki\/Ringier","https:\/\/de.wikipedia.org\/wiki\/Ringier","https:\/\/fr.wikipedia.org\/wiki\/Ringier","https:\/\/www.crunchbase.com\/organization\/ringier-ag"]},{"@type":"Person","@id":"https:\/\/www.ringier.com\/de\/#\/schema\/person\/4cf76a308dc4b2bb5121bd1e7b752e52","name":"Ringier Corporate Communications","image":{"@type":"ImageObject","inLanguage":"de-DE","@id":"https:\/\/www.ringier.com\/de\/#\/schema\/person\/image\/","url":"https:\/\/secure.gravatar.com\/avatar\/9391e20481368d5df4fe3e1e476c13b27786347489822ec1ed07e532bb41f587?s=96&d=mm&r=g","contentUrl":"https:\/\/secure.gravatar.com\/avatar\/9391e20481368d5df4fe3e1e476c13b27786347489822ec1ed07e532bb41f587?s=96&d=mm&r=g","caption":"Ringier Corporate Communications"},"sameAs":["https:\/\/www.ringier.com"]}]}},"_links":{"self":[{"href":"https:\/\/www.ringier.com\/de\/wp-json\/wp\/v2\/posts\/14075","targetHints":{"allow":["GET"]}}],"collection":[{"href":"https:\/\/www.ringier.com\/de\/wp-json\/wp\/v2\/posts"}],"about":[{"href":"https:\/\/www.ringier.com\/de\/wp-json\/wp\/v2\/types\/post"}],"author":[{"embeddable":true,"href":"https:\/\/www.ringier.com\/de\/wp-json\/wp\/v2\/users\/23"}],"replies":[{"embeddable":true,"href":"https:\/\/www.ringier.com\/de\/wp-json\/wp\/v2\/comments?post=14075"}],"version-history":[{"count":0,"href":"https:\/\/www.ringier.com\/de\/wp-json\/wp\/v2\/posts\/14075\/revisions"}],"wp:featuredmedia":[{"embeddable":true,"href":"https:\/\/www.ringier.com\/de\/wp-json\/wp\/v2\/media\/14083"}],"wp:attachment":[{"href":"https:\/\/www.ringier.com\/de\/wp-json\/wp\/v2\/media?parent=14075"}],"wp:term":[{"taxonomy":"category","embeddable":true,"href":"https:\/\/www.ringier.com\/de\/wp-json\/wp\/v2\/categories?post=14075"},{"taxonomy":"post_tag","embeddable":true,"href":"https:\/\/www.ringier.com\/de\/wp-json\/wp\/v2\/tags?post=14075"}],"curies":[{"name":"wp","href":"https:\/\/api.w.org\/{rel}","templated":true}]}}