{"id":14018,"date":"2022-04-13T14:00:00","date_gmt":"2022-04-13T12:00:00","guid":{"rendered":"https:\/\/www.ringier.com\/?p=14018"},"modified":"2025-03-24T10:04:27","modified_gmt":"2025-03-24T09:04:27","slug":"mobiliar-ceo-michele-rodoni-neu-im-verwaltungsrat-der-ringier-ag","status":"publish","type":"post","link":"https:\/\/www.ringier.com\/de\/mobiliar-ceo-michele-rodoni-neu-im-verwaltungsrat-der-ringier-ag\/","title":{"rendered":"Mobiliar CEO Mich\u00e8le Rodoni neu im Verwaltungsrat von Ringier"},"content":{"rendered":"\n<p>Mich\u00e8le Rodoni war im August 2020 zur CEO der \u00e4ltesten privaten Versicherungsgesellschaft der Schweiz ernannt worden. Die geb\u00fcrtige Genferin mit Tessiner Wurzeln war bereits seit 2012 Mitglied der Mobiliar Gesch\u00e4ftsleitung. Sie leitete erfolgreich den Vorsorgebereich und verantwortete das Markt Management, zu dem unter anderem die schweizweit 80 Generalagenturen mit ihren rund 3.000 Mitarbeitenden z\u00e4hlen.<\/p>\n\n\n\n<p><strong>Michael Ringier, Verleger und Pr\u00e4sident des Ringier Verwaltungsrates, sagt:<\/strong> \u00abIch gratuliere Mich\u00e8le Rodoni zur Wahl. Wir freuen uns auf die Zusammenarbeit mit ihr und auf ihre profunde Expertise. Gleichzeitig bedanke ich mich im Namen des gesamten Verwaltungsrates bei Markus Hongler f\u00fcr sein grosses Engagement der letzten zwei Jahre. Markus Hongler war massgeblich am Zustandekommen unserer Partnerschaft beteiligt. Mit der langfristig angelegten Unterst\u00fctzung der Mobiliar ist Ringier in der Lage, seine Strategie, international konsequent in digitale Marktpl\u00e4tze, unabh\u00e4ngigen Journalismus und Spitzen-Technologien zu investieren, z\u00fcgig umzusetzen.\u00bb<\/p>\n\n\n\n<p><strong>Mich\u00e8le Rodoni sagt:<\/strong> \u00abIch freue mich auf meine Mitarbeit im Ringier-Verwaltungsrat. Ringier z\u00e4hlt zu den Schweizer Unternehmen, die auf dem Weg der digitalen Transformation bereits weit fortgeschritten sind, wie auch die Mobiliar. Ich freue mich auf den aktiven Austausch in diesem Gremium.\u00bb<\/p>\n\n\n\n<p>Der Verwaltungsrat von Ringier besteht aus insgesamt neun Mitgliedern: Verwaltungsratspr\u00e4sident Michael Ringier, Vizepr\u00e4sident Uli Sigg sowie Claudio Cisullo, Lukas G\u00e4hwiler, Felix Oberholzer-Gee, Urs Berger, Laura Rudas, Roman Bargezi und Mich\u00e8le Rodoni.<\/p>\n\n\n\n<p>Die Familie Ringier h\u00e4lt gemeinsam mit CEO Marc Walder die Mehrheit an der Ringier Gruppe mit einem Anteil von insgesamt 75 Prozent.<\/p>\n\n\n\n<p><\/p>\n\n\n\n<p>Ringier Corporate Communications<\/p>\n\n\n\n<p class=\"has-small-font-size\"><strong>Die Gruppe Mobiliar<\/strong><\/p>\n\n\n\n<p class=\"has-small-font-size\">Jeder dritte Haushalt und jedes dritte Unternehmen in der Schweiz sind bei der Mobiliar versichert. Der Allbranchenversicherer weist per 31. Dezember 2021 ein Pr\u00e4mienvolumen von rund 4.3 Mia. Franken auf. 80 Unternehmer-Generalagenturen mit eigenem Schadendienst garantieren an rund 160 Standorten N\u00e4he zu den \u00fcber 2.2 Millionen Kundinnen und Kunden. Zu der unter dem Dach der Schweizerischen Mobiliar Holding AG zusammengefassten Versicherungsgruppe geh\u00f6ren die Schweizerische Mobiliar Versicherungsgesellschaft AG mit Sitz in Bern, die Schweizerische Mobiliar Lebensversicherungs-Gesellschaft AG mit Sitz in Nyon, die Schweizerische Mobiliar Asset Management AG, die Protekta Rechtsschutz-Versicherung AG, die Schweizerische Mobiliar Services AG, alle mit Sitz in Bern sowie Trianon AG mit Sitz in Nyon, SC, SwissCaution SA mit Sitz in Nyon und bexio AG mit Sitz in Rapperswil. Zur Gruppe geh\u00f6ren ferner die Schweizerische Mobiliar Risk Engineering AG, Mobi24 AG, die XpertCenter AG, Flatfox AG, Buildigo AG und Lightbird Ventures AG, alle mit Sitz in Bern sowie Companjon mit Sitzen in Dublin und D\u00fcsseldorf.&nbsp;<\/p>\n\n\n\n<p class=\"has-small-font-size\">Die Mobiliar besch\u00e4ftigt in den Heimm\u00e4rkten Schweiz und F\u00fcrstentum Liechtenstein rund 6000 Mitarbeitende und bietet 330 Ausbildungspl\u00e4tze an. Die Mobiliar, 1826 als Genossenschaft gegr\u00fcndet, ist die \u00e4lteste private Versicherungsgesellschaft der Schweiz. Der Verwaltungsrat der Schweizerischen Mobiliar Genossenschaft stellt bis heute sicher, dass die genossenschaftliche Ausrichtung der Gruppe gewahrt bleibt.&nbsp;<\/p>\n\n\n\n<p><\/p>\n","protected":false},"excerpt":{"rendered":"<p>Die Ringier-Aktion\u00e4re w\u00e4hlten Mich\u00e8le Rodoni, CEO der Mobiliar, anl\u00e4sslich der Generalversammlung vom 24. M\u00e4rz 2022 einstimmig in den Verwaltungsrat von Ringier. Sie folgt auf Markus Hongler, der als ehemaliger CEO seit der Beteiligung der Mobiliar mit 25 Prozent an der Ringier im Februar 2020 im obersten Entscheidungsgremium Einsitz hatte. Als Minderheitsaktion\u00e4rin verf\u00fcgt das Versicherungsunternehmen \u00fcber zwei Sitze im Ringier-Verwaltungsrat. Den zweiten Mobiliar-Sitz h\u00e4lt weiterhin Urs Berger, Verwaltungsratspr\u00e4sident der Mobiliar.<\/p>\n","protected":false},"author":23,"featured_media":14043,"comment_status":"closed","ping_status":"open","sticky":false,"template":"","format":"standard","meta":{"inline_featured_image":false,"footnotes":""},"categories":[44],"tags":[],"class_list":["post-14018","post","type-post","status-publish","format-standard","has-post-thumbnail","hentry","category-corporate-de"],"yoast_head":"<!-- This site is optimized with the Yoast SEO Premium plugin v27.0 (Yoast SEO v27.0) - https:\/\/yoast.com\/product\/yoast-seo-premium-wordpress\/ -->\n<title>Mobiliar CEO Mich\u00e8le Rodoni neu im Verwaltungsrat von Ringier - Ringier<\/title>\n<meta name=\"robots\" content=\"index, follow, max-snippet:-1, max-image-preview:large, max-video-preview:-1\" \/>\n<link rel=\"canonical\" href=\"https:\/\/www.ringier.com\/de\/mobiliar-ceo-michele-rodoni-neu-im-verwaltungsrat-der-ringier-ag\/\" \/>\n<meta property=\"og:locale\" content=\"de_DE\" \/>\n<meta property=\"og:type\" content=\"article\" \/>\n<meta property=\"og:title\" content=\"Mobiliar CEO Mich\u00e8le Rodoni neu im Verwaltungsrat von Ringier\" \/>\n<meta property=\"og:description\" content=\"Die Ringier-Aktion\u00e4re w\u00e4hlten Mich\u00e8le Rodoni, CEO der Mobiliar, anl\u00e4sslich der Generalversammlung vom 24. M\u00e4rz 2022 einstimmig in den Verwaltungsrat von Ringier. Sie folgt auf Markus Hongler, der als ehemaliger CEO seit der Beteiligung der Mobiliar mit 25 Prozent an der Ringier im Februar 2020 im obersten Entscheidungsgremium Einsitz hatte. Als Minderheitsaktion\u00e4rin verf\u00fcgt das Versicherungsunternehmen \u00fcber zwei Sitze im Ringier-Verwaltungsrat. Den zweiten Mobiliar-Sitz h\u00e4lt weiterhin Urs Berger, Verwaltungsratspr\u00e4sident der Mobiliar.\" \/>\n<meta property=\"og:url\" content=\"https:\/\/www.ringier.com\/de\/mobiliar-ceo-michele-rodoni-neu-im-verwaltungsrat-der-ringier-ag\/\" \/>\n<meta property=\"og:site_name\" content=\"Ringier\" \/>\n<meta property=\"article:publisher\" content=\"https:\/\/www.facebook.com\/ringierag\/\" \/>\n<meta property=\"article:published_time\" content=\"2022-04-13T12:00:00+00:00\" \/>\n<meta property=\"article:modified_time\" content=\"2025-03-24T09:04:27+00:00\" \/>\n<meta property=\"og:image\" content=\"https:\/\/www.ringier.com\/wp-content\/uploads\/2022\/04\/MicheleRodoni-Website-1.jpg\" \/>\n\t<meta property=\"og:image:width\" content=\"1600\" \/>\n\t<meta property=\"og:image:height\" content=\"900\" \/>\n\t<meta property=\"og:image:type\" content=\"image\/jpeg\" \/>\n<meta name=\"author\" content=\"Ringier Corporate Communications\" \/>\n<meta name=\"twitter:card\" content=\"summary_large_image\" \/>\n<meta name=\"twitter:creator\" content=\"@ringier_ag\" \/>\n<meta name=\"twitter:site\" content=\"@ringier_ag\" \/>\n<meta name=\"twitter:label1\" content=\"Verfasst von\" \/>\n\t<meta name=\"twitter:data1\" content=\"Ringier Corporate Communications\" \/>\n\t<meta name=\"twitter:label2\" content=\"Gesch\u00e4tzte Lesezeit\" \/>\n\t<meta name=\"twitter:data2\" content=\"3 Minuten\" \/>\n<script type=\"application\/ld+json\" class=\"yoast-schema-graph\">{\"@context\":\"https:\/\/schema.org\",\"@graph\":[{\"@type\":\"Article\",\"@id\":\"https:\/\/www.ringier.com\/de\/mobiliar-ceo-michele-rodoni-neu-im-verwaltungsrat-der-ringier-ag\/#article\",\"isPartOf\":{\"@id\":\"https:\/\/www.ringier.com\/de\/mobiliar-ceo-michele-rodoni-neu-im-verwaltungsrat-der-ringier-ag\/\"},\"author\":{\"name\":\"Ringier Corporate Communications\",\"@id\":\"https:\/\/www.ringier.com\/de\/#\/schema\/person\/4cf76a308dc4b2bb5121bd1e7b752e52\"},\"headline\":\"Mobiliar CEO Mich\u00e8le Rodoni neu im Verwaltungsrat von Ringier\",\"datePublished\":\"2022-04-13T12:00:00+00:00\",\"dateModified\":\"2025-03-24T09:04:27+00:00\",\"mainEntityOfPage\":{\"@id\":\"https:\/\/www.ringier.com\/de\/mobiliar-ceo-michele-rodoni-neu-im-verwaltungsrat-der-ringier-ag\/\"},\"wordCount\":471,\"publisher\":{\"@id\":\"https:\/\/www.ringier.com\/de\/#organization\"},\"image\":{\"@id\":\"https:\/\/www.ringier.com\/de\/mobiliar-ceo-michele-rodoni-neu-im-verwaltungsrat-der-ringier-ag\/#primaryimage\"},\"thumbnailUrl\":\"https:\/\/www.ringier.com\/wp-content\/uploads\/2022\/04\/MicheleRodoni-Website-1.jpg\",\"articleSection\":[\"Corporate\"],\"inLanguage\":\"de-DE\"},{\"@type\":\"WebPage\",\"@id\":\"https:\/\/www.ringier.com\/de\/mobiliar-ceo-michele-rodoni-neu-im-verwaltungsrat-der-ringier-ag\/\",\"url\":\"https:\/\/www.ringier.com\/de\/mobiliar-ceo-michele-rodoni-neu-im-verwaltungsrat-der-ringier-ag\/\",\"name\":\"Mobiliar CEO Mich\u00e8le Rodoni neu im Verwaltungsrat von Ringier - Ringier\",\"isPartOf\":{\"@id\":\"https:\/\/www.ringier.com\/de\/#website\"},\"primaryImageOfPage\":{\"@id\":\"https:\/\/www.ringier.com\/de\/mobiliar-ceo-michele-rodoni-neu-im-verwaltungsrat-der-ringier-ag\/#primaryimage\"},\"image\":{\"@id\":\"https:\/\/www.ringier.com\/de\/mobiliar-ceo-michele-rodoni-neu-im-verwaltungsrat-der-ringier-ag\/#primaryimage\"},\"thumbnailUrl\":\"https:\/\/www.ringier.com\/wp-content\/uploads\/2022\/04\/MicheleRodoni-Website-1.jpg\",\"datePublished\":\"2022-04-13T12:00:00+00:00\",\"dateModified\":\"2025-03-24T09:04:27+00:00\",\"breadcrumb\":{\"@id\":\"https:\/\/www.ringier.com\/de\/mobiliar-ceo-michele-rodoni-neu-im-verwaltungsrat-der-ringier-ag\/#breadcrumb\"},\"inLanguage\":\"de-DE\",\"potentialAction\":[{\"@type\":\"ReadAction\",\"target\":[\"https:\/\/www.ringier.com\/de\/mobiliar-ceo-michele-rodoni-neu-im-verwaltungsrat-der-ringier-ag\/\"]}]},{\"@type\":\"ImageObject\",\"inLanguage\":\"de-DE\",\"@id\":\"https:\/\/www.ringier.com\/de\/mobiliar-ceo-michele-rodoni-neu-im-verwaltungsrat-der-ringier-ag\/#primaryimage\",\"url\":\"https:\/\/www.ringier.com\/wp-content\/uploads\/2022\/04\/MicheleRodoni-Website-1.jpg\",\"contentUrl\":\"https:\/\/www.ringier.com\/wp-content\/uploads\/2022\/04\/MicheleRodoni-Website-1.jpg\",\"width\":1600,\"height\":900},{\"@type\":\"BreadcrumbList\",\"@id\":\"https:\/\/www.ringier.com\/de\/mobiliar-ceo-michele-rodoni-neu-im-verwaltungsrat-der-ringier-ag\/#breadcrumb\",\"itemListElement\":[{\"@type\":\"ListItem\",\"position\":1,\"name\":\"Home\",\"item\":\"https:\/\/www.ringier.com\/de\/\"},{\"@type\":\"ListItem\",\"position\":2,\"name\":\"Mobiliar CEO Mich\u00e8le Rodoni neu im Verwaltungsrat von Ringier\"}]},{\"@type\":\"WebSite\",\"@id\":\"https:\/\/www.ringier.com\/de\/#website\",\"url\":\"https:\/\/www.ringier.com\/de\/\",\"name\":\"Ringier\",\"description\":\"We inform. We entertain. We connect\",\"publisher\":{\"@id\":\"https:\/\/www.ringier.com\/de\/#organization\"},\"potentialAction\":[{\"@type\":\"SearchAction\",\"target\":{\"@type\":\"EntryPoint\",\"urlTemplate\":\"https:\/\/www.ringier.com\/de\/?s={search_term_string}\"},\"query-input\":{\"@type\":\"PropertyValueSpecification\",\"valueRequired\":true,\"valueName\":\"search_term_string\"}}],\"inLanguage\":\"de-DE\"},{\"@type\":\"Organization\",\"@id\":\"https:\/\/www.ringier.com\/de\/#organization\",\"name\":\"Ringier\",\"url\":\"https:\/\/www.ringier.com\/de\/\",\"logo\":{\"@type\":\"ImageObject\",\"inLanguage\":\"de-DE\",\"@id\":\"https:\/\/www.ringier.com\/de\/#\/schema\/logo\/image\/\",\"url\":\"https:\/\/www.ringier.com\/wp-content\/uploads\/2021\/10\/ringier_logo_2.jpg\",\"contentUrl\":\"https:\/\/www.ringier.com\/wp-content\/uploads\/2021\/10\/ringier_logo_2.jpg\",\"width\":750,\"height\":550,\"caption\":\"Ringier\"},\"image\":{\"@id\":\"https:\/\/www.ringier.com\/de\/#\/schema\/logo\/image\/\"},\"sameAs\":[\"https:\/\/www.facebook.com\/ringierag\/\",\"https:\/\/x.com\/ringier_ag\",\"https:\/\/www.instagram.com\/ringier_ag\/\",\"https:\/\/www.linkedin.com\/company\/ringier\/\",\"https:\/\/www.youtube.com\/user\/RingierComm\",\"https:\/\/en.wikipedia.org\/wiki\/Ringier\",\"https:\/\/de.wikipedia.org\/wiki\/Ringier\",\"https:\/\/fr.wikipedia.org\/wiki\/Ringier\",\"https:\/\/www.crunchbase.com\/organization\/ringier-ag\"]},{\"@type\":\"Person\",\"@id\":\"https:\/\/www.ringier.com\/de\/#\/schema\/person\/4cf76a308dc4b2bb5121bd1e7b752e52\",\"name\":\"Ringier Corporate Communications\",\"image\":{\"@type\":\"ImageObject\",\"inLanguage\":\"de-DE\",\"@id\":\"https:\/\/www.ringier.com\/de\/#\/schema\/person\/image\/\",\"url\":\"https:\/\/secure.gravatar.com\/avatar\/9391e20481368d5df4fe3e1e476c13b27786347489822ec1ed07e532bb41f587?s=96&d=mm&r=g\",\"contentUrl\":\"https:\/\/secure.gravatar.com\/avatar\/9391e20481368d5df4fe3e1e476c13b27786347489822ec1ed07e532bb41f587?s=96&d=mm&r=g\",\"caption\":\"Ringier Corporate Communications\"},\"sameAs\":[\"https:\/\/www.ringier.com\"]}]}<\/script>\n<!-- \/ Yoast SEO Premium plugin. -->","yoast_head_json":{"title":"Mobiliar CEO Mich\u00e8le Rodoni neu im Verwaltungsrat von Ringier - Ringier","robots":{"index":"index","follow":"follow","max-snippet":"max-snippet:-1","max-image-preview":"max-image-preview:large","max-video-preview":"max-video-preview:-1"},"canonical":"https:\/\/www.ringier.com\/de\/mobiliar-ceo-michele-rodoni-neu-im-verwaltungsrat-der-ringier-ag\/","og_locale":"de_DE","og_type":"article","og_title":"Mobiliar CEO Mich\u00e8le Rodoni neu im Verwaltungsrat von Ringier","og_description":"Die Ringier-Aktion\u00e4re w\u00e4hlten Mich\u00e8le Rodoni, CEO der Mobiliar, anl\u00e4sslich der Generalversammlung vom 24. M\u00e4rz 2022 einstimmig in den Verwaltungsrat von Ringier. Sie folgt auf Markus Hongler, der als ehemaliger CEO seit der Beteiligung der Mobiliar mit 25 Prozent an der Ringier im Februar 2020 im obersten Entscheidungsgremium Einsitz hatte. Als Minderheitsaktion\u00e4rin verf\u00fcgt das Versicherungsunternehmen \u00fcber zwei Sitze im Ringier-Verwaltungsrat. Den zweiten Mobiliar-Sitz h\u00e4lt weiterhin Urs Berger, Verwaltungsratspr\u00e4sident der Mobiliar.","og_url":"https:\/\/www.ringier.com\/de\/mobiliar-ceo-michele-rodoni-neu-im-verwaltungsrat-der-ringier-ag\/","og_site_name":"Ringier","article_publisher":"https:\/\/www.facebook.com\/ringierag\/","article_published_time":"2022-04-13T12:00:00+00:00","article_modified_time":"2025-03-24T09:04:27+00:00","og_image":[{"width":1600,"height":900,"url":"https:\/\/www.ringier.com\/wp-content\/uploads\/2022\/04\/MicheleRodoni-Website-1.jpg","type":"image\/jpeg"}],"author":"Ringier Corporate Communications","twitter_card":"summary_large_image","twitter_creator":"@ringier_ag","twitter_site":"@ringier_ag","twitter_misc":{"Verfasst von":"Ringier Corporate Communications","Gesch\u00e4tzte Lesezeit":"3 Minuten"},"schema":{"@context":"https:\/\/schema.org","@graph":[{"@type":"Article","@id":"https:\/\/www.ringier.com\/de\/mobiliar-ceo-michele-rodoni-neu-im-verwaltungsrat-der-ringier-ag\/#article","isPartOf":{"@id":"https:\/\/www.ringier.com\/de\/mobiliar-ceo-michele-rodoni-neu-im-verwaltungsrat-der-ringier-ag\/"},"author":{"name":"Ringier Corporate Communications","@id":"https:\/\/www.ringier.com\/de\/#\/schema\/person\/4cf76a308dc4b2bb5121bd1e7b752e52"},"headline":"Mobiliar CEO Mich\u00e8le Rodoni neu im Verwaltungsrat von Ringier","datePublished":"2022-04-13T12:00:00+00:00","dateModified":"2025-03-24T09:04:27+00:00","mainEntityOfPage":{"@id":"https:\/\/www.ringier.com\/de\/mobiliar-ceo-michele-rodoni-neu-im-verwaltungsrat-der-ringier-ag\/"},"wordCount":471,"publisher":{"@id":"https:\/\/www.ringier.com\/de\/#organization"},"image":{"@id":"https:\/\/www.ringier.com\/de\/mobiliar-ceo-michele-rodoni-neu-im-verwaltungsrat-der-ringier-ag\/#primaryimage"},"thumbnailUrl":"https:\/\/www.ringier.com\/wp-content\/uploads\/2022\/04\/MicheleRodoni-Website-1.jpg","articleSection":["Corporate"],"inLanguage":"de-DE"},{"@type":"WebPage","@id":"https:\/\/www.ringier.com\/de\/mobiliar-ceo-michele-rodoni-neu-im-verwaltungsrat-der-ringier-ag\/","url":"https:\/\/www.ringier.com\/de\/mobiliar-ceo-michele-rodoni-neu-im-verwaltungsrat-der-ringier-ag\/","name":"Mobiliar CEO Mich\u00e8le Rodoni neu im Verwaltungsrat von Ringier - Ringier","isPartOf":{"@id":"https:\/\/www.ringier.com\/de\/#website"},"primaryImageOfPage":{"@id":"https:\/\/www.ringier.com\/de\/mobiliar-ceo-michele-rodoni-neu-im-verwaltungsrat-der-ringier-ag\/#primaryimage"},"image":{"@id":"https:\/\/www.ringier.com\/de\/mobiliar-ceo-michele-rodoni-neu-im-verwaltungsrat-der-ringier-ag\/#primaryimage"},"thumbnailUrl":"https:\/\/www.ringier.com\/wp-content\/uploads\/2022\/04\/MicheleRodoni-Website-1.jpg","datePublished":"2022-04-13T12:00:00+00:00","dateModified":"2025-03-24T09:04:27+00:00","breadcrumb":{"@id":"https:\/\/www.ringier.com\/de\/mobiliar-ceo-michele-rodoni-neu-im-verwaltungsrat-der-ringier-ag\/#breadcrumb"},"inLanguage":"de-DE","potentialAction":[{"@type":"ReadAction","target":["https:\/\/www.ringier.com\/de\/mobiliar-ceo-michele-rodoni-neu-im-verwaltungsrat-der-ringier-ag\/"]}]},{"@type":"ImageObject","inLanguage":"de-DE","@id":"https:\/\/www.ringier.com\/de\/mobiliar-ceo-michele-rodoni-neu-im-verwaltungsrat-der-ringier-ag\/#primaryimage","url":"https:\/\/www.ringier.com\/wp-content\/uploads\/2022\/04\/MicheleRodoni-Website-1.jpg","contentUrl":"https:\/\/www.ringier.com\/wp-content\/uploads\/2022\/04\/MicheleRodoni-Website-1.jpg","width":1600,"height":900},{"@type":"BreadcrumbList","@id":"https:\/\/www.ringier.com\/de\/mobiliar-ceo-michele-rodoni-neu-im-verwaltungsrat-der-ringier-ag\/#breadcrumb","itemListElement":[{"@type":"ListItem","position":1,"name":"Home","item":"https:\/\/www.ringier.com\/de\/"},{"@type":"ListItem","position":2,"name":"Mobiliar CEO Mich\u00e8le Rodoni neu im Verwaltungsrat von Ringier"}]},{"@type":"WebSite","@id":"https:\/\/www.ringier.com\/de\/#website","url":"https:\/\/www.ringier.com\/de\/","name":"Ringier","description":"We inform. We entertain. We connect","publisher":{"@id":"https:\/\/www.ringier.com\/de\/#organization"},"potentialAction":[{"@type":"SearchAction","target":{"@type":"EntryPoint","urlTemplate":"https:\/\/www.ringier.com\/de\/?s={search_term_string}"},"query-input":{"@type":"PropertyValueSpecification","valueRequired":true,"valueName":"search_term_string"}}],"inLanguage":"de-DE"},{"@type":"Organization","@id":"https:\/\/www.ringier.com\/de\/#organization","name":"Ringier","url":"https:\/\/www.ringier.com\/de\/","logo":{"@type":"ImageObject","inLanguage":"de-DE","@id":"https:\/\/www.ringier.com\/de\/#\/schema\/logo\/image\/","url":"https:\/\/www.ringier.com\/wp-content\/uploads\/2021\/10\/ringier_logo_2.jpg","contentUrl":"https:\/\/www.ringier.com\/wp-content\/uploads\/2021\/10\/ringier_logo_2.jpg","width":750,"height":550,"caption":"Ringier"},"image":{"@id":"https:\/\/www.ringier.com\/de\/#\/schema\/logo\/image\/"},"sameAs":["https:\/\/www.facebook.com\/ringierag\/","https:\/\/x.com\/ringier_ag","https:\/\/www.instagram.com\/ringier_ag\/","https:\/\/www.linkedin.com\/company\/ringier\/","https:\/\/www.youtube.com\/user\/RingierComm","https:\/\/en.wikipedia.org\/wiki\/Ringier","https:\/\/de.wikipedia.org\/wiki\/Ringier","https:\/\/fr.wikipedia.org\/wiki\/Ringier","https:\/\/www.crunchbase.com\/organization\/ringier-ag"]},{"@type":"Person","@id":"https:\/\/www.ringier.com\/de\/#\/schema\/person\/4cf76a308dc4b2bb5121bd1e7b752e52","name":"Ringier Corporate Communications","image":{"@type":"ImageObject","inLanguage":"de-DE","@id":"https:\/\/www.ringier.com\/de\/#\/schema\/person\/image\/","url":"https:\/\/secure.gravatar.com\/avatar\/9391e20481368d5df4fe3e1e476c13b27786347489822ec1ed07e532bb41f587?s=96&d=mm&r=g","contentUrl":"https:\/\/secure.gravatar.com\/avatar\/9391e20481368d5df4fe3e1e476c13b27786347489822ec1ed07e532bb41f587?s=96&d=mm&r=g","caption":"Ringier Corporate Communications"},"sameAs":["https:\/\/www.ringier.com"]}]}},"_links":{"self":[{"href":"https:\/\/www.ringier.com\/de\/wp-json\/wp\/v2\/posts\/14018","targetHints":{"allow":["GET"]}}],"collection":[{"href":"https:\/\/www.ringier.com\/de\/wp-json\/wp\/v2\/posts"}],"about":[{"href":"https:\/\/www.ringier.com\/de\/wp-json\/wp\/v2\/types\/post"}],"author":[{"embeddable":true,"href":"https:\/\/www.ringier.com\/de\/wp-json\/wp\/v2\/users\/23"}],"replies":[{"embeddable":true,"href":"https:\/\/www.ringier.com\/de\/wp-json\/wp\/v2\/comments?post=14018"}],"version-history":[{"count":0,"href":"https:\/\/www.ringier.com\/de\/wp-json\/wp\/v2\/posts\/14018\/revisions"}],"wp:featuredmedia":[{"embeddable":true,"href":"https:\/\/www.ringier.com\/de\/wp-json\/wp\/v2\/media\/14043"}],"wp:attachment":[{"href":"https:\/\/www.ringier.com\/de\/wp-json\/wp\/v2\/media?parent=14018"}],"wp:term":[{"taxonomy":"category","embeddable":true,"href":"https:\/\/www.ringier.com\/de\/wp-json\/wp\/v2\/categories?post=14018"},{"taxonomy":"post_tag","embeddable":true,"href":"https:\/\/www.ringier.com\/de\/wp-json\/wp\/v2\/tags?post=14018"}],"curies":[{"name":"wp","href":"https:\/\/api.w.org\/{rel}","templated":true}]}}