{"id":13985,"date":"2022-04-06T12:08:00","date_gmt":"2022-04-06T10:08:00","guid":{"rendered":"https:\/\/www.ringier.com\/?p=13985"},"modified":"2024-11-13T16:45:39","modified_gmt":"2024-11-13T15:45:39","slug":"prominenter-neuzugang-bei-blick-romandie","status":"publish","type":"post","link":"https:\/\/www.ringier.com\/de\/prominenter-neuzugang-bei-blick-romandie\/","title":{"rendered":"Prominenter Neuzugang bei Blick Romandie"},"content":{"rendered":"\n<p>Vor rund einem Jahr feierte Blick Romandie seinen erfolgreichen Launch. Mittlerweile z\u00e4hlt das Newsportal \u00fcber 60\u2019000 Besuche pro Tag und ist zu einer starken Stimme in der Westschweiz geworden. Nun wird das publizistische Angebot mit einem prominenten Neuzugang verst\u00e4rkt. Ab dem 1. Mai wird Richard Werly (56) als Korrespondent zur Redaktion stossen und aus Paris und Br\u00fcssel \u00fcber das aktuelle Geschehen aus Frankreich und Europa berichten.<\/p>\n\n\n\n<p>Werly wurde 2020 mit dem renommierten Jean-Dumur-Preis ausgezeichnet und gilt in Frankreich als bekannter politischer Kommentator. Seine Einsch\u00e4tzungen werden oft in franz\u00f6sischen Medien zitiert, zudem ist Werly gesch\u00e4tzter Gast in Talksendungen. Sein aktuelles Buch \u00abLa France contre elle-m\u00eame\u00bb erschien mitten im Pr\u00e4sidentschaftswahlkampf und wurde hoch gelobt.<\/p>\n\n\n\n<p>Michel Jeanneret (48), Chefredaktor Blick Romandie, freut sich auf treffende Analysen und meinungsstarke Kommentare zur politischen Lage: \u00abRichard Werly ist ein brillanter Journalist und eine der angesehensten Westschweizer Stimmen, was die Berichterstattung \u00fcber Frankreich und Europa betrifft. Seine ausserordentliche Erfahrung werden f\u00fcr unsere Redaktion von grossem Vorteil sein.\u00bb<\/p>\n\n\n\n<p>Auch Richard Werly ist voller Vorfreude: \u00abIch war sofort von der Leidenschaft und dem Ehrgeiz des Blick Romandie-Teams begeistert. Die Lancierung eines solchen journalistischen Leuchtturms in der Westschweiz ist f\u00fcr mich momentan eines der spannendsten Medienabenteuer des Landes. Ich freue mich, dass ich ab Mai den unterschiedlichsten Generationen neue Formate und Inhalte n\u00e4her bringen kann.\u00bb<\/p>\n\n\n\n<p>Ringier AG, Corporate Communications<\/p>\n","protected":false},"excerpt":{"rendered":"<p>Der renommierte Europa-Experte Richard Werly (56) wechselt zum 1. Mai zu Blick Romandie. Der franz\u00f6sisch-schweizerische Journalist war seit 2014 Korrespondent und stellvertretender Chefredaktor von Le Temps in Paris. <\/p>\n","protected":false},"author":23,"featured_media":13994,"comment_status":"closed","ping_status":"open","sticky":false,"template":"","format":"standard","meta":{"inline_featured_image":false,"footnotes":""},"categories":[371,361],"tags":[],"class_list":["post-13985","post","type-post","status-publish","format-standard","has-post-thumbnail","hentry","category-media-de","category-ringier-medien-schweiz"],"yoast_head":"<!-- This site is optimized with the Yoast SEO Premium plugin v27.0 (Yoast SEO v27.0) - https:\/\/yoast.com\/product\/yoast-seo-premium-wordpress\/ -->\n<title>Prominenter Neuzugang bei Blick Romandie - Ringier<\/title>\n<meta name=\"robots\" content=\"index, follow, max-snippet:-1, max-image-preview:large, max-video-preview:-1\" \/>\n<link rel=\"canonical\" href=\"https:\/\/www.ringier.com\/de\/prominenter-neuzugang-bei-blick-romandie\/\" \/>\n<meta property=\"og:locale\" content=\"de_DE\" \/>\n<meta property=\"og:type\" content=\"article\" \/>\n<meta property=\"og:title\" content=\"Prominenter Neuzugang bei Blick Romandie\" \/>\n<meta property=\"og:description\" content=\"Der renommierte Europa-Experte Richard Werly (56) wechselt zum 1. Mai zu Blick Romandie. Der franz\u00f6sisch-schweizerische Journalist war seit 2014 Korrespondent und stellvertretender Chefredaktor von Le Temps in Paris.\" \/>\n<meta property=\"og:url\" content=\"https:\/\/www.ringier.com\/de\/prominenter-neuzugang-bei-blick-romandie\/\" \/>\n<meta property=\"og:site_name\" content=\"Ringier\" \/>\n<meta property=\"article:publisher\" content=\"https:\/\/www.facebook.com\/ringierag\/\" \/>\n<meta property=\"article:published_time\" content=\"2022-04-06T10:08:00+00:00\" \/>\n<meta property=\"article:modified_time\" content=\"2024-11-13T15:45:39+00:00\" \/>\n<meta property=\"og:image\" content=\"https:\/\/www.ringier.com\/wp-content\/uploads\/2022\/04\/R_Werly_website.jpg\" \/>\n\t<meta property=\"og:image:width\" content=\"1600\" \/>\n\t<meta property=\"og:image:height\" content=\"900\" \/>\n\t<meta property=\"og:image:type\" content=\"image\/jpeg\" \/>\n<meta name=\"author\" content=\"Ringier Corporate Communications\" \/>\n<meta name=\"twitter:card\" content=\"summary_large_image\" \/>\n<meta name=\"twitter:creator\" content=\"@ringier_ag\" \/>\n<meta name=\"twitter:site\" content=\"@ringier_ag\" \/>\n<meta name=\"twitter:label1\" content=\"Verfasst von\" \/>\n\t<meta name=\"twitter:data1\" content=\"Ringier Corporate Communications\" \/>\n\t<meta name=\"twitter:label2\" content=\"Gesch\u00e4tzte Lesezeit\" \/>\n\t<meta name=\"twitter:data2\" content=\"2 Minuten\" \/>\n<script type=\"application\/ld+json\" class=\"yoast-schema-graph\">{\"@context\":\"https:\/\/schema.org\",\"@graph\":[{\"@type\":\"Article\",\"@id\":\"https:\/\/www.ringier.com\/de\/prominenter-neuzugang-bei-blick-romandie\/#article\",\"isPartOf\":{\"@id\":\"https:\/\/www.ringier.com\/de\/prominenter-neuzugang-bei-blick-romandie\/\"},\"author\":{\"name\":\"Ringier Corporate Communications\",\"@id\":\"https:\/\/www.ringier.com\/de\/#\/schema\/person\/4cf76a308dc4b2bb5121bd1e7b752e52\"},\"headline\":\"Prominenter Neuzugang bei Blick Romandie\",\"datePublished\":\"2022-04-06T10:08:00+00:00\",\"dateModified\":\"2024-11-13T15:45:39+00:00\",\"mainEntityOfPage\":{\"@id\":\"https:\/\/www.ringier.com\/de\/prominenter-neuzugang-bei-blick-romandie\/\"},\"wordCount\":230,\"publisher\":{\"@id\":\"https:\/\/www.ringier.com\/de\/#organization\"},\"image\":{\"@id\":\"https:\/\/www.ringier.com\/de\/prominenter-neuzugang-bei-blick-romandie\/#primaryimage\"},\"thumbnailUrl\":\"https:\/\/www.ringier.com\/wp-content\/uploads\/2022\/04\/R_Werly_website.jpg\",\"articleSection\":[\"Media\",\"Ringier Medien Schweiz\"],\"inLanguage\":\"de-DE\"},{\"@type\":\"WebPage\",\"@id\":\"https:\/\/www.ringier.com\/de\/prominenter-neuzugang-bei-blick-romandie\/\",\"url\":\"https:\/\/www.ringier.com\/de\/prominenter-neuzugang-bei-blick-romandie\/\",\"name\":\"Prominenter Neuzugang bei Blick Romandie - Ringier\",\"isPartOf\":{\"@id\":\"https:\/\/www.ringier.com\/de\/#website\"},\"primaryImageOfPage\":{\"@id\":\"https:\/\/www.ringier.com\/de\/prominenter-neuzugang-bei-blick-romandie\/#primaryimage\"},\"image\":{\"@id\":\"https:\/\/www.ringier.com\/de\/prominenter-neuzugang-bei-blick-romandie\/#primaryimage\"},\"thumbnailUrl\":\"https:\/\/www.ringier.com\/wp-content\/uploads\/2022\/04\/R_Werly_website.jpg\",\"datePublished\":\"2022-04-06T10:08:00+00:00\",\"dateModified\":\"2024-11-13T15:45:39+00:00\",\"breadcrumb\":{\"@id\":\"https:\/\/www.ringier.com\/de\/prominenter-neuzugang-bei-blick-romandie\/#breadcrumb\"},\"inLanguage\":\"de-DE\",\"potentialAction\":[{\"@type\":\"ReadAction\",\"target\":[\"https:\/\/www.ringier.com\/de\/prominenter-neuzugang-bei-blick-romandie\/\"]}]},{\"@type\":\"ImageObject\",\"inLanguage\":\"de-DE\",\"@id\":\"https:\/\/www.ringier.com\/de\/prominenter-neuzugang-bei-blick-romandie\/#primaryimage\",\"url\":\"https:\/\/www.ringier.com\/wp-content\/uploads\/2022\/04\/R_Werly_website.jpg\",\"contentUrl\":\"https:\/\/www.ringier.com\/wp-content\/uploads\/2022\/04\/R_Werly_website.jpg\",\"width\":1600,\"height\":900},{\"@type\":\"BreadcrumbList\",\"@id\":\"https:\/\/www.ringier.com\/de\/prominenter-neuzugang-bei-blick-romandie\/#breadcrumb\",\"itemListElement\":[{\"@type\":\"ListItem\",\"position\":1,\"name\":\"Home\",\"item\":\"https:\/\/www.ringier.com\/de\/\"},{\"@type\":\"ListItem\",\"position\":2,\"name\":\"Prominenter Neuzugang bei Blick Romandie\"}]},{\"@type\":\"WebSite\",\"@id\":\"https:\/\/www.ringier.com\/de\/#website\",\"url\":\"https:\/\/www.ringier.com\/de\/\",\"name\":\"Ringier\",\"description\":\"We inform. We entertain. We connect\",\"publisher\":{\"@id\":\"https:\/\/www.ringier.com\/de\/#organization\"},\"potentialAction\":[{\"@type\":\"SearchAction\",\"target\":{\"@type\":\"EntryPoint\",\"urlTemplate\":\"https:\/\/www.ringier.com\/de\/?s={search_term_string}\"},\"query-input\":{\"@type\":\"PropertyValueSpecification\",\"valueRequired\":true,\"valueName\":\"search_term_string\"}}],\"inLanguage\":\"de-DE\"},{\"@type\":\"Organization\",\"@id\":\"https:\/\/www.ringier.com\/de\/#organization\",\"name\":\"Ringier\",\"url\":\"https:\/\/www.ringier.com\/de\/\",\"logo\":{\"@type\":\"ImageObject\",\"inLanguage\":\"de-DE\",\"@id\":\"https:\/\/www.ringier.com\/de\/#\/schema\/logo\/image\/\",\"url\":\"https:\/\/www.ringier.com\/wp-content\/uploads\/2021\/10\/ringier_logo_2.jpg\",\"contentUrl\":\"https:\/\/www.ringier.com\/wp-content\/uploads\/2021\/10\/ringier_logo_2.jpg\",\"width\":750,\"height\":550,\"caption\":\"Ringier\"},\"image\":{\"@id\":\"https:\/\/www.ringier.com\/de\/#\/schema\/logo\/image\/\"},\"sameAs\":[\"https:\/\/www.facebook.com\/ringierag\/\",\"https:\/\/x.com\/ringier_ag\",\"https:\/\/www.instagram.com\/ringier_ag\/\",\"https:\/\/www.linkedin.com\/company\/ringier\/\",\"https:\/\/www.youtube.com\/user\/RingierComm\",\"https:\/\/en.wikipedia.org\/wiki\/Ringier\",\"https:\/\/de.wikipedia.org\/wiki\/Ringier\",\"https:\/\/fr.wikipedia.org\/wiki\/Ringier\",\"https:\/\/www.crunchbase.com\/organization\/ringier-ag\"]},{\"@type\":\"Person\",\"@id\":\"https:\/\/www.ringier.com\/de\/#\/schema\/person\/4cf76a308dc4b2bb5121bd1e7b752e52\",\"name\":\"Ringier Corporate Communications\",\"image\":{\"@type\":\"ImageObject\",\"inLanguage\":\"de-DE\",\"@id\":\"https:\/\/www.ringier.com\/de\/#\/schema\/person\/image\/\",\"url\":\"https:\/\/secure.gravatar.com\/avatar\/9391e20481368d5df4fe3e1e476c13b27786347489822ec1ed07e532bb41f587?s=96&d=mm&r=g\",\"contentUrl\":\"https:\/\/secure.gravatar.com\/avatar\/9391e20481368d5df4fe3e1e476c13b27786347489822ec1ed07e532bb41f587?s=96&d=mm&r=g\",\"caption\":\"Ringier Corporate Communications\"},\"sameAs\":[\"https:\/\/www.ringier.com\"]}]}<\/script>\n<!-- \/ Yoast SEO Premium plugin. -->","yoast_head_json":{"title":"Prominenter Neuzugang bei Blick Romandie - Ringier","robots":{"index":"index","follow":"follow","max-snippet":"max-snippet:-1","max-image-preview":"max-image-preview:large","max-video-preview":"max-video-preview:-1"},"canonical":"https:\/\/www.ringier.com\/de\/prominenter-neuzugang-bei-blick-romandie\/","og_locale":"de_DE","og_type":"article","og_title":"Prominenter Neuzugang bei Blick Romandie","og_description":"Der renommierte Europa-Experte Richard Werly (56) wechselt zum 1. Mai zu Blick Romandie. Der franz\u00f6sisch-schweizerische Journalist war seit 2014 Korrespondent und stellvertretender Chefredaktor von Le Temps in Paris.","og_url":"https:\/\/www.ringier.com\/de\/prominenter-neuzugang-bei-blick-romandie\/","og_site_name":"Ringier","article_publisher":"https:\/\/www.facebook.com\/ringierag\/","article_published_time":"2022-04-06T10:08:00+00:00","article_modified_time":"2024-11-13T15:45:39+00:00","og_image":[{"width":1600,"height":900,"url":"https:\/\/www.ringier.com\/wp-content\/uploads\/2022\/04\/R_Werly_website.jpg","type":"image\/jpeg"}],"author":"Ringier Corporate Communications","twitter_card":"summary_large_image","twitter_creator":"@ringier_ag","twitter_site":"@ringier_ag","twitter_misc":{"Verfasst von":"Ringier Corporate Communications","Gesch\u00e4tzte Lesezeit":"2 Minuten"},"schema":{"@context":"https:\/\/schema.org","@graph":[{"@type":"Article","@id":"https:\/\/www.ringier.com\/de\/prominenter-neuzugang-bei-blick-romandie\/#article","isPartOf":{"@id":"https:\/\/www.ringier.com\/de\/prominenter-neuzugang-bei-blick-romandie\/"},"author":{"name":"Ringier Corporate Communications","@id":"https:\/\/www.ringier.com\/de\/#\/schema\/person\/4cf76a308dc4b2bb5121bd1e7b752e52"},"headline":"Prominenter Neuzugang bei Blick Romandie","datePublished":"2022-04-06T10:08:00+00:00","dateModified":"2024-11-13T15:45:39+00:00","mainEntityOfPage":{"@id":"https:\/\/www.ringier.com\/de\/prominenter-neuzugang-bei-blick-romandie\/"},"wordCount":230,"publisher":{"@id":"https:\/\/www.ringier.com\/de\/#organization"},"image":{"@id":"https:\/\/www.ringier.com\/de\/prominenter-neuzugang-bei-blick-romandie\/#primaryimage"},"thumbnailUrl":"https:\/\/www.ringier.com\/wp-content\/uploads\/2022\/04\/R_Werly_website.jpg","articleSection":["Media","Ringier Medien Schweiz"],"inLanguage":"de-DE"},{"@type":"WebPage","@id":"https:\/\/www.ringier.com\/de\/prominenter-neuzugang-bei-blick-romandie\/","url":"https:\/\/www.ringier.com\/de\/prominenter-neuzugang-bei-blick-romandie\/","name":"Prominenter Neuzugang bei Blick Romandie - Ringier","isPartOf":{"@id":"https:\/\/www.ringier.com\/de\/#website"},"primaryImageOfPage":{"@id":"https:\/\/www.ringier.com\/de\/prominenter-neuzugang-bei-blick-romandie\/#primaryimage"},"image":{"@id":"https:\/\/www.ringier.com\/de\/prominenter-neuzugang-bei-blick-romandie\/#primaryimage"},"thumbnailUrl":"https:\/\/www.ringier.com\/wp-content\/uploads\/2022\/04\/R_Werly_website.jpg","datePublished":"2022-04-06T10:08:00+00:00","dateModified":"2024-11-13T15:45:39+00:00","breadcrumb":{"@id":"https:\/\/www.ringier.com\/de\/prominenter-neuzugang-bei-blick-romandie\/#breadcrumb"},"inLanguage":"de-DE","potentialAction":[{"@type":"ReadAction","target":["https:\/\/www.ringier.com\/de\/prominenter-neuzugang-bei-blick-romandie\/"]}]},{"@type":"ImageObject","inLanguage":"de-DE","@id":"https:\/\/www.ringier.com\/de\/prominenter-neuzugang-bei-blick-romandie\/#primaryimage","url":"https:\/\/www.ringier.com\/wp-content\/uploads\/2022\/04\/R_Werly_website.jpg","contentUrl":"https:\/\/www.ringier.com\/wp-content\/uploads\/2022\/04\/R_Werly_website.jpg","width":1600,"height":900},{"@type":"BreadcrumbList","@id":"https:\/\/www.ringier.com\/de\/prominenter-neuzugang-bei-blick-romandie\/#breadcrumb","itemListElement":[{"@type":"ListItem","position":1,"name":"Home","item":"https:\/\/www.ringier.com\/de\/"},{"@type":"ListItem","position":2,"name":"Prominenter Neuzugang bei Blick Romandie"}]},{"@type":"WebSite","@id":"https:\/\/www.ringier.com\/de\/#website","url":"https:\/\/www.ringier.com\/de\/","name":"Ringier","description":"We inform. We entertain. We connect","publisher":{"@id":"https:\/\/www.ringier.com\/de\/#organization"},"potentialAction":[{"@type":"SearchAction","target":{"@type":"EntryPoint","urlTemplate":"https:\/\/www.ringier.com\/de\/?s={search_term_string}"},"query-input":{"@type":"PropertyValueSpecification","valueRequired":true,"valueName":"search_term_string"}}],"inLanguage":"de-DE"},{"@type":"Organization","@id":"https:\/\/www.ringier.com\/de\/#organization","name":"Ringier","url":"https:\/\/www.ringier.com\/de\/","logo":{"@type":"ImageObject","inLanguage":"de-DE","@id":"https:\/\/www.ringier.com\/de\/#\/schema\/logo\/image\/","url":"https:\/\/www.ringier.com\/wp-content\/uploads\/2021\/10\/ringier_logo_2.jpg","contentUrl":"https:\/\/www.ringier.com\/wp-content\/uploads\/2021\/10\/ringier_logo_2.jpg","width":750,"height":550,"caption":"Ringier"},"image":{"@id":"https:\/\/www.ringier.com\/de\/#\/schema\/logo\/image\/"},"sameAs":["https:\/\/www.facebook.com\/ringierag\/","https:\/\/x.com\/ringier_ag","https:\/\/www.instagram.com\/ringier_ag\/","https:\/\/www.linkedin.com\/company\/ringier\/","https:\/\/www.youtube.com\/user\/RingierComm","https:\/\/en.wikipedia.org\/wiki\/Ringier","https:\/\/de.wikipedia.org\/wiki\/Ringier","https:\/\/fr.wikipedia.org\/wiki\/Ringier","https:\/\/www.crunchbase.com\/organization\/ringier-ag"]},{"@type":"Person","@id":"https:\/\/www.ringier.com\/de\/#\/schema\/person\/4cf76a308dc4b2bb5121bd1e7b752e52","name":"Ringier Corporate Communications","image":{"@type":"ImageObject","inLanguage":"de-DE","@id":"https:\/\/www.ringier.com\/de\/#\/schema\/person\/image\/","url":"https:\/\/secure.gravatar.com\/avatar\/9391e20481368d5df4fe3e1e476c13b27786347489822ec1ed07e532bb41f587?s=96&d=mm&r=g","contentUrl":"https:\/\/secure.gravatar.com\/avatar\/9391e20481368d5df4fe3e1e476c13b27786347489822ec1ed07e532bb41f587?s=96&d=mm&r=g","caption":"Ringier Corporate Communications"},"sameAs":["https:\/\/www.ringier.com"]}]}},"_links":{"self":[{"href":"https:\/\/www.ringier.com\/de\/wp-json\/wp\/v2\/posts\/13985","targetHints":{"allow":["GET"]}}],"collection":[{"href":"https:\/\/www.ringier.com\/de\/wp-json\/wp\/v2\/posts"}],"about":[{"href":"https:\/\/www.ringier.com\/de\/wp-json\/wp\/v2\/types\/post"}],"author":[{"embeddable":true,"href":"https:\/\/www.ringier.com\/de\/wp-json\/wp\/v2\/users\/23"}],"replies":[{"embeddable":true,"href":"https:\/\/www.ringier.com\/de\/wp-json\/wp\/v2\/comments?post=13985"}],"version-history":[{"count":0,"href":"https:\/\/www.ringier.com\/de\/wp-json\/wp\/v2\/posts\/13985\/revisions"}],"wp:featuredmedia":[{"embeddable":true,"href":"https:\/\/www.ringier.com\/de\/wp-json\/wp\/v2\/media\/13994"}],"wp:attachment":[{"href":"https:\/\/www.ringier.com\/de\/wp-json\/wp\/v2\/media?parent=13985"}],"wp:term":[{"taxonomy":"category","embeddable":true,"href":"https:\/\/www.ringier.com\/de\/wp-json\/wp\/v2\/categories?post=13985"},{"taxonomy":"post_tag","embeddable":true,"href":"https:\/\/www.ringier.com\/de\/wp-json\/wp\/v2\/tags?post=13985"}],"curies":[{"name":"wp","href":"https:\/\/api.w.org\/{rel}","templated":true}]}}