{"id":13947,"date":"2022-03-28T16:00:00","date_gmt":"2022-03-28T14:00:00","guid":{"rendered":"https:\/\/www.ringier.com\/?p=13947"},"modified":"2024-11-13T16:46:40","modified_gmt":"2024-11-13T15:46:40","slug":"neuzugang-bei-der-blick-gruppe-samuel-schumacher-kommt-von-ch-media","status":"publish","type":"post","link":"https:\/\/www.ringier.com\/de\/neuzugang-bei-der-blick-gruppe-samuel-schumacher-kommt-von-ch-media\/","title":{"rendered":"Neuzugang bei der Blick-Gruppe: Samuel Schumacher kommt von CH Media"},"content":{"rendered":"\n<p>Samuel Schumacher leitet seit Sommer 2019 das Ausland-Ressort von CH Media und hat verschiedentlich als Sonderkorrespondent \u00fcber das internationale Geschehen berichtet. Zuletzt reiste er im Februar in den ukrainischen Donbass. Nach seinem Studium (Geschichte, Englische Literatur und Politologie in Z\u00fcrich und Flagstaff, USA) hat er drei Jahre lang bei der \u00abAargauer Zeitung\u00bb als Reporter geschrieben und fotografiert. Er hat einen CAS in Journalismus von der Uni Liechtenstein und arbeitete unter anderem ein halbes Jahr lang bei der \u00abKathmandu Post\u00bb.<\/p>\n\n\n\n<p>Blick-Chefredaktor Christian Dorer zum Neuzugang: \u00abWir freuen uns sehr, dass wir mit Samuel einen erfahrenen und gewieften Reporter gewinnen konnten und mit ihm k\u00fcnftig auch international dort pr\u00e4sent sein werden, wo das Interesse unsere User, Leserinnen und Zuschauer liegt.\u00bb&nbsp;<\/p>\n\n\n\n<p>Auch Samuel Schmacher ist voller Vorfreude: \u00abGeschichten aufsp\u00fcren, hinter die Fassaden schauen, da sein, wo die spannenden Dinge passieren: das war immer mein Hauptantrieb als Journalist. Die Welt ist im Umbruch \u2013 so rasant und heftig wie lange nicht mehr. Ich freue mich riesig, ab Juli als Blick-Reporter f\u00fcr die verschiedenen Kan\u00e4le des modernsten Newsrooms der Schweiz in Wort und Bild \u00fcber die relevantesten Stories rund um den Globus zu berichten.\u00bb<\/p>\n\n\n\n<p>Ringier AG, Corporate Communications<\/p>\n","protected":false},"excerpt":{"rendered":"<p>Die Blick-Gruppe verst\u00e4rkt ihre Pr\u00e4senz im Ausland. Ab Juli wird Samuel Schumacher (34) neuer Reporter im News-Ressort. Schumacher wird an die Hotspots des Weltgeschehens reisen und f\u00fcr alle Kan\u00e4le der Blick-Gruppe von Kriegen, Konflikten, Wahlen und Grossereignissen berichten.<\/p>\n","protected":false},"author":23,"featured_media":13948,"comment_status":"closed","ping_status":"open","sticky":false,"template":"","format":"standard","meta":{"inline_featured_image":false,"footnotes":""},"categories":[371,361],"tags":[],"class_list":["post-13947","post","type-post","status-publish","format-standard","has-post-thumbnail","hentry","category-media-de","category-ringier-medien-schweiz"],"yoast_head":"<!-- This site is optimized with the Yoast SEO Premium plugin v27.0 (Yoast SEO v27.0) - https:\/\/yoast.com\/product\/yoast-seo-premium-wordpress\/ -->\n<title>Neuzugang bei der Blick-Gruppe: Samuel Schumacher kommt von CH Media - Ringier<\/title>\n<meta name=\"description\" content=\"Die Blick-Gruppe verst\u00e4rkt ihre Pr\u00e4senz im Ausland. Ab Juli wird Samuel Schumacher (34) neuer Reporter im News-Ressort. Schumacher wird an die Hotspots des Weltgeschehens reisen und f\u00fcr alle Kan\u00e4le der Blick-Gruppe von Kriegen, Konflikten, Wahlen und Grossereignissen berichten.\" \/>\n<meta name=\"robots\" content=\"index, follow, max-snippet:-1, max-image-preview:large, max-video-preview:-1\" \/>\n<link rel=\"canonical\" href=\"https:\/\/www.ringier.com\/de\/neuzugang-bei-der-blick-gruppe-samuel-schumacher-kommt-von-ch-media\/\" \/>\n<meta property=\"og:locale\" content=\"de_DE\" \/>\n<meta property=\"og:type\" content=\"article\" \/>\n<meta property=\"og:title\" content=\"Neuzugang bei der Blick-Gruppe: Samuel Schumacher kommt von CH Media\" \/>\n<meta property=\"og:description\" content=\"Die Blick-Gruppe verst\u00e4rkt ihre Pr\u00e4senz im Ausland. Ab Juli wird Samuel Schumacher (34) neuer Reporter im News-Ressort. Schumacher wird an die Hotspots des Weltgeschehens reisen und f\u00fcr alle Kan\u00e4le der Blick-Gruppe von Kriegen, Konflikten, Wahlen und Grossereignissen berichten.\" \/>\n<meta property=\"og:url\" content=\"https:\/\/www.ringier.com\/de\/neuzugang-bei-der-blick-gruppe-samuel-schumacher-kommt-von-ch-media\/\" \/>\n<meta property=\"og:site_name\" content=\"Ringier\" \/>\n<meta property=\"article:publisher\" content=\"https:\/\/www.facebook.com\/ringierag\/\" \/>\n<meta property=\"article:published_time\" content=\"2022-03-28T14:00:00+00:00\" \/>\n<meta property=\"article:modified_time\" content=\"2024-11-13T15:46:40+00:00\" \/>\n<meta property=\"og:image\" content=\"https:\/\/www.ringier.com\/wp-content\/uploads\/2022\/03\/Image-15-Kopie.jpg\" \/>\n\t<meta property=\"og:image:width\" content=\"2551\" \/>\n\t<meta property=\"og:image:height\" content=\"1335\" \/>\n\t<meta property=\"og:image:type\" content=\"image\/jpeg\" \/>\n<meta name=\"author\" content=\"Ringier Corporate Communications\" \/>\n<meta name=\"twitter:card\" content=\"summary_large_image\" \/>\n<meta name=\"twitter:creator\" content=\"@ringier_ag\" \/>\n<meta name=\"twitter:site\" content=\"@ringier_ag\" \/>\n<meta name=\"twitter:label1\" content=\"Verfasst von\" \/>\n\t<meta name=\"twitter:data1\" content=\"Ringier Corporate Communications\" \/>\n\t<meta name=\"twitter:label2\" content=\"Gesch\u00e4tzte Lesezeit\" \/>\n\t<meta name=\"twitter:data2\" content=\"2 Minuten\" \/>\n<script type=\"application\/ld+json\" class=\"yoast-schema-graph\">{\"@context\":\"https:\/\/schema.org\",\"@graph\":[{\"@type\":\"Article\",\"@id\":\"https:\/\/www.ringier.com\/de\/neuzugang-bei-der-blick-gruppe-samuel-schumacher-kommt-von-ch-media\/#article\",\"isPartOf\":{\"@id\":\"https:\/\/www.ringier.com\/de\/neuzugang-bei-der-blick-gruppe-samuel-schumacher-kommt-von-ch-media\/\"},\"author\":{\"name\":\"Ringier Corporate Communications\",\"@id\":\"https:\/\/www.ringier.com\/de\/#\/schema\/person\/4cf76a308dc4b2bb5121bd1e7b752e52\"},\"headline\":\"Neuzugang bei der Blick-Gruppe: Samuel Schumacher kommt von CH Media\",\"datePublished\":\"2022-03-28T14:00:00+00:00\",\"dateModified\":\"2024-11-13T15:46:40+00:00\",\"mainEntityOfPage\":{\"@id\":\"https:\/\/www.ringier.com\/de\/neuzugang-bei-der-blick-gruppe-samuel-schumacher-kommt-von-ch-media\/\"},\"wordCount\":208,\"publisher\":{\"@id\":\"https:\/\/www.ringier.com\/de\/#organization\"},\"image\":{\"@id\":\"https:\/\/www.ringier.com\/de\/neuzugang-bei-der-blick-gruppe-samuel-schumacher-kommt-von-ch-media\/#primaryimage\"},\"thumbnailUrl\":\"https:\/\/www.ringier.com\/wp-content\/uploads\/2022\/03\/Image-15-Kopie.jpg\",\"articleSection\":[\"Media\",\"Ringier Medien Schweiz\"],\"inLanguage\":\"de-DE\"},{\"@type\":\"WebPage\",\"@id\":\"https:\/\/www.ringier.com\/de\/neuzugang-bei-der-blick-gruppe-samuel-schumacher-kommt-von-ch-media\/\",\"url\":\"https:\/\/www.ringier.com\/de\/neuzugang-bei-der-blick-gruppe-samuel-schumacher-kommt-von-ch-media\/\",\"name\":\"Neuzugang bei der Blick-Gruppe: Samuel Schumacher kommt von CH Media - Ringier\",\"isPartOf\":{\"@id\":\"https:\/\/www.ringier.com\/de\/#website\"},\"primaryImageOfPage\":{\"@id\":\"https:\/\/www.ringier.com\/de\/neuzugang-bei-der-blick-gruppe-samuel-schumacher-kommt-von-ch-media\/#primaryimage\"},\"image\":{\"@id\":\"https:\/\/www.ringier.com\/de\/neuzugang-bei-der-blick-gruppe-samuel-schumacher-kommt-von-ch-media\/#primaryimage\"},\"thumbnailUrl\":\"https:\/\/www.ringier.com\/wp-content\/uploads\/2022\/03\/Image-15-Kopie.jpg\",\"datePublished\":\"2022-03-28T14:00:00+00:00\",\"dateModified\":\"2024-11-13T15:46:40+00:00\",\"description\":\"Die Blick-Gruppe verst\u00e4rkt ihre Pr\u00e4senz im Ausland. Ab Juli wird Samuel Schumacher (34) neuer Reporter im News-Ressort. Schumacher wird an die Hotspots des Weltgeschehens reisen und f\u00fcr alle Kan\u00e4le der Blick-Gruppe von Kriegen, Konflikten, Wahlen und Grossereignissen berichten.\",\"breadcrumb\":{\"@id\":\"https:\/\/www.ringier.com\/de\/neuzugang-bei-der-blick-gruppe-samuel-schumacher-kommt-von-ch-media\/#breadcrumb\"},\"inLanguage\":\"de-DE\",\"potentialAction\":[{\"@type\":\"ReadAction\",\"target\":[\"https:\/\/www.ringier.com\/de\/neuzugang-bei-der-blick-gruppe-samuel-schumacher-kommt-von-ch-media\/\"]}]},{\"@type\":\"ImageObject\",\"inLanguage\":\"de-DE\",\"@id\":\"https:\/\/www.ringier.com\/de\/neuzugang-bei-der-blick-gruppe-samuel-schumacher-kommt-von-ch-media\/#primaryimage\",\"url\":\"https:\/\/www.ringier.com\/wp-content\/uploads\/2022\/03\/Image-15-Kopie.jpg\",\"contentUrl\":\"https:\/\/www.ringier.com\/wp-content\/uploads\/2022\/03\/Image-15-Kopie.jpg\",\"width\":2551,\"height\":1335},{\"@type\":\"BreadcrumbList\",\"@id\":\"https:\/\/www.ringier.com\/de\/neuzugang-bei-der-blick-gruppe-samuel-schumacher-kommt-von-ch-media\/#breadcrumb\",\"itemListElement\":[{\"@type\":\"ListItem\",\"position\":1,\"name\":\"Home\",\"item\":\"https:\/\/www.ringier.com\/de\/\"},{\"@type\":\"ListItem\",\"position\":2,\"name\":\"Neuzugang bei der Blick-Gruppe: Samuel Schumacher kommt von CH Media\"}]},{\"@type\":\"WebSite\",\"@id\":\"https:\/\/www.ringier.com\/de\/#website\",\"url\":\"https:\/\/www.ringier.com\/de\/\",\"name\":\"Ringier\",\"description\":\"We inform. We entertain. We connect\",\"publisher\":{\"@id\":\"https:\/\/www.ringier.com\/de\/#organization\"},\"potentialAction\":[{\"@type\":\"SearchAction\",\"target\":{\"@type\":\"EntryPoint\",\"urlTemplate\":\"https:\/\/www.ringier.com\/de\/?s={search_term_string}\"},\"query-input\":{\"@type\":\"PropertyValueSpecification\",\"valueRequired\":true,\"valueName\":\"search_term_string\"}}],\"inLanguage\":\"de-DE\"},{\"@type\":\"Organization\",\"@id\":\"https:\/\/www.ringier.com\/de\/#organization\",\"name\":\"Ringier\",\"url\":\"https:\/\/www.ringier.com\/de\/\",\"logo\":{\"@type\":\"ImageObject\",\"inLanguage\":\"de-DE\",\"@id\":\"https:\/\/www.ringier.com\/de\/#\/schema\/logo\/image\/\",\"url\":\"https:\/\/www.ringier.com\/wp-content\/uploads\/2021\/10\/ringier_logo_2.jpg\",\"contentUrl\":\"https:\/\/www.ringier.com\/wp-content\/uploads\/2021\/10\/ringier_logo_2.jpg\",\"width\":750,\"height\":550,\"caption\":\"Ringier\"},\"image\":{\"@id\":\"https:\/\/www.ringier.com\/de\/#\/schema\/logo\/image\/\"},\"sameAs\":[\"https:\/\/www.facebook.com\/ringierag\/\",\"https:\/\/x.com\/ringier_ag\",\"https:\/\/www.instagram.com\/ringier_ag\/\",\"https:\/\/www.linkedin.com\/company\/ringier\/\",\"https:\/\/www.youtube.com\/user\/RingierComm\",\"https:\/\/en.wikipedia.org\/wiki\/Ringier\",\"https:\/\/de.wikipedia.org\/wiki\/Ringier\",\"https:\/\/fr.wikipedia.org\/wiki\/Ringier\",\"https:\/\/www.crunchbase.com\/organization\/ringier-ag\"]},{\"@type\":\"Person\",\"@id\":\"https:\/\/www.ringier.com\/de\/#\/schema\/person\/4cf76a308dc4b2bb5121bd1e7b752e52\",\"name\":\"Ringier Corporate Communications\",\"image\":{\"@type\":\"ImageObject\",\"inLanguage\":\"de-DE\",\"@id\":\"https:\/\/www.ringier.com\/de\/#\/schema\/person\/image\/\",\"url\":\"https:\/\/secure.gravatar.com\/avatar\/9391e20481368d5df4fe3e1e476c13b27786347489822ec1ed07e532bb41f587?s=96&d=mm&r=g\",\"contentUrl\":\"https:\/\/secure.gravatar.com\/avatar\/9391e20481368d5df4fe3e1e476c13b27786347489822ec1ed07e532bb41f587?s=96&d=mm&r=g\",\"caption\":\"Ringier Corporate Communications\"},\"sameAs\":[\"https:\/\/www.ringier.com\"]}]}<\/script>\n<!-- \/ Yoast SEO Premium plugin. -->","yoast_head_json":{"title":"Neuzugang bei der Blick-Gruppe: Samuel Schumacher kommt von CH Media - Ringier","description":"Die Blick-Gruppe verst\u00e4rkt ihre Pr\u00e4senz im Ausland. Ab Juli wird Samuel Schumacher (34) neuer Reporter im News-Ressort. Schumacher wird an die Hotspots des Weltgeschehens reisen und f\u00fcr alle Kan\u00e4le der Blick-Gruppe von Kriegen, Konflikten, Wahlen und Grossereignissen berichten.","robots":{"index":"index","follow":"follow","max-snippet":"max-snippet:-1","max-image-preview":"max-image-preview:large","max-video-preview":"max-video-preview:-1"},"canonical":"https:\/\/www.ringier.com\/de\/neuzugang-bei-der-blick-gruppe-samuel-schumacher-kommt-von-ch-media\/","og_locale":"de_DE","og_type":"article","og_title":"Neuzugang bei der Blick-Gruppe: Samuel Schumacher kommt von CH Media","og_description":"Die Blick-Gruppe verst\u00e4rkt ihre Pr\u00e4senz im Ausland. Ab Juli wird Samuel Schumacher (34) neuer Reporter im News-Ressort. Schumacher wird an die Hotspots des Weltgeschehens reisen und f\u00fcr alle Kan\u00e4le der Blick-Gruppe von Kriegen, Konflikten, Wahlen und Grossereignissen berichten.","og_url":"https:\/\/www.ringier.com\/de\/neuzugang-bei-der-blick-gruppe-samuel-schumacher-kommt-von-ch-media\/","og_site_name":"Ringier","article_publisher":"https:\/\/www.facebook.com\/ringierag\/","article_published_time":"2022-03-28T14:00:00+00:00","article_modified_time":"2024-11-13T15:46:40+00:00","og_image":[{"width":2551,"height":1335,"url":"https:\/\/www.ringier.com\/wp-content\/uploads\/2022\/03\/Image-15-Kopie.jpg","type":"image\/jpeg"}],"author":"Ringier Corporate Communications","twitter_card":"summary_large_image","twitter_creator":"@ringier_ag","twitter_site":"@ringier_ag","twitter_misc":{"Verfasst von":"Ringier Corporate Communications","Gesch\u00e4tzte Lesezeit":"2 Minuten"},"schema":{"@context":"https:\/\/schema.org","@graph":[{"@type":"Article","@id":"https:\/\/www.ringier.com\/de\/neuzugang-bei-der-blick-gruppe-samuel-schumacher-kommt-von-ch-media\/#article","isPartOf":{"@id":"https:\/\/www.ringier.com\/de\/neuzugang-bei-der-blick-gruppe-samuel-schumacher-kommt-von-ch-media\/"},"author":{"name":"Ringier Corporate Communications","@id":"https:\/\/www.ringier.com\/de\/#\/schema\/person\/4cf76a308dc4b2bb5121bd1e7b752e52"},"headline":"Neuzugang bei der Blick-Gruppe: Samuel Schumacher kommt von CH Media","datePublished":"2022-03-28T14:00:00+00:00","dateModified":"2024-11-13T15:46:40+00:00","mainEntityOfPage":{"@id":"https:\/\/www.ringier.com\/de\/neuzugang-bei-der-blick-gruppe-samuel-schumacher-kommt-von-ch-media\/"},"wordCount":208,"publisher":{"@id":"https:\/\/www.ringier.com\/de\/#organization"},"image":{"@id":"https:\/\/www.ringier.com\/de\/neuzugang-bei-der-blick-gruppe-samuel-schumacher-kommt-von-ch-media\/#primaryimage"},"thumbnailUrl":"https:\/\/www.ringier.com\/wp-content\/uploads\/2022\/03\/Image-15-Kopie.jpg","articleSection":["Media","Ringier Medien Schweiz"],"inLanguage":"de-DE"},{"@type":"WebPage","@id":"https:\/\/www.ringier.com\/de\/neuzugang-bei-der-blick-gruppe-samuel-schumacher-kommt-von-ch-media\/","url":"https:\/\/www.ringier.com\/de\/neuzugang-bei-der-blick-gruppe-samuel-schumacher-kommt-von-ch-media\/","name":"Neuzugang bei der Blick-Gruppe: Samuel Schumacher kommt von CH Media - Ringier","isPartOf":{"@id":"https:\/\/www.ringier.com\/de\/#website"},"primaryImageOfPage":{"@id":"https:\/\/www.ringier.com\/de\/neuzugang-bei-der-blick-gruppe-samuel-schumacher-kommt-von-ch-media\/#primaryimage"},"image":{"@id":"https:\/\/www.ringier.com\/de\/neuzugang-bei-der-blick-gruppe-samuel-schumacher-kommt-von-ch-media\/#primaryimage"},"thumbnailUrl":"https:\/\/www.ringier.com\/wp-content\/uploads\/2022\/03\/Image-15-Kopie.jpg","datePublished":"2022-03-28T14:00:00+00:00","dateModified":"2024-11-13T15:46:40+00:00","description":"Die Blick-Gruppe verst\u00e4rkt ihre Pr\u00e4senz im Ausland. Ab Juli wird Samuel Schumacher (34) neuer Reporter im News-Ressort. Schumacher wird an die Hotspots des Weltgeschehens reisen und f\u00fcr alle Kan\u00e4le der Blick-Gruppe von Kriegen, Konflikten, Wahlen und Grossereignissen berichten.","breadcrumb":{"@id":"https:\/\/www.ringier.com\/de\/neuzugang-bei-der-blick-gruppe-samuel-schumacher-kommt-von-ch-media\/#breadcrumb"},"inLanguage":"de-DE","potentialAction":[{"@type":"ReadAction","target":["https:\/\/www.ringier.com\/de\/neuzugang-bei-der-blick-gruppe-samuel-schumacher-kommt-von-ch-media\/"]}]},{"@type":"ImageObject","inLanguage":"de-DE","@id":"https:\/\/www.ringier.com\/de\/neuzugang-bei-der-blick-gruppe-samuel-schumacher-kommt-von-ch-media\/#primaryimage","url":"https:\/\/www.ringier.com\/wp-content\/uploads\/2022\/03\/Image-15-Kopie.jpg","contentUrl":"https:\/\/www.ringier.com\/wp-content\/uploads\/2022\/03\/Image-15-Kopie.jpg","width":2551,"height":1335},{"@type":"BreadcrumbList","@id":"https:\/\/www.ringier.com\/de\/neuzugang-bei-der-blick-gruppe-samuel-schumacher-kommt-von-ch-media\/#breadcrumb","itemListElement":[{"@type":"ListItem","position":1,"name":"Home","item":"https:\/\/www.ringier.com\/de\/"},{"@type":"ListItem","position":2,"name":"Neuzugang bei der Blick-Gruppe: Samuel Schumacher kommt von CH Media"}]},{"@type":"WebSite","@id":"https:\/\/www.ringier.com\/de\/#website","url":"https:\/\/www.ringier.com\/de\/","name":"Ringier","description":"We inform. We entertain. We connect","publisher":{"@id":"https:\/\/www.ringier.com\/de\/#organization"},"potentialAction":[{"@type":"SearchAction","target":{"@type":"EntryPoint","urlTemplate":"https:\/\/www.ringier.com\/de\/?s={search_term_string}"},"query-input":{"@type":"PropertyValueSpecification","valueRequired":true,"valueName":"search_term_string"}}],"inLanguage":"de-DE"},{"@type":"Organization","@id":"https:\/\/www.ringier.com\/de\/#organization","name":"Ringier","url":"https:\/\/www.ringier.com\/de\/","logo":{"@type":"ImageObject","inLanguage":"de-DE","@id":"https:\/\/www.ringier.com\/de\/#\/schema\/logo\/image\/","url":"https:\/\/www.ringier.com\/wp-content\/uploads\/2021\/10\/ringier_logo_2.jpg","contentUrl":"https:\/\/www.ringier.com\/wp-content\/uploads\/2021\/10\/ringier_logo_2.jpg","width":750,"height":550,"caption":"Ringier"},"image":{"@id":"https:\/\/www.ringier.com\/de\/#\/schema\/logo\/image\/"},"sameAs":["https:\/\/www.facebook.com\/ringierag\/","https:\/\/x.com\/ringier_ag","https:\/\/www.instagram.com\/ringier_ag\/","https:\/\/www.linkedin.com\/company\/ringier\/","https:\/\/www.youtube.com\/user\/RingierComm","https:\/\/en.wikipedia.org\/wiki\/Ringier","https:\/\/de.wikipedia.org\/wiki\/Ringier","https:\/\/fr.wikipedia.org\/wiki\/Ringier","https:\/\/www.crunchbase.com\/organization\/ringier-ag"]},{"@type":"Person","@id":"https:\/\/www.ringier.com\/de\/#\/schema\/person\/4cf76a308dc4b2bb5121bd1e7b752e52","name":"Ringier Corporate Communications","image":{"@type":"ImageObject","inLanguage":"de-DE","@id":"https:\/\/www.ringier.com\/de\/#\/schema\/person\/image\/","url":"https:\/\/secure.gravatar.com\/avatar\/9391e20481368d5df4fe3e1e476c13b27786347489822ec1ed07e532bb41f587?s=96&d=mm&r=g","contentUrl":"https:\/\/secure.gravatar.com\/avatar\/9391e20481368d5df4fe3e1e476c13b27786347489822ec1ed07e532bb41f587?s=96&d=mm&r=g","caption":"Ringier Corporate Communications"},"sameAs":["https:\/\/www.ringier.com"]}]}},"_links":{"self":[{"href":"https:\/\/www.ringier.com\/de\/wp-json\/wp\/v2\/posts\/13947","targetHints":{"allow":["GET"]}}],"collection":[{"href":"https:\/\/www.ringier.com\/de\/wp-json\/wp\/v2\/posts"}],"about":[{"href":"https:\/\/www.ringier.com\/de\/wp-json\/wp\/v2\/types\/post"}],"author":[{"embeddable":true,"href":"https:\/\/www.ringier.com\/de\/wp-json\/wp\/v2\/users\/23"}],"replies":[{"embeddable":true,"href":"https:\/\/www.ringier.com\/de\/wp-json\/wp\/v2\/comments?post=13947"}],"version-history":[{"count":0,"href":"https:\/\/www.ringier.com\/de\/wp-json\/wp\/v2\/posts\/13947\/revisions"}],"wp:featuredmedia":[{"embeddable":true,"href":"https:\/\/www.ringier.com\/de\/wp-json\/wp\/v2\/media\/13948"}],"wp:attachment":[{"href":"https:\/\/www.ringier.com\/de\/wp-json\/wp\/v2\/media?parent=13947"}],"wp:term":[{"taxonomy":"category","embeddable":true,"href":"https:\/\/www.ringier.com\/de\/wp-json\/wp\/v2\/categories?post=13947"},{"taxonomy":"post_tag","embeddable":true,"href":"https:\/\/www.ringier.com\/de\/wp-json\/wp\/v2\/tags?post=13947"}],"curies":[{"name":"wp","href":"https:\/\/api.w.org\/{rel}","templated":true}]}}