{"id":13757,"date":"2022-03-14T09:06:38","date_gmt":"2022-03-14T08:06:38","guid":{"rendered":"https:\/\/www.ringier.com\/?p=13757"},"modified":"2024-11-13T16:53:10","modified_gmt":"2024-11-13T15:53:10","slug":"ein-ass-fuer-die-blick-gruppe-heinz-guenthardt-wird-tennis-experte","status":"publish","type":"post","link":"https:\/\/www.ringier.com\/de\/ein-ass-fuer-die-blick-gruppe-heinz-guenthardt-wird-tennis-experte\/","title":{"rendered":"Ein Ass f\u00fcr die Blick-Gruppe: Heinz G\u00fcnthardt wird Tennis-Experte"},"content":{"rendered":"\n<p>Nun freut sich G\u00fcnthardt auf seine neue Aufgabe bei der Blick-Gruppe: \u00abIch habe es immer als Herausforderung empfunden, als Kolumnist zu arbeiten. Und wenn man das zusammen mit der hervorragenden Blick-Sportredaktion machen darf, erachte ich es als echtes Privileg.\u00bb<\/p>\n\n\n\n<p>Blick-Sportchefin Steffi Buchli verspricht sich viel vom Neuzugang: \u00abSeine Expertise ist beeindruckend, er kennt das Welttennis wie kein anderer. Durch seine Rolle als Coach ist Heinz ausserdem hautnah an der Schweizer Tenniszukunft.\u00bb<\/p>\n\n\n\n<p>Neben seinem Engagement bei der Blick-Gruppe wird G\u00fcnthardt weiterhin als Kommentator f\u00fcr den \u00abTennis Channel\u00bb und als Trainer des Schweizer Frauenteams im Billy Jean King Cup t\u00e4tig sein.<\/p>\n\n\n\n<p>Ringier AG, Corporate Communications<\/p>\n","protected":false},"excerpt":{"rendered":"<p>Heinz G\u00fcnthardt (63) wird Tennis-Experte im Sportressort der Blick-Gruppe und ab sofort in Kolumnen und Video-Kommentaren das aktuelle Tennis-Geschehen unter die Lupe nehmen. Der zweifache Grand-Slam-Sieger im Doppel arbeitete nach seiner Profi-Karriere als Trainer von Weltklasse-Spielerinnen wie Steffi Graf oder Ana Ivanovic. Dazu kommentierte er w\u00e4hrend mehr als 20 Jahren Tennis\u00fcbertragungen bei SRF \u2013 wof\u00fcr er zusammen mit seinem Kollegen Stefan B\u00fcrer auch als Sportjournalist des Jahres ausgezeichnet wurde.<\/p>\n","protected":false},"author":23,"featured_media":13758,"comment_status":"closed","ping_status":"open","sticky":false,"template":"","format":"standard","meta":{"inline_featured_image":false,"footnotes":""},"categories":[371,361],"tags":[],"class_list":["post-13757","post","type-post","status-publish","format-standard","has-post-thumbnail","hentry","category-media-de","category-ringier-medien-schweiz"],"yoast_head":"<!-- This site is optimized with the Yoast SEO Premium plugin v27.0 (Yoast SEO v27.0) - https:\/\/yoast.com\/product\/yoast-seo-premium-wordpress\/ -->\n<title>Ein Ass f\u00fcr die Blick-Gruppe: Heinz G\u00fcnthardt wird Tennis-Experte - Ringier<\/title>\n<meta name=\"robots\" content=\"index, follow, max-snippet:-1, max-image-preview:large, max-video-preview:-1\" \/>\n<link rel=\"canonical\" href=\"https:\/\/www.ringier.com\/de\/ein-ass-fuer-die-blick-gruppe-heinz-guenthardt-wird-tennis-experte\/\" \/>\n<meta property=\"og:locale\" content=\"de_DE\" \/>\n<meta property=\"og:type\" content=\"article\" \/>\n<meta property=\"og:title\" content=\"Ein Ass f\u00fcr die Blick-Gruppe: Heinz G\u00fcnthardt wird Tennis-Experte\" \/>\n<meta property=\"og:description\" content=\"Heinz G\u00fcnthardt (63) wird Tennis-Experte im Sportressort der Blick-Gruppe und ab sofort in Kolumnen und Video-Kommentaren das aktuelle Tennis-Geschehen unter die Lupe nehmen. Der zweifache Grand-Slam-Sieger im Doppel arbeitete nach seiner Profi-Karriere als Trainer von Weltklasse-Spielerinnen wie Steffi Graf oder Ana Ivanovic. Dazu kommentierte er w\u00e4hrend mehr als 20 Jahren Tennis\u00fcbertragungen bei SRF \u2013 wof\u00fcr er zusammen mit seinem Kollegen Stefan B\u00fcrer auch als Sportjournalist des Jahres ausgezeichnet wurde.\" \/>\n<meta property=\"og:url\" content=\"https:\/\/www.ringier.com\/de\/ein-ass-fuer-die-blick-gruppe-heinz-guenthardt-wird-tennis-experte\/\" \/>\n<meta property=\"og:site_name\" content=\"Ringier\" \/>\n<meta property=\"article:publisher\" content=\"https:\/\/www.facebook.com\/ringierag\/\" \/>\n<meta property=\"article:published_time\" content=\"2022-03-14T08:06:38+00:00\" \/>\n<meta property=\"article:modified_time\" content=\"2024-11-13T15:53:10+00:00\" \/>\n<meta property=\"og:image\" content=\"https:\/\/www.ringier.com\/wp-content\/uploads\/2022\/03\/Heinz_Guenthardt-scaled.jpg\" \/>\n\t<meta property=\"og:image:width\" content=\"2560\" \/>\n\t<meta property=\"og:image:height\" content=\"1340\" \/>\n\t<meta property=\"og:image:type\" content=\"image\/jpeg\" \/>\n<meta name=\"author\" content=\"Ringier Corporate Communications\" \/>\n<meta name=\"twitter:card\" content=\"summary_large_image\" \/>\n<meta name=\"twitter:creator\" content=\"@ringier_ag\" \/>\n<meta name=\"twitter:site\" content=\"@ringier_ag\" \/>\n<meta name=\"twitter:label1\" content=\"Verfasst von\" \/>\n\t<meta name=\"twitter:data1\" content=\"Ringier Corporate Communications\" \/>\n\t<meta name=\"twitter:label2\" content=\"Gesch\u00e4tzte Lesezeit\" \/>\n\t<meta name=\"twitter:data2\" content=\"1 Minute\" \/>\n<script type=\"application\/ld+json\" class=\"yoast-schema-graph\">{\"@context\":\"https:\/\/schema.org\",\"@graph\":[{\"@type\":\"Article\",\"@id\":\"https:\/\/www.ringier.com\/de\/ein-ass-fuer-die-blick-gruppe-heinz-guenthardt-wird-tennis-experte\/#article\",\"isPartOf\":{\"@id\":\"https:\/\/www.ringier.com\/de\/ein-ass-fuer-die-blick-gruppe-heinz-guenthardt-wird-tennis-experte\/\"},\"author\":{\"name\":\"Ringier Corporate Communications\",\"@id\":\"https:\/\/www.ringier.com\/de\/#\/schema\/person\/4cf76a308dc4b2bb5121bd1e7b752e52\"},\"headline\":\"Ein Ass f\u00fcr die Blick-Gruppe: Heinz G\u00fcnthardt wird Tennis-Experte\",\"datePublished\":\"2022-03-14T08:06:38+00:00\",\"dateModified\":\"2024-11-13T15:53:10+00:00\",\"mainEntityOfPage\":{\"@id\":\"https:\/\/www.ringier.com\/de\/ein-ass-fuer-die-blick-gruppe-heinz-guenthardt-wird-tennis-experte\/\"},\"wordCount\":118,\"publisher\":{\"@id\":\"https:\/\/www.ringier.com\/de\/#organization\"},\"image\":{\"@id\":\"https:\/\/www.ringier.com\/de\/ein-ass-fuer-die-blick-gruppe-heinz-guenthardt-wird-tennis-experte\/#primaryimage\"},\"thumbnailUrl\":\"https:\/\/www.ringier.com\/wp-content\/uploads\/2022\/03\/Heinz_Guenthardt-scaled.jpg\",\"articleSection\":[\"Media\",\"Ringier Medien Schweiz\"],\"inLanguage\":\"de-DE\"},{\"@type\":\"WebPage\",\"@id\":\"https:\/\/www.ringier.com\/de\/ein-ass-fuer-die-blick-gruppe-heinz-guenthardt-wird-tennis-experte\/\",\"url\":\"https:\/\/www.ringier.com\/de\/ein-ass-fuer-die-blick-gruppe-heinz-guenthardt-wird-tennis-experte\/\",\"name\":\"Ein Ass f\u00fcr die Blick-Gruppe: Heinz G\u00fcnthardt wird Tennis-Experte - Ringier\",\"isPartOf\":{\"@id\":\"https:\/\/www.ringier.com\/de\/#website\"},\"primaryImageOfPage\":{\"@id\":\"https:\/\/www.ringier.com\/de\/ein-ass-fuer-die-blick-gruppe-heinz-guenthardt-wird-tennis-experte\/#primaryimage\"},\"image\":{\"@id\":\"https:\/\/www.ringier.com\/de\/ein-ass-fuer-die-blick-gruppe-heinz-guenthardt-wird-tennis-experte\/#primaryimage\"},\"thumbnailUrl\":\"https:\/\/www.ringier.com\/wp-content\/uploads\/2022\/03\/Heinz_Guenthardt-scaled.jpg\",\"datePublished\":\"2022-03-14T08:06:38+00:00\",\"dateModified\":\"2024-11-13T15:53:10+00:00\",\"breadcrumb\":{\"@id\":\"https:\/\/www.ringier.com\/de\/ein-ass-fuer-die-blick-gruppe-heinz-guenthardt-wird-tennis-experte\/#breadcrumb\"},\"inLanguage\":\"de-DE\",\"potentialAction\":[{\"@type\":\"ReadAction\",\"target\":[\"https:\/\/www.ringier.com\/de\/ein-ass-fuer-die-blick-gruppe-heinz-guenthardt-wird-tennis-experte\/\"]}]},{\"@type\":\"ImageObject\",\"inLanguage\":\"de-DE\",\"@id\":\"https:\/\/www.ringier.com\/de\/ein-ass-fuer-die-blick-gruppe-heinz-guenthardt-wird-tennis-experte\/#primaryimage\",\"url\":\"https:\/\/www.ringier.com\/wp-content\/uploads\/2022\/03\/Heinz_Guenthardt-scaled.jpg\",\"contentUrl\":\"https:\/\/www.ringier.com\/wp-content\/uploads\/2022\/03\/Heinz_Guenthardt-scaled.jpg\",\"width\":2560,\"height\":1340,\"caption\":\"Foto: Sven Thomann, 10.3.2022, Biel (BE): Der ehemalige Tennisspieler und Tennistrainer Heinz Guenthardt im Portrait.\"},{\"@type\":\"BreadcrumbList\",\"@id\":\"https:\/\/www.ringier.com\/de\/ein-ass-fuer-die-blick-gruppe-heinz-guenthardt-wird-tennis-experte\/#breadcrumb\",\"itemListElement\":[{\"@type\":\"ListItem\",\"position\":1,\"name\":\"Home\",\"item\":\"https:\/\/www.ringier.com\/de\/\"},{\"@type\":\"ListItem\",\"position\":2,\"name\":\"Ein Ass f\u00fcr die Blick-Gruppe: Heinz G\u00fcnthardt wird Tennis-Experte\"}]},{\"@type\":\"WebSite\",\"@id\":\"https:\/\/www.ringier.com\/de\/#website\",\"url\":\"https:\/\/www.ringier.com\/de\/\",\"name\":\"Ringier\",\"description\":\"We inform. We entertain. We connect\",\"publisher\":{\"@id\":\"https:\/\/www.ringier.com\/de\/#organization\"},\"potentialAction\":[{\"@type\":\"SearchAction\",\"target\":{\"@type\":\"EntryPoint\",\"urlTemplate\":\"https:\/\/www.ringier.com\/de\/?s={search_term_string}\"},\"query-input\":{\"@type\":\"PropertyValueSpecification\",\"valueRequired\":true,\"valueName\":\"search_term_string\"}}],\"inLanguage\":\"de-DE\"},{\"@type\":\"Organization\",\"@id\":\"https:\/\/www.ringier.com\/de\/#organization\",\"name\":\"Ringier\",\"url\":\"https:\/\/www.ringier.com\/de\/\",\"logo\":{\"@type\":\"ImageObject\",\"inLanguage\":\"de-DE\",\"@id\":\"https:\/\/www.ringier.com\/de\/#\/schema\/logo\/image\/\",\"url\":\"https:\/\/www.ringier.com\/wp-content\/uploads\/2021\/10\/ringier_logo_2.jpg\",\"contentUrl\":\"https:\/\/www.ringier.com\/wp-content\/uploads\/2021\/10\/ringier_logo_2.jpg\",\"width\":750,\"height\":550,\"caption\":\"Ringier\"},\"image\":{\"@id\":\"https:\/\/www.ringier.com\/de\/#\/schema\/logo\/image\/\"},\"sameAs\":[\"https:\/\/www.facebook.com\/ringierag\/\",\"https:\/\/x.com\/ringier_ag\",\"https:\/\/www.instagram.com\/ringier_ag\/\",\"https:\/\/www.linkedin.com\/company\/ringier\/\",\"https:\/\/www.youtube.com\/user\/RingierComm\",\"https:\/\/en.wikipedia.org\/wiki\/Ringier\",\"https:\/\/de.wikipedia.org\/wiki\/Ringier\",\"https:\/\/fr.wikipedia.org\/wiki\/Ringier\",\"https:\/\/www.crunchbase.com\/organization\/ringier-ag\"]},{\"@type\":\"Person\",\"@id\":\"https:\/\/www.ringier.com\/de\/#\/schema\/person\/4cf76a308dc4b2bb5121bd1e7b752e52\",\"name\":\"Ringier Corporate Communications\",\"image\":{\"@type\":\"ImageObject\",\"inLanguage\":\"de-DE\",\"@id\":\"https:\/\/www.ringier.com\/de\/#\/schema\/person\/image\/\",\"url\":\"https:\/\/secure.gravatar.com\/avatar\/9391e20481368d5df4fe3e1e476c13b27786347489822ec1ed07e532bb41f587?s=96&d=mm&r=g\",\"contentUrl\":\"https:\/\/secure.gravatar.com\/avatar\/9391e20481368d5df4fe3e1e476c13b27786347489822ec1ed07e532bb41f587?s=96&d=mm&r=g\",\"caption\":\"Ringier Corporate Communications\"},\"sameAs\":[\"https:\/\/www.ringier.com\"]}]}<\/script>\n<!-- \/ Yoast SEO Premium plugin. -->","yoast_head_json":{"title":"Ein Ass f\u00fcr die Blick-Gruppe: Heinz G\u00fcnthardt wird Tennis-Experte - Ringier","robots":{"index":"index","follow":"follow","max-snippet":"max-snippet:-1","max-image-preview":"max-image-preview:large","max-video-preview":"max-video-preview:-1"},"canonical":"https:\/\/www.ringier.com\/de\/ein-ass-fuer-die-blick-gruppe-heinz-guenthardt-wird-tennis-experte\/","og_locale":"de_DE","og_type":"article","og_title":"Ein Ass f\u00fcr die Blick-Gruppe: Heinz G\u00fcnthardt wird Tennis-Experte","og_description":"Heinz G\u00fcnthardt (63) wird Tennis-Experte im Sportressort der Blick-Gruppe und ab sofort in Kolumnen und Video-Kommentaren das aktuelle Tennis-Geschehen unter die Lupe nehmen. Der zweifache Grand-Slam-Sieger im Doppel arbeitete nach seiner Profi-Karriere als Trainer von Weltklasse-Spielerinnen wie Steffi Graf oder Ana Ivanovic. Dazu kommentierte er w\u00e4hrend mehr als 20 Jahren Tennis\u00fcbertragungen bei SRF \u2013 wof\u00fcr er zusammen mit seinem Kollegen Stefan B\u00fcrer auch als Sportjournalist des Jahres ausgezeichnet wurde.","og_url":"https:\/\/www.ringier.com\/de\/ein-ass-fuer-die-blick-gruppe-heinz-guenthardt-wird-tennis-experte\/","og_site_name":"Ringier","article_publisher":"https:\/\/www.facebook.com\/ringierag\/","article_published_time":"2022-03-14T08:06:38+00:00","article_modified_time":"2024-11-13T15:53:10+00:00","og_image":[{"width":2560,"height":1340,"url":"https:\/\/www.ringier.com\/wp-content\/uploads\/2022\/03\/Heinz_Guenthardt-scaled.jpg","type":"image\/jpeg"}],"author":"Ringier Corporate Communications","twitter_card":"summary_large_image","twitter_creator":"@ringier_ag","twitter_site":"@ringier_ag","twitter_misc":{"Verfasst von":"Ringier Corporate Communications","Gesch\u00e4tzte Lesezeit":"1 Minute"},"schema":{"@context":"https:\/\/schema.org","@graph":[{"@type":"Article","@id":"https:\/\/www.ringier.com\/de\/ein-ass-fuer-die-blick-gruppe-heinz-guenthardt-wird-tennis-experte\/#article","isPartOf":{"@id":"https:\/\/www.ringier.com\/de\/ein-ass-fuer-die-blick-gruppe-heinz-guenthardt-wird-tennis-experte\/"},"author":{"name":"Ringier Corporate Communications","@id":"https:\/\/www.ringier.com\/de\/#\/schema\/person\/4cf76a308dc4b2bb5121bd1e7b752e52"},"headline":"Ein Ass f\u00fcr die Blick-Gruppe: Heinz G\u00fcnthardt wird Tennis-Experte","datePublished":"2022-03-14T08:06:38+00:00","dateModified":"2024-11-13T15:53:10+00:00","mainEntityOfPage":{"@id":"https:\/\/www.ringier.com\/de\/ein-ass-fuer-die-blick-gruppe-heinz-guenthardt-wird-tennis-experte\/"},"wordCount":118,"publisher":{"@id":"https:\/\/www.ringier.com\/de\/#organization"},"image":{"@id":"https:\/\/www.ringier.com\/de\/ein-ass-fuer-die-blick-gruppe-heinz-guenthardt-wird-tennis-experte\/#primaryimage"},"thumbnailUrl":"https:\/\/www.ringier.com\/wp-content\/uploads\/2022\/03\/Heinz_Guenthardt-scaled.jpg","articleSection":["Media","Ringier Medien Schweiz"],"inLanguage":"de-DE"},{"@type":"WebPage","@id":"https:\/\/www.ringier.com\/de\/ein-ass-fuer-die-blick-gruppe-heinz-guenthardt-wird-tennis-experte\/","url":"https:\/\/www.ringier.com\/de\/ein-ass-fuer-die-blick-gruppe-heinz-guenthardt-wird-tennis-experte\/","name":"Ein Ass f\u00fcr die Blick-Gruppe: Heinz G\u00fcnthardt wird Tennis-Experte - Ringier","isPartOf":{"@id":"https:\/\/www.ringier.com\/de\/#website"},"primaryImageOfPage":{"@id":"https:\/\/www.ringier.com\/de\/ein-ass-fuer-die-blick-gruppe-heinz-guenthardt-wird-tennis-experte\/#primaryimage"},"image":{"@id":"https:\/\/www.ringier.com\/de\/ein-ass-fuer-die-blick-gruppe-heinz-guenthardt-wird-tennis-experte\/#primaryimage"},"thumbnailUrl":"https:\/\/www.ringier.com\/wp-content\/uploads\/2022\/03\/Heinz_Guenthardt-scaled.jpg","datePublished":"2022-03-14T08:06:38+00:00","dateModified":"2024-11-13T15:53:10+00:00","breadcrumb":{"@id":"https:\/\/www.ringier.com\/de\/ein-ass-fuer-die-blick-gruppe-heinz-guenthardt-wird-tennis-experte\/#breadcrumb"},"inLanguage":"de-DE","potentialAction":[{"@type":"ReadAction","target":["https:\/\/www.ringier.com\/de\/ein-ass-fuer-die-blick-gruppe-heinz-guenthardt-wird-tennis-experte\/"]}]},{"@type":"ImageObject","inLanguage":"de-DE","@id":"https:\/\/www.ringier.com\/de\/ein-ass-fuer-die-blick-gruppe-heinz-guenthardt-wird-tennis-experte\/#primaryimage","url":"https:\/\/www.ringier.com\/wp-content\/uploads\/2022\/03\/Heinz_Guenthardt-scaled.jpg","contentUrl":"https:\/\/www.ringier.com\/wp-content\/uploads\/2022\/03\/Heinz_Guenthardt-scaled.jpg","width":2560,"height":1340,"caption":"Foto: Sven Thomann, 10.3.2022, Biel (BE): Der ehemalige Tennisspieler und Tennistrainer Heinz Guenthardt im Portrait."},{"@type":"BreadcrumbList","@id":"https:\/\/www.ringier.com\/de\/ein-ass-fuer-die-blick-gruppe-heinz-guenthardt-wird-tennis-experte\/#breadcrumb","itemListElement":[{"@type":"ListItem","position":1,"name":"Home","item":"https:\/\/www.ringier.com\/de\/"},{"@type":"ListItem","position":2,"name":"Ein Ass f\u00fcr die Blick-Gruppe: Heinz G\u00fcnthardt wird Tennis-Experte"}]},{"@type":"WebSite","@id":"https:\/\/www.ringier.com\/de\/#website","url":"https:\/\/www.ringier.com\/de\/","name":"Ringier","description":"We inform. We entertain. We connect","publisher":{"@id":"https:\/\/www.ringier.com\/de\/#organization"},"potentialAction":[{"@type":"SearchAction","target":{"@type":"EntryPoint","urlTemplate":"https:\/\/www.ringier.com\/de\/?s={search_term_string}"},"query-input":{"@type":"PropertyValueSpecification","valueRequired":true,"valueName":"search_term_string"}}],"inLanguage":"de-DE"},{"@type":"Organization","@id":"https:\/\/www.ringier.com\/de\/#organization","name":"Ringier","url":"https:\/\/www.ringier.com\/de\/","logo":{"@type":"ImageObject","inLanguage":"de-DE","@id":"https:\/\/www.ringier.com\/de\/#\/schema\/logo\/image\/","url":"https:\/\/www.ringier.com\/wp-content\/uploads\/2021\/10\/ringier_logo_2.jpg","contentUrl":"https:\/\/www.ringier.com\/wp-content\/uploads\/2021\/10\/ringier_logo_2.jpg","width":750,"height":550,"caption":"Ringier"},"image":{"@id":"https:\/\/www.ringier.com\/de\/#\/schema\/logo\/image\/"},"sameAs":["https:\/\/www.facebook.com\/ringierag\/","https:\/\/x.com\/ringier_ag","https:\/\/www.instagram.com\/ringier_ag\/","https:\/\/www.linkedin.com\/company\/ringier\/","https:\/\/www.youtube.com\/user\/RingierComm","https:\/\/en.wikipedia.org\/wiki\/Ringier","https:\/\/de.wikipedia.org\/wiki\/Ringier","https:\/\/fr.wikipedia.org\/wiki\/Ringier","https:\/\/www.crunchbase.com\/organization\/ringier-ag"]},{"@type":"Person","@id":"https:\/\/www.ringier.com\/de\/#\/schema\/person\/4cf76a308dc4b2bb5121bd1e7b752e52","name":"Ringier Corporate Communications","image":{"@type":"ImageObject","inLanguage":"de-DE","@id":"https:\/\/www.ringier.com\/de\/#\/schema\/person\/image\/","url":"https:\/\/secure.gravatar.com\/avatar\/9391e20481368d5df4fe3e1e476c13b27786347489822ec1ed07e532bb41f587?s=96&d=mm&r=g","contentUrl":"https:\/\/secure.gravatar.com\/avatar\/9391e20481368d5df4fe3e1e476c13b27786347489822ec1ed07e532bb41f587?s=96&d=mm&r=g","caption":"Ringier Corporate Communications"},"sameAs":["https:\/\/www.ringier.com"]}]}},"_links":{"self":[{"href":"https:\/\/www.ringier.com\/de\/wp-json\/wp\/v2\/posts\/13757","targetHints":{"allow":["GET"]}}],"collection":[{"href":"https:\/\/www.ringier.com\/de\/wp-json\/wp\/v2\/posts"}],"about":[{"href":"https:\/\/www.ringier.com\/de\/wp-json\/wp\/v2\/types\/post"}],"author":[{"embeddable":true,"href":"https:\/\/www.ringier.com\/de\/wp-json\/wp\/v2\/users\/23"}],"replies":[{"embeddable":true,"href":"https:\/\/www.ringier.com\/de\/wp-json\/wp\/v2\/comments?post=13757"}],"version-history":[{"count":0,"href":"https:\/\/www.ringier.com\/de\/wp-json\/wp\/v2\/posts\/13757\/revisions"}],"wp:featuredmedia":[{"embeddable":true,"href":"https:\/\/www.ringier.com\/de\/wp-json\/wp\/v2\/media\/13758"}],"wp:attachment":[{"href":"https:\/\/www.ringier.com\/de\/wp-json\/wp\/v2\/media?parent=13757"}],"wp:term":[{"taxonomy":"category","embeddable":true,"href":"https:\/\/www.ringier.com\/de\/wp-json\/wp\/v2\/categories?post=13757"},{"taxonomy":"post_tag","embeddable":true,"href":"https:\/\/www.ringier.com\/de\/wp-json\/wp\/v2\/tags?post=13757"}],"curies":[{"name":"wp","href":"https:\/\/api.w.org\/{rel}","templated":true}]}}