{"id":1368,"date":"2015-09-02T08:20:00","date_gmt":"2015-09-02T06:20:00","guid":{"rendered":"https:\/\/www.ringier.com\/renovee-la-maison-de-la-presse-de-zurich-est-plus-ouverte-plus-moderne-et-plus-artistique\/"},"modified":"2021-08-11T08:29:12","modified_gmt":"2021-08-11T06:29:12","slug":"das-ringier-pressehaus-in-zuerich-praesentiert-sich-nach-dem-umbau-offener-moderner-und-kunstvoller","status":"publish","type":"post","link":"https:\/\/www.ringier.com\/de\/das-ringier-pressehaus-in-zuerich-praesentiert-sich-nach-dem-umbau-offener-moderner-und-kunstvoller\/","title":{"rendered":"Das Ringier Pressehaus in Z\u00fcrich pr\u00e4sentiert sich nach dem Umbau offener, moderner \u2013 und kunstvoller"},"content":{"rendered":"\n<p>Seit bald 40 Jahren ist das Pressehaus an der Dufourstrasse 23 in Z\u00fcrich Zentrum des Medienunternehmens Ringier. Am 11. April 1978 war es vom damaligen Bundesrat Kurt Furgler er\u00f6ffnet worden. Beim Grand Opening morgen Donnerstag nun wird Bundesr\u00e4tin und Medienministerin Doris Leuthard die Er\u00f6ffnungsrede vor 150 geladenen G\u00e4sten halten. Ehreng\u00e4ste sind auch Z\u00fcrichs Stadtpr\u00e4sidentin Corine Mauch sowie Stadtrat Filippo Leutenegger.<\/p>\n\n\n\n<p>Mit dem aktuellen, umfassenden Umbau war im Dezember 2014 begonnen worden. Nebst dem neuen, grossen&nbsp;<em>Energy<\/em>&nbsp;Flagship Studio im Erdgeschoss und der von Kramer Gastronomie gef\u00fchrten Caf\u00e9-Bar&nbsp;<em>The Studio<\/em>&nbsp;mit kleiner Show-B\u00fchne und Blick direkt ins Radio-Studio wurde neben dem umgestalteten Foyer und dem neuen Empfangs-Desk vom ber\u00fchmten britischen Objektk\u00fcnstler Liam&nbsp;Gillick die Begegnungszone&nbsp;<em>The Gallery<\/em>&nbsp;geschaffen: neuer Treffpunkt f\u00fcr Mitarbeitende, Wartebereich f\u00fcr G\u00e4ste, Meeting Location und Ausstellungs-Bereich f\u00fcr Exponate aus der Sammlung Ringier zugleich.<\/p>\n\n\n\n<p>Auch der gesamte Vorplatz des Pressehauses mit Aussensitzpl\u00e4tzen beim Caf\u00e9, das ausladende Vordach des Geb\u00e4udes, die Beschriftung sowie der Kiosk und zahlreiche Massnahmen hinter den Kulissen waren Teil dieses grossen Umbaus.<\/p>\n\n\n\n<p>Als Dankesch\u00f6n f\u00fcr die Ringier Mitarbeitenden, welche w\u00e4hrend Monaten Baul\u00e4rm und teilweise baustellen\u00e4hnliche Arbeitsbedingungen ertragen mussten, findet heute Mittwochabend bereits eine exklusive Er\u00f6ffnungsfeier nur f\u00fcr Mitarbeiter statt.<\/p>\n\n\n\n<p>Ringier AG, Corporate Communications<\/p>\n\n\n\n<figure class=\"wp-block-gallery columns-3 is-cropped wp-block-gallery-1 is-layout-flex wp-block-gallery-is-layout-flex\"><ul class=\"blocks-gallery-grid\"><li class=\"blocks-gallery-item\"><figure><img loading=\"lazy\" decoding=\"async\" width=\"750\" height=\"500\" src=\"https:\/\/www.ringier.com\/wp-content\/uploads\/2021\/08\/bild_lobby_chairs_web.jpg\" alt=\"\" data-id=\"1370\" data-full-url=\"https:\/\/www.ringier.com\/wp-content\/uploads\/2021\/08\/bild_lobby_chairs_web.jpg\" data-link=\"https:\/\/www.ringier.com\/de\/renovee-la-maison-de-la-presse-de-zurich-est-plus-ouverte-plus-moderne-et-plus-artistique\/bild_lobby_chairs_web\/\" class=\"wp-image-1370\" srcset=\"https:\/\/www.ringier.com\/wp-content\/uploads\/2021\/08\/bild_lobby_chairs_web.jpg 750w, https:\/\/www.ringier.com\/wp-content\/uploads\/2021\/08\/bild_lobby_chairs_web-300x200.jpg 300w\" sizes=\"auto, (max-width: 750px) 100vw, 750px\" \/><\/figure><\/li><li class=\"blocks-gallery-item\"><figure><img loading=\"lazy\" decoding=\"async\" width=\"750\" height=\"500\" src=\"https:\/\/www.ringier.com\/wp-content\/uploads\/2021\/08\/bild_red_web.jpg\" alt=\"\" data-id=\"1373\" data-full-url=\"https:\/\/www.ringier.com\/wp-content\/uploads\/2021\/08\/bild_red_web.jpg\" data-link=\"https:\/\/www.ringier.com\/de\/renovee-la-maison-de-la-presse-de-zurich-est-plus-ouverte-plus-moderne-et-plus-artistique\/bild_red_web\/\" class=\"wp-image-1373\" srcset=\"https:\/\/www.ringier.com\/wp-content\/uploads\/2021\/08\/bild_red_web.jpg 750w, https:\/\/www.ringier.com\/wp-content\/uploads\/2021\/08\/bild_red_web-300x200.jpg 300w\" sizes=\"auto, (max-width: 750px) 100vw, 750px\" \/><\/figure><\/li><li class=\"blocks-gallery-item\"><figure><img loading=\"lazy\" decoding=\"async\" width=\"750\" height=\"500\" src=\"https:\/\/www.ringier.com\/wp-content\/uploads\/2021\/08\/bild_the_studio_web.jpg\" alt=\"\" data-id=\"1376\" data-full-url=\"https:\/\/www.ringier.com\/wp-content\/uploads\/2021\/08\/bild_the_studio_web.jpg\" data-link=\"https:\/\/www.ringier.com\/de\/renovee-la-maison-de-la-presse-de-zurich-est-plus-ouverte-plus-moderne-et-plus-artistique\/bild_the_studio_web\/\" class=\"wp-image-1376\" srcset=\"https:\/\/www.ringier.com\/wp-content\/uploads\/2021\/08\/bild_the_studio_web.jpg 750w, https:\/\/www.ringier.com\/wp-content\/uploads\/2021\/08\/bild_the_studio_web-300x200.jpg 300w\" sizes=\"auto, (max-width: 750px) 100vw, 750px\" \/><\/figure><\/li><li class=\"blocks-gallery-item\"><figure><img loading=\"lazy\" decoding=\"async\" width=\"750\" height=\"500\" src=\"https:\/\/www.ringier.com\/wp-content\/uploads\/2021\/08\/bild_yellow_web.jpg\" alt=\"\" data-id=\"1379\" data-full-url=\"https:\/\/www.ringier.com\/wp-content\/uploads\/2021\/08\/bild_yellow_web.jpg\" data-link=\"https:\/\/www.ringier.com\/de\/renovee-la-maison-de-la-presse-de-zurich-est-plus-ouverte-plus-moderne-et-plus-artistique\/bild_yellow_web\/\" class=\"wp-image-1379\" srcset=\"https:\/\/www.ringier.com\/wp-content\/uploads\/2021\/08\/bild_yellow_web.jpg 750w, https:\/\/www.ringier.com\/wp-content\/uploads\/2021\/08\/bild_yellow_web-300x200.jpg 300w\" sizes=\"auto, (max-width: 750px) 100vw, 750px\" \/><\/figure><\/li><\/ul><\/figure>\n","protected":false},"excerpt":{"rendered":"<p>Neun Monate hat der aktuelle Umbau des Ringier Pressehauses an der Dufourstrasse in Z\u00fcrich gedauert. Das 37-j\u00e4hrige Geb\u00e4ude zeigt sich nach der Auffrischung offener, moderner und kunstvoller. Energy ist mit dem spektakul\u00e4ren Energy Flagship Studio und der Caf\u00e9-Bar The Studio eingezogen. Und mit The Gallery ist im Erdgeschoss eine vom ber\u00fchmten britischen Objektk\u00fcnstler Liam Gillick gestaltete einzigartige Begegnungszone entstanden.<\/p>\n","protected":false},"author":23,"featured_media":1366,"comment_status":"closed","ping_status":"open","sticky":false,"template":"","format":"standard","meta":{"inline_featured_image":false,"footnotes":""},"categories":[44],"tags":[],"class_list":["post-1368","post","type-post","status-publish","format-standard","has-post-thumbnail","hentry","category-corporate-de"],"yoast_head":"<!-- This site is optimized with the Yoast SEO Premium plugin v27.0 (Yoast SEO v27.0) - https:\/\/yoast.com\/product\/yoast-seo-premium-wordpress\/ -->\n<title>Das Ringier Pressehaus in Z\u00fcrich pr\u00e4sentiert sich nach dem Umbau offener, moderner \u2013 und kunstvoller - Ringier<\/title>\n<meta name=\"robots\" content=\"index, follow, max-snippet:-1, max-image-preview:large, max-video-preview:-1\" \/>\n<link rel=\"canonical\" href=\"https:\/\/www.ringier.com\/de\/das-ringier-pressehaus-in-zuerich-praesentiert-sich-nach-dem-umbau-offener-moderner-und-kunstvoller\/\" \/>\n<meta property=\"og:locale\" content=\"de_DE\" \/>\n<meta property=\"og:type\" content=\"article\" \/>\n<meta property=\"og:title\" content=\"Das Ringier Pressehaus in Z\u00fcrich pr\u00e4sentiert sich nach dem Umbau offener, moderner \u2013 und kunstvoller\" \/>\n<meta property=\"og:description\" content=\"Neun Monate hat der aktuelle Umbau des Ringier Pressehauses an der Dufourstrasse in Z\u00fcrich gedauert. Das 37-j\u00e4hrige Geb\u00e4ude zeigt sich nach der Auffrischung offener, moderner und kunstvoller. Energy ist mit dem spektakul\u00e4ren Energy Flagship Studio und der Caf\u00e9-Bar The Studio eingezogen. Und mit The Gallery ist im Erdgeschoss eine vom ber\u00fchmten britischen Objektk\u00fcnstler Liam Gillick gestaltete einzigartige Begegnungszone entstanden.\" \/>\n<meta property=\"og:url\" content=\"https:\/\/www.ringier.com\/de\/das-ringier-pressehaus-in-zuerich-praesentiert-sich-nach-dem-umbau-offener-moderner-und-kunstvoller\/\" \/>\n<meta property=\"og:site_name\" content=\"Ringier\" \/>\n<meta property=\"article:publisher\" content=\"https:\/\/www.facebook.com\/ringierag\/\" \/>\n<meta property=\"article:published_time\" content=\"2015-09-02T06:20:00+00:00\" \/>\n<meta property=\"article:modified_time\" content=\"2021-08-11T06:29:12+00:00\" \/>\n<meta property=\"og:image\" content=\"https:\/\/www.ringier.com\/wp-content\/uploads\/2021\/08\/bild_logo_web.jpg\" \/>\n\t<meta property=\"og:image:width\" content=\"750\" \/>\n\t<meta property=\"og:image:height\" content=\"500\" \/>\n\t<meta property=\"og:image:type\" content=\"image\/jpeg\" \/>\n<meta name=\"author\" content=\"Ringier Corporate Communications\" \/>\n<meta name=\"twitter:card\" content=\"summary_large_image\" \/>\n<meta name=\"twitter:creator\" content=\"@ringier_ag\" \/>\n<meta name=\"twitter:site\" content=\"@ringier_ag\" \/>\n<meta name=\"twitter:label1\" content=\"Verfasst von\" \/>\n\t<meta name=\"twitter:data1\" content=\"Ringier Corporate Communications\" \/>\n\t<meta name=\"twitter:label2\" content=\"Gesch\u00e4tzte Lesezeit\" \/>\n\t<meta name=\"twitter:data2\" content=\"2 Minuten\" \/>\n<script type=\"application\/ld+json\" class=\"yoast-schema-graph\">{\"@context\":\"https:\/\/schema.org\",\"@graph\":[{\"@type\":\"Article\",\"@id\":\"https:\/\/www.ringier.com\/de\/das-ringier-pressehaus-in-zuerich-praesentiert-sich-nach-dem-umbau-offener-moderner-und-kunstvoller\/#article\",\"isPartOf\":{\"@id\":\"https:\/\/www.ringier.com\/de\/das-ringier-pressehaus-in-zuerich-praesentiert-sich-nach-dem-umbau-offener-moderner-und-kunstvoller\/\"},\"author\":{\"name\":\"Ringier Corporate Communications\",\"@id\":\"https:\/\/www.ringier.com\/de\/#\/schema\/person\/4cf76a308dc4b2bb5121bd1e7b752e52\"},\"headline\":\"Das Ringier Pressehaus in Z\u00fcrich pr\u00e4sentiert sich nach dem Umbau offener, moderner \u2013 und kunstvoller\",\"datePublished\":\"2015-09-02T06:20:00+00:00\",\"dateModified\":\"2021-08-11T06:29:12+00:00\",\"mainEntityOfPage\":{\"@id\":\"https:\/\/www.ringier.com\/de\/das-ringier-pressehaus-in-zuerich-praesentiert-sich-nach-dem-umbau-offener-moderner-und-kunstvoller\/\"},\"wordCount\":240,\"publisher\":{\"@id\":\"https:\/\/www.ringier.com\/de\/#organization\"},\"image\":{\"@id\":\"https:\/\/www.ringier.com\/de\/das-ringier-pressehaus-in-zuerich-praesentiert-sich-nach-dem-umbau-offener-moderner-und-kunstvoller\/#primaryimage\"},\"thumbnailUrl\":\"https:\/\/www.ringier.com\/wp-content\/uploads\/2021\/08\/bild_logo_web.jpg\",\"articleSection\":[\"Corporate\"],\"inLanguage\":\"de-DE\"},{\"@type\":\"WebPage\",\"@id\":\"https:\/\/www.ringier.com\/de\/das-ringier-pressehaus-in-zuerich-praesentiert-sich-nach-dem-umbau-offener-moderner-und-kunstvoller\/\",\"url\":\"https:\/\/www.ringier.com\/de\/das-ringier-pressehaus-in-zuerich-praesentiert-sich-nach-dem-umbau-offener-moderner-und-kunstvoller\/\",\"name\":\"Das Ringier Pressehaus in Z\u00fcrich pr\u00e4sentiert sich nach dem Umbau offener, moderner \u2013 und kunstvoller - Ringier\",\"isPartOf\":{\"@id\":\"https:\/\/www.ringier.com\/de\/#website\"},\"primaryImageOfPage\":{\"@id\":\"https:\/\/www.ringier.com\/de\/das-ringier-pressehaus-in-zuerich-praesentiert-sich-nach-dem-umbau-offener-moderner-und-kunstvoller\/#primaryimage\"},\"image\":{\"@id\":\"https:\/\/www.ringier.com\/de\/das-ringier-pressehaus-in-zuerich-praesentiert-sich-nach-dem-umbau-offener-moderner-und-kunstvoller\/#primaryimage\"},\"thumbnailUrl\":\"https:\/\/www.ringier.com\/wp-content\/uploads\/2021\/08\/bild_logo_web.jpg\",\"datePublished\":\"2015-09-02T06:20:00+00:00\",\"dateModified\":\"2021-08-11T06:29:12+00:00\",\"breadcrumb\":{\"@id\":\"https:\/\/www.ringier.com\/de\/das-ringier-pressehaus-in-zuerich-praesentiert-sich-nach-dem-umbau-offener-moderner-und-kunstvoller\/#breadcrumb\"},\"inLanguage\":\"de-DE\",\"potentialAction\":[{\"@type\":\"ReadAction\",\"target\":[\"https:\/\/www.ringier.com\/de\/das-ringier-pressehaus-in-zuerich-praesentiert-sich-nach-dem-umbau-offener-moderner-und-kunstvoller\/\"]}]},{\"@type\":\"ImageObject\",\"inLanguage\":\"de-DE\",\"@id\":\"https:\/\/www.ringier.com\/de\/das-ringier-pressehaus-in-zuerich-praesentiert-sich-nach-dem-umbau-offener-moderner-und-kunstvoller\/#primaryimage\",\"url\":\"https:\/\/www.ringier.com\/wp-content\/uploads\/2021\/08\/bild_logo_web.jpg\",\"contentUrl\":\"https:\/\/www.ringier.com\/wp-content\/uploads\/2021\/08\/bild_logo_web.jpg\",\"width\":750,\"height\":500},{\"@type\":\"BreadcrumbList\",\"@id\":\"https:\/\/www.ringier.com\/de\/das-ringier-pressehaus-in-zuerich-praesentiert-sich-nach-dem-umbau-offener-moderner-und-kunstvoller\/#breadcrumb\",\"itemListElement\":[{\"@type\":\"ListItem\",\"position\":1,\"name\":\"Home\",\"item\":\"https:\/\/www.ringier.com\/de\/\"},{\"@type\":\"ListItem\",\"position\":2,\"name\":\"Das Ringier Pressehaus in Z\u00fcrich pr\u00e4sentiert sich nach dem Umbau offener, moderner \u2013 und kunstvoller\"}]},{\"@type\":\"WebSite\",\"@id\":\"https:\/\/www.ringier.com\/de\/#website\",\"url\":\"https:\/\/www.ringier.com\/de\/\",\"name\":\"Ringier\",\"description\":\"We inform. We entertain. We connect\",\"publisher\":{\"@id\":\"https:\/\/www.ringier.com\/de\/#organization\"},\"potentialAction\":[{\"@type\":\"SearchAction\",\"target\":{\"@type\":\"EntryPoint\",\"urlTemplate\":\"https:\/\/www.ringier.com\/de\/?s={search_term_string}\"},\"query-input\":{\"@type\":\"PropertyValueSpecification\",\"valueRequired\":true,\"valueName\":\"search_term_string\"}}],\"inLanguage\":\"de-DE\"},{\"@type\":\"Organization\",\"@id\":\"https:\/\/www.ringier.com\/de\/#organization\",\"name\":\"Ringier\",\"url\":\"https:\/\/www.ringier.com\/de\/\",\"logo\":{\"@type\":\"ImageObject\",\"inLanguage\":\"de-DE\",\"@id\":\"https:\/\/www.ringier.com\/de\/#\/schema\/logo\/image\/\",\"url\":\"https:\/\/www.ringier.com\/wp-content\/uploads\/2021\/10\/ringier_logo_2.jpg\",\"contentUrl\":\"https:\/\/www.ringier.com\/wp-content\/uploads\/2021\/10\/ringier_logo_2.jpg\",\"width\":750,\"height\":550,\"caption\":\"Ringier\"},\"image\":{\"@id\":\"https:\/\/www.ringier.com\/de\/#\/schema\/logo\/image\/\"},\"sameAs\":[\"https:\/\/www.facebook.com\/ringierag\/\",\"https:\/\/x.com\/ringier_ag\",\"https:\/\/www.instagram.com\/ringier_ag\/\",\"https:\/\/www.linkedin.com\/company\/ringier\/\",\"https:\/\/www.youtube.com\/user\/RingierComm\",\"https:\/\/en.wikipedia.org\/wiki\/Ringier\",\"https:\/\/de.wikipedia.org\/wiki\/Ringier\",\"https:\/\/fr.wikipedia.org\/wiki\/Ringier\",\"https:\/\/www.crunchbase.com\/organization\/ringier-ag\"]},{\"@type\":\"Person\",\"@id\":\"https:\/\/www.ringier.com\/de\/#\/schema\/person\/4cf76a308dc4b2bb5121bd1e7b752e52\",\"name\":\"Ringier Corporate Communications\",\"image\":{\"@type\":\"ImageObject\",\"inLanguage\":\"de-DE\",\"@id\":\"https:\/\/www.ringier.com\/de\/#\/schema\/person\/image\/\",\"url\":\"https:\/\/secure.gravatar.com\/avatar\/9391e20481368d5df4fe3e1e476c13b27786347489822ec1ed07e532bb41f587?s=96&d=mm&r=g\",\"contentUrl\":\"https:\/\/secure.gravatar.com\/avatar\/9391e20481368d5df4fe3e1e476c13b27786347489822ec1ed07e532bb41f587?s=96&d=mm&r=g\",\"caption\":\"Ringier Corporate Communications\"},\"sameAs\":[\"https:\/\/www.ringier.com\"]}]}<\/script>\n<!-- \/ Yoast SEO Premium plugin. -->","yoast_head_json":{"title":"Das Ringier Pressehaus in Z\u00fcrich pr\u00e4sentiert sich nach dem Umbau offener, moderner \u2013 und kunstvoller - Ringier","robots":{"index":"index","follow":"follow","max-snippet":"max-snippet:-1","max-image-preview":"max-image-preview:large","max-video-preview":"max-video-preview:-1"},"canonical":"https:\/\/www.ringier.com\/de\/das-ringier-pressehaus-in-zuerich-praesentiert-sich-nach-dem-umbau-offener-moderner-und-kunstvoller\/","og_locale":"de_DE","og_type":"article","og_title":"Das Ringier Pressehaus in Z\u00fcrich pr\u00e4sentiert sich nach dem Umbau offener, moderner \u2013 und kunstvoller","og_description":"Neun Monate hat der aktuelle Umbau des Ringier Pressehauses an der Dufourstrasse in Z\u00fcrich gedauert. Das 37-j\u00e4hrige Geb\u00e4ude zeigt sich nach der Auffrischung offener, moderner und kunstvoller. Energy ist mit dem spektakul\u00e4ren Energy Flagship Studio und der Caf\u00e9-Bar The Studio eingezogen. Und mit The Gallery ist im Erdgeschoss eine vom ber\u00fchmten britischen Objektk\u00fcnstler Liam Gillick gestaltete einzigartige Begegnungszone entstanden.","og_url":"https:\/\/www.ringier.com\/de\/das-ringier-pressehaus-in-zuerich-praesentiert-sich-nach-dem-umbau-offener-moderner-und-kunstvoller\/","og_site_name":"Ringier","article_publisher":"https:\/\/www.facebook.com\/ringierag\/","article_published_time":"2015-09-02T06:20:00+00:00","article_modified_time":"2021-08-11T06:29:12+00:00","og_image":[{"width":750,"height":500,"url":"https:\/\/www.ringier.com\/wp-content\/uploads\/2021\/08\/bild_logo_web.jpg","type":"image\/jpeg"}],"author":"Ringier Corporate Communications","twitter_card":"summary_large_image","twitter_creator":"@ringier_ag","twitter_site":"@ringier_ag","twitter_misc":{"Verfasst von":"Ringier Corporate Communications","Gesch\u00e4tzte Lesezeit":"2 Minuten"},"schema":{"@context":"https:\/\/schema.org","@graph":[{"@type":"Article","@id":"https:\/\/www.ringier.com\/de\/das-ringier-pressehaus-in-zuerich-praesentiert-sich-nach-dem-umbau-offener-moderner-und-kunstvoller\/#article","isPartOf":{"@id":"https:\/\/www.ringier.com\/de\/das-ringier-pressehaus-in-zuerich-praesentiert-sich-nach-dem-umbau-offener-moderner-und-kunstvoller\/"},"author":{"name":"Ringier Corporate Communications","@id":"https:\/\/www.ringier.com\/de\/#\/schema\/person\/4cf76a308dc4b2bb5121bd1e7b752e52"},"headline":"Das Ringier Pressehaus in Z\u00fcrich pr\u00e4sentiert sich nach dem Umbau offener, moderner \u2013 und kunstvoller","datePublished":"2015-09-02T06:20:00+00:00","dateModified":"2021-08-11T06:29:12+00:00","mainEntityOfPage":{"@id":"https:\/\/www.ringier.com\/de\/das-ringier-pressehaus-in-zuerich-praesentiert-sich-nach-dem-umbau-offener-moderner-und-kunstvoller\/"},"wordCount":240,"publisher":{"@id":"https:\/\/www.ringier.com\/de\/#organization"},"image":{"@id":"https:\/\/www.ringier.com\/de\/das-ringier-pressehaus-in-zuerich-praesentiert-sich-nach-dem-umbau-offener-moderner-und-kunstvoller\/#primaryimage"},"thumbnailUrl":"https:\/\/www.ringier.com\/wp-content\/uploads\/2021\/08\/bild_logo_web.jpg","articleSection":["Corporate"],"inLanguage":"de-DE"},{"@type":"WebPage","@id":"https:\/\/www.ringier.com\/de\/das-ringier-pressehaus-in-zuerich-praesentiert-sich-nach-dem-umbau-offener-moderner-und-kunstvoller\/","url":"https:\/\/www.ringier.com\/de\/das-ringier-pressehaus-in-zuerich-praesentiert-sich-nach-dem-umbau-offener-moderner-und-kunstvoller\/","name":"Das Ringier Pressehaus in Z\u00fcrich pr\u00e4sentiert sich nach dem Umbau offener, moderner \u2013 und kunstvoller - Ringier","isPartOf":{"@id":"https:\/\/www.ringier.com\/de\/#website"},"primaryImageOfPage":{"@id":"https:\/\/www.ringier.com\/de\/das-ringier-pressehaus-in-zuerich-praesentiert-sich-nach-dem-umbau-offener-moderner-und-kunstvoller\/#primaryimage"},"image":{"@id":"https:\/\/www.ringier.com\/de\/das-ringier-pressehaus-in-zuerich-praesentiert-sich-nach-dem-umbau-offener-moderner-und-kunstvoller\/#primaryimage"},"thumbnailUrl":"https:\/\/www.ringier.com\/wp-content\/uploads\/2021\/08\/bild_logo_web.jpg","datePublished":"2015-09-02T06:20:00+00:00","dateModified":"2021-08-11T06:29:12+00:00","breadcrumb":{"@id":"https:\/\/www.ringier.com\/de\/das-ringier-pressehaus-in-zuerich-praesentiert-sich-nach-dem-umbau-offener-moderner-und-kunstvoller\/#breadcrumb"},"inLanguage":"de-DE","potentialAction":[{"@type":"ReadAction","target":["https:\/\/www.ringier.com\/de\/das-ringier-pressehaus-in-zuerich-praesentiert-sich-nach-dem-umbau-offener-moderner-und-kunstvoller\/"]}]},{"@type":"ImageObject","inLanguage":"de-DE","@id":"https:\/\/www.ringier.com\/de\/das-ringier-pressehaus-in-zuerich-praesentiert-sich-nach-dem-umbau-offener-moderner-und-kunstvoller\/#primaryimage","url":"https:\/\/www.ringier.com\/wp-content\/uploads\/2021\/08\/bild_logo_web.jpg","contentUrl":"https:\/\/www.ringier.com\/wp-content\/uploads\/2021\/08\/bild_logo_web.jpg","width":750,"height":500},{"@type":"BreadcrumbList","@id":"https:\/\/www.ringier.com\/de\/das-ringier-pressehaus-in-zuerich-praesentiert-sich-nach-dem-umbau-offener-moderner-und-kunstvoller\/#breadcrumb","itemListElement":[{"@type":"ListItem","position":1,"name":"Home","item":"https:\/\/www.ringier.com\/de\/"},{"@type":"ListItem","position":2,"name":"Das Ringier Pressehaus in Z\u00fcrich pr\u00e4sentiert sich nach dem Umbau offener, moderner \u2013 und kunstvoller"}]},{"@type":"WebSite","@id":"https:\/\/www.ringier.com\/de\/#website","url":"https:\/\/www.ringier.com\/de\/","name":"Ringier","description":"We inform. We entertain. We connect","publisher":{"@id":"https:\/\/www.ringier.com\/de\/#organization"},"potentialAction":[{"@type":"SearchAction","target":{"@type":"EntryPoint","urlTemplate":"https:\/\/www.ringier.com\/de\/?s={search_term_string}"},"query-input":{"@type":"PropertyValueSpecification","valueRequired":true,"valueName":"search_term_string"}}],"inLanguage":"de-DE"},{"@type":"Organization","@id":"https:\/\/www.ringier.com\/de\/#organization","name":"Ringier","url":"https:\/\/www.ringier.com\/de\/","logo":{"@type":"ImageObject","inLanguage":"de-DE","@id":"https:\/\/www.ringier.com\/de\/#\/schema\/logo\/image\/","url":"https:\/\/www.ringier.com\/wp-content\/uploads\/2021\/10\/ringier_logo_2.jpg","contentUrl":"https:\/\/www.ringier.com\/wp-content\/uploads\/2021\/10\/ringier_logo_2.jpg","width":750,"height":550,"caption":"Ringier"},"image":{"@id":"https:\/\/www.ringier.com\/de\/#\/schema\/logo\/image\/"},"sameAs":["https:\/\/www.facebook.com\/ringierag\/","https:\/\/x.com\/ringier_ag","https:\/\/www.instagram.com\/ringier_ag\/","https:\/\/www.linkedin.com\/company\/ringier\/","https:\/\/www.youtube.com\/user\/RingierComm","https:\/\/en.wikipedia.org\/wiki\/Ringier","https:\/\/de.wikipedia.org\/wiki\/Ringier","https:\/\/fr.wikipedia.org\/wiki\/Ringier","https:\/\/www.crunchbase.com\/organization\/ringier-ag"]},{"@type":"Person","@id":"https:\/\/www.ringier.com\/de\/#\/schema\/person\/4cf76a308dc4b2bb5121bd1e7b752e52","name":"Ringier Corporate Communications","image":{"@type":"ImageObject","inLanguage":"de-DE","@id":"https:\/\/www.ringier.com\/de\/#\/schema\/person\/image\/","url":"https:\/\/secure.gravatar.com\/avatar\/9391e20481368d5df4fe3e1e476c13b27786347489822ec1ed07e532bb41f587?s=96&d=mm&r=g","contentUrl":"https:\/\/secure.gravatar.com\/avatar\/9391e20481368d5df4fe3e1e476c13b27786347489822ec1ed07e532bb41f587?s=96&d=mm&r=g","caption":"Ringier Corporate Communications"},"sameAs":["https:\/\/www.ringier.com"]}]}},"_links":{"self":[{"href":"https:\/\/www.ringier.com\/de\/wp-json\/wp\/v2\/posts\/1368","targetHints":{"allow":["GET"]}}],"collection":[{"href":"https:\/\/www.ringier.com\/de\/wp-json\/wp\/v2\/posts"}],"about":[{"href":"https:\/\/www.ringier.com\/de\/wp-json\/wp\/v2\/types\/post"}],"author":[{"embeddable":true,"href":"https:\/\/www.ringier.com\/de\/wp-json\/wp\/v2\/users\/23"}],"replies":[{"embeddable":true,"href":"https:\/\/www.ringier.com\/de\/wp-json\/wp\/v2\/comments?post=1368"}],"version-history":[{"count":0,"href":"https:\/\/www.ringier.com\/de\/wp-json\/wp\/v2\/posts\/1368\/revisions"}],"wp:featuredmedia":[{"embeddable":true,"href":"https:\/\/www.ringier.com\/de\/wp-json\/wp\/v2\/media\/1366"}],"wp:attachment":[{"href":"https:\/\/www.ringier.com\/de\/wp-json\/wp\/v2\/media?parent=1368"}],"wp:term":[{"taxonomy":"category","embeddable":true,"href":"https:\/\/www.ringier.com\/de\/wp-json\/wp\/v2\/categories?post=1368"},{"taxonomy":"post_tag","embeddable":true,"href":"https:\/\/www.ringier.com\/de\/wp-json\/wp\/v2\/tags?post=1368"}],"curies":[{"name":"wp","href":"https:\/\/api.w.org\/{rel}","templated":true}]}}