{"id":13632,"date":"2022-02-18T08:00:00","date_gmt":"2022-02-18T07:00:00","guid":{"rendered":"https:\/\/www.ringier.com\/?p=13632"},"modified":"2024-11-13T17:02:45","modified_gmt":"2024-11-13T16:02:45","slug":"david-meier-ist-neuer-head-of-group-mergers-acquisitions","status":"publish","type":"post","link":"https:\/\/www.ringier.com\/de\/david-meier-ist-neuer-head-of-group-mergers-acquisitions\/","title":{"rendered":"David Meier ist neuer Head of Group Mergers &#038; Acquisitions"},"content":{"rendered":"\n<p>David Meier (39) st\u00f6sst als neuer Head M&amp;A zu Ringier. In dieser Funktionen ist er Mitglied der erweiterten Gesch\u00e4ftsleitung der Ringier AG und berichtet an Group CFO Annabella Bassler. Er war die letzten sieben Jahre im M&amp;A der Coop-Gruppe t\u00e4tig, wo er unter anderem deren Eintritt in den \u00f6sterreichischen und spanischen Foodservice-Markt mitverantwortete. Davor war er bei der Investmentbank Leonardo &amp; Co. und beriet dort sowohl K\u00e4ufer- als auch Verk\u00e4uferseite in M&amp;A-Transaktionen. Meier hat einen Master in Business und Economics mit Vertiefung in den Bereichen Finance, Controlling und Banking.<\/p>\n\n\n\n<p>\u00abMit David Meier konnten wir einen ausgewiesenen Experten im Bereich M&amp;A gewinnen\u00bb, sagt Annabella Bassler, Chief Financial Officer von Ringier. \u00abSeine Erfahrung und F\u00e4higkeiten passen hervorragend f\u00fcr diese verantwortungsvolle Aufgabe. Ich freue mich sehr auf unsere weitere Zusammenarbeit und w\u00fcnsche ihm weiterhin einen guten Start bei uns.\u00bb<\/p>\n\n\n\n<p>Jessica List, ehemals Head M&amp;A &amp; Strategic Projects bei Ringier, wechselt zur neugeschaffenen SMG Swiss Marketplace Group, dem Joint Venture von TX Group, Ringier, Mobiliar und General Atlantic. Als Chief Corporate Officer verantwortet sie ab M\u00e4rz 2022 als Mitglied der Gesch\u00e4ftsleitung neben der Integration des neugeschaffenen Unternehmens auch dessen Rechts- und Kommunikationsabteilung sowie die Corporate Governance. \u00abIch bedanke mich auch im Namen meiner Kolleginnen und Kollegen in der Gesch\u00e4ftsleitung herzlich bei Jessica f\u00fcr ihren Einsatz f\u00fcr Ringier w\u00e4hrend den letzten zehn Jahren\u00bb, sagt Annabella Bassler. \u00abSie hat w\u00e4hrend dieser Zeit viel bewegt und den Bereich M&amp;A erfolgreich gef\u00fchrt. Ich behalte unsere Zusammenarbeit in bester Erinnerung und w\u00fcnsche ihr f\u00fcr ihre neue Herausforderung viel Freude und Erfolg.\u00bb<\/p>\n\n\n\n<p>Ringier AG, Corporate Communications<\/p>\n","protected":false},"excerpt":{"rendered":"<p>David Meier ist neuer Head M&#038;A von Ringier. In dieser Funktion verantwortet er seit Anfang Monat den gruppenweiten Bereich \u00abMergers &#038; Acquisitions\u00bb und unterst\u00fctzt das Unternehmen in seiner strategischen Entwicklung in insgesamt 18 L\u00e4ndern. Meier kommt von der Coop-Gruppe und folgt auf Jessica List, die als Chief Corporate Officer zur neugegr\u00fcndeten SMG Swiss Marketplace Group wechselt.<\/p>\n","protected":false},"author":23,"featured_media":13633,"comment_status":"closed","ping_status":"open","sticky":false,"template":"","format":"standard","meta":{"inline_featured_image":false,"footnotes":""},"categories":[44],"tags":[],"class_list":["post-13632","post","type-post","status-publish","format-standard","has-post-thumbnail","hentry","category-corporate-de"],"yoast_head":"<!-- This site is optimized with the Yoast SEO Premium plugin v27.0 (Yoast SEO v27.0) - https:\/\/yoast.com\/product\/yoast-seo-premium-wordpress\/ -->\n<title>David Meier ist neuer Head of Group Mergers &amp; Acquisitions - Ringier<\/title>\n<meta name=\"robots\" content=\"index, follow, max-snippet:-1, max-image-preview:large, max-video-preview:-1\" \/>\n<link rel=\"canonical\" href=\"https:\/\/www.ringier.com\/de\/david-meier-ist-neuer-head-of-group-mergers-acquisitions\/\" \/>\n<meta property=\"og:locale\" content=\"de_DE\" \/>\n<meta property=\"og:type\" content=\"article\" \/>\n<meta property=\"og:title\" content=\"David Meier ist neuer Head of Group Mergers &amp; Acquisitions\" \/>\n<meta property=\"og:description\" content=\"David Meier ist neuer Head M&amp;A von Ringier. In dieser Funktion verantwortet er seit Anfang Monat den gruppenweiten Bereich \u00abMergers &amp; Acquisitions\u00bb und unterst\u00fctzt das Unternehmen in seiner strategischen Entwicklung in insgesamt 18 L\u00e4ndern. Meier kommt von der Coop-Gruppe und folgt auf Jessica List, die als Chief Corporate Officer zur neugegr\u00fcndeten SMG Swiss Marketplace Group wechselt.\" \/>\n<meta property=\"og:url\" content=\"https:\/\/www.ringier.com\/de\/david-meier-ist-neuer-head-of-group-mergers-acquisitions\/\" \/>\n<meta property=\"og:site_name\" content=\"Ringier\" \/>\n<meta property=\"article:publisher\" content=\"https:\/\/www.facebook.com\/ringierag\/\" \/>\n<meta property=\"article:published_time\" content=\"2022-02-18T07:00:00+00:00\" \/>\n<meta property=\"article:modified_time\" content=\"2024-11-13T16:02:45+00:00\" \/>\n<meta property=\"og:image\" content=\"https:\/\/www.ringier.com\/wp-content\/uploads\/2022\/02\/David-Meier-scaled.jpg\" \/>\n\t<meta property=\"og:image:width\" content=\"2560\" \/>\n\t<meta property=\"og:image:height\" content=\"1340\" \/>\n\t<meta property=\"og:image:type\" content=\"image\/jpeg\" \/>\n<meta name=\"author\" content=\"Ringier Corporate Communications\" \/>\n<meta name=\"twitter:card\" content=\"summary_large_image\" \/>\n<meta name=\"twitter:creator\" content=\"@ringier_ag\" \/>\n<meta name=\"twitter:site\" content=\"@ringier_ag\" \/>\n<meta name=\"twitter:label1\" content=\"Verfasst von\" \/>\n\t<meta name=\"twitter:data1\" content=\"Ringier Corporate Communications\" \/>\n\t<meta name=\"twitter:label2\" content=\"Gesch\u00e4tzte Lesezeit\" \/>\n\t<meta name=\"twitter:data2\" content=\"2 Minuten\" \/>\n<script type=\"application\/ld+json\" class=\"yoast-schema-graph\">{\"@context\":\"https:\/\/schema.org\",\"@graph\":[{\"@type\":\"Article\",\"@id\":\"https:\/\/www.ringier.com\/de\/david-meier-ist-neuer-head-of-group-mergers-acquisitions\/#article\",\"isPartOf\":{\"@id\":\"https:\/\/www.ringier.com\/de\/david-meier-ist-neuer-head-of-group-mergers-acquisitions\/\"},\"author\":{\"name\":\"Ringier Corporate Communications\",\"@id\":\"https:\/\/www.ringier.com\/de\/#\/schema\/person\/4cf76a308dc4b2bb5121bd1e7b752e52\"},\"headline\":\"David Meier ist neuer Head of Group Mergers &#038; Acquisitions\",\"datePublished\":\"2022-02-18T07:00:00+00:00\",\"dateModified\":\"2024-11-13T16:02:45+00:00\",\"mainEntityOfPage\":{\"@id\":\"https:\/\/www.ringier.com\/de\/david-meier-ist-neuer-head-of-group-mergers-acquisitions\/\"},\"wordCount\":293,\"publisher\":{\"@id\":\"https:\/\/www.ringier.com\/de\/#organization\"},\"image\":{\"@id\":\"https:\/\/www.ringier.com\/de\/david-meier-ist-neuer-head-of-group-mergers-acquisitions\/#primaryimage\"},\"thumbnailUrl\":\"https:\/\/www.ringier.com\/wp-content\/uploads\/2022\/02\/David-Meier-scaled.jpg\",\"articleSection\":[\"Corporate\"],\"inLanguage\":\"de-DE\"},{\"@type\":\"WebPage\",\"@id\":\"https:\/\/www.ringier.com\/de\/david-meier-ist-neuer-head-of-group-mergers-acquisitions\/\",\"url\":\"https:\/\/www.ringier.com\/de\/david-meier-ist-neuer-head-of-group-mergers-acquisitions\/\",\"name\":\"David Meier ist neuer Head of Group Mergers & Acquisitions - Ringier\",\"isPartOf\":{\"@id\":\"https:\/\/www.ringier.com\/de\/#website\"},\"primaryImageOfPage\":{\"@id\":\"https:\/\/www.ringier.com\/de\/david-meier-ist-neuer-head-of-group-mergers-acquisitions\/#primaryimage\"},\"image\":{\"@id\":\"https:\/\/www.ringier.com\/de\/david-meier-ist-neuer-head-of-group-mergers-acquisitions\/#primaryimage\"},\"thumbnailUrl\":\"https:\/\/www.ringier.com\/wp-content\/uploads\/2022\/02\/David-Meier-scaled.jpg\",\"datePublished\":\"2022-02-18T07:00:00+00:00\",\"dateModified\":\"2024-11-13T16:02:45+00:00\",\"breadcrumb\":{\"@id\":\"https:\/\/www.ringier.com\/de\/david-meier-ist-neuer-head-of-group-mergers-acquisitions\/#breadcrumb\"},\"inLanguage\":\"de-DE\",\"potentialAction\":[{\"@type\":\"ReadAction\",\"target\":[\"https:\/\/www.ringier.com\/de\/david-meier-ist-neuer-head-of-group-mergers-acquisitions\/\"]}]},{\"@type\":\"ImageObject\",\"inLanguage\":\"de-DE\",\"@id\":\"https:\/\/www.ringier.com\/de\/david-meier-ist-neuer-head-of-group-mergers-acquisitions\/#primaryimage\",\"url\":\"https:\/\/www.ringier.com\/wp-content\/uploads\/2022\/02\/David-Meier-scaled.jpg\",\"contentUrl\":\"https:\/\/www.ringier.com\/wp-content\/uploads\/2022\/02\/David-Meier-scaled.jpg\",\"width\":2560,\"height\":1340},{\"@type\":\"BreadcrumbList\",\"@id\":\"https:\/\/www.ringier.com\/de\/david-meier-ist-neuer-head-of-group-mergers-acquisitions\/#breadcrumb\",\"itemListElement\":[{\"@type\":\"ListItem\",\"position\":1,\"name\":\"Home\",\"item\":\"https:\/\/www.ringier.com\/de\/\"},{\"@type\":\"ListItem\",\"position\":2,\"name\":\"David Meier ist neuer Head of Group Mergers &#038; Acquisitions\"}]},{\"@type\":\"WebSite\",\"@id\":\"https:\/\/www.ringier.com\/de\/#website\",\"url\":\"https:\/\/www.ringier.com\/de\/\",\"name\":\"Ringier\",\"description\":\"We inform. We entertain. We connect\",\"publisher\":{\"@id\":\"https:\/\/www.ringier.com\/de\/#organization\"},\"potentialAction\":[{\"@type\":\"SearchAction\",\"target\":{\"@type\":\"EntryPoint\",\"urlTemplate\":\"https:\/\/www.ringier.com\/de\/?s={search_term_string}\"},\"query-input\":{\"@type\":\"PropertyValueSpecification\",\"valueRequired\":true,\"valueName\":\"search_term_string\"}}],\"inLanguage\":\"de-DE\"},{\"@type\":\"Organization\",\"@id\":\"https:\/\/www.ringier.com\/de\/#organization\",\"name\":\"Ringier\",\"url\":\"https:\/\/www.ringier.com\/de\/\",\"logo\":{\"@type\":\"ImageObject\",\"inLanguage\":\"de-DE\",\"@id\":\"https:\/\/www.ringier.com\/de\/#\/schema\/logo\/image\/\",\"url\":\"https:\/\/www.ringier.com\/wp-content\/uploads\/2021\/10\/ringier_logo_2.jpg\",\"contentUrl\":\"https:\/\/www.ringier.com\/wp-content\/uploads\/2021\/10\/ringier_logo_2.jpg\",\"width\":750,\"height\":550,\"caption\":\"Ringier\"},\"image\":{\"@id\":\"https:\/\/www.ringier.com\/de\/#\/schema\/logo\/image\/\"},\"sameAs\":[\"https:\/\/www.facebook.com\/ringierag\/\",\"https:\/\/x.com\/ringier_ag\",\"https:\/\/www.instagram.com\/ringier_ag\/\",\"https:\/\/www.linkedin.com\/company\/ringier\/\",\"https:\/\/www.youtube.com\/user\/RingierComm\",\"https:\/\/en.wikipedia.org\/wiki\/Ringier\",\"https:\/\/de.wikipedia.org\/wiki\/Ringier\",\"https:\/\/fr.wikipedia.org\/wiki\/Ringier\",\"https:\/\/www.crunchbase.com\/organization\/ringier-ag\"]},{\"@type\":\"Person\",\"@id\":\"https:\/\/www.ringier.com\/de\/#\/schema\/person\/4cf76a308dc4b2bb5121bd1e7b752e52\",\"name\":\"Ringier Corporate Communications\",\"image\":{\"@type\":\"ImageObject\",\"inLanguage\":\"de-DE\",\"@id\":\"https:\/\/www.ringier.com\/de\/#\/schema\/person\/image\/\",\"url\":\"https:\/\/secure.gravatar.com\/avatar\/9391e20481368d5df4fe3e1e476c13b27786347489822ec1ed07e532bb41f587?s=96&d=mm&r=g\",\"contentUrl\":\"https:\/\/secure.gravatar.com\/avatar\/9391e20481368d5df4fe3e1e476c13b27786347489822ec1ed07e532bb41f587?s=96&d=mm&r=g\",\"caption\":\"Ringier Corporate Communications\"},\"sameAs\":[\"https:\/\/www.ringier.com\"]}]}<\/script>\n<!-- \/ Yoast SEO Premium plugin. -->","yoast_head_json":{"title":"David Meier ist neuer Head of Group Mergers & Acquisitions - Ringier","robots":{"index":"index","follow":"follow","max-snippet":"max-snippet:-1","max-image-preview":"max-image-preview:large","max-video-preview":"max-video-preview:-1"},"canonical":"https:\/\/www.ringier.com\/de\/david-meier-ist-neuer-head-of-group-mergers-acquisitions\/","og_locale":"de_DE","og_type":"article","og_title":"David Meier ist neuer Head of Group Mergers & Acquisitions","og_description":"David Meier ist neuer Head M&A von Ringier. In dieser Funktion verantwortet er seit Anfang Monat den gruppenweiten Bereich \u00abMergers & Acquisitions\u00bb und unterst\u00fctzt das Unternehmen in seiner strategischen Entwicklung in insgesamt 18 L\u00e4ndern. Meier kommt von der Coop-Gruppe und folgt auf Jessica List, die als Chief Corporate Officer zur neugegr\u00fcndeten SMG Swiss Marketplace Group wechselt.","og_url":"https:\/\/www.ringier.com\/de\/david-meier-ist-neuer-head-of-group-mergers-acquisitions\/","og_site_name":"Ringier","article_publisher":"https:\/\/www.facebook.com\/ringierag\/","article_published_time":"2022-02-18T07:00:00+00:00","article_modified_time":"2024-11-13T16:02:45+00:00","og_image":[{"width":2560,"height":1340,"url":"https:\/\/www.ringier.com\/wp-content\/uploads\/2022\/02\/David-Meier-scaled.jpg","type":"image\/jpeg"}],"author":"Ringier Corporate Communications","twitter_card":"summary_large_image","twitter_creator":"@ringier_ag","twitter_site":"@ringier_ag","twitter_misc":{"Verfasst von":"Ringier Corporate Communications","Gesch\u00e4tzte Lesezeit":"2 Minuten"},"schema":{"@context":"https:\/\/schema.org","@graph":[{"@type":"Article","@id":"https:\/\/www.ringier.com\/de\/david-meier-ist-neuer-head-of-group-mergers-acquisitions\/#article","isPartOf":{"@id":"https:\/\/www.ringier.com\/de\/david-meier-ist-neuer-head-of-group-mergers-acquisitions\/"},"author":{"name":"Ringier Corporate Communications","@id":"https:\/\/www.ringier.com\/de\/#\/schema\/person\/4cf76a308dc4b2bb5121bd1e7b752e52"},"headline":"David Meier ist neuer Head of Group Mergers &#038; Acquisitions","datePublished":"2022-02-18T07:00:00+00:00","dateModified":"2024-11-13T16:02:45+00:00","mainEntityOfPage":{"@id":"https:\/\/www.ringier.com\/de\/david-meier-ist-neuer-head-of-group-mergers-acquisitions\/"},"wordCount":293,"publisher":{"@id":"https:\/\/www.ringier.com\/de\/#organization"},"image":{"@id":"https:\/\/www.ringier.com\/de\/david-meier-ist-neuer-head-of-group-mergers-acquisitions\/#primaryimage"},"thumbnailUrl":"https:\/\/www.ringier.com\/wp-content\/uploads\/2022\/02\/David-Meier-scaled.jpg","articleSection":["Corporate"],"inLanguage":"de-DE"},{"@type":"WebPage","@id":"https:\/\/www.ringier.com\/de\/david-meier-ist-neuer-head-of-group-mergers-acquisitions\/","url":"https:\/\/www.ringier.com\/de\/david-meier-ist-neuer-head-of-group-mergers-acquisitions\/","name":"David Meier ist neuer Head of Group Mergers & Acquisitions - Ringier","isPartOf":{"@id":"https:\/\/www.ringier.com\/de\/#website"},"primaryImageOfPage":{"@id":"https:\/\/www.ringier.com\/de\/david-meier-ist-neuer-head-of-group-mergers-acquisitions\/#primaryimage"},"image":{"@id":"https:\/\/www.ringier.com\/de\/david-meier-ist-neuer-head-of-group-mergers-acquisitions\/#primaryimage"},"thumbnailUrl":"https:\/\/www.ringier.com\/wp-content\/uploads\/2022\/02\/David-Meier-scaled.jpg","datePublished":"2022-02-18T07:00:00+00:00","dateModified":"2024-11-13T16:02:45+00:00","breadcrumb":{"@id":"https:\/\/www.ringier.com\/de\/david-meier-ist-neuer-head-of-group-mergers-acquisitions\/#breadcrumb"},"inLanguage":"de-DE","potentialAction":[{"@type":"ReadAction","target":["https:\/\/www.ringier.com\/de\/david-meier-ist-neuer-head-of-group-mergers-acquisitions\/"]}]},{"@type":"ImageObject","inLanguage":"de-DE","@id":"https:\/\/www.ringier.com\/de\/david-meier-ist-neuer-head-of-group-mergers-acquisitions\/#primaryimage","url":"https:\/\/www.ringier.com\/wp-content\/uploads\/2022\/02\/David-Meier-scaled.jpg","contentUrl":"https:\/\/www.ringier.com\/wp-content\/uploads\/2022\/02\/David-Meier-scaled.jpg","width":2560,"height":1340},{"@type":"BreadcrumbList","@id":"https:\/\/www.ringier.com\/de\/david-meier-ist-neuer-head-of-group-mergers-acquisitions\/#breadcrumb","itemListElement":[{"@type":"ListItem","position":1,"name":"Home","item":"https:\/\/www.ringier.com\/de\/"},{"@type":"ListItem","position":2,"name":"David Meier ist neuer Head of Group Mergers &#038; Acquisitions"}]},{"@type":"WebSite","@id":"https:\/\/www.ringier.com\/de\/#website","url":"https:\/\/www.ringier.com\/de\/","name":"Ringier","description":"We inform. We entertain. We connect","publisher":{"@id":"https:\/\/www.ringier.com\/de\/#organization"},"potentialAction":[{"@type":"SearchAction","target":{"@type":"EntryPoint","urlTemplate":"https:\/\/www.ringier.com\/de\/?s={search_term_string}"},"query-input":{"@type":"PropertyValueSpecification","valueRequired":true,"valueName":"search_term_string"}}],"inLanguage":"de-DE"},{"@type":"Organization","@id":"https:\/\/www.ringier.com\/de\/#organization","name":"Ringier","url":"https:\/\/www.ringier.com\/de\/","logo":{"@type":"ImageObject","inLanguage":"de-DE","@id":"https:\/\/www.ringier.com\/de\/#\/schema\/logo\/image\/","url":"https:\/\/www.ringier.com\/wp-content\/uploads\/2021\/10\/ringier_logo_2.jpg","contentUrl":"https:\/\/www.ringier.com\/wp-content\/uploads\/2021\/10\/ringier_logo_2.jpg","width":750,"height":550,"caption":"Ringier"},"image":{"@id":"https:\/\/www.ringier.com\/de\/#\/schema\/logo\/image\/"},"sameAs":["https:\/\/www.facebook.com\/ringierag\/","https:\/\/x.com\/ringier_ag","https:\/\/www.instagram.com\/ringier_ag\/","https:\/\/www.linkedin.com\/company\/ringier\/","https:\/\/www.youtube.com\/user\/RingierComm","https:\/\/en.wikipedia.org\/wiki\/Ringier","https:\/\/de.wikipedia.org\/wiki\/Ringier","https:\/\/fr.wikipedia.org\/wiki\/Ringier","https:\/\/www.crunchbase.com\/organization\/ringier-ag"]},{"@type":"Person","@id":"https:\/\/www.ringier.com\/de\/#\/schema\/person\/4cf76a308dc4b2bb5121bd1e7b752e52","name":"Ringier Corporate Communications","image":{"@type":"ImageObject","inLanguage":"de-DE","@id":"https:\/\/www.ringier.com\/de\/#\/schema\/person\/image\/","url":"https:\/\/secure.gravatar.com\/avatar\/9391e20481368d5df4fe3e1e476c13b27786347489822ec1ed07e532bb41f587?s=96&d=mm&r=g","contentUrl":"https:\/\/secure.gravatar.com\/avatar\/9391e20481368d5df4fe3e1e476c13b27786347489822ec1ed07e532bb41f587?s=96&d=mm&r=g","caption":"Ringier Corporate Communications"},"sameAs":["https:\/\/www.ringier.com"]}]}},"_links":{"self":[{"href":"https:\/\/www.ringier.com\/de\/wp-json\/wp\/v2\/posts\/13632","targetHints":{"allow":["GET"]}}],"collection":[{"href":"https:\/\/www.ringier.com\/de\/wp-json\/wp\/v2\/posts"}],"about":[{"href":"https:\/\/www.ringier.com\/de\/wp-json\/wp\/v2\/types\/post"}],"author":[{"embeddable":true,"href":"https:\/\/www.ringier.com\/de\/wp-json\/wp\/v2\/users\/23"}],"replies":[{"embeddable":true,"href":"https:\/\/www.ringier.com\/de\/wp-json\/wp\/v2\/comments?post=13632"}],"version-history":[{"count":0,"href":"https:\/\/www.ringier.com\/de\/wp-json\/wp\/v2\/posts\/13632\/revisions"}],"wp:featuredmedia":[{"embeddable":true,"href":"https:\/\/www.ringier.com\/de\/wp-json\/wp\/v2\/media\/13633"}],"wp:attachment":[{"href":"https:\/\/www.ringier.com\/de\/wp-json\/wp\/v2\/media?parent=13632"}],"wp:term":[{"taxonomy":"category","embeddable":true,"href":"https:\/\/www.ringier.com\/de\/wp-json\/wp\/v2\/categories?post=13632"},{"taxonomy":"post_tag","embeddable":true,"href":"https:\/\/www.ringier.com\/de\/wp-json\/wp\/v2\/tags?post=13632"}],"curies":[{"name":"wp","href":"https:\/\/api.w.org\/{rel}","templated":true}]}}