{"id":13613,"date":"2022-02-17T14:00:00","date_gmt":"2022-02-17T13:00:00","guid":{"rendered":"https:\/\/www.ringier.com\/?p=13613"},"modified":"2024-11-13T17:02:56","modified_gmt":"2024-11-13T16:02:56","slug":"uebernahme-der-joint-venture-anteile-von-axel-springer-in-ungarn-serbien-slowakei-estland-lettland-und-litauen-vollzogen","status":"publish","type":"post","link":"https:\/\/www.ringier.com\/de\/uebernahme-der-joint-venture-anteile-von-axel-springer-in-ungarn-serbien-slowakei-estland-lettland-und-litauen-vollzogen\/","title":{"rendered":"\u00dcbernahme der Joint-Venture-Anteile von Axel Springer in Ungarn, Serbien, Slowakei, Estland, Lettland und Litauen vollzogen"},"content":{"rendered":"\n<p>Die Dachgesellschaften in Ungarn, Serbien und der Slowakei werden neu unter der Ringier-Marke auftreten. Die rund 90 lokalen Medientitel (print und online) und die rund 20 digitalen Marktpl\u00e4tze, die jeweils zu den Marktf\u00fchrern in ihren Segmenten geh\u00f6ren, bleiben bei ihren bisherigen Markenauftritten.<\/p>\n\n\n\n<figure class=\"wp-block-image size-large\"><img loading=\"lazy\" decoding=\"async\" width=\"1024\" height=\"888\" src=\"https:\/\/www.ringier.com\/wp-content\/uploads\/2022\/02\/Ringier-CEE-Portfolio-Main-brands-1024x888.jpg\" alt=\"\" class=\"wp-image-13617\" srcset=\"https:\/\/www.ringier.com\/wp-content\/uploads\/2022\/02\/Ringier-CEE-Portfolio-Main-brands-1024x888.jpg 1024w, https:\/\/www.ringier.com\/wp-content\/uploads\/2022\/02\/Ringier-CEE-Portfolio-Main-brands-300x260.jpg 300w, https:\/\/www.ringier.com\/wp-content\/uploads\/2022\/02\/Ringier-CEE-Portfolio-Main-brands-768x666.jpg 768w, https:\/\/www.ringier.com\/wp-content\/uploads\/2022\/02\/Ringier-CEE-Portfolio-Main-brands-1600x1387.jpg 1600w, https:\/\/www.ringier.com\/wp-content\/uploads\/2022\/02\/Ringier-CEE-Portfolio-Main-brands-1536x1331.jpg 1536w\" sizes=\"auto, (max-width: 1024px) 100vw, 1024px\" \/><figcaption><em>Auszug aus dem Ringier-CEE-Portfolio<\/em><\/figcaption><\/figure>\n\n\n\n<p>Das Gesch\u00e4ftsfeld Media ist in Ungarn, Serbien und der Slowakei mit Zeitungen, Zeitschriften und Newsplattformen breit aufgestellt. Die ungarische Zeitung Blikk konnte ihre f\u00fchrende Position im Segment Tabloid weiter ausbauen. Im Dezember 2021 wurde die Onlineversion <em>Blikk.hu<\/em> Nummer Eins in Bezug auf die Reichweite unter den ungarischen Nachrichtenseiten. In Serbien ist <em>Blic<\/em> seit zehn Jahren die digitale Nummer 1. Im Januar hatte Blic.rs \u2013 gem\u00e4ss Gemius \u2013 3 Millionen User und eine Internet-Reichweite von 77,4 %. In der Slowakei wiederum ist die Nachrichtenplattform <em>Aktuality.sk <\/em>mit \u00fcber 3 Millionen Usern f\u00fchrend.\u00a0<\/p>\n\n\n\n<p>Mit profession.hu in Ungarn und CV Keskus in den baltischen Staaten betreibt Ringier die f\u00fchrenden digitalen Jobplattformen in den jeweiligen L\u00e4ndern. In der Slowakei sind die digitalen Marktpl\u00e4tze Nehnutelnosti.sk f\u00fcr Immobilien und Autobazar.EU f\u00fcr Autos, die unter dem Dach von United Classifieds firmieren, Marktf\u00fchrer in ihren Kategorien. In Serbien geh\u00f6rt Nekretnine.rs, eine gut etablierte Plattform f\u00fcr Immobilien, nun ebenfalls zum erweiterten digitalen Marktplatz-Portfolio von Ringier. Daneben gibt es weitere wachstumsstarke Plattformen, deren Produkte und Dienstleistungen in den kommenden Jahren ausgebaut und skaliert werden sollen.<\/p>\n\n\n\n<p>Im polnischen Markt bleiben Axel Springer und Ringier als Joint-Venture-Partner gemeinsam aktiv und werden das Umsatz- und EBITDA-starke Portfolio mit Medienmarken und digitalen Marktpl\u00e4tzen weiter vorantreiben.<\/p>\n\n\n\n<p>Ringier AG, Corporate Communications<\/p>\n\n\n\n<p><strong>\u00dcber Ringier<\/strong><\/p>\n\n\n\n<p>Die Ringier AG ist ein innovatives, digitalisiertes und diversifiziertes Schweizer Medienunternehmen, das in Europa, Afrika und Asien aktiv ist. Das Portfolio umfasst \u00fcber 110 Tochterfirmen in den Bereichen Print, digitale Medien, Radio, Ticketing, Entertainment und E-Commerce sowie f\u00fchrende digitale Marktpl\u00e4tze in den Bereichen Auto, Immobilien und Jobs. Als Venture-Kapitalgeber f\u00f6rdert Ringier innovative digitale Start-ups. Das 1833 als Verlagshaus und Druckerei gegr\u00fcndete Familienunternehmen Ringier hat in den letzten Jahren konsequent in die Digitalisierung und Internationalisierung der Gruppe investiert. Im Jahr 2020 erzielten rund 6800 Mitarbeitende in 18 L\u00e4ndern einen Umsatz von 953.7 Millionen. Bereits heute stammen 69 Prozent des operativen Gewinns aus dem Digitalgesch\u00e4ft, womit Ringier eine Spitzenposition unter den europ\u00e4ischen Medienunternehmen einnimmt. Ringier steht f\u00fcr Pioniergeist, Unabh\u00e4ngigkeit und Meinungsfreiheit.<\/p>\n","protected":false},"excerpt":{"rendered":"<p>Ringier hat die am 28.07.2021 kommunizierte \u00dcbernahme der Axel-Springer-Anteile in Ungarn, Serbien, der Slowakei und den baltischen Staaten nach erfolgter Zustimmung der nationalen Kartellrechtsbeh\u00f6rden vollzogen. Mit dieser Transaktion treibt Ringier seine internationale Wachstums- und Investitionsstrategie im Bereich der digitalen Marktpl\u00e4tze und der Medienmarken weiter voran. Damit ist die Ringier-Gruppe in neun mittel- und osteurop\u00e4ischen L\u00e4ndern f\u00fchrend im Bereich Medien und digitale Marktpl\u00e4tze.<\/p>\n","protected":false},"author":23,"featured_media":13614,"comment_status":"closed","ping_status":"open","sticky":false,"template":"","format":"standard","meta":{"inline_featured_image":false,"footnotes":""},"categories":[44,371],"tags":[],"class_list":["post-13613","post","type-post","status-publish","format-standard","has-post-thumbnail","hentry","category-corporate-de","category-media-de"],"yoast_head":"<!-- This site is optimized with the Yoast SEO Premium plugin v27.0 (Yoast SEO v27.0) - https:\/\/yoast.com\/product\/yoast-seo-premium-wordpress\/ -->\n<title>\u00dcbernahme der Joint-Venture-Anteile von Axel Springer in Ungarn, Serbien, Slowakei, Estland, Lettland und Litauen vollzogen - Ringier<\/title>\n<meta name=\"robots\" content=\"index, follow, max-snippet:-1, max-image-preview:large, max-video-preview:-1\" \/>\n<link rel=\"canonical\" href=\"https:\/\/www.ringier.com\/de\/uebernahme-der-joint-venture-anteile-von-axel-springer-in-ungarn-serbien-slowakei-estland-lettland-und-litauen-vollzogen\/\" \/>\n<meta property=\"og:locale\" content=\"de_DE\" \/>\n<meta property=\"og:type\" content=\"article\" \/>\n<meta property=\"og:title\" content=\"\u00dcbernahme der Joint-Venture-Anteile von Axel Springer in Ungarn, Serbien, Slowakei, Estland, Lettland und Litauen vollzogen\" \/>\n<meta property=\"og:description\" content=\"Ringier hat die am 28.07.2021 kommunizierte \u00dcbernahme der Axel-Springer-Anteile in Ungarn, Serbien, der Slowakei und den baltischen Staaten nach erfolgter Zustimmung der nationalen Kartellrechtsbeh\u00f6rden vollzogen. Mit dieser Transaktion treibt Ringier seine internationale Wachstums- und Investitionsstrategie im Bereich der digitalen Marktpl\u00e4tze und der Medienmarken weiter voran. Damit ist die Ringier-Gruppe in neun mittel- und osteurop\u00e4ischen L\u00e4ndern f\u00fchrend im Bereich Medien und digitale Marktpl\u00e4tze.\" \/>\n<meta property=\"og:url\" content=\"https:\/\/www.ringier.com\/de\/uebernahme-der-joint-venture-anteile-von-axel-springer-in-ungarn-serbien-slowakei-estland-lettland-und-litauen-vollzogen\/\" \/>\n<meta property=\"og:site_name\" content=\"Ringier\" \/>\n<meta property=\"article:publisher\" content=\"https:\/\/www.facebook.com\/ringierag\/\" \/>\n<meta property=\"article:published_time\" content=\"2022-02-17T13:00:00+00:00\" \/>\n<meta property=\"article:modified_time\" content=\"2024-11-13T16:02:56+00:00\" \/>\n<meta property=\"og:image\" content=\"https:\/\/www.ringier.com\/wp-content\/uploads\/2022\/02\/CEE-PressRelease-Visual.jpg\" \/>\n\t<meta property=\"og:image:width\" content=\"2233\" \/>\n\t<meta property=\"og:image:height\" content=\"1167\" \/>\n\t<meta property=\"og:image:type\" content=\"image\/jpeg\" \/>\n<meta name=\"author\" content=\"Ringier Corporate Communications\" \/>\n<meta name=\"twitter:card\" content=\"summary_large_image\" \/>\n<meta name=\"twitter:creator\" content=\"@ringier_ag\" \/>\n<meta name=\"twitter:site\" content=\"@ringier_ag\" \/>\n<meta name=\"twitter:label1\" content=\"Verfasst von\" \/>\n\t<meta name=\"twitter:data1\" content=\"Ringier Corporate Communications\" \/>\n\t<meta name=\"twitter:label2\" content=\"Gesch\u00e4tzte Lesezeit\" \/>\n\t<meta name=\"twitter:data2\" content=\"3 Minuten\" \/>\n<script type=\"application\/ld+json\" class=\"yoast-schema-graph\">{\"@context\":\"https:\/\/schema.org\",\"@graph\":[{\"@type\":\"Article\",\"@id\":\"https:\/\/www.ringier.com\/de\/uebernahme-der-joint-venture-anteile-von-axel-springer-in-ungarn-serbien-slowakei-estland-lettland-und-litauen-vollzogen\/#article\",\"isPartOf\":{\"@id\":\"https:\/\/www.ringier.com\/de\/uebernahme-der-joint-venture-anteile-von-axel-springer-in-ungarn-serbien-slowakei-estland-lettland-und-litauen-vollzogen\/\"},\"author\":{\"name\":\"Ringier Corporate Communications\",\"@id\":\"https:\/\/www.ringier.com\/de\/#\/schema\/person\/4cf76a308dc4b2bb5121bd1e7b752e52\"},\"headline\":\"\u00dcbernahme der Joint-Venture-Anteile von Axel Springer in Ungarn, Serbien, Slowakei, Estland, Lettland und Litauen vollzogen\",\"datePublished\":\"2022-02-17T13:00:00+00:00\",\"dateModified\":\"2024-11-13T16:02:56+00:00\",\"mainEntityOfPage\":{\"@id\":\"https:\/\/www.ringier.com\/de\/uebernahme-der-joint-venture-anteile-von-axel-springer-in-ungarn-serbien-slowakei-estland-lettland-und-litauen-vollzogen\/\"},\"wordCount\":401,\"publisher\":{\"@id\":\"https:\/\/www.ringier.com\/de\/#organization\"},\"image\":{\"@id\":\"https:\/\/www.ringier.com\/de\/uebernahme-der-joint-venture-anteile-von-axel-springer-in-ungarn-serbien-slowakei-estland-lettland-und-litauen-vollzogen\/#primaryimage\"},\"thumbnailUrl\":\"https:\/\/www.ringier.com\/wp-content\/uploads\/2022\/02\/CEE-PressRelease-Visual.jpg\",\"articleSection\":[\"Corporate\",\"Media\"],\"inLanguage\":\"de-DE\"},{\"@type\":\"WebPage\",\"@id\":\"https:\/\/www.ringier.com\/de\/uebernahme-der-joint-venture-anteile-von-axel-springer-in-ungarn-serbien-slowakei-estland-lettland-und-litauen-vollzogen\/\",\"url\":\"https:\/\/www.ringier.com\/de\/uebernahme-der-joint-venture-anteile-von-axel-springer-in-ungarn-serbien-slowakei-estland-lettland-und-litauen-vollzogen\/\",\"name\":\"\u00dcbernahme der Joint-Venture-Anteile von Axel Springer in Ungarn, Serbien, Slowakei, Estland, Lettland und Litauen vollzogen - Ringier\",\"isPartOf\":{\"@id\":\"https:\/\/www.ringier.com\/de\/#website\"},\"primaryImageOfPage\":{\"@id\":\"https:\/\/www.ringier.com\/de\/uebernahme-der-joint-venture-anteile-von-axel-springer-in-ungarn-serbien-slowakei-estland-lettland-und-litauen-vollzogen\/#primaryimage\"},\"image\":{\"@id\":\"https:\/\/www.ringier.com\/de\/uebernahme-der-joint-venture-anteile-von-axel-springer-in-ungarn-serbien-slowakei-estland-lettland-und-litauen-vollzogen\/#primaryimage\"},\"thumbnailUrl\":\"https:\/\/www.ringier.com\/wp-content\/uploads\/2022\/02\/CEE-PressRelease-Visual.jpg\",\"datePublished\":\"2022-02-17T13:00:00+00:00\",\"dateModified\":\"2024-11-13T16:02:56+00:00\",\"breadcrumb\":{\"@id\":\"https:\/\/www.ringier.com\/de\/uebernahme-der-joint-venture-anteile-von-axel-springer-in-ungarn-serbien-slowakei-estland-lettland-und-litauen-vollzogen\/#breadcrumb\"},\"inLanguage\":\"de-DE\",\"potentialAction\":[{\"@type\":\"ReadAction\",\"target\":[\"https:\/\/www.ringier.com\/de\/uebernahme-der-joint-venture-anteile-von-axel-springer-in-ungarn-serbien-slowakei-estland-lettland-und-litauen-vollzogen\/\"]}]},{\"@type\":\"ImageObject\",\"inLanguage\":\"de-DE\",\"@id\":\"https:\/\/www.ringier.com\/de\/uebernahme-der-joint-venture-anteile-von-axel-springer-in-ungarn-serbien-slowakei-estland-lettland-und-litauen-vollzogen\/#primaryimage\",\"url\":\"https:\/\/www.ringier.com\/wp-content\/uploads\/2022\/02\/CEE-PressRelease-Visual.jpg\",\"contentUrl\":\"https:\/\/www.ringier.com\/wp-content\/uploads\/2022\/02\/CEE-PressRelease-Visual.jpg\",\"width\":2233,\"height\":1167},{\"@type\":\"BreadcrumbList\",\"@id\":\"https:\/\/www.ringier.com\/de\/uebernahme-der-joint-venture-anteile-von-axel-springer-in-ungarn-serbien-slowakei-estland-lettland-und-litauen-vollzogen\/#breadcrumb\",\"itemListElement\":[{\"@type\":\"ListItem\",\"position\":1,\"name\":\"Home\",\"item\":\"https:\/\/www.ringier.com\/de\/\"},{\"@type\":\"ListItem\",\"position\":2,\"name\":\"\u00dcbernahme der Joint-Venture-Anteile von Axel Springer in Ungarn, Serbien, Slowakei, Estland, Lettland und Litauen vollzogen\"}]},{\"@type\":\"WebSite\",\"@id\":\"https:\/\/www.ringier.com\/de\/#website\",\"url\":\"https:\/\/www.ringier.com\/de\/\",\"name\":\"Ringier\",\"description\":\"We inform. We entertain. We connect\",\"publisher\":{\"@id\":\"https:\/\/www.ringier.com\/de\/#organization\"},\"potentialAction\":[{\"@type\":\"SearchAction\",\"target\":{\"@type\":\"EntryPoint\",\"urlTemplate\":\"https:\/\/www.ringier.com\/de\/?s={search_term_string}\"},\"query-input\":{\"@type\":\"PropertyValueSpecification\",\"valueRequired\":true,\"valueName\":\"search_term_string\"}}],\"inLanguage\":\"de-DE\"},{\"@type\":\"Organization\",\"@id\":\"https:\/\/www.ringier.com\/de\/#organization\",\"name\":\"Ringier\",\"url\":\"https:\/\/www.ringier.com\/de\/\",\"logo\":{\"@type\":\"ImageObject\",\"inLanguage\":\"de-DE\",\"@id\":\"https:\/\/www.ringier.com\/de\/#\/schema\/logo\/image\/\",\"url\":\"https:\/\/www.ringier.com\/wp-content\/uploads\/2021\/10\/ringier_logo_2.jpg\",\"contentUrl\":\"https:\/\/www.ringier.com\/wp-content\/uploads\/2021\/10\/ringier_logo_2.jpg\",\"width\":750,\"height\":550,\"caption\":\"Ringier\"},\"image\":{\"@id\":\"https:\/\/www.ringier.com\/de\/#\/schema\/logo\/image\/\"},\"sameAs\":[\"https:\/\/www.facebook.com\/ringierag\/\",\"https:\/\/x.com\/ringier_ag\",\"https:\/\/www.instagram.com\/ringier_ag\/\",\"https:\/\/www.linkedin.com\/company\/ringier\/\",\"https:\/\/www.youtube.com\/user\/RingierComm\",\"https:\/\/en.wikipedia.org\/wiki\/Ringier\",\"https:\/\/de.wikipedia.org\/wiki\/Ringier\",\"https:\/\/fr.wikipedia.org\/wiki\/Ringier\",\"https:\/\/www.crunchbase.com\/organization\/ringier-ag\"]},{\"@type\":\"Person\",\"@id\":\"https:\/\/www.ringier.com\/de\/#\/schema\/person\/4cf76a308dc4b2bb5121bd1e7b752e52\",\"name\":\"Ringier Corporate Communications\",\"image\":{\"@type\":\"ImageObject\",\"inLanguage\":\"de-DE\",\"@id\":\"https:\/\/www.ringier.com\/de\/#\/schema\/person\/image\/\",\"url\":\"https:\/\/secure.gravatar.com\/avatar\/9391e20481368d5df4fe3e1e476c13b27786347489822ec1ed07e532bb41f587?s=96&d=mm&r=g\",\"contentUrl\":\"https:\/\/secure.gravatar.com\/avatar\/9391e20481368d5df4fe3e1e476c13b27786347489822ec1ed07e532bb41f587?s=96&d=mm&r=g\",\"caption\":\"Ringier Corporate Communications\"},\"sameAs\":[\"https:\/\/www.ringier.com\"]}]}<\/script>\n<!-- \/ Yoast SEO Premium plugin. -->","yoast_head_json":{"title":"\u00dcbernahme der Joint-Venture-Anteile von Axel Springer in Ungarn, Serbien, Slowakei, Estland, Lettland und Litauen vollzogen - Ringier","robots":{"index":"index","follow":"follow","max-snippet":"max-snippet:-1","max-image-preview":"max-image-preview:large","max-video-preview":"max-video-preview:-1"},"canonical":"https:\/\/www.ringier.com\/de\/uebernahme-der-joint-venture-anteile-von-axel-springer-in-ungarn-serbien-slowakei-estland-lettland-und-litauen-vollzogen\/","og_locale":"de_DE","og_type":"article","og_title":"\u00dcbernahme der Joint-Venture-Anteile von Axel Springer in Ungarn, Serbien, Slowakei, Estland, Lettland und Litauen vollzogen","og_description":"Ringier hat die am 28.07.2021 kommunizierte \u00dcbernahme der Axel-Springer-Anteile in Ungarn, Serbien, der Slowakei und den baltischen Staaten nach erfolgter Zustimmung der nationalen Kartellrechtsbeh\u00f6rden vollzogen. Mit dieser Transaktion treibt Ringier seine internationale Wachstums- und Investitionsstrategie im Bereich der digitalen Marktpl\u00e4tze und der Medienmarken weiter voran. Damit ist die Ringier-Gruppe in neun mittel- und osteurop\u00e4ischen L\u00e4ndern f\u00fchrend im Bereich Medien und digitale Marktpl\u00e4tze.","og_url":"https:\/\/www.ringier.com\/de\/uebernahme-der-joint-venture-anteile-von-axel-springer-in-ungarn-serbien-slowakei-estland-lettland-und-litauen-vollzogen\/","og_site_name":"Ringier","article_publisher":"https:\/\/www.facebook.com\/ringierag\/","article_published_time":"2022-02-17T13:00:00+00:00","article_modified_time":"2024-11-13T16:02:56+00:00","og_image":[{"width":2233,"height":1167,"url":"https:\/\/www.ringier.com\/wp-content\/uploads\/2022\/02\/CEE-PressRelease-Visual.jpg","type":"image\/jpeg"}],"author":"Ringier Corporate Communications","twitter_card":"summary_large_image","twitter_creator":"@ringier_ag","twitter_site":"@ringier_ag","twitter_misc":{"Verfasst von":"Ringier Corporate Communications","Gesch\u00e4tzte Lesezeit":"3 Minuten"},"schema":{"@context":"https:\/\/schema.org","@graph":[{"@type":"Article","@id":"https:\/\/www.ringier.com\/de\/uebernahme-der-joint-venture-anteile-von-axel-springer-in-ungarn-serbien-slowakei-estland-lettland-und-litauen-vollzogen\/#article","isPartOf":{"@id":"https:\/\/www.ringier.com\/de\/uebernahme-der-joint-venture-anteile-von-axel-springer-in-ungarn-serbien-slowakei-estland-lettland-und-litauen-vollzogen\/"},"author":{"name":"Ringier Corporate Communications","@id":"https:\/\/www.ringier.com\/de\/#\/schema\/person\/4cf76a308dc4b2bb5121bd1e7b752e52"},"headline":"\u00dcbernahme der Joint-Venture-Anteile von Axel Springer in Ungarn, Serbien, Slowakei, Estland, Lettland und Litauen vollzogen","datePublished":"2022-02-17T13:00:00+00:00","dateModified":"2024-11-13T16:02:56+00:00","mainEntityOfPage":{"@id":"https:\/\/www.ringier.com\/de\/uebernahme-der-joint-venture-anteile-von-axel-springer-in-ungarn-serbien-slowakei-estland-lettland-und-litauen-vollzogen\/"},"wordCount":401,"publisher":{"@id":"https:\/\/www.ringier.com\/de\/#organization"},"image":{"@id":"https:\/\/www.ringier.com\/de\/uebernahme-der-joint-venture-anteile-von-axel-springer-in-ungarn-serbien-slowakei-estland-lettland-und-litauen-vollzogen\/#primaryimage"},"thumbnailUrl":"https:\/\/www.ringier.com\/wp-content\/uploads\/2022\/02\/CEE-PressRelease-Visual.jpg","articleSection":["Corporate","Media"],"inLanguage":"de-DE"},{"@type":"WebPage","@id":"https:\/\/www.ringier.com\/de\/uebernahme-der-joint-venture-anteile-von-axel-springer-in-ungarn-serbien-slowakei-estland-lettland-und-litauen-vollzogen\/","url":"https:\/\/www.ringier.com\/de\/uebernahme-der-joint-venture-anteile-von-axel-springer-in-ungarn-serbien-slowakei-estland-lettland-und-litauen-vollzogen\/","name":"\u00dcbernahme der Joint-Venture-Anteile von Axel Springer in Ungarn, Serbien, Slowakei, Estland, Lettland und Litauen vollzogen - Ringier","isPartOf":{"@id":"https:\/\/www.ringier.com\/de\/#website"},"primaryImageOfPage":{"@id":"https:\/\/www.ringier.com\/de\/uebernahme-der-joint-venture-anteile-von-axel-springer-in-ungarn-serbien-slowakei-estland-lettland-und-litauen-vollzogen\/#primaryimage"},"image":{"@id":"https:\/\/www.ringier.com\/de\/uebernahme-der-joint-venture-anteile-von-axel-springer-in-ungarn-serbien-slowakei-estland-lettland-und-litauen-vollzogen\/#primaryimage"},"thumbnailUrl":"https:\/\/www.ringier.com\/wp-content\/uploads\/2022\/02\/CEE-PressRelease-Visual.jpg","datePublished":"2022-02-17T13:00:00+00:00","dateModified":"2024-11-13T16:02:56+00:00","breadcrumb":{"@id":"https:\/\/www.ringier.com\/de\/uebernahme-der-joint-venture-anteile-von-axel-springer-in-ungarn-serbien-slowakei-estland-lettland-und-litauen-vollzogen\/#breadcrumb"},"inLanguage":"de-DE","potentialAction":[{"@type":"ReadAction","target":["https:\/\/www.ringier.com\/de\/uebernahme-der-joint-venture-anteile-von-axel-springer-in-ungarn-serbien-slowakei-estland-lettland-und-litauen-vollzogen\/"]}]},{"@type":"ImageObject","inLanguage":"de-DE","@id":"https:\/\/www.ringier.com\/de\/uebernahme-der-joint-venture-anteile-von-axel-springer-in-ungarn-serbien-slowakei-estland-lettland-und-litauen-vollzogen\/#primaryimage","url":"https:\/\/www.ringier.com\/wp-content\/uploads\/2022\/02\/CEE-PressRelease-Visual.jpg","contentUrl":"https:\/\/www.ringier.com\/wp-content\/uploads\/2022\/02\/CEE-PressRelease-Visual.jpg","width":2233,"height":1167},{"@type":"BreadcrumbList","@id":"https:\/\/www.ringier.com\/de\/uebernahme-der-joint-venture-anteile-von-axel-springer-in-ungarn-serbien-slowakei-estland-lettland-und-litauen-vollzogen\/#breadcrumb","itemListElement":[{"@type":"ListItem","position":1,"name":"Home","item":"https:\/\/www.ringier.com\/de\/"},{"@type":"ListItem","position":2,"name":"\u00dcbernahme der Joint-Venture-Anteile von Axel Springer in Ungarn, Serbien, Slowakei, Estland, Lettland und Litauen vollzogen"}]},{"@type":"WebSite","@id":"https:\/\/www.ringier.com\/de\/#website","url":"https:\/\/www.ringier.com\/de\/","name":"Ringier","description":"We inform. We entertain. We connect","publisher":{"@id":"https:\/\/www.ringier.com\/de\/#organization"},"potentialAction":[{"@type":"SearchAction","target":{"@type":"EntryPoint","urlTemplate":"https:\/\/www.ringier.com\/de\/?s={search_term_string}"},"query-input":{"@type":"PropertyValueSpecification","valueRequired":true,"valueName":"search_term_string"}}],"inLanguage":"de-DE"},{"@type":"Organization","@id":"https:\/\/www.ringier.com\/de\/#organization","name":"Ringier","url":"https:\/\/www.ringier.com\/de\/","logo":{"@type":"ImageObject","inLanguage":"de-DE","@id":"https:\/\/www.ringier.com\/de\/#\/schema\/logo\/image\/","url":"https:\/\/www.ringier.com\/wp-content\/uploads\/2021\/10\/ringier_logo_2.jpg","contentUrl":"https:\/\/www.ringier.com\/wp-content\/uploads\/2021\/10\/ringier_logo_2.jpg","width":750,"height":550,"caption":"Ringier"},"image":{"@id":"https:\/\/www.ringier.com\/de\/#\/schema\/logo\/image\/"},"sameAs":["https:\/\/www.facebook.com\/ringierag\/","https:\/\/x.com\/ringier_ag","https:\/\/www.instagram.com\/ringier_ag\/","https:\/\/www.linkedin.com\/company\/ringier\/","https:\/\/www.youtube.com\/user\/RingierComm","https:\/\/en.wikipedia.org\/wiki\/Ringier","https:\/\/de.wikipedia.org\/wiki\/Ringier","https:\/\/fr.wikipedia.org\/wiki\/Ringier","https:\/\/www.crunchbase.com\/organization\/ringier-ag"]},{"@type":"Person","@id":"https:\/\/www.ringier.com\/de\/#\/schema\/person\/4cf76a308dc4b2bb5121bd1e7b752e52","name":"Ringier Corporate Communications","image":{"@type":"ImageObject","inLanguage":"de-DE","@id":"https:\/\/www.ringier.com\/de\/#\/schema\/person\/image\/","url":"https:\/\/secure.gravatar.com\/avatar\/9391e20481368d5df4fe3e1e476c13b27786347489822ec1ed07e532bb41f587?s=96&d=mm&r=g","contentUrl":"https:\/\/secure.gravatar.com\/avatar\/9391e20481368d5df4fe3e1e476c13b27786347489822ec1ed07e532bb41f587?s=96&d=mm&r=g","caption":"Ringier Corporate Communications"},"sameAs":["https:\/\/www.ringier.com"]}]}},"_links":{"self":[{"href":"https:\/\/www.ringier.com\/de\/wp-json\/wp\/v2\/posts\/13613","targetHints":{"allow":["GET"]}}],"collection":[{"href":"https:\/\/www.ringier.com\/de\/wp-json\/wp\/v2\/posts"}],"about":[{"href":"https:\/\/www.ringier.com\/de\/wp-json\/wp\/v2\/types\/post"}],"author":[{"embeddable":true,"href":"https:\/\/www.ringier.com\/de\/wp-json\/wp\/v2\/users\/23"}],"replies":[{"embeddable":true,"href":"https:\/\/www.ringier.com\/de\/wp-json\/wp\/v2\/comments?post=13613"}],"version-history":[{"count":0,"href":"https:\/\/www.ringier.com\/de\/wp-json\/wp\/v2\/posts\/13613\/revisions"}],"wp:featuredmedia":[{"embeddable":true,"href":"https:\/\/www.ringier.com\/de\/wp-json\/wp\/v2\/media\/13614"}],"wp:attachment":[{"href":"https:\/\/www.ringier.com\/de\/wp-json\/wp\/v2\/media?parent=13613"}],"wp:term":[{"taxonomy":"category","embeddable":true,"href":"https:\/\/www.ringier.com\/de\/wp-json\/wp\/v2\/categories?post=13613"},{"taxonomy":"post_tag","embeddable":true,"href":"https:\/\/www.ringier.com\/de\/wp-json\/wp\/v2\/tags?post=13613"}],"curies":[{"name":"wp","href":"https:\/\/api.w.org\/{rel}","templated":true}]}}