{"id":1331,"date":"2015-09-07T08:13:00","date_gmt":"2015-09-07T06:13:00","guid":{"rendered":"https:\/\/www.ringier.com\/?p=1331"},"modified":"2024-11-25T17:37:51","modified_gmt":"2024-11-25T16:37:51","slug":"ringier-lanciert-die-zweite-staffel-von-landliebe-tv","status":"publish","type":"post","link":"https:\/\/www.ringier.com\/de\/ringier-lanciert-die-zweite-staffel-von-landliebe-tv\/","title":{"rendered":"Ringier lanciert die zweite Staffel von LandLiebe TV"},"content":{"rendered":"\n<p>Das Magazin\u00a0<em>Schweizer LandLiebe<\/em>\u00a0ist romantisch, entschleunigend und sehr schweizerisch. Genauso pr\u00e4sentiert sich auch\u00a0<em>LandLiebe TV<\/em>, das nach der erfolgreichen ersten Staffel im Fr\u00fchjahr 2014 am 26. September 2015 mit der zweiten Staffel auf Sendung geht. Geschichten \u00fcber die Natursch\u00f6nheiten der Schweiz sowie \u00fcber authentische Menschen und ihr Schaffen sind die Basis des TV-Formats. Auch der kulinarische Aspekt kommt in der zweiten Staffel nicht zu kurz: So ist wieder Fernsehkoch Andreas C. Studer \u00abStudi\u00bb mit dabei und sorgt in jeder Sendung f\u00fcr w\u00e4hrschafte Gerichte aus der traditionellen Schweizer K\u00fcche.<br><br><em>LandLiebe TV<\/em>\u00a0wird jeweils samstags um 19.55 Uhr auf SAT.1 Schweiz ausgestrahlt. Die Staffel beinhaltet zw\u00f6lf Sendungen mit einer L\u00e4nge von je vierzehn Minuten. Die Wiederholung erscheint jeweils am Montag der Folgewoche, ebenfalls um 19.55 Uhr.<br>Produziert wird die Sendung von b&amp;b endemol. Hauptsponsor ist der Schweizer Discounter Denner.<br><br>Sara Rafi, Projektleitung Ringier AG: \u00abWir freuen uns sehr, dass wir nach dem Erfolg der ersten Staffel das Format erneut ausstrahlen. Wir werden unseren Zuschauerinnen und Zuschauern auch in den neuen Folgen wieder einzigartige Kulissen und Geschichten bieten k\u00f6nnen\u00bb.<br><br>Ebenfalls zur\u00a0<em>LandLiebe<\/em>-Familie<em>\u00a0<\/em>z\u00e4hlt \u2013 nebst dem sechs Mal j\u00e4hrlich erscheinenden<em>\u00a0<\/em>Magazin mit 562\u2018000 Lesern \u2013 das\u00a0<em>LandLiebe Radio<\/em>, bei dem vor allem Musik mit kultureller Vielfalt und Authentizit\u00e4t im Vordergrund steht.\u00a0<em>LandLiebe Radio\u00a0<\/em>kann via DAB+, per Online-Stream und Mobile-App verfolgt werden. Die Produktion des Formats erfolgt in enger Zusammenarbeit zwischen der\u00a0<em>LandLiebe<\/em>-Redaktion und\u00a0<em>Energy<\/em>\u00a0Schweiz.<br><br>Ringier AG, Corporate Communications<\/p>\n\n\n\n<figure class=\"wp-block-image\"><img decoding=\"async\" src=\"https:\/\/www.ringier.ch\/sites\/default\/files\/styles\/full-page\/public\/images\/studi_landliebetv_2.staffel_web.jpg?itok=uO-zf7T3\" alt=\"Andreas C. Studer \u00abStudi\u00bb\" title=\"Andreas C. Studer \u00abStudi\u00bb\"\/><\/figure>\n","protected":false},"excerpt":{"rendered":"<p>Am 26. September 2015 startet auf SAT.1 Schweiz die zweite Staffel von LandLiebe TV. W\u00e4hrend zw\u00f6lf Folgen zeigt das Format jeweils am Samstagabend spannende Geschichten \u00fcber Schweizer Traditionen, atemberaubende Landschaften und authentische Menschen. Am Herd steht Fernsehkoch Andreas C. Studer \u00abStudi\u00bb und sorgt in jeder Sendung f\u00fcr Traditionelles aus der Schweizer K\u00fcche.<\/p>\n","protected":false},"author":23,"featured_media":1332,"comment_status":"closed","ping_status":"open","sticky":false,"template":"","format":"standard","meta":{"inline_featured_image":false,"footnotes":""},"categories":[371,361],"tags":[],"class_list":["post-1331","post","type-post","status-publish","format-standard","has-post-thumbnail","hentry","category-media-de","category-ringier-medien-schweiz"],"yoast_head":"<!-- This site is optimized with the Yoast SEO Premium plugin v27.0 (Yoast SEO v27.0) - https:\/\/yoast.com\/product\/yoast-seo-premium-wordpress\/ -->\n<title>Ringier lanciert die zweite Staffel von LandLiebe TV - Ringier<\/title>\n<meta name=\"robots\" content=\"index, follow, max-snippet:-1, max-image-preview:large, max-video-preview:-1\" \/>\n<link rel=\"canonical\" href=\"https:\/\/www.ringier.com\/de\/ringier-lanciert-die-zweite-staffel-von-landliebe-tv\/\" \/>\n<meta property=\"og:locale\" content=\"de_DE\" \/>\n<meta property=\"og:type\" content=\"article\" \/>\n<meta property=\"og:title\" content=\"Ringier lanciert die zweite Staffel von LandLiebe TV\" \/>\n<meta property=\"og:description\" content=\"Am 26. September 2015 startet auf SAT.1 Schweiz die zweite Staffel von LandLiebe TV. W\u00e4hrend zw\u00f6lf Folgen zeigt das Format jeweils am Samstagabend spannende Geschichten \u00fcber Schweizer Traditionen, atemberaubende Landschaften und authentische Menschen. Am Herd steht Fernsehkoch Andreas C. Studer \u00abStudi\u00bb und sorgt in jeder Sendung f\u00fcr Traditionelles aus der Schweizer K\u00fcche.\" \/>\n<meta property=\"og:url\" content=\"https:\/\/www.ringier.com\/de\/ringier-lanciert-die-zweite-staffel-von-landliebe-tv\/\" \/>\n<meta property=\"og:site_name\" content=\"Ringier\" \/>\n<meta property=\"article:publisher\" content=\"https:\/\/www.facebook.com\/ringierag\/\" \/>\n<meta property=\"article:published_time\" content=\"2015-09-07T06:13:00+00:00\" \/>\n<meta property=\"article:modified_time\" content=\"2024-11-25T16:37:51+00:00\" \/>\n<meta property=\"og:image\" content=\"https:\/\/www.ringier.com\/wp-content\/uploads\/2021\/08\/landschaft_landliebetv_web.jpg\" \/>\n\t<meta property=\"og:image:width\" content=\"750\" \/>\n\t<meta property=\"og:image:height\" content=\"500\" \/>\n\t<meta property=\"og:image:type\" content=\"image\/jpeg\" \/>\n<meta name=\"author\" content=\"Ringier Corporate Communications\" \/>\n<meta name=\"twitter:card\" content=\"summary_large_image\" \/>\n<meta name=\"twitter:creator\" content=\"@ringier_ag\" \/>\n<meta name=\"twitter:site\" content=\"@ringier_ag\" \/>\n<meta name=\"twitter:label1\" content=\"Verfasst von\" \/>\n\t<meta name=\"twitter:data1\" content=\"Ringier Corporate Communications\" \/>\n\t<meta name=\"twitter:label2\" content=\"Gesch\u00e4tzte Lesezeit\" \/>\n\t<meta name=\"twitter:data2\" content=\"2 Minuten\" \/>\n<script type=\"application\/ld+json\" class=\"yoast-schema-graph\">{\"@context\":\"https:\/\/schema.org\",\"@graph\":[{\"@type\":\"Article\",\"@id\":\"https:\/\/www.ringier.com\/de\/ringier-lanciert-die-zweite-staffel-von-landliebe-tv\/#article\",\"isPartOf\":{\"@id\":\"https:\/\/www.ringier.com\/de\/ringier-lanciert-die-zweite-staffel-von-landliebe-tv\/\"},\"author\":{\"name\":\"Ringier Corporate Communications\",\"@id\":\"https:\/\/www.ringier.com\/de\/#\/schema\/person\/4cf76a308dc4b2bb5121bd1e7b752e52\"},\"headline\":\"Ringier lanciert die zweite Staffel von LandLiebe TV\",\"datePublished\":\"2015-09-07T06:13:00+00:00\",\"dateModified\":\"2024-11-25T16:37:51+00:00\",\"mainEntityOfPage\":{\"@id\":\"https:\/\/www.ringier.com\/de\/ringier-lanciert-die-zweite-staffel-von-landliebe-tv\/\"},\"wordCount\":252,\"publisher\":{\"@id\":\"https:\/\/www.ringier.com\/de\/#organization\"},\"image\":{\"@id\":\"https:\/\/www.ringier.com\/de\/ringier-lanciert-die-zweite-staffel-von-landliebe-tv\/#primaryimage\"},\"thumbnailUrl\":\"https:\/\/www.ringier.com\/wp-content\/uploads\/2021\/08\/landschaft_landliebetv_web.jpg\",\"articleSection\":[\"Media\",\"Ringier Medien Schweiz\"],\"inLanguage\":\"de-DE\"},{\"@type\":\"WebPage\",\"@id\":\"https:\/\/www.ringier.com\/de\/ringier-lanciert-die-zweite-staffel-von-landliebe-tv\/\",\"url\":\"https:\/\/www.ringier.com\/de\/ringier-lanciert-die-zweite-staffel-von-landliebe-tv\/\",\"name\":\"Ringier lanciert die zweite Staffel von LandLiebe TV - Ringier\",\"isPartOf\":{\"@id\":\"https:\/\/www.ringier.com\/de\/#website\"},\"primaryImageOfPage\":{\"@id\":\"https:\/\/www.ringier.com\/de\/ringier-lanciert-die-zweite-staffel-von-landliebe-tv\/#primaryimage\"},\"image\":{\"@id\":\"https:\/\/www.ringier.com\/de\/ringier-lanciert-die-zweite-staffel-von-landliebe-tv\/#primaryimage\"},\"thumbnailUrl\":\"https:\/\/www.ringier.com\/wp-content\/uploads\/2021\/08\/landschaft_landliebetv_web.jpg\",\"datePublished\":\"2015-09-07T06:13:00+00:00\",\"dateModified\":\"2024-11-25T16:37:51+00:00\",\"breadcrumb\":{\"@id\":\"https:\/\/www.ringier.com\/de\/ringier-lanciert-die-zweite-staffel-von-landliebe-tv\/#breadcrumb\"},\"inLanguage\":\"de-DE\",\"potentialAction\":[{\"@type\":\"ReadAction\",\"target\":[\"https:\/\/www.ringier.com\/de\/ringier-lanciert-die-zweite-staffel-von-landliebe-tv\/\"]}]},{\"@type\":\"ImageObject\",\"inLanguage\":\"de-DE\",\"@id\":\"https:\/\/www.ringier.com\/de\/ringier-lanciert-die-zweite-staffel-von-landliebe-tv\/#primaryimage\",\"url\":\"https:\/\/www.ringier.com\/wp-content\/uploads\/2021\/08\/landschaft_landliebetv_web.jpg\",\"contentUrl\":\"https:\/\/www.ringier.com\/wp-content\/uploads\/2021\/08\/landschaft_landliebetv_web.jpg\",\"width\":750,\"height\":500},{\"@type\":\"BreadcrumbList\",\"@id\":\"https:\/\/www.ringier.com\/de\/ringier-lanciert-die-zweite-staffel-von-landliebe-tv\/#breadcrumb\",\"itemListElement\":[{\"@type\":\"ListItem\",\"position\":1,\"name\":\"Home\",\"item\":\"https:\/\/www.ringier.com\/de\/\"},{\"@type\":\"ListItem\",\"position\":2,\"name\":\"Ringier lanciert die zweite Staffel von LandLiebe TV\"}]},{\"@type\":\"WebSite\",\"@id\":\"https:\/\/www.ringier.com\/de\/#website\",\"url\":\"https:\/\/www.ringier.com\/de\/\",\"name\":\"Ringier\",\"description\":\"We inform. We entertain. We connect\",\"publisher\":{\"@id\":\"https:\/\/www.ringier.com\/de\/#organization\"},\"potentialAction\":[{\"@type\":\"SearchAction\",\"target\":{\"@type\":\"EntryPoint\",\"urlTemplate\":\"https:\/\/www.ringier.com\/de\/?s={search_term_string}\"},\"query-input\":{\"@type\":\"PropertyValueSpecification\",\"valueRequired\":true,\"valueName\":\"search_term_string\"}}],\"inLanguage\":\"de-DE\"},{\"@type\":\"Organization\",\"@id\":\"https:\/\/www.ringier.com\/de\/#organization\",\"name\":\"Ringier\",\"url\":\"https:\/\/www.ringier.com\/de\/\",\"logo\":{\"@type\":\"ImageObject\",\"inLanguage\":\"de-DE\",\"@id\":\"https:\/\/www.ringier.com\/de\/#\/schema\/logo\/image\/\",\"url\":\"https:\/\/www.ringier.com\/wp-content\/uploads\/2021\/10\/ringier_logo_2.jpg\",\"contentUrl\":\"https:\/\/www.ringier.com\/wp-content\/uploads\/2021\/10\/ringier_logo_2.jpg\",\"width\":750,\"height\":550,\"caption\":\"Ringier\"},\"image\":{\"@id\":\"https:\/\/www.ringier.com\/de\/#\/schema\/logo\/image\/\"},\"sameAs\":[\"https:\/\/www.facebook.com\/ringierag\/\",\"https:\/\/x.com\/ringier_ag\",\"https:\/\/www.instagram.com\/ringier_ag\/\",\"https:\/\/www.linkedin.com\/company\/ringier\/\",\"https:\/\/www.youtube.com\/user\/RingierComm\",\"https:\/\/en.wikipedia.org\/wiki\/Ringier\",\"https:\/\/de.wikipedia.org\/wiki\/Ringier\",\"https:\/\/fr.wikipedia.org\/wiki\/Ringier\",\"https:\/\/www.crunchbase.com\/organization\/ringier-ag\"]},{\"@type\":\"Person\",\"@id\":\"https:\/\/www.ringier.com\/de\/#\/schema\/person\/4cf76a308dc4b2bb5121bd1e7b752e52\",\"name\":\"Ringier Corporate Communications\",\"image\":{\"@type\":\"ImageObject\",\"inLanguage\":\"de-DE\",\"@id\":\"https:\/\/www.ringier.com\/de\/#\/schema\/person\/image\/\",\"url\":\"https:\/\/secure.gravatar.com\/avatar\/9391e20481368d5df4fe3e1e476c13b27786347489822ec1ed07e532bb41f587?s=96&d=mm&r=g\",\"contentUrl\":\"https:\/\/secure.gravatar.com\/avatar\/9391e20481368d5df4fe3e1e476c13b27786347489822ec1ed07e532bb41f587?s=96&d=mm&r=g\",\"caption\":\"Ringier Corporate Communications\"},\"sameAs\":[\"https:\/\/www.ringier.com\"]}]}<\/script>\n<!-- \/ Yoast SEO Premium plugin. -->","yoast_head_json":{"title":"Ringier lanciert die zweite Staffel von LandLiebe TV - Ringier","robots":{"index":"index","follow":"follow","max-snippet":"max-snippet:-1","max-image-preview":"max-image-preview:large","max-video-preview":"max-video-preview:-1"},"canonical":"https:\/\/www.ringier.com\/de\/ringier-lanciert-die-zweite-staffel-von-landliebe-tv\/","og_locale":"de_DE","og_type":"article","og_title":"Ringier lanciert die zweite Staffel von LandLiebe TV","og_description":"Am 26. September 2015 startet auf SAT.1 Schweiz die zweite Staffel von LandLiebe TV. W\u00e4hrend zw\u00f6lf Folgen zeigt das Format jeweils am Samstagabend spannende Geschichten \u00fcber Schweizer Traditionen, atemberaubende Landschaften und authentische Menschen. Am Herd steht Fernsehkoch Andreas C. Studer \u00abStudi\u00bb und sorgt in jeder Sendung f\u00fcr Traditionelles aus der Schweizer K\u00fcche.","og_url":"https:\/\/www.ringier.com\/de\/ringier-lanciert-die-zweite-staffel-von-landliebe-tv\/","og_site_name":"Ringier","article_publisher":"https:\/\/www.facebook.com\/ringierag\/","article_published_time":"2015-09-07T06:13:00+00:00","article_modified_time":"2024-11-25T16:37:51+00:00","og_image":[{"width":750,"height":500,"url":"https:\/\/www.ringier.com\/wp-content\/uploads\/2021\/08\/landschaft_landliebetv_web.jpg","type":"image\/jpeg"}],"author":"Ringier Corporate Communications","twitter_card":"summary_large_image","twitter_creator":"@ringier_ag","twitter_site":"@ringier_ag","twitter_misc":{"Verfasst von":"Ringier Corporate Communications","Gesch\u00e4tzte Lesezeit":"2 Minuten"},"schema":{"@context":"https:\/\/schema.org","@graph":[{"@type":"Article","@id":"https:\/\/www.ringier.com\/de\/ringier-lanciert-die-zweite-staffel-von-landliebe-tv\/#article","isPartOf":{"@id":"https:\/\/www.ringier.com\/de\/ringier-lanciert-die-zweite-staffel-von-landliebe-tv\/"},"author":{"name":"Ringier Corporate Communications","@id":"https:\/\/www.ringier.com\/de\/#\/schema\/person\/4cf76a308dc4b2bb5121bd1e7b752e52"},"headline":"Ringier lanciert die zweite Staffel von LandLiebe TV","datePublished":"2015-09-07T06:13:00+00:00","dateModified":"2024-11-25T16:37:51+00:00","mainEntityOfPage":{"@id":"https:\/\/www.ringier.com\/de\/ringier-lanciert-die-zweite-staffel-von-landliebe-tv\/"},"wordCount":252,"publisher":{"@id":"https:\/\/www.ringier.com\/de\/#organization"},"image":{"@id":"https:\/\/www.ringier.com\/de\/ringier-lanciert-die-zweite-staffel-von-landliebe-tv\/#primaryimage"},"thumbnailUrl":"https:\/\/www.ringier.com\/wp-content\/uploads\/2021\/08\/landschaft_landliebetv_web.jpg","articleSection":["Media","Ringier Medien Schweiz"],"inLanguage":"de-DE"},{"@type":"WebPage","@id":"https:\/\/www.ringier.com\/de\/ringier-lanciert-die-zweite-staffel-von-landliebe-tv\/","url":"https:\/\/www.ringier.com\/de\/ringier-lanciert-die-zweite-staffel-von-landliebe-tv\/","name":"Ringier lanciert die zweite Staffel von LandLiebe TV - Ringier","isPartOf":{"@id":"https:\/\/www.ringier.com\/de\/#website"},"primaryImageOfPage":{"@id":"https:\/\/www.ringier.com\/de\/ringier-lanciert-die-zweite-staffel-von-landliebe-tv\/#primaryimage"},"image":{"@id":"https:\/\/www.ringier.com\/de\/ringier-lanciert-die-zweite-staffel-von-landliebe-tv\/#primaryimage"},"thumbnailUrl":"https:\/\/www.ringier.com\/wp-content\/uploads\/2021\/08\/landschaft_landliebetv_web.jpg","datePublished":"2015-09-07T06:13:00+00:00","dateModified":"2024-11-25T16:37:51+00:00","breadcrumb":{"@id":"https:\/\/www.ringier.com\/de\/ringier-lanciert-die-zweite-staffel-von-landliebe-tv\/#breadcrumb"},"inLanguage":"de-DE","potentialAction":[{"@type":"ReadAction","target":["https:\/\/www.ringier.com\/de\/ringier-lanciert-die-zweite-staffel-von-landliebe-tv\/"]}]},{"@type":"ImageObject","inLanguage":"de-DE","@id":"https:\/\/www.ringier.com\/de\/ringier-lanciert-die-zweite-staffel-von-landliebe-tv\/#primaryimage","url":"https:\/\/www.ringier.com\/wp-content\/uploads\/2021\/08\/landschaft_landliebetv_web.jpg","contentUrl":"https:\/\/www.ringier.com\/wp-content\/uploads\/2021\/08\/landschaft_landliebetv_web.jpg","width":750,"height":500},{"@type":"BreadcrumbList","@id":"https:\/\/www.ringier.com\/de\/ringier-lanciert-die-zweite-staffel-von-landliebe-tv\/#breadcrumb","itemListElement":[{"@type":"ListItem","position":1,"name":"Home","item":"https:\/\/www.ringier.com\/de\/"},{"@type":"ListItem","position":2,"name":"Ringier lanciert die zweite Staffel von LandLiebe TV"}]},{"@type":"WebSite","@id":"https:\/\/www.ringier.com\/de\/#website","url":"https:\/\/www.ringier.com\/de\/","name":"Ringier","description":"We inform. We entertain. We connect","publisher":{"@id":"https:\/\/www.ringier.com\/de\/#organization"},"potentialAction":[{"@type":"SearchAction","target":{"@type":"EntryPoint","urlTemplate":"https:\/\/www.ringier.com\/de\/?s={search_term_string}"},"query-input":{"@type":"PropertyValueSpecification","valueRequired":true,"valueName":"search_term_string"}}],"inLanguage":"de-DE"},{"@type":"Organization","@id":"https:\/\/www.ringier.com\/de\/#organization","name":"Ringier","url":"https:\/\/www.ringier.com\/de\/","logo":{"@type":"ImageObject","inLanguage":"de-DE","@id":"https:\/\/www.ringier.com\/de\/#\/schema\/logo\/image\/","url":"https:\/\/www.ringier.com\/wp-content\/uploads\/2021\/10\/ringier_logo_2.jpg","contentUrl":"https:\/\/www.ringier.com\/wp-content\/uploads\/2021\/10\/ringier_logo_2.jpg","width":750,"height":550,"caption":"Ringier"},"image":{"@id":"https:\/\/www.ringier.com\/de\/#\/schema\/logo\/image\/"},"sameAs":["https:\/\/www.facebook.com\/ringierag\/","https:\/\/x.com\/ringier_ag","https:\/\/www.instagram.com\/ringier_ag\/","https:\/\/www.linkedin.com\/company\/ringier\/","https:\/\/www.youtube.com\/user\/RingierComm","https:\/\/en.wikipedia.org\/wiki\/Ringier","https:\/\/de.wikipedia.org\/wiki\/Ringier","https:\/\/fr.wikipedia.org\/wiki\/Ringier","https:\/\/www.crunchbase.com\/organization\/ringier-ag"]},{"@type":"Person","@id":"https:\/\/www.ringier.com\/de\/#\/schema\/person\/4cf76a308dc4b2bb5121bd1e7b752e52","name":"Ringier Corporate Communications","image":{"@type":"ImageObject","inLanguage":"de-DE","@id":"https:\/\/www.ringier.com\/de\/#\/schema\/person\/image\/","url":"https:\/\/secure.gravatar.com\/avatar\/9391e20481368d5df4fe3e1e476c13b27786347489822ec1ed07e532bb41f587?s=96&d=mm&r=g","contentUrl":"https:\/\/secure.gravatar.com\/avatar\/9391e20481368d5df4fe3e1e476c13b27786347489822ec1ed07e532bb41f587?s=96&d=mm&r=g","caption":"Ringier Corporate Communications"},"sameAs":["https:\/\/www.ringier.com"]}]}},"_links":{"self":[{"href":"https:\/\/www.ringier.com\/de\/wp-json\/wp\/v2\/posts\/1331","targetHints":{"allow":["GET"]}}],"collection":[{"href":"https:\/\/www.ringier.com\/de\/wp-json\/wp\/v2\/posts"}],"about":[{"href":"https:\/\/www.ringier.com\/de\/wp-json\/wp\/v2\/types\/post"}],"author":[{"embeddable":true,"href":"https:\/\/www.ringier.com\/de\/wp-json\/wp\/v2\/users\/23"}],"replies":[{"embeddable":true,"href":"https:\/\/www.ringier.com\/de\/wp-json\/wp\/v2\/comments?post=1331"}],"version-history":[{"count":0,"href":"https:\/\/www.ringier.com\/de\/wp-json\/wp\/v2\/posts\/1331\/revisions"}],"wp:featuredmedia":[{"embeddable":true,"href":"https:\/\/www.ringier.com\/de\/wp-json\/wp\/v2\/media\/1332"}],"wp:attachment":[{"href":"https:\/\/www.ringier.com\/de\/wp-json\/wp\/v2\/media?parent=1331"}],"wp:term":[{"taxonomy":"category","embeddable":true,"href":"https:\/\/www.ringier.com\/de\/wp-json\/wp\/v2\/categories?post=1331"},{"taxonomy":"post_tag","embeddable":true,"href":"https:\/\/www.ringier.com\/de\/wp-json\/wp\/v2\/tags?post=1331"}],"curies":[{"name":"wp","href":"https:\/\/api.w.org\/{rel}","templated":true}]}}