{"id":1183,"date":"2016-12-13T14:12:00","date_gmt":"2016-12-13T13:12:00","guid":{"rendered":"https:\/\/www.ringier.com\/?p=1183"},"modified":"2024-11-22T13:51:03","modified_gmt":"2024-11-22T12:51:03","slug":"ringier-beim-online-karrieretag-in-zuerich","status":"publish","type":"post","link":"https:\/\/www.ringier.com\/de\/ringier-beim-online-karrieretag-in-zuerich\/","title":{"rendered":"Ringier beim \u00abOnline-Karrieretag\u00bb in Z\u00fcrich"},"content":{"rendered":"\n<p>An der Messe k\u00f6nnen Young Professionals und Studenten namhafte Unternehmen der Digitalbranche auf Augenh\u00f6he kennenlernen. Die Internet-Industrie w\u00e4chst seit mehr als 10 Jahren immer st\u00e4rker an und ein Ende ist nicht in Sicht. Auch Ringier ist ein Teil dieser Zukunftsbranche und bietet der jungen Generation spannende Karriereperspektiven.<\/p>\n\n\n\n<p>Human Resources wird f\u00fcr die Ringier Gruppe mit einem eigenen Stand und dem Motto \u00abGo Future Yourself &#8211; Werde Teil der digitalen Transformation\u00bb an der Messe vertreten sein. Begleitet von&nbsp;<a href=\"http:\/\/scout24.ch\/de\/\">Scout24<\/a>,&nbsp;<a href=\"https:\/\/www.jobcloud.ch\/c\/de-ch\/\">JobCloud<\/a>&nbsp;und&nbsp;<a href=\"http:\/\/www.ringieraxelspringer.ch\/de\">Ringier Axel Springer Schweiz<\/a>&nbsp;werden sie den Besuchern aufzeigen, welche Vielfalt die Ringier Gruppe zu bieten hat.<\/p>\n\n\n\n<p>Ausserdem wird&nbsp;Marco Di Bernardo, Leiter Innovation und Platforms (Data &amp; Technology), einen Vortrag \u00fcber Big Data halten. Der Vortrag findet um 10.50 Uhr auf der Hauptb\u00fchne statt.<\/p>\n\n\n\n<p>Auch&nbsp;Lydia Zollinger, HR Managerin, wird vor Ort sein und an einer Panel-Diskussion \u00fcber die heutigen Anforderungen an junge Bewerber und Bewerberinnen teilnehmen. Die Panel-Diskussion findet um 11.10 Uhr auf der Hauptb\u00fchne statt.<\/p>\n\n\n\n<p>Sie k\u00f6nnen den \u00abOnline-Karrieretag\u00bb auf dem offiziellen Ringier Snapchat-Account mitverfolgen. Unsere Lernenden werden vor Ort spannende Eindr\u00fccke der verschiedenen Aussteller, dem Ringier Stand und von den Vortr\u00e4gen f\u00fcr Sie sammeln.<\/p>\n\n\n\n<p>Die Veranstaltung ist kostenlos f\u00fcr (Young) Professionals (im Berufsleben, keine Altersbeschr\u00e4nkung, keine Headhunter), Studenten und Praktikanten.<\/p>\n\n\n\n<p>Wo: Kongresshaus Z\u00fcrich, Claridenstrasse 5, 8002 Z\u00fcrich.<\/p>\n\n\n\n<p>Wann: Von 10.00 Uhr bis 18.00 Uhr.<\/p>\n\n\n\n<p><a href=\"http:\/\/online-karrieretag.ch\/zuerich\/\">Hier finden Sie weitere Infos zum \u00abOnline-Karrieretag\u00bb.<\/a>&nbsp;<\/p>\n","protected":false},"excerpt":{"rendered":"<p>Am Donnerstag, 15. Dezember findet der erste \u00abOnline-Karrieretag\u00bb in Z\u00fcrich statt. Begleitet von Scout24, JobCloud und Ringier Axel Springer Schweiz, wird die Ringier Gruppe vor Ort mit einem Stand vertreten sein.<\/p>\n","protected":false},"author":23,"featured_media":1185,"comment_status":"closed","ping_status":"open","sticky":false,"template":"","format":"standard","meta":{"inline_featured_image":false,"footnotes":""},"categories":[44],"tags":[],"class_list":["post-1183","post","type-post","status-publish","format-standard","has-post-thumbnail","hentry","category-corporate-de"],"yoast_head":"<!-- This site is optimized with the Yoast SEO Premium plugin v27.0 (Yoast SEO v27.0) - https:\/\/yoast.com\/product\/yoast-seo-premium-wordpress\/ -->\n<title>Ringier beim \u00abOnline-Karrieretag\u00bb in Z\u00fcrich - Ringier<\/title>\n<meta name=\"robots\" content=\"index, follow, max-snippet:-1, max-image-preview:large, max-video-preview:-1\" \/>\n<link rel=\"canonical\" href=\"https:\/\/www.ringier.com\/de\/ringier-beim-online-karrieretag-in-zuerich\/\" \/>\n<meta property=\"og:locale\" content=\"de_DE\" \/>\n<meta property=\"og:type\" content=\"article\" \/>\n<meta property=\"og:title\" content=\"Ringier beim \u00abOnline-Karrieretag\u00bb in Z\u00fcrich\" \/>\n<meta property=\"og:description\" content=\"Am Donnerstag, 15. Dezember findet der erste \u00abOnline-Karrieretag\u00bb in Z\u00fcrich statt. Begleitet von Scout24, JobCloud und Ringier Axel Springer Schweiz, wird die Ringier Gruppe vor Ort mit einem Stand vertreten sein.\" \/>\n<meta property=\"og:url\" content=\"https:\/\/www.ringier.com\/de\/ringier-beim-online-karrieretag-in-zuerich\/\" \/>\n<meta property=\"og:site_name\" content=\"Ringier\" \/>\n<meta property=\"article:publisher\" content=\"https:\/\/www.facebook.com\/ringierag\/\" \/>\n<meta property=\"article:published_time\" content=\"2016-12-13T13:12:00+00:00\" \/>\n<meta property=\"article:modified_time\" content=\"2024-11-22T12:51:03+00:00\" \/>\n<meta property=\"og:image\" content=\"https:\/\/www.ringier.com\/wp-content\/uploads\/2021\/08\/go_future_yourself_teasernew.jpg\" \/>\n\t<meta property=\"og:image:width\" content=\"600\" \/>\n\t<meta property=\"og:image:height\" content=\"400\" \/>\n\t<meta property=\"og:image:type\" content=\"image\/jpeg\" \/>\n<meta name=\"author\" content=\"Ringier Corporate Communications\" \/>\n<meta name=\"twitter:card\" content=\"summary_large_image\" \/>\n<meta name=\"twitter:creator\" content=\"@ringier_ag\" \/>\n<meta name=\"twitter:site\" content=\"@ringier_ag\" \/>\n<meta name=\"twitter:label1\" content=\"Verfasst von\" \/>\n\t<meta name=\"twitter:data1\" content=\"Ringier Corporate Communications\" \/>\n\t<meta name=\"twitter:label2\" content=\"Gesch\u00e4tzte Lesezeit\" \/>\n\t<meta name=\"twitter:data2\" content=\"2 Minuten\" \/>\n<script type=\"application\/ld+json\" class=\"yoast-schema-graph\">{\"@context\":\"https:\/\/schema.org\",\"@graph\":[{\"@type\":\"Article\",\"@id\":\"https:\/\/www.ringier.com\/de\/ringier-beim-online-karrieretag-in-zuerich\/#article\",\"isPartOf\":{\"@id\":\"https:\/\/www.ringier.com\/de\/ringier-beim-online-karrieretag-in-zuerich\/\"},\"author\":{\"name\":\"Ringier Corporate Communications\",\"@id\":\"https:\/\/www.ringier.com\/de\/#\/schema\/person\/4cf76a308dc4b2bb5121bd1e7b752e52\"},\"headline\":\"Ringier beim \u00abOnline-Karrieretag\u00bb in Z\u00fcrich\",\"datePublished\":\"2016-12-13T13:12:00+00:00\",\"dateModified\":\"2024-11-22T12:51:03+00:00\",\"mainEntityOfPage\":{\"@id\":\"https:\/\/www.ringier.com\/de\/ringier-beim-online-karrieretag-in-zuerich\/\"},\"wordCount\":247,\"publisher\":{\"@id\":\"https:\/\/www.ringier.com\/de\/#organization\"},\"image\":{\"@id\":\"https:\/\/www.ringier.com\/de\/ringier-beim-online-karrieretag-in-zuerich\/#primaryimage\"},\"thumbnailUrl\":\"https:\/\/www.ringier.com\/wp-content\/uploads\/2021\/08\/go_future_yourself_teasernew.jpg\",\"articleSection\":[\"Corporate\"],\"inLanguage\":\"de-DE\"},{\"@type\":\"WebPage\",\"@id\":\"https:\/\/www.ringier.com\/de\/ringier-beim-online-karrieretag-in-zuerich\/\",\"url\":\"https:\/\/www.ringier.com\/de\/ringier-beim-online-karrieretag-in-zuerich\/\",\"name\":\"Ringier beim \u00abOnline-Karrieretag\u00bb in Z\u00fcrich - Ringier\",\"isPartOf\":{\"@id\":\"https:\/\/www.ringier.com\/de\/#website\"},\"primaryImageOfPage\":{\"@id\":\"https:\/\/www.ringier.com\/de\/ringier-beim-online-karrieretag-in-zuerich\/#primaryimage\"},\"image\":{\"@id\":\"https:\/\/www.ringier.com\/de\/ringier-beim-online-karrieretag-in-zuerich\/#primaryimage\"},\"thumbnailUrl\":\"https:\/\/www.ringier.com\/wp-content\/uploads\/2021\/08\/go_future_yourself_teasernew.jpg\",\"datePublished\":\"2016-12-13T13:12:00+00:00\",\"dateModified\":\"2024-11-22T12:51:03+00:00\",\"breadcrumb\":{\"@id\":\"https:\/\/www.ringier.com\/de\/ringier-beim-online-karrieretag-in-zuerich\/#breadcrumb\"},\"inLanguage\":\"de-DE\",\"potentialAction\":[{\"@type\":\"ReadAction\",\"target\":[\"https:\/\/www.ringier.com\/de\/ringier-beim-online-karrieretag-in-zuerich\/\"]}]},{\"@type\":\"ImageObject\",\"inLanguage\":\"de-DE\",\"@id\":\"https:\/\/www.ringier.com\/de\/ringier-beim-online-karrieretag-in-zuerich\/#primaryimage\",\"url\":\"https:\/\/www.ringier.com\/wp-content\/uploads\/2021\/08\/go_future_yourself_teasernew.jpg\",\"contentUrl\":\"https:\/\/www.ringier.com\/wp-content\/uploads\/2021\/08\/go_future_yourself_teasernew.jpg\",\"width\":600,\"height\":400},{\"@type\":\"BreadcrumbList\",\"@id\":\"https:\/\/www.ringier.com\/de\/ringier-beim-online-karrieretag-in-zuerich\/#breadcrumb\",\"itemListElement\":[{\"@type\":\"ListItem\",\"position\":1,\"name\":\"Home\",\"item\":\"https:\/\/www.ringier.com\/de\/\"},{\"@type\":\"ListItem\",\"position\":2,\"name\":\"Ringier beim \u00abOnline-Karrieretag\u00bb in Z\u00fcrich\"}]},{\"@type\":\"WebSite\",\"@id\":\"https:\/\/www.ringier.com\/de\/#website\",\"url\":\"https:\/\/www.ringier.com\/de\/\",\"name\":\"Ringier\",\"description\":\"We inform. We entertain. We connect\",\"publisher\":{\"@id\":\"https:\/\/www.ringier.com\/de\/#organization\"},\"potentialAction\":[{\"@type\":\"SearchAction\",\"target\":{\"@type\":\"EntryPoint\",\"urlTemplate\":\"https:\/\/www.ringier.com\/de\/?s={search_term_string}\"},\"query-input\":{\"@type\":\"PropertyValueSpecification\",\"valueRequired\":true,\"valueName\":\"search_term_string\"}}],\"inLanguage\":\"de-DE\"},{\"@type\":\"Organization\",\"@id\":\"https:\/\/www.ringier.com\/de\/#organization\",\"name\":\"Ringier\",\"url\":\"https:\/\/www.ringier.com\/de\/\",\"logo\":{\"@type\":\"ImageObject\",\"inLanguage\":\"de-DE\",\"@id\":\"https:\/\/www.ringier.com\/de\/#\/schema\/logo\/image\/\",\"url\":\"https:\/\/www.ringier.com\/wp-content\/uploads\/2021\/10\/ringier_logo_2.jpg\",\"contentUrl\":\"https:\/\/www.ringier.com\/wp-content\/uploads\/2021\/10\/ringier_logo_2.jpg\",\"width\":750,\"height\":550,\"caption\":\"Ringier\"},\"image\":{\"@id\":\"https:\/\/www.ringier.com\/de\/#\/schema\/logo\/image\/\"},\"sameAs\":[\"https:\/\/www.facebook.com\/ringierag\/\",\"https:\/\/x.com\/ringier_ag\",\"https:\/\/www.instagram.com\/ringier_ag\/\",\"https:\/\/www.linkedin.com\/company\/ringier\/\",\"https:\/\/www.youtube.com\/user\/RingierComm\",\"https:\/\/en.wikipedia.org\/wiki\/Ringier\",\"https:\/\/de.wikipedia.org\/wiki\/Ringier\",\"https:\/\/fr.wikipedia.org\/wiki\/Ringier\",\"https:\/\/www.crunchbase.com\/organization\/ringier-ag\"]},{\"@type\":\"Person\",\"@id\":\"https:\/\/www.ringier.com\/de\/#\/schema\/person\/4cf76a308dc4b2bb5121bd1e7b752e52\",\"name\":\"Ringier Corporate Communications\",\"image\":{\"@type\":\"ImageObject\",\"inLanguage\":\"de-DE\",\"@id\":\"https:\/\/www.ringier.com\/de\/#\/schema\/person\/image\/\",\"url\":\"https:\/\/secure.gravatar.com\/avatar\/9391e20481368d5df4fe3e1e476c13b27786347489822ec1ed07e532bb41f587?s=96&d=mm&r=g\",\"contentUrl\":\"https:\/\/secure.gravatar.com\/avatar\/9391e20481368d5df4fe3e1e476c13b27786347489822ec1ed07e532bb41f587?s=96&d=mm&r=g\",\"caption\":\"Ringier Corporate Communications\"},\"sameAs\":[\"https:\/\/www.ringier.com\"]}]}<\/script>\n<!-- \/ Yoast SEO Premium plugin. -->","yoast_head_json":{"title":"Ringier beim \u00abOnline-Karrieretag\u00bb in Z\u00fcrich - Ringier","robots":{"index":"index","follow":"follow","max-snippet":"max-snippet:-1","max-image-preview":"max-image-preview:large","max-video-preview":"max-video-preview:-1"},"canonical":"https:\/\/www.ringier.com\/de\/ringier-beim-online-karrieretag-in-zuerich\/","og_locale":"de_DE","og_type":"article","og_title":"Ringier beim \u00abOnline-Karrieretag\u00bb in Z\u00fcrich","og_description":"Am Donnerstag, 15. Dezember findet der erste \u00abOnline-Karrieretag\u00bb in Z\u00fcrich statt. Begleitet von Scout24, JobCloud und Ringier Axel Springer Schweiz, wird die Ringier Gruppe vor Ort mit einem Stand vertreten sein.","og_url":"https:\/\/www.ringier.com\/de\/ringier-beim-online-karrieretag-in-zuerich\/","og_site_name":"Ringier","article_publisher":"https:\/\/www.facebook.com\/ringierag\/","article_published_time":"2016-12-13T13:12:00+00:00","article_modified_time":"2024-11-22T12:51:03+00:00","og_image":[{"width":600,"height":400,"url":"https:\/\/www.ringier.com\/wp-content\/uploads\/2021\/08\/go_future_yourself_teasernew.jpg","type":"image\/jpeg"}],"author":"Ringier Corporate Communications","twitter_card":"summary_large_image","twitter_creator":"@ringier_ag","twitter_site":"@ringier_ag","twitter_misc":{"Verfasst von":"Ringier Corporate Communications","Gesch\u00e4tzte Lesezeit":"2 Minuten"},"schema":{"@context":"https:\/\/schema.org","@graph":[{"@type":"Article","@id":"https:\/\/www.ringier.com\/de\/ringier-beim-online-karrieretag-in-zuerich\/#article","isPartOf":{"@id":"https:\/\/www.ringier.com\/de\/ringier-beim-online-karrieretag-in-zuerich\/"},"author":{"name":"Ringier Corporate Communications","@id":"https:\/\/www.ringier.com\/de\/#\/schema\/person\/4cf76a308dc4b2bb5121bd1e7b752e52"},"headline":"Ringier beim \u00abOnline-Karrieretag\u00bb in Z\u00fcrich","datePublished":"2016-12-13T13:12:00+00:00","dateModified":"2024-11-22T12:51:03+00:00","mainEntityOfPage":{"@id":"https:\/\/www.ringier.com\/de\/ringier-beim-online-karrieretag-in-zuerich\/"},"wordCount":247,"publisher":{"@id":"https:\/\/www.ringier.com\/de\/#organization"},"image":{"@id":"https:\/\/www.ringier.com\/de\/ringier-beim-online-karrieretag-in-zuerich\/#primaryimage"},"thumbnailUrl":"https:\/\/www.ringier.com\/wp-content\/uploads\/2021\/08\/go_future_yourself_teasernew.jpg","articleSection":["Corporate"],"inLanguage":"de-DE"},{"@type":"WebPage","@id":"https:\/\/www.ringier.com\/de\/ringier-beim-online-karrieretag-in-zuerich\/","url":"https:\/\/www.ringier.com\/de\/ringier-beim-online-karrieretag-in-zuerich\/","name":"Ringier beim \u00abOnline-Karrieretag\u00bb in Z\u00fcrich - Ringier","isPartOf":{"@id":"https:\/\/www.ringier.com\/de\/#website"},"primaryImageOfPage":{"@id":"https:\/\/www.ringier.com\/de\/ringier-beim-online-karrieretag-in-zuerich\/#primaryimage"},"image":{"@id":"https:\/\/www.ringier.com\/de\/ringier-beim-online-karrieretag-in-zuerich\/#primaryimage"},"thumbnailUrl":"https:\/\/www.ringier.com\/wp-content\/uploads\/2021\/08\/go_future_yourself_teasernew.jpg","datePublished":"2016-12-13T13:12:00+00:00","dateModified":"2024-11-22T12:51:03+00:00","breadcrumb":{"@id":"https:\/\/www.ringier.com\/de\/ringier-beim-online-karrieretag-in-zuerich\/#breadcrumb"},"inLanguage":"de-DE","potentialAction":[{"@type":"ReadAction","target":["https:\/\/www.ringier.com\/de\/ringier-beim-online-karrieretag-in-zuerich\/"]}]},{"@type":"ImageObject","inLanguage":"de-DE","@id":"https:\/\/www.ringier.com\/de\/ringier-beim-online-karrieretag-in-zuerich\/#primaryimage","url":"https:\/\/www.ringier.com\/wp-content\/uploads\/2021\/08\/go_future_yourself_teasernew.jpg","contentUrl":"https:\/\/www.ringier.com\/wp-content\/uploads\/2021\/08\/go_future_yourself_teasernew.jpg","width":600,"height":400},{"@type":"BreadcrumbList","@id":"https:\/\/www.ringier.com\/de\/ringier-beim-online-karrieretag-in-zuerich\/#breadcrumb","itemListElement":[{"@type":"ListItem","position":1,"name":"Home","item":"https:\/\/www.ringier.com\/de\/"},{"@type":"ListItem","position":2,"name":"Ringier beim \u00abOnline-Karrieretag\u00bb in Z\u00fcrich"}]},{"@type":"WebSite","@id":"https:\/\/www.ringier.com\/de\/#website","url":"https:\/\/www.ringier.com\/de\/","name":"Ringier","description":"We inform. We entertain. We connect","publisher":{"@id":"https:\/\/www.ringier.com\/de\/#organization"},"potentialAction":[{"@type":"SearchAction","target":{"@type":"EntryPoint","urlTemplate":"https:\/\/www.ringier.com\/de\/?s={search_term_string}"},"query-input":{"@type":"PropertyValueSpecification","valueRequired":true,"valueName":"search_term_string"}}],"inLanguage":"de-DE"},{"@type":"Organization","@id":"https:\/\/www.ringier.com\/de\/#organization","name":"Ringier","url":"https:\/\/www.ringier.com\/de\/","logo":{"@type":"ImageObject","inLanguage":"de-DE","@id":"https:\/\/www.ringier.com\/de\/#\/schema\/logo\/image\/","url":"https:\/\/www.ringier.com\/wp-content\/uploads\/2021\/10\/ringier_logo_2.jpg","contentUrl":"https:\/\/www.ringier.com\/wp-content\/uploads\/2021\/10\/ringier_logo_2.jpg","width":750,"height":550,"caption":"Ringier"},"image":{"@id":"https:\/\/www.ringier.com\/de\/#\/schema\/logo\/image\/"},"sameAs":["https:\/\/www.facebook.com\/ringierag\/","https:\/\/x.com\/ringier_ag","https:\/\/www.instagram.com\/ringier_ag\/","https:\/\/www.linkedin.com\/company\/ringier\/","https:\/\/www.youtube.com\/user\/RingierComm","https:\/\/en.wikipedia.org\/wiki\/Ringier","https:\/\/de.wikipedia.org\/wiki\/Ringier","https:\/\/fr.wikipedia.org\/wiki\/Ringier","https:\/\/www.crunchbase.com\/organization\/ringier-ag"]},{"@type":"Person","@id":"https:\/\/www.ringier.com\/de\/#\/schema\/person\/4cf76a308dc4b2bb5121bd1e7b752e52","name":"Ringier Corporate Communications","image":{"@type":"ImageObject","inLanguage":"de-DE","@id":"https:\/\/www.ringier.com\/de\/#\/schema\/person\/image\/","url":"https:\/\/secure.gravatar.com\/avatar\/9391e20481368d5df4fe3e1e476c13b27786347489822ec1ed07e532bb41f587?s=96&d=mm&r=g","contentUrl":"https:\/\/secure.gravatar.com\/avatar\/9391e20481368d5df4fe3e1e476c13b27786347489822ec1ed07e532bb41f587?s=96&d=mm&r=g","caption":"Ringier Corporate Communications"},"sameAs":["https:\/\/www.ringier.com"]}]}},"_links":{"self":[{"href":"https:\/\/www.ringier.com\/de\/wp-json\/wp\/v2\/posts\/1183","targetHints":{"allow":["GET"]}}],"collection":[{"href":"https:\/\/www.ringier.com\/de\/wp-json\/wp\/v2\/posts"}],"about":[{"href":"https:\/\/www.ringier.com\/de\/wp-json\/wp\/v2\/types\/post"}],"author":[{"embeddable":true,"href":"https:\/\/www.ringier.com\/de\/wp-json\/wp\/v2\/users\/23"}],"replies":[{"embeddable":true,"href":"https:\/\/www.ringier.com\/de\/wp-json\/wp\/v2\/comments?post=1183"}],"version-history":[{"count":0,"href":"https:\/\/www.ringier.com\/de\/wp-json\/wp\/v2\/posts\/1183\/revisions"}],"wp:featuredmedia":[{"embeddable":true,"href":"https:\/\/www.ringier.com\/de\/wp-json\/wp\/v2\/media\/1185"}],"wp:attachment":[{"href":"https:\/\/www.ringier.com\/de\/wp-json\/wp\/v2\/media?parent=1183"}],"wp:term":[{"taxonomy":"category","embeddable":true,"href":"https:\/\/www.ringier.com\/de\/wp-json\/wp\/v2\/categories?post=1183"},{"taxonomy":"post_tag","embeddable":true,"href":"https:\/\/www.ringier.com\/de\/wp-json\/wp\/v2\/tags?post=1183"}],"curies":[{"name":"wp","href":"https:\/\/api.w.org\/{rel}","templated":true}]}}