{"id":1124,"date":"2015-11-19T12:52:00","date_gmt":"2015-11-19T11:52:00","guid":{"rendered":"https:\/\/www.ringier.com\/breguet-tradition-automatique-seconde-retrograde-7097-watch-of-the-year-2015\/"},"modified":"2024-11-22T14:32:48","modified_gmt":"2024-11-22T13:32:48","slug":"breguet-tradition-automatique-seconde-retrograde-7097-uhr-des-jahres-2015","status":"publish","type":"post","link":"https:\/\/www.ringier.com\/de\/breguet-tradition-automatique-seconde-retrograde-7097-uhr-des-jahres-2015\/","title":{"rendered":"Breguet Tradition Automatique Seconde R\u00e9trograde 7097 Uhr des Jahres 2015"},"content":{"rendered":"\n<p>Dieses Jahr sieht der Palmar\u00e8s wie folgt aus:<\/p>\n\n\n\n<p><strong>Preis der Jury Uhr des Jahres 2015:<\/strong><br>Breguet \u2013 Tradition Automatique Seconde R\u00e9trograde 7097<\/p>\n\n\n\n<p><strong>Preis der Jury:<\/strong><br>F.P. Journe \u2013 Octa Lune<\/p>\n\n\n\n<p><strong>Preis der Jury:<\/strong><br>Chopard \u2013 L.U.C Regulator<\/p>\n\n\n\n<p><strong>Damenuhr des Jahres:<\/strong><br>Vacheron Constantin \u2013 Harmony Dual Time Petit Mod\u00e8le<\/p>\n\n\n\n<p><strong>Spezialpreis der Jury:<\/strong><br>nicht verliehen<\/p>\n\n\n\n<p>Und wie jedes Jahr konnte auch das Publikum seine Lieblingsuhr w\u00e4hlen, und zwar online auf einer speziellen, w\u00e4hrend drei Wochen ge\u00f6ffneten Website. Nach Ausz\u00e4hlung von mehreren tausend Stimmen fiel der Entscheid:<\/p>\n\n\n\n<p><strong>Preis des Publikums:<\/strong><br>Breguet \u2013 Tradition Automatique Seconde R\u00e9trograde 7097<\/p>\n\n\n\n<p>Die Preise und Pokale wurden den Vertretern der preisgekr\u00f6nten Marken und Manufakturen an einer Galafeier \u00fcberreicht, die am 19. November im Hotel La R\u00e9serve in Genf im Beisein von \u00fcber 500 Pers\u00f6nlichkeiten aus der Uhrenbranche stattfand.<\/p>\n\n\n\n<p>In die Vorauswahl f\u00fcr den Preis werden nur Uhren aufgenommen, die in mindestens 200 St\u00fcck in der Schweiz (Swiss made) hergestellt wurden und im Endverkauf nicht mehr als 50 000 Franken kosten. Durch diese Einschr\u00e4nkung auf preislich relativ erschwingliche und leicht verf\u00fcgbare Modelle will der Preis der Uhr des Jahres m\u00f6glichst nahe an der Leserschaft bleiben.<\/p>\n\n\n\n<p>Die&nbsp;<strong>Breguet Tradition Automatique Seconde<\/strong><strong>R\u00e9trograde 7097&nbsp;<\/strong>stammt aus einer 2005 eingef\u00fchrten Kollektion. Inspiriert von den Subskriptions- und Tastuhren, die Abraham-Louis Breguet ab 1799 konzipierte, sind hier die Organe des Uhrwerks erstmals in Armbanduhren auf statt unter der Platine montiert. Der Pare-chute bei 4 Uhr, Vorl\u00e4ufer der Incabloc-Stosssicherung und Kennzeichen der Kollektion, sch\u00fctzt die Unruhwelle vor Ersch\u00fctterungen. Dieses Manufakturkaliber mit Automatikaufzug ist ausserdem mit einer Hemmung und einer Spiralfeder aus Silizium ausgestattet.<\/p>\n\n\n\n<p>Die neue&nbsp;<strong>F.P. Journe Octa Lune&nbsp;<\/strong>mit Automatikwerk, erh\u00e4ltlich mit einem Rotgold- oder Platingeh\u00e4use von 40 oder 42 mm Durchmesser, wurde zur besseren Lesbarkeit neu \u00fcberarbeitet: Das Datumfenster und das Zifferblatt f\u00fcr Stunde und Minute wurden vergr\u00f6ssert, harmonisch erg\u00e4nzt durch die Anzeige der Mondphase und der Gangreserve f\u00fcr 120 Stunden (f\u00fcnf Tage). Das Modell&nbsp;<strong>Chopard L.U.C Regulator&nbsp;<\/strong>wiederum bleibt ungeachtet seiner sechs Anzeigen (Minute aus der Mitte, Stunde bei 3, kleine Sekunde bei 6, GMT bei 9, Gangreserve bei 12 und Datumfenster bei 4.30 Uhr) \u00e4usserst lesbar. Diese L.U.C Regulator mit 43-mm- Rotgoldgeh\u00e4use, ausgezeichnet mit der Genfer Punze und dem Chronometergangschein, verf\u00fcgt \u00fcber die unglaubliche Gangreserve von 216 Stunden oder 9 Tagen. Die Damenuhr des Jahres schliesslich, die&nbsp;<strong>Vacheron Constantin Harmony Dual Time Petit<\/strong><strong>&nbsp;Mod\u00e8le<\/strong>, \u00fcberzeugte mit dem Design des Geh\u00e4uses, ihrer Sanftheit und Ergonomie.<\/p>\n\n\n\n<p>Der Preis der Uhr des Jahres hat seit 1994 den Zweck, die sowohl nach technischen wie \u00e4sthetischen Gesichtspunkten besten einheimischen Uhrenkreationen des Jahres zu f\u00f6rdern. Geschaffen wurde der Preis von der Zeitschrift&nbsp;<em>Montres Passion<\/em>, die von Ringier in Franz\u00f6sisch und Deutsch herausgegeben wird. Dieses Massst\u00e4be setzende Magazin will als Botschafter der Schweizer Qualit\u00e4tsuhr zur Weiterentwicklung der uhrmacherischen Kultur beitragen.<\/p>\n\n\n\n<p><strong><em>Kontakt:<\/em><\/strong><br><em>Fabrice Eschmann<br>Chefredaktor Montres Passion<br>Ringier SA | Pont Bessi\u00e8res 3 | CP 7289 | CH-1002 Lausanne<br>Telefon: 41 21 331 77 80<br>E-Mail:&nbsp;<a href=\"mailto:fabrice.eschmann@ringier.ch\">fabrice.eschmann@ringier.ch<\/a><\/em><\/p>\n\n\n\n<figure class=\"wp-block-gallery columns-3 is-cropped wp-block-gallery-1 is-layout-flex wp-block-gallery-is-layout-flex\"><ul class=\"blocks-gallery-grid\"><li class=\"blocks-gallery-item\"><figure><img loading=\"lazy\" decoding=\"async\" width=\"750\" height=\"500\" src=\"https:\/\/www.ringier.com\/wp-content\/uploads\/2021\/08\/breguet_premier_prix_et_prix_du_public_web_2.jpg\" alt=\"\" data-id=\"1112\" data-full-url=\"https:\/\/www.ringier.com\/wp-content\/uploads\/2021\/08\/breguet_premier_prix_et_prix_du_public_web_2.jpg\" data-link=\"https:\/\/www.ringier.com\/?attachment_id=1112\" class=\"wp-image-1114\" srcset=\"https:\/\/www.ringier.com\/wp-content\/uploads\/2021\/08\/breguet_premier_prix_et_prix_du_public_web_2.jpg 750w, https:\/\/www.ringier.com\/wp-content\/uploads\/2021\/08\/breguet_premier_prix_et_prix_du_public_web_2-300x200.jpg 300w\" sizes=\"auto, (max-width: 750px) 100vw, 750px\" \/><\/figure><\/li><li class=\"blocks-gallery-item\"><figure><img loading=\"lazy\" decoding=\"async\" width=\"750\" height=\"500\" src=\"https:\/\/www.ringier.com\/wp-content\/uploads\/2021\/08\/chopard_troisieme_prix_web_1.jpg\" alt=\"\" data-id=\"1115\" data-full-url=\"https:\/\/www.ringier.com\/wp-content\/uploads\/2021\/08\/chopard_troisieme_prix_web_1.jpg\" data-link=\"https:\/\/www.ringier.com\/?attachment_id=1115\" class=\"wp-image-1117\" srcset=\"https:\/\/www.ringier.com\/wp-content\/uploads\/2021\/08\/chopard_troisieme_prix_web_1.jpg 750w, https:\/\/www.ringier.com\/wp-content\/uploads\/2021\/08\/chopard_troisieme_prix_web_1-300x200.jpg 300w\" sizes=\"auto, (max-width: 750px) 100vw, 750px\" \/><\/figure><\/li><li class=\"blocks-gallery-item\"><figure><img loading=\"lazy\" decoding=\"async\" width=\"750\" height=\"500\" src=\"https:\/\/www.ringier.com\/wp-content\/uploads\/2021\/08\/fp_journe_deuxieme_prix_web_1.jpg\" alt=\"\" data-id=\"1118\" data-full-url=\"https:\/\/www.ringier.com\/wp-content\/uploads\/2021\/08\/fp_journe_deuxieme_prix_web_1.jpg\" data-link=\"https:\/\/www.ringier.com\/?attachment_id=1118\" class=\"wp-image-1120\" srcset=\"https:\/\/www.ringier.com\/wp-content\/uploads\/2021\/08\/fp_journe_deuxieme_prix_web_1.jpg 750w, https:\/\/www.ringier.com\/wp-content\/uploads\/2021\/08\/fp_journe_deuxieme_prix_web_1-300x200.jpg 300w\" sizes=\"auto, (max-width: 750px) 100vw, 750px\" \/><\/figure><\/li><li class=\"blocks-gallery-item\"><figure><img loading=\"lazy\" decoding=\"async\" width=\"750\" height=\"500\" src=\"https:\/\/www.ringier.com\/wp-content\/uploads\/2021\/08\/vacheron_constantin_prix_montre_dame_web_1.jpg\" alt=\"\" data-id=\"1121\" data-full-url=\"https:\/\/www.ringier.com\/wp-content\/uploads\/2021\/08\/vacheron_constantin_prix_montre_dame_web_1.jpg\" data-link=\"https:\/\/www.ringier.com\/?attachment_id=1121\" class=\"wp-image-1123\" srcset=\"https:\/\/www.ringier.com\/wp-content\/uploads\/2021\/08\/vacheron_constantin_prix_montre_dame_web_1.jpg 750w, https:\/\/www.ringier.com\/wp-content\/uploads\/2021\/08\/vacheron_constantin_prix_montre_dame_web_1-300x200.jpg 300w\" sizes=\"auto, (max-width: 750px) 100vw, 750px\" \/><figcaption class=\"blocks-gallery-item__caption\">Harmony<\/figcaption><\/figure><\/li><\/ul><\/figure>\n","protected":false},"excerpt":{"rendered":"<p>Aussergew\u00f6hnlicher Auftritt der Ausgabe 2015! Erstmals in der Geschichte der Preises der Uhr des Jahres haben Jury und Publikum \u2013 selbstverst\u00e4ndlich unabh\u00e4ngig voneinander \u2013 ein und dieselbe Uhr f\u00fcr den Siegerplatz auf dem Podest ausgew\u00e4hlt. Diese \u00dcbereinstimmung bei der Bewertung zeugt davon, dass dieser Wettbewerb immer nahe bei den Leserinnen und Lesern von Montres Passion sein wollte.<\/p>\n","protected":false},"author":23,"featured_media":1111,"comment_status":"closed","ping_status":"open","sticky":false,"template":"","format":"standard","meta":{"inline_featured_image":false,"footnotes":""},"categories":[371,361],"tags":[],"class_list":["post-1124","post","type-post","status-publish","format-standard","has-post-thumbnail","hentry","category-media-de","category-ringier-medien-schweiz"],"yoast_head":"<!-- This site is optimized with the Yoast SEO Premium plugin v27.0 (Yoast SEO v27.0) - https:\/\/yoast.com\/product\/yoast-seo-premium-wordpress\/ -->\n<title>Breguet Tradition Automatique Seconde R\u00e9trograde 7097 Uhr des Jahres 2015 - Ringier<\/title>\n<meta name=\"robots\" content=\"index, follow, max-snippet:-1, max-image-preview:large, max-video-preview:-1\" \/>\n<link rel=\"canonical\" href=\"https:\/\/www.ringier.com\/de\/breguet-tradition-automatique-seconde-retrograde-7097-uhr-des-jahres-2015\/\" \/>\n<meta property=\"og:locale\" content=\"de_DE\" \/>\n<meta property=\"og:type\" content=\"article\" \/>\n<meta property=\"og:title\" content=\"Breguet Tradition Automatique Seconde R\u00e9trograde 7097 Uhr des Jahres 2015\" \/>\n<meta property=\"og:description\" content=\"Aussergew\u00f6hnlicher Auftritt der Ausgabe 2015! Erstmals in der Geschichte der Preises der Uhr des Jahres haben Jury und Publikum \u2013 selbstverst\u00e4ndlich unabh\u00e4ngig voneinander \u2013 ein und dieselbe Uhr f\u00fcr den Siegerplatz auf dem Podest ausgew\u00e4hlt. Diese \u00dcbereinstimmung bei der Bewertung zeugt davon, dass dieser Wettbewerb immer nahe bei den Leserinnen und Lesern von Montres Passion sein wollte.\" \/>\n<meta property=\"og:url\" content=\"https:\/\/www.ringier.com\/de\/breguet-tradition-automatique-seconde-retrograde-7097-uhr-des-jahres-2015\/\" \/>\n<meta property=\"og:site_name\" content=\"Ringier\" \/>\n<meta property=\"article:publisher\" content=\"https:\/\/www.facebook.com\/ringierag\/\" \/>\n<meta property=\"article:published_time\" content=\"2015-11-19T11:52:00+00:00\" \/>\n<meta property=\"article:modified_time\" content=\"2024-11-22T13:32:48+00:00\" \/>\n<meta property=\"og:image\" content=\"https:\/\/www.ringier.com\/wp-content\/uploads\/2021\/08\/logo_montre_de_lannee_2015_web_0.jpg\" \/>\n\t<meta property=\"og:image:width\" content=\"750\" \/>\n\t<meta property=\"og:image:height\" content=\"500\" \/>\n\t<meta property=\"og:image:type\" content=\"image\/jpeg\" \/>\n<meta name=\"author\" content=\"Ringier Corporate Communications\" \/>\n<meta name=\"twitter:card\" content=\"summary_large_image\" \/>\n<meta name=\"twitter:creator\" content=\"@ringier_ag\" \/>\n<meta name=\"twitter:site\" content=\"@ringier_ag\" \/>\n<meta name=\"twitter:label1\" content=\"Verfasst von\" \/>\n\t<meta name=\"twitter:data1\" content=\"Ringier Corporate Communications\" \/>\n\t<meta name=\"twitter:label2\" content=\"Gesch\u00e4tzte Lesezeit\" \/>\n\t<meta name=\"twitter:data2\" content=\"4 Minuten\" \/>\n<script type=\"application\/ld+json\" class=\"yoast-schema-graph\">{\"@context\":\"https:\/\/schema.org\",\"@graph\":[{\"@type\":\"Article\",\"@id\":\"https:\/\/www.ringier.com\/de\/breguet-tradition-automatique-seconde-retrograde-7097-uhr-des-jahres-2015\/#article\",\"isPartOf\":{\"@id\":\"https:\/\/www.ringier.com\/de\/breguet-tradition-automatique-seconde-retrograde-7097-uhr-des-jahres-2015\/\"},\"author\":{\"name\":\"Ringier Corporate Communications\",\"@id\":\"https:\/\/www.ringier.com\/de\/#\/schema\/person\/4cf76a308dc4b2bb5121bd1e7b752e52\"},\"headline\":\"Breguet Tradition Automatique Seconde R\u00e9trograde 7097 Uhr des Jahres 2015\",\"datePublished\":\"2015-11-19T11:52:00+00:00\",\"dateModified\":\"2024-11-22T13:32:48+00:00\",\"mainEntityOfPage\":{\"@id\":\"https:\/\/www.ringier.com\/de\/breguet-tradition-automatique-seconde-retrograde-7097-uhr-des-jahres-2015\/\"},\"wordCount\":505,\"publisher\":{\"@id\":\"https:\/\/www.ringier.com\/de\/#organization\"},\"image\":{\"@id\":\"https:\/\/www.ringier.com\/de\/breguet-tradition-automatique-seconde-retrograde-7097-uhr-des-jahres-2015\/#primaryimage\"},\"thumbnailUrl\":\"https:\/\/www.ringier.com\/wp-content\/uploads\/2021\/08\/logo_montre_de_lannee_2015_web_0.jpg\",\"articleSection\":[\"Media\",\"Ringier Medien Schweiz\"],\"inLanguage\":\"de-DE\"},{\"@type\":\"WebPage\",\"@id\":\"https:\/\/www.ringier.com\/de\/breguet-tradition-automatique-seconde-retrograde-7097-uhr-des-jahres-2015\/\",\"url\":\"https:\/\/www.ringier.com\/de\/breguet-tradition-automatique-seconde-retrograde-7097-uhr-des-jahres-2015\/\",\"name\":\"Breguet Tradition Automatique Seconde R\u00e9trograde 7097 Uhr des Jahres 2015 - Ringier\",\"isPartOf\":{\"@id\":\"https:\/\/www.ringier.com\/de\/#website\"},\"primaryImageOfPage\":{\"@id\":\"https:\/\/www.ringier.com\/de\/breguet-tradition-automatique-seconde-retrograde-7097-uhr-des-jahres-2015\/#primaryimage\"},\"image\":{\"@id\":\"https:\/\/www.ringier.com\/de\/breguet-tradition-automatique-seconde-retrograde-7097-uhr-des-jahres-2015\/#primaryimage\"},\"thumbnailUrl\":\"https:\/\/www.ringier.com\/wp-content\/uploads\/2021\/08\/logo_montre_de_lannee_2015_web_0.jpg\",\"datePublished\":\"2015-11-19T11:52:00+00:00\",\"dateModified\":\"2024-11-22T13:32:48+00:00\",\"breadcrumb\":{\"@id\":\"https:\/\/www.ringier.com\/de\/breguet-tradition-automatique-seconde-retrograde-7097-uhr-des-jahres-2015\/#breadcrumb\"},\"inLanguage\":\"de-DE\",\"potentialAction\":[{\"@type\":\"ReadAction\",\"target\":[\"https:\/\/www.ringier.com\/de\/breguet-tradition-automatique-seconde-retrograde-7097-uhr-des-jahres-2015\/\"]}]},{\"@type\":\"ImageObject\",\"inLanguage\":\"de-DE\",\"@id\":\"https:\/\/www.ringier.com\/de\/breguet-tradition-automatique-seconde-retrograde-7097-uhr-des-jahres-2015\/#primaryimage\",\"url\":\"https:\/\/www.ringier.com\/wp-content\/uploads\/2021\/08\/logo_montre_de_lannee_2015_web_0.jpg\",\"contentUrl\":\"https:\/\/www.ringier.com\/wp-content\/uploads\/2021\/08\/logo_montre_de_lannee_2015_web_0.jpg\",\"width\":750,\"height\":500},{\"@type\":\"BreadcrumbList\",\"@id\":\"https:\/\/www.ringier.com\/de\/breguet-tradition-automatique-seconde-retrograde-7097-uhr-des-jahres-2015\/#breadcrumb\",\"itemListElement\":[{\"@type\":\"ListItem\",\"position\":1,\"name\":\"Home\",\"item\":\"https:\/\/www.ringier.com\/de\/\"},{\"@type\":\"ListItem\",\"position\":2,\"name\":\"Breguet Tradition Automatique Seconde R\u00e9trograde 7097 Uhr des Jahres 2015\"}]},{\"@type\":\"WebSite\",\"@id\":\"https:\/\/www.ringier.com\/de\/#website\",\"url\":\"https:\/\/www.ringier.com\/de\/\",\"name\":\"Ringier\",\"description\":\"We inform. We entertain. We connect\",\"publisher\":{\"@id\":\"https:\/\/www.ringier.com\/de\/#organization\"},\"potentialAction\":[{\"@type\":\"SearchAction\",\"target\":{\"@type\":\"EntryPoint\",\"urlTemplate\":\"https:\/\/www.ringier.com\/de\/?s={search_term_string}\"},\"query-input\":{\"@type\":\"PropertyValueSpecification\",\"valueRequired\":true,\"valueName\":\"search_term_string\"}}],\"inLanguage\":\"de-DE\"},{\"@type\":\"Organization\",\"@id\":\"https:\/\/www.ringier.com\/de\/#organization\",\"name\":\"Ringier\",\"url\":\"https:\/\/www.ringier.com\/de\/\",\"logo\":{\"@type\":\"ImageObject\",\"inLanguage\":\"de-DE\",\"@id\":\"https:\/\/www.ringier.com\/de\/#\/schema\/logo\/image\/\",\"url\":\"https:\/\/www.ringier.com\/wp-content\/uploads\/2021\/10\/ringier_logo_2.jpg\",\"contentUrl\":\"https:\/\/www.ringier.com\/wp-content\/uploads\/2021\/10\/ringier_logo_2.jpg\",\"width\":750,\"height\":550,\"caption\":\"Ringier\"},\"image\":{\"@id\":\"https:\/\/www.ringier.com\/de\/#\/schema\/logo\/image\/\"},\"sameAs\":[\"https:\/\/www.facebook.com\/ringierag\/\",\"https:\/\/x.com\/ringier_ag\",\"https:\/\/www.instagram.com\/ringier_ag\/\",\"https:\/\/www.linkedin.com\/company\/ringier\/\",\"https:\/\/www.youtube.com\/user\/RingierComm\",\"https:\/\/en.wikipedia.org\/wiki\/Ringier\",\"https:\/\/de.wikipedia.org\/wiki\/Ringier\",\"https:\/\/fr.wikipedia.org\/wiki\/Ringier\",\"https:\/\/www.crunchbase.com\/organization\/ringier-ag\"]},{\"@type\":\"Person\",\"@id\":\"https:\/\/www.ringier.com\/de\/#\/schema\/person\/4cf76a308dc4b2bb5121bd1e7b752e52\",\"name\":\"Ringier Corporate Communications\",\"image\":{\"@type\":\"ImageObject\",\"inLanguage\":\"de-DE\",\"@id\":\"https:\/\/www.ringier.com\/de\/#\/schema\/person\/image\/\",\"url\":\"https:\/\/secure.gravatar.com\/avatar\/9391e20481368d5df4fe3e1e476c13b27786347489822ec1ed07e532bb41f587?s=96&d=mm&r=g\",\"contentUrl\":\"https:\/\/secure.gravatar.com\/avatar\/9391e20481368d5df4fe3e1e476c13b27786347489822ec1ed07e532bb41f587?s=96&d=mm&r=g\",\"caption\":\"Ringier Corporate Communications\"},\"sameAs\":[\"https:\/\/www.ringier.com\"]}]}<\/script>\n<!-- \/ Yoast SEO Premium plugin. -->","yoast_head_json":{"title":"Breguet Tradition Automatique Seconde R\u00e9trograde 7097 Uhr des Jahres 2015 - Ringier","robots":{"index":"index","follow":"follow","max-snippet":"max-snippet:-1","max-image-preview":"max-image-preview:large","max-video-preview":"max-video-preview:-1"},"canonical":"https:\/\/www.ringier.com\/de\/breguet-tradition-automatique-seconde-retrograde-7097-uhr-des-jahres-2015\/","og_locale":"de_DE","og_type":"article","og_title":"Breguet Tradition Automatique Seconde R\u00e9trograde 7097 Uhr des Jahres 2015","og_description":"Aussergew\u00f6hnlicher Auftritt der Ausgabe 2015! Erstmals in der Geschichte der Preises der Uhr des Jahres haben Jury und Publikum \u2013 selbstverst\u00e4ndlich unabh\u00e4ngig voneinander \u2013 ein und dieselbe Uhr f\u00fcr den Siegerplatz auf dem Podest ausgew\u00e4hlt. Diese \u00dcbereinstimmung bei der Bewertung zeugt davon, dass dieser Wettbewerb immer nahe bei den Leserinnen und Lesern von Montres Passion sein wollte.","og_url":"https:\/\/www.ringier.com\/de\/breguet-tradition-automatique-seconde-retrograde-7097-uhr-des-jahres-2015\/","og_site_name":"Ringier","article_publisher":"https:\/\/www.facebook.com\/ringierag\/","article_published_time":"2015-11-19T11:52:00+00:00","article_modified_time":"2024-11-22T13:32:48+00:00","og_image":[{"width":750,"height":500,"url":"https:\/\/www.ringier.com\/wp-content\/uploads\/2021\/08\/logo_montre_de_lannee_2015_web_0.jpg","type":"image\/jpeg"}],"author":"Ringier Corporate Communications","twitter_card":"summary_large_image","twitter_creator":"@ringier_ag","twitter_site":"@ringier_ag","twitter_misc":{"Verfasst von":"Ringier Corporate Communications","Gesch\u00e4tzte Lesezeit":"4 Minuten"},"schema":{"@context":"https:\/\/schema.org","@graph":[{"@type":"Article","@id":"https:\/\/www.ringier.com\/de\/breguet-tradition-automatique-seconde-retrograde-7097-uhr-des-jahres-2015\/#article","isPartOf":{"@id":"https:\/\/www.ringier.com\/de\/breguet-tradition-automatique-seconde-retrograde-7097-uhr-des-jahres-2015\/"},"author":{"name":"Ringier Corporate Communications","@id":"https:\/\/www.ringier.com\/de\/#\/schema\/person\/4cf76a308dc4b2bb5121bd1e7b752e52"},"headline":"Breguet Tradition Automatique Seconde R\u00e9trograde 7097 Uhr des Jahres 2015","datePublished":"2015-11-19T11:52:00+00:00","dateModified":"2024-11-22T13:32:48+00:00","mainEntityOfPage":{"@id":"https:\/\/www.ringier.com\/de\/breguet-tradition-automatique-seconde-retrograde-7097-uhr-des-jahres-2015\/"},"wordCount":505,"publisher":{"@id":"https:\/\/www.ringier.com\/de\/#organization"},"image":{"@id":"https:\/\/www.ringier.com\/de\/breguet-tradition-automatique-seconde-retrograde-7097-uhr-des-jahres-2015\/#primaryimage"},"thumbnailUrl":"https:\/\/www.ringier.com\/wp-content\/uploads\/2021\/08\/logo_montre_de_lannee_2015_web_0.jpg","articleSection":["Media","Ringier Medien Schweiz"],"inLanguage":"de-DE"},{"@type":"WebPage","@id":"https:\/\/www.ringier.com\/de\/breguet-tradition-automatique-seconde-retrograde-7097-uhr-des-jahres-2015\/","url":"https:\/\/www.ringier.com\/de\/breguet-tradition-automatique-seconde-retrograde-7097-uhr-des-jahres-2015\/","name":"Breguet Tradition Automatique Seconde R\u00e9trograde 7097 Uhr des Jahres 2015 - Ringier","isPartOf":{"@id":"https:\/\/www.ringier.com\/de\/#website"},"primaryImageOfPage":{"@id":"https:\/\/www.ringier.com\/de\/breguet-tradition-automatique-seconde-retrograde-7097-uhr-des-jahres-2015\/#primaryimage"},"image":{"@id":"https:\/\/www.ringier.com\/de\/breguet-tradition-automatique-seconde-retrograde-7097-uhr-des-jahres-2015\/#primaryimage"},"thumbnailUrl":"https:\/\/www.ringier.com\/wp-content\/uploads\/2021\/08\/logo_montre_de_lannee_2015_web_0.jpg","datePublished":"2015-11-19T11:52:00+00:00","dateModified":"2024-11-22T13:32:48+00:00","breadcrumb":{"@id":"https:\/\/www.ringier.com\/de\/breguet-tradition-automatique-seconde-retrograde-7097-uhr-des-jahres-2015\/#breadcrumb"},"inLanguage":"de-DE","potentialAction":[{"@type":"ReadAction","target":["https:\/\/www.ringier.com\/de\/breguet-tradition-automatique-seconde-retrograde-7097-uhr-des-jahres-2015\/"]}]},{"@type":"ImageObject","inLanguage":"de-DE","@id":"https:\/\/www.ringier.com\/de\/breguet-tradition-automatique-seconde-retrograde-7097-uhr-des-jahres-2015\/#primaryimage","url":"https:\/\/www.ringier.com\/wp-content\/uploads\/2021\/08\/logo_montre_de_lannee_2015_web_0.jpg","contentUrl":"https:\/\/www.ringier.com\/wp-content\/uploads\/2021\/08\/logo_montre_de_lannee_2015_web_0.jpg","width":750,"height":500},{"@type":"BreadcrumbList","@id":"https:\/\/www.ringier.com\/de\/breguet-tradition-automatique-seconde-retrograde-7097-uhr-des-jahres-2015\/#breadcrumb","itemListElement":[{"@type":"ListItem","position":1,"name":"Home","item":"https:\/\/www.ringier.com\/de\/"},{"@type":"ListItem","position":2,"name":"Breguet Tradition Automatique Seconde R\u00e9trograde 7097 Uhr des Jahres 2015"}]},{"@type":"WebSite","@id":"https:\/\/www.ringier.com\/de\/#website","url":"https:\/\/www.ringier.com\/de\/","name":"Ringier","description":"We inform. We entertain. We connect","publisher":{"@id":"https:\/\/www.ringier.com\/de\/#organization"},"potentialAction":[{"@type":"SearchAction","target":{"@type":"EntryPoint","urlTemplate":"https:\/\/www.ringier.com\/de\/?s={search_term_string}"},"query-input":{"@type":"PropertyValueSpecification","valueRequired":true,"valueName":"search_term_string"}}],"inLanguage":"de-DE"},{"@type":"Organization","@id":"https:\/\/www.ringier.com\/de\/#organization","name":"Ringier","url":"https:\/\/www.ringier.com\/de\/","logo":{"@type":"ImageObject","inLanguage":"de-DE","@id":"https:\/\/www.ringier.com\/de\/#\/schema\/logo\/image\/","url":"https:\/\/www.ringier.com\/wp-content\/uploads\/2021\/10\/ringier_logo_2.jpg","contentUrl":"https:\/\/www.ringier.com\/wp-content\/uploads\/2021\/10\/ringier_logo_2.jpg","width":750,"height":550,"caption":"Ringier"},"image":{"@id":"https:\/\/www.ringier.com\/de\/#\/schema\/logo\/image\/"},"sameAs":["https:\/\/www.facebook.com\/ringierag\/","https:\/\/x.com\/ringier_ag","https:\/\/www.instagram.com\/ringier_ag\/","https:\/\/www.linkedin.com\/company\/ringier\/","https:\/\/www.youtube.com\/user\/RingierComm","https:\/\/en.wikipedia.org\/wiki\/Ringier","https:\/\/de.wikipedia.org\/wiki\/Ringier","https:\/\/fr.wikipedia.org\/wiki\/Ringier","https:\/\/www.crunchbase.com\/organization\/ringier-ag"]},{"@type":"Person","@id":"https:\/\/www.ringier.com\/de\/#\/schema\/person\/4cf76a308dc4b2bb5121bd1e7b752e52","name":"Ringier Corporate Communications","image":{"@type":"ImageObject","inLanguage":"de-DE","@id":"https:\/\/www.ringier.com\/de\/#\/schema\/person\/image\/","url":"https:\/\/secure.gravatar.com\/avatar\/9391e20481368d5df4fe3e1e476c13b27786347489822ec1ed07e532bb41f587?s=96&d=mm&r=g","contentUrl":"https:\/\/secure.gravatar.com\/avatar\/9391e20481368d5df4fe3e1e476c13b27786347489822ec1ed07e532bb41f587?s=96&d=mm&r=g","caption":"Ringier Corporate Communications"},"sameAs":["https:\/\/www.ringier.com"]}]}},"_links":{"self":[{"href":"https:\/\/www.ringier.com\/de\/wp-json\/wp\/v2\/posts\/1124","targetHints":{"allow":["GET"]}}],"collection":[{"href":"https:\/\/www.ringier.com\/de\/wp-json\/wp\/v2\/posts"}],"about":[{"href":"https:\/\/www.ringier.com\/de\/wp-json\/wp\/v2\/types\/post"}],"author":[{"embeddable":true,"href":"https:\/\/www.ringier.com\/de\/wp-json\/wp\/v2\/users\/23"}],"replies":[{"embeddable":true,"href":"https:\/\/www.ringier.com\/de\/wp-json\/wp\/v2\/comments?post=1124"}],"version-history":[{"count":0,"href":"https:\/\/www.ringier.com\/de\/wp-json\/wp\/v2\/posts\/1124\/revisions"}],"wp:featuredmedia":[{"embeddable":true,"href":"https:\/\/www.ringier.com\/de\/wp-json\/wp\/v2\/media\/1111"}],"wp:attachment":[{"href":"https:\/\/www.ringier.com\/de\/wp-json\/wp\/v2\/media?parent=1124"}],"wp:term":[{"taxonomy":"category","embeddable":true,"href":"https:\/\/www.ringier.com\/de\/wp-json\/wp\/v2\/categories?post=1124"},{"taxonomy":"post_tag","embeddable":true,"href":"https:\/\/www.ringier.com\/de\/wp-json\/wp\/v2\/tags?post=1124"}],"curies":[{"name":"wp","href":"https:\/\/api.w.org\/{rel}","templated":true}]}}