{"id":1090,"date":"2015-11-25T10:56:00","date_gmt":"2015-11-25T09:56:00","guid":{"rendered":"https:\/\/www.ringier.com\/?p=1090"},"modified":"2021-08-10T10:58:27","modified_gmt":"2021-08-10T08:58:27","slug":"verena-vonarburg-wird-head-of-public-affairs-ringier-group","status":"publish","type":"post","link":"https:\/\/www.ringier.com\/de\/verena-vonarburg-wird-head-of-public-affairs-ringier-group\/","title":{"rendered":"Verena Vonarburg wird Head of Public Affairs Ringier Group"},"content":{"rendered":"\n<p>Verena Vonarburg studierte an der Universit\u00e4t Bern Geschichte, Staats- und V\u00f6lkerrecht sowie Politikwissenschaften. Journalistische Erfahrung sammelte sie als Reporterin und Redaktorin des News-Magazins&nbsp;<em>10vor10<\/em>&nbsp;beim Schweizer Fernsehen und als SRF-Bundeshausredaktorin. Ab 2002 war sie in mehreren journalistischen Funktionen, haupts\u00e4chlich als Bundeshausredaktorin, beim&nbsp;<em>Tages-Anzeiger<\/em>&nbsp;t\u00e4tig und wirkte von 2011 bis 2014 schliesslich als Senior Consultant mit Schwerpunkt politische Beratung und Kommunikation bei der Berner Public Affairs- und Kommunikationsagentur Furrer.Hugi &amp; Partner. Seit M\u00e4rz 2014 ist Verena Vonarburg Direktorin des Verbandes Schweizer Medien VSM.<br><br>Im Fr\u00fchjahr 2016 \u00fcbernimmt Verena Vonarburg die Position Head of Public Affairs Ringier Group, rapportiert direkt an die Konzernleitung, das Group Executive Board der Ringier AG, und ist Ringier CEO Marc Walder unterstellt.<\/p>\n\n\n\n<p>\u00abIch freue mich sehr \u00fcber die Verpflichtung von Verena Vonarburg. Sie ist eine ausgewiesene und bestens vernetzte Public Affairs-Expertin und wird Ringier sowohl auf nationaler Ebene wie auch im Rahmen unserer internationalen T\u00e4tigkeit tatkr\u00e4ftig unterst\u00fctzen k\u00f6nnen.\u00bb Marc Walder<\/p>\n\n\n\n<p>Ringier AG, Corporate Communications<\/p>\n\n\n\n<figure class=\"wp-block-image\"><img decoding=\"async\" src=\"https:\/\/www.ringier.ch\/sites\/default\/files\/styles\/full-page\/public\/images\/verena_vonarburg_web.jpg?itok=BvnAq0nl\" alt=\"Verena Vonarburg\" title=\"Verena Vonarburg\"\/><\/figure>\n","protected":false},"excerpt":{"rendered":"<p>Verena Vonarburg, heutige Direktorin des Verbandes Schweizer Medien, wechselt per Fr\u00fchjahr 2016 zum Medienunternehmen Ringier. Sie \u00fcbernimmt dort die neue Position Head of Public Affairs Ringier Group und rapportiert in dieser Funktion direkt an das Group Executive Board der Ringier AG.<\/p>\n","protected":false},"author":23,"featured_media":1091,"comment_status":"closed","ping_status":"open","sticky":false,"template":"","format":"standard","meta":{"inline_featured_image":false,"footnotes":""},"categories":[3],"tags":[],"class_list":["post-1090","post","type-post","status-publish","format-standard","has-post-thumbnail","hentry","category-unkategorisiert"],"yoast_head":"<!-- This site is optimized with the Yoast SEO Premium plugin v27.0 (Yoast SEO v27.0) - https:\/\/yoast.com\/product\/yoast-seo-premium-wordpress\/ -->\n<title>Verena Vonarburg wird Head of Public Affairs Ringier Group - Ringier<\/title>\n<meta name=\"robots\" content=\"index, follow, max-snippet:-1, max-image-preview:large, max-video-preview:-1\" \/>\n<link rel=\"canonical\" href=\"https:\/\/www.ringier.com\/de\/verena-vonarburg-wird-head-of-public-affairs-ringier-group\/\" \/>\n<meta property=\"og:locale\" content=\"de_DE\" \/>\n<meta property=\"og:type\" content=\"article\" \/>\n<meta property=\"og:title\" content=\"Verena Vonarburg wird Head of Public Affairs Ringier Group\" \/>\n<meta property=\"og:description\" content=\"Verena Vonarburg, heutige Direktorin des Verbandes Schweizer Medien, wechselt per Fr\u00fchjahr 2016 zum Medienunternehmen Ringier. Sie \u00fcbernimmt dort die neue Position Head of Public Affairs Ringier Group und rapportiert in dieser Funktion direkt an das Group Executive Board der Ringier AG.\" \/>\n<meta property=\"og:url\" content=\"https:\/\/www.ringier.com\/de\/verena-vonarburg-wird-head-of-public-affairs-ringier-group\/\" \/>\n<meta property=\"og:site_name\" content=\"Ringier\" \/>\n<meta property=\"article:publisher\" content=\"https:\/\/www.facebook.com\/ringierag\/\" \/>\n<meta property=\"article:published_time\" content=\"2015-11-25T09:56:00+00:00\" \/>\n<meta property=\"article:modified_time\" content=\"2021-08-10T08:58:27+00:00\" \/>\n<meta property=\"og:image\" content=\"https:\/\/www.ringier.com\/wp-content\/uploads\/2021\/08\/verena_vonarburg_web.jpg\" \/>\n\t<meta property=\"og:image:width\" content=\"750\" \/>\n\t<meta property=\"og:image:height\" content=\"500\" \/>\n\t<meta property=\"og:image:type\" content=\"image\/jpeg\" \/>\n<meta name=\"author\" content=\"Ringier Corporate Communications\" \/>\n<meta name=\"twitter:card\" content=\"summary_large_image\" \/>\n<meta name=\"twitter:creator\" content=\"@ringier_ag\" \/>\n<meta name=\"twitter:site\" content=\"@ringier_ag\" \/>\n<meta name=\"twitter:label1\" content=\"Verfasst von\" \/>\n\t<meta name=\"twitter:data1\" content=\"Ringier Corporate Communications\" \/>\n\t<meta name=\"twitter:label2\" content=\"Gesch\u00e4tzte Lesezeit\" \/>\n\t<meta name=\"twitter:data2\" content=\"1 Minute\" \/>\n<script type=\"application\/ld+json\" class=\"yoast-schema-graph\">{\"@context\":\"https:\/\/schema.org\",\"@graph\":[{\"@type\":\"Article\",\"@id\":\"https:\/\/www.ringier.com\/de\/verena-vonarburg-wird-head-of-public-affairs-ringier-group\/#article\",\"isPartOf\":{\"@id\":\"https:\/\/www.ringier.com\/de\/verena-vonarburg-wird-head-of-public-affairs-ringier-group\/\"},\"author\":{\"name\":\"Ringier Corporate Communications\",\"@id\":\"https:\/\/www.ringier.com\/de\/#\/schema\/person\/4cf76a308dc4b2bb5121bd1e7b752e52\"},\"headline\":\"Verena Vonarburg wird Head of Public Affairs Ringier Group\",\"datePublished\":\"2015-11-25T09:56:00+00:00\",\"dateModified\":\"2021-08-10T08:58:27+00:00\",\"mainEntityOfPage\":{\"@id\":\"https:\/\/www.ringier.com\/de\/verena-vonarburg-wird-head-of-public-affairs-ringier-group\/\"},\"wordCount\":176,\"publisher\":{\"@id\":\"https:\/\/www.ringier.com\/de\/#organization\"},\"image\":{\"@id\":\"https:\/\/www.ringier.com\/de\/verena-vonarburg-wird-head-of-public-affairs-ringier-group\/#primaryimage\"},\"thumbnailUrl\":\"https:\/\/www.ringier.com\/wp-content\/uploads\/2021\/08\/verena_vonarburg_web.jpg\",\"articleSection\":[\"Unkategorisiert\"],\"inLanguage\":\"de-DE\"},{\"@type\":\"WebPage\",\"@id\":\"https:\/\/www.ringier.com\/de\/verena-vonarburg-wird-head-of-public-affairs-ringier-group\/\",\"url\":\"https:\/\/www.ringier.com\/de\/verena-vonarburg-wird-head-of-public-affairs-ringier-group\/\",\"name\":\"Verena Vonarburg wird Head of Public Affairs Ringier Group - Ringier\",\"isPartOf\":{\"@id\":\"https:\/\/www.ringier.com\/de\/#website\"},\"primaryImageOfPage\":{\"@id\":\"https:\/\/www.ringier.com\/de\/verena-vonarburg-wird-head-of-public-affairs-ringier-group\/#primaryimage\"},\"image\":{\"@id\":\"https:\/\/www.ringier.com\/de\/verena-vonarburg-wird-head-of-public-affairs-ringier-group\/#primaryimage\"},\"thumbnailUrl\":\"https:\/\/www.ringier.com\/wp-content\/uploads\/2021\/08\/verena_vonarburg_web.jpg\",\"datePublished\":\"2015-11-25T09:56:00+00:00\",\"dateModified\":\"2021-08-10T08:58:27+00:00\",\"breadcrumb\":{\"@id\":\"https:\/\/www.ringier.com\/de\/verena-vonarburg-wird-head-of-public-affairs-ringier-group\/#breadcrumb\"},\"inLanguage\":\"de-DE\",\"potentialAction\":[{\"@type\":\"ReadAction\",\"target\":[\"https:\/\/www.ringier.com\/de\/verena-vonarburg-wird-head-of-public-affairs-ringier-group\/\"]}]},{\"@type\":\"ImageObject\",\"inLanguage\":\"de-DE\",\"@id\":\"https:\/\/www.ringier.com\/de\/verena-vonarburg-wird-head-of-public-affairs-ringier-group\/#primaryimage\",\"url\":\"https:\/\/www.ringier.com\/wp-content\/uploads\/2021\/08\/verena_vonarburg_web.jpg\",\"contentUrl\":\"https:\/\/www.ringier.com\/wp-content\/uploads\/2021\/08\/verena_vonarburg_web.jpg\",\"width\":750,\"height\":500},{\"@type\":\"BreadcrumbList\",\"@id\":\"https:\/\/www.ringier.com\/de\/verena-vonarburg-wird-head-of-public-affairs-ringier-group\/#breadcrumb\",\"itemListElement\":[{\"@type\":\"ListItem\",\"position\":1,\"name\":\"Home\",\"item\":\"https:\/\/www.ringier.com\/de\/\"},{\"@type\":\"ListItem\",\"position\":2,\"name\":\"Verena Vonarburg wird Head of Public Affairs Ringier Group\"}]},{\"@type\":\"WebSite\",\"@id\":\"https:\/\/www.ringier.com\/de\/#website\",\"url\":\"https:\/\/www.ringier.com\/de\/\",\"name\":\"Ringier\",\"description\":\"We inform. We entertain. We connect\",\"publisher\":{\"@id\":\"https:\/\/www.ringier.com\/de\/#organization\"},\"potentialAction\":[{\"@type\":\"SearchAction\",\"target\":{\"@type\":\"EntryPoint\",\"urlTemplate\":\"https:\/\/www.ringier.com\/de\/?s={search_term_string}\"},\"query-input\":{\"@type\":\"PropertyValueSpecification\",\"valueRequired\":true,\"valueName\":\"search_term_string\"}}],\"inLanguage\":\"de-DE\"},{\"@type\":\"Organization\",\"@id\":\"https:\/\/www.ringier.com\/de\/#organization\",\"name\":\"Ringier\",\"url\":\"https:\/\/www.ringier.com\/de\/\",\"logo\":{\"@type\":\"ImageObject\",\"inLanguage\":\"de-DE\",\"@id\":\"https:\/\/www.ringier.com\/de\/#\/schema\/logo\/image\/\",\"url\":\"https:\/\/www.ringier.com\/wp-content\/uploads\/2021\/10\/ringier_logo_2.jpg\",\"contentUrl\":\"https:\/\/www.ringier.com\/wp-content\/uploads\/2021\/10\/ringier_logo_2.jpg\",\"width\":750,\"height\":550,\"caption\":\"Ringier\"},\"image\":{\"@id\":\"https:\/\/www.ringier.com\/de\/#\/schema\/logo\/image\/\"},\"sameAs\":[\"https:\/\/www.facebook.com\/ringierag\/\",\"https:\/\/x.com\/ringier_ag\",\"https:\/\/www.instagram.com\/ringier_ag\/\",\"https:\/\/www.linkedin.com\/company\/ringier\/\",\"https:\/\/www.youtube.com\/user\/RingierComm\",\"https:\/\/en.wikipedia.org\/wiki\/Ringier\",\"https:\/\/de.wikipedia.org\/wiki\/Ringier\",\"https:\/\/fr.wikipedia.org\/wiki\/Ringier\",\"https:\/\/www.crunchbase.com\/organization\/ringier-ag\"]},{\"@type\":\"Person\",\"@id\":\"https:\/\/www.ringier.com\/de\/#\/schema\/person\/4cf76a308dc4b2bb5121bd1e7b752e52\",\"name\":\"Ringier Corporate Communications\",\"image\":{\"@type\":\"ImageObject\",\"inLanguage\":\"de-DE\",\"@id\":\"https:\/\/www.ringier.com\/de\/#\/schema\/person\/image\/\",\"url\":\"https:\/\/secure.gravatar.com\/avatar\/9391e20481368d5df4fe3e1e476c13b27786347489822ec1ed07e532bb41f587?s=96&d=mm&r=g\",\"contentUrl\":\"https:\/\/secure.gravatar.com\/avatar\/9391e20481368d5df4fe3e1e476c13b27786347489822ec1ed07e532bb41f587?s=96&d=mm&r=g\",\"caption\":\"Ringier Corporate Communications\"},\"sameAs\":[\"https:\/\/www.ringier.com\"]}]}<\/script>\n<!-- \/ Yoast SEO Premium plugin. -->","yoast_head_json":{"title":"Verena Vonarburg wird Head of Public Affairs Ringier Group - Ringier","robots":{"index":"index","follow":"follow","max-snippet":"max-snippet:-1","max-image-preview":"max-image-preview:large","max-video-preview":"max-video-preview:-1"},"canonical":"https:\/\/www.ringier.com\/de\/verena-vonarburg-wird-head-of-public-affairs-ringier-group\/","og_locale":"de_DE","og_type":"article","og_title":"Verena Vonarburg wird Head of Public Affairs Ringier Group","og_description":"Verena Vonarburg, heutige Direktorin des Verbandes Schweizer Medien, wechselt per Fr\u00fchjahr 2016 zum Medienunternehmen Ringier. Sie \u00fcbernimmt dort die neue Position Head of Public Affairs Ringier Group und rapportiert in dieser Funktion direkt an das Group Executive Board der Ringier AG.","og_url":"https:\/\/www.ringier.com\/de\/verena-vonarburg-wird-head-of-public-affairs-ringier-group\/","og_site_name":"Ringier","article_publisher":"https:\/\/www.facebook.com\/ringierag\/","article_published_time":"2015-11-25T09:56:00+00:00","article_modified_time":"2021-08-10T08:58:27+00:00","og_image":[{"width":750,"height":500,"url":"https:\/\/www.ringier.com\/wp-content\/uploads\/2021\/08\/verena_vonarburg_web.jpg","type":"image\/jpeg"}],"author":"Ringier Corporate Communications","twitter_card":"summary_large_image","twitter_creator":"@ringier_ag","twitter_site":"@ringier_ag","twitter_misc":{"Verfasst von":"Ringier Corporate Communications","Gesch\u00e4tzte Lesezeit":"1 Minute"},"schema":{"@context":"https:\/\/schema.org","@graph":[{"@type":"Article","@id":"https:\/\/www.ringier.com\/de\/verena-vonarburg-wird-head-of-public-affairs-ringier-group\/#article","isPartOf":{"@id":"https:\/\/www.ringier.com\/de\/verena-vonarburg-wird-head-of-public-affairs-ringier-group\/"},"author":{"name":"Ringier Corporate Communications","@id":"https:\/\/www.ringier.com\/de\/#\/schema\/person\/4cf76a308dc4b2bb5121bd1e7b752e52"},"headline":"Verena Vonarburg wird Head of Public Affairs Ringier Group","datePublished":"2015-11-25T09:56:00+00:00","dateModified":"2021-08-10T08:58:27+00:00","mainEntityOfPage":{"@id":"https:\/\/www.ringier.com\/de\/verena-vonarburg-wird-head-of-public-affairs-ringier-group\/"},"wordCount":176,"publisher":{"@id":"https:\/\/www.ringier.com\/de\/#organization"},"image":{"@id":"https:\/\/www.ringier.com\/de\/verena-vonarburg-wird-head-of-public-affairs-ringier-group\/#primaryimage"},"thumbnailUrl":"https:\/\/www.ringier.com\/wp-content\/uploads\/2021\/08\/verena_vonarburg_web.jpg","articleSection":["Unkategorisiert"],"inLanguage":"de-DE"},{"@type":"WebPage","@id":"https:\/\/www.ringier.com\/de\/verena-vonarburg-wird-head-of-public-affairs-ringier-group\/","url":"https:\/\/www.ringier.com\/de\/verena-vonarburg-wird-head-of-public-affairs-ringier-group\/","name":"Verena Vonarburg wird Head of Public Affairs Ringier Group - Ringier","isPartOf":{"@id":"https:\/\/www.ringier.com\/de\/#website"},"primaryImageOfPage":{"@id":"https:\/\/www.ringier.com\/de\/verena-vonarburg-wird-head-of-public-affairs-ringier-group\/#primaryimage"},"image":{"@id":"https:\/\/www.ringier.com\/de\/verena-vonarburg-wird-head-of-public-affairs-ringier-group\/#primaryimage"},"thumbnailUrl":"https:\/\/www.ringier.com\/wp-content\/uploads\/2021\/08\/verena_vonarburg_web.jpg","datePublished":"2015-11-25T09:56:00+00:00","dateModified":"2021-08-10T08:58:27+00:00","breadcrumb":{"@id":"https:\/\/www.ringier.com\/de\/verena-vonarburg-wird-head-of-public-affairs-ringier-group\/#breadcrumb"},"inLanguage":"de-DE","potentialAction":[{"@type":"ReadAction","target":["https:\/\/www.ringier.com\/de\/verena-vonarburg-wird-head-of-public-affairs-ringier-group\/"]}]},{"@type":"ImageObject","inLanguage":"de-DE","@id":"https:\/\/www.ringier.com\/de\/verena-vonarburg-wird-head-of-public-affairs-ringier-group\/#primaryimage","url":"https:\/\/www.ringier.com\/wp-content\/uploads\/2021\/08\/verena_vonarburg_web.jpg","contentUrl":"https:\/\/www.ringier.com\/wp-content\/uploads\/2021\/08\/verena_vonarburg_web.jpg","width":750,"height":500},{"@type":"BreadcrumbList","@id":"https:\/\/www.ringier.com\/de\/verena-vonarburg-wird-head-of-public-affairs-ringier-group\/#breadcrumb","itemListElement":[{"@type":"ListItem","position":1,"name":"Home","item":"https:\/\/www.ringier.com\/de\/"},{"@type":"ListItem","position":2,"name":"Verena Vonarburg wird Head of Public Affairs Ringier Group"}]},{"@type":"WebSite","@id":"https:\/\/www.ringier.com\/de\/#website","url":"https:\/\/www.ringier.com\/de\/","name":"Ringier","description":"We inform. We entertain. We connect","publisher":{"@id":"https:\/\/www.ringier.com\/de\/#organization"},"potentialAction":[{"@type":"SearchAction","target":{"@type":"EntryPoint","urlTemplate":"https:\/\/www.ringier.com\/de\/?s={search_term_string}"},"query-input":{"@type":"PropertyValueSpecification","valueRequired":true,"valueName":"search_term_string"}}],"inLanguage":"de-DE"},{"@type":"Organization","@id":"https:\/\/www.ringier.com\/de\/#organization","name":"Ringier","url":"https:\/\/www.ringier.com\/de\/","logo":{"@type":"ImageObject","inLanguage":"de-DE","@id":"https:\/\/www.ringier.com\/de\/#\/schema\/logo\/image\/","url":"https:\/\/www.ringier.com\/wp-content\/uploads\/2021\/10\/ringier_logo_2.jpg","contentUrl":"https:\/\/www.ringier.com\/wp-content\/uploads\/2021\/10\/ringier_logo_2.jpg","width":750,"height":550,"caption":"Ringier"},"image":{"@id":"https:\/\/www.ringier.com\/de\/#\/schema\/logo\/image\/"},"sameAs":["https:\/\/www.facebook.com\/ringierag\/","https:\/\/x.com\/ringier_ag","https:\/\/www.instagram.com\/ringier_ag\/","https:\/\/www.linkedin.com\/company\/ringier\/","https:\/\/www.youtube.com\/user\/RingierComm","https:\/\/en.wikipedia.org\/wiki\/Ringier","https:\/\/de.wikipedia.org\/wiki\/Ringier","https:\/\/fr.wikipedia.org\/wiki\/Ringier","https:\/\/www.crunchbase.com\/organization\/ringier-ag"]},{"@type":"Person","@id":"https:\/\/www.ringier.com\/de\/#\/schema\/person\/4cf76a308dc4b2bb5121bd1e7b752e52","name":"Ringier Corporate Communications","image":{"@type":"ImageObject","inLanguage":"de-DE","@id":"https:\/\/www.ringier.com\/de\/#\/schema\/person\/image\/","url":"https:\/\/secure.gravatar.com\/avatar\/9391e20481368d5df4fe3e1e476c13b27786347489822ec1ed07e532bb41f587?s=96&d=mm&r=g","contentUrl":"https:\/\/secure.gravatar.com\/avatar\/9391e20481368d5df4fe3e1e476c13b27786347489822ec1ed07e532bb41f587?s=96&d=mm&r=g","caption":"Ringier Corporate Communications"},"sameAs":["https:\/\/www.ringier.com"]}]}},"_links":{"self":[{"href":"https:\/\/www.ringier.com\/de\/wp-json\/wp\/v2\/posts\/1090","targetHints":{"allow":["GET"]}}],"collection":[{"href":"https:\/\/www.ringier.com\/de\/wp-json\/wp\/v2\/posts"}],"about":[{"href":"https:\/\/www.ringier.com\/de\/wp-json\/wp\/v2\/types\/post"}],"author":[{"embeddable":true,"href":"https:\/\/www.ringier.com\/de\/wp-json\/wp\/v2\/users\/23"}],"replies":[{"embeddable":true,"href":"https:\/\/www.ringier.com\/de\/wp-json\/wp\/v2\/comments?post=1090"}],"version-history":[{"count":0,"href":"https:\/\/www.ringier.com\/de\/wp-json\/wp\/v2\/posts\/1090\/revisions"}],"wp:featuredmedia":[{"embeddable":true,"href":"https:\/\/www.ringier.com\/de\/wp-json\/wp\/v2\/media\/1091"}],"wp:attachment":[{"href":"https:\/\/www.ringier.com\/de\/wp-json\/wp\/v2\/media?parent=1090"}],"wp:term":[{"taxonomy":"category","embeddable":true,"href":"https:\/\/www.ringier.com\/de\/wp-json\/wp\/v2\/categories?post=1090"},{"taxonomy":"post_tag","embeddable":true,"href":"https:\/\/www.ringier.com\/de\/wp-json\/wp\/v2\/tags?post=1090"}],"curies":[{"name":"wp","href":"https:\/\/api.w.org\/{rel}","templated":true}]}}