{"id":10868,"date":"2017-04-28T16:28:00","date_gmt":"2017-04-28T14:28:00","guid":{"rendered":"https:\/\/www.ringier.com\/hannah-zaunmuller-nommee-responsable-des-ressources-humaines-de-ringier\/"},"modified":"2024-11-22T13:39:00","modified_gmt":"2024-11-22T12:39:00","slug":"hannah-zaunmueller-wird-neue-head-human-resources-von-ringier","status":"publish","type":"post","link":"https:\/\/www.ringier.com\/de\/hannah-zaunmueller-wird-neue-head-human-resources-von-ringier\/","title":{"rendered":"Hannah Zaunm\u00fcller wird neue Head Human Resources von Ringier"},"content":{"rendered":"\n<p>Hannah Zaunm\u00fcller (38) ist eine erfahrene HR-F\u00fchrungskraft mit betriebswirtschaftlichem Hintergrund. Seit 2009 ist sie in verschiedenen HR-F\u00fchrungsfunktionen bei der Schweizerischen Post t\u00e4tig. Sie verantwortete zun\u00e4chst die Abteilung HR-Strategie und -Governance, anschliessend den Bereich Talent und zuletzt den Bereich Entwicklung. Davor war sie f\u00fcnf Jahre bei der Deutschen Post DHL t\u00e4tig. Sie arbeitete dort im Inhouse Consulting in diversen internationalen Projekten und in der Konzernzentrale als Projektleiterin f\u00fcr die F\u00fchrungskr\u00e4fteentwicklung.<\/p>\n\n\n\n<p>Hannah Zaunm\u00fcller studierte International Economic Studies an der Universit\u00e4t Maastricht in den Niederlanden und promovierte an der RWTH Aachen in Deutschland zum Doktor der Wirtschafts- und Sozialwissenschaften. 2009 absolvierte sie an der ZfU International Business School in der Schweiz einen International Executive MBA. Sp\u00e4testens zum 1. November 2017 \u00fcbernimmt sie die Funktion als Head Human Resources bei Ringier. In dieser Funktion wird sie Mitglied der erweiterten Gesch\u00e4ftsleitung und rapportiert direkt an Ringier CEO Marc Walder.<\/p>\n\n\n\n<p>Marc Walder, CEO Ringier AG: \u00abIch freue mich ausserordentlich, dass wir mit Hannah Zaunm\u00fcller eine ausgewiesene HR-Fachfrau f\u00fcr diese strategische Schl\u00fcsselfunktion gewinnen konnten. Ich bin \u00fcberzeugt, dass sie den notwendigen Drive, die Erfahrung und das Know-how hat, das wir brauchen, um das Personalmanagement in der Schweiz und international weiter zu entwickeln und als Arbeitgeber weiter an Attraktivit\u00e4t zu gewinnen, um auch k\u00fcnftig die besten Talente f\u00fcr uns zu begeistern.\u00bb<\/p>\n\n\n\n<p>Ringier AG, Corporate Communications<\/p>\n\n\n\n<figure class=\"wp-block-image\"><img decoding=\"async\" src=\"https:\/\/www.ringier.ch\/sites\/default\/files\/styles\/full-page\/public\/images\/Hannah_Zaunmueller_0.jpg?itok=s0ZXHHZf\" alt=\"\"\/><\/figure>\n","protected":false},"excerpt":{"rendered":"<p>Hannah Zaunm\u00fcller wird Head Human Resources der Ringier Gruppe und zugleich Mitglied der erweiterten Gesch\u00e4ftsleitung. Sie \u00fcbernimmt ihre neue Aufgabe sp\u00e4testens per 1. November 2017. <\/p>\n","protected":false},"author":23,"featured_media":10864,"comment_status":"closed","ping_status":"open","sticky":false,"template":"","format":"standard","meta":{"inline_featured_image":false,"footnotes":""},"categories":[44],"tags":[],"class_list":["post-10868","post","type-post","status-publish","format-standard","has-post-thumbnail","hentry","category-corporate-de"],"yoast_head":"<!-- This site is optimized with the Yoast SEO Premium plugin v27.0 (Yoast SEO v27.0) - https:\/\/yoast.com\/product\/yoast-seo-premium-wordpress\/ -->\n<title>Hannah Zaunm\u00fcller wird neue Head Human Resources von Ringier - Ringier<\/title>\n<meta name=\"robots\" content=\"index, follow, max-snippet:-1, max-image-preview:large, max-video-preview:-1\" \/>\n<link rel=\"canonical\" href=\"https:\/\/www.ringier.com\/de\/hannah-zaunmueller-wird-neue-head-human-resources-von-ringier\/\" \/>\n<meta property=\"og:locale\" content=\"de_DE\" \/>\n<meta property=\"og:type\" content=\"article\" \/>\n<meta property=\"og:title\" content=\"Hannah Zaunm\u00fcller wird neue Head Human Resources von Ringier\" \/>\n<meta property=\"og:description\" content=\"Hannah Zaunm\u00fcller wird Head Human Resources der Ringier Gruppe und zugleich Mitglied der erweiterten Gesch\u00e4ftsleitung. Sie \u00fcbernimmt ihre neue Aufgabe sp\u00e4testens per 1. November 2017.\" \/>\n<meta property=\"og:url\" content=\"https:\/\/www.ringier.com\/de\/hannah-zaunmueller-wird-neue-head-human-resources-von-ringier\/\" \/>\n<meta property=\"og:site_name\" content=\"Ringier\" \/>\n<meta property=\"article:publisher\" content=\"https:\/\/www.facebook.com\/ringierag\/\" \/>\n<meta property=\"article:published_time\" content=\"2017-04-28T14:28:00+00:00\" \/>\n<meta property=\"article:modified_time\" content=\"2024-11-22T12:39:00+00:00\" \/>\n<meta property=\"og:image\" content=\"https:\/\/www.ringier.com\/wp-content\/uploads\/2021\/10\/Hannah_Zaunmueller_0.jpg\" \/>\n\t<meta property=\"og:image:width\" content=\"922\" \/>\n\t<meta property=\"og:image:height\" content=\"1382\" \/>\n\t<meta property=\"og:image:type\" content=\"image\/jpeg\" \/>\n<meta name=\"author\" content=\"Ringier Corporate Communications\" \/>\n<meta name=\"twitter:card\" content=\"summary_large_image\" \/>\n<meta name=\"twitter:creator\" content=\"@ringier_ag\" \/>\n<meta name=\"twitter:site\" content=\"@ringier_ag\" \/>\n<meta name=\"twitter:label1\" content=\"Verfasst von\" \/>\n\t<meta name=\"twitter:data1\" content=\"Ringier Corporate Communications\" \/>\n\t<meta name=\"twitter:label2\" content=\"Gesch\u00e4tzte Lesezeit\" \/>\n\t<meta name=\"twitter:data2\" content=\"2 Minuten\" \/>\n<script type=\"application\/ld+json\" class=\"yoast-schema-graph\">{\"@context\":\"https:\/\/schema.org\",\"@graph\":[{\"@type\":\"Article\",\"@id\":\"https:\/\/www.ringier.com\/de\/hannah-zaunmueller-wird-neue-head-human-resources-von-ringier\/#article\",\"isPartOf\":{\"@id\":\"https:\/\/www.ringier.com\/de\/hannah-zaunmueller-wird-neue-head-human-resources-von-ringier\/\"},\"author\":{\"name\":\"Ringier Corporate Communications\",\"@id\":\"https:\/\/www.ringier.com\/de\/#\/schema\/person\/4cf76a308dc4b2bb5121bd1e7b752e52\"},\"headline\":\"Hannah Zaunm\u00fcller wird neue Head Human Resources von Ringier\",\"datePublished\":\"2017-04-28T14:28:00+00:00\",\"dateModified\":\"2024-11-22T12:39:00+00:00\",\"mainEntityOfPage\":{\"@id\":\"https:\/\/www.ringier.com\/de\/hannah-zaunmueller-wird-neue-head-human-resources-von-ringier\/\"},\"wordCount\":242,\"publisher\":{\"@id\":\"https:\/\/www.ringier.com\/de\/#organization\"},\"image\":{\"@id\":\"https:\/\/www.ringier.com\/de\/hannah-zaunmueller-wird-neue-head-human-resources-von-ringier\/#primaryimage\"},\"thumbnailUrl\":\"https:\/\/www.ringier.com\/wp-content\/uploads\/2021\/10\/Hannah_Zaunmueller_0.jpg\",\"articleSection\":[\"Corporate\"],\"inLanguage\":\"de-DE\"},{\"@type\":\"WebPage\",\"@id\":\"https:\/\/www.ringier.com\/de\/hannah-zaunmueller-wird-neue-head-human-resources-von-ringier\/\",\"url\":\"https:\/\/www.ringier.com\/de\/hannah-zaunmueller-wird-neue-head-human-resources-von-ringier\/\",\"name\":\"Hannah Zaunm\u00fcller wird neue Head Human Resources von Ringier - Ringier\",\"isPartOf\":{\"@id\":\"https:\/\/www.ringier.com\/de\/#website\"},\"primaryImageOfPage\":{\"@id\":\"https:\/\/www.ringier.com\/de\/hannah-zaunmueller-wird-neue-head-human-resources-von-ringier\/#primaryimage\"},\"image\":{\"@id\":\"https:\/\/www.ringier.com\/de\/hannah-zaunmueller-wird-neue-head-human-resources-von-ringier\/#primaryimage\"},\"thumbnailUrl\":\"https:\/\/www.ringier.com\/wp-content\/uploads\/2021\/10\/Hannah_Zaunmueller_0.jpg\",\"datePublished\":\"2017-04-28T14:28:00+00:00\",\"dateModified\":\"2024-11-22T12:39:00+00:00\",\"breadcrumb\":{\"@id\":\"https:\/\/www.ringier.com\/de\/hannah-zaunmueller-wird-neue-head-human-resources-von-ringier\/#breadcrumb\"},\"inLanguage\":\"de-DE\",\"potentialAction\":[{\"@type\":\"ReadAction\",\"target\":[\"https:\/\/www.ringier.com\/de\/hannah-zaunmueller-wird-neue-head-human-resources-von-ringier\/\"]}]},{\"@type\":\"ImageObject\",\"inLanguage\":\"de-DE\",\"@id\":\"https:\/\/www.ringier.com\/de\/hannah-zaunmueller-wird-neue-head-human-resources-von-ringier\/#primaryimage\",\"url\":\"https:\/\/www.ringier.com\/wp-content\/uploads\/2021\/10\/Hannah_Zaunmueller_0.jpg\",\"contentUrl\":\"https:\/\/www.ringier.com\/wp-content\/uploads\/2021\/10\/Hannah_Zaunmueller_0.jpg\",\"width\":922,\"height\":1382},{\"@type\":\"BreadcrumbList\",\"@id\":\"https:\/\/www.ringier.com\/de\/hannah-zaunmueller-wird-neue-head-human-resources-von-ringier\/#breadcrumb\",\"itemListElement\":[{\"@type\":\"ListItem\",\"position\":1,\"name\":\"Home\",\"item\":\"https:\/\/www.ringier.com\/de\/\"},{\"@type\":\"ListItem\",\"position\":2,\"name\":\"Hannah Zaunm\u00fcller wird neue Head Human Resources von Ringier\"}]},{\"@type\":\"WebSite\",\"@id\":\"https:\/\/www.ringier.com\/de\/#website\",\"url\":\"https:\/\/www.ringier.com\/de\/\",\"name\":\"Ringier\",\"description\":\"We inform. We entertain. We connect\",\"publisher\":{\"@id\":\"https:\/\/www.ringier.com\/de\/#organization\"},\"potentialAction\":[{\"@type\":\"SearchAction\",\"target\":{\"@type\":\"EntryPoint\",\"urlTemplate\":\"https:\/\/www.ringier.com\/de\/?s={search_term_string}\"},\"query-input\":{\"@type\":\"PropertyValueSpecification\",\"valueRequired\":true,\"valueName\":\"search_term_string\"}}],\"inLanguage\":\"de-DE\"},{\"@type\":\"Organization\",\"@id\":\"https:\/\/www.ringier.com\/de\/#organization\",\"name\":\"Ringier\",\"url\":\"https:\/\/www.ringier.com\/de\/\",\"logo\":{\"@type\":\"ImageObject\",\"inLanguage\":\"de-DE\",\"@id\":\"https:\/\/www.ringier.com\/de\/#\/schema\/logo\/image\/\",\"url\":\"https:\/\/www.ringier.com\/wp-content\/uploads\/2021\/10\/ringier_logo_2.jpg\",\"contentUrl\":\"https:\/\/www.ringier.com\/wp-content\/uploads\/2021\/10\/ringier_logo_2.jpg\",\"width\":750,\"height\":550,\"caption\":\"Ringier\"},\"image\":{\"@id\":\"https:\/\/www.ringier.com\/de\/#\/schema\/logo\/image\/\"},\"sameAs\":[\"https:\/\/www.facebook.com\/ringierag\/\",\"https:\/\/x.com\/ringier_ag\",\"https:\/\/www.instagram.com\/ringier_ag\/\",\"https:\/\/www.linkedin.com\/company\/ringier\/\",\"https:\/\/www.youtube.com\/user\/RingierComm\",\"https:\/\/en.wikipedia.org\/wiki\/Ringier\",\"https:\/\/de.wikipedia.org\/wiki\/Ringier\",\"https:\/\/fr.wikipedia.org\/wiki\/Ringier\",\"https:\/\/www.crunchbase.com\/organization\/ringier-ag\"]},{\"@type\":\"Person\",\"@id\":\"https:\/\/www.ringier.com\/de\/#\/schema\/person\/4cf76a308dc4b2bb5121bd1e7b752e52\",\"name\":\"Ringier Corporate Communications\",\"image\":{\"@type\":\"ImageObject\",\"inLanguage\":\"de-DE\",\"@id\":\"https:\/\/www.ringier.com\/de\/#\/schema\/person\/image\/\",\"url\":\"https:\/\/secure.gravatar.com\/avatar\/9391e20481368d5df4fe3e1e476c13b27786347489822ec1ed07e532bb41f587?s=96&d=mm&r=g\",\"contentUrl\":\"https:\/\/secure.gravatar.com\/avatar\/9391e20481368d5df4fe3e1e476c13b27786347489822ec1ed07e532bb41f587?s=96&d=mm&r=g\",\"caption\":\"Ringier Corporate Communications\"},\"sameAs\":[\"https:\/\/www.ringier.com\"]}]}<\/script>\n<!-- \/ Yoast SEO Premium plugin. -->","yoast_head_json":{"title":"Hannah Zaunm\u00fcller wird neue Head Human Resources von Ringier - Ringier","robots":{"index":"index","follow":"follow","max-snippet":"max-snippet:-1","max-image-preview":"max-image-preview:large","max-video-preview":"max-video-preview:-1"},"canonical":"https:\/\/www.ringier.com\/de\/hannah-zaunmueller-wird-neue-head-human-resources-von-ringier\/","og_locale":"de_DE","og_type":"article","og_title":"Hannah Zaunm\u00fcller wird neue Head Human Resources von Ringier","og_description":"Hannah Zaunm\u00fcller wird Head Human Resources der Ringier Gruppe und zugleich Mitglied der erweiterten Gesch\u00e4ftsleitung. Sie \u00fcbernimmt ihre neue Aufgabe sp\u00e4testens per 1. November 2017.","og_url":"https:\/\/www.ringier.com\/de\/hannah-zaunmueller-wird-neue-head-human-resources-von-ringier\/","og_site_name":"Ringier","article_publisher":"https:\/\/www.facebook.com\/ringierag\/","article_published_time":"2017-04-28T14:28:00+00:00","article_modified_time":"2024-11-22T12:39:00+00:00","og_image":[{"width":922,"height":1382,"url":"https:\/\/www.ringier.com\/wp-content\/uploads\/2021\/10\/Hannah_Zaunmueller_0.jpg","type":"image\/jpeg"}],"author":"Ringier Corporate Communications","twitter_card":"summary_large_image","twitter_creator":"@ringier_ag","twitter_site":"@ringier_ag","twitter_misc":{"Verfasst von":"Ringier Corporate Communications","Gesch\u00e4tzte Lesezeit":"2 Minuten"},"schema":{"@context":"https:\/\/schema.org","@graph":[{"@type":"Article","@id":"https:\/\/www.ringier.com\/de\/hannah-zaunmueller-wird-neue-head-human-resources-von-ringier\/#article","isPartOf":{"@id":"https:\/\/www.ringier.com\/de\/hannah-zaunmueller-wird-neue-head-human-resources-von-ringier\/"},"author":{"name":"Ringier Corporate Communications","@id":"https:\/\/www.ringier.com\/de\/#\/schema\/person\/4cf76a308dc4b2bb5121bd1e7b752e52"},"headline":"Hannah Zaunm\u00fcller wird neue Head Human Resources von Ringier","datePublished":"2017-04-28T14:28:00+00:00","dateModified":"2024-11-22T12:39:00+00:00","mainEntityOfPage":{"@id":"https:\/\/www.ringier.com\/de\/hannah-zaunmueller-wird-neue-head-human-resources-von-ringier\/"},"wordCount":242,"publisher":{"@id":"https:\/\/www.ringier.com\/de\/#organization"},"image":{"@id":"https:\/\/www.ringier.com\/de\/hannah-zaunmueller-wird-neue-head-human-resources-von-ringier\/#primaryimage"},"thumbnailUrl":"https:\/\/www.ringier.com\/wp-content\/uploads\/2021\/10\/Hannah_Zaunmueller_0.jpg","articleSection":["Corporate"],"inLanguage":"de-DE"},{"@type":"WebPage","@id":"https:\/\/www.ringier.com\/de\/hannah-zaunmueller-wird-neue-head-human-resources-von-ringier\/","url":"https:\/\/www.ringier.com\/de\/hannah-zaunmueller-wird-neue-head-human-resources-von-ringier\/","name":"Hannah Zaunm\u00fcller wird neue Head Human Resources von Ringier - Ringier","isPartOf":{"@id":"https:\/\/www.ringier.com\/de\/#website"},"primaryImageOfPage":{"@id":"https:\/\/www.ringier.com\/de\/hannah-zaunmueller-wird-neue-head-human-resources-von-ringier\/#primaryimage"},"image":{"@id":"https:\/\/www.ringier.com\/de\/hannah-zaunmueller-wird-neue-head-human-resources-von-ringier\/#primaryimage"},"thumbnailUrl":"https:\/\/www.ringier.com\/wp-content\/uploads\/2021\/10\/Hannah_Zaunmueller_0.jpg","datePublished":"2017-04-28T14:28:00+00:00","dateModified":"2024-11-22T12:39:00+00:00","breadcrumb":{"@id":"https:\/\/www.ringier.com\/de\/hannah-zaunmueller-wird-neue-head-human-resources-von-ringier\/#breadcrumb"},"inLanguage":"de-DE","potentialAction":[{"@type":"ReadAction","target":["https:\/\/www.ringier.com\/de\/hannah-zaunmueller-wird-neue-head-human-resources-von-ringier\/"]}]},{"@type":"ImageObject","inLanguage":"de-DE","@id":"https:\/\/www.ringier.com\/de\/hannah-zaunmueller-wird-neue-head-human-resources-von-ringier\/#primaryimage","url":"https:\/\/www.ringier.com\/wp-content\/uploads\/2021\/10\/Hannah_Zaunmueller_0.jpg","contentUrl":"https:\/\/www.ringier.com\/wp-content\/uploads\/2021\/10\/Hannah_Zaunmueller_0.jpg","width":922,"height":1382},{"@type":"BreadcrumbList","@id":"https:\/\/www.ringier.com\/de\/hannah-zaunmueller-wird-neue-head-human-resources-von-ringier\/#breadcrumb","itemListElement":[{"@type":"ListItem","position":1,"name":"Home","item":"https:\/\/www.ringier.com\/de\/"},{"@type":"ListItem","position":2,"name":"Hannah Zaunm\u00fcller wird neue Head Human Resources von Ringier"}]},{"@type":"WebSite","@id":"https:\/\/www.ringier.com\/de\/#website","url":"https:\/\/www.ringier.com\/de\/","name":"Ringier","description":"We inform. We entertain. We connect","publisher":{"@id":"https:\/\/www.ringier.com\/de\/#organization"},"potentialAction":[{"@type":"SearchAction","target":{"@type":"EntryPoint","urlTemplate":"https:\/\/www.ringier.com\/de\/?s={search_term_string}"},"query-input":{"@type":"PropertyValueSpecification","valueRequired":true,"valueName":"search_term_string"}}],"inLanguage":"de-DE"},{"@type":"Organization","@id":"https:\/\/www.ringier.com\/de\/#organization","name":"Ringier","url":"https:\/\/www.ringier.com\/de\/","logo":{"@type":"ImageObject","inLanguage":"de-DE","@id":"https:\/\/www.ringier.com\/de\/#\/schema\/logo\/image\/","url":"https:\/\/www.ringier.com\/wp-content\/uploads\/2021\/10\/ringier_logo_2.jpg","contentUrl":"https:\/\/www.ringier.com\/wp-content\/uploads\/2021\/10\/ringier_logo_2.jpg","width":750,"height":550,"caption":"Ringier"},"image":{"@id":"https:\/\/www.ringier.com\/de\/#\/schema\/logo\/image\/"},"sameAs":["https:\/\/www.facebook.com\/ringierag\/","https:\/\/x.com\/ringier_ag","https:\/\/www.instagram.com\/ringier_ag\/","https:\/\/www.linkedin.com\/company\/ringier\/","https:\/\/www.youtube.com\/user\/RingierComm","https:\/\/en.wikipedia.org\/wiki\/Ringier","https:\/\/de.wikipedia.org\/wiki\/Ringier","https:\/\/fr.wikipedia.org\/wiki\/Ringier","https:\/\/www.crunchbase.com\/organization\/ringier-ag"]},{"@type":"Person","@id":"https:\/\/www.ringier.com\/de\/#\/schema\/person\/4cf76a308dc4b2bb5121bd1e7b752e52","name":"Ringier Corporate Communications","image":{"@type":"ImageObject","inLanguage":"de-DE","@id":"https:\/\/www.ringier.com\/de\/#\/schema\/person\/image\/","url":"https:\/\/secure.gravatar.com\/avatar\/9391e20481368d5df4fe3e1e476c13b27786347489822ec1ed07e532bb41f587?s=96&d=mm&r=g","contentUrl":"https:\/\/secure.gravatar.com\/avatar\/9391e20481368d5df4fe3e1e476c13b27786347489822ec1ed07e532bb41f587?s=96&d=mm&r=g","caption":"Ringier Corporate Communications"},"sameAs":["https:\/\/www.ringier.com"]}]}},"_links":{"self":[{"href":"https:\/\/www.ringier.com\/de\/wp-json\/wp\/v2\/posts\/10868","targetHints":{"allow":["GET"]}}],"collection":[{"href":"https:\/\/www.ringier.com\/de\/wp-json\/wp\/v2\/posts"}],"about":[{"href":"https:\/\/www.ringier.com\/de\/wp-json\/wp\/v2\/types\/post"}],"author":[{"embeddable":true,"href":"https:\/\/www.ringier.com\/de\/wp-json\/wp\/v2\/users\/23"}],"replies":[{"embeddable":true,"href":"https:\/\/www.ringier.com\/de\/wp-json\/wp\/v2\/comments?post=10868"}],"version-history":[{"count":0,"href":"https:\/\/www.ringier.com\/de\/wp-json\/wp\/v2\/posts\/10868\/revisions"}],"wp:featuredmedia":[{"embeddable":true,"href":"https:\/\/www.ringier.com\/de\/wp-json\/wp\/v2\/media\/10864"}],"wp:attachment":[{"href":"https:\/\/www.ringier.com\/de\/wp-json\/wp\/v2\/media?parent=10868"}],"wp:term":[{"taxonomy":"category","embeddable":true,"href":"https:\/\/www.ringier.com\/de\/wp-json\/wp\/v2\/categories?post=10868"},{"taxonomy":"post_tag","embeddable":true,"href":"https:\/\/www.ringier.com\/de\/wp-json\/wp\/v2\/tags?post=10868"}],"curies":[{"name":"wp","href":"https:\/\/api.w.org\/{rel}","templated":true}]}}